{"id":6562,"date":"2009-07-31T15:42:57","date_gmt":"2009-07-31T14:42:57","guid":{"rendered":"http:\/\/www.bellunopress.it\/?p=6562"},"modified":"2009-07-31T15:42:57","modified_gmt":"2009-07-31T14:42:57","slug":"cortina-incroda-oggi-gli-scoiattoli-illumineranno-la-via-jori-a-punta-fiames","status":"publish","type":"post","link":"https:\/\/www.bellunopress.it\/fr\/2009\/07\/31\/cortina-incroda-oggi-gli-scoiattoli-illumineranno-la-via-jori-a-punta-fiames\/","title":{"rendered":"Cortina InCroda: oggi gli Scoiattoli illumineranno la via Jori, a Punta Fiames"},"content":{"rendered":"<p>Franco Gaspari e Renato Sotsass, verso le 16 attaccheranno la via, portando con s\u00e9 le lampadine. Verso sera sar\u00e0 quindi possibile, guardando verso Fiames, vedere una striscia di luce. Un modo per ricordare i cento anni trascorsi dalla sua apertura e un modo per continuare a celebrare i Settanta anni degli Scoiattoli. Era il 21 agosto del 1909 quando la guida alpina di Canazei, Francesco Jori apr\u00ec la via. Poi gli Scoiattoli la ripercorsero innumerevoli volte. Un\u2019iniziativa che ha trovato il plauso di Lino Lacedelli, lo scoiattolo che nel 1954, il 31 luglio, arriv\u00f2 in vetta al K2 con il compianto Achille Compagnoni.\u00a0 \u00abQuesto giorno per me \u00e8 veramente speciale\u00bb, dichiara Lino, \u00abi ricordi sia del raggiungimento della vetta nel 1954, sia della spedizione degli Scoiattoli che 50 anni dopo, nel 2004, celebr\u00f2 quel mio risultato sono innumerevoli. Tante cose sono cambiate da allora, ma una cosa \u00e8 rimasta la stessa. Il sentimento di amicizia che lega noi Scoiattoli. Mi sono appena ripreso da un periodo di convalescenza\u00bb, racconta Lino, \u00abe purtroppo non sono potuto essere presente alle serate di \u201cCortina inCroda\u201d la rassegna che ha celebrato i Settanta anni del nostro sodalizio. I miei amici Scoiattoli mi hanno sempre aggiornato su tutto, mi hanno detto che le serate sono andate alla grande, che il pubblico usciva entusiasta. Ora sto meglio e finalmente al Party al rifugio Scoiattoli potr\u00f2 andare anche io\u00bb. Un 31 luglio carico di emozioni, di ricordi, di avvenimenti per gli Scoiattoli. Oggi come nel 2004 al rientro degli uomini dal maglione rosso dal K2 tutta Cortina si \u00e8 tinta, oggi come allora in tanti hanno partecipato a \u201cCortina inCroda\u201d per dimostrare l\u2019attaccamento e la stima agli Scoiattoli, oggi come allora alla festa del primo agosto ci sar\u00f2 tutto il paese e tanti turisti. Sar\u00e0 Party Verticale, che si terr\u00e0 domani 1\u00b0 agosto al rifugio Scoiattoli in Cinque Torri sonorizzato da Alessio Bertallot a chiudere la prima edizione di \u201cCortina inCroda\u201d, la rassegna dedicata al settantesimo anno di fondazione degli Scoiattoli. Musica, luci, video, colori, buffet, enrosadira e gli Scoiattoli in \u201ccroda\u201d. Dalle 19 alle Cinque Torri \u201cCortina inCroda\u201d\u00a0 propone Rosso Superlativo! Il Party Verticale da non perdere sulla terrazza dello storico rifugio Scoiattoli. Special guest della serata: Alessio Bertallott che direttamente da Radio DeeJay sonorizzer\u00e0 l\u2019atmosfera della terrazza del rifugio Scoiattoli.<br \/>\nParteciper\u00e0 anche dj Oxi il Rapper delle Dolomiti. Dal rifugio si potr\u00e0 vedere la Punta Jori illuminata che dar\u00e0 un ulteriore tocco di magia alla serata. Presso l\u2019Ufficio Informazioni del Consorzio \u201cCortina Turismo\u201d in piazza Roma \u00e8 aperta fino a sabato compreso la prenotazione dei biglietti per partecipare alla festa finale di \u201cCortina inCroda\u201d, il Party Verticale. Il biglietto costa 25 Euro e comprende la salita e la discesa in seggiovia, un gadget pensato dagli Scoiattoli per celebrare il loro settantesimo anno di nascita e la cena al rifugio Scoiattoli. La seggiovia delle Cinque Torri funzioner\u00e0 ininterrottamente dalle 19 alle 2 per garantire la salita e la discesa agli ospiti. In caso di maltempo la manifestazione sar\u00e0 annullata. Sar\u00e0 disponibile anche un servizio navetta, messo a disposizione da Radio Taxi. Dalle 18.30 da Piazza Roma i pulmini potranno portare gli ospiti alla partenza della funivia. Il trasferimento, disponibile anche per il rientro, costa 8 euro a persona solo andata e 16 euro andata e ritorno. (Radio Taxi: 0436-860 888). La giornata dedicata a \u201cCortina inCroda\u201d per celebrare il Settantesimo compleanno degli Scoiattoli avr\u00e0 inizio il primo agosto alle 12, in piazza Venezia, con il Freeze Flash Mob che per la prima volta sar\u00e0 realizzato a Cortina d\u2019Ampezzo. Andrea Gaspari, artista ampezzano di fama internazionale, propone un happening che vedr\u00e0 tutti i partecipanti immobili per due minuti e mezzo mentre al loro fianco continueranno a passare i turisti e i residenti. Tra i tanti che hanno aderito alla performance dell\u2019artista c\u2019\u00e8 anche il sindaco Andrea Franceschi che con la fascia tricolore rappresenter\u00e0 tutto il paese.<\/p>","protected":false},"excerpt":{"rendered":"<p>Franco Gaspari e Renato Sotsass, verso le 16 attaccheranno la via, portando con s\u00e9 le lampadine. Verso sera sar\u00e0 quindi possibile, guardando verso Fiames, vedere una striscia di luce. Un modo per ricordare i cento anni trascorsi dalla sua apertura e un modo per continuare a celebrare i Settanta anni degli Scoiattoli. Era il 21 [&hellip;]<\/p>\n","protected":false},"author":2,"featured_media":0,"comment_status":"closed","ping_status":"open","sticky":false,"template":"","format":"standard","meta":{"footnotes":""},"categories":[27,25],"tags":[63],"class_list":["post-6562","post","type-post","status-publish","format-standard","category-appuntamenti","category-pausa-caffe","tag-dolomiti"],"yoast_head":"<!-- This site is optimized with the Yoast SEO plugin v28.4 - https:\/\/yoast.com\/product\/yoast-seo-wordpress\/ -->\n<title>Cortina InCroda: oggi gli Scoiattoli illumineranno la via Jori, a Punta Fiames  - Bellunopress - Dolomiti<\/title>\n<meta name=\"robots\" content=\"index, follow, max-snippet:-1, max-image-preview:large, max-video-preview:-1\" \/>\n<link rel=\"canonical\" href=\"https:\/\/www.bellunopress.it\/fr\/2009\/07\/31\/cortina-incroda-oggi-gli-scoiattoli-illumineranno-la-via-jori-a-punta-fiames\/\" \/>\n<meta property=\"og:locale\" content=\"fr_FR\" \/>\n<meta property=\"og:type\" content=\"article\" \/>\n<meta property=\"og:title\" content=\"Cortina InCroda: oggi gli Scoiattoli illumineranno la via Jori, a Punta Fiames  - Bellunopress - Dolomiti\" \/>\n<meta property=\"og:description\" content=\"Franco Gaspari e Renato Sotsass, verso le 16 attaccheranno la via, portando con s\u00e9 le lampadine. Verso sera sar\u00e0 quindi possibile, guardando verso Fiames, vedere una striscia di luce. Un modo per ricordare i cento anni trascorsi dalla sua apertura e un modo per continuare a celebrare i Settanta anni degli Scoiattoli. Era il 21 [&hellip;]\" \/>\n<meta property=\"og:url\" content=\"https:\/\/www.bellunopress.it\/fr\/2009\/07\/31\/cortina-incroda-oggi-gli-scoiattoli-illumineranno-la-via-jori-a-punta-fiames\/\" \/>\n<meta property=\"og:site_name\" content=\"Bellunopress - Dolomiti\" \/>\n<meta property=\"article:publisher\" content=\"https:\/\/www.facebook.com\/profile.php?id=100008943462799\" \/>\n<meta property=\"article:published_time\" content=\"2009-07-31T14:42:57+00:00\" \/>\n<meta property=\"og:image\" content=\"http:\/\/www.bellunopress.it\/wp-content\/uploads\/2012\/07\/logo-bellunopress-250x250-2012.jpg\" \/>\n<meta name=\"author\" content=\"redazione\" \/>\n<meta name=\"twitter:card\" content=\"summary_large_image\" \/>\n<meta name=\"twitter:creator\" content=\"@bellunopress\" \/>\n<meta name=\"twitter:site\" content=\"@bellunopress\" \/>\n<meta name=\"twitter:label1\" content=\"Written by\" \/>\n\t<meta name=\"twitter:data1\" content=\"redazione\" \/>\n\t<meta name=\"twitter:label2\" content=\"Est. reading time\" \/>\n\t<meta name=\"twitter:data2\" content=\"3 minutes\" \/>\n<script type=\"application\/ld+json\" class=\"yoast-schema-graph\">{\"@context\":\"https:\\\/\\\/schema.org\",\"@graph\":[{\"@type\":\"Article\",\"@id\":\"https:\\\/\\\/www.bellunopress.it\\\/2009\\\/07\\\/31\\\/cortina-incroda-oggi-gli-scoiattoli-illumineranno-la-via-jori-a-punta-fiames\\\/#article\",\"isPartOf\":{\"@id\":\"https:\\\/\\\/www.bellunopress.it\\\/2009\\\/07\\\/31\\\/cortina-incroda-oggi-gli-scoiattoli-illumineranno-la-via-jori-a-punta-fiames\\\/\"},\"author\":{\"name\":\"redazione\",\"@id\":\"https:\\\/\\\/www.bellunopress.it\\\/#\\\/schema\\\/person\\\/79bb06722b37ece1c03d3e94beb30d73\"},\"headline\":\"Cortina InCroda: oggi gli Scoiattoli illumineranno la via Jori, a Punta Fiames\",\"datePublished\":\"2009-07-31T14:42:57+00:00\",\"mainEntityOfPage\":{\"@id\":\"https:\\\/\\\/www.bellunopress.it\\\/2009\\\/07\\\/31\\\/cortina-incroda-oggi-gli-scoiattoli-illumineranno-la-via-jori-a-punta-fiames\\\/\"},\"wordCount\":643,\"publisher\":{\"@id\":\"https:\\\/\\\/www.bellunopress.it\\\/#organization\"},\"keywords\":[\"Dolomiti\"],\"articleSection\":[\"Appuntamenti, Eventi\",\"Pausa Caff\u00e8\"],\"inLanguage\":\"fr-FR\"},{\"@type\":\"WebPage\",\"@id\":\"https:\\\/\\\/www.bellunopress.it\\\/2009\\\/07\\\/31\\\/cortina-incroda-oggi-gli-scoiattoli-illumineranno-la-via-jori-a-punta-fiames\\\/\",\"url\":\"https:\\\/\\\/www.bellunopress.it\\\/2009\\\/07\\\/31\\\/cortina-incroda-oggi-gli-scoiattoli-illumineranno-la-via-jori-a-punta-fiames\\\/\",\"name\":\"Cortina InCroda: oggi gli Scoiattoli illumineranno la via Jori, a Punta Fiames - Bellunopress - Dolomiti\",\"isPartOf\":{\"@id\":\"https:\\\/\\\/www.bellunopress.it\\\/#website\"},\"datePublished\":\"2009-07-31T14:42:57+00:00\",\"breadcrumb\":{\"@id\":\"https:\\\/\\\/www.bellunopress.it\\\/2009\\\/07\\\/31\\\/cortina-incroda-oggi-gli-scoiattoli-illumineranno-la-via-jori-a-punta-fiames\\\/#breadcrumb\"},\"inLanguage\":\"fr-FR\",\"potentialAction\":[{\"@type\":\"ReadAction\",\"target\":[\"https:\\\/\\\/www.bellunopress.it\\\/2009\\\/07\\\/31\\\/cortina-incroda-oggi-gli-scoiattoli-illumineranno-la-via-jori-a-punta-fiames\\\/\"]}]},{\"@type\":\"BreadcrumbList\",\"@id\":\"https:\\\/\\\/www.bellunopress.it\\\/2009\\\/07\\\/31\\\/cortina-incroda-oggi-gli-scoiattoli-illumineranno-la-via-jori-a-punta-fiames\\\/#breadcrumb\",\"itemListElement\":[{\"@type\":\"ListItem\",\"position\":1,\"name\":\"Home\",\"item\":\"https:\\\/\\\/www.bellunopress.it\\\/\"},{\"@type\":\"ListItem\",\"position\":2,\"name\":\"Cortina InCroda: oggi gli Scoiattoli illumineranno la via Jori, a Punta Fiames\"}]},{\"@type\":\"WebSite\",\"@id\":\"https:\\\/\\\/www.bellunopress.it\\\/#website\",\"url\":\"https:\\\/\\\/www.bellunopress.it\\\/\",\"name\":\"Bellunopress - Dolomiti\",\"description\":\"e-mail: redazione@bellunopress.it\",\"publisher\":{\"@id\":\"https:\\\/\\\/www.bellunopress.it\\\/#organization\"},\"potentialAction\":[{\"@type\":\"SearchAction\",\"target\":{\"@type\":\"EntryPoint\",\"urlTemplate\":\"https:\\\/\\\/www.bellunopress.it\\\/?s={search_term_string}\"},\"query-input\":{\"@type\":\"PropertyValueSpecification\",\"valueRequired\":true,\"valueName\":\"search_term_string\"}}],\"inLanguage\":\"fr-FR\"},{\"@type\":\"Organization\",\"@id\":\"https:\\\/\\\/www.bellunopress.it\\\/#organization\",\"name\":\"Bellunopress\",\"url\":\"https:\\\/\\\/www.bellunopress.it\\\/\",\"logo\":{\"@type\":\"ImageObject\",\"inLanguage\":\"fr-FR\",\"@id\":\"https:\\\/\\\/www.bellunopress.it\\\/#\\\/schema\\\/logo\\\/image\\\/\",\"url\":\"https:\\\/\\\/www.bellunopress.it\\\/wp-content\\\/uploads\\\/2011\\\/05\\\/cropped-logo-bellunopress-.jpg\",\"contentUrl\":\"https:\\\/\\\/www.bellunopress.it\\\/wp-content\\\/uploads\\\/2011\\\/05\\\/cropped-logo-bellunopress-.jpg\",\"width\":512,\"height\":512,\"caption\":\"Bellunopress\"},\"image\":{\"@id\":\"https:\\\/\\\/www.bellunopress.it\\\/#\\\/schema\\\/logo\\\/image\\\/\"},\"sameAs\":[\"https:\\\/\\\/www.facebook.com\\\/profile.php?id=100008943462799\",\"https:\\\/\\\/x.com\\\/bellunopress\",\"https:\\\/\\\/www.linkedin.com\\\/hp\\\/?dnr=JBzUWaJfMUw8vbXJJ2tVW5-I3jZKvC4wsoxE&amp;amp;amp;amp;amp;amp;trk=nav_responsive_tab_home\",\"https:\\\/\\\/www.youtube.com\\\/channel\\\/UCxL0wu1uN0_3_7hGG0306cw\"]},{\"@type\":\"Person\",\"@id\":\"https:\\\/\\\/www.bellunopress.it\\\/#\\\/schema\\\/person\\\/79bb06722b37ece1c03d3e94beb30d73\",\"name\":\"redazione\",\"image\":{\"@type\":\"ImageObject\",\"inLanguage\":\"fr-FR\",\"@id\":\"https:\\\/\\\/secure.gravatar.com\\\/avatar\\\/37d968a2e67a6fd04c169c4bdef102d0bc5d31b2546345219e348575eb80e9a0?s=96&d=mm&r=g\",\"url\":\"https:\\\/\\\/secure.gravatar.com\\\/avatar\\\/37d968a2e67a6fd04c169c4bdef102d0bc5d31b2546345219e348575eb80e9a0?s=96&d=mm&r=g\",\"contentUrl\":\"https:\\\/\\\/secure.gravatar.com\\\/avatar\\\/37d968a2e67a6fd04c169c4bdef102d0bc5d31b2546345219e348575eb80e9a0?s=96&d=mm&r=g\",\"caption\":\"redazione\"},\"sameAs\":[\"http:\\\/\\\/www.bellunopress.it\",\"https:\\\/\\\/x.com\\\/bellunopress\"],\"url\":\"https:\\\/\\\/www.bellunopress.it\\\/fr\\\/author\\\/redazione\\\/\"}]}<\/script>\n<!-- \/ Yoast SEO plugin. -->","yoast_head_json":{"title":"Cortina InCroda: oggi gli Scoiattoli illumineranno la via Jori, a Punta Fiames  - Bellunopress - Dolomiti","robots":{"index":"index","follow":"follow","max-snippet":"max-snippet:-1","max-image-preview":"max-image-preview:large","max-video-preview":"max-video-preview:-1"},"canonical":"https:\/\/www.bellunopress.it\/fr\/2009\/07\/31\/cortina-incroda-oggi-gli-scoiattoli-illumineranno-la-via-jori-a-punta-fiames\/","og_locale":"fr_FR","og_type":"article","og_title":"Cortina InCroda: oggi gli Scoiattoli illumineranno la via Jori, a Punta Fiames  - Bellunopress - Dolomiti","og_description":"Franco Gaspari e Renato Sotsass, verso le 16 attaccheranno la via, portando con s\u00e9 le lampadine. Verso sera sar\u00e0 quindi possibile, guardando verso Fiames, vedere una striscia di luce. Un modo per ricordare i cento anni trascorsi dalla sua apertura e un modo per continuare a celebrare i Settanta anni degli Scoiattoli. Era il 21 [&hellip;]","og_url":"https:\/\/www.bellunopress.it\/fr\/2009\/07\/31\/cortina-incroda-oggi-gli-scoiattoli-illumineranno-la-via-jori-a-punta-fiames\/","og_site_name":"Bellunopress - Dolomiti","article_publisher":"https:\/\/www.facebook.com\/profile.php?id=100008943462799","article_published_time":"2009-07-31T14:42:57+00:00","og_image":[{"url":"http:\/\/www.bellunopress.it\/wp-content\/uploads\/2012\/07\/logo-bellunopress-250x250-2012.jpg","type":"","width":"","height":""}],"author":"redazione","twitter_card":"summary_large_image","twitter_creator":"@bellunopress","twitter_site":"@bellunopress","twitter_misc":{"Written by":"redazione","Est. reading time":"3 minutes"},"schema":{"@context":"https:\/\/schema.org","@graph":[{"@type":"Article","@id":"https:\/\/www.bellunopress.it\/2009\/07\/31\/cortina-incroda-oggi-gli-scoiattoli-illumineranno-la-via-jori-a-punta-fiames\/#article","isPartOf":{"@id":"https:\/\/www.bellunopress.it\/2009\/07\/31\/cortina-incroda-oggi-gli-scoiattoli-illumineranno-la-via-jori-a-punta-fiames\/"},"author":{"name":"redazione","@id":"https:\/\/www.bellunopress.it\/#\/schema\/person\/79bb06722b37ece1c03d3e94beb30d73"},"headline":"Cortina InCroda: oggi gli Scoiattoli illumineranno la via Jori, a Punta Fiames","datePublished":"2009-07-31T14:42:57+00:00","mainEntityOfPage":{"@id":"https:\/\/www.bellunopress.it\/2009\/07\/31\/cortina-incroda-oggi-gli-scoiattoli-illumineranno-la-via-jori-a-punta-fiames\/"},"wordCount":643,"publisher":{"@id":"https:\/\/www.bellunopress.it\/#organization"},"keywords":["Dolomiti"],"articleSection":["Appuntamenti, Eventi","Pausa Caff\u00e8"],"inLanguage":"fr-FR"},{"@type":"WebPage","@id":"https:\/\/www.bellunopress.it\/2009\/07\/31\/cortina-incroda-oggi-gli-scoiattoli-illumineranno-la-via-jori-a-punta-fiames\/","url":"https:\/\/www.bellunopress.it\/2009\/07\/31\/cortina-incroda-oggi-gli-scoiattoli-illumineranno-la-via-jori-a-punta-fiames\/","name":"Cortina InCroda: oggi gli Scoiattoli illumineranno la via Jori, a Punta Fiames - Bellunopress - Dolomiti","isPartOf":{"@id":"https:\/\/www.bellunopress.it\/#website"},"datePublished":"2009-07-31T14:42:57+00:00","breadcrumb":{"@id":"https:\/\/www.bellunopress.it\/2009\/07\/31\/cortina-incroda-oggi-gli-scoiattoli-illumineranno-la-via-jori-a-punta-fiames\/#breadcrumb"},"inLanguage":"fr-FR","potentialAction":[{"@type":"ReadAction","target":["https:\/\/www.bellunopress.it\/2009\/07\/31\/cortina-incroda-oggi-gli-scoiattoli-illumineranno-la-via-jori-a-punta-fiames\/"]}]},{"@type":"BreadcrumbList","@id":"https:\/\/www.bellunopress.it\/2009\/07\/31\/cortina-incroda-oggi-gli-scoiattoli-illumineranno-la-via-jori-a-punta-fiames\/#breadcrumb","itemListElement":[{"@type":"ListItem","position":1,"name":"Home","item":"https:\/\/www.bellunopress.it\/"},{"@type":"ListItem","position":2,"name":"Cortina InCroda: oggi gli Scoiattoli illumineranno la via Jori, a Punta Fiames"}]},{"@type":"WebSite","@id":"https:\/\/www.bellunopress.it\/#website","url":"https:\/\/www.bellunopress.it\/","name":"Bellunopress - Dolomiti","description":"e-mail: redazione@bellunopress.it","publisher":{"@id":"https:\/\/www.bellunopress.it\/#organization"},"potentialAction":[{"@type":"SearchAction","target":{"@type":"EntryPoint","urlTemplate":"https:\/\/www.bellunopress.it\/?s={search_term_string}"},"query-input":{"@type":"PropertyValueSpecification","valueRequired":true,"valueName":"search_term_string"}}],"inLanguage":"fr-FR"},{"@type":"Organization","@id":"https:\/\/www.bellunopress.it\/#organization","name":"Bellunopress","url":"https:\/\/www.bellunopress.it\/","logo":{"@type":"ImageObject","inLanguage":"fr-FR","@id":"https:\/\/www.bellunopress.it\/#\/schema\/logo\/image\/","url":"https:\/\/www.bellunopress.it\/wp-content\/uploads\/2011\/05\/cropped-logo-bellunopress-.jpg","contentUrl":"https:\/\/www.bellunopress.it\/wp-content\/uploads\/2011\/05\/cropped-logo-bellunopress-.jpg","width":512,"height":512,"caption":"Bellunopress"},"image":{"@id":"https:\/\/www.bellunopress.it\/#\/schema\/logo\/image\/"},"sameAs":["https:\/\/www.facebook.com\/profile.php?id=100008943462799","https:\/\/x.com\/bellunopress","https:\/\/www.linkedin.com\/hp\/?dnr=JBzUWaJfMUw8vbXJJ2tVW5-I3jZKvC4wsoxE&amp;amp;amp;amp;amp;amp;trk=nav_responsive_tab_home","https:\/\/www.youtube.com\/channel\/UCxL0wu1uN0_3_7hGG0306cw"]},{"@type":"Person","@id":"https:\/\/www.bellunopress.it\/#\/schema\/person\/79bb06722b37ece1c03d3e94beb30d73","name":"r\u00e9daction","image":{"@type":"ImageObject","inLanguage":"fr-FR","@id":"https:\/\/secure.gravatar.com\/avatar\/37d968a2e67a6fd04c169c4bdef102d0bc5d31b2546345219e348575eb80e9a0?s=96&d=mm&r=g","url":"https:\/\/secure.gravatar.com\/avatar\/37d968a2e67a6fd04c169c4bdef102d0bc5d31b2546345219e348575eb80e9a0?s=96&d=mm&r=g","contentUrl":"https:\/\/secure.gravatar.com\/avatar\/37d968a2e67a6fd04c169c4bdef102d0bc5d31b2546345219e348575eb80e9a0?s=96&d=mm&r=g","caption":"redazione"},"sameAs":["http:\/\/www.bellunopress.it","https:\/\/x.com\/bellunopress"],"url":"https:\/\/www.bellunopress.it\/fr\/author\/redazione\/"}]}},"_links":{"self":[{"href":"https:\/\/www.bellunopress.it\/fr\/wp-json\/wp\/v2\/posts\/6562","targetHints":{"allow":["GET"]}}],"collection":[{"href":"https:\/\/www.bellunopress.it\/fr\/wp-json\/wp\/v2\/posts"}],"about":[{"href":"https:\/\/www.bellunopress.it\/fr\/wp-json\/wp\/v2\/types\/post"}],"author":[{"embeddable":true,"href":"https:\/\/www.bellunopress.it\/fr\/wp-json\/wp\/v2\/users\/2"}],"replies":[{"embeddable":true,"href":"https:\/\/www.bellunopress.it\/fr\/wp-json\/wp\/v2\/comments?post=6562"}],"version-history":[{"count":1,"href":"https:\/\/www.bellunopress.it\/fr\/wp-json\/wp\/v2\/posts\/6562\/revisions"}],"predecessor-version":[{"id":6563,"href":"https:\/\/www.bellunopress.it\/fr\/wp-json\/wp\/v2\/posts\/6562\/revisions\/6563"}],"wp:attachment":[{"href":"https:\/\/www.bellunopress.it\/fr\/wp-json\/wp\/v2\/media?parent=6562"}],"wp:term":[{"taxonomy":"category","embeddable":true,"href":"https:\/\/www.bellunopress.it\/fr\/wp-json\/wp\/v2\/categories?post=6562"},{"taxonomy":"post_tag","embeddable":true,"href":"https:\/\/www.bellunopress.it\/fr\/wp-json\/wp\/v2\/tags?post=6562"}],"curies":[{"name":"wp","href":"https:\/\/api.w.org\/{rel}","templated":true}]}}