{"id":6556,"date":"2009-07-31T15:08:03","date_gmt":"2009-07-31T14:08:03","guid":{"rendered":"http:\/\/www.bellunopress.it\/?p=6556"},"modified":"2009-07-31T15:08:03","modified_gmt":"2009-07-31T14:08:03","slug":"acqua-non-potabile-nel-feltrino-gorna-moline-sorriva-sassi-bettola-e-faller","status":"publish","type":"post","link":"https:\/\/www.bellunopress.it\/fr\/2009\/07\/31\/acqua-non-potabile-nel-feltrino-gorna-moline-sorriva-sassi-bettola-e-faller\/","title":{"rendered":"Acqua non potabile nel feltrino: Gorna-Moline, Sorriva-Sassi, Bettola e Faller"},"content":{"rendered":"<p>Gestione Servizi Pubblici informa che l&#8217;acqua non \u00e8 potabile a Sovramonte nelle\u00a0 localit\u00e0 di Gorna &#8211; Moline, Sorriva \u2013 Sassi, Bettola e Faller e per tale motivo l\u2019acqua non pu\u00f2 essere utilizzata per scopi alimentari. Lo ha comunicato nella tarda mattina di oggi, venerd\u00ec 31 luglio,\u00a0l\u2019Ulss di Feltre con una nota trasmessa via fax a Gestione Servizi Pubblici. Sono risultati positivi, infatti, per la presenza di batteri alcuni i campioni d\u2019acqua prelevati in cinque diversi acquedotti comunali. Il maltempo, come di consueto, l\u2019origine della contaminazione. Tempestivo l\u2019intervento di Gestione Servizi Pubblici, che ha gi\u00e0 provveduto a disinfettare con il cloro l\u2019acqua presente nei serbatoi e nella rete idrica. Il divieto di utilizzare l\u2019acqua, che interessa circa 300 utenze, \u00e8 limitato all\u2019uso alimentare umano (ad esempio per cuocere i cibi, bere, ecc.), mentre sono consentiti gli usi igienico-sanitari (lavaggio di superfici, delle stoviglie ed indumenti, lavaggio della persona incluso lavaggio denti, lavaggio verdure, ecc.). Nel corso della settimana prossima saranno prelevati nuovi campioni d\u2019acqua e solo gli esiti potranno confermare se le misure adottate da GSP saranno servite a ripristinare la potabilit\u00e0. GSP, come di consueto, ha provveduto ad avvisare la popolazione interessata con avvisi informativi, telefonate con messaggio preregistrato agli utenti presenti nell\u2019elenco telefonico ed SMS su cellulare \u2013 che ricordiamo \u00e8 attivabile gratuitamente da tutti collegandosi al sito <a href=\"http:\/\/www.gestioneservizipubblici.bl.it\">www.gestioneservizipubblici.bl.it<\/a>.<\/p>","protected":false},"excerpt":{"rendered":"<p>Gestione Servizi Pubblici informa che l&#8217;acqua non \u00e8 potabile a Sovramonte nelle\u00a0 localit\u00e0 di Gorna &#8211; Moline, Sorriva \u2013 Sassi, Bettola e Faller e per tale motivo l\u2019acqua non pu\u00f2 essere utilizzata per scopi alimentari. Lo ha comunicato nella tarda mattina di oggi, venerd\u00ec 31 luglio,\u00a0l\u2019Ulss di Feltre con una nota trasmessa via fax a [&hellip;]<\/p>\n","protected":false},"author":2,"featured_media":0,"comment_status":"closed","ping_status":"open","sticky":false,"template":"","format":"standard","meta":{"footnotes":""},"categories":[5,26],"tags":[302,2261],"class_list":["post-6556","post","type-post","status-publish","format-standard","category-cronaca","category-prima-pagina","tag-feltre","tag-feltrino"],"yoast_head":"<!-- This site is optimized with the Yoast SEO plugin v28.4 - https:\/\/yoast.com\/product\/yoast-seo-wordpress\/ -->\n<title>Acqua non potabile nel feltrino: Gorna-Moline, Sorriva-Sassi, Bettola e Faller - Bellunopress - Dolomiti<\/title>\n<meta name=\"robots\" content=\"index, follow, max-snippet:-1, max-image-preview:large, max-video-preview:-1\" \/>\n<link rel=\"canonical\" href=\"https:\/\/www.bellunopress.it\/fr\/2009\/07\/31\/acqua-non-potabile-nel-feltrino-gorna-moline-sorriva-sassi-bettola-e-faller\/\" \/>\n<meta property=\"og:locale\" content=\"fr_FR\" \/>\n<meta property=\"og:type\" content=\"article\" \/>\n<meta property=\"og:title\" content=\"Acqua non potabile nel feltrino: Gorna-Moline, Sorriva-Sassi, Bettola e Faller - Bellunopress - Dolomiti\" \/>\n<meta property=\"og:description\" content=\"Gestione Servizi Pubblici informa che l&#8217;acqua non \u00e8 potabile a Sovramonte nelle\u00a0 localit\u00e0 di Gorna &#8211; Moline, Sorriva \u2013 Sassi, Bettola e Faller e per tale motivo l\u2019acqua non pu\u00f2 essere utilizzata per scopi alimentari. Lo ha comunicato nella tarda mattina di oggi, venerd\u00ec 31 luglio,\u00a0l\u2019Ulss di Feltre con una nota trasmessa via fax a [&hellip;]\" \/>\n<meta property=\"og:url\" content=\"https:\/\/www.bellunopress.it\/fr\/2009\/07\/31\/acqua-non-potabile-nel-feltrino-gorna-moline-sorriva-sassi-bettola-e-faller\/\" \/>\n<meta property=\"og:site_name\" content=\"Bellunopress - Dolomiti\" \/>\n<meta property=\"article:publisher\" content=\"https:\/\/www.facebook.com\/profile.php?id=100008943462799\" \/>\n<meta property=\"article:published_time\" content=\"2009-07-31T14:08:03+00:00\" \/>\n<meta property=\"og:image\" content=\"http:\/\/www.bellunopress.it\/wp-content\/uploads\/2012\/07\/logo-bellunopress-250x250-2012.jpg\" \/>\n<meta name=\"author\" content=\"redazione\" \/>\n<meta name=\"twitter:card\" content=\"summary_large_image\" \/>\n<meta name=\"twitter:creator\" content=\"@bellunopress\" \/>\n<meta name=\"twitter:site\" content=\"@bellunopress\" \/>\n<meta name=\"twitter:label1\" content=\"\u00c9crit par\" \/>\n\t<meta name=\"twitter:data1\" content=\"redazione\" \/>\n\t<meta name=\"twitter:label2\" content=\"Dur\u00e9e de lecture estim\u00e9e\" \/>\n\t<meta name=\"twitter:data2\" content=\"1 minute\" \/>\n<script type=\"application\/ld+json\" class=\"yoast-schema-graph\">{\"@context\":\"https:\\\/\\\/schema.org\",\"@graph\":[{\"@type\":\"Article\",\"@id\":\"https:\\\/\\\/www.bellunopress.it\\\/2009\\\/07\\\/31\\\/acqua-non-potabile-nel-feltrino-gorna-moline-sorriva-sassi-bettola-e-faller\\\/#article\",\"isPartOf\":{\"@id\":\"https:\\\/\\\/www.bellunopress.it\\\/2009\\\/07\\\/31\\\/acqua-non-potabile-nel-feltrino-gorna-moline-sorriva-sassi-bettola-e-faller\\\/\"},\"author\":{\"name\":\"redazione\",\"@id\":\"https:\\\/\\\/www.bellunopress.it\\\/#\\\/schema\\\/person\\\/79bb06722b37ece1c03d3e94beb30d73\"},\"headline\":\"Acqua non potabile nel feltrino: Gorna-Moline, Sorriva-Sassi, Bettola e Faller\",\"datePublished\":\"2009-07-31T14:08:03+00:00\",\"mainEntityOfPage\":{\"@id\":\"https:\\\/\\\/www.bellunopress.it\\\/2009\\\/07\\\/31\\\/acqua-non-potabile-nel-feltrino-gorna-moline-sorriva-sassi-bettola-e-faller\\\/\"},\"wordCount\":238,\"publisher\":{\"@id\":\"https:\\\/\\\/www.bellunopress.it\\\/#organization\"},\"keywords\":[\"Feltre\",\"feltrino\"],\"articleSection\":[\"Cronaca\\\/Politica\",\"Prima Pagina\"],\"inLanguage\":\"fr-FR\"},{\"@type\":\"WebPage\",\"@id\":\"https:\\\/\\\/www.bellunopress.it\\\/2009\\\/07\\\/31\\\/acqua-non-potabile-nel-feltrino-gorna-moline-sorriva-sassi-bettola-e-faller\\\/\",\"url\":\"https:\\\/\\\/www.bellunopress.it\\\/2009\\\/07\\\/31\\\/acqua-non-potabile-nel-feltrino-gorna-moline-sorriva-sassi-bettola-e-faller\\\/\",\"name\":\"Acqua non potabile nel feltrino: Gorna-Moline, Sorriva-Sassi, Bettola e Faller - Bellunopress - Dolomiti\",\"isPartOf\":{\"@id\":\"https:\\\/\\\/www.bellunopress.it\\\/#website\"},\"datePublished\":\"2009-07-31T14:08:03+00:00\",\"breadcrumb\":{\"@id\":\"https:\\\/\\\/www.bellunopress.it\\\/2009\\\/07\\\/31\\\/acqua-non-potabile-nel-feltrino-gorna-moline-sorriva-sassi-bettola-e-faller\\\/#breadcrumb\"},\"inLanguage\":\"fr-FR\",\"potentialAction\":[{\"@type\":\"ReadAction\",\"target\":[\"https:\\\/\\\/www.bellunopress.it\\\/2009\\\/07\\\/31\\\/acqua-non-potabile-nel-feltrino-gorna-moline-sorriva-sassi-bettola-e-faller\\\/\"]}]},{\"@type\":\"BreadcrumbList\",\"@id\":\"https:\\\/\\\/www.bellunopress.it\\\/2009\\\/07\\\/31\\\/acqua-non-potabile-nel-feltrino-gorna-moline-sorriva-sassi-bettola-e-faller\\\/#breadcrumb\",\"itemListElement\":[{\"@type\":\"ListItem\",\"position\":1,\"name\":\"Home\",\"item\":\"https:\\\/\\\/www.bellunopress.it\\\/\"},{\"@type\":\"ListItem\",\"position\":2,\"name\":\"Acqua non potabile nel feltrino: Gorna-Moline, Sorriva-Sassi, Bettola e Faller\"}]},{\"@type\":\"WebSite\",\"@id\":\"https:\\\/\\\/www.bellunopress.it\\\/#website\",\"url\":\"https:\\\/\\\/www.bellunopress.it\\\/\",\"name\":\"Bellunopress - Dolomiti\",\"description\":\"e-mail: redazione@bellunopress.it\",\"publisher\":{\"@id\":\"https:\\\/\\\/www.bellunopress.it\\\/#organization\"},\"potentialAction\":[{\"@type\":\"SearchAction\",\"target\":{\"@type\":\"EntryPoint\",\"urlTemplate\":\"https:\\\/\\\/www.bellunopress.it\\\/?s={search_term_string}\"},\"query-input\":{\"@type\":\"PropertyValueSpecification\",\"valueRequired\":true,\"valueName\":\"search_term_string\"}}],\"inLanguage\":\"fr-FR\"},{\"@type\":\"Organization\",\"@id\":\"https:\\\/\\\/www.bellunopress.it\\\/#organization\",\"name\":\"Bellunopress\",\"url\":\"https:\\\/\\\/www.bellunopress.it\\\/\",\"logo\":{\"@type\":\"ImageObject\",\"inLanguage\":\"fr-FR\",\"@id\":\"https:\\\/\\\/www.bellunopress.it\\\/#\\\/schema\\\/logo\\\/image\\\/\",\"url\":\"https:\\\/\\\/www.bellunopress.it\\\/wp-content\\\/uploads\\\/2011\\\/05\\\/cropped-logo-bellunopress-.jpg\",\"contentUrl\":\"https:\\\/\\\/www.bellunopress.it\\\/wp-content\\\/uploads\\\/2011\\\/05\\\/cropped-logo-bellunopress-.jpg\",\"width\":512,\"height\":512,\"caption\":\"Bellunopress\"},\"image\":{\"@id\":\"https:\\\/\\\/www.bellunopress.it\\\/#\\\/schema\\\/logo\\\/image\\\/\"},\"sameAs\":[\"https:\\\/\\\/www.facebook.com\\\/profile.php?id=100008943462799\",\"https:\\\/\\\/x.com\\\/bellunopress\",\"https:\\\/\\\/www.linkedin.com\\\/hp\\\/?dnr=JBzUWaJfMUw8vbXJJ2tVW5-I3jZKvC4wsoxE&amp;amp;amp;amp;amp;amp;trk=nav_responsive_tab_home\",\"https:\\\/\\\/www.youtube.com\\\/channel\\\/UCxL0wu1uN0_3_7hGG0306cw\"]},{\"@type\":\"Person\",\"@id\":\"https:\\\/\\\/www.bellunopress.it\\\/#\\\/schema\\\/person\\\/79bb06722b37ece1c03d3e94beb30d73\",\"name\":\"redazione\",\"image\":{\"@type\":\"ImageObject\",\"inLanguage\":\"fr-FR\",\"@id\":\"https:\\\/\\\/secure.gravatar.com\\\/avatar\\\/37d968a2e67a6fd04c169c4bdef102d0bc5d31b2546345219e348575eb80e9a0?s=96&d=mm&r=g\",\"url\":\"https:\\\/\\\/secure.gravatar.com\\\/avatar\\\/37d968a2e67a6fd04c169c4bdef102d0bc5d31b2546345219e348575eb80e9a0?s=96&d=mm&r=g\",\"contentUrl\":\"https:\\\/\\\/secure.gravatar.com\\\/avatar\\\/37d968a2e67a6fd04c169c4bdef102d0bc5d31b2546345219e348575eb80e9a0?s=96&d=mm&r=g\",\"caption\":\"redazione\"},\"sameAs\":[\"http:\\\/\\\/www.bellunopress.it\",\"https:\\\/\\\/x.com\\\/bellunopress\"],\"url\":\"https:\\\/\\\/www.bellunopress.it\\\/fr\\\/author\\\/redazione\\\/\"}]}<\/script>\n<!-- \/ Yoast SEO plugin. -->","yoast_head_json":{"title":"Acqua non potabile nel feltrino: Gorna-Moline, Sorriva-Sassi, Bettola e Faller - Bellunopress - Dolomiti","robots":{"index":"index","follow":"follow","max-snippet":"max-snippet:-1","max-image-preview":"max-image-preview:large","max-video-preview":"max-video-preview:-1"},"canonical":"https:\/\/www.bellunopress.it\/fr\/2009\/07\/31\/acqua-non-potabile-nel-feltrino-gorna-moline-sorriva-sassi-bettola-e-faller\/","og_locale":"fr_FR","og_type":"article","og_title":"Acqua non potabile nel feltrino: Gorna-Moline, Sorriva-Sassi, Bettola e Faller - Bellunopress - Dolomiti","og_description":"Gestione Servizi Pubblici informa che l&#8217;acqua non \u00e8 potabile a Sovramonte nelle\u00a0 localit\u00e0 di Gorna &#8211; Moline, Sorriva \u2013 Sassi, Bettola e Faller e per tale motivo l\u2019acqua non pu\u00f2 essere utilizzata per scopi alimentari. Lo ha comunicato nella tarda mattina di oggi, venerd\u00ec 31 luglio,\u00a0l\u2019Ulss di Feltre con una nota trasmessa via fax a [&hellip;]","og_url":"https:\/\/www.bellunopress.it\/fr\/2009\/07\/31\/acqua-non-potabile-nel-feltrino-gorna-moline-sorriva-sassi-bettola-e-faller\/","og_site_name":"Bellunopress - Dolomiti","article_publisher":"https:\/\/www.facebook.com\/profile.php?id=100008943462799","article_published_time":"2009-07-31T14:08:03+00:00","og_image":[{"url":"http:\/\/www.bellunopress.it\/wp-content\/uploads\/2012\/07\/logo-bellunopress-250x250-2012.jpg","type":"","width":"","height":""}],"author":"redazione","twitter_card":"summary_large_image","twitter_creator":"@bellunopress","twitter_site":"@bellunopress","twitter_misc":{"\u00c9crit par":"redazione","Dur\u00e9e de lecture estim\u00e9e":"1 minute"},"schema":{"@context":"https:\/\/schema.org","@graph":[{"@type":"Article","@id":"https:\/\/www.bellunopress.it\/2009\/07\/31\/acqua-non-potabile-nel-feltrino-gorna-moline-sorriva-sassi-bettola-e-faller\/#article","isPartOf":{"@id":"https:\/\/www.bellunopress.it\/2009\/07\/31\/acqua-non-potabile-nel-feltrino-gorna-moline-sorriva-sassi-bettola-e-faller\/"},"author":{"name":"redazione","@id":"https:\/\/www.bellunopress.it\/#\/schema\/person\/79bb06722b37ece1c03d3e94beb30d73"},"headline":"Acqua non potabile nel feltrino: Gorna-Moline, Sorriva-Sassi, Bettola e Faller","datePublished":"2009-07-31T14:08:03+00:00","mainEntityOfPage":{"@id":"https:\/\/www.bellunopress.it\/2009\/07\/31\/acqua-non-potabile-nel-feltrino-gorna-moline-sorriva-sassi-bettola-e-faller\/"},"wordCount":238,"publisher":{"@id":"https:\/\/www.bellunopress.it\/#organization"},"keywords":["Feltre","feltrino"],"articleSection":["Cronaca\/Politica","Prima Pagina"],"inLanguage":"fr-FR"},{"@type":"WebPage","@id":"https:\/\/www.bellunopress.it\/2009\/07\/31\/acqua-non-potabile-nel-feltrino-gorna-moline-sorriva-sassi-bettola-e-faller\/","url":"https:\/\/www.bellunopress.it\/2009\/07\/31\/acqua-non-potabile-nel-feltrino-gorna-moline-sorriva-sassi-bettola-e-faller\/","name":"Acqua non potabile nel feltrino: Gorna-Moline, Sorriva-Sassi, Bettola e Faller - Bellunopress - Dolomiti","isPartOf":{"@id":"https:\/\/www.bellunopress.it\/#website"},"datePublished":"2009-07-31T14:08:03+00:00","breadcrumb":{"@id":"https:\/\/www.bellunopress.it\/2009\/07\/31\/acqua-non-potabile-nel-feltrino-gorna-moline-sorriva-sassi-bettola-e-faller\/#breadcrumb"},"inLanguage":"fr-FR","potentialAction":[{"@type":"ReadAction","target":["https:\/\/www.bellunopress.it\/2009\/07\/31\/acqua-non-potabile-nel-feltrino-gorna-moline-sorriva-sassi-bettola-e-faller\/"]}]},{"@type":"BreadcrumbList","@id":"https:\/\/www.bellunopress.it\/2009\/07\/31\/acqua-non-potabile-nel-feltrino-gorna-moline-sorriva-sassi-bettola-e-faller\/#breadcrumb","itemListElement":[{"@type":"ListItem","position":1,"name":"Home","item":"https:\/\/www.bellunopress.it\/"},{"@type":"ListItem","position":2,"name":"Acqua non potabile nel feltrino: Gorna-Moline, Sorriva-Sassi, Bettola e Faller"}]},{"@type":"WebSite","@id":"https:\/\/www.bellunopress.it\/#website","url":"https:\/\/www.bellunopress.it\/","name":"Bellunopress - Dolomiti","description":"e-mail: redazione@bellunopress.it","publisher":{"@id":"https:\/\/www.bellunopress.it\/#organization"},"potentialAction":[{"@type":"SearchAction","target":{"@type":"EntryPoint","urlTemplate":"https:\/\/www.bellunopress.it\/?s={search_term_string}"},"query-input":{"@type":"PropertyValueSpecification","valueRequired":true,"valueName":"search_term_string"}}],"inLanguage":"fr-FR"},{"@type":"Organization","@id":"https:\/\/www.bellunopress.it\/#organization","name":"Bellunopress","url":"https:\/\/www.bellunopress.it\/","logo":{"@type":"ImageObject","inLanguage":"fr-FR","@id":"https:\/\/www.bellunopress.it\/#\/schema\/logo\/image\/","url":"https:\/\/www.bellunopress.it\/wp-content\/uploads\/2011\/05\/cropped-logo-bellunopress-.jpg","contentUrl":"https:\/\/www.bellunopress.it\/wp-content\/uploads\/2011\/05\/cropped-logo-bellunopress-.jpg","width":512,"height":512,"caption":"Bellunopress"},"image":{"@id":"https:\/\/www.bellunopress.it\/#\/schema\/logo\/image\/"},"sameAs":["https:\/\/www.facebook.com\/profile.php?id=100008943462799","https:\/\/x.com\/bellunopress","https:\/\/www.linkedin.com\/hp\/?dnr=JBzUWaJfMUw8vbXJJ2tVW5-I3jZKvC4wsoxE&amp;amp;amp;amp;amp;amp;trk=nav_responsive_tab_home","https:\/\/www.youtube.com\/channel\/UCxL0wu1uN0_3_7hGG0306cw"]},{"@type":"Person","@id":"https:\/\/www.bellunopress.it\/#\/schema\/person\/79bb06722b37ece1c03d3e94beb30d73","name":"r\u00e9daction","image":{"@type":"ImageObject","inLanguage":"fr-FR","@id":"https:\/\/secure.gravatar.com\/avatar\/37d968a2e67a6fd04c169c4bdef102d0bc5d31b2546345219e348575eb80e9a0?s=96&d=mm&r=g","url":"https:\/\/secure.gravatar.com\/avatar\/37d968a2e67a6fd04c169c4bdef102d0bc5d31b2546345219e348575eb80e9a0?s=96&d=mm&r=g","contentUrl":"https:\/\/secure.gravatar.com\/avatar\/37d968a2e67a6fd04c169c4bdef102d0bc5d31b2546345219e348575eb80e9a0?s=96&d=mm&r=g","caption":"redazione"},"sameAs":["http:\/\/www.bellunopress.it","https:\/\/x.com\/bellunopress"],"url":"https:\/\/www.bellunopress.it\/fr\/author\/redazione\/"}]}},"_links":{"self":[{"href":"https:\/\/www.bellunopress.it\/fr\/wp-json\/wp\/v2\/posts\/6556","targetHints":{"allow":["GET"]}}],"collection":[{"href":"https:\/\/www.bellunopress.it\/fr\/wp-json\/wp\/v2\/posts"}],"about":[{"href":"https:\/\/www.bellunopress.it\/fr\/wp-json\/wp\/v2\/types\/post"}],"author":[{"embeddable":true,"href":"https:\/\/www.bellunopress.it\/fr\/wp-json\/wp\/v2\/users\/2"}],"replies":[{"embeddable":true,"href":"https:\/\/www.bellunopress.it\/fr\/wp-json\/wp\/v2\/comments?post=6556"}],"version-history":[{"count":1,"href":"https:\/\/www.bellunopress.it\/fr\/wp-json\/wp\/v2\/posts\/6556\/revisions"}],"predecessor-version":[{"id":6557,"href":"https:\/\/www.bellunopress.it\/fr\/wp-json\/wp\/v2\/posts\/6556\/revisions\/6557"}],"wp:attachment":[{"href":"https:\/\/www.bellunopress.it\/fr\/wp-json\/wp\/v2\/media?parent=6556"}],"wp:term":[{"taxonomy":"category","embeddable":true,"href":"https:\/\/www.bellunopress.it\/fr\/wp-json\/wp\/v2\/categories?post=6556"},{"taxonomy":"post_tag","embeddable":true,"href":"https:\/\/www.bellunopress.it\/fr\/wp-json\/wp\/v2\/tags?post=6556"}],"curies":[{"name":"wp","href":"https:\/\/api.w.org\/{rel}","templated":true}]}}