{"id":6550,"date":"2009-07-31T13:12:44","date_gmt":"2009-07-31T12:12:44","guid":{"rendered":"http:\/\/www.bellunopress.it\/?p=6550"},"modified":"2009-07-31T13:12:44","modified_gmt":"2009-07-31T12:12:44","slug":"domenica-ce-la-26a-adunanza-annuale-del-cai-di-agordo-a-col-mesuron","status":"publish","type":"post","link":"https:\/\/www.bellunopress.it\/fr\/2009\/07\/31\/domenica-ce-la-26a-adunanza-annuale-del-cai-di-agordo-a-col-mesuron\/","title":{"rendered":"Domenica c&#8217;\u00e8 la 26.a Adunanza annuale del Cai di Agordo a Col Mesur\u00f2n"},"content":{"rendered":"<p>Lo scorso anno, in giugno, centinaia di persone si ritrovarono alla 25\u00b0 Adunanza Annuale della Sezione Agordina del Club Alpino Italiano organizzata nei pressi del Rifugio Bruto Carestiato in Moiazza \u2013 appena ristrutturato &#8211;\u00a0 che, proprio in quella splendida giornata di sole, fu nuovamente inaugurato. E\u2019 trascorso poco pi\u00f9 di un anno e la Sezione Agordina \u00e8 nuovamente lieta di invitare tutti, valligiani e turisti, alla 26\u00b0 Adunanza Annuale che si svolger\u00e0 Domenica 2 Agosto 2009 al C\u00f2l del Mesur\u00f2n, nei pressi del Rifugio Scarpa-Gurekian (Frassen\u00e8 Agordino) ai piedi della imponente catena montuosa dell\u2019Agn\u00e8r-Cr\u00f2da Granda. La localit\u00e0 \u00e8 raggiungibile \u2013 per vari sentieri &#8211; dalla frazione di Frassen\u00e8 Agordino in un\u2019ora e mezza di cammino oppure pi\u00f9 comodamente in seggiovia (in funzione dalle ore 08.00 alle ore 18.00).<br \/>\nIl ritrovo \u00e8 fissato al Rifugio Scarpa-Gurekian o al C\u00f2l del Mesur\u00f2n a partire dalle ore 09.30-10.00 di mattina. Ricordiamo inoltre che sabato 1 agosto alle ore 17.30 nell\u2019antica chiesa di S.Nicol\u00f2, sempre a Frassen\u00e8, si terr\u00e0 l\u2019inaugurazione della mostra storico-fotografica su \u201cFrassen\u00e8 Agordino \u2013 Farsen\u00e9ch \u2013 Un paese, tante storie\u201d\u00a0 (aperta tutti i giorni sino all\u20198 agosto 17.30-19.30) sulla traccia dell\u2019omonimo volume edito nel 2008 dal Consorzio Promotur, a cura di Giorgio Fontanive, Luisa e Paolo Mosca. Un particolare ringraziamento, per l\u2019impegno prestato nell\u2019organizzazione, al Comune di Voltago Agordino, ai Gestori del Rifugio Scarpa-Gurekian, al Gruppo Alpini e Gruppo Sportivo di Frassen\u00e8 nonch\u00e8 Promotur Frassen\u00e8. La manifestazione si svolger\u00e0 con qualsiasi condizione meteo. Per altri dettagli e ulteriori informazioni, alleghiamo alla presente e-mail il manifesto ufficiale della manifestazione. Vi aspettiamo numerosi!<\/p>","protected":false},"excerpt":{"rendered":"<p>Lo scorso anno, in giugno, centinaia di persone si ritrovarono alla 25\u00b0 Adunanza Annuale della Sezione Agordina del Club Alpino Italiano organizzata nei pressi del Rifugio Bruto Carestiato in Moiazza \u2013 appena ristrutturato &#8211;\u00a0 che, proprio in quella splendida giornata di sole, fu nuovamente inaugurato. E\u2019 trascorso poco pi\u00f9 di un anno e la Sezione [&hellip;]<\/p>\n","protected":false},"author":2,"featured_media":0,"comment_status":"closed","ping_status":"open","sticky":false,"template":"","format":"standard","meta":{"footnotes":""},"categories":[27,38,26],"tags":[],"class_list":["post-6550","post","type-post","status-publish","format-standard","category-appuntamenti","category-natura-ambiente","category-prima-pagina"],"yoast_head":"<!-- This site is optimized with the Yoast SEO plugin v28.4 - https:\/\/yoast.com\/product\/yoast-seo-wordpress\/ -->\n<title>Domenica c&#039;\u00e8 la 26.a Adunanza annuale del Cai di Agordo a Col Mesur\u00f2n - Bellunopress - Dolomiti<\/title>\n<meta name=\"robots\" content=\"index, follow, max-snippet:-1, max-image-preview:large, max-video-preview:-1\" \/>\n<link rel=\"canonical\" href=\"https:\/\/www.bellunopress.it\/fr\/2009\/07\/31\/domenica-ce-la-26a-adunanza-annuale-del-cai-di-agordo-a-col-mesuron\/\" \/>\n<meta property=\"og:locale\" content=\"fr_FR\" \/>\n<meta property=\"og:type\" content=\"article\" \/>\n<meta property=\"og:title\" content=\"Domenica c&#039;\u00e8 la 26.a Adunanza annuale del Cai di Agordo a Col Mesur\u00f2n - Bellunopress - Dolomiti\" \/>\n<meta property=\"og:description\" content=\"Lo scorso anno, in giugno, centinaia di persone si ritrovarono alla 25\u00b0 Adunanza Annuale della Sezione Agordina del Club Alpino Italiano organizzata nei pressi del Rifugio Bruto Carestiato in Moiazza \u2013 appena ristrutturato &#8211;\u00a0 che, proprio in quella splendida giornata di sole, fu nuovamente inaugurato. E\u2019 trascorso poco pi\u00f9 di un anno e la Sezione [&hellip;]\" \/>\n<meta property=\"og:url\" content=\"https:\/\/www.bellunopress.it\/fr\/2009\/07\/31\/domenica-ce-la-26a-adunanza-annuale-del-cai-di-agordo-a-col-mesuron\/\" \/>\n<meta property=\"og:site_name\" content=\"Bellunopress - Dolomiti\" \/>\n<meta property=\"article:publisher\" content=\"https:\/\/www.facebook.com\/profile.php?id=100008943462799\" \/>\n<meta property=\"article:published_time\" content=\"2009-07-31T12:12:44+00:00\" \/>\n<meta property=\"og:image\" content=\"http:\/\/www.bellunopress.it\/wp-content\/uploads\/2012\/07\/logo-bellunopress-250x250-2012.jpg\" \/>\n<meta name=\"author\" content=\"redazione\" \/>\n<meta name=\"twitter:card\" content=\"summary_large_image\" \/>\n<meta name=\"twitter:creator\" content=\"@bellunopress\" \/>\n<meta name=\"twitter:site\" content=\"@bellunopress\" \/>\n<meta name=\"twitter:label1\" content=\"\u00c9crit par\" \/>\n\t<meta name=\"twitter:data1\" content=\"redazione\" \/>\n\t<meta name=\"twitter:label2\" content=\"Dur\u00e9e de lecture estim\u00e9e\" \/>\n\t<meta name=\"twitter:data2\" content=\"1 minute\" \/>\n<script type=\"application\/ld+json\" class=\"yoast-schema-graph\">{\"@context\":\"https:\\\/\\\/schema.org\",\"@graph\":[{\"@type\":\"Article\",\"@id\":\"https:\\\/\\\/www.bellunopress.it\\\/2009\\\/07\\\/31\\\/domenica-ce-la-26a-adunanza-annuale-del-cai-di-agordo-a-col-mesuron\\\/#article\",\"isPartOf\":{\"@id\":\"https:\\\/\\\/www.bellunopress.it\\\/2009\\\/07\\\/31\\\/domenica-ce-la-26a-adunanza-annuale-del-cai-di-agordo-a-col-mesuron\\\/\"},\"author\":{\"name\":\"redazione\",\"@id\":\"https:\\\/\\\/www.bellunopress.it\\\/#\\\/schema\\\/person\\\/79bb06722b37ece1c03d3e94beb30d73\"},\"headline\":\"Domenica c&#8217;\u00e8 la 26.a Adunanza annuale del Cai di Agordo a Col Mesur\u00f2n\",\"datePublished\":\"2009-07-31T12:12:44+00:00\",\"mainEntityOfPage\":{\"@id\":\"https:\\\/\\\/www.bellunopress.it\\\/2009\\\/07\\\/31\\\/domenica-ce-la-26a-adunanza-annuale-del-cai-di-agordo-a-col-mesuron\\\/\"},\"wordCount\":273,\"publisher\":{\"@id\":\"https:\\\/\\\/www.bellunopress.it\\\/#organization\"},\"articleSection\":[\"Appuntamenti, Eventi\",\"Meteo, natura, ambiente, animali\",\"Prima Pagina\"],\"inLanguage\":\"fr-FR\"},{\"@type\":\"WebPage\",\"@id\":\"https:\\\/\\\/www.bellunopress.it\\\/2009\\\/07\\\/31\\\/domenica-ce-la-26a-adunanza-annuale-del-cai-di-agordo-a-col-mesuron\\\/\",\"url\":\"https:\\\/\\\/www.bellunopress.it\\\/2009\\\/07\\\/31\\\/domenica-ce-la-26a-adunanza-annuale-del-cai-di-agordo-a-col-mesuron\\\/\",\"name\":\"Domenica c'\u00e8 la 26.a Adunanza annuale del Cai di Agordo a Col Mesur\u00f2n - Bellunopress - Dolomiti\",\"isPartOf\":{\"@id\":\"https:\\\/\\\/www.bellunopress.it\\\/#website\"},\"datePublished\":\"2009-07-31T12:12:44+00:00\",\"breadcrumb\":{\"@id\":\"https:\\\/\\\/www.bellunopress.it\\\/2009\\\/07\\\/31\\\/domenica-ce-la-26a-adunanza-annuale-del-cai-di-agordo-a-col-mesuron\\\/#breadcrumb\"},\"inLanguage\":\"fr-FR\",\"potentialAction\":[{\"@type\":\"ReadAction\",\"target\":[\"https:\\\/\\\/www.bellunopress.it\\\/2009\\\/07\\\/31\\\/domenica-ce-la-26a-adunanza-annuale-del-cai-di-agordo-a-col-mesuron\\\/\"]}]},{\"@type\":\"BreadcrumbList\",\"@id\":\"https:\\\/\\\/www.bellunopress.it\\\/2009\\\/07\\\/31\\\/domenica-ce-la-26a-adunanza-annuale-del-cai-di-agordo-a-col-mesuron\\\/#breadcrumb\",\"itemListElement\":[{\"@type\":\"ListItem\",\"position\":1,\"name\":\"Home\",\"item\":\"https:\\\/\\\/www.bellunopress.it\\\/\"},{\"@type\":\"ListItem\",\"position\":2,\"name\":\"Domenica c&#8217;\u00e8 la 26.a Adunanza annuale del Cai di Agordo a Col Mesur\u00f2n\"}]},{\"@type\":\"WebSite\",\"@id\":\"https:\\\/\\\/www.bellunopress.it\\\/#website\",\"url\":\"https:\\\/\\\/www.bellunopress.it\\\/\",\"name\":\"Bellunopress - Dolomiti\",\"description\":\"e-mail: redazione@bellunopress.it\",\"publisher\":{\"@id\":\"https:\\\/\\\/www.bellunopress.it\\\/#organization\"},\"potentialAction\":[{\"@type\":\"SearchAction\",\"target\":{\"@type\":\"EntryPoint\",\"urlTemplate\":\"https:\\\/\\\/www.bellunopress.it\\\/?s={search_term_string}\"},\"query-input\":{\"@type\":\"PropertyValueSpecification\",\"valueRequired\":true,\"valueName\":\"search_term_string\"}}],\"inLanguage\":\"fr-FR\"},{\"@type\":\"Organization\",\"@id\":\"https:\\\/\\\/www.bellunopress.it\\\/#organization\",\"name\":\"Bellunopress\",\"url\":\"https:\\\/\\\/www.bellunopress.it\\\/\",\"logo\":{\"@type\":\"ImageObject\",\"inLanguage\":\"fr-FR\",\"@id\":\"https:\\\/\\\/www.bellunopress.it\\\/#\\\/schema\\\/logo\\\/image\\\/\",\"url\":\"https:\\\/\\\/www.bellunopress.it\\\/wp-content\\\/uploads\\\/2011\\\/05\\\/cropped-logo-bellunopress-.jpg\",\"contentUrl\":\"https:\\\/\\\/www.bellunopress.it\\\/wp-content\\\/uploads\\\/2011\\\/05\\\/cropped-logo-bellunopress-.jpg\",\"width\":512,\"height\":512,\"caption\":\"Bellunopress\"},\"image\":{\"@id\":\"https:\\\/\\\/www.bellunopress.it\\\/#\\\/schema\\\/logo\\\/image\\\/\"},\"sameAs\":[\"https:\\\/\\\/www.facebook.com\\\/profile.php?id=100008943462799\",\"https:\\\/\\\/x.com\\\/bellunopress\",\"https:\\\/\\\/www.linkedin.com\\\/hp\\\/?dnr=JBzUWaJfMUw8vbXJJ2tVW5-I3jZKvC4wsoxE&amp;amp;amp;amp;amp;amp;trk=nav_responsive_tab_home\",\"https:\\\/\\\/www.youtube.com\\\/channel\\\/UCxL0wu1uN0_3_7hGG0306cw\"]},{\"@type\":\"Person\",\"@id\":\"https:\\\/\\\/www.bellunopress.it\\\/#\\\/schema\\\/person\\\/79bb06722b37ece1c03d3e94beb30d73\",\"name\":\"redazione\",\"image\":{\"@type\":\"ImageObject\",\"inLanguage\":\"fr-FR\",\"@id\":\"https:\\\/\\\/secure.gravatar.com\\\/avatar\\\/37d968a2e67a6fd04c169c4bdef102d0bc5d31b2546345219e348575eb80e9a0?s=96&d=mm&r=g\",\"url\":\"https:\\\/\\\/secure.gravatar.com\\\/avatar\\\/37d968a2e67a6fd04c169c4bdef102d0bc5d31b2546345219e348575eb80e9a0?s=96&d=mm&r=g\",\"contentUrl\":\"https:\\\/\\\/secure.gravatar.com\\\/avatar\\\/37d968a2e67a6fd04c169c4bdef102d0bc5d31b2546345219e348575eb80e9a0?s=96&d=mm&r=g\",\"caption\":\"redazione\"},\"sameAs\":[\"http:\\\/\\\/www.bellunopress.it\",\"https:\\\/\\\/x.com\\\/bellunopress\"],\"url\":\"https:\\\/\\\/www.bellunopress.it\\\/fr\\\/author\\\/redazione\\\/\"}]}<\/script>\n<!-- \/ Yoast SEO plugin. -->","yoast_head_json":{"title":"Domenica c'\u00e8 la 26.a Adunanza annuale del Cai di Agordo a Col Mesur\u00f2n - Bellunopress - Dolomiti","robots":{"index":"index","follow":"follow","max-snippet":"max-snippet:-1","max-image-preview":"max-image-preview:large","max-video-preview":"max-video-preview:-1"},"canonical":"https:\/\/www.bellunopress.it\/fr\/2009\/07\/31\/domenica-ce-la-26a-adunanza-annuale-del-cai-di-agordo-a-col-mesuron\/","og_locale":"fr_FR","og_type":"article","og_title":"Domenica c'\u00e8 la 26.a Adunanza annuale del Cai di Agordo a Col Mesur\u00f2n - Bellunopress - Dolomiti","og_description":"Lo scorso anno, in giugno, centinaia di persone si ritrovarono alla 25\u00b0 Adunanza Annuale della Sezione Agordina del Club Alpino Italiano organizzata nei pressi del Rifugio Bruto Carestiato in Moiazza \u2013 appena ristrutturato &#8211;\u00a0 che, proprio in quella splendida giornata di sole, fu nuovamente inaugurato. E\u2019 trascorso poco pi\u00f9 di un anno e la Sezione [&hellip;]","og_url":"https:\/\/www.bellunopress.it\/fr\/2009\/07\/31\/domenica-ce-la-26a-adunanza-annuale-del-cai-di-agordo-a-col-mesuron\/","og_site_name":"Bellunopress - Dolomiti","article_publisher":"https:\/\/www.facebook.com\/profile.php?id=100008943462799","article_published_time":"2009-07-31T12:12:44+00:00","og_image":[{"url":"http:\/\/www.bellunopress.it\/wp-content\/uploads\/2012\/07\/logo-bellunopress-250x250-2012.jpg","type":"","width":"","height":""}],"author":"redazione","twitter_card":"summary_large_image","twitter_creator":"@bellunopress","twitter_site":"@bellunopress","twitter_misc":{"\u00c9crit par":"redazione","Dur\u00e9e de lecture estim\u00e9e":"1 minute"},"schema":{"@context":"https:\/\/schema.org","@graph":[{"@type":"Article","@id":"https:\/\/www.bellunopress.it\/2009\/07\/31\/domenica-ce-la-26a-adunanza-annuale-del-cai-di-agordo-a-col-mesuron\/#article","isPartOf":{"@id":"https:\/\/www.bellunopress.it\/2009\/07\/31\/domenica-ce-la-26a-adunanza-annuale-del-cai-di-agordo-a-col-mesuron\/"},"author":{"name":"redazione","@id":"https:\/\/www.bellunopress.it\/#\/schema\/person\/79bb06722b37ece1c03d3e94beb30d73"},"headline":"Domenica c&#8217;\u00e8 la 26.a Adunanza annuale del Cai di Agordo a Col Mesur\u00f2n","datePublished":"2009-07-31T12:12:44+00:00","mainEntityOfPage":{"@id":"https:\/\/www.bellunopress.it\/2009\/07\/31\/domenica-ce-la-26a-adunanza-annuale-del-cai-di-agordo-a-col-mesuron\/"},"wordCount":273,"publisher":{"@id":"https:\/\/www.bellunopress.it\/#organization"},"articleSection":["Appuntamenti, Eventi","Meteo, natura, ambiente, animali","Prima Pagina"],"inLanguage":"fr-FR"},{"@type":"WebPage","@id":"https:\/\/www.bellunopress.it\/2009\/07\/31\/domenica-ce-la-26a-adunanza-annuale-del-cai-di-agordo-a-col-mesuron\/","url":"https:\/\/www.bellunopress.it\/2009\/07\/31\/domenica-ce-la-26a-adunanza-annuale-del-cai-di-agordo-a-col-mesuron\/","name":"Domenica c'\u00e8 la 26.a Adunanza annuale del Cai di Agordo a Col Mesur\u00f2n - Bellunopress - Dolomiti","isPartOf":{"@id":"https:\/\/www.bellunopress.it\/#website"},"datePublished":"2009-07-31T12:12:44+00:00","breadcrumb":{"@id":"https:\/\/www.bellunopress.it\/2009\/07\/31\/domenica-ce-la-26a-adunanza-annuale-del-cai-di-agordo-a-col-mesuron\/#breadcrumb"},"inLanguage":"fr-FR","potentialAction":[{"@type":"ReadAction","target":["https:\/\/www.bellunopress.it\/2009\/07\/31\/domenica-ce-la-26a-adunanza-annuale-del-cai-di-agordo-a-col-mesuron\/"]}]},{"@type":"BreadcrumbList","@id":"https:\/\/www.bellunopress.it\/2009\/07\/31\/domenica-ce-la-26a-adunanza-annuale-del-cai-di-agordo-a-col-mesuron\/#breadcrumb","itemListElement":[{"@type":"ListItem","position":1,"name":"Home","item":"https:\/\/www.bellunopress.it\/"},{"@type":"ListItem","position":2,"name":"Domenica c&#8217;\u00e8 la 26.a Adunanza annuale del Cai di Agordo a Col Mesur\u00f2n"}]},{"@type":"WebSite","@id":"https:\/\/www.bellunopress.it\/#website","url":"https:\/\/www.bellunopress.it\/","name":"Bellunopress - Dolomiti","description":"e-mail: redazione@bellunopress.it","publisher":{"@id":"https:\/\/www.bellunopress.it\/#organization"},"potentialAction":[{"@type":"SearchAction","target":{"@type":"EntryPoint","urlTemplate":"https:\/\/www.bellunopress.it\/?s={search_term_string}"},"query-input":{"@type":"PropertyValueSpecification","valueRequired":true,"valueName":"search_term_string"}}],"inLanguage":"fr-FR"},{"@type":"Organization","@id":"https:\/\/www.bellunopress.it\/#organization","name":"Bellunopress","url":"https:\/\/www.bellunopress.it\/","logo":{"@type":"ImageObject","inLanguage":"fr-FR","@id":"https:\/\/www.bellunopress.it\/#\/schema\/logo\/image\/","url":"https:\/\/www.bellunopress.it\/wp-content\/uploads\/2011\/05\/cropped-logo-bellunopress-.jpg","contentUrl":"https:\/\/www.bellunopress.it\/wp-content\/uploads\/2011\/05\/cropped-logo-bellunopress-.jpg","width":512,"height":512,"caption":"Bellunopress"},"image":{"@id":"https:\/\/www.bellunopress.it\/#\/schema\/logo\/image\/"},"sameAs":["https:\/\/www.facebook.com\/profile.php?id=100008943462799","https:\/\/x.com\/bellunopress","https:\/\/www.linkedin.com\/hp\/?dnr=JBzUWaJfMUw8vbXJJ2tVW5-I3jZKvC4wsoxE&amp;amp;amp;amp;amp;amp;trk=nav_responsive_tab_home","https:\/\/www.youtube.com\/channel\/UCxL0wu1uN0_3_7hGG0306cw"]},{"@type":"Person","@id":"https:\/\/www.bellunopress.it\/#\/schema\/person\/79bb06722b37ece1c03d3e94beb30d73","name":"r\u00e9daction","image":{"@type":"ImageObject","inLanguage":"fr-FR","@id":"https:\/\/secure.gravatar.com\/avatar\/37d968a2e67a6fd04c169c4bdef102d0bc5d31b2546345219e348575eb80e9a0?s=96&d=mm&r=g","url":"https:\/\/secure.gravatar.com\/avatar\/37d968a2e67a6fd04c169c4bdef102d0bc5d31b2546345219e348575eb80e9a0?s=96&d=mm&r=g","contentUrl":"https:\/\/secure.gravatar.com\/avatar\/37d968a2e67a6fd04c169c4bdef102d0bc5d31b2546345219e348575eb80e9a0?s=96&d=mm&r=g","caption":"redazione"},"sameAs":["http:\/\/www.bellunopress.it","https:\/\/x.com\/bellunopress"],"url":"https:\/\/www.bellunopress.it\/fr\/author\/redazione\/"}]}},"_links":{"self":[{"href":"https:\/\/www.bellunopress.it\/fr\/wp-json\/wp\/v2\/posts\/6550","targetHints":{"allow":["GET"]}}],"collection":[{"href":"https:\/\/www.bellunopress.it\/fr\/wp-json\/wp\/v2\/posts"}],"about":[{"href":"https:\/\/www.bellunopress.it\/fr\/wp-json\/wp\/v2\/types\/post"}],"author":[{"embeddable":true,"href":"https:\/\/www.bellunopress.it\/fr\/wp-json\/wp\/v2\/users\/2"}],"replies":[{"embeddable":true,"href":"https:\/\/www.bellunopress.it\/fr\/wp-json\/wp\/v2\/comments?post=6550"}],"version-history":[{"count":2,"href":"https:\/\/www.bellunopress.it\/fr\/wp-json\/wp\/v2\/posts\/6550\/revisions"}],"predecessor-version":[{"id":6553,"href":"https:\/\/www.bellunopress.it\/fr\/wp-json\/wp\/v2\/posts\/6550\/revisions\/6553"}],"wp:attachment":[{"href":"https:\/\/www.bellunopress.it\/fr\/wp-json\/wp\/v2\/media?parent=6550"}],"wp:term":[{"taxonomy":"category","embeddable":true,"href":"https:\/\/www.bellunopress.it\/fr\/wp-json\/wp\/v2\/categories?post=6550"},{"taxonomy":"post_tag","embeddable":true,"href":"https:\/\/www.bellunopress.it\/fr\/wp-json\/wp\/v2\/tags?post=6550"}],"curies":[{"name":"wp","href":"https:\/\/api.w.org\/{rel}","templated":true}]}}