{"id":6547,"date":"2009-07-31T12:56:42","date_gmt":"2009-07-31T11:56:42","guid":{"rendered":"http:\/\/www.bellunopress.it\/?p=6547"},"modified":"2009-07-31T12:56:42","modified_gmt":"2009-07-31T11:56:42","slug":"michele-dal-farra-scrive-a-franchi-e-a-rischio-l-indipendenza-e-lautorevolezza-dellisbrec","status":"publish","type":"post","link":"https:\/\/www.bellunopress.it\/fr\/2009\/07\/31\/michele-dal-farra-scrive-a-franchi-e-a-rischio-l-indipendenza-e-lautorevolezza-dellisbrec\/","title":{"rendered":"Michele Dal Farra scrive a Franchi: &#8220;E&#8217; a rischio l&#8217; indipendenza e l&#8217;autorevolezza dell&#8217;Isbrec&#8221;"},"content":{"rendered":"<p>Il coordinatore cittadino del PD, Michele Dal Farra, interviene sulla questione riguardante l&#8217;istituto culturale bellunese: &#8220;Mi permetto una breve risposta al vice presidente dell&#8217;Isbrec, Francesco Franchi, riguardo la composizione del direttivo dell&#8217;Istituto. Non sono certo qui a mettere in discussione la legittimit\u00e0 delle scelte autonome dell&#8217;Isbrec. Rilevo per\u00f2 che se il sindaco, membro di diritto dell&#8217;Isbrec, ha un ruolo istituzionale e come tale rappresenta l&#8217;intera cittadinanza; se il presidente del Consiglio comunale ricopre anche lui una carica istituzionale e quindi rappresenta l&#8217;intero Consiglio Comunale della citt\u00e0, non si pu\u00f2 affermare altrettanto del capogruppo di una forza politica, recentemente eletto all&#8217;interno del direttivo dell&#8217;Istituto. Si tratta certo del capogruppo della maggioranza in consiglio comunale, ma pur sempre rappresentante di una parte, quindi con un ruolo squisitamente politico a differenza dei primi due che invece ricoprono un ruolo istituzionale. Per questo, caro Francesco, ribadisco le mie riserve sul fatto che un rappresentante non istituzionale, ma di carattere squisitamente politico di una parte, venga inserito nel direttivo dell&#8217;Istituto.<br \/>\nRispetto alla mia partecipazione alle attivit\u00e0 dell&#8217;Isbrec ricordo, sommessamente, qualche mio contributo nei volumi pubblicati dall&#8217;Istituto nella collana \u201cGente (non) comune\u201d. Infine, l&#8217;ultima volta che ho partecipato a un convegno organizzato dall&#8217;Isbrec, la scorsa primavera sul tema del superamento di Col Cavalier, ho purtroppo preso atto di una rappresentazione univoca. E&#8217; intervenuto come relatore solo il progettista di un progetto vecchio di 10 anni con argomentazioni strumentali, superate nei fatti. Le soluzioni adottate dal Comune e dalla Provincia di Belluno, a cui non \u00e8 stata data voce nel convegno, sono quelle che in realt\u00e0 hanno consentito di risolvere il nodo della viabilit\u00e0 di Belluno.<br \/>\nIl mio allarme, alla notizia dell&#8217;inserimento nel direttivo del capogruppo di maggioranza, \u00e8 alimentato anche alla luce di questo episodio. Intravedo infatti un filo conduttore unico nel percorso recente dell&#8217;Isbrec ed \u00e8 la strada che ha portato alle dimissioni di Padovani.<br \/>\nPer quanto mi riguarda l&#8217;Isbrec pu\u00f2 tesserare e inserire nel proprio direttivo anche persone iscritte a Forza Nuova.<br \/>\nLasciami esprimere per\u00f2, caro Francesco, la preoccupazione rispetto all&#8217;indipendenza e soprattutto all&#8217;autorevolezza che fino a oggi hanno contraddistinto l&#8217;Istituto.<\/p>","protected":false},"excerpt":{"rendered":"<p>Il coordinatore cittadino del PD, Michele Dal Farra, interviene sulla questione riguardante l&#8217;istituto culturale bellunese: &#8220;Mi permetto una breve risposta al vice presidente dell&#8217;Isbrec, Francesco Franchi, riguardo la composizione del direttivo dell&#8217;Istituto. Non sono certo qui a mettere in discussione la legittimit\u00e0 delle scelte autonome dell&#8217;Isbrec. Rilevo per\u00f2 che se il sindaco, membro di diritto [&hellip;]<\/p>\n","protected":false},"author":2,"featured_media":0,"comment_status":"closed","ping_status":"open","sticky":false,"template":"","format":"standard","meta":{"footnotes":""},"categories":[3,5],"tags":[139],"class_list":["post-6547","post","type-post","status-publish","format-standard","category-arte-cultura-spettacoli-scienza-archivi","category-cronaca","tag-belluno"],"yoast_head":"<!-- This site is optimized with the Yoast SEO plugin v28.4 - https:\/\/yoast.com\/product\/yoast-seo-wordpress\/ -->\n<title>Michele Dal Farra scrive a Franchi: &quot;E&#039; a rischio l&#039; indipendenza e l&#039;autorevolezza dell&#039;Isbrec&quot; - Bellunopress - Dolomiti<\/title>\n<meta name=\"robots\" content=\"index, follow, max-snippet:-1, max-image-preview:large, max-video-preview:-1\" \/>\n<link rel=\"canonical\" href=\"https:\/\/www.bellunopress.it\/fr\/2009\/07\/31\/michele-dal-farra-scrive-a-franchi-e-a-rischio-l-indipendenza-e-lautorevolezza-dellisbrec\/\" \/>\n<meta property=\"og:locale\" content=\"fr_FR\" \/>\n<meta property=\"og:type\" content=\"article\" \/>\n<meta property=\"og:title\" content=\"Michele Dal Farra scrive a Franchi: &quot;E&#039; a rischio l&#039; indipendenza e l&#039;autorevolezza dell&#039;Isbrec&quot; - Bellunopress - Dolomiti\" \/>\n<meta property=\"og:description\" content=\"Il coordinatore cittadino del PD, Michele Dal Farra, interviene sulla questione riguardante l&#8217;istituto culturale bellunese: &#8220;Mi permetto una breve risposta al vice presidente dell&#8217;Isbrec, Francesco Franchi, riguardo la composizione del direttivo dell&#8217;Istituto. Non sono certo qui a mettere in discussione la legittimit\u00e0 delle scelte autonome dell&#8217;Isbrec. Rilevo per\u00f2 che se il sindaco, membro di diritto [&hellip;]\" \/>\n<meta property=\"og:url\" content=\"https:\/\/www.bellunopress.it\/fr\/2009\/07\/31\/michele-dal-farra-scrive-a-franchi-e-a-rischio-l-indipendenza-e-lautorevolezza-dellisbrec\/\" \/>\n<meta property=\"og:site_name\" content=\"Bellunopress - Dolomiti\" \/>\n<meta property=\"article:publisher\" content=\"https:\/\/www.facebook.com\/profile.php?id=100008943462799\" \/>\n<meta property=\"article:published_time\" content=\"2009-07-31T11:56:42+00:00\" \/>\n<meta property=\"og:image\" content=\"http:\/\/www.bellunopress.it\/wp-content\/uploads\/2012\/07\/logo-bellunopress-250x250-2012.jpg\" \/>\n<meta name=\"author\" content=\"redazione\" \/>\n<meta name=\"twitter:card\" content=\"summary_large_image\" \/>\n<meta name=\"twitter:creator\" content=\"@bellunopress\" \/>\n<meta name=\"twitter:site\" content=\"@bellunopress\" \/>\n<meta name=\"twitter:label1\" content=\"\u00c9crit par\" \/>\n\t<meta name=\"twitter:data1\" content=\"redazione\" \/>\n\t<meta name=\"twitter:label2\" content=\"Dur\u00e9e de lecture estim\u00e9e\" \/>\n\t<meta name=\"twitter:data2\" content=\"2 minutes\" \/>\n<script type=\"application\/ld+json\" class=\"yoast-schema-graph\">{\"@context\":\"https:\\\/\\\/schema.org\",\"@graph\":[{\"@type\":\"Article\",\"@id\":\"https:\\\/\\\/www.bellunopress.it\\\/2009\\\/07\\\/31\\\/michele-dal-farra-scrive-a-franchi-e-a-rischio-l-indipendenza-e-lautorevolezza-dellisbrec\\\/#article\",\"isPartOf\":{\"@id\":\"https:\\\/\\\/www.bellunopress.it\\\/2009\\\/07\\\/31\\\/michele-dal-farra-scrive-a-franchi-e-a-rischio-l-indipendenza-e-lautorevolezza-dellisbrec\\\/\"},\"author\":{\"name\":\"redazione\",\"@id\":\"https:\\\/\\\/www.bellunopress.it\\\/#\\\/schema\\\/person\\\/79bb06722b37ece1c03d3e94beb30d73\"},\"headline\":\"Michele Dal Farra scrive a Franchi: &#8220;E&#8217; a rischio l&#8217; indipendenza e l&#8217;autorevolezza dell&#8217;Isbrec&#8221;\",\"datePublished\":\"2009-07-31T11:56:42+00:00\",\"mainEntityOfPage\":{\"@id\":\"https:\\\/\\\/www.bellunopress.it\\\/2009\\\/07\\\/31\\\/michele-dal-farra-scrive-a-franchi-e-a-rischio-l-indipendenza-e-lautorevolezza-dellisbrec\\\/\"},\"wordCount\":379,\"publisher\":{\"@id\":\"https:\\\/\\\/www.bellunopress.it\\\/#organization\"},\"keywords\":[\"Belluno\"],\"articleSection\":[\"Arte, Cultura, Spettacoli, Scienza\",\"Cronaca\\\/Politica\"],\"inLanguage\":\"fr-FR\"},{\"@type\":\"WebPage\",\"@id\":\"https:\\\/\\\/www.bellunopress.it\\\/2009\\\/07\\\/31\\\/michele-dal-farra-scrive-a-franchi-e-a-rischio-l-indipendenza-e-lautorevolezza-dellisbrec\\\/\",\"url\":\"https:\\\/\\\/www.bellunopress.it\\\/2009\\\/07\\\/31\\\/michele-dal-farra-scrive-a-franchi-e-a-rischio-l-indipendenza-e-lautorevolezza-dellisbrec\\\/\",\"name\":\"Michele Dal Farra scrive a Franchi: \\\"E' a rischio l' indipendenza e l'autorevolezza dell'Isbrec\\\" - Bellunopress - Dolomiti\",\"isPartOf\":{\"@id\":\"https:\\\/\\\/www.bellunopress.it\\\/#website\"},\"datePublished\":\"2009-07-31T11:56:42+00:00\",\"breadcrumb\":{\"@id\":\"https:\\\/\\\/www.bellunopress.it\\\/2009\\\/07\\\/31\\\/michele-dal-farra-scrive-a-franchi-e-a-rischio-l-indipendenza-e-lautorevolezza-dellisbrec\\\/#breadcrumb\"},\"inLanguage\":\"fr-FR\",\"potentialAction\":[{\"@type\":\"ReadAction\",\"target\":[\"https:\\\/\\\/www.bellunopress.it\\\/2009\\\/07\\\/31\\\/michele-dal-farra-scrive-a-franchi-e-a-rischio-l-indipendenza-e-lautorevolezza-dellisbrec\\\/\"]}]},{\"@type\":\"BreadcrumbList\",\"@id\":\"https:\\\/\\\/www.bellunopress.it\\\/2009\\\/07\\\/31\\\/michele-dal-farra-scrive-a-franchi-e-a-rischio-l-indipendenza-e-lautorevolezza-dellisbrec\\\/#breadcrumb\",\"itemListElement\":[{\"@type\":\"ListItem\",\"position\":1,\"name\":\"Home\",\"item\":\"https:\\\/\\\/www.bellunopress.it\\\/\"},{\"@type\":\"ListItem\",\"position\":2,\"name\":\"Michele Dal Farra scrive a Franchi: &#8220;E&#8217; a rischio l&#8217; indipendenza e l&#8217;autorevolezza dell&#8217;Isbrec&#8221;\"}]},{\"@type\":\"WebSite\",\"@id\":\"https:\\\/\\\/www.bellunopress.it\\\/#website\",\"url\":\"https:\\\/\\\/www.bellunopress.it\\\/\",\"name\":\"Bellunopress - Dolomiti\",\"description\":\"e-mail: redazione@bellunopress.it\",\"publisher\":{\"@id\":\"https:\\\/\\\/www.bellunopress.it\\\/#organization\"},\"potentialAction\":[{\"@type\":\"SearchAction\",\"target\":{\"@type\":\"EntryPoint\",\"urlTemplate\":\"https:\\\/\\\/www.bellunopress.it\\\/?s={search_term_string}\"},\"query-input\":{\"@type\":\"PropertyValueSpecification\",\"valueRequired\":true,\"valueName\":\"search_term_string\"}}],\"inLanguage\":\"fr-FR\"},{\"@type\":\"Organization\",\"@id\":\"https:\\\/\\\/www.bellunopress.it\\\/#organization\",\"name\":\"Bellunopress\",\"url\":\"https:\\\/\\\/www.bellunopress.it\\\/\",\"logo\":{\"@type\":\"ImageObject\",\"inLanguage\":\"fr-FR\",\"@id\":\"https:\\\/\\\/www.bellunopress.it\\\/#\\\/schema\\\/logo\\\/image\\\/\",\"url\":\"https:\\\/\\\/www.bellunopress.it\\\/wp-content\\\/uploads\\\/2011\\\/05\\\/cropped-logo-bellunopress-.jpg\",\"contentUrl\":\"https:\\\/\\\/www.bellunopress.it\\\/wp-content\\\/uploads\\\/2011\\\/05\\\/cropped-logo-bellunopress-.jpg\",\"width\":512,\"height\":512,\"caption\":\"Bellunopress\"},\"image\":{\"@id\":\"https:\\\/\\\/www.bellunopress.it\\\/#\\\/schema\\\/logo\\\/image\\\/\"},\"sameAs\":[\"https:\\\/\\\/www.facebook.com\\\/profile.php?id=100008943462799\",\"https:\\\/\\\/x.com\\\/bellunopress\",\"https:\\\/\\\/www.linkedin.com\\\/hp\\\/?dnr=JBzUWaJfMUw8vbXJJ2tVW5-I3jZKvC4wsoxE&amp;amp;amp;amp;amp;amp;trk=nav_responsive_tab_home\",\"https:\\\/\\\/www.youtube.com\\\/channel\\\/UCxL0wu1uN0_3_7hGG0306cw\"]},{\"@type\":\"Person\",\"@id\":\"https:\\\/\\\/www.bellunopress.it\\\/#\\\/schema\\\/person\\\/79bb06722b37ece1c03d3e94beb30d73\",\"name\":\"redazione\",\"image\":{\"@type\":\"ImageObject\",\"inLanguage\":\"fr-FR\",\"@id\":\"https:\\\/\\\/secure.gravatar.com\\\/avatar\\\/37d968a2e67a6fd04c169c4bdef102d0bc5d31b2546345219e348575eb80e9a0?s=96&d=mm&r=g\",\"url\":\"https:\\\/\\\/secure.gravatar.com\\\/avatar\\\/37d968a2e67a6fd04c169c4bdef102d0bc5d31b2546345219e348575eb80e9a0?s=96&d=mm&r=g\",\"contentUrl\":\"https:\\\/\\\/secure.gravatar.com\\\/avatar\\\/37d968a2e67a6fd04c169c4bdef102d0bc5d31b2546345219e348575eb80e9a0?s=96&d=mm&r=g\",\"caption\":\"redazione\"},\"sameAs\":[\"http:\\\/\\\/www.bellunopress.it\",\"https:\\\/\\\/x.com\\\/bellunopress\"],\"url\":\"https:\\\/\\\/www.bellunopress.it\\\/fr\\\/author\\\/redazione\\\/\"}]}<\/script>\n<!-- \/ Yoast SEO plugin. -->","yoast_head_json":{"title":"Michele Dal Farra scrive a Franchi: \"E' a rischio l' indipendenza e l'autorevolezza dell'Isbrec\" - Bellunopress - Dolomiti","robots":{"index":"index","follow":"follow","max-snippet":"max-snippet:-1","max-image-preview":"max-image-preview:large","max-video-preview":"max-video-preview:-1"},"canonical":"https:\/\/www.bellunopress.it\/fr\/2009\/07\/31\/michele-dal-farra-scrive-a-franchi-e-a-rischio-l-indipendenza-e-lautorevolezza-dellisbrec\/","og_locale":"fr_FR","og_type":"article","og_title":"Michele Dal Farra scrive a Franchi: \"E' a rischio l' indipendenza e l'autorevolezza dell'Isbrec\" - Bellunopress - Dolomiti","og_description":"Il coordinatore cittadino del PD, Michele Dal Farra, interviene sulla questione riguardante l&#8217;istituto culturale bellunese: &#8220;Mi permetto una breve risposta al vice presidente dell&#8217;Isbrec, Francesco Franchi, riguardo la composizione del direttivo dell&#8217;Istituto. Non sono certo qui a mettere in discussione la legittimit\u00e0 delle scelte autonome dell&#8217;Isbrec. Rilevo per\u00f2 che se il sindaco, membro di diritto [&hellip;]","og_url":"https:\/\/www.bellunopress.it\/fr\/2009\/07\/31\/michele-dal-farra-scrive-a-franchi-e-a-rischio-l-indipendenza-e-lautorevolezza-dellisbrec\/","og_site_name":"Bellunopress - Dolomiti","article_publisher":"https:\/\/www.facebook.com\/profile.php?id=100008943462799","article_published_time":"2009-07-31T11:56:42+00:00","og_image":[{"url":"http:\/\/www.bellunopress.it\/wp-content\/uploads\/2012\/07\/logo-bellunopress-250x250-2012.jpg","type":"","width":"","height":""}],"author":"redazione","twitter_card":"summary_large_image","twitter_creator":"@bellunopress","twitter_site":"@bellunopress","twitter_misc":{"\u00c9crit par":"redazione","Dur\u00e9e de lecture estim\u00e9e":"2 minutes"},"schema":{"@context":"https:\/\/schema.org","@graph":[{"@type":"Article","@id":"https:\/\/www.bellunopress.it\/2009\/07\/31\/michele-dal-farra-scrive-a-franchi-e-a-rischio-l-indipendenza-e-lautorevolezza-dellisbrec\/#article","isPartOf":{"@id":"https:\/\/www.bellunopress.it\/2009\/07\/31\/michele-dal-farra-scrive-a-franchi-e-a-rischio-l-indipendenza-e-lautorevolezza-dellisbrec\/"},"author":{"name":"redazione","@id":"https:\/\/www.bellunopress.it\/#\/schema\/person\/79bb06722b37ece1c03d3e94beb30d73"},"headline":"Michele Dal Farra scrive a Franchi: &#8220;E&#8217; a rischio l&#8217; indipendenza e l&#8217;autorevolezza dell&#8217;Isbrec&#8221;","datePublished":"2009-07-31T11:56:42+00:00","mainEntityOfPage":{"@id":"https:\/\/www.bellunopress.it\/2009\/07\/31\/michele-dal-farra-scrive-a-franchi-e-a-rischio-l-indipendenza-e-lautorevolezza-dellisbrec\/"},"wordCount":379,"publisher":{"@id":"https:\/\/www.bellunopress.it\/#organization"},"keywords":["Belluno"],"articleSection":["Arte, Cultura, Spettacoli, Scienza","Cronaca\/Politica"],"inLanguage":"fr-FR"},{"@type":"WebPage","@id":"https:\/\/www.bellunopress.it\/2009\/07\/31\/michele-dal-farra-scrive-a-franchi-e-a-rischio-l-indipendenza-e-lautorevolezza-dellisbrec\/","url":"https:\/\/www.bellunopress.it\/2009\/07\/31\/michele-dal-farra-scrive-a-franchi-e-a-rischio-l-indipendenza-e-lautorevolezza-dellisbrec\/","name":"Michele Dal Farra scrive a Franchi: \"E' a rischio l' indipendenza e l'autorevolezza dell'Isbrec\" - Bellunopress - Dolomiti","isPartOf":{"@id":"https:\/\/www.bellunopress.it\/#website"},"datePublished":"2009-07-31T11:56:42+00:00","breadcrumb":{"@id":"https:\/\/www.bellunopress.it\/2009\/07\/31\/michele-dal-farra-scrive-a-franchi-e-a-rischio-l-indipendenza-e-lautorevolezza-dellisbrec\/#breadcrumb"},"inLanguage":"fr-FR","potentialAction":[{"@type":"ReadAction","target":["https:\/\/www.bellunopress.it\/2009\/07\/31\/michele-dal-farra-scrive-a-franchi-e-a-rischio-l-indipendenza-e-lautorevolezza-dellisbrec\/"]}]},{"@type":"BreadcrumbList","@id":"https:\/\/www.bellunopress.it\/2009\/07\/31\/michele-dal-farra-scrive-a-franchi-e-a-rischio-l-indipendenza-e-lautorevolezza-dellisbrec\/#breadcrumb","itemListElement":[{"@type":"ListItem","position":1,"name":"Home","item":"https:\/\/www.bellunopress.it\/"},{"@type":"ListItem","position":2,"name":"Michele Dal Farra scrive a Franchi: &#8220;E&#8217; a rischio l&#8217; indipendenza e l&#8217;autorevolezza dell&#8217;Isbrec&#8221;"}]},{"@type":"WebSite","@id":"https:\/\/www.bellunopress.it\/#website","url":"https:\/\/www.bellunopress.it\/","name":"Bellunopress - Dolomiti","description":"e-mail: redazione@bellunopress.it","publisher":{"@id":"https:\/\/www.bellunopress.it\/#organization"},"potentialAction":[{"@type":"SearchAction","target":{"@type":"EntryPoint","urlTemplate":"https:\/\/www.bellunopress.it\/?s={search_term_string}"},"query-input":{"@type":"PropertyValueSpecification","valueRequired":true,"valueName":"search_term_string"}}],"inLanguage":"fr-FR"},{"@type":"Organization","@id":"https:\/\/www.bellunopress.it\/#organization","name":"Bellunopress","url":"https:\/\/www.bellunopress.it\/","logo":{"@type":"ImageObject","inLanguage":"fr-FR","@id":"https:\/\/www.bellunopress.it\/#\/schema\/logo\/image\/","url":"https:\/\/www.bellunopress.it\/wp-content\/uploads\/2011\/05\/cropped-logo-bellunopress-.jpg","contentUrl":"https:\/\/www.bellunopress.it\/wp-content\/uploads\/2011\/05\/cropped-logo-bellunopress-.jpg","width":512,"height":512,"caption":"Bellunopress"},"image":{"@id":"https:\/\/www.bellunopress.it\/#\/schema\/logo\/image\/"},"sameAs":["https:\/\/www.facebook.com\/profile.php?id=100008943462799","https:\/\/x.com\/bellunopress","https:\/\/www.linkedin.com\/hp\/?dnr=JBzUWaJfMUw8vbXJJ2tVW5-I3jZKvC4wsoxE&amp;amp;amp;amp;amp;amp;trk=nav_responsive_tab_home","https:\/\/www.youtube.com\/channel\/UCxL0wu1uN0_3_7hGG0306cw"]},{"@type":"Person","@id":"https:\/\/www.bellunopress.it\/#\/schema\/person\/79bb06722b37ece1c03d3e94beb30d73","name":"r\u00e9daction","image":{"@type":"ImageObject","inLanguage":"fr-FR","@id":"https:\/\/secure.gravatar.com\/avatar\/37d968a2e67a6fd04c169c4bdef102d0bc5d31b2546345219e348575eb80e9a0?s=96&d=mm&r=g","url":"https:\/\/secure.gravatar.com\/avatar\/37d968a2e67a6fd04c169c4bdef102d0bc5d31b2546345219e348575eb80e9a0?s=96&d=mm&r=g","contentUrl":"https:\/\/secure.gravatar.com\/avatar\/37d968a2e67a6fd04c169c4bdef102d0bc5d31b2546345219e348575eb80e9a0?s=96&d=mm&r=g","caption":"redazione"},"sameAs":["http:\/\/www.bellunopress.it","https:\/\/x.com\/bellunopress"],"url":"https:\/\/www.bellunopress.it\/fr\/author\/redazione\/"}]}},"_links":{"self":[{"href":"https:\/\/www.bellunopress.it\/fr\/wp-json\/wp\/v2\/posts\/6547","targetHints":{"allow":["GET"]}}],"collection":[{"href":"https:\/\/www.bellunopress.it\/fr\/wp-json\/wp\/v2\/posts"}],"about":[{"href":"https:\/\/www.bellunopress.it\/fr\/wp-json\/wp\/v2\/types\/post"}],"author":[{"embeddable":true,"href":"https:\/\/www.bellunopress.it\/fr\/wp-json\/wp\/v2\/users\/2"}],"replies":[{"embeddable":true,"href":"https:\/\/www.bellunopress.it\/fr\/wp-json\/wp\/v2\/comments?post=6547"}],"version-history":[{"count":2,"href":"https:\/\/www.bellunopress.it\/fr\/wp-json\/wp\/v2\/posts\/6547\/revisions"}],"predecessor-version":[{"id":6549,"href":"https:\/\/www.bellunopress.it\/fr\/wp-json\/wp\/v2\/posts\/6547\/revisions\/6549"}],"wp:attachment":[{"href":"https:\/\/www.bellunopress.it\/fr\/wp-json\/wp\/v2\/media?parent=6547"}],"wp:term":[{"taxonomy":"category","embeddable":true,"href":"https:\/\/www.bellunopress.it\/fr\/wp-json\/wp\/v2\/categories?post=6547"},{"taxonomy":"post_tag","embeddable":true,"href":"https:\/\/www.bellunopress.it\/fr\/wp-json\/wp\/v2\/tags?post=6547"}],"curies":[{"name":"wp","href":"https:\/\/api.w.org\/{rel}","templated":true}]}}