{"id":6535,"date":"2009-07-30T17:55:39","date_gmt":"2009-07-30T16:55:39","guid":{"rendered":"http:\/\/www.bellunopress.it\/?p=6535"},"modified":"2009-07-30T17:55:39","modified_gmt":"2009-07-30T16:55:39","slug":"pozzale-di-cadore-lacqua-ritorna-potabile-non-potabile-a-foche-e-tiser-in-comune-di-gosaldo","status":"publish","type":"post","link":"https:\/\/www.bellunopress.it\/fr\/2009\/07\/30\/pozzale-di-cadore-lacqua-ritorna-potabile-non-potabile-a-foche-e-tiser-in-comune-di-gosaldo\/","title":{"rendered":"Pozzale di Cadore, l&#8217;acqua ritorna potabile. Non potabile a Foche e Tiser in Comune di Gosaldo."},"content":{"rendered":"<p>Gestione Servizi Pubblici informa che l&#8217;acqua \u00e8 di nuovo potabile nella\u00a0 frazione di Pozzale in Comune di Pieve di Cadore. Lo ha comunicato oggi pomeriggio il Servizio di Igiene Alimenti e Nutrizione dell\u2019ULSS 1 di Belluno: hanno dato esito favorevole, infatti, gli accertamenti eseguiti luned\u00ec 27 luglio su alcuni campioni d\u2019acqua prelevati dalla sorgente Antelao situata sull\u2019omonima montagna. Gioved\u00ec scorso \u2013 lo ricordiamo &#8211; a causa delle forti piogge era scattato, per i circa 500 utenti residenti\u00a0 nella frazione di Pozzale, il divieto di utilizzare l\u2019acqua per scopi alimentari. Ora l\u2019allarme \u00e8 rientrato e l\u2019acqua pu\u00f2 essere utilizzata per qualsiasi uso. GSP, come di consueto, ha gi\u00e0 provveduto ad informare la popolazione interessata con avvisi informativi, telefonate con messaggio preregistrato a tutti gli utenti presenti nell\u2019elenco telefonico ed SMS su cellulare \u2013 ricordiamo che il servizio \u00e8 attivabile gratuitamente da tutti collegandosi al sito <a href=\"http:\/\/www.gestioneservizipubblici.bl.it\">www.gestioneservizipubblici.bl.it<\/a>. E\u2019 risultata non potabile, invece, l\u2019acqua distribuita dall\u2019acquedotto comunale delle frazioni di Foche e Tiser in Comune di Gosaldo. Il divieto di utilizzare l\u2019acqua \u2013 comunicato questa mattina dall\u2019Ulss di Belluno &#8211; interessa una trentina di utenze ed \u00e8 limitato all\u2019uso alimentare umano (ad esempio per cuocere i cibi, bere, ecc.), mentre sono consentiti gli usi igienico-sanitari (lavaggio di superfici, delle stoviglie ed indumenti, lavaggio della persona incluso lavaggio denti, lavaggio verdure, ecc.). GSP, come di consueto, ha gi\u00e0 provveduto a disinfettare l\u2019acqua presente nei serbatoi e nella rete idrica con l\u2019aggiunta di cloro, ma solo i nuovi accertamenti, previsti per la settimana prossima, potranno confermare se le misure adottate da GSP saranno servite a ripristinare la potabilit\u00e0.<\/p>","protected":false},"excerpt":{"rendered":"<p>Gestione Servizi Pubblici informa che l&#8217;acqua \u00e8 di nuovo potabile nella\u00a0 frazione di Pozzale in Comune di Pieve di Cadore. Lo ha comunicato oggi pomeriggio il Servizio di Igiene Alimenti e Nutrizione dell\u2019ULSS 1 di Belluno: hanno dato esito favorevole, infatti, gli accertamenti eseguiti luned\u00ec 27 luglio su alcuni campioni d\u2019acqua prelevati dalla sorgente Antelao [&hellip;]<\/p>\n","protected":false},"author":2,"featured_media":0,"comment_status":"closed","ping_status":"open","sticky":false,"template":"","format":"standard","meta":{"footnotes":""},"categories":[26,17],"tags":[3050],"class_list":["post-6535","post","type-post","status-publish","format-standard","category-prima-pagina","category-sanita","tag-sanita"],"yoast_head":"<!-- This site is optimized with the Yoast SEO plugin v28.4 - https:\/\/yoast.com\/product\/yoast-seo-wordpress\/ -->\n<title>Pozzale di Cadore, l&#039;acqua ritorna potabile. Non potabile a Foche e Tiser in Comune di Gosaldo.  - Bellunopress - Dolomiti<\/title>\n<meta name=\"robots\" content=\"index, follow, max-snippet:-1, max-image-preview:large, max-video-preview:-1\" \/>\n<link rel=\"canonical\" href=\"https:\/\/www.bellunopress.it\/fr\/2009\/07\/30\/pozzale-di-cadore-lacqua-ritorna-potabile-non-potabile-a-foche-e-tiser-in-comune-di-gosaldo\/\" \/>\n<meta property=\"og:locale\" content=\"fr_FR\" \/>\n<meta property=\"og:type\" content=\"article\" \/>\n<meta property=\"og:title\" content=\"Pozzale di Cadore, l&#039;acqua ritorna potabile. Non potabile a Foche e Tiser in Comune di Gosaldo.  - Bellunopress - Dolomiti\" \/>\n<meta property=\"og:description\" content=\"Gestione Servizi Pubblici informa che l&#8217;acqua \u00e8 di nuovo potabile nella\u00a0 frazione di Pozzale in Comune di Pieve di Cadore. Lo ha comunicato oggi pomeriggio il Servizio di Igiene Alimenti e Nutrizione dell\u2019ULSS 1 di Belluno: hanno dato esito favorevole, infatti, gli accertamenti eseguiti luned\u00ec 27 luglio su alcuni campioni d\u2019acqua prelevati dalla sorgente Antelao [&hellip;]\" \/>\n<meta property=\"og:url\" content=\"https:\/\/www.bellunopress.it\/fr\/2009\/07\/30\/pozzale-di-cadore-lacqua-ritorna-potabile-non-potabile-a-foche-e-tiser-in-comune-di-gosaldo\/\" \/>\n<meta property=\"og:site_name\" content=\"Bellunopress - Dolomiti\" \/>\n<meta property=\"article:publisher\" content=\"https:\/\/www.facebook.com\/profile.php?id=100008943462799\" \/>\n<meta property=\"article:published_time\" content=\"2009-07-30T16:55:39+00:00\" \/>\n<meta property=\"og:image\" content=\"http:\/\/www.bellunopress.it\/wp-content\/uploads\/2012\/07\/logo-bellunopress-250x250-2012.jpg\" \/>\n<meta name=\"author\" content=\"redazione\" \/>\n<meta name=\"twitter:card\" content=\"summary_large_image\" \/>\n<meta name=\"twitter:creator\" content=\"@bellunopress\" \/>\n<meta name=\"twitter:site\" content=\"@bellunopress\" \/>\n<meta name=\"twitter:label1\" content=\"\u00c9crit par\" \/>\n\t<meta name=\"twitter:data1\" content=\"redazione\" \/>\n\t<meta name=\"twitter:label2\" content=\"Dur\u00e9e de lecture estim\u00e9e\" \/>\n\t<meta name=\"twitter:data2\" content=\"1 minute\" \/>\n<script type=\"application\/ld+json\" class=\"yoast-schema-graph\">{\"@context\":\"https:\\\/\\\/schema.org\",\"@graph\":[{\"@type\":\"Article\",\"@id\":\"https:\\\/\\\/www.bellunopress.it\\\/2009\\\/07\\\/30\\\/pozzale-di-cadore-lacqua-ritorna-potabile-non-potabile-a-foche-e-tiser-in-comune-di-gosaldo\\\/#article\",\"isPartOf\":{\"@id\":\"https:\\\/\\\/www.bellunopress.it\\\/2009\\\/07\\\/30\\\/pozzale-di-cadore-lacqua-ritorna-potabile-non-potabile-a-foche-e-tiser-in-comune-di-gosaldo\\\/\"},\"author\":{\"name\":\"redazione\",\"@id\":\"https:\\\/\\\/www.bellunopress.it\\\/#\\\/schema\\\/person\\\/79bb06722b37ece1c03d3e94beb30d73\"},\"headline\":\"Pozzale di Cadore, l&#8217;acqua ritorna potabile. Non potabile a Foche e Tiser in Comune di Gosaldo.\",\"datePublished\":\"2009-07-30T16:55:39+00:00\",\"mainEntityOfPage\":{\"@id\":\"https:\\\/\\\/www.bellunopress.it\\\/2009\\\/07\\\/30\\\/pozzale-di-cadore-lacqua-ritorna-potabile-non-potabile-a-foche-e-tiser-in-comune-di-gosaldo\\\/\"},\"wordCount\":288,\"publisher\":{\"@id\":\"https:\\\/\\\/www.bellunopress.it\\\/#organization\"},\"keywords\":[\"Sanit\u00e0\"],\"articleSection\":[\"Prima Pagina\",\"Sanit\u00e0 Medicina\"],\"inLanguage\":\"fr-FR\"},{\"@type\":\"WebPage\",\"@id\":\"https:\\\/\\\/www.bellunopress.it\\\/2009\\\/07\\\/30\\\/pozzale-di-cadore-lacqua-ritorna-potabile-non-potabile-a-foche-e-tiser-in-comune-di-gosaldo\\\/\",\"url\":\"https:\\\/\\\/www.bellunopress.it\\\/2009\\\/07\\\/30\\\/pozzale-di-cadore-lacqua-ritorna-potabile-non-potabile-a-foche-e-tiser-in-comune-di-gosaldo\\\/\",\"name\":\"Pozzale di Cadore, l'acqua ritorna potabile. Non potabile a Foche e Tiser in Comune di Gosaldo. - Bellunopress - Dolomiti\",\"isPartOf\":{\"@id\":\"https:\\\/\\\/www.bellunopress.it\\\/#website\"},\"datePublished\":\"2009-07-30T16:55:39+00:00\",\"breadcrumb\":{\"@id\":\"https:\\\/\\\/www.bellunopress.it\\\/2009\\\/07\\\/30\\\/pozzale-di-cadore-lacqua-ritorna-potabile-non-potabile-a-foche-e-tiser-in-comune-di-gosaldo\\\/#breadcrumb\"},\"inLanguage\":\"fr-FR\",\"potentialAction\":[{\"@type\":\"ReadAction\",\"target\":[\"https:\\\/\\\/www.bellunopress.it\\\/2009\\\/07\\\/30\\\/pozzale-di-cadore-lacqua-ritorna-potabile-non-potabile-a-foche-e-tiser-in-comune-di-gosaldo\\\/\"]}]},{\"@type\":\"BreadcrumbList\",\"@id\":\"https:\\\/\\\/www.bellunopress.it\\\/2009\\\/07\\\/30\\\/pozzale-di-cadore-lacqua-ritorna-potabile-non-potabile-a-foche-e-tiser-in-comune-di-gosaldo\\\/#breadcrumb\",\"itemListElement\":[{\"@type\":\"ListItem\",\"position\":1,\"name\":\"Home\",\"item\":\"https:\\\/\\\/www.bellunopress.it\\\/\"},{\"@type\":\"ListItem\",\"position\":2,\"name\":\"Pozzale di Cadore, l&#8217;acqua ritorna potabile. Non potabile a Foche e Tiser in Comune di Gosaldo.\"}]},{\"@type\":\"WebSite\",\"@id\":\"https:\\\/\\\/www.bellunopress.it\\\/#website\",\"url\":\"https:\\\/\\\/www.bellunopress.it\\\/\",\"name\":\"Bellunopress - Dolomiti\",\"description\":\"e-mail: redazione@bellunopress.it\",\"publisher\":{\"@id\":\"https:\\\/\\\/www.bellunopress.it\\\/#organization\"},\"potentialAction\":[{\"@type\":\"SearchAction\",\"target\":{\"@type\":\"EntryPoint\",\"urlTemplate\":\"https:\\\/\\\/www.bellunopress.it\\\/?s={search_term_string}\"},\"query-input\":{\"@type\":\"PropertyValueSpecification\",\"valueRequired\":true,\"valueName\":\"search_term_string\"}}],\"inLanguage\":\"fr-FR\"},{\"@type\":\"Organization\",\"@id\":\"https:\\\/\\\/www.bellunopress.it\\\/#organization\",\"name\":\"Bellunopress\",\"url\":\"https:\\\/\\\/www.bellunopress.it\\\/\",\"logo\":{\"@type\":\"ImageObject\",\"inLanguage\":\"fr-FR\",\"@id\":\"https:\\\/\\\/www.bellunopress.it\\\/#\\\/schema\\\/logo\\\/image\\\/\",\"url\":\"https:\\\/\\\/www.bellunopress.it\\\/wp-content\\\/uploads\\\/2011\\\/05\\\/cropped-logo-bellunopress-.jpg\",\"contentUrl\":\"https:\\\/\\\/www.bellunopress.it\\\/wp-content\\\/uploads\\\/2011\\\/05\\\/cropped-logo-bellunopress-.jpg\",\"width\":512,\"height\":512,\"caption\":\"Bellunopress\"},\"image\":{\"@id\":\"https:\\\/\\\/www.bellunopress.it\\\/#\\\/schema\\\/logo\\\/image\\\/\"},\"sameAs\":[\"https:\\\/\\\/www.facebook.com\\\/profile.php?id=100008943462799\",\"https:\\\/\\\/x.com\\\/bellunopress\",\"https:\\\/\\\/www.linkedin.com\\\/hp\\\/?dnr=JBzUWaJfMUw8vbXJJ2tVW5-I3jZKvC4wsoxE&amp;amp;amp;amp;amp;amp;trk=nav_responsive_tab_home\",\"https:\\\/\\\/www.youtube.com\\\/channel\\\/UCxL0wu1uN0_3_7hGG0306cw\"]},{\"@type\":\"Person\",\"@id\":\"https:\\\/\\\/www.bellunopress.it\\\/#\\\/schema\\\/person\\\/79bb06722b37ece1c03d3e94beb30d73\",\"name\":\"redazione\",\"image\":{\"@type\":\"ImageObject\",\"inLanguage\":\"fr-FR\",\"@id\":\"https:\\\/\\\/secure.gravatar.com\\\/avatar\\\/37d968a2e67a6fd04c169c4bdef102d0bc5d31b2546345219e348575eb80e9a0?s=96&d=mm&r=g\",\"url\":\"https:\\\/\\\/secure.gravatar.com\\\/avatar\\\/37d968a2e67a6fd04c169c4bdef102d0bc5d31b2546345219e348575eb80e9a0?s=96&d=mm&r=g\",\"contentUrl\":\"https:\\\/\\\/secure.gravatar.com\\\/avatar\\\/37d968a2e67a6fd04c169c4bdef102d0bc5d31b2546345219e348575eb80e9a0?s=96&d=mm&r=g\",\"caption\":\"redazione\"},\"sameAs\":[\"http:\\\/\\\/www.bellunopress.it\",\"https:\\\/\\\/x.com\\\/bellunopress\"],\"url\":\"https:\\\/\\\/www.bellunopress.it\\\/fr\\\/author\\\/redazione\\\/\"}]}<\/script>\n<!-- \/ Yoast SEO plugin. -->","yoast_head_json":{"title":"Pozzale di Cadore, l'acqua ritorna potabile. Non potabile a Foche e Tiser in Comune di Gosaldo.  - Bellunopress - Dolomiti","robots":{"index":"index","follow":"follow","max-snippet":"max-snippet:-1","max-image-preview":"max-image-preview:large","max-video-preview":"max-video-preview:-1"},"canonical":"https:\/\/www.bellunopress.it\/fr\/2009\/07\/30\/pozzale-di-cadore-lacqua-ritorna-potabile-non-potabile-a-foche-e-tiser-in-comune-di-gosaldo\/","og_locale":"fr_FR","og_type":"article","og_title":"Pozzale di Cadore, l'acqua ritorna potabile. Non potabile a Foche e Tiser in Comune di Gosaldo.  - Bellunopress - Dolomiti","og_description":"Gestione Servizi Pubblici informa che l&#8217;acqua \u00e8 di nuovo potabile nella\u00a0 frazione di Pozzale in Comune di Pieve di Cadore. Lo ha comunicato oggi pomeriggio il Servizio di Igiene Alimenti e Nutrizione dell\u2019ULSS 1 di Belluno: hanno dato esito favorevole, infatti, gli accertamenti eseguiti luned\u00ec 27 luglio su alcuni campioni d\u2019acqua prelevati dalla sorgente Antelao [&hellip;]","og_url":"https:\/\/www.bellunopress.it\/fr\/2009\/07\/30\/pozzale-di-cadore-lacqua-ritorna-potabile-non-potabile-a-foche-e-tiser-in-comune-di-gosaldo\/","og_site_name":"Bellunopress - Dolomiti","article_publisher":"https:\/\/www.facebook.com\/profile.php?id=100008943462799","article_published_time":"2009-07-30T16:55:39+00:00","og_image":[{"url":"http:\/\/www.bellunopress.it\/wp-content\/uploads\/2012\/07\/logo-bellunopress-250x250-2012.jpg","type":"","width":"","height":""}],"author":"redazione","twitter_card":"summary_large_image","twitter_creator":"@bellunopress","twitter_site":"@bellunopress","twitter_misc":{"\u00c9crit par":"redazione","Dur\u00e9e de lecture estim\u00e9e":"1 minute"},"schema":{"@context":"https:\/\/schema.org","@graph":[{"@type":"Article","@id":"https:\/\/www.bellunopress.it\/2009\/07\/30\/pozzale-di-cadore-lacqua-ritorna-potabile-non-potabile-a-foche-e-tiser-in-comune-di-gosaldo\/#article","isPartOf":{"@id":"https:\/\/www.bellunopress.it\/2009\/07\/30\/pozzale-di-cadore-lacqua-ritorna-potabile-non-potabile-a-foche-e-tiser-in-comune-di-gosaldo\/"},"author":{"name":"redazione","@id":"https:\/\/www.bellunopress.it\/#\/schema\/person\/79bb06722b37ece1c03d3e94beb30d73"},"headline":"Pozzale di Cadore, l&#8217;acqua ritorna potabile. Non potabile a Foche e Tiser in Comune di Gosaldo.","datePublished":"2009-07-30T16:55:39+00:00","mainEntityOfPage":{"@id":"https:\/\/www.bellunopress.it\/2009\/07\/30\/pozzale-di-cadore-lacqua-ritorna-potabile-non-potabile-a-foche-e-tiser-in-comune-di-gosaldo\/"},"wordCount":288,"publisher":{"@id":"https:\/\/www.bellunopress.it\/#organization"},"keywords":["Sanit\u00e0"],"articleSection":["Prima Pagina","Sanit\u00e0 Medicina"],"inLanguage":"fr-FR"},{"@type":"WebPage","@id":"https:\/\/www.bellunopress.it\/2009\/07\/30\/pozzale-di-cadore-lacqua-ritorna-potabile-non-potabile-a-foche-e-tiser-in-comune-di-gosaldo\/","url":"https:\/\/www.bellunopress.it\/2009\/07\/30\/pozzale-di-cadore-lacqua-ritorna-potabile-non-potabile-a-foche-e-tiser-in-comune-di-gosaldo\/","name":"Pozzale di Cadore, l'acqua ritorna potabile. Non potabile a Foche e Tiser in Comune di Gosaldo. - Bellunopress - Dolomiti","isPartOf":{"@id":"https:\/\/www.bellunopress.it\/#website"},"datePublished":"2009-07-30T16:55:39+00:00","breadcrumb":{"@id":"https:\/\/www.bellunopress.it\/2009\/07\/30\/pozzale-di-cadore-lacqua-ritorna-potabile-non-potabile-a-foche-e-tiser-in-comune-di-gosaldo\/#breadcrumb"},"inLanguage":"fr-FR","potentialAction":[{"@type":"ReadAction","target":["https:\/\/www.bellunopress.it\/2009\/07\/30\/pozzale-di-cadore-lacqua-ritorna-potabile-non-potabile-a-foche-e-tiser-in-comune-di-gosaldo\/"]}]},{"@type":"BreadcrumbList","@id":"https:\/\/www.bellunopress.it\/2009\/07\/30\/pozzale-di-cadore-lacqua-ritorna-potabile-non-potabile-a-foche-e-tiser-in-comune-di-gosaldo\/#breadcrumb","itemListElement":[{"@type":"ListItem","position":1,"name":"Home","item":"https:\/\/www.bellunopress.it\/"},{"@type":"ListItem","position":2,"name":"Pozzale di Cadore, l&#8217;acqua ritorna potabile. Non potabile a Foche e Tiser in Comune di Gosaldo."}]},{"@type":"WebSite","@id":"https:\/\/www.bellunopress.it\/#website","url":"https:\/\/www.bellunopress.it\/","name":"Bellunopress - Dolomiti","description":"e-mail: redazione@bellunopress.it","publisher":{"@id":"https:\/\/www.bellunopress.it\/#organization"},"potentialAction":[{"@type":"SearchAction","target":{"@type":"EntryPoint","urlTemplate":"https:\/\/www.bellunopress.it\/?s={search_term_string}"},"query-input":{"@type":"PropertyValueSpecification","valueRequired":true,"valueName":"search_term_string"}}],"inLanguage":"fr-FR"},{"@type":"Organization","@id":"https:\/\/www.bellunopress.it\/#organization","name":"Bellunopress","url":"https:\/\/www.bellunopress.it\/","logo":{"@type":"ImageObject","inLanguage":"fr-FR","@id":"https:\/\/www.bellunopress.it\/#\/schema\/logo\/image\/","url":"https:\/\/www.bellunopress.it\/wp-content\/uploads\/2011\/05\/cropped-logo-bellunopress-.jpg","contentUrl":"https:\/\/www.bellunopress.it\/wp-content\/uploads\/2011\/05\/cropped-logo-bellunopress-.jpg","width":512,"height":512,"caption":"Bellunopress"},"image":{"@id":"https:\/\/www.bellunopress.it\/#\/schema\/logo\/image\/"},"sameAs":["https:\/\/www.facebook.com\/profile.php?id=100008943462799","https:\/\/x.com\/bellunopress","https:\/\/www.linkedin.com\/hp\/?dnr=JBzUWaJfMUw8vbXJJ2tVW5-I3jZKvC4wsoxE&amp;amp;amp;amp;amp;amp;trk=nav_responsive_tab_home","https:\/\/www.youtube.com\/channel\/UCxL0wu1uN0_3_7hGG0306cw"]},{"@type":"Person","@id":"https:\/\/www.bellunopress.it\/#\/schema\/person\/79bb06722b37ece1c03d3e94beb30d73","name":"r\u00e9daction","image":{"@type":"ImageObject","inLanguage":"fr-FR","@id":"https:\/\/secure.gravatar.com\/avatar\/37d968a2e67a6fd04c169c4bdef102d0bc5d31b2546345219e348575eb80e9a0?s=96&d=mm&r=g","url":"https:\/\/secure.gravatar.com\/avatar\/37d968a2e67a6fd04c169c4bdef102d0bc5d31b2546345219e348575eb80e9a0?s=96&d=mm&r=g","contentUrl":"https:\/\/secure.gravatar.com\/avatar\/37d968a2e67a6fd04c169c4bdef102d0bc5d31b2546345219e348575eb80e9a0?s=96&d=mm&r=g","caption":"redazione"},"sameAs":["http:\/\/www.bellunopress.it","https:\/\/x.com\/bellunopress"],"url":"https:\/\/www.bellunopress.it\/fr\/author\/redazione\/"}]}},"_links":{"self":[{"href":"https:\/\/www.bellunopress.it\/fr\/wp-json\/wp\/v2\/posts\/6535","targetHints":{"allow":["GET"]}}],"collection":[{"href":"https:\/\/www.bellunopress.it\/fr\/wp-json\/wp\/v2\/posts"}],"about":[{"href":"https:\/\/www.bellunopress.it\/fr\/wp-json\/wp\/v2\/types\/post"}],"author":[{"embeddable":true,"href":"https:\/\/www.bellunopress.it\/fr\/wp-json\/wp\/v2\/users\/2"}],"replies":[{"embeddable":true,"href":"https:\/\/www.bellunopress.it\/fr\/wp-json\/wp\/v2\/comments?post=6535"}],"version-history":[{"count":1,"href":"https:\/\/www.bellunopress.it\/fr\/wp-json\/wp\/v2\/posts\/6535\/revisions"}],"predecessor-version":[{"id":6536,"href":"https:\/\/www.bellunopress.it\/fr\/wp-json\/wp\/v2\/posts\/6535\/revisions\/6536"}],"wp:attachment":[{"href":"https:\/\/www.bellunopress.it\/fr\/wp-json\/wp\/v2\/media?parent=6535"}],"wp:term":[{"taxonomy":"category","embeddable":true,"href":"https:\/\/www.bellunopress.it\/fr\/wp-json\/wp\/v2\/categories?post=6535"},{"taxonomy":"post_tag","embeddable":true,"href":"https:\/\/www.bellunopress.it\/fr\/wp-json\/wp\/v2\/tags?post=6535"}],"curies":[{"name":"wp","href":"https:\/\/api.w.org\/{rel}","templated":true}]}}