{"id":6533,"date":"2009-07-30T17:35:48","date_gmt":"2009-07-30T16:35:48","guid":{"rendered":"http:\/\/www.bellunopress.it\/?p=6533"},"modified":"2009-07-30T17:35:48","modified_gmt":"2009-07-30T16:35:48","slug":"villa-di-villa-in-corsa-la-festa-dellatletica-bellunese","status":"publish","type":"post","link":"https:\/\/www.bellunopress.it\/fr\/2009\/07\/30\/villa-di-villa-in-corsa-la-festa-dellatletica-bellunese\/","title":{"rendered":"Villa di Villa in corsa, la festa dell&#8217;atletica bellunese"},"content":{"rendered":"<p>Mel (Belluno), 30 luglio 2009 \u2013 Le promesse del mezzofondo bellunese si sono sfidate ieri sera nella prima edizione della \u201cVilla di Villa in corsa\u201d, manifestazione proposta a Villa di Villa di Mel (Belluno) da Gs La Piave 2000 e Gs Villa di Villa, in collaborazione con Comitato provinciale bellunese Fidal, Csi Belluno e Comune di Mel. L\u2019evento, secondo appuntamento del Trofeo Kiwi Sport, era valevole per l\u2019assegnazione dei titoli di campione provinciale 2009 Fidal di corsa su strada. A imporsi sono stati Laura Maraga (Cadette, Gs Quantin), Federico Polesana (Cadetti, Ana Feltre), Elena Susana (Esordienti A, La Piave), Paola Comiotto (Esordienti B, La Piave), Manuela Comiotto (Esordienti C, La Piave), Stefano Bernardi (Esordienti A, Gs Quantin), Stefano De Gasperin (Esordienti B, La Piave), Samuele De Vecchi (Esordienti C, La Piave), Francesca Comiotto (Ragazze, La Piave), Yuri Piccolotto (Ragazzi, Ana Feltre).<br \/>\nAl termine delle gare giovanili si \u00e8 disputata la Staffetta 2&#215;1800 non competitiva, riservata agli atleti nati dopo il 1993, manifestazione che ha visto al via 50 coppie, alcune delle quali da fuori provincia. A imporsi nella classifica maschile sono stati Gabriele Fantasia e Diego Avon, mentre nella classifica per coppie femminili la vittoria \u00e8 andata al tandem Gaia Beninc\u00e0-Sabrina Boldrin. Tra le miste si sono imposti Sara Gasparetto e Maurizio Mazzon. A dare lustro alla gara anche Gabriele De Nard: l\u2019azzurro del cross ha corso insieme all\u2019amico Michele Gelisio, chiudendo in 9. posizione.<br \/>\nDi seguito le classifiche.<\/p>\n<p>CAMPIONATO PROVINCIALE FIDAL<br \/>\nCadette: 1. Laura Maraga (Gs Quantin) 6\u201944\u201d; 2. Chiara Schievenin (La Piave) 6\u201948\u201d; 3. Iris Facchin (Gs Quantin) 6\u201954\u201d.<br \/>\nCadetti: 1. Federico Polesana (Ana Feltre) 8\u201908\u201d; 2. Filippo Viel (Gs Quantin) 8\u201913\u201d; 33. Enrico Riccobon (Athletic club Belluno) 8\u201915\u201d.<br \/>\nEsordienti A femminile: 1. Elena Susana (La Piave) 2\u201901\u201d; 2. Lorena Nard (La Piave) 2\u201905\u201d; 3. Marta Lorenzet (La Piave) 2\u201910\u201d.<br \/>\nEsordienti B femminile: 1. Paola Comiotto (La Piave) 2\u201910\u201d; 2. Evelin Mazzocco (Astra Quero) 2\u201913\u201d; 3. Marta Dal Farra (La Piave) 2\u201918\u201d.<br \/>\nEsordienti C femminile: 1. Manuela Comiotto (La Piave) 2\u201936\u201d; 2. Giada Facchin (La Piave) 2\u201947\u201d; 3. Giada Bigi (La Piave) 2\u201957\u201d.<br \/>\nEsordienti A maschile: 1. Stefano Bernardi (Gs Quantin)) 1\u201947\u201d; 2. Andrea Gasparetto (Atletica Ponzano) 1\u201954\u201d; 3. Leonardo Oliveri (La Piave) 1\u201957\u201d.<br \/>\nEsordienti B maschile: 1. Stefano De Gasperin (La Piave) 2\u201907\u201d; 2. Ruben Deola (La Piave) 2\u201909\u201d; 3. Marco Isotton (La Piave) 2\u201913\u201d.<br \/>\nEsordienti C maschile: 1. Samuele De Vecchi (La Piave) 2\u201928\u201d; 2. Alberto Da Ponte (La Piave) 2\u201942\u201d; 3. Tino Ferrighetto (La Piave) 2\u201943\u201d.<br \/>\nRagazze: 1. Francesca Comiotto (La Piave) 3\u201903\u201d; 2. Elena Gallon (La Piave) 3\u201913\u201d; 3. Laura Facco (Gs Quantin) 3\u201915\u201d.<br \/>\nRagazzi: 1. Yuri Piccolotto (Ana Feltre) 2\u201954\u201d, 2. Claudio Tonet (La Piave) 2\u201957\u201d; 3. Luca Moret (La Piave) 2\u201959\u201d.<br \/>\nSTAFFETTA AMATORIALE<br \/>\nMaschile: 1. Gabriele Fantasia-Diego Avin 9\u201950\u201d; 2. Marco Spada-Nicola Spada 9\u201956\u201d; Mauro Amadio-Mirco Signorotto 10\u201908; 4. Ruben Mione-Christian Mione 10\u201913\u201d; 5. cesare Franceschin-Angelo Scariot 10\u201920\u201d.<br \/>\nFemminile: 1. Gaia Beninc\u00e0-Sabrina Boldrin 12\u201926\u201d; 2. Miriam Minella-Silvia Mastel 13\u201909\u201d; 3. Valeria Ollano-Giulia Franzot 19\u201952\u201d.<br \/>\nMista: 1. Sara Gasparetto-Maurizio Mazzon 11\u201934\u201d; 2. Angela De Poi-RobertoTornabene 11\u201941\u201d; 3. Marta Zanon-Ivan Petris 12\u201915\u201d.<\/p>","protected":false},"excerpt":{"rendered":"<p>Mel (Belluno), 30 luglio 2009 \u2013 Le promesse del mezzofondo bellunese si sono sfidate ieri sera nella prima edizione della \u201cVilla di Villa in corsa\u201d, manifestazione proposta a Villa di Villa di Mel (Belluno) da Gs La Piave 2000 e Gs Villa di Villa, in collaborazione con Comitato provinciale bellunese Fidal, Csi Belluno e Comune [&hellip;]<\/p>\n","protected":false},"author":2,"featured_media":0,"comment_status":"closed","ping_status":"open","sticky":false,"template":"","format":"standard","meta":{"footnotes":""},"categories":[4],"tags":[139,302],"class_list":["post-6533","post","type-post","status-publish","format-standard","category-sport","tag-belluno","tag-feltre"],"yoast_head":"<!-- This site is optimized with the Yoast SEO plugin v28.4 - https:\/\/yoast.com\/product\/yoast-seo-wordpress\/ -->\n<title>Villa di Villa in corsa, la festa dell&#039;atletica bellunese  - Bellunopress - Dolomiti<\/title>\n<meta name=\"robots\" content=\"index, follow, max-snippet:-1, max-image-preview:large, max-video-preview:-1\" \/>\n<link rel=\"canonical\" href=\"https:\/\/www.bellunopress.it\/fr\/2009\/07\/30\/villa-di-villa-in-corsa-la-festa-dellatletica-bellunese\/\" \/>\n<meta property=\"og:locale\" content=\"fr_FR\" \/>\n<meta property=\"og:type\" content=\"article\" \/>\n<meta property=\"og:title\" content=\"Villa di Villa in corsa, la festa dell&#039;atletica bellunese  - Bellunopress - Dolomiti\" \/>\n<meta property=\"og:description\" content=\"Mel (Belluno), 30 luglio 2009 \u2013 Le promesse del mezzofondo bellunese si sono sfidate ieri sera nella prima edizione della \u201cVilla di Villa in corsa\u201d, manifestazione proposta a Villa di Villa di Mel (Belluno) da Gs La Piave 2000 e Gs Villa di Villa, in collaborazione con Comitato provinciale bellunese Fidal, Csi Belluno e Comune [&hellip;]\" \/>\n<meta property=\"og:url\" content=\"https:\/\/www.bellunopress.it\/fr\/2009\/07\/30\/villa-di-villa-in-corsa-la-festa-dellatletica-bellunese\/\" \/>\n<meta property=\"og:site_name\" content=\"Bellunopress - Dolomiti\" \/>\n<meta property=\"article:publisher\" content=\"https:\/\/www.facebook.com\/profile.php?id=100008943462799\" \/>\n<meta property=\"article:published_time\" content=\"2009-07-30T16:35:48+00:00\" \/>\n<meta property=\"og:image\" content=\"http:\/\/www.bellunopress.it\/wp-content\/uploads\/2012\/07\/logo-bellunopress-250x250-2012.jpg\" \/>\n<meta name=\"author\" content=\"redazione\" \/>\n<meta name=\"twitter:card\" content=\"summary_large_image\" \/>\n<meta name=\"twitter:creator\" content=\"@bellunopress\" \/>\n<meta name=\"twitter:site\" content=\"@bellunopress\" \/>\n<meta name=\"twitter:label1\" content=\"\u00c9crit par\" \/>\n\t<meta name=\"twitter:data1\" content=\"redazione\" \/>\n\t<meta name=\"twitter:label2\" content=\"Dur\u00e9e de lecture estim\u00e9e\" \/>\n\t<meta name=\"twitter:data2\" content=\"2 minutes\" \/>\n<script type=\"application\/ld+json\" class=\"yoast-schema-graph\">{\"@context\":\"https:\\\/\\\/schema.org\",\"@graph\":[{\"@type\":\"Article\",\"@id\":\"https:\\\/\\\/www.bellunopress.it\\\/2009\\\/07\\\/30\\\/villa-di-villa-in-corsa-la-festa-dellatletica-bellunese\\\/#article\",\"isPartOf\":{\"@id\":\"https:\\\/\\\/www.bellunopress.it\\\/2009\\\/07\\\/30\\\/villa-di-villa-in-corsa-la-festa-dellatletica-bellunese\\\/\"},\"author\":{\"name\":\"redazione\",\"@id\":\"https:\\\/\\\/www.bellunopress.it\\\/#\\\/schema\\\/person\\\/79bb06722b37ece1c03d3e94beb30d73\"},\"headline\":\"Villa di Villa in corsa, la festa dell&#8217;atletica bellunese\",\"datePublished\":\"2009-07-30T16:35:48+00:00\",\"mainEntityOfPage\":{\"@id\":\"https:\\\/\\\/www.bellunopress.it\\\/2009\\\/07\\\/30\\\/villa-di-villa-in-corsa-la-festa-dellatletica-bellunese\\\/\"},\"wordCount\":433,\"publisher\":{\"@id\":\"https:\\\/\\\/www.bellunopress.it\\\/#organization\"},\"keywords\":[\"Belluno\",\"Feltre\"],\"articleSection\":[\"Sport, tempo libero\"],\"inLanguage\":\"fr-FR\"},{\"@type\":\"WebPage\",\"@id\":\"https:\\\/\\\/www.bellunopress.it\\\/2009\\\/07\\\/30\\\/villa-di-villa-in-corsa-la-festa-dellatletica-bellunese\\\/\",\"url\":\"https:\\\/\\\/www.bellunopress.it\\\/2009\\\/07\\\/30\\\/villa-di-villa-in-corsa-la-festa-dellatletica-bellunese\\\/\",\"name\":\"Villa di Villa in corsa, la festa dell'atletica bellunese - Bellunopress - Dolomiti\",\"isPartOf\":{\"@id\":\"https:\\\/\\\/www.bellunopress.it\\\/#website\"},\"datePublished\":\"2009-07-30T16:35:48+00:00\",\"breadcrumb\":{\"@id\":\"https:\\\/\\\/www.bellunopress.it\\\/2009\\\/07\\\/30\\\/villa-di-villa-in-corsa-la-festa-dellatletica-bellunese\\\/#breadcrumb\"},\"inLanguage\":\"fr-FR\",\"potentialAction\":[{\"@type\":\"ReadAction\",\"target\":[\"https:\\\/\\\/www.bellunopress.it\\\/2009\\\/07\\\/30\\\/villa-di-villa-in-corsa-la-festa-dellatletica-bellunese\\\/\"]}]},{\"@type\":\"BreadcrumbList\",\"@id\":\"https:\\\/\\\/www.bellunopress.it\\\/2009\\\/07\\\/30\\\/villa-di-villa-in-corsa-la-festa-dellatletica-bellunese\\\/#breadcrumb\",\"itemListElement\":[{\"@type\":\"ListItem\",\"position\":1,\"name\":\"Home\",\"item\":\"https:\\\/\\\/www.bellunopress.it\\\/\"},{\"@type\":\"ListItem\",\"position\":2,\"name\":\"Villa di Villa in corsa, la festa dell&#8217;atletica bellunese\"}]},{\"@type\":\"WebSite\",\"@id\":\"https:\\\/\\\/www.bellunopress.it\\\/#website\",\"url\":\"https:\\\/\\\/www.bellunopress.it\\\/\",\"name\":\"Bellunopress - Dolomiti\",\"description\":\"e-mail: redazione@bellunopress.it\",\"publisher\":{\"@id\":\"https:\\\/\\\/www.bellunopress.it\\\/#organization\"},\"potentialAction\":[{\"@type\":\"SearchAction\",\"target\":{\"@type\":\"EntryPoint\",\"urlTemplate\":\"https:\\\/\\\/www.bellunopress.it\\\/?s={search_term_string}\"},\"query-input\":{\"@type\":\"PropertyValueSpecification\",\"valueRequired\":true,\"valueName\":\"search_term_string\"}}],\"inLanguage\":\"fr-FR\"},{\"@type\":\"Organization\",\"@id\":\"https:\\\/\\\/www.bellunopress.it\\\/#organization\",\"name\":\"Bellunopress\",\"url\":\"https:\\\/\\\/www.bellunopress.it\\\/\",\"logo\":{\"@type\":\"ImageObject\",\"inLanguage\":\"fr-FR\",\"@id\":\"https:\\\/\\\/www.bellunopress.it\\\/#\\\/schema\\\/logo\\\/image\\\/\",\"url\":\"https:\\\/\\\/www.bellunopress.it\\\/wp-content\\\/uploads\\\/2011\\\/05\\\/cropped-logo-bellunopress-.jpg\",\"contentUrl\":\"https:\\\/\\\/www.bellunopress.it\\\/wp-content\\\/uploads\\\/2011\\\/05\\\/cropped-logo-bellunopress-.jpg\",\"width\":512,\"height\":512,\"caption\":\"Bellunopress\"},\"image\":{\"@id\":\"https:\\\/\\\/www.bellunopress.it\\\/#\\\/schema\\\/logo\\\/image\\\/\"},\"sameAs\":[\"https:\\\/\\\/www.facebook.com\\\/profile.php?id=100008943462799\",\"https:\\\/\\\/x.com\\\/bellunopress\",\"https:\\\/\\\/www.linkedin.com\\\/hp\\\/?dnr=JBzUWaJfMUw8vbXJJ2tVW5-I3jZKvC4wsoxE&amp;amp;amp;amp;amp;amp;trk=nav_responsive_tab_home\",\"https:\\\/\\\/www.youtube.com\\\/channel\\\/UCxL0wu1uN0_3_7hGG0306cw\"]},{\"@type\":\"Person\",\"@id\":\"https:\\\/\\\/www.bellunopress.it\\\/#\\\/schema\\\/person\\\/79bb06722b37ece1c03d3e94beb30d73\",\"name\":\"redazione\",\"image\":{\"@type\":\"ImageObject\",\"inLanguage\":\"fr-FR\",\"@id\":\"https:\\\/\\\/secure.gravatar.com\\\/avatar\\\/37d968a2e67a6fd04c169c4bdef102d0bc5d31b2546345219e348575eb80e9a0?s=96&d=mm&r=g\",\"url\":\"https:\\\/\\\/secure.gravatar.com\\\/avatar\\\/37d968a2e67a6fd04c169c4bdef102d0bc5d31b2546345219e348575eb80e9a0?s=96&d=mm&r=g\",\"contentUrl\":\"https:\\\/\\\/secure.gravatar.com\\\/avatar\\\/37d968a2e67a6fd04c169c4bdef102d0bc5d31b2546345219e348575eb80e9a0?s=96&d=mm&r=g\",\"caption\":\"redazione\"},\"sameAs\":[\"http:\\\/\\\/www.bellunopress.it\",\"https:\\\/\\\/x.com\\\/bellunopress\"],\"url\":\"https:\\\/\\\/www.bellunopress.it\\\/fr\\\/author\\\/redazione\\\/\"}]}<\/script>\n<!-- \/ Yoast SEO plugin. -->","yoast_head_json":{"title":"Villa di Villa in corsa, la festa dell'atletica bellunese  - Bellunopress - Dolomiti","robots":{"index":"index","follow":"follow","max-snippet":"max-snippet:-1","max-image-preview":"max-image-preview:large","max-video-preview":"max-video-preview:-1"},"canonical":"https:\/\/www.bellunopress.it\/fr\/2009\/07\/30\/villa-di-villa-in-corsa-la-festa-dellatletica-bellunese\/","og_locale":"fr_FR","og_type":"article","og_title":"Villa di Villa in corsa, la festa dell'atletica bellunese  - Bellunopress - Dolomiti","og_description":"Mel (Belluno), 30 luglio 2009 \u2013 Le promesse del mezzofondo bellunese si sono sfidate ieri sera nella prima edizione della \u201cVilla di Villa in corsa\u201d, manifestazione proposta a Villa di Villa di Mel (Belluno) da Gs La Piave 2000 e Gs Villa di Villa, in collaborazione con Comitato provinciale bellunese Fidal, Csi Belluno e Comune [&hellip;]","og_url":"https:\/\/www.bellunopress.it\/fr\/2009\/07\/30\/villa-di-villa-in-corsa-la-festa-dellatletica-bellunese\/","og_site_name":"Bellunopress - Dolomiti","article_publisher":"https:\/\/www.facebook.com\/profile.php?id=100008943462799","article_published_time":"2009-07-30T16:35:48+00:00","og_image":[{"url":"http:\/\/www.bellunopress.it\/wp-content\/uploads\/2012\/07\/logo-bellunopress-250x250-2012.jpg","type":"","width":"","height":""}],"author":"redazione","twitter_card":"summary_large_image","twitter_creator":"@bellunopress","twitter_site":"@bellunopress","twitter_misc":{"\u00c9crit par":"redazione","Dur\u00e9e de lecture estim\u00e9e":"2 minutes"},"schema":{"@context":"https:\/\/schema.org","@graph":[{"@type":"Article","@id":"https:\/\/www.bellunopress.it\/2009\/07\/30\/villa-di-villa-in-corsa-la-festa-dellatletica-bellunese\/#article","isPartOf":{"@id":"https:\/\/www.bellunopress.it\/2009\/07\/30\/villa-di-villa-in-corsa-la-festa-dellatletica-bellunese\/"},"author":{"name":"redazione","@id":"https:\/\/www.bellunopress.it\/#\/schema\/person\/79bb06722b37ece1c03d3e94beb30d73"},"headline":"Villa di Villa in corsa, la festa dell&#8217;atletica bellunese","datePublished":"2009-07-30T16:35:48+00:00","mainEntityOfPage":{"@id":"https:\/\/www.bellunopress.it\/2009\/07\/30\/villa-di-villa-in-corsa-la-festa-dellatletica-bellunese\/"},"wordCount":433,"publisher":{"@id":"https:\/\/www.bellunopress.it\/#organization"},"keywords":["Belluno","Feltre"],"articleSection":["Sport, tempo libero"],"inLanguage":"fr-FR"},{"@type":"WebPage","@id":"https:\/\/www.bellunopress.it\/2009\/07\/30\/villa-di-villa-in-corsa-la-festa-dellatletica-bellunese\/","url":"https:\/\/www.bellunopress.it\/2009\/07\/30\/villa-di-villa-in-corsa-la-festa-dellatletica-bellunese\/","name":"Villa di Villa in corsa, la festa dell'atletica bellunese - Bellunopress - Dolomiti","isPartOf":{"@id":"https:\/\/www.bellunopress.it\/#website"},"datePublished":"2009-07-30T16:35:48+00:00","breadcrumb":{"@id":"https:\/\/www.bellunopress.it\/2009\/07\/30\/villa-di-villa-in-corsa-la-festa-dellatletica-bellunese\/#breadcrumb"},"inLanguage":"fr-FR","potentialAction":[{"@type":"ReadAction","target":["https:\/\/www.bellunopress.it\/2009\/07\/30\/villa-di-villa-in-corsa-la-festa-dellatletica-bellunese\/"]}]},{"@type":"BreadcrumbList","@id":"https:\/\/www.bellunopress.it\/2009\/07\/30\/villa-di-villa-in-corsa-la-festa-dellatletica-bellunese\/#breadcrumb","itemListElement":[{"@type":"ListItem","position":1,"name":"Home","item":"https:\/\/www.bellunopress.it\/"},{"@type":"ListItem","position":2,"name":"Villa di Villa in corsa, la festa dell&#8217;atletica bellunese"}]},{"@type":"WebSite","@id":"https:\/\/www.bellunopress.it\/#website","url":"https:\/\/www.bellunopress.it\/","name":"Bellunopress - Dolomiti","description":"e-mail: redazione@bellunopress.it","publisher":{"@id":"https:\/\/www.bellunopress.it\/#organization"},"potentialAction":[{"@type":"SearchAction","target":{"@type":"EntryPoint","urlTemplate":"https:\/\/www.bellunopress.it\/?s={search_term_string}"},"query-input":{"@type":"PropertyValueSpecification","valueRequired":true,"valueName":"search_term_string"}}],"inLanguage":"fr-FR"},{"@type":"Organization","@id":"https:\/\/www.bellunopress.it\/#organization","name":"Bellunopress","url":"https:\/\/www.bellunopress.it\/","logo":{"@type":"ImageObject","inLanguage":"fr-FR","@id":"https:\/\/www.bellunopress.it\/#\/schema\/logo\/image\/","url":"https:\/\/www.bellunopress.it\/wp-content\/uploads\/2011\/05\/cropped-logo-bellunopress-.jpg","contentUrl":"https:\/\/www.bellunopress.it\/wp-content\/uploads\/2011\/05\/cropped-logo-bellunopress-.jpg","width":512,"height":512,"caption":"Bellunopress"},"image":{"@id":"https:\/\/www.bellunopress.it\/#\/schema\/logo\/image\/"},"sameAs":["https:\/\/www.facebook.com\/profile.php?id=100008943462799","https:\/\/x.com\/bellunopress","https:\/\/www.linkedin.com\/hp\/?dnr=JBzUWaJfMUw8vbXJJ2tVW5-I3jZKvC4wsoxE&amp;amp;amp;amp;amp;amp;trk=nav_responsive_tab_home","https:\/\/www.youtube.com\/channel\/UCxL0wu1uN0_3_7hGG0306cw"]},{"@type":"Person","@id":"https:\/\/www.bellunopress.it\/#\/schema\/person\/79bb06722b37ece1c03d3e94beb30d73","name":"r\u00e9daction","image":{"@type":"ImageObject","inLanguage":"fr-FR","@id":"https:\/\/secure.gravatar.com\/avatar\/37d968a2e67a6fd04c169c4bdef102d0bc5d31b2546345219e348575eb80e9a0?s=96&d=mm&r=g","url":"https:\/\/secure.gravatar.com\/avatar\/37d968a2e67a6fd04c169c4bdef102d0bc5d31b2546345219e348575eb80e9a0?s=96&d=mm&r=g","contentUrl":"https:\/\/secure.gravatar.com\/avatar\/37d968a2e67a6fd04c169c4bdef102d0bc5d31b2546345219e348575eb80e9a0?s=96&d=mm&r=g","caption":"redazione"},"sameAs":["http:\/\/www.bellunopress.it","https:\/\/x.com\/bellunopress"],"url":"https:\/\/www.bellunopress.it\/fr\/author\/redazione\/"}]}},"_links":{"self":[{"href":"https:\/\/www.bellunopress.it\/fr\/wp-json\/wp\/v2\/posts\/6533","targetHints":{"allow":["GET"]}}],"collection":[{"href":"https:\/\/www.bellunopress.it\/fr\/wp-json\/wp\/v2\/posts"}],"about":[{"href":"https:\/\/www.bellunopress.it\/fr\/wp-json\/wp\/v2\/types\/post"}],"author":[{"embeddable":true,"href":"https:\/\/www.bellunopress.it\/fr\/wp-json\/wp\/v2\/users\/2"}],"replies":[{"embeddable":true,"href":"https:\/\/www.bellunopress.it\/fr\/wp-json\/wp\/v2\/comments?post=6533"}],"version-history":[{"count":1,"href":"https:\/\/www.bellunopress.it\/fr\/wp-json\/wp\/v2\/posts\/6533\/revisions"}],"predecessor-version":[{"id":6534,"href":"https:\/\/www.bellunopress.it\/fr\/wp-json\/wp\/v2\/posts\/6533\/revisions\/6534"}],"wp:attachment":[{"href":"https:\/\/www.bellunopress.it\/fr\/wp-json\/wp\/v2\/media?parent=6533"}],"wp:term":[{"taxonomy":"category","embeddable":true,"href":"https:\/\/www.bellunopress.it\/fr\/wp-json\/wp\/v2\/categories?post=6533"},{"taxonomy":"post_tag","embeddable":true,"href":"https:\/\/www.bellunopress.it\/fr\/wp-json\/wp\/v2\/tags?post=6533"}],"curies":[{"name":"wp","href":"https:\/\/api.w.org\/{rel}","templated":true}]}}