{"id":6522,"date":"2009-07-29T22:06:41","date_gmt":"2009-07-29T21:06:41","guid":{"rendered":"http:\/\/www.bellunopress.it\/?p=6522"},"modified":"2009-07-29T22:06:41","modified_gmt":"2009-07-29T21:06:41","slug":"ragazzi-che-chiedono-soldi-per-la-strada-ai-bellunesi-diciamo-fate-attenzione-per-carita%e2%80%99","status":"publish","type":"post","link":"https:\/\/www.bellunopress.it\/fr\/2009\/07\/29\/ragazzi-che-chiedono-soldi-per-la-strada-ai-bellunesi-diciamo-fate-attenzione-per-carita%e2%80%99\/","title":{"rendered":"RAGAZZI CHE CHIEDONO SOLDI PER LA STRADA. AI BELLUNESI DICIAMO: FATE ATTENZIONE, PER CARITA\u2019."},"content":{"rendered":"<p>Ci risiamo. Con la bella stagione assistiamo nuovamente alla presenza di ragazzi che, pi\u00f9 o meno educatamente, fermano i cittadini per strada o nelle piazze di Belluno e provincia, proponendo oggetti in cambio di un contributo. Si dicono soci o attivisti di qualche associazione con scopi solidaristici e per avvalorare questa tesi mostrano un documento che li autorizza ad operare in questo modo.<br \/>\nProbabilmente l\u2019autorizzazione \u00e8 vera e la loro attivit\u00e0 di vendita in cambio di un contributo pu\u00f2 essere a norma di legge. Ma dal Centro di servizio per il volontariato di Belluno e dal Comitato d\u2019Intesa arriva l\u2019avvertimento e un consiglio ai cittadini di prestare molta attenzione quando si incrociano persone che chiedono soldi per strada, soprattutto quando le finalit\u00e0 non sono ben chiare. Il Csv ricorda in proposito la propria campagna \u201cStai attendo per carit\u00e0\u201d, prodotta qualche anno fa proprio per sensibilizzare i bellunesi verso queste forme di raccolta di denaro. Una campagna che, tramite manifesti, locandine e uno spot radiofonico, metteva in guardia i cittadini e dava alcuni consigli di comportamento. \u201cAttenzione \u2013 recita la campagna, che \u00e8 possibile rintracciare nel sito csvbelluno.it &#8211; quando ti fermano per strada per chiederti soldi, se ti telefonano o bussano alla tua porta, se non conosci l\u2019associazione per la quale operano. Dai fiducia solo\u00a0 quando conosci chi ti chiede un contributo ti informa sulle proprie attivit\u00e0, rende pubblici i bilanci e documenta quanto realizzato. E ricorda che i veri volontari non chiedono soldi per la strada o porta a porta: coloro che hanno veramente bisogno chiedono dignit\u00e0, rispetto e partecipazione\u201d.<br \/>\nQuindi, quando ci si trova di fronte a persone, spesso giovani, che per strada chiedono soldi oppure vendono materiale in cambio di un contributo in denaro, dicendo di operare per associazioni non ben identificate, meglio diffidare. E, con cortesia ma con fermezza, rifiutare. Informandosi per bene prima di aprire il portafogli<strong>.<\/strong><\/p>","protected":false},"excerpt":{"rendered":"<p>Ci risiamo. Con la bella stagione assistiamo nuovamente alla presenza di ragazzi che, pi\u00f9 o meno educatamente, fermano i cittadini per strada o nelle piazze di Belluno e provincia, proponendo oggetti in cambio di un contributo. Si dicono soci o attivisti di qualche associazione con scopi solidaristici e per avvalorare questa tesi mostrano un documento [&hellip;]<\/p>\n","protected":false},"author":2,"featured_media":0,"comment_status":"closed","ping_status":"open","sticky":false,"template":"","format":"standard","meta":{"footnotes":""},"categories":[1],"tags":[139],"class_list":["post-6522","post","type-post","status-publish","format-standard","category-leo","tag-belluno"],"yoast_head":"<!-- This site is optimized with the Yoast SEO plugin v28.4 - https:\/\/yoast.com\/product\/yoast-seo-wordpress\/ -->\n<title>RAGAZZI CHE CHIEDONO SOLDI PER LA STRADA. AI BELLUNESI DICIAMO: FATE ATTENZIONE, PER CARITA\u2019. - Bellunopress - Dolomiti<\/title>\n<meta name=\"robots\" content=\"index, follow, max-snippet:-1, max-image-preview:large, max-video-preview:-1\" \/>\n<link rel=\"canonical\" href=\"https:\/\/www.bellunopress.it\/fr\/2009\/07\/29\/ragazzi-che-chiedono-soldi-per-la-strada-ai-bellunesi-diciamo-fate-attenzione-per-carita\u2019\/\" \/>\n<meta property=\"og:locale\" content=\"fr_FR\" \/>\n<meta property=\"og:type\" content=\"article\" \/>\n<meta property=\"og:title\" content=\"RAGAZZI CHE CHIEDONO SOLDI PER LA STRADA. AI BELLUNESI DICIAMO: FATE ATTENZIONE, PER CARITA\u2019. - Bellunopress - Dolomiti\" \/>\n<meta property=\"og:description\" content=\"Ci risiamo. Con la bella stagione assistiamo nuovamente alla presenza di ragazzi che, pi\u00f9 o meno educatamente, fermano i cittadini per strada o nelle piazze di Belluno e provincia, proponendo oggetti in cambio di un contributo. Si dicono soci o attivisti di qualche associazione con scopi solidaristici e per avvalorare questa tesi mostrano un documento [&hellip;]\" \/>\n<meta property=\"og:url\" content=\"https:\/\/www.bellunopress.it\/fr\/2009\/07\/29\/ragazzi-che-chiedono-soldi-per-la-strada-ai-bellunesi-diciamo-fate-attenzione-per-carita\u2019\/\" \/>\n<meta property=\"og:site_name\" content=\"Bellunopress - Dolomiti\" \/>\n<meta property=\"article:publisher\" content=\"https:\/\/www.facebook.com\/profile.php?id=100008943462799\" \/>\n<meta property=\"article:published_time\" content=\"2009-07-29T21:06:41+00:00\" \/>\n<meta property=\"og:image\" content=\"http:\/\/www.bellunopress.it\/wp-content\/uploads\/2012\/07\/logo-bellunopress-250x250-2012.jpg\" \/>\n<meta name=\"author\" content=\"redazione\" \/>\n<meta name=\"twitter:card\" content=\"summary_large_image\" \/>\n<meta name=\"twitter:creator\" content=\"@bellunopress\" \/>\n<meta name=\"twitter:site\" content=\"@bellunopress\" \/>\n<meta name=\"twitter:label1\" content=\"\u00c9crit par\" \/>\n\t<meta name=\"twitter:data1\" content=\"redazione\" \/>\n\t<meta name=\"twitter:label2\" content=\"Dur\u00e9e de lecture estim\u00e9e\" \/>\n\t<meta name=\"twitter:data2\" content=\"2 minutes\" \/>\n<script type=\"application\/ld+json\" class=\"yoast-schema-graph\">{\"@context\":\"https:\\\/\\\/schema.org\",\"@graph\":[{\"@type\":\"Article\",\"@id\":\"https:\\\/\\\/www.bellunopress.it\\\/2009\\\/07\\\/29\\\/ragazzi-che-chiedono-soldi-per-la-strada-ai-bellunesi-diciamo-fate-attenzione-per-carita%e2%80%99\\\/#article\",\"isPartOf\":{\"@id\":\"https:\\\/\\\/www.bellunopress.it\\\/2009\\\/07\\\/29\\\/ragazzi-che-chiedono-soldi-per-la-strada-ai-bellunesi-diciamo-fate-attenzione-per-carita%e2%80%99\\\/\"},\"author\":{\"name\":\"redazione\",\"@id\":\"https:\\\/\\\/www.bellunopress.it\\\/#\\\/schema\\\/person\\\/79bb06722b37ece1c03d3e94beb30d73\"},\"headline\":\"RAGAZZI CHE CHIEDONO SOLDI PER LA STRADA. AI BELLUNESI DICIAMO: FATE ATTENZIONE, PER CARITA\u2019.\",\"datePublished\":\"2009-07-29T21:06:41+00:00\",\"mainEntityOfPage\":{\"@id\":\"https:\\\/\\\/www.bellunopress.it\\\/2009\\\/07\\\/29\\\/ragazzi-che-chiedono-soldi-per-la-strada-ai-bellunesi-diciamo-fate-attenzione-per-carita%e2%80%99\\\/\"},\"wordCount\":328,\"publisher\":{\"@id\":\"https:\\\/\\\/www.bellunopress.it\\\/#organization\"},\"keywords\":[\"Belluno\"],\"articleSection\":[\"Lettere Opinioni\"],\"inLanguage\":\"fr-FR\"},{\"@type\":\"WebPage\",\"@id\":\"https:\\\/\\\/www.bellunopress.it\\\/2009\\\/07\\\/29\\\/ragazzi-che-chiedono-soldi-per-la-strada-ai-bellunesi-diciamo-fate-attenzione-per-carita%e2%80%99\\\/\",\"url\":\"https:\\\/\\\/www.bellunopress.it\\\/2009\\\/07\\\/29\\\/ragazzi-che-chiedono-soldi-per-la-strada-ai-bellunesi-diciamo-fate-attenzione-per-carita%e2%80%99\\\/\",\"name\":\"RAGAZZI CHE CHIEDONO SOLDI PER LA STRADA. AI BELLUNESI DICIAMO: FATE ATTENZIONE, PER CARITA\u2019. - Bellunopress - Dolomiti\",\"isPartOf\":{\"@id\":\"https:\\\/\\\/www.bellunopress.it\\\/#website\"},\"datePublished\":\"2009-07-29T21:06:41+00:00\",\"breadcrumb\":{\"@id\":\"https:\\\/\\\/www.bellunopress.it\\\/2009\\\/07\\\/29\\\/ragazzi-che-chiedono-soldi-per-la-strada-ai-bellunesi-diciamo-fate-attenzione-per-carita%e2%80%99\\\/#breadcrumb\"},\"inLanguage\":\"fr-FR\",\"potentialAction\":[{\"@type\":\"ReadAction\",\"target\":[\"https:\\\/\\\/www.bellunopress.it\\\/2009\\\/07\\\/29\\\/ragazzi-che-chiedono-soldi-per-la-strada-ai-bellunesi-diciamo-fate-attenzione-per-carita%e2%80%99\\\/\"]}]},{\"@type\":\"BreadcrumbList\",\"@id\":\"https:\\\/\\\/www.bellunopress.it\\\/2009\\\/07\\\/29\\\/ragazzi-che-chiedono-soldi-per-la-strada-ai-bellunesi-diciamo-fate-attenzione-per-carita%e2%80%99\\\/#breadcrumb\",\"itemListElement\":[{\"@type\":\"ListItem\",\"position\":1,\"name\":\"Home\",\"item\":\"https:\\\/\\\/www.bellunopress.it\\\/\"},{\"@type\":\"ListItem\",\"position\":2,\"name\":\"RAGAZZI CHE CHIEDONO SOLDI PER LA STRADA. AI BELLUNESI DICIAMO: FATE ATTENZIONE, PER CARITA\u2019.\"}]},{\"@type\":\"WebSite\",\"@id\":\"https:\\\/\\\/www.bellunopress.it\\\/#website\",\"url\":\"https:\\\/\\\/www.bellunopress.it\\\/\",\"name\":\"Bellunopress - Dolomiti\",\"description\":\"e-mail: redazione@bellunopress.it\",\"publisher\":{\"@id\":\"https:\\\/\\\/www.bellunopress.it\\\/#organization\"},\"potentialAction\":[{\"@type\":\"SearchAction\",\"target\":{\"@type\":\"EntryPoint\",\"urlTemplate\":\"https:\\\/\\\/www.bellunopress.it\\\/?s={search_term_string}\"},\"query-input\":{\"@type\":\"PropertyValueSpecification\",\"valueRequired\":true,\"valueName\":\"search_term_string\"}}],\"inLanguage\":\"fr-FR\"},{\"@type\":\"Organization\",\"@id\":\"https:\\\/\\\/www.bellunopress.it\\\/#organization\",\"name\":\"Bellunopress\",\"url\":\"https:\\\/\\\/www.bellunopress.it\\\/\",\"logo\":{\"@type\":\"ImageObject\",\"inLanguage\":\"fr-FR\",\"@id\":\"https:\\\/\\\/www.bellunopress.it\\\/#\\\/schema\\\/logo\\\/image\\\/\",\"url\":\"https:\\\/\\\/www.bellunopress.it\\\/wp-content\\\/uploads\\\/2011\\\/05\\\/cropped-logo-bellunopress-.jpg\",\"contentUrl\":\"https:\\\/\\\/www.bellunopress.it\\\/wp-content\\\/uploads\\\/2011\\\/05\\\/cropped-logo-bellunopress-.jpg\",\"width\":512,\"height\":512,\"caption\":\"Bellunopress\"},\"image\":{\"@id\":\"https:\\\/\\\/www.bellunopress.it\\\/#\\\/schema\\\/logo\\\/image\\\/\"},\"sameAs\":[\"https:\\\/\\\/www.facebook.com\\\/profile.php?id=100008943462799\",\"https:\\\/\\\/x.com\\\/bellunopress\",\"https:\\\/\\\/www.linkedin.com\\\/hp\\\/?dnr=JBzUWaJfMUw8vbXJJ2tVW5-I3jZKvC4wsoxE&amp;amp;amp;amp;amp;amp;trk=nav_responsive_tab_home\",\"https:\\\/\\\/www.youtube.com\\\/channel\\\/UCxL0wu1uN0_3_7hGG0306cw\"]},{\"@type\":\"Person\",\"@id\":\"https:\\\/\\\/www.bellunopress.it\\\/#\\\/schema\\\/person\\\/79bb06722b37ece1c03d3e94beb30d73\",\"name\":\"redazione\",\"image\":{\"@type\":\"ImageObject\",\"inLanguage\":\"fr-FR\",\"@id\":\"https:\\\/\\\/secure.gravatar.com\\\/avatar\\\/37d968a2e67a6fd04c169c4bdef102d0bc5d31b2546345219e348575eb80e9a0?s=96&d=mm&r=g\",\"url\":\"https:\\\/\\\/secure.gravatar.com\\\/avatar\\\/37d968a2e67a6fd04c169c4bdef102d0bc5d31b2546345219e348575eb80e9a0?s=96&d=mm&r=g\",\"contentUrl\":\"https:\\\/\\\/secure.gravatar.com\\\/avatar\\\/37d968a2e67a6fd04c169c4bdef102d0bc5d31b2546345219e348575eb80e9a0?s=96&d=mm&r=g\",\"caption\":\"redazione\"},\"sameAs\":[\"http:\\\/\\\/www.bellunopress.it\",\"https:\\\/\\\/x.com\\\/bellunopress\"],\"url\":\"https:\\\/\\\/www.bellunopress.it\\\/fr\\\/author\\\/redazione\\\/\"}]}<\/script>\n<!-- \/ Yoast SEO plugin. -->","yoast_head_json":{"title":"RAGAZZI CHE CHIEDONO SOLDI PER LA STRADA. AI BELLUNESI DICIAMO: FATE ATTENZIONE, PER CARITA\u2019. - Bellunopress - Dolomiti","robots":{"index":"index","follow":"follow","max-snippet":"max-snippet:-1","max-image-preview":"max-image-preview:large","max-video-preview":"max-video-preview:-1"},"canonical":"https:\/\/www.bellunopress.it\/fr\/2009\/07\/29\/ragazzi-che-chiedono-soldi-per-la-strada-ai-bellunesi-diciamo-fate-attenzione-per-carita\u2019\/","og_locale":"fr_FR","og_type":"article","og_title":"RAGAZZI CHE CHIEDONO SOLDI PER LA STRADA. AI BELLUNESI DICIAMO: FATE ATTENZIONE, PER CARITA\u2019. - Bellunopress - Dolomiti","og_description":"Ci risiamo. Con la bella stagione assistiamo nuovamente alla presenza di ragazzi che, pi\u00f9 o meno educatamente, fermano i cittadini per strada o nelle piazze di Belluno e provincia, proponendo oggetti in cambio di un contributo. Si dicono soci o attivisti di qualche associazione con scopi solidaristici e per avvalorare questa tesi mostrano un documento [&hellip;]","og_url":"https:\/\/www.bellunopress.it\/fr\/2009\/07\/29\/ragazzi-che-chiedono-soldi-per-la-strada-ai-bellunesi-diciamo-fate-attenzione-per-carita\u2019\/","og_site_name":"Bellunopress - Dolomiti","article_publisher":"https:\/\/www.facebook.com\/profile.php?id=100008943462799","article_published_time":"2009-07-29T21:06:41+00:00","og_image":[{"url":"http:\/\/www.bellunopress.it\/wp-content\/uploads\/2012\/07\/logo-bellunopress-250x250-2012.jpg","type":"","width":"","height":""}],"author":"redazione","twitter_card":"summary_large_image","twitter_creator":"@bellunopress","twitter_site":"@bellunopress","twitter_misc":{"\u00c9crit par":"redazione","Dur\u00e9e de lecture estim\u00e9e":"2 minutes"},"schema":{"@context":"https:\/\/schema.org","@graph":[{"@type":"Article","@id":"https:\/\/www.bellunopress.it\/2009\/07\/29\/ragazzi-che-chiedono-soldi-per-la-strada-ai-bellunesi-diciamo-fate-attenzione-per-carita%e2%80%99\/#article","isPartOf":{"@id":"https:\/\/www.bellunopress.it\/2009\/07\/29\/ragazzi-che-chiedono-soldi-per-la-strada-ai-bellunesi-diciamo-fate-attenzione-per-carita%e2%80%99\/"},"author":{"name":"redazione","@id":"https:\/\/www.bellunopress.it\/#\/schema\/person\/79bb06722b37ece1c03d3e94beb30d73"},"headline":"RAGAZZI CHE CHIEDONO SOLDI PER LA STRADA. AI BELLUNESI DICIAMO: FATE ATTENZIONE, PER CARITA\u2019.","datePublished":"2009-07-29T21:06:41+00:00","mainEntityOfPage":{"@id":"https:\/\/www.bellunopress.it\/2009\/07\/29\/ragazzi-che-chiedono-soldi-per-la-strada-ai-bellunesi-diciamo-fate-attenzione-per-carita%e2%80%99\/"},"wordCount":328,"publisher":{"@id":"https:\/\/www.bellunopress.it\/#organization"},"keywords":["Belluno"],"articleSection":["Lettere Opinioni"],"inLanguage":"fr-FR"},{"@type":"WebPage","@id":"https:\/\/www.bellunopress.it\/2009\/07\/29\/ragazzi-che-chiedono-soldi-per-la-strada-ai-bellunesi-diciamo-fate-attenzione-per-carita%e2%80%99\/","url":"https:\/\/www.bellunopress.it\/2009\/07\/29\/ragazzi-che-chiedono-soldi-per-la-strada-ai-bellunesi-diciamo-fate-attenzione-per-carita%e2%80%99\/","name":"RAGAZZI CHE CHIEDONO SOLDI PER LA STRADA. AI BELLUNESI DICIAMO: FATE ATTENZIONE, PER CARITA\u2019. - Bellunopress - Dolomiti","isPartOf":{"@id":"https:\/\/www.bellunopress.it\/#website"},"datePublished":"2009-07-29T21:06:41+00:00","breadcrumb":{"@id":"https:\/\/www.bellunopress.it\/2009\/07\/29\/ragazzi-che-chiedono-soldi-per-la-strada-ai-bellunesi-diciamo-fate-attenzione-per-carita%e2%80%99\/#breadcrumb"},"inLanguage":"fr-FR","potentialAction":[{"@type":"ReadAction","target":["https:\/\/www.bellunopress.it\/2009\/07\/29\/ragazzi-che-chiedono-soldi-per-la-strada-ai-bellunesi-diciamo-fate-attenzione-per-carita%e2%80%99\/"]}]},{"@type":"BreadcrumbList","@id":"https:\/\/www.bellunopress.it\/2009\/07\/29\/ragazzi-che-chiedono-soldi-per-la-strada-ai-bellunesi-diciamo-fate-attenzione-per-carita%e2%80%99\/#breadcrumb","itemListElement":[{"@type":"ListItem","position":1,"name":"Home","item":"https:\/\/www.bellunopress.it\/"},{"@type":"ListItem","position":2,"name":"RAGAZZI CHE CHIEDONO SOLDI PER LA STRADA. AI BELLUNESI DICIAMO: FATE ATTENZIONE, PER CARITA\u2019."}]},{"@type":"WebSite","@id":"https:\/\/www.bellunopress.it\/#website","url":"https:\/\/www.bellunopress.it\/","name":"Bellunopress - Dolomiti","description":"e-mail: redazione@bellunopress.it","publisher":{"@id":"https:\/\/www.bellunopress.it\/#organization"},"potentialAction":[{"@type":"SearchAction","target":{"@type":"EntryPoint","urlTemplate":"https:\/\/www.bellunopress.it\/?s={search_term_string}"},"query-input":{"@type":"PropertyValueSpecification","valueRequired":true,"valueName":"search_term_string"}}],"inLanguage":"fr-FR"},{"@type":"Organization","@id":"https:\/\/www.bellunopress.it\/#organization","name":"Bellunopress","url":"https:\/\/www.bellunopress.it\/","logo":{"@type":"ImageObject","inLanguage":"fr-FR","@id":"https:\/\/www.bellunopress.it\/#\/schema\/logo\/image\/","url":"https:\/\/www.bellunopress.it\/wp-content\/uploads\/2011\/05\/cropped-logo-bellunopress-.jpg","contentUrl":"https:\/\/www.bellunopress.it\/wp-content\/uploads\/2011\/05\/cropped-logo-bellunopress-.jpg","width":512,"height":512,"caption":"Bellunopress"},"image":{"@id":"https:\/\/www.bellunopress.it\/#\/schema\/logo\/image\/"},"sameAs":["https:\/\/www.facebook.com\/profile.php?id=100008943462799","https:\/\/x.com\/bellunopress","https:\/\/www.linkedin.com\/hp\/?dnr=JBzUWaJfMUw8vbXJJ2tVW5-I3jZKvC4wsoxE&amp;amp;amp;amp;amp;amp;trk=nav_responsive_tab_home","https:\/\/www.youtube.com\/channel\/UCxL0wu1uN0_3_7hGG0306cw"]},{"@type":"Person","@id":"https:\/\/www.bellunopress.it\/#\/schema\/person\/79bb06722b37ece1c03d3e94beb30d73","name":"r\u00e9daction","image":{"@type":"ImageObject","inLanguage":"fr-FR","@id":"https:\/\/secure.gravatar.com\/avatar\/37d968a2e67a6fd04c169c4bdef102d0bc5d31b2546345219e348575eb80e9a0?s=96&d=mm&r=g","url":"https:\/\/secure.gravatar.com\/avatar\/37d968a2e67a6fd04c169c4bdef102d0bc5d31b2546345219e348575eb80e9a0?s=96&d=mm&r=g","contentUrl":"https:\/\/secure.gravatar.com\/avatar\/37d968a2e67a6fd04c169c4bdef102d0bc5d31b2546345219e348575eb80e9a0?s=96&d=mm&r=g","caption":"redazione"},"sameAs":["http:\/\/www.bellunopress.it","https:\/\/x.com\/bellunopress"],"url":"https:\/\/www.bellunopress.it\/fr\/author\/redazione\/"}]}},"_links":{"self":[{"href":"https:\/\/www.bellunopress.it\/fr\/wp-json\/wp\/v2\/posts\/6522","targetHints":{"allow":["GET"]}}],"collection":[{"href":"https:\/\/www.bellunopress.it\/fr\/wp-json\/wp\/v2\/posts"}],"about":[{"href":"https:\/\/www.bellunopress.it\/fr\/wp-json\/wp\/v2\/types\/post"}],"author":[{"embeddable":true,"href":"https:\/\/www.bellunopress.it\/fr\/wp-json\/wp\/v2\/users\/2"}],"replies":[{"embeddable":true,"href":"https:\/\/www.bellunopress.it\/fr\/wp-json\/wp\/v2\/comments?post=6522"}],"version-history":[{"count":1,"href":"https:\/\/www.bellunopress.it\/fr\/wp-json\/wp\/v2\/posts\/6522\/revisions"}],"predecessor-version":[{"id":6523,"href":"https:\/\/www.bellunopress.it\/fr\/wp-json\/wp\/v2\/posts\/6522\/revisions\/6523"}],"wp:attachment":[{"href":"https:\/\/www.bellunopress.it\/fr\/wp-json\/wp\/v2\/media?parent=6522"}],"wp:term":[{"taxonomy":"category","embeddable":true,"href":"https:\/\/www.bellunopress.it\/fr\/wp-json\/wp\/v2\/categories?post=6522"},{"taxonomy":"post_tag","embeddable":true,"href":"https:\/\/www.bellunopress.it\/fr\/wp-json\/wp\/v2\/tags?post=6522"}],"curies":[{"name":"wp","href":"https:\/\/api.w.org\/{rel}","templated":true}]}}