{"id":6520,"date":"2009-07-29T22:03:09","date_gmt":"2009-07-29T21:03:09","guid":{"rendered":"http:\/\/www.bellunopress.it\/?p=6520"},"modified":"2009-07-29T22:03:09","modified_gmt":"2009-07-29T21:03:09","slug":"cambia-laccesso-ai-servizi-telematici-dellagenzia-delle-entrate-dal-i-settembre-anche-le-associazioni-di-volontariato-dovranno-abilitare-un-proprio-legale-rappresentante","status":"publish","type":"post","link":"https:\/\/www.bellunopress.it\/fr\/2009\/07\/29\/cambia-laccesso-ai-servizi-telematici-dellagenzia-delle-entrate-dal-i-settembre-anche-le-associazioni-di-volontariato-dovranno-abilitare-un-proprio-legale-rappresentante\/","title":{"rendered":"Cambia l&#8217;accesso ai servizi telematici dell&#8217;Agenzia delle Entrate: dal I settembre anche le associazioni di volontariato dovranno abilitare un proprio legale rappresentante"},"content":{"rendered":"<p>Con il primo settembre cambia il modo di utilizzare i servizi telematici messi a disposizione dall\u2019Agenzia delle Entrate, soprattutto per i soggetti diversi dalle persone fisiche. Questa novit\u00e0 incider\u00e0 anche su molte associazioni di volontariato che in questi anni hanno chiesto l\u2019abilitazione a questo servizio, per l\u2019invio dell\u2019iscrizione al cinque per mille o per trasmettere le dichiarazioni dei redditi. Un provvedimento del garante per la privacy di qualche mese fa, infatti, ha imposto di trovare un sistema per identificare sempre la persona che opera anche a nome delle associazioni o enti. La soluzione adottata \u00e8 quella di collegare le persone alle associazioni nel canale telematico, facendo in modo che singoli soci o collaboratori, accedendo personalmente, possano gestire anche i dati dell\u2019associazione. Per continuare ad operare con il servizio telematico sar\u00e0 quindi necessario che il legale rappresentate dell\u2019associazione, di norma il presidente, venga abilitato al servizio. E a sua volta il presidente potr\u00e0 delegare delle altre persone ad operare su questo servizio, una delega da fare direttamente nel programma. Ogni associazione dovr\u00e0 quindi interessarsi affinch\u00e9 il suo legale rappresentate e il segretario o comunque il soggetto che in concreto segue questo tipo di attivit\u00e0, chiedano l\u2019abilitazione al servizio telematico o direttamente attraverso il sito apposito oppure ad un qualsiasi ufficio dell\u2019Agenzia delle Entrate. Dopo aver concluso le operazioni di abilitazione, il legale rappresentate, collegandosi ai servizi telematici, avr\u00e0 a disposizione una voce apposita dove dichiarare per quale associazione opera e indicare i delegati. Dopo aver ottenuto questa delega telematica, gli altri soggetti, entrando nel sito, potranno scegliere di operare a nome dell\u2019associazione, effettuando tutte le operazioni che di solito si facevano con i codici dell\u2019associazione. Per essere certi di aver operato nel modo giusto, sar\u00e0 utile verificare, anche contattando gli sportelli dell\u2019Agenzia delle Entrate, di aver correttamente aggiornato i dati del legale rappresentate, in quanto chi sar\u00e0 abilitato dovr\u00e0 risultare tale anche negli archivi dell\u2019Agenzia delle Entrate. E, visti i tempi stretti riconosciuti negli ultimi anni per la registrazione ai fini del cinque per mille, sar\u00e0 opportuno attivarsi fin da ora per la registrazione, senza attendere l\u2019imminenza della scadenza.<\/p>","protected":false},"excerpt":{"rendered":"<p>Con il primo settembre cambia il modo di utilizzare i servizi telematici messi a disposizione dall\u2019Agenzia delle Entrate, soprattutto per i soggetti diversi dalle persone fisiche. Questa novit\u00e0 incider\u00e0 anche su molte associazioni di volontariato che in questi anni hanno chiesto l\u2019abilitazione a questo servizio, per l\u2019invio dell\u2019iscrizione al cinque per mille o per trasmettere [&hellip;]<\/p>\n","protected":false},"author":2,"featured_media":0,"comment_status":"closed","ping_status":"open","sticky":false,"template":"","format":"standard","meta":{"footnotes":""},"categories":[26,8],"tags":[],"class_list":["post-6520","post","type-post","status-publish","format-standard","category-prima-pagina","category-societa-istituzioni"],"yoast_head":"<!-- This site is optimized with the Yoast SEO plugin v28.4 - https:\/\/yoast.com\/product\/yoast-seo-wordpress\/ -->\n<title>Cambia l&#039;accesso ai servizi telematici dell&#039;Agenzia delle Entrate: dal I settembre anche le associazioni di volontariato dovranno abilitare un proprio legale rappresentante - Bellunopress - Dolomiti<\/title>\n<meta name=\"robots\" content=\"index, follow, max-snippet:-1, max-image-preview:large, max-video-preview:-1\" \/>\n<link rel=\"canonical\" href=\"https:\/\/www.bellunopress.it\/fr\/2009\/07\/29\/cambia-laccesso-ai-servizi-telematici-dellagenzia-delle-entrate-dal-i-settembre-anche-le-associazioni-di-volontariato-dovranno-abilitare-un-proprio-legale-rappresentante\/\" \/>\n<meta property=\"og:locale\" content=\"fr_FR\" \/>\n<meta property=\"og:type\" content=\"article\" \/>\n<meta property=\"og:title\" content=\"Cambia l&#039;accesso ai servizi telematici dell&#039;Agenzia delle Entrate: dal I settembre anche le associazioni di volontariato dovranno abilitare un proprio legale rappresentante - Bellunopress - Dolomiti\" \/>\n<meta property=\"og:description\" content=\"Con il primo settembre cambia il modo di utilizzare i servizi telematici messi a disposizione dall\u2019Agenzia delle Entrate, soprattutto per i soggetti diversi dalle persone fisiche. Questa novit\u00e0 incider\u00e0 anche su molte associazioni di volontariato che in questi anni hanno chiesto l\u2019abilitazione a questo servizio, per l\u2019invio dell\u2019iscrizione al cinque per mille o per trasmettere [&hellip;]\" \/>\n<meta property=\"og:url\" content=\"https:\/\/www.bellunopress.it\/fr\/2009\/07\/29\/cambia-laccesso-ai-servizi-telematici-dellagenzia-delle-entrate-dal-i-settembre-anche-le-associazioni-di-volontariato-dovranno-abilitare-un-proprio-legale-rappresentante\/\" \/>\n<meta property=\"og:site_name\" content=\"Bellunopress - Dolomiti\" \/>\n<meta property=\"article:publisher\" content=\"https:\/\/www.facebook.com\/profile.php?id=100008943462799\" \/>\n<meta property=\"article:published_time\" content=\"2009-07-29T21:03:09+00:00\" \/>\n<meta property=\"og:image\" content=\"http:\/\/www.bellunopress.it\/wp-content\/uploads\/2012\/07\/logo-bellunopress-250x250-2012.jpg\" \/>\n<meta name=\"author\" content=\"redazione\" \/>\n<meta name=\"twitter:card\" content=\"summary_large_image\" \/>\n<meta name=\"twitter:creator\" content=\"@bellunopress\" \/>\n<meta name=\"twitter:site\" content=\"@bellunopress\" \/>\n<meta name=\"twitter:label1\" content=\"\u00c9crit par\" \/>\n\t<meta name=\"twitter:data1\" content=\"redazione\" \/>\n\t<meta name=\"twitter:label2\" content=\"Dur\u00e9e de lecture estim\u00e9e\" \/>\n\t<meta name=\"twitter:data2\" content=\"2 minutes\" \/>\n<script type=\"application\/ld+json\" class=\"yoast-schema-graph\">{\"@context\":\"https:\\\/\\\/schema.org\",\"@graph\":[{\"@type\":\"Article\",\"@id\":\"https:\\\/\\\/www.bellunopress.it\\\/2009\\\/07\\\/29\\\/cambia-laccesso-ai-servizi-telematici-dellagenzia-delle-entrate-dal-i-settembre-anche-le-associazioni-di-volontariato-dovranno-abilitare-un-proprio-legale-rappresentante\\\/#article\",\"isPartOf\":{\"@id\":\"https:\\\/\\\/www.bellunopress.it\\\/2009\\\/07\\\/29\\\/cambia-laccesso-ai-servizi-telematici-dellagenzia-delle-entrate-dal-i-settembre-anche-le-associazioni-di-volontariato-dovranno-abilitare-un-proprio-legale-rappresentante\\\/\"},\"author\":{\"name\":\"redazione\",\"@id\":\"https:\\\/\\\/www.bellunopress.it\\\/#\\\/schema\\\/person\\\/79bb06722b37ece1c03d3e94beb30d73\"},\"headline\":\"Cambia l&#8217;accesso ai servizi telematici dell&#8217;Agenzia delle Entrate: dal I settembre anche le associazioni di volontariato dovranno abilitare un proprio legale rappresentante\",\"datePublished\":\"2009-07-29T21:03:09+00:00\",\"mainEntityOfPage\":{\"@id\":\"https:\\\/\\\/www.bellunopress.it\\\/2009\\\/07\\\/29\\\/cambia-laccesso-ai-servizi-telematici-dellagenzia-delle-entrate-dal-i-settembre-anche-le-associazioni-di-volontariato-dovranno-abilitare-un-proprio-legale-rappresentante\\\/\"},\"wordCount\":384,\"publisher\":{\"@id\":\"https:\\\/\\\/www.bellunopress.it\\\/#organization\"},\"articleSection\":[\"Prima Pagina\",\"Societ\u00e0, Associazioni, Istituzioni\"],\"inLanguage\":\"fr-FR\"},{\"@type\":\"WebPage\",\"@id\":\"https:\\\/\\\/www.bellunopress.it\\\/2009\\\/07\\\/29\\\/cambia-laccesso-ai-servizi-telematici-dellagenzia-delle-entrate-dal-i-settembre-anche-le-associazioni-di-volontariato-dovranno-abilitare-un-proprio-legale-rappresentante\\\/\",\"url\":\"https:\\\/\\\/www.bellunopress.it\\\/2009\\\/07\\\/29\\\/cambia-laccesso-ai-servizi-telematici-dellagenzia-delle-entrate-dal-i-settembre-anche-le-associazioni-di-volontariato-dovranno-abilitare-un-proprio-legale-rappresentante\\\/\",\"name\":\"Cambia l'accesso ai servizi telematici dell'Agenzia delle Entrate: dal I settembre anche le associazioni di volontariato dovranno abilitare un proprio legale rappresentante - Bellunopress - Dolomiti\",\"isPartOf\":{\"@id\":\"https:\\\/\\\/www.bellunopress.it\\\/#website\"},\"datePublished\":\"2009-07-29T21:03:09+00:00\",\"breadcrumb\":{\"@id\":\"https:\\\/\\\/www.bellunopress.it\\\/2009\\\/07\\\/29\\\/cambia-laccesso-ai-servizi-telematici-dellagenzia-delle-entrate-dal-i-settembre-anche-le-associazioni-di-volontariato-dovranno-abilitare-un-proprio-legale-rappresentante\\\/#breadcrumb\"},\"inLanguage\":\"fr-FR\",\"potentialAction\":[{\"@type\":\"ReadAction\",\"target\":[\"https:\\\/\\\/www.bellunopress.it\\\/2009\\\/07\\\/29\\\/cambia-laccesso-ai-servizi-telematici-dellagenzia-delle-entrate-dal-i-settembre-anche-le-associazioni-di-volontariato-dovranno-abilitare-un-proprio-legale-rappresentante\\\/\"]}]},{\"@type\":\"BreadcrumbList\",\"@id\":\"https:\\\/\\\/www.bellunopress.it\\\/2009\\\/07\\\/29\\\/cambia-laccesso-ai-servizi-telematici-dellagenzia-delle-entrate-dal-i-settembre-anche-le-associazioni-di-volontariato-dovranno-abilitare-un-proprio-legale-rappresentante\\\/#breadcrumb\",\"itemListElement\":[{\"@type\":\"ListItem\",\"position\":1,\"name\":\"Home\",\"item\":\"https:\\\/\\\/www.bellunopress.it\\\/\"},{\"@type\":\"ListItem\",\"position\":2,\"name\":\"Cambia l&#8217;accesso ai servizi telematici dell&#8217;Agenzia delle Entrate: dal I settembre anche le associazioni di volontariato dovranno abilitare un proprio legale rappresentante\"}]},{\"@type\":\"WebSite\",\"@id\":\"https:\\\/\\\/www.bellunopress.it\\\/#website\",\"url\":\"https:\\\/\\\/www.bellunopress.it\\\/\",\"name\":\"Bellunopress - Dolomiti\",\"description\":\"e-mail: redazione@bellunopress.it\",\"publisher\":{\"@id\":\"https:\\\/\\\/www.bellunopress.it\\\/#organization\"},\"potentialAction\":[{\"@type\":\"SearchAction\",\"target\":{\"@type\":\"EntryPoint\",\"urlTemplate\":\"https:\\\/\\\/www.bellunopress.it\\\/?s={search_term_string}\"},\"query-input\":{\"@type\":\"PropertyValueSpecification\",\"valueRequired\":true,\"valueName\":\"search_term_string\"}}],\"inLanguage\":\"fr-FR\"},{\"@type\":\"Organization\",\"@id\":\"https:\\\/\\\/www.bellunopress.it\\\/#organization\",\"name\":\"Bellunopress\",\"url\":\"https:\\\/\\\/www.bellunopress.it\\\/\",\"logo\":{\"@type\":\"ImageObject\",\"inLanguage\":\"fr-FR\",\"@id\":\"https:\\\/\\\/www.bellunopress.it\\\/#\\\/schema\\\/logo\\\/image\\\/\",\"url\":\"https:\\\/\\\/www.bellunopress.it\\\/wp-content\\\/uploads\\\/2011\\\/05\\\/cropped-logo-bellunopress-.jpg\",\"contentUrl\":\"https:\\\/\\\/www.bellunopress.it\\\/wp-content\\\/uploads\\\/2011\\\/05\\\/cropped-logo-bellunopress-.jpg\",\"width\":512,\"height\":512,\"caption\":\"Bellunopress\"},\"image\":{\"@id\":\"https:\\\/\\\/www.bellunopress.it\\\/#\\\/schema\\\/logo\\\/image\\\/\"},\"sameAs\":[\"https:\\\/\\\/www.facebook.com\\\/profile.php?id=100008943462799\",\"https:\\\/\\\/x.com\\\/bellunopress\",\"https:\\\/\\\/www.linkedin.com\\\/hp\\\/?dnr=JBzUWaJfMUw8vbXJJ2tVW5-I3jZKvC4wsoxE&amp;amp;amp;amp;amp;amp;trk=nav_responsive_tab_home\",\"https:\\\/\\\/www.youtube.com\\\/channel\\\/UCxL0wu1uN0_3_7hGG0306cw\"]},{\"@type\":\"Person\",\"@id\":\"https:\\\/\\\/www.bellunopress.it\\\/#\\\/schema\\\/person\\\/79bb06722b37ece1c03d3e94beb30d73\",\"name\":\"redazione\",\"image\":{\"@type\":\"ImageObject\",\"inLanguage\":\"fr-FR\",\"@id\":\"https:\\\/\\\/secure.gravatar.com\\\/avatar\\\/37d968a2e67a6fd04c169c4bdef102d0bc5d31b2546345219e348575eb80e9a0?s=96&d=mm&r=g\",\"url\":\"https:\\\/\\\/secure.gravatar.com\\\/avatar\\\/37d968a2e67a6fd04c169c4bdef102d0bc5d31b2546345219e348575eb80e9a0?s=96&d=mm&r=g\",\"contentUrl\":\"https:\\\/\\\/secure.gravatar.com\\\/avatar\\\/37d968a2e67a6fd04c169c4bdef102d0bc5d31b2546345219e348575eb80e9a0?s=96&d=mm&r=g\",\"caption\":\"redazione\"},\"sameAs\":[\"http:\\\/\\\/www.bellunopress.it\",\"https:\\\/\\\/x.com\\\/bellunopress\"],\"url\":\"https:\\\/\\\/www.bellunopress.it\\\/fr\\\/author\\\/redazione\\\/\"}]}<\/script>\n<!-- \/ Yoast SEO plugin. -->","yoast_head_json":{"title":"Cambia l'accesso ai servizi telematici dell'Agenzia delle Entrate: dal I settembre anche le associazioni di volontariato dovranno abilitare un proprio legale rappresentante - Bellunopress - Dolomiti","robots":{"index":"index","follow":"follow","max-snippet":"max-snippet:-1","max-image-preview":"max-image-preview:large","max-video-preview":"max-video-preview:-1"},"canonical":"https:\/\/www.bellunopress.it\/fr\/2009\/07\/29\/cambia-laccesso-ai-servizi-telematici-dellagenzia-delle-entrate-dal-i-settembre-anche-le-associazioni-di-volontariato-dovranno-abilitare-un-proprio-legale-rappresentante\/","og_locale":"fr_FR","og_type":"article","og_title":"Cambia l'accesso ai servizi telematici dell'Agenzia delle Entrate: dal I settembre anche le associazioni di volontariato dovranno abilitare un proprio legale rappresentante - Bellunopress - Dolomiti","og_description":"Con il primo settembre cambia il modo di utilizzare i servizi telematici messi a disposizione dall\u2019Agenzia delle Entrate, soprattutto per i soggetti diversi dalle persone fisiche. Questa novit\u00e0 incider\u00e0 anche su molte associazioni di volontariato che in questi anni hanno chiesto l\u2019abilitazione a questo servizio, per l\u2019invio dell\u2019iscrizione al cinque per mille o per trasmettere [&hellip;]","og_url":"https:\/\/www.bellunopress.it\/fr\/2009\/07\/29\/cambia-laccesso-ai-servizi-telematici-dellagenzia-delle-entrate-dal-i-settembre-anche-le-associazioni-di-volontariato-dovranno-abilitare-un-proprio-legale-rappresentante\/","og_site_name":"Bellunopress - Dolomiti","article_publisher":"https:\/\/www.facebook.com\/profile.php?id=100008943462799","article_published_time":"2009-07-29T21:03:09+00:00","og_image":[{"url":"http:\/\/www.bellunopress.it\/wp-content\/uploads\/2012\/07\/logo-bellunopress-250x250-2012.jpg","type":"","width":"","height":""}],"author":"redazione","twitter_card":"summary_large_image","twitter_creator":"@bellunopress","twitter_site":"@bellunopress","twitter_misc":{"\u00c9crit par":"redazione","Dur\u00e9e de lecture estim\u00e9e":"2 minutes"},"schema":{"@context":"https:\/\/schema.org","@graph":[{"@type":"Article","@id":"https:\/\/www.bellunopress.it\/2009\/07\/29\/cambia-laccesso-ai-servizi-telematici-dellagenzia-delle-entrate-dal-i-settembre-anche-le-associazioni-di-volontariato-dovranno-abilitare-un-proprio-legale-rappresentante\/#article","isPartOf":{"@id":"https:\/\/www.bellunopress.it\/2009\/07\/29\/cambia-laccesso-ai-servizi-telematici-dellagenzia-delle-entrate-dal-i-settembre-anche-le-associazioni-di-volontariato-dovranno-abilitare-un-proprio-legale-rappresentante\/"},"author":{"name":"redazione","@id":"https:\/\/www.bellunopress.it\/#\/schema\/person\/79bb06722b37ece1c03d3e94beb30d73"},"headline":"Cambia l&#8217;accesso ai servizi telematici dell&#8217;Agenzia delle Entrate: dal I settembre anche le associazioni di volontariato dovranno abilitare un proprio legale rappresentante","datePublished":"2009-07-29T21:03:09+00:00","mainEntityOfPage":{"@id":"https:\/\/www.bellunopress.it\/2009\/07\/29\/cambia-laccesso-ai-servizi-telematici-dellagenzia-delle-entrate-dal-i-settembre-anche-le-associazioni-di-volontariato-dovranno-abilitare-un-proprio-legale-rappresentante\/"},"wordCount":384,"publisher":{"@id":"https:\/\/www.bellunopress.it\/#organization"},"articleSection":["Prima Pagina","Societ\u00e0, Associazioni, Istituzioni"],"inLanguage":"fr-FR"},{"@type":"WebPage","@id":"https:\/\/www.bellunopress.it\/2009\/07\/29\/cambia-laccesso-ai-servizi-telematici-dellagenzia-delle-entrate-dal-i-settembre-anche-le-associazioni-di-volontariato-dovranno-abilitare-un-proprio-legale-rappresentante\/","url":"https:\/\/www.bellunopress.it\/2009\/07\/29\/cambia-laccesso-ai-servizi-telematici-dellagenzia-delle-entrate-dal-i-settembre-anche-le-associazioni-di-volontariato-dovranno-abilitare-un-proprio-legale-rappresentante\/","name":"Cambia l'accesso ai servizi telematici dell'Agenzia delle Entrate: dal I settembre anche le associazioni di volontariato dovranno abilitare un proprio legale rappresentante - Bellunopress - Dolomiti","isPartOf":{"@id":"https:\/\/www.bellunopress.it\/#website"},"datePublished":"2009-07-29T21:03:09+00:00","breadcrumb":{"@id":"https:\/\/www.bellunopress.it\/2009\/07\/29\/cambia-laccesso-ai-servizi-telematici-dellagenzia-delle-entrate-dal-i-settembre-anche-le-associazioni-di-volontariato-dovranno-abilitare-un-proprio-legale-rappresentante\/#breadcrumb"},"inLanguage":"fr-FR","potentialAction":[{"@type":"ReadAction","target":["https:\/\/www.bellunopress.it\/2009\/07\/29\/cambia-laccesso-ai-servizi-telematici-dellagenzia-delle-entrate-dal-i-settembre-anche-le-associazioni-di-volontariato-dovranno-abilitare-un-proprio-legale-rappresentante\/"]}]},{"@type":"BreadcrumbList","@id":"https:\/\/www.bellunopress.it\/2009\/07\/29\/cambia-laccesso-ai-servizi-telematici-dellagenzia-delle-entrate-dal-i-settembre-anche-le-associazioni-di-volontariato-dovranno-abilitare-un-proprio-legale-rappresentante\/#breadcrumb","itemListElement":[{"@type":"ListItem","position":1,"name":"Home","item":"https:\/\/www.bellunopress.it\/"},{"@type":"ListItem","position":2,"name":"Cambia l&#8217;accesso ai servizi telematici dell&#8217;Agenzia delle Entrate: dal I settembre anche le associazioni di volontariato dovranno abilitare un proprio legale rappresentante"}]},{"@type":"WebSite","@id":"https:\/\/www.bellunopress.it\/#website","url":"https:\/\/www.bellunopress.it\/","name":"Bellunopress - Dolomiti","description":"e-mail: redazione@bellunopress.it","publisher":{"@id":"https:\/\/www.bellunopress.it\/#organization"},"potentialAction":[{"@type":"SearchAction","target":{"@type":"EntryPoint","urlTemplate":"https:\/\/www.bellunopress.it\/?s={search_term_string}"},"query-input":{"@type":"PropertyValueSpecification","valueRequired":true,"valueName":"search_term_string"}}],"inLanguage":"fr-FR"},{"@type":"Organization","@id":"https:\/\/www.bellunopress.it\/#organization","name":"Bellunopress","url":"https:\/\/www.bellunopress.it\/","logo":{"@type":"ImageObject","inLanguage":"fr-FR","@id":"https:\/\/www.bellunopress.it\/#\/schema\/logo\/image\/","url":"https:\/\/www.bellunopress.it\/wp-content\/uploads\/2011\/05\/cropped-logo-bellunopress-.jpg","contentUrl":"https:\/\/www.bellunopress.it\/wp-content\/uploads\/2011\/05\/cropped-logo-bellunopress-.jpg","width":512,"height":512,"caption":"Bellunopress"},"image":{"@id":"https:\/\/www.bellunopress.it\/#\/schema\/logo\/image\/"},"sameAs":["https:\/\/www.facebook.com\/profile.php?id=100008943462799","https:\/\/x.com\/bellunopress","https:\/\/www.linkedin.com\/hp\/?dnr=JBzUWaJfMUw8vbXJJ2tVW5-I3jZKvC4wsoxE&amp;amp;amp;amp;amp;amp;trk=nav_responsive_tab_home","https:\/\/www.youtube.com\/channel\/UCxL0wu1uN0_3_7hGG0306cw"]},{"@type":"Person","@id":"https:\/\/www.bellunopress.it\/#\/schema\/person\/79bb06722b37ece1c03d3e94beb30d73","name":"r\u00e9daction","image":{"@type":"ImageObject","inLanguage":"fr-FR","@id":"https:\/\/secure.gravatar.com\/avatar\/37d968a2e67a6fd04c169c4bdef102d0bc5d31b2546345219e348575eb80e9a0?s=96&d=mm&r=g","url":"https:\/\/secure.gravatar.com\/avatar\/37d968a2e67a6fd04c169c4bdef102d0bc5d31b2546345219e348575eb80e9a0?s=96&d=mm&r=g","contentUrl":"https:\/\/secure.gravatar.com\/avatar\/37d968a2e67a6fd04c169c4bdef102d0bc5d31b2546345219e348575eb80e9a0?s=96&d=mm&r=g","caption":"redazione"},"sameAs":["http:\/\/www.bellunopress.it","https:\/\/x.com\/bellunopress"],"url":"https:\/\/www.bellunopress.it\/fr\/author\/redazione\/"}]}},"_links":{"self":[{"href":"https:\/\/www.bellunopress.it\/fr\/wp-json\/wp\/v2\/posts\/6520","targetHints":{"allow":["GET"]}}],"collection":[{"href":"https:\/\/www.bellunopress.it\/fr\/wp-json\/wp\/v2\/posts"}],"about":[{"href":"https:\/\/www.bellunopress.it\/fr\/wp-json\/wp\/v2\/types\/post"}],"author":[{"embeddable":true,"href":"https:\/\/www.bellunopress.it\/fr\/wp-json\/wp\/v2\/users\/2"}],"replies":[{"embeddable":true,"href":"https:\/\/www.bellunopress.it\/fr\/wp-json\/wp\/v2\/comments?post=6520"}],"version-history":[{"count":1,"href":"https:\/\/www.bellunopress.it\/fr\/wp-json\/wp\/v2\/posts\/6520\/revisions"}],"predecessor-version":[{"id":6521,"href":"https:\/\/www.bellunopress.it\/fr\/wp-json\/wp\/v2\/posts\/6520\/revisions\/6521"}],"wp:attachment":[{"href":"https:\/\/www.bellunopress.it\/fr\/wp-json\/wp\/v2\/media?parent=6520"}],"wp:term":[{"taxonomy":"category","embeddable":true,"href":"https:\/\/www.bellunopress.it\/fr\/wp-json\/wp\/v2\/categories?post=6520"},{"taxonomy":"post_tag","embeddable":true,"href":"https:\/\/www.bellunopress.it\/fr\/wp-json\/wp\/v2\/tags?post=6520"}],"curies":[{"name":"wp","href":"https:\/\/api.w.org\/{rel}","templated":true}]}}