{"id":6497,"date":"2009-07-29T18:10:48","date_gmt":"2009-07-29T17:10:48","guid":{"rendered":"http:\/\/www.bellunopress.it\/?p=6497"},"modified":"2009-07-29T18:10:48","modified_gmt":"2009-07-29T17:10:48","slug":"belluno-giovedi-sera-i-barman-freestyle-di-jesolo-con-i-cocktail-a-zero-gradi","status":"publish","type":"post","link":"https:\/\/www.bellunopress.it\/fr\/2009\/07\/29\/belluno-giovedi-sera-i-barman-freestyle-di-jesolo-con-i-cocktail-a-zero-gradi\/","title":{"rendered":"Belluno gioved\u00ec sera: i barman freestyle di Jesolo con i cocktail a zero gradi"},"content":{"rendered":"<p>Domani, per i &#8220;Gioved\u00ec di sera&#8221; con replica il 6 ed il 13 di agosto, dalle ore 21<br \/>\nin piazza dei Martiri, a lato del Teatro Comunale ci sar\u00e0 Bellunozero.0 Spot &amp; Movies.<br \/>\nL&#8217;iniziativa nasce da un progetto dell&#8217;assessorato alle Politiche giovanili del Comune di Belluno<br \/>\nche ha indetto\u00a0 un concorso per il miglior video e\/o il miglior spot che promuova il divertimento senza alcol.<br \/>\nCon lo spettacolo di barman freestyle della Flair Bartending School di Jesolo che prepareranno<br \/>\ncocktail freestyle Zero.0 gradi. Se hai tra i 16 ed i 29 anni,\u00a0 realizza uno spot o un cortometraggio<br \/>\nche metta in film una vita che non anneghi nell&#8217;alcol. Per i dettagli, scarica il bando all&#8217;indirizzo<br \/>\n<a href=\"http:\/\/www.comune.belluno.it\">www.comune.belluno.it<\/a> e dai un&#8217;occhiata al canale di Youtube dell&#8217;InformagiovaniBL<br \/>\nper guardare il video di BellunoZero.0!!!<br \/>\nInfo:<br \/>\nInformagiovani del Comune di Belluno<br \/>\npiazza Duomo, 2 &#8211; 32100 Belluno<br \/>\nma&gt;ve 16-19 e sa 9-12<br \/>\ntel. 0437 913255 &#8211; <a href=\"mailto:informagiovani@comune.belluno.it\">informagiovani@comune.belluno.it<\/a><\/p>","protected":false},"excerpt":{"rendered":"<p>Domani, per i &#8220;Gioved\u00ec di sera&#8221; con replica il 6 ed il 13 di agosto, dalle ore 21 in piazza dei Martiri, a lato del Teatro Comunale ci sar\u00e0 Bellunozero.0 Spot &amp; Movies. L&#8217;iniziativa nasce da un progetto dell&#8217;assessorato alle Politiche giovanili del Comune di Belluno che ha indetto\u00a0 un concorso per il miglior video [&hellip;]<\/p>\n","protected":false},"author":2,"featured_media":0,"comment_status":"closed","ping_status":"open","sticky":false,"template":"","format":"standard","meta":{"footnotes":""},"categories":[25,8],"tags":[139],"class_list":["post-6497","post","type-post","status-publish","format-standard","category-pausa-caffe","category-societa-istituzioni","tag-belluno"],"yoast_head":"<!-- This site is optimized with the Yoast SEO plugin v28.4 - https:\/\/yoast.com\/product\/yoast-seo-wordpress\/ -->\n<title>Belluno gioved\u00ec sera: i barman freestyle di Jesolo con i cocktail a zero gradi - Bellunopress - Dolomiti<\/title>\n<meta name=\"robots\" content=\"index, follow, max-snippet:-1, max-image-preview:large, max-video-preview:-1\" \/>\n<link rel=\"canonical\" href=\"https:\/\/www.bellunopress.it\/fr\/2009\/07\/29\/belluno-giovedi-sera-i-barman-freestyle-di-jesolo-con-i-cocktail-a-zero-gradi\/\" \/>\n<meta property=\"og:locale\" content=\"fr_FR\" \/>\n<meta property=\"og:type\" content=\"article\" \/>\n<meta property=\"og:title\" content=\"Belluno gioved\u00ec sera: i barman freestyle di Jesolo con i cocktail a zero gradi - Bellunopress - Dolomiti\" \/>\n<meta property=\"og:description\" content=\"Domani, per i &#8220;Gioved\u00ec di sera&#8221; con replica il 6 ed il 13 di agosto, dalle ore 21 in piazza dei Martiri, a lato del Teatro Comunale ci sar\u00e0 Bellunozero.0 Spot &amp; Movies. L&#8217;iniziativa nasce da un progetto dell&#8217;assessorato alle Politiche giovanili del Comune di Belluno che ha indetto\u00a0 un concorso per il miglior video [&hellip;]\" \/>\n<meta property=\"og:url\" content=\"https:\/\/www.bellunopress.it\/fr\/2009\/07\/29\/belluno-giovedi-sera-i-barman-freestyle-di-jesolo-con-i-cocktail-a-zero-gradi\/\" \/>\n<meta property=\"og:site_name\" content=\"Bellunopress - Dolomiti\" \/>\n<meta property=\"article:publisher\" content=\"https:\/\/www.facebook.com\/profile.php?id=100008943462799\" \/>\n<meta property=\"article:published_time\" content=\"2009-07-29T17:10:48+00:00\" \/>\n<meta property=\"og:image\" content=\"http:\/\/www.bellunopress.it\/wp-content\/uploads\/2012\/07\/logo-bellunopress-250x250-2012.jpg\" \/>\n<meta name=\"author\" content=\"redazione\" \/>\n<meta name=\"twitter:card\" content=\"summary_large_image\" \/>\n<meta name=\"twitter:creator\" content=\"@bellunopress\" \/>\n<meta name=\"twitter:site\" content=\"@bellunopress\" \/>\n<meta name=\"twitter:label1\" content=\"\u00c9crit par\" \/>\n\t<meta name=\"twitter:data1\" content=\"redazione\" \/>\n\t<meta name=\"twitter:label2\" content=\"Dur\u00e9e de lecture estim\u00e9e\" \/>\n\t<meta name=\"twitter:data2\" content=\"1 minute\" \/>\n<script type=\"application\/ld+json\" class=\"yoast-schema-graph\">{\"@context\":\"https:\\\/\\\/schema.org\",\"@graph\":[{\"@type\":\"Article\",\"@id\":\"https:\\\/\\\/www.bellunopress.it\\\/2009\\\/07\\\/29\\\/belluno-giovedi-sera-i-barman-freestyle-di-jesolo-con-i-cocktail-a-zero-gradi\\\/#article\",\"isPartOf\":{\"@id\":\"https:\\\/\\\/www.bellunopress.it\\\/2009\\\/07\\\/29\\\/belluno-giovedi-sera-i-barman-freestyle-di-jesolo-con-i-cocktail-a-zero-gradi\\\/\"},\"author\":{\"name\":\"redazione\",\"@id\":\"https:\\\/\\\/www.bellunopress.it\\\/#\\\/schema\\\/person\\\/79bb06722b37ece1c03d3e94beb30d73\"},\"headline\":\"Belluno gioved\u00ec sera: i barman freestyle di Jesolo con i cocktail a zero gradi\",\"datePublished\":\"2009-07-29T17:10:48+00:00\",\"mainEntityOfPage\":{\"@id\":\"https:\\\/\\\/www.bellunopress.it\\\/2009\\\/07\\\/29\\\/belluno-giovedi-sera-i-barman-freestyle-di-jesolo-con-i-cocktail-a-zero-gradi\\\/\"},\"wordCount\":172,\"publisher\":{\"@id\":\"https:\\\/\\\/www.bellunopress.it\\\/#organization\"},\"keywords\":[\"Belluno\"],\"articleSection\":[\"Pausa Caff\u00e8\",\"Societ\u00e0, Associazioni, Istituzioni\"],\"inLanguage\":\"fr-FR\"},{\"@type\":\"WebPage\",\"@id\":\"https:\\\/\\\/www.bellunopress.it\\\/2009\\\/07\\\/29\\\/belluno-giovedi-sera-i-barman-freestyle-di-jesolo-con-i-cocktail-a-zero-gradi\\\/\",\"url\":\"https:\\\/\\\/www.bellunopress.it\\\/2009\\\/07\\\/29\\\/belluno-giovedi-sera-i-barman-freestyle-di-jesolo-con-i-cocktail-a-zero-gradi\\\/\",\"name\":\"Belluno gioved\u00ec sera: i barman freestyle di Jesolo con i cocktail a zero gradi - Bellunopress - Dolomiti\",\"isPartOf\":{\"@id\":\"https:\\\/\\\/www.bellunopress.it\\\/#website\"},\"datePublished\":\"2009-07-29T17:10:48+00:00\",\"breadcrumb\":{\"@id\":\"https:\\\/\\\/www.bellunopress.it\\\/2009\\\/07\\\/29\\\/belluno-giovedi-sera-i-barman-freestyle-di-jesolo-con-i-cocktail-a-zero-gradi\\\/#breadcrumb\"},\"inLanguage\":\"fr-FR\",\"potentialAction\":[{\"@type\":\"ReadAction\",\"target\":[\"https:\\\/\\\/www.bellunopress.it\\\/2009\\\/07\\\/29\\\/belluno-giovedi-sera-i-barman-freestyle-di-jesolo-con-i-cocktail-a-zero-gradi\\\/\"]}]},{\"@type\":\"BreadcrumbList\",\"@id\":\"https:\\\/\\\/www.bellunopress.it\\\/2009\\\/07\\\/29\\\/belluno-giovedi-sera-i-barman-freestyle-di-jesolo-con-i-cocktail-a-zero-gradi\\\/#breadcrumb\",\"itemListElement\":[{\"@type\":\"ListItem\",\"position\":1,\"name\":\"Home\",\"item\":\"https:\\\/\\\/www.bellunopress.it\\\/\"},{\"@type\":\"ListItem\",\"position\":2,\"name\":\"Belluno gioved\u00ec sera: i barman freestyle di Jesolo con i cocktail a zero gradi\"}]},{\"@type\":\"WebSite\",\"@id\":\"https:\\\/\\\/www.bellunopress.it\\\/#website\",\"url\":\"https:\\\/\\\/www.bellunopress.it\\\/\",\"name\":\"Bellunopress - Dolomiti\",\"description\":\"e-mail: redazione@bellunopress.it\",\"publisher\":{\"@id\":\"https:\\\/\\\/www.bellunopress.it\\\/#organization\"},\"potentialAction\":[{\"@type\":\"SearchAction\",\"target\":{\"@type\":\"EntryPoint\",\"urlTemplate\":\"https:\\\/\\\/www.bellunopress.it\\\/?s={search_term_string}\"},\"query-input\":{\"@type\":\"PropertyValueSpecification\",\"valueRequired\":true,\"valueName\":\"search_term_string\"}}],\"inLanguage\":\"fr-FR\"},{\"@type\":\"Organization\",\"@id\":\"https:\\\/\\\/www.bellunopress.it\\\/#organization\",\"name\":\"Bellunopress\",\"url\":\"https:\\\/\\\/www.bellunopress.it\\\/\",\"logo\":{\"@type\":\"ImageObject\",\"inLanguage\":\"fr-FR\",\"@id\":\"https:\\\/\\\/www.bellunopress.it\\\/#\\\/schema\\\/logo\\\/image\\\/\",\"url\":\"https:\\\/\\\/www.bellunopress.it\\\/wp-content\\\/uploads\\\/2011\\\/05\\\/cropped-logo-bellunopress-.jpg\",\"contentUrl\":\"https:\\\/\\\/www.bellunopress.it\\\/wp-content\\\/uploads\\\/2011\\\/05\\\/cropped-logo-bellunopress-.jpg\",\"width\":512,\"height\":512,\"caption\":\"Bellunopress\"},\"image\":{\"@id\":\"https:\\\/\\\/www.bellunopress.it\\\/#\\\/schema\\\/logo\\\/image\\\/\"},\"sameAs\":[\"https:\\\/\\\/www.facebook.com\\\/profile.php?id=100008943462799\",\"https:\\\/\\\/x.com\\\/bellunopress\",\"https:\\\/\\\/www.linkedin.com\\\/hp\\\/?dnr=JBzUWaJfMUw8vbXJJ2tVW5-I3jZKvC4wsoxE&amp;amp;amp;amp;amp;amp;trk=nav_responsive_tab_home\",\"https:\\\/\\\/www.youtube.com\\\/channel\\\/UCxL0wu1uN0_3_7hGG0306cw\"]},{\"@type\":\"Person\",\"@id\":\"https:\\\/\\\/www.bellunopress.it\\\/#\\\/schema\\\/person\\\/79bb06722b37ece1c03d3e94beb30d73\",\"name\":\"redazione\",\"image\":{\"@type\":\"ImageObject\",\"inLanguage\":\"fr-FR\",\"@id\":\"https:\\\/\\\/secure.gravatar.com\\\/avatar\\\/37d968a2e67a6fd04c169c4bdef102d0bc5d31b2546345219e348575eb80e9a0?s=96&d=mm&r=g\",\"url\":\"https:\\\/\\\/secure.gravatar.com\\\/avatar\\\/37d968a2e67a6fd04c169c4bdef102d0bc5d31b2546345219e348575eb80e9a0?s=96&d=mm&r=g\",\"contentUrl\":\"https:\\\/\\\/secure.gravatar.com\\\/avatar\\\/37d968a2e67a6fd04c169c4bdef102d0bc5d31b2546345219e348575eb80e9a0?s=96&d=mm&r=g\",\"caption\":\"redazione\"},\"sameAs\":[\"http:\\\/\\\/www.bellunopress.it\",\"https:\\\/\\\/x.com\\\/bellunopress\"],\"url\":\"https:\\\/\\\/www.bellunopress.it\\\/fr\\\/author\\\/redazione\\\/\"}]}<\/script>\n<!-- \/ Yoast SEO plugin. -->","yoast_head_json":{"title":"Belluno gioved\u00ec sera: i barman freestyle di Jesolo con i cocktail a zero gradi - Bellunopress - Dolomiti","robots":{"index":"index","follow":"follow","max-snippet":"max-snippet:-1","max-image-preview":"max-image-preview:large","max-video-preview":"max-video-preview:-1"},"canonical":"https:\/\/www.bellunopress.it\/fr\/2009\/07\/29\/belluno-giovedi-sera-i-barman-freestyle-di-jesolo-con-i-cocktail-a-zero-gradi\/","og_locale":"fr_FR","og_type":"article","og_title":"Belluno gioved\u00ec sera: i barman freestyle di Jesolo con i cocktail a zero gradi - Bellunopress - Dolomiti","og_description":"Domani, per i &#8220;Gioved\u00ec di sera&#8221; con replica il 6 ed il 13 di agosto, dalle ore 21 in piazza dei Martiri, a lato del Teatro Comunale ci sar\u00e0 Bellunozero.0 Spot &amp; Movies. L&#8217;iniziativa nasce da un progetto dell&#8217;assessorato alle Politiche giovanili del Comune di Belluno che ha indetto\u00a0 un concorso per il miglior video [&hellip;]","og_url":"https:\/\/www.bellunopress.it\/fr\/2009\/07\/29\/belluno-giovedi-sera-i-barman-freestyle-di-jesolo-con-i-cocktail-a-zero-gradi\/","og_site_name":"Bellunopress - Dolomiti","article_publisher":"https:\/\/www.facebook.com\/profile.php?id=100008943462799","article_published_time":"2009-07-29T17:10:48+00:00","og_image":[{"url":"http:\/\/www.bellunopress.it\/wp-content\/uploads\/2012\/07\/logo-bellunopress-250x250-2012.jpg","type":"","width":"","height":""}],"author":"redazione","twitter_card":"summary_large_image","twitter_creator":"@bellunopress","twitter_site":"@bellunopress","twitter_misc":{"\u00c9crit par":"redazione","Dur\u00e9e de lecture estim\u00e9e":"1 minute"},"schema":{"@context":"https:\/\/schema.org","@graph":[{"@type":"Article","@id":"https:\/\/www.bellunopress.it\/2009\/07\/29\/belluno-giovedi-sera-i-barman-freestyle-di-jesolo-con-i-cocktail-a-zero-gradi\/#article","isPartOf":{"@id":"https:\/\/www.bellunopress.it\/2009\/07\/29\/belluno-giovedi-sera-i-barman-freestyle-di-jesolo-con-i-cocktail-a-zero-gradi\/"},"author":{"name":"redazione","@id":"https:\/\/www.bellunopress.it\/#\/schema\/person\/79bb06722b37ece1c03d3e94beb30d73"},"headline":"Belluno gioved\u00ec sera: i barman freestyle di Jesolo con i cocktail a zero gradi","datePublished":"2009-07-29T17:10:48+00:00","mainEntityOfPage":{"@id":"https:\/\/www.bellunopress.it\/2009\/07\/29\/belluno-giovedi-sera-i-barman-freestyle-di-jesolo-con-i-cocktail-a-zero-gradi\/"},"wordCount":172,"publisher":{"@id":"https:\/\/www.bellunopress.it\/#organization"},"keywords":["Belluno"],"articleSection":["Pausa Caff\u00e8","Societ\u00e0, Associazioni, Istituzioni"],"inLanguage":"fr-FR"},{"@type":"WebPage","@id":"https:\/\/www.bellunopress.it\/2009\/07\/29\/belluno-giovedi-sera-i-barman-freestyle-di-jesolo-con-i-cocktail-a-zero-gradi\/","url":"https:\/\/www.bellunopress.it\/2009\/07\/29\/belluno-giovedi-sera-i-barman-freestyle-di-jesolo-con-i-cocktail-a-zero-gradi\/","name":"Belluno gioved\u00ec sera: i barman freestyle di Jesolo con i cocktail a zero gradi - Bellunopress - Dolomiti","isPartOf":{"@id":"https:\/\/www.bellunopress.it\/#website"},"datePublished":"2009-07-29T17:10:48+00:00","breadcrumb":{"@id":"https:\/\/www.bellunopress.it\/2009\/07\/29\/belluno-giovedi-sera-i-barman-freestyle-di-jesolo-con-i-cocktail-a-zero-gradi\/#breadcrumb"},"inLanguage":"fr-FR","potentialAction":[{"@type":"ReadAction","target":["https:\/\/www.bellunopress.it\/2009\/07\/29\/belluno-giovedi-sera-i-barman-freestyle-di-jesolo-con-i-cocktail-a-zero-gradi\/"]}]},{"@type":"BreadcrumbList","@id":"https:\/\/www.bellunopress.it\/2009\/07\/29\/belluno-giovedi-sera-i-barman-freestyle-di-jesolo-con-i-cocktail-a-zero-gradi\/#breadcrumb","itemListElement":[{"@type":"ListItem","position":1,"name":"Home","item":"https:\/\/www.bellunopress.it\/"},{"@type":"ListItem","position":2,"name":"Belluno gioved\u00ec sera: i barman freestyle di Jesolo con i cocktail a zero gradi"}]},{"@type":"WebSite","@id":"https:\/\/www.bellunopress.it\/#website","url":"https:\/\/www.bellunopress.it\/","name":"Bellunopress - Dolomiti","description":"e-mail: redazione@bellunopress.it","publisher":{"@id":"https:\/\/www.bellunopress.it\/#organization"},"potentialAction":[{"@type":"SearchAction","target":{"@type":"EntryPoint","urlTemplate":"https:\/\/www.bellunopress.it\/?s={search_term_string}"},"query-input":{"@type":"PropertyValueSpecification","valueRequired":true,"valueName":"search_term_string"}}],"inLanguage":"fr-FR"},{"@type":"Organization","@id":"https:\/\/www.bellunopress.it\/#organization","name":"Bellunopress","url":"https:\/\/www.bellunopress.it\/","logo":{"@type":"ImageObject","inLanguage":"fr-FR","@id":"https:\/\/www.bellunopress.it\/#\/schema\/logo\/image\/","url":"https:\/\/www.bellunopress.it\/wp-content\/uploads\/2011\/05\/cropped-logo-bellunopress-.jpg","contentUrl":"https:\/\/www.bellunopress.it\/wp-content\/uploads\/2011\/05\/cropped-logo-bellunopress-.jpg","width":512,"height":512,"caption":"Bellunopress"},"image":{"@id":"https:\/\/www.bellunopress.it\/#\/schema\/logo\/image\/"},"sameAs":["https:\/\/www.facebook.com\/profile.php?id=100008943462799","https:\/\/x.com\/bellunopress","https:\/\/www.linkedin.com\/hp\/?dnr=JBzUWaJfMUw8vbXJJ2tVW5-I3jZKvC4wsoxE&amp;amp;amp;amp;amp;amp;trk=nav_responsive_tab_home","https:\/\/www.youtube.com\/channel\/UCxL0wu1uN0_3_7hGG0306cw"]},{"@type":"Person","@id":"https:\/\/www.bellunopress.it\/#\/schema\/person\/79bb06722b37ece1c03d3e94beb30d73","name":"r\u00e9daction","image":{"@type":"ImageObject","inLanguage":"fr-FR","@id":"https:\/\/secure.gravatar.com\/avatar\/37d968a2e67a6fd04c169c4bdef102d0bc5d31b2546345219e348575eb80e9a0?s=96&d=mm&r=g","url":"https:\/\/secure.gravatar.com\/avatar\/37d968a2e67a6fd04c169c4bdef102d0bc5d31b2546345219e348575eb80e9a0?s=96&d=mm&r=g","contentUrl":"https:\/\/secure.gravatar.com\/avatar\/37d968a2e67a6fd04c169c4bdef102d0bc5d31b2546345219e348575eb80e9a0?s=96&d=mm&r=g","caption":"redazione"},"sameAs":["http:\/\/www.bellunopress.it","https:\/\/x.com\/bellunopress"],"url":"https:\/\/www.bellunopress.it\/fr\/author\/redazione\/"}]}},"_links":{"self":[{"href":"https:\/\/www.bellunopress.it\/fr\/wp-json\/wp\/v2\/posts\/6497","targetHints":{"allow":["GET"]}}],"collection":[{"href":"https:\/\/www.bellunopress.it\/fr\/wp-json\/wp\/v2\/posts"}],"about":[{"href":"https:\/\/www.bellunopress.it\/fr\/wp-json\/wp\/v2\/types\/post"}],"author":[{"embeddable":true,"href":"https:\/\/www.bellunopress.it\/fr\/wp-json\/wp\/v2\/users\/2"}],"replies":[{"embeddable":true,"href":"https:\/\/www.bellunopress.it\/fr\/wp-json\/wp\/v2\/comments?post=6497"}],"version-history":[{"count":1,"href":"https:\/\/www.bellunopress.it\/fr\/wp-json\/wp\/v2\/posts\/6497\/revisions"}],"predecessor-version":[{"id":6498,"href":"https:\/\/www.bellunopress.it\/fr\/wp-json\/wp\/v2\/posts\/6497\/revisions\/6498"}],"wp:attachment":[{"href":"https:\/\/www.bellunopress.it\/fr\/wp-json\/wp\/v2\/media?parent=6497"}],"wp:term":[{"taxonomy":"category","embeddable":true,"href":"https:\/\/www.bellunopress.it\/fr\/wp-json\/wp\/v2\/categories?post=6497"},{"taxonomy":"post_tag","embeddable":true,"href":"https:\/\/www.bellunopress.it\/fr\/wp-json\/wp\/v2\/tags?post=6497"}],"curies":[{"name":"wp","href":"https:\/\/api.w.org\/{rel}","templated":true}]}}