{"id":64926,"date":"2014-12-16T22:17:33","date_gmt":"2014-12-16T21:17:33","guid":{"rendered":"http:\/\/www.bellunopress.it\/?p=64926"},"modified":"2014-12-16T22:17:33","modified_gmt":"2014-12-16T21:17:33","slug":"cerco-lavoro-214","status":"publish","type":"post","link":"https:\/\/www.bellunopress.it\/fr\/2014\/12\/16\/cerco-lavoro-214\/","title":{"rendered":"Cerco lavoro"},"content":{"rendered":"<div id=\"wrap\">\n<p><a href=\"http:\/\/www.bellunopress.it\/wp-content\/uploads\/2010\/12\/informagiovani.gif\"><img loading=\"lazy\" decoding=\"async\" class=\"alignright size-full wp-image-22271\" src=\"http:\/\/www.bellunopress.it\/wp-content\/uploads\/2010\/12\/informagiovani.gif\" alt=\"informagiovani\" width=\"150\" height=\"120\" \/><\/a>In collaborazione con l&#8217;ufficio Informagiovani del Comune di Belluno, pubblichiamo l&#8217;aggiornamento delle delle opportunit\u00e0 di lavoro.<\/p>\n<p>Informagiovani segnala,\u00a0per chi \u00e8 arruolato in ferma di un anno nell&#8217;esercito, \u00a0il nuovo bando VFP4 del Ministero della Difesa.<\/p>\n<p>Interessante opportunit\u00e0 di lavoro con il colosso delle costruzioni Salini Impregilo, che assumer\u00e0 \u00a0100 giovani\u00a0neolaureati in\u00a0Ingegneriai entro i prossimi tre mesi. Per accedere alla selezione, al link <a href=\"http:\/\/www.salini-impregilo.com\/lavora-con-noi\/lavora-con-noi.html\" target=\"_blank\">http:\/\/www.salini-impregilo.com\/lavora-con-noi\/lavora-con-noi.html<\/a><\/p>\n<p>Altra interessante segnalazione dall\u2019Ufficio Europeo\u00a0di\u00a0Selezione\u00a0del\u00a0Personale EPSO che\u00a0ha pubblicato un bando di selezione per 30 posti di lavoro al Parlamento Europeo nel profilo professionale di\u00a0funzionario\u00a0del gruppo di funzioni \u201cassistenti\u201d. Il concorso per Assistenti al Parlamento Europeo prevede una\u00a0selezione\u00a0per\u00a0titoli\u00a0ed\u00a0esami,\u00a0ed i candidati selezionati potranno lavorare a Bruxelles, con possibilit\u00e0 di effettuare trasferte lavorative prevalentemente a Strasburgo. Scadenza 13 gennaio. Per candidarsi, al link:\u00a0<a href=\"http:\/\/europa.eu\/epso\/apply\/jobs\/perm\/2014\/parliamentary-work\/index_en.htm\" target=\"_blank\">http:\/\/europa.eu\/epso\/apply\/jobs\/perm\/2014\/parliamentary-work\/index_en.htm<\/a><\/p>\n<p>In ambito formativo, per la Garanzia Giovane, il\u00a0Centro Consorzi\u00a0comunica che \u00e8 ancora possibile iscriversi al Corso per Addetto alle materie plastiche e a quello per Addetto alla gestione del magazzino. Per entrambi se avete voglia di approfondire, potete cliccare su questo link<a href=\"http:\/\/www.centroconsorzi.it\/servizi\/servizi-centro\/servizi-al-lavoro\/garanzia-giovani.html\" target=\"_blank\">http:\/\/www.centroconsorzi.it\/servizi\/servizi-centro\/servizi-al-lavoro\/garanzia-giovani.html<\/a><br \/>\nLast Call invece con scadenza immediata, ovvero 17 dicembre da Certottica Formazione per un nuovo corso formativo post diploma. Parliamo di Tecnico Superiore per la Progettazione e la Realizzazione di occhiali per un percorso che permette di acquisire elevate competenze tecniche e tecnologiche integrate da competenze manageriali utili per inserirsi nel contesto delle imprese del settore occhialeria. Il corso biennale \u00e8 in programmazione in questo periodo e prevede l&#8217;accesso tramite una selezione. Per accedere alla selezione \u00e8 necessario compilare il modulo di manifestazione di interesse (in allegato con il volantino) e inviarlo via fax al numero 0437.573131 o via email a\u00a0formazione.certottica@itscosmo.it\u00a0entro mercoled\u00ec 17 dicembre. A fine corso sar\u00e0 rilasciato un diploma, previo superamento di una prova teorico\/pratica. Per accedere ai corsi bisogner\u00e0 versare una tassa di iscrizione annuale di \u20ac 500 (con possibilit\u00e0 di esonero dal versamento per condizioni economiche svantaggiate).<\/p>\n<p>&nbsp;<\/p>\n<p>SerSa (COMUNE DI BELLUNO)<\/p>\n<p>Avviso di selezione per l&#8217;assunzione di n. 2 fisioterapisti a tempo indeterminato e parziale, cat. D, pos. ec. D1 nel Ccnel degli EE.LL.<br \/>\nRequisiti specifici: Diploma di laurea in fisioterapia o titolo equipollente; patente cat. B.<br \/>\nScadenza: ore 12 del 7 gennaio 2015<\/p>\n<p>COMUNE DI FALCADE (BL)<br \/>\nConcorso pubblico, per titoli ed esami, per l&#8217;assunzione, a tempo pieno e indeterminato, di n. 1 Collaboratore professionale-conduttore di macchine operatrici complesse-necroforo &#8211; categoria &#8220;B&#8221;, posizione economica &#8220;B3&#8221;, presso l&#8217;Area Tecnica del Comune di Falcade.<br \/>\nRequisiti specifici: diploma di qualifica professionale biennale o triennale (post Scuola Secondaria di Primo Grado) rilasciato da istituti scolastici statali o regionali; patente di guida categoria &#8220;C&#8221;; abilitazione formativa all&#8217;utilizzo escavatori idraulici e pale caricatrici frontali.<br \/>\nScadenza: 8 gennaio 2015.<\/p>\n<p>ULSS 2 FELTRE (BL)<br \/>\nAvviso pubblico per titoli e prove per la formazione di una graduatoria da utilizzare per assunzioni a tempo determinato nel profilo professionale di: dirigente medico disciplina di ortopedia e traumatologia (ruolo: sanitario; profilo professionale: medici; area chirurgica e delle specialit\u00e0 chirurgiche)<br \/>\nRequisiti specifici: laurea in medicina e chirurgia; abilitazione professionale all\u2019esercizio della professione medico \u2013 chirurgica; iscrizione all\u2019albo dell\u2019ordine dei medici; specializzazione nella disciplina oggetto dell\u2019avviso o in disciplina equipollente ovvero, ai sensi dell\u2019art. 56 \u2013 c. 2 \u2013 del D.P.R. n. 483\/1997, posizione di ruolo in qualit\u00e0 di dirigente medico nella relativa disciplina, alla data di entrata in vigore del decreto medesimo, presso altra U.S.L. o Azienda Ospedaliera (o in una disciplina affine).<br \/>\nScadenza: entro le ore 12.00 del 27 dicembre 2014.<\/p>\n<p>&nbsp;<\/p>\n<p>CONCORSI IN DIVISA<\/p>\n<p>MINISTERO DELLA DIFESA \u2013 ARRUOLAMENTO VOLONTARI VFP1 ESERCITO MILITARE<br \/>\nBando di selezione di 7000 volontari in ferma prefissata di un anno, suddiviso in 4 blocchi di incorporamento, ciascuno con una specifica data di scadenza per la presentazione delle domande di partecipazione alla selezione pubblica, da\u00a0novembre 2014\u00a0ad\u00a0agosto 2015, ed i concorrenti potranno presentare le istanze per pi\u00f9 blocchi, purch\u00e9 non immediatamente successivi.<br \/>\n1\u00b0 blocco: scaduto<br \/>\n2\u00b0 blocco, 1.700 posti con incorporazione a\u00a0giugno 2015. La domanda di partecipazione pu\u00f2 essere presentata dal\u00a09 dicembre 2014\u00a0al\u00a07 gennaio 2015, per i nati dal\u00a07 gennaio 1990\u00a0al\u00a07 gennaio 1997, estremi compresi;<br \/>\n3\u00b0 blocco, 1.700 posti con incorporazione a\u00a0settembre 2015. La domanda di partecipazione pu\u00f2 essere presentata dal\u00a010 marzo 2015\u00a0all\u20198 aprile 2015, per i nati dall\u20198 aprile 1990\u00a0all\u20198 aprile 1997, estremi compresi;<br \/>\n4\u00b0 blocco, 1.500 posti con incorporazione a\u00a0dicembre 2015. La domanda di partecipazione pu\u00f2 essere presentata dal7 luglio 2015\u00a0al\u00a05 agosto 2015, per i nati dal\u00a05 agosto 1990\u00a0al\u00a05 agosto 1997, estremi compresi.<br \/>\nInfo e requisiti: Chiedete all&#8217;informagiovani<br \/>\nAvvisi di mobilit\u00e0<\/p>\n<p>ULSS 2 &#8211; FELTRE<br \/>\nAvviso pubblico di mobilit\u00e0 volontaria in ambito regionale ed interregionale, ai sensi dell&#8217;art. 20 del CCNL 8.6.2000 dell&#8217;area della dirigenza medica e veterinaria, per titoli e prove, per l\u2019assunzione a tempo indeterminato di n. 1 dirigente medico, disciplina di pediatria (area medica e delle specialit\u00e0 mediche), per l\u2019Unit\u00e0 Operativa Complessa di Pediatria e Patologia Neonatale (Dipartimento funzionale transmurale Materno Infantile \u2013 Strutture tecnico funzionali \u201cOspedale\u201d e \u201cDistretto\u201d).<br \/>\nRequisiti specifici: essere inquadrati nel profilo professionale di dirigente medico della disciplina di pediatria (area medica e delle specialit\u00e0 mediche); essere in possesso della seguente esperienza professionale, formazione specifica e pratica sul campo nei seguenti settori pediatrici: neonatologia, gastroenterologia pediatrica, emergenze ed urgenze pediatriche.<br \/>\nScadenza: entro le ore 12 del 14 gennaio 2015<br \/>\nCOMUNE DI BELLUNO<br \/>\n1) Avviso di mobilit\u00e0 esterna volontaria per la copertura di un posto di Collaboratore<br \/>\nsociale amministrativo, ctg. C, posizione economica C1, ccnl comparto Regioni ed Autonomie Locali.<br \/>\n2) Avviso di mobilit\u00e0 esterna volontaria per la copertura di un posto di Assistente sociale, ctg. D1, ccnl comparto Regioni ed Autonomie Locali.<br \/>\nRequisiti specifici: vedi bando<br \/>\nScadenza: entro il 3 gennaio 2015<\/p>\n<p>CONCORSI NAZIONALI<br \/>\nIVASS \u2013 ISTITUTO PER LA VIGILANZA SULLE ASSICURAZIONI<br \/>\nL\u2019IVASS indice i seguenti concorsi pubblici per l\u2019assunzione a tempo indeterminato nel grado<br \/>\niniziale della carriera direttiva (Funzionario di 2a<br \/>\nfascia), di:<br \/>\nA) 5 laureati con orientamento nelle discipline statistiche e\/o matematico-finanziarie;<br \/>\nB) 2 laureati con orientamento nelle discipline giuridiche.<br \/>\nLa sede di lavoro \u00e8 Roma; tuttavia lo svolgimento delle attivit\u00e0 potrebbe richiedere la prolungata<br \/>\npermanenza presso le sedi dei soggetti vigilati, a diretto contatto con l\u2019operativit\u00e0 e le dinamiche<br \/>\ngestionali degli stessi. E\u2019 pertanto richiesta la predisposizione al lavoro in team e la capacit\u00e0 di adattamento a diversi contesti nonch\u00e9 la disponibilit\u00e0 a spostamenti su tutto il territorio nazionale e all\u2019estero.<br \/>\nRequisiti specifici: diploma di laurea specialistica \/ magistrale, conseguito con un punteggio di almeno 105\/110 in una delle seguenti classi: finanza, fisica, giurisprudenza, informatica, matematica, scienze dell\u2019economia, scienze economico-aziendali, scienze statistiche, scienze statistiche attuariali e finanziarie, statistica demografica e sociale, statistica economica, finanziaria ed attuariale.<br \/>\n&#8211;\u00a0diploma di laurea di \u201cvecchio ordinamento\u201d, conseguito con un punteggio di almeno 105\/110 in una delle seguenti discipline: economia e commercio, economia e finanza, fisica, giurisprudenza, informatica, matematica, scienze statistiche demografiche e sociali, scienze statistiche ed attuariali, scienze statistiche ed economiche, statistica.<br \/>\nScadenza: entro le ore 18 del 15 gennaio 2015<\/p>\n<p>ISTITUTO PER LA CONSERVAZIONE E LA VALORIZZAZIONE DEI BENI CULTURALI<br \/>\nConcorso per laureati in Beni Culturali finalizzato all\u2019erogazione di una borsa di studio per svolgere ricerche presso l\u2019U.O.S.\u00a0di\u00a0Milano.<br \/>\nRequisiti specifici: laurea\u00a0in Conservazione dei Beni Culturali, Conservazione e Restauro dei Beni Culturali, o Conservazione e Restauro del Patrimonio Storico-Artistico; non aver compiuto il\u00a035\u00b0 anno di et\u00e0; conoscenza della lingua inglese.<br \/>\nScadenza: entro il 22 dicembre tramite pec.<\/p>\n<p>ISTITUTO SUPERIORE DI SANIT\u00c0<br \/>\nConcorso, per titoli e colloquio, per il conferimento di una<br \/>\nborsa di studio, da fruire presso il dipartimento sanit\u00e0 pubblica<br \/>\nveterinaria e sicurezza alimentare dell\u2019istituto superiore di sanit\u00e0.<br \/>\nRequisiti specifici: Laurea Magistrale in Medicina Veterinaria (LM42), ovvero altra laurea che sia stata<br \/>\nequiparata con decreto ministeriale pubblicato sulla G.U. della Repubblica, conseguita presso<br \/>\nuna Universit\u00e0 o presso un Istituto di Istruzione Universitaria Equiparato<br \/>\nScadenza: entro il 2 gennaio 2015<\/p>\n<p>ULSS UMBRIA 2<br \/>\nConcorso pubblico per 31 operatori socio-sanitari in Umbria, per titoli ed esami, finalizzato all\u2019assunzione di\u00a031 operatori socio-sanitari\u00a0a tempo indeterminato.<br \/>\nRequisiti specifici: attestato di qualifica di Operatore Socio-Sanitario.<br \/>\nScadenza: entro il 22 dicembre 2014.<\/p>\n<p>&nbsp;<\/p>\n<\/div>\n<p>&nbsp;<\/p>","protected":false},"excerpt":{"rendered":"<p>In collaborazione con l&#8217;ufficio Informagiovani del Comune di Belluno, pubblichiamo l&#8217;aggiornamento delle delle opportunit\u00e0 di lavoro. Informagiovani segnala,\u00a0per chi \u00e8 arruolato in ferma di un anno nell&#8217;esercito, \u00a0il nuovo bando VFP4 del Ministero della Difesa. Interessante opportunit\u00e0 di lavoro con il colosso delle costruzioni Salini Impregilo, che assumer\u00e0 \u00a0100 giovani\u00a0neolaureati in\u00a0Ingegneriai entro i prossimi tre [&hellip;]<\/p>\n","protected":false},"author":2,"featured_media":0,"comment_status":"closed","ping_status":"open","sticky":false,"template":"","format":"standard","meta":{"footnotes":""},"categories":[36,26],"tags":[],"class_list":["post-64926","post","type-post","status-publish","format-standard","category-lavoro-economia","category-prima-pagina"],"yoast_head":"<!-- This site is optimized with the Yoast SEO plugin v28.4 - https:\/\/yoast.com\/product\/yoast-seo-wordpress\/ -->\n<title>Cerco lavoro - Bellunopress - Dolomiti<\/title>\n<meta name=\"robots\" content=\"index, follow, max-snippet:-1, max-image-preview:large, max-video-preview:-1\" \/>\n<link rel=\"canonical\" href=\"https:\/\/www.bellunopress.it\/fr\/2014\/12\/16\/cerco-lavoro-214\/\" \/>\n<meta property=\"og:locale\" content=\"fr_FR\" \/>\n<meta property=\"og:type\" content=\"article\" \/>\n<meta property=\"og:title\" content=\"Cerco lavoro - Bellunopress - Dolomiti\" \/>\n<meta property=\"og:description\" content=\"In collaborazione con l&#8217;ufficio Informagiovani del Comune di Belluno, pubblichiamo l&#8217;aggiornamento delle delle opportunit\u00e0 di lavoro. Informagiovani segnala,\u00a0per chi \u00e8 arruolato in ferma di un anno nell&#8217;esercito, \u00a0il nuovo bando VFP4 del Ministero della Difesa. Interessante opportunit\u00e0 di lavoro con il colosso delle costruzioni Salini Impregilo, che assumer\u00e0 \u00a0100 giovani\u00a0neolaureati in\u00a0Ingegneriai entro i prossimi tre [&hellip;]\" \/>\n<meta property=\"og:url\" content=\"https:\/\/www.bellunopress.it\/fr\/2014\/12\/16\/cerco-lavoro-214\/\" \/>\n<meta property=\"og:site_name\" content=\"Bellunopress - Dolomiti\" \/>\n<meta property=\"article:publisher\" content=\"https:\/\/www.facebook.com\/profile.php?id=100008943462799\" \/>\n<meta property=\"article:published_time\" content=\"2014-12-16T21:17:33+00:00\" \/>\n<meta property=\"og:image\" content=\"http:\/\/www.bellunopress.it\/wp-content\/uploads\/2010\/12\/informagiovani.gif\" \/>\n<meta name=\"author\" content=\"redazione\" \/>\n<meta name=\"twitter:card\" content=\"summary_large_image\" \/>\n<meta name=\"twitter:creator\" content=\"@bellunopress\" \/>\n<meta name=\"twitter:site\" content=\"@bellunopress\" \/>\n<meta name=\"twitter:label1\" content=\"\u00c9crit par\" \/>\n\t<meta name=\"twitter:data1\" content=\"redazione\" \/>\n\t<meta name=\"twitter:label2\" content=\"Dur\u00e9e de lecture estim\u00e9e\" \/>\n\t<meta name=\"twitter:data2\" content=\"7 minutes\" \/>\n<script type=\"application\/ld+json\" class=\"yoast-schema-graph\">{\"@context\":\"https:\\\/\\\/schema.org\",\"@graph\":[{\"@type\":\"Article\",\"@id\":\"https:\\\/\\\/www.bellunopress.it\\\/2014\\\/12\\\/16\\\/cerco-lavoro-214\\\/#article\",\"isPartOf\":{\"@id\":\"https:\\\/\\\/www.bellunopress.it\\\/2014\\\/12\\\/16\\\/cerco-lavoro-214\\\/\"},\"author\":{\"name\":\"redazione\",\"@id\":\"https:\\\/\\\/www.bellunopress.it\\\/#\\\/schema\\\/person\\\/79bb06722b37ece1c03d3e94beb30d73\"},\"headline\":\"Cerco lavoro\",\"datePublished\":\"2014-12-16T21:17:33+00:00\",\"mainEntityOfPage\":{\"@id\":\"https:\\\/\\\/www.bellunopress.it\\\/2014\\\/12\\\/16\\\/cerco-lavoro-214\\\/\"},\"wordCount\":1318,\"publisher\":{\"@id\":\"https:\\\/\\\/www.bellunopress.it\\\/#organization\"},\"image\":{\"@id\":\"https:\\\/\\\/www.bellunopress.it\\\/2014\\\/12\\\/16\\\/cerco-lavoro-214\\\/#primaryimage\"},\"thumbnailUrl\":\"http:\\\/\\\/www.bellunopress.it\\\/wp-content\\\/uploads\\\/2010\\\/12\\\/informagiovani.gif\",\"articleSection\":[\"Lavoro, Economia, Turismo\",\"Prima Pagina\"],\"inLanguage\":\"fr-FR\"},{\"@type\":\"WebPage\",\"@id\":\"https:\\\/\\\/www.bellunopress.it\\\/2014\\\/12\\\/16\\\/cerco-lavoro-214\\\/\",\"url\":\"https:\\\/\\\/www.bellunopress.it\\\/2014\\\/12\\\/16\\\/cerco-lavoro-214\\\/\",\"name\":\"Cerco lavoro - Bellunopress - Dolomiti\",\"isPartOf\":{\"@id\":\"https:\\\/\\\/www.bellunopress.it\\\/#website\"},\"primaryImageOfPage\":{\"@id\":\"https:\\\/\\\/www.bellunopress.it\\\/2014\\\/12\\\/16\\\/cerco-lavoro-214\\\/#primaryimage\"},\"image\":{\"@id\":\"https:\\\/\\\/www.bellunopress.it\\\/2014\\\/12\\\/16\\\/cerco-lavoro-214\\\/#primaryimage\"},\"thumbnailUrl\":\"http:\\\/\\\/www.bellunopress.it\\\/wp-content\\\/uploads\\\/2010\\\/12\\\/informagiovani.gif\",\"datePublished\":\"2014-12-16T21:17:33+00:00\",\"breadcrumb\":{\"@id\":\"https:\\\/\\\/www.bellunopress.it\\\/2014\\\/12\\\/16\\\/cerco-lavoro-214\\\/#breadcrumb\"},\"inLanguage\":\"fr-FR\",\"potentialAction\":[{\"@type\":\"ReadAction\",\"target\":[\"https:\\\/\\\/www.bellunopress.it\\\/2014\\\/12\\\/16\\\/cerco-lavoro-214\\\/\"]}]},{\"@type\":\"ImageObject\",\"inLanguage\":\"fr-FR\",\"@id\":\"https:\\\/\\\/www.bellunopress.it\\\/2014\\\/12\\\/16\\\/cerco-lavoro-214\\\/#primaryimage\",\"url\":\"http:\\\/\\\/www.bellunopress.it\\\/wp-content\\\/uploads\\\/2010\\\/12\\\/informagiovani.gif\",\"contentUrl\":\"http:\\\/\\\/www.bellunopress.it\\\/wp-content\\\/uploads\\\/2010\\\/12\\\/informagiovani.gif\"},{\"@type\":\"BreadcrumbList\",\"@id\":\"https:\\\/\\\/www.bellunopress.it\\\/2014\\\/12\\\/16\\\/cerco-lavoro-214\\\/#breadcrumb\",\"itemListElement\":[{\"@type\":\"ListItem\",\"position\":1,\"name\":\"Home\",\"item\":\"https:\\\/\\\/www.bellunopress.it\\\/\"},{\"@type\":\"ListItem\",\"position\":2,\"name\":\"Cerco lavoro\"}]},{\"@type\":\"WebSite\",\"@id\":\"https:\\\/\\\/www.bellunopress.it\\\/#website\",\"url\":\"https:\\\/\\\/www.bellunopress.it\\\/\",\"name\":\"Bellunopress - Dolomiti\",\"description\":\"e-mail: redazione@bellunopress.it\",\"publisher\":{\"@id\":\"https:\\\/\\\/www.bellunopress.it\\\/#organization\"},\"potentialAction\":[{\"@type\":\"SearchAction\",\"target\":{\"@type\":\"EntryPoint\",\"urlTemplate\":\"https:\\\/\\\/www.bellunopress.it\\\/?s={search_term_string}\"},\"query-input\":{\"@type\":\"PropertyValueSpecification\",\"valueRequired\":true,\"valueName\":\"search_term_string\"}}],\"inLanguage\":\"fr-FR\"},{\"@type\":\"Organization\",\"@id\":\"https:\\\/\\\/www.bellunopress.it\\\/#organization\",\"name\":\"Bellunopress\",\"url\":\"https:\\\/\\\/www.bellunopress.it\\\/\",\"logo\":{\"@type\":\"ImageObject\",\"inLanguage\":\"fr-FR\",\"@id\":\"https:\\\/\\\/www.bellunopress.it\\\/#\\\/schema\\\/logo\\\/image\\\/\",\"url\":\"https:\\\/\\\/www.bellunopress.it\\\/wp-content\\\/uploads\\\/2011\\\/05\\\/cropped-logo-bellunopress-.jpg\",\"contentUrl\":\"https:\\\/\\\/www.bellunopress.it\\\/wp-content\\\/uploads\\\/2011\\\/05\\\/cropped-logo-bellunopress-.jpg\",\"width\":512,\"height\":512,\"caption\":\"Bellunopress\"},\"image\":{\"@id\":\"https:\\\/\\\/www.bellunopress.it\\\/#\\\/schema\\\/logo\\\/image\\\/\"},\"sameAs\":[\"https:\\\/\\\/www.facebook.com\\\/profile.php?id=100008943462799\",\"https:\\\/\\\/x.com\\\/bellunopress\",\"https:\\\/\\\/www.linkedin.com\\\/hp\\\/?dnr=JBzUWaJfMUw8vbXJJ2tVW5-I3jZKvC4wsoxE&amp;amp;amp;amp;amp;amp;trk=nav_responsive_tab_home\",\"https:\\\/\\\/www.youtube.com\\\/channel\\\/UCxL0wu1uN0_3_7hGG0306cw\"]},{\"@type\":\"Person\",\"@id\":\"https:\\\/\\\/www.bellunopress.it\\\/#\\\/schema\\\/person\\\/79bb06722b37ece1c03d3e94beb30d73\",\"name\":\"redazione\",\"image\":{\"@type\":\"ImageObject\",\"inLanguage\":\"fr-FR\",\"@id\":\"https:\\\/\\\/secure.gravatar.com\\\/avatar\\\/37d968a2e67a6fd04c169c4bdef102d0bc5d31b2546345219e348575eb80e9a0?s=96&d=mm&r=g\",\"url\":\"https:\\\/\\\/secure.gravatar.com\\\/avatar\\\/37d968a2e67a6fd04c169c4bdef102d0bc5d31b2546345219e348575eb80e9a0?s=96&d=mm&r=g\",\"contentUrl\":\"https:\\\/\\\/secure.gravatar.com\\\/avatar\\\/37d968a2e67a6fd04c169c4bdef102d0bc5d31b2546345219e348575eb80e9a0?s=96&d=mm&r=g\",\"caption\":\"redazione\"},\"sameAs\":[\"http:\\\/\\\/www.bellunopress.it\",\"https:\\\/\\\/x.com\\\/bellunopress\"],\"url\":\"https:\\\/\\\/www.bellunopress.it\\\/fr\\\/author\\\/redazione\\\/\"}]}<\/script>\n<!-- \/ Yoast SEO plugin. -->","yoast_head_json":{"title":"Cerco lavoro - Bellunopress - Dolomiti","robots":{"index":"index","follow":"follow","max-snippet":"max-snippet:-1","max-image-preview":"max-image-preview:large","max-video-preview":"max-video-preview:-1"},"canonical":"https:\/\/www.bellunopress.it\/fr\/2014\/12\/16\/cerco-lavoro-214\/","og_locale":"fr_FR","og_type":"article","og_title":"Cerco lavoro - Bellunopress - Dolomiti","og_description":"In collaborazione con l&#8217;ufficio Informagiovani del Comune di Belluno, pubblichiamo l&#8217;aggiornamento delle delle opportunit\u00e0 di lavoro. Informagiovani segnala,\u00a0per chi \u00e8 arruolato in ferma di un anno nell&#8217;esercito, \u00a0il nuovo bando VFP4 del Ministero della Difesa. Interessante opportunit\u00e0 di lavoro con il colosso delle costruzioni Salini Impregilo, che assumer\u00e0 \u00a0100 giovani\u00a0neolaureati in\u00a0Ingegneriai entro i prossimi tre [&hellip;]","og_url":"https:\/\/www.bellunopress.it\/fr\/2014\/12\/16\/cerco-lavoro-214\/","og_site_name":"Bellunopress - Dolomiti","article_publisher":"https:\/\/www.facebook.com\/profile.php?id=100008943462799","article_published_time":"2014-12-16T21:17:33+00:00","og_image":[{"url":"http:\/\/www.bellunopress.it\/wp-content\/uploads\/2010\/12\/informagiovani.gif","type":"","width":"","height":""}],"author":"redazione","twitter_card":"summary_large_image","twitter_creator":"@bellunopress","twitter_site":"@bellunopress","twitter_misc":{"\u00c9crit par":"redazione","Dur\u00e9e de lecture estim\u00e9e":"7 minutes"},"schema":{"@context":"https:\/\/schema.org","@graph":[{"@type":"Article","@id":"https:\/\/www.bellunopress.it\/2014\/12\/16\/cerco-lavoro-214\/#article","isPartOf":{"@id":"https:\/\/www.bellunopress.it\/2014\/12\/16\/cerco-lavoro-214\/"},"author":{"name":"redazione","@id":"https:\/\/www.bellunopress.it\/#\/schema\/person\/79bb06722b37ece1c03d3e94beb30d73"},"headline":"Cerco lavoro","datePublished":"2014-12-16T21:17:33+00:00","mainEntityOfPage":{"@id":"https:\/\/www.bellunopress.it\/2014\/12\/16\/cerco-lavoro-214\/"},"wordCount":1318,"publisher":{"@id":"https:\/\/www.bellunopress.it\/#organization"},"image":{"@id":"https:\/\/www.bellunopress.it\/2014\/12\/16\/cerco-lavoro-214\/#primaryimage"},"thumbnailUrl":"http:\/\/www.bellunopress.it\/wp-content\/uploads\/2010\/12\/informagiovani.gif","articleSection":["Lavoro, Economia, Turismo","Prima Pagina"],"inLanguage":"fr-FR"},{"@type":"WebPage","@id":"https:\/\/www.bellunopress.it\/2014\/12\/16\/cerco-lavoro-214\/","url":"https:\/\/www.bellunopress.it\/2014\/12\/16\/cerco-lavoro-214\/","name":"Cerco lavoro - Bellunopress - Dolomiti","isPartOf":{"@id":"https:\/\/www.bellunopress.it\/#website"},"primaryImageOfPage":{"@id":"https:\/\/www.bellunopress.it\/2014\/12\/16\/cerco-lavoro-214\/#primaryimage"},"image":{"@id":"https:\/\/www.bellunopress.it\/2014\/12\/16\/cerco-lavoro-214\/#primaryimage"},"thumbnailUrl":"http:\/\/www.bellunopress.it\/wp-content\/uploads\/2010\/12\/informagiovani.gif","datePublished":"2014-12-16T21:17:33+00:00","breadcrumb":{"@id":"https:\/\/www.bellunopress.it\/2014\/12\/16\/cerco-lavoro-214\/#breadcrumb"},"inLanguage":"fr-FR","potentialAction":[{"@type":"ReadAction","target":["https:\/\/www.bellunopress.it\/2014\/12\/16\/cerco-lavoro-214\/"]}]},{"@type":"ImageObject","inLanguage":"fr-FR","@id":"https:\/\/www.bellunopress.it\/2014\/12\/16\/cerco-lavoro-214\/#primaryimage","url":"http:\/\/www.bellunopress.it\/wp-content\/uploads\/2010\/12\/informagiovani.gif","contentUrl":"http:\/\/www.bellunopress.it\/wp-content\/uploads\/2010\/12\/informagiovani.gif"},{"@type":"BreadcrumbList","@id":"https:\/\/www.bellunopress.it\/2014\/12\/16\/cerco-lavoro-214\/#breadcrumb","itemListElement":[{"@type":"ListItem","position":1,"name":"Home","item":"https:\/\/www.bellunopress.it\/"},{"@type":"ListItem","position":2,"name":"Cerco lavoro"}]},{"@type":"WebSite","@id":"https:\/\/www.bellunopress.it\/#website","url":"https:\/\/www.bellunopress.it\/","name":"Bellunopress - Dolomiti","description":"e-mail: redazione@bellunopress.it","publisher":{"@id":"https:\/\/www.bellunopress.it\/#organization"},"potentialAction":[{"@type":"SearchAction","target":{"@type":"EntryPoint","urlTemplate":"https:\/\/www.bellunopress.it\/?s={search_term_string}"},"query-input":{"@type":"PropertyValueSpecification","valueRequired":true,"valueName":"search_term_string"}}],"inLanguage":"fr-FR"},{"@type":"Organization","@id":"https:\/\/www.bellunopress.it\/#organization","name":"Bellunopress","url":"https:\/\/www.bellunopress.it\/","logo":{"@type":"ImageObject","inLanguage":"fr-FR","@id":"https:\/\/www.bellunopress.it\/#\/schema\/logo\/image\/","url":"https:\/\/www.bellunopress.it\/wp-content\/uploads\/2011\/05\/cropped-logo-bellunopress-.jpg","contentUrl":"https:\/\/www.bellunopress.it\/wp-content\/uploads\/2011\/05\/cropped-logo-bellunopress-.jpg","width":512,"height":512,"caption":"Bellunopress"},"image":{"@id":"https:\/\/www.bellunopress.it\/#\/schema\/logo\/image\/"},"sameAs":["https:\/\/www.facebook.com\/profile.php?id=100008943462799","https:\/\/x.com\/bellunopress","https:\/\/www.linkedin.com\/hp\/?dnr=JBzUWaJfMUw8vbXJJ2tVW5-I3jZKvC4wsoxE&amp;amp;amp;amp;amp;amp;trk=nav_responsive_tab_home","https:\/\/www.youtube.com\/channel\/UCxL0wu1uN0_3_7hGG0306cw"]},{"@type":"Person","@id":"https:\/\/www.bellunopress.it\/#\/schema\/person\/79bb06722b37ece1c03d3e94beb30d73","name":"r\u00e9daction","image":{"@type":"ImageObject","inLanguage":"fr-FR","@id":"https:\/\/secure.gravatar.com\/avatar\/37d968a2e67a6fd04c169c4bdef102d0bc5d31b2546345219e348575eb80e9a0?s=96&d=mm&r=g","url":"https:\/\/secure.gravatar.com\/avatar\/37d968a2e67a6fd04c169c4bdef102d0bc5d31b2546345219e348575eb80e9a0?s=96&d=mm&r=g","contentUrl":"https:\/\/secure.gravatar.com\/avatar\/37d968a2e67a6fd04c169c4bdef102d0bc5d31b2546345219e348575eb80e9a0?s=96&d=mm&r=g","caption":"redazione"},"sameAs":["http:\/\/www.bellunopress.it","https:\/\/x.com\/bellunopress"],"url":"https:\/\/www.bellunopress.it\/fr\/author\/redazione\/"}]}},"_links":{"self":[{"href":"https:\/\/www.bellunopress.it\/fr\/wp-json\/wp\/v2\/posts\/64926","targetHints":{"allow":["GET"]}}],"collection":[{"href":"https:\/\/www.bellunopress.it\/fr\/wp-json\/wp\/v2\/posts"}],"about":[{"href":"https:\/\/www.bellunopress.it\/fr\/wp-json\/wp\/v2\/types\/post"}],"author":[{"embeddable":true,"href":"https:\/\/www.bellunopress.it\/fr\/wp-json\/wp\/v2\/users\/2"}],"replies":[{"embeddable":true,"href":"https:\/\/www.bellunopress.it\/fr\/wp-json\/wp\/v2\/comments?post=64926"}],"version-history":[{"count":1,"href":"https:\/\/www.bellunopress.it\/fr\/wp-json\/wp\/v2\/posts\/64926\/revisions"}],"predecessor-version":[{"id":64927,"href":"https:\/\/www.bellunopress.it\/fr\/wp-json\/wp\/v2\/posts\/64926\/revisions\/64927"}],"wp:attachment":[{"href":"https:\/\/www.bellunopress.it\/fr\/wp-json\/wp\/v2\/media?parent=64926"}],"wp:term":[{"taxonomy":"category","embeddable":true,"href":"https:\/\/www.bellunopress.it\/fr\/wp-json\/wp\/v2\/categories?post=64926"},{"taxonomy":"post_tag","embeddable":true,"href":"https:\/\/www.bellunopress.it\/fr\/wp-json\/wp\/v2\/tags?post=64926"}],"curies":[{"name":"wp","href":"https:\/\/api.w.org\/{rel}","templated":true}]}}