{"id":64924,"date":"2014-12-16T17:32:43","date_gmt":"2014-12-16T16:32:43","guid":{"rendered":"http:\/\/www.bellunopress.it\/?p=64924"},"modified":"2014-12-16T17:32:43","modified_gmt":"2014-12-16T16:32:43","slug":"allarme-provincia-il-senatore-piccoli-presenta-un-emendamento-per-salvare-trasferimenti-e-personale-attacco-inaccettabile-e-questa-la-provincia-montana-di-renzi","status":"publish","type":"post","link":"https:\/\/www.bellunopress.it\/fr\/2014\/12\/16\/allarme-provincia-il-senatore-piccoli-presenta-un-emendamento-per-salvare-trasferimenti-e-personale-attacco-inaccettabile-e-questa-la-provincia-montana-di-renzi\/","title":{"rendered":"Allarme Provincia. Il senatore Piccoli presenta un emendamento per salvare trasferimenti e personale: &#8220;Attacco inaccettabile! E&#8217; questa la provincia montana di Renzi?&#8221;"},"content":{"rendered":"<figure id=\"attachment_57250\" aria-describedby=\"caption-attachment-57250\" style=\"width: 252px\" class=\"wp-caption alignright\"><a href=\"http:\/\/www.bellunopress.it\/wp-content\/uploads\/2014\/03\/piccoli-pmi-015.jpg\"><img loading=\"lazy\" decoding=\"async\" class=\"size-full wp-image-57250\" src=\"http:\/\/www.bellunopress.it\/wp-content\/uploads\/2014\/03\/piccoli-pmi-015.jpg\" alt=\"Giovanni Piccoli, senatore Pdl\" width=\"252\" height=\"290\" \/><\/a><figcaption id=\"caption-attachment-57250\" class=\"wp-caption-text\">Giovanni Piccoli, senatore Pdl<\/figcaption><\/figure>\n<p align=\"LEFT\">No al dimezzamento del personale della Provincia di Belluno e all\u2019ennesimo colpo di mannaia sulle casse di Palazzo Piloni.<\/p>\n<p align=\"LEFT\">Lo ribadisce il senatore di Forza Italia Giovanni Piccoli con un apposito emendamento alla legge di stabilit\u00e0, nel quale si chiede di non operare tagli sulle province montane individuate dalla Legge Delrio; accanto a Belluno ci sono anche Sondrio e Verbania-Cusio-Ossola.<\/p>\n<p align=\"LEFT\">\u201cL\u2019emendamento che ho presentato \u00e8 molto semplice\u201d, rimarca Piccoli. \u201cSe non verr\u00e0 accolto significher\u00e0 con tutta evidenza che quello della Provincia montana \u00e8 un contenitore assolutamente e desolatamente vuoto alla faccia dei proclami di questo Governo e dei suoi luogotenenti sul territorio. Che ci sta a fare il requisito della montanit\u00e0 se alla provincia di Belluno vengono applicati gli stessi tagli di tutte le altre province? Siamo al paradosso\u201d.<\/p>\n<p align=\"LEFT\">Piccoli raccoglie il grido d\u2019allarme dell\u2019assessore provinciale al bilancio Amalia Serenella Bogana e di tutti gli amministratori del territorio. \u201cL\u2019autonomia bellunese \u00e8 sotto attacco. Il Governo non solo non trasferisce i soldi ma neanche dice con chiarezza quali sono le competenze di cui questo ente dovr\u00e0 occuparsi da qui al futuro. Una giungla all\u2019interno della quale deve muoversi anche la Regione del Veneto alle prese con l\u2019applicazione della legge 25 del 2014 sull\u2019attuazione della specificit\u00e0\u201d.<\/p>\n<p align=\"LEFT\">C\u2019\u00e8 poi un problema pressante, quello occupazionale: \u201cCosa facciamo? Lasciamo decine di dipendenti, preparati e competenti, a casa senza alcuna certezza? Siamo al dilettantismo politico\u201d.<\/p>\n<p align=\"LEFT\">\u201cDopo l\u2019Imu su terreni agrari sui comuni di media montagna, l\u2019Iva sul pellet al 22 per cento, questa \u00e8 la ciliegina sulla torta avvelenata che il Governo ha preparato per i bellunesi\u201d, conclude Piccoli.<\/p>\n<p align=\"LEFT\">","protected":false},"excerpt":{"rendered":"<p>No al dimezzamento del personale della Provincia di Belluno e all\u2019ennesimo colpo di mannaia sulle casse di Palazzo Piloni. Lo ribadisce il senatore di Forza Italia Giovanni Piccoli con un apposito emendamento alla legge di stabilit\u00e0, nel quale si chiede di non operare tagli sulle province montane individuate dalla Legge Delrio; accanto a Belluno ci [&hellip;]<\/p>\n","protected":false},"author":2,"featured_media":0,"comment_status":"closed","ping_status":"open","sticky":false,"template":"","format":"standard","meta":{"footnotes":""},"categories":[5,26],"tags":[],"class_list":["post-64924","post","type-post","status-publish","format-standard","category-cronaca","category-prima-pagina"],"yoast_head":"<!-- This site is optimized with the Yoast SEO plugin v28.4 - https:\/\/yoast.com\/product\/yoast-seo-wordpress\/ -->\n<title>Allarme Provincia. Il senatore Piccoli presenta un emendamento per salvare trasferimenti e personale: &quot;Attacco inaccettabile! E&#039; questa la provincia montana di Renzi?&quot; - Bellunopress - Dolomiti<\/title>\n<meta name=\"robots\" content=\"index, follow, max-snippet:-1, max-image-preview:large, max-video-preview:-1\" \/>\n<link rel=\"canonical\" href=\"https:\/\/www.bellunopress.it\/fr\/2014\/12\/16\/allarme-provincia-il-senatore-piccoli-presenta-un-emendamento-per-salvare-trasferimenti-e-personale-attacco-inaccettabile-e-questa-la-provincia-montana-di-renzi\/\" \/>\n<meta property=\"og:locale\" content=\"fr_FR\" \/>\n<meta property=\"og:type\" content=\"article\" \/>\n<meta property=\"og:title\" content=\"Allarme Provincia. Il senatore Piccoli presenta un emendamento per salvare trasferimenti e personale: &quot;Attacco inaccettabile! E&#039; questa la provincia montana di Renzi?&quot; - Bellunopress - Dolomiti\" \/>\n<meta property=\"og:description\" content=\"No al dimezzamento del personale della Provincia di Belluno e all\u2019ennesimo colpo di mannaia sulle casse di Palazzo Piloni. Lo ribadisce il senatore di Forza Italia Giovanni Piccoli con un apposito emendamento alla legge di stabilit\u00e0, nel quale si chiede di non operare tagli sulle province montane individuate dalla Legge Delrio; accanto a Belluno ci [&hellip;]\" \/>\n<meta property=\"og:url\" content=\"https:\/\/www.bellunopress.it\/fr\/2014\/12\/16\/allarme-provincia-il-senatore-piccoli-presenta-un-emendamento-per-salvare-trasferimenti-e-personale-attacco-inaccettabile-e-questa-la-provincia-montana-di-renzi\/\" \/>\n<meta property=\"og:site_name\" content=\"Bellunopress - Dolomiti\" \/>\n<meta property=\"article:publisher\" content=\"https:\/\/www.facebook.com\/profile.php?id=100008943462799\" \/>\n<meta property=\"article:published_time\" content=\"2014-12-16T16:32:43+00:00\" \/>\n<meta property=\"og:image\" content=\"http:\/\/www.bellunopress.it\/wp-content\/uploads\/2014\/03\/piccoli-pmi-015.jpg\" \/>\n<meta name=\"author\" content=\"redazione\" \/>\n<meta name=\"twitter:card\" content=\"summary_large_image\" \/>\n<meta name=\"twitter:creator\" content=\"@bellunopress\" \/>\n<meta name=\"twitter:site\" content=\"@bellunopress\" \/>\n<meta name=\"twitter:label1\" content=\"\u00c9crit par\" \/>\n\t<meta name=\"twitter:data1\" content=\"redazione\" \/>\n\t<meta name=\"twitter:label2\" content=\"Dur\u00e9e de lecture estim\u00e9e\" \/>\n\t<meta name=\"twitter:data2\" content=\"1 minute\" \/>\n<script type=\"application\/ld+json\" class=\"yoast-schema-graph\">{\"@context\":\"https:\\\/\\\/schema.org\",\"@graph\":[{\"@type\":\"Article\",\"@id\":\"https:\\\/\\\/www.bellunopress.it\\\/2014\\\/12\\\/16\\\/allarme-provincia-il-senatore-piccoli-presenta-un-emendamento-per-salvare-trasferimenti-e-personale-attacco-inaccettabile-e-questa-la-provincia-montana-di-renzi\\\/#article\",\"isPartOf\":{\"@id\":\"https:\\\/\\\/www.bellunopress.it\\\/2014\\\/12\\\/16\\\/allarme-provincia-il-senatore-piccoli-presenta-un-emendamento-per-salvare-trasferimenti-e-personale-attacco-inaccettabile-e-questa-la-provincia-montana-di-renzi\\\/\"},\"author\":{\"name\":\"redazione\",\"@id\":\"https:\\\/\\\/www.bellunopress.it\\\/#\\\/schema\\\/person\\\/79bb06722b37ece1c03d3e94beb30d73\"},\"headline\":\"Allarme Provincia. Il senatore Piccoli presenta un emendamento per salvare trasferimenti e personale: &#8220;Attacco inaccettabile! E&#8217; questa la provincia montana di Renzi?&#8221;\",\"datePublished\":\"2014-12-16T16:32:43+00:00\",\"mainEntityOfPage\":{\"@id\":\"https:\\\/\\\/www.bellunopress.it\\\/2014\\\/12\\\/16\\\/allarme-provincia-il-senatore-piccoli-presenta-un-emendamento-per-salvare-trasferimenti-e-personale-attacco-inaccettabile-e-questa-la-provincia-montana-di-renzi\\\/\"},\"wordCount\":299,\"publisher\":{\"@id\":\"https:\\\/\\\/www.bellunopress.it\\\/#organization\"},\"image\":{\"@id\":\"https:\\\/\\\/www.bellunopress.it\\\/2014\\\/12\\\/16\\\/allarme-provincia-il-senatore-piccoli-presenta-un-emendamento-per-salvare-trasferimenti-e-personale-attacco-inaccettabile-e-questa-la-provincia-montana-di-renzi\\\/#primaryimage\"},\"thumbnailUrl\":\"http:\\\/\\\/www.bellunopress.it\\\/wp-content\\\/uploads\\\/2014\\\/03\\\/piccoli-pmi-015.jpg\",\"articleSection\":[\"Cronaca\\\/Politica\",\"Prima Pagina\"],\"inLanguage\":\"fr-FR\"},{\"@type\":\"WebPage\",\"@id\":\"https:\\\/\\\/www.bellunopress.it\\\/2014\\\/12\\\/16\\\/allarme-provincia-il-senatore-piccoli-presenta-un-emendamento-per-salvare-trasferimenti-e-personale-attacco-inaccettabile-e-questa-la-provincia-montana-di-renzi\\\/\",\"url\":\"https:\\\/\\\/www.bellunopress.it\\\/2014\\\/12\\\/16\\\/allarme-provincia-il-senatore-piccoli-presenta-un-emendamento-per-salvare-trasferimenti-e-personale-attacco-inaccettabile-e-questa-la-provincia-montana-di-renzi\\\/\",\"name\":\"Allarme Provincia. Il senatore Piccoli presenta un emendamento per salvare trasferimenti e personale: \\\"Attacco inaccettabile! E' questa la provincia montana di Renzi?\\\" - Bellunopress - Dolomiti\",\"isPartOf\":{\"@id\":\"https:\\\/\\\/www.bellunopress.it\\\/#website\"},\"primaryImageOfPage\":{\"@id\":\"https:\\\/\\\/www.bellunopress.it\\\/2014\\\/12\\\/16\\\/allarme-provincia-il-senatore-piccoli-presenta-un-emendamento-per-salvare-trasferimenti-e-personale-attacco-inaccettabile-e-questa-la-provincia-montana-di-renzi\\\/#primaryimage\"},\"image\":{\"@id\":\"https:\\\/\\\/www.bellunopress.it\\\/2014\\\/12\\\/16\\\/allarme-provincia-il-senatore-piccoli-presenta-un-emendamento-per-salvare-trasferimenti-e-personale-attacco-inaccettabile-e-questa-la-provincia-montana-di-renzi\\\/#primaryimage\"},\"thumbnailUrl\":\"http:\\\/\\\/www.bellunopress.it\\\/wp-content\\\/uploads\\\/2014\\\/03\\\/piccoli-pmi-015.jpg\",\"datePublished\":\"2014-12-16T16:32:43+00:00\",\"breadcrumb\":{\"@id\":\"https:\\\/\\\/www.bellunopress.it\\\/2014\\\/12\\\/16\\\/allarme-provincia-il-senatore-piccoli-presenta-un-emendamento-per-salvare-trasferimenti-e-personale-attacco-inaccettabile-e-questa-la-provincia-montana-di-renzi\\\/#breadcrumb\"},\"inLanguage\":\"fr-FR\",\"potentialAction\":[{\"@type\":\"ReadAction\",\"target\":[\"https:\\\/\\\/www.bellunopress.it\\\/2014\\\/12\\\/16\\\/allarme-provincia-il-senatore-piccoli-presenta-un-emendamento-per-salvare-trasferimenti-e-personale-attacco-inaccettabile-e-questa-la-provincia-montana-di-renzi\\\/\"]}]},{\"@type\":\"ImageObject\",\"inLanguage\":\"fr-FR\",\"@id\":\"https:\\\/\\\/www.bellunopress.it\\\/2014\\\/12\\\/16\\\/allarme-provincia-il-senatore-piccoli-presenta-un-emendamento-per-salvare-trasferimenti-e-personale-attacco-inaccettabile-e-questa-la-provincia-montana-di-renzi\\\/#primaryimage\",\"url\":\"http:\\\/\\\/www.bellunopress.it\\\/wp-content\\\/uploads\\\/2014\\\/03\\\/piccoli-pmi-015.jpg\",\"contentUrl\":\"http:\\\/\\\/www.bellunopress.it\\\/wp-content\\\/uploads\\\/2014\\\/03\\\/piccoli-pmi-015.jpg\"},{\"@type\":\"BreadcrumbList\",\"@id\":\"https:\\\/\\\/www.bellunopress.it\\\/2014\\\/12\\\/16\\\/allarme-provincia-il-senatore-piccoli-presenta-un-emendamento-per-salvare-trasferimenti-e-personale-attacco-inaccettabile-e-questa-la-provincia-montana-di-renzi\\\/#breadcrumb\",\"itemListElement\":[{\"@type\":\"ListItem\",\"position\":1,\"name\":\"Home\",\"item\":\"https:\\\/\\\/www.bellunopress.it\\\/\"},{\"@type\":\"ListItem\",\"position\":2,\"name\":\"Allarme Provincia. Il senatore Piccoli presenta un emendamento per salvare trasferimenti e personale: &#8220;Attacco inaccettabile! E&#8217; questa la provincia montana di Renzi?&#8221;\"}]},{\"@type\":\"WebSite\",\"@id\":\"https:\\\/\\\/www.bellunopress.it\\\/#website\",\"url\":\"https:\\\/\\\/www.bellunopress.it\\\/\",\"name\":\"Bellunopress - Dolomiti\",\"description\":\"e-mail: redazione@bellunopress.it\",\"publisher\":{\"@id\":\"https:\\\/\\\/www.bellunopress.it\\\/#organization\"},\"potentialAction\":[{\"@type\":\"SearchAction\",\"target\":{\"@type\":\"EntryPoint\",\"urlTemplate\":\"https:\\\/\\\/www.bellunopress.it\\\/?s={search_term_string}\"},\"query-input\":{\"@type\":\"PropertyValueSpecification\",\"valueRequired\":true,\"valueName\":\"search_term_string\"}}],\"inLanguage\":\"fr-FR\"},{\"@type\":\"Organization\",\"@id\":\"https:\\\/\\\/www.bellunopress.it\\\/#organization\",\"name\":\"Bellunopress\",\"url\":\"https:\\\/\\\/www.bellunopress.it\\\/\",\"logo\":{\"@type\":\"ImageObject\",\"inLanguage\":\"fr-FR\",\"@id\":\"https:\\\/\\\/www.bellunopress.it\\\/#\\\/schema\\\/logo\\\/image\\\/\",\"url\":\"https:\\\/\\\/www.bellunopress.it\\\/wp-content\\\/uploads\\\/2011\\\/05\\\/cropped-logo-bellunopress-.jpg\",\"contentUrl\":\"https:\\\/\\\/www.bellunopress.it\\\/wp-content\\\/uploads\\\/2011\\\/05\\\/cropped-logo-bellunopress-.jpg\",\"width\":512,\"height\":512,\"caption\":\"Bellunopress\"},\"image\":{\"@id\":\"https:\\\/\\\/www.bellunopress.it\\\/#\\\/schema\\\/logo\\\/image\\\/\"},\"sameAs\":[\"https:\\\/\\\/www.facebook.com\\\/profile.php?id=100008943462799\",\"https:\\\/\\\/x.com\\\/bellunopress\",\"https:\\\/\\\/www.linkedin.com\\\/hp\\\/?dnr=JBzUWaJfMUw8vbXJJ2tVW5-I3jZKvC4wsoxE&amp;amp;amp;amp;amp;amp;trk=nav_responsive_tab_home\",\"https:\\\/\\\/www.youtube.com\\\/channel\\\/UCxL0wu1uN0_3_7hGG0306cw\"]},{\"@type\":\"Person\",\"@id\":\"https:\\\/\\\/www.bellunopress.it\\\/#\\\/schema\\\/person\\\/79bb06722b37ece1c03d3e94beb30d73\",\"name\":\"redazione\",\"image\":{\"@type\":\"ImageObject\",\"inLanguage\":\"fr-FR\",\"@id\":\"https:\\\/\\\/secure.gravatar.com\\\/avatar\\\/37d968a2e67a6fd04c169c4bdef102d0bc5d31b2546345219e348575eb80e9a0?s=96&d=mm&r=g\",\"url\":\"https:\\\/\\\/secure.gravatar.com\\\/avatar\\\/37d968a2e67a6fd04c169c4bdef102d0bc5d31b2546345219e348575eb80e9a0?s=96&d=mm&r=g\",\"contentUrl\":\"https:\\\/\\\/secure.gravatar.com\\\/avatar\\\/37d968a2e67a6fd04c169c4bdef102d0bc5d31b2546345219e348575eb80e9a0?s=96&d=mm&r=g\",\"caption\":\"redazione\"},\"sameAs\":[\"http:\\\/\\\/www.bellunopress.it\",\"https:\\\/\\\/x.com\\\/bellunopress\"],\"url\":\"https:\\\/\\\/www.bellunopress.it\\\/fr\\\/author\\\/redazione\\\/\"}]}<\/script>\n<!-- \/ Yoast SEO plugin. -->","yoast_head_json":{"title":"Allarme Provincia. Il senatore Piccoli presenta un emendamento per salvare trasferimenti e personale: \"Attacco inaccettabile! E' questa la provincia montana di Renzi?\" - Bellunopress - Dolomiti","robots":{"index":"index","follow":"follow","max-snippet":"max-snippet:-1","max-image-preview":"max-image-preview:large","max-video-preview":"max-video-preview:-1"},"canonical":"https:\/\/www.bellunopress.it\/fr\/2014\/12\/16\/allarme-provincia-il-senatore-piccoli-presenta-un-emendamento-per-salvare-trasferimenti-e-personale-attacco-inaccettabile-e-questa-la-provincia-montana-di-renzi\/","og_locale":"fr_FR","og_type":"article","og_title":"Allarme Provincia. Il senatore Piccoli presenta un emendamento per salvare trasferimenti e personale: \"Attacco inaccettabile! E' questa la provincia montana di Renzi?\" - Bellunopress - Dolomiti","og_description":"No al dimezzamento del personale della Provincia di Belluno e all\u2019ennesimo colpo di mannaia sulle casse di Palazzo Piloni. Lo ribadisce il senatore di Forza Italia Giovanni Piccoli con un apposito emendamento alla legge di stabilit\u00e0, nel quale si chiede di non operare tagli sulle province montane individuate dalla Legge Delrio; accanto a Belluno ci [&hellip;]","og_url":"https:\/\/www.bellunopress.it\/fr\/2014\/12\/16\/allarme-provincia-il-senatore-piccoli-presenta-un-emendamento-per-salvare-trasferimenti-e-personale-attacco-inaccettabile-e-questa-la-provincia-montana-di-renzi\/","og_site_name":"Bellunopress - Dolomiti","article_publisher":"https:\/\/www.facebook.com\/profile.php?id=100008943462799","article_published_time":"2014-12-16T16:32:43+00:00","og_image":[{"url":"http:\/\/www.bellunopress.it\/wp-content\/uploads\/2014\/03\/piccoli-pmi-015.jpg","type":"","width":"","height":""}],"author":"redazione","twitter_card":"summary_large_image","twitter_creator":"@bellunopress","twitter_site":"@bellunopress","twitter_misc":{"\u00c9crit par":"redazione","Dur\u00e9e de lecture estim\u00e9e":"1 minute"},"schema":{"@context":"https:\/\/schema.org","@graph":[{"@type":"Article","@id":"https:\/\/www.bellunopress.it\/2014\/12\/16\/allarme-provincia-il-senatore-piccoli-presenta-un-emendamento-per-salvare-trasferimenti-e-personale-attacco-inaccettabile-e-questa-la-provincia-montana-di-renzi\/#article","isPartOf":{"@id":"https:\/\/www.bellunopress.it\/2014\/12\/16\/allarme-provincia-il-senatore-piccoli-presenta-un-emendamento-per-salvare-trasferimenti-e-personale-attacco-inaccettabile-e-questa-la-provincia-montana-di-renzi\/"},"author":{"name":"redazione","@id":"https:\/\/www.bellunopress.it\/#\/schema\/person\/79bb06722b37ece1c03d3e94beb30d73"},"headline":"Allarme Provincia. Il senatore Piccoli presenta un emendamento per salvare trasferimenti e personale: &#8220;Attacco inaccettabile! E&#8217; questa la provincia montana di Renzi?&#8221;","datePublished":"2014-12-16T16:32:43+00:00","mainEntityOfPage":{"@id":"https:\/\/www.bellunopress.it\/2014\/12\/16\/allarme-provincia-il-senatore-piccoli-presenta-un-emendamento-per-salvare-trasferimenti-e-personale-attacco-inaccettabile-e-questa-la-provincia-montana-di-renzi\/"},"wordCount":299,"publisher":{"@id":"https:\/\/www.bellunopress.it\/#organization"},"image":{"@id":"https:\/\/www.bellunopress.it\/2014\/12\/16\/allarme-provincia-il-senatore-piccoli-presenta-un-emendamento-per-salvare-trasferimenti-e-personale-attacco-inaccettabile-e-questa-la-provincia-montana-di-renzi\/#primaryimage"},"thumbnailUrl":"http:\/\/www.bellunopress.it\/wp-content\/uploads\/2014\/03\/piccoli-pmi-015.jpg","articleSection":["Cronaca\/Politica","Prima Pagina"],"inLanguage":"fr-FR"},{"@type":"WebPage","@id":"https:\/\/www.bellunopress.it\/2014\/12\/16\/allarme-provincia-il-senatore-piccoli-presenta-un-emendamento-per-salvare-trasferimenti-e-personale-attacco-inaccettabile-e-questa-la-provincia-montana-di-renzi\/","url":"https:\/\/www.bellunopress.it\/2014\/12\/16\/allarme-provincia-il-senatore-piccoli-presenta-un-emendamento-per-salvare-trasferimenti-e-personale-attacco-inaccettabile-e-questa-la-provincia-montana-di-renzi\/","name":"Allarme Provincia. Il senatore Piccoli presenta un emendamento per salvare trasferimenti e personale: \"Attacco inaccettabile! E' questa la provincia montana di Renzi?\" - Bellunopress - Dolomiti","isPartOf":{"@id":"https:\/\/www.bellunopress.it\/#website"},"primaryImageOfPage":{"@id":"https:\/\/www.bellunopress.it\/2014\/12\/16\/allarme-provincia-il-senatore-piccoli-presenta-un-emendamento-per-salvare-trasferimenti-e-personale-attacco-inaccettabile-e-questa-la-provincia-montana-di-renzi\/#primaryimage"},"image":{"@id":"https:\/\/www.bellunopress.it\/2014\/12\/16\/allarme-provincia-il-senatore-piccoli-presenta-un-emendamento-per-salvare-trasferimenti-e-personale-attacco-inaccettabile-e-questa-la-provincia-montana-di-renzi\/#primaryimage"},"thumbnailUrl":"http:\/\/www.bellunopress.it\/wp-content\/uploads\/2014\/03\/piccoli-pmi-015.jpg","datePublished":"2014-12-16T16:32:43+00:00","breadcrumb":{"@id":"https:\/\/www.bellunopress.it\/2014\/12\/16\/allarme-provincia-il-senatore-piccoli-presenta-un-emendamento-per-salvare-trasferimenti-e-personale-attacco-inaccettabile-e-questa-la-provincia-montana-di-renzi\/#breadcrumb"},"inLanguage":"fr-FR","potentialAction":[{"@type":"ReadAction","target":["https:\/\/www.bellunopress.it\/2014\/12\/16\/allarme-provincia-il-senatore-piccoli-presenta-un-emendamento-per-salvare-trasferimenti-e-personale-attacco-inaccettabile-e-questa-la-provincia-montana-di-renzi\/"]}]},{"@type":"ImageObject","inLanguage":"fr-FR","@id":"https:\/\/www.bellunopress.it\/2014\/12\/16\/allarme-provincia-il-senatore-piccoli-presenta-un-emendamento-per-salvare-trasferimenti-e-personale-attacco-inaccettabile-e-questa-la-provincia-montana-di-renzi\/#primaryimage","url":"http:\/\/www.bellunopress.it\/wp-content\/uploads\/2014\/03\/piccoli-pmi-015.jpg","contentUrl":"http:\/\/www.bellunopress.it\/wp-content\/uploads\/2014\/03\/piccoli-pmi-015.jpg"},{"@type":"BreadcrumbList","@id":"https:\/\/www.bellunopress.it\/2014\/12\/16\/allarme-provincia-il-senatore-piccoli-presenta-un-emendamento-per-salvare-trasferimenti-e-personale-attacco-inaccettabile-e-questa-la-provincia-montana-di-renzi\/#breadcrumb","itemListElement":[{"@type":"ListItem","position":1,"name":"Home","item":"https:\/\/www.bellunopress.it\/"},{"@type":"ListItem","position":2,"name":"Allarme Provincia. Il senatore Piccoli presenta un emendamento per salvare trasferimenti e personale: &#8220;Attacco inaccettabile! E&#8217; questa la provincia montana di Renzi?&#8221;"}]},{"@type":"WebSite","@id":"https:\/\/www.bellunopress.it\/#website","url":"https:\/\/www.bellunopress.it\/","name":"Bellunopress - Dolomiti","description":"e-mail: redazione@bellunopress.it","publisher":{"@id":"https:\/\/www.bellunopress.it\/#organization"},"potentialAction":[{"@type":"SearchAction","target":{"@type":"EntryPoint","urlTemplate":"https:\/\/www.bellunopress.it\/?s={search_term_string}"},"query-input":{"@type":"PropertyValueSpecification","valueRequired":true,"valueName":"search_term_string"}}],"inLanguage":"fr-FR"},{"@type":"Organization","@id":"https:\/\/www.bellunopress.it\/#organization","name":"Bellunopress","url":"https:\/\/www.bellunopress.it\/","logo":{"@type":"ImageObject","inLanguage":"fr-FR","@id":"https:\/\/www.bellunopress.it\/#\/schema\/logo\/image\/","url":"https:\/\/www.bellunopress.it\/wp-content\/uploads\/2011\/05\/cropped-logo-bellunopress-.jpg","contentUrl":"https:\/\/www.bellunopress.it\/wp-content\/uploads\/2011\/05\/cropped-logo-bellunopress-.jpg","width":512,"height":512,"caption":"Bellunopress"},"image":{"@id":"https:\/\/www.bellunopress.it\/#\/schema\/logo\/image\/"},"sameAs":["https:\/\/www.facebook.com\/profile.php?id=100008943462799","https:\/\/x.com\/bellunopress","https:\/\/www.linkedin.com\/hp\/?dnr=JBzUWaJfMUw8vbXJJ2tVW5-I3jZKvC4wsoxE&amp;amp;amp;amp;amp;amp;trk=nav_responsive_tab_home","https:\/\/www.youtube.com\/channel\/UCxL0wu1uN0_3_7hGG0306cw"]},{"@type":"Person","@id":"https:\/\/www.bellunopress.it\/#\/schema\/person\/79bb06722b37ece1c03d3e94beb30d73","name":"r\u00e9daction","image":{"@type":"ImageObject","inLanguage":"fr-FR","@id":"https:\/\/secure.gravatar.com\/avatar\/37d968a2e67a6fd04c169c4bdef102d0bc5d31b2546345219e348575eb80e9a0?s=96&d=mm&r=g","url":"https:\/\/secure.gravatar.com\/avatar\/37d968a2e67a6fd04c169c4bdef102d0bc5d31b2546345219e348575eb80e9a0?s=96&d=mm&r=g","contentUrl":"https:\/\/secure.gravatar.com\/avatar\/37d968a2e67a6fd04c169c4bdef102d0bc5d31b2546345219e348575eb80e9a0?s=96&d=mm&r=g","caption":"redazione"},"sameAs":["http:\/\/www.bellunopress.it","https:\/\/x.com\/bellunopress"],"url":"https:\/\/www.bellunopress.it\/fr\/author\/redazione\/"}]}},"_links":{"self":[{"href":"https:\/\/www.bellunopress.it\/fr\/wp-json\/wp\/v2\/posts\/64924","targetHints":{"allow":["GET"]}}],"collection":[{"href":"https:\/\/www.bellunopress.it\/fr\/wp-json\/wp\/v2\/posts"}],"about":[{"href":"https:\/\/www.bellunopress.it\/fr\/wp-json\/wp\/v2\/types\/post"}],"author":[{"embeddable":true,"href":"https:\/\/www.bellunopress.it\/fr\/wp-json\/wp\/v2\/users\/2"}],"replies":[{"embeddable":true,"href":"https:\/\/www.bellunopress.it\/fr\/wp-json\/wp\/v2\/comments?post=64924"}],"version-history":[{"count":1,"href":"https:\/\/www.bellunopress.it\/fr\/wp-json\/wp\/v2\/posts\/64924\/revisions"}],"predecessor-version":[{"id":64925,"href":"https:\/\/www.bellunopress.it\/fr\/wp-json\/wp\/v2\/posts\/64924\/revisions\/64925"}],"wp:attachment":[{"href":"https:\/\/www.bellunopress.it\/fr\/wp-json\/wp\/v2\/media?parent=64924"}],"wp:term":[{"taxonomy":"category","embeddable":true,"href":"https:\/\/www.bellunopress.it\/fr\/wp-json\/wp\/v2\/categories?post=64924"},{"taxonomy":"post_tag","embeddable":true,"href":"https:\/\/www.bellunopress.it\/fr\/wp-json\/wp\/v2\/tags?post=64924"}],"curies":[{"name":"wp","href":"https:\/\/api.w.org\/{rel}","templated":true}]}}