{"id":64921,"date":"2014-12-16T17:26:51","date_gmt":"2014-12-16T16:26:51","guid":{"rendered":"http:\/\/www.bellunopress.it\/?p=64921"},"modified":"2014-12-16T17:27:14","modified_gmt":"2014-12-16T16:27:14","slug":"taglio-dei-dipendenti-provinciali-cappellaro-a-queste-condizioni-emeglio-rinunciare-al-trasferimento-delle-competenze","status":"publish","type":"post","link":"https:\/\/www.bellunopress.it\/fr\/2014\/12\/16\/taglio-dei-dipendenti-provinciali-cappellaro-a-queste-condizioni-emeglio-rinunciare-al-trasferimento-delle-competenze\/","title":{"rendered":"Taglio dei dipendenti provinciali. Cappellaro: &#8220;A queste condizioni \u00e8 meglio rinunciare al trasferimento delle competenze&#8221;"},"content":{"rendered":"<p><strong><em><i>Il presidente di Confindustria Belluno Dolomiti: &#8220;disponibili a far sentire la nostra voce a Roma per impedire che ci\u00f2 accada, ma non possiamo ignorare i rischi che abbiamo di fronte&#8221;<\/i><\/em><\/strong><\/p>\n<figure id=\"attachment_22959\" aria-describedby=\"caption-attachment-22959\" style=\"width: 186px\" class=\"wp-caption alignright\"><a href=\"http:\/\/www.bellunopress.it\/wp-content\/uploads\/2011\/01\/Gian-Domenico-Cappellaro.jpg\"><img loading=\"lazy\" decoding=\"async\" class=\"size-full wp-image-22959\" src=\"http:\/\/www.bellunopress.it\/wp-content\/uploads\/2011\/01\/Gian-Domenico-Cappellaro.jpg\" alt=\"Gian Domenico Cappellaro presidente Confindustria Belluno Dolomiti\" width=\"186\" height=\"280\" \/><\/a><figcaption id=\"caption-attachment-22959\" class=\"wp-caption-text\">Gian Domenico Cappellaro presidente Confindustria Belluno Dolomiti<\/figcaption><\/figure>\n<p>\u00abCome ci si poteva illudere che un governo impegnato nello svuotamento delle Province non agisse di conseguenza tagliando pesantemente i trasferimenti e imponendo una stretta anche sul personale? L\u2019auspicio \u00e8 che si consideri la specificit\u00e0 della nostra realt\u00e0, come previsto dalla \u201cLegge Delrio\u201d e dalla legge attuativa dell\u2019articolo 15 dello Statuto regionale, e che quindi si proceda con determinazione alla riduzione del numero dei dipendenti provinciali, ed eccezione delle aree montane. Temo, per\u00f2, che si dovr\u00e0 prendere una decisione sofferta: rinunciare alle nuove competenze, perch\u00e9 senza risorse adeguate non \u00e8 possibile esercitarle. Sarebbe, questa, una sconfitta per il territorio, ma prima ancora per coloro che non hanno avuto il buon senso di ammettere che il riconoscimento della specificit\u00e0 rischiava di trasformarsi in un boomerang, con effetti pesanti per il nostro territorio\u00bb. Il presidente di Confindustria Belluno Dolomiti, Gian Domenico Cappellaro, commenta cos\u00ec il piano del governo che prevede un taglio di 126 dipendenti su 250 a Palazzo Piloni, dopo l\u2019ulteriore riduzione dei trasferimenti di 4,5 milioni di euro all\u2019anno sino al 2017.<\/p>\n<p>\u00abLa nostra associazione \u2013 dichiara Gian Domenico Cappellaro \u2013 \u00e8 sempre stata cauta nel giudicare l\u2019approvazione delle leggi regionali e nazionali sulla specificit\u00e0 della Provincia di Belluno, proprio perch\u00e9 c\u2019era la consapevolezza che il trasferimento di maggiori funzioni da Venezia mal si conciliava con la tendenza accentratrice del governo e con il conseguente disegno di svuotamento, se non addirittura di cancellazione, di questi enti. Eravamo e siamo convinti che non ci possa essere autonomia senza risorse economiche. E sappiamo che sarebbe del tutto pretestuoso chiedere che sia la Regione Veneto a sopperire ai mancati trasferimenti nazionali, visto che anche a Venezia si deve fare i conti con i continui tagli. Insomma, il tanto decantato riconoscimento della specificit\u00e0 bellunese rischia di trasformarsi in una colossale presa in giro, con delle responsabilit\u00e0 politiche ben precise\u00bb.<\/p>\n<p>\u00abSe i nostri rappresentanti politici non riusciranno ad evitare questi tagli annunciati \u2013 conclude il presidente degli industriali \u2013 \u00e8 opportuno bloccare il trasferimento delle competenze, onde evitare un ulteriore peggioramento nella loro gestione che andrebbe anche a scapito della competitivit\u00e0 economica del nostro territorio. Noi siamo disponibili a far sentire la nostra voce a Roma per impedire che ci\u00f2 accada, ma non possiamo ignorare i rischi che abbiamo di fronte. Dobbiamo essere pragmatici. Alle nostre imprese serve un ente in grado di incidere con politiche pubbliche efficaci ed efficienti, quindi con una vera capacit\u00e0 di spesa. Le chiacchiere le lasciamo ai politici\u00bb.<\/p>\n<p>&nbsp;<\/p>\n<p>&nbsp;<\/p>\n<p><strong><b>\u00a0<\/b><\/strong><\/p>","protected":false},"excerpt":{"rendered":"<p>Il presidente di Confindustria Belluno Dolomiti: &#8220;disponibili a far sentire la nostra voce a Roma per impedire che ci\u00f2 accada, ma non possiamo ignorare i rischi che abbiamo di fronte&#8221; \u00abCome ci si poteva illudere che un governo impegnato nello svuotamento delle Province non agisse di conseguenza tagliando pesantemente i trasferimenti e imponendo una stretta [&hellip;]<\/p>\n","protected":false},"author":2,"featured_media":0,"comment_status":"closed","ping_status":"open","sticky":false,"template":"","format":"standard","meta":{"footnotes":""},"categories":[1],"tags":[],"class_list":["post-64921","post","type-post","status-publish","format-standard","category-leo"],"yoast_head":"<!-- This site is optimized with the Yoast SEO plugin v28.4 - https:\/\/yoast.com\/product\/yoast-seo-wordpress\/ -->\n<title>Taglio dei dipendenti provinciali. Cappellaro: &quot;A queste condizioni \u00e8 meglio rinunciare al trasferimento delle competenze&quot; - Bellunopress - Dolomiti<\/title>\n<meta name=\"robots\" content=\"index, follow, max-snippet:-1, max-image-preview:large, max-video-preview:-1\" \/>\n<link rel=\"canonical\" href=\"https:\/\/www.bellunopress.it\/fr\/2014\/12\/16\/taglio-dei-dipendenti-provinciali-cappellaro-a-queste-condizioni-emeglio-rinunciare-al-trasferimento-delle-competenze\/\" \/>\n<meta property=\"og:locale\" content=\"fr_FR\" \/>\n<meta property=\"og:type\" content=\"article\" \/>\n<meta property=\"og:title\" content=\"Taglio dei dipendenti provinciali. Cappellaro: &quot;A queste condizioni \u00e8 meglio rinunciare al trasferimento delle competenze&quot; - Bellunopress - Dolomiti\" \/>\n<meta property=\"og:description\" content=\"Il presidente di Confindustria Belluno Dolomiti: &#8220;disponibili a far sentire la nostra voce a Roma per impedire che ci\u00f2 accada, ma non possiamo ignorare i rischi che abbiamo di fronte&#8221; \u00abCome ci si poteva illudere che un governo impegnato nello svuotamento delle Province non agisse di conseguenza tagliando pesantemente i trasferimenti e imponendo una stretta [&hellip;]\" \/>\n<meta property=\"og:url\" content=\"https:\/\/www.bellunopress.it\/fr\/2014\/12\/16\/taglio-dei-dipendenti-provinciali-cappellaro-a-queste-condizioni-emeglio-rinunciare-al-trasferimento-delle-competenze\/\" \/>\n<meta property=\"og:site_name\" content=\"Bellunopress - Dolomiti\" \/>\n<meta property=\"article:publisher\" content=\"https:\/\/www.facebook.com\/profile.php?id=100008943462799\" \/>\n<meta property=\"article:published_time\" content=\"2014-12-16T16:26:51+00:00\" \/>\n<meta property=\"article:modified_time\" content=\"2014-12-16T16:27:14+00:00\" \/>\n<meta property=\"og:image\" content=\"http:\/\/www.bellunopress.it\/wp-content\/uploads\/2011\/01\/Gian-Domenico-Cappellaro.jpg\" \/>\n<meta name=\"author\" content=\"redazione\" \/>\n<meta name=\"twitter:card\" content=\"summary_large_image\" \/>\n<meta name=\"twitter:creator\" content=\"@bellunopress\" \/>\n<meta name=\"twitter:site\" content=\"@bellunopress\" \/>\n<meta name=\"twitter:label1\" content=\"\u00c9crit par\" \/>\n\t<meta name=\"twitter:data1\" content=\"redazione\" \/>\n\t<meta name=\"twitter:label2\" content=\"Dur\u00e9e de lecture estim\u00e9e\" \/>\n\t<meta name=\"twitter:data2\" content=\"2 minutes\" \/>\n<script type=\"application\/ld+json\" class=\"yoast-schema-graph\">{\"@context\":\"https:\\\/\\\/schema.org\",\"@graph\":[{\"@type\":\"Article\",\"@id\":\"https:\\\/\\\/www.bellunopress.it\\\/2014\\\/12\\\/16\\\/taglio-dei-dipendenti-provinciali-cappellaro-a-queste-condizioni-emeglio-rinunciare-al-trasferimento-delle-competenze\\\/#article\",\"isPartOf\":{\"@id\":\"https:\\\/\\\/www.bellunopress.it\\\/2014\\\/12\\\/16\\\/taglio-dei-dipendenti-provinciali-cappellaro-a-queste-condizioni-emeglio-rinunciare-al-trasferimento-delle-competenze\\\/\"},\"author\":{\"name\":\"redazione\",\"@id\":\"https:\\\/\\\/www.bellunopress.it\\\/#\\\/schema\\\/person\\\/79bb06722b37ece1c03d3e94beb30d73\"},\"headline\":\"Taglio dei dipendenti provinciali. Cappellaro: &#8220;A queste condizioni \u00e8 meglio rinunciare al trasferimento delle competenze&#8221;\",\"datePublished\":\"2014-12-16T16:26:51+00:00\",\"dateModified\":\"2014-12-16T16:27:14+00:00\",\"mainEntityOfPage\":{\"@id\":\"https:\\\/\\\/www.bellunopress.it\\\/2014\\\/12\\\/16\\\/taglio-dei-dipendenti-provinciali-cappellaro-a-queste-condizioni-emeglio-rinunciare-al-trasferimento-delle-competenze\\\/\"},\"wordCount\":461,\"publisher\":{\"@id\":\"https:\\\/\\\/www.bellunopress.it\\\/#organization\"},\"image\":{\"@id\":\"https:\\\/\\\/www.bellunopress.it\\\/2014\\\/12\\\/16\\\/taglio-dei-dipendenti-provinciali-cappellaro-a-queste-condizioni-emeglio-rinunciare-al-trasferimento-delle-competenze\\\/#primaryimage\"},\"thumbnailUrl\":\"http:\\\/\\\/www.bellunopress.it\\\/wp-content\\\/uploads\\\/2011\\\/01\\\/Gian-Domenico-Cappellaro.jpg\",\"articleSection\":[\"Lettere Opinioni\"],\"inLanguage\":\"fr-FR\"},{\"@type\":\"WebPage\",\"@id\":\"https:\\\/\\\/www.bellunopress.it\\\/2014\\\/12\\\/16\\\/taglio-dei-dipendenti-provinciali-cappellaro-a-queste-condizioni-emeglio-rinunciare-al-trasferimento-delle-competenze\\\/\",\"url\":\"https:\\\/\\\/www.bellunopress.it\\\/2014\\\/12\\\/16\\\/taglio-dei-dipendenti-provinciali-cappellaro-a-queste-condizioni-emeglio-rinunciare-al-trasferimento-delle-competenze\\\/\",\"name\":\"Taglio dei dipendenti provinciali. Cappellaro: \\\"A queste condizioni \u00e8 meglio rinunciare al trasferimento delle competenze\\\" - Bellunopress - Dolomiti\",\"isPartOf\":{\"@id\":\"https:\\\/\\\/www.bellunopress.it\\\/#website\"},\"primaryImageOfPage\":{\"@id\":\"https:\\\/\\\/www.bellunopress.it\\\/2014\\\/12\\\/16\\\/taglio-dei-dipendenti-provinciali-cappellaro-a-queste-condizioni-emeglio-rinunciare-al-trasferimento-delle-competenze\\\/#primaryimage\"},\"image\":{\"@id\":\"https:\\\/\\\/www.bellunopress.it\\\/2014\\\/12\\\/16\\\/taglio-dei-dipendenti-provinciali-cappellaro-a-queste-condizioni-emeglio-rinunciare-al-trasferimento-delle-competenze\\\/#primaryimage\"},\"thumbnailUrl\":\"http:\\\/\\\/www.bellunopress.it\\\/wp-content\\\/uploads\\\/2011\\\/01\\\/Gian-Domenico-Cappellaro.jpg\",\"datePublished\":\"2014-12-16T16:26:51+00:00\",\"dateModified\":\"2014-12-16T16:27:14+00:00\",\"breadcrumb\":{\"@id\":\"https:\\\/\\\/www.bellunopress.it\\\/2014\\\/12\\\/16\\\/taglio-dei-dipendenti-provinciali-cappellaro-a-queste-condizioni-emeglio-rinunciare-al-trasferimento-delle-competenze\\\/#breadcrumb\"},\"inLanguage\":\"fr-FR\",\"potentialAction\":[{\"@type\":\"ReadAction\",\"target\":[\"https:\\\/\\\/www.bellunopress.it\\\/2014\\\/12\\\/16\\\/taglio-dei-dipendenti-provinciali-cappellaro-a-queste-condizioni-emeglio-rinunciare-al-trasferimento-delle-competenze\\\/\"]}]},{\"@type\":\"ImageObject\",\"inLanguage\":\"fr-FR\",\"@id\":\"https:\\\/\\\/www.bellunopress.it\\\/2014\\\/12\\\/16\\\/taglio-dei-dipendenti-provinciali-cappellaro-a-queste-condizioni-emeglio-rinunciare-al-trasferimento-delle-competenze\\\/#primaryimage\",\"url\":\"http:\\\/\\\/www.bellunopress.it\\\/wp-content\\\/uploads\\\/2011\\\/01\\\/Gian-Domenico-Cappellaro.jpg\",\"contentUrl\":\"http:\\\/\\\/www.bellunopress.it\\\/wp-content\\\/uploads\\\/2011\\\/01\\\/Gian-Domenico-Cappellaro.jpg\"},{\"@type\":\"BreadcrumbList\",\"@id\":\"https:\\\/\\\/www.bellunopress.it\\\/2014\\\/12\\\/16\\\/taglio-dei-dipendenti-provinciali-cappellaro-a-queste-condizioni-emeglio-rinunciare-al-trasferimento-delle-competenze\\\/#breadcrumb\",\"itemListElement\":[{\"@type\":\"ListItem\",\"position\":1,\"name\":\"Home\",\"item\":\"https:\\\/\\\/www.bellunopress.it\\\/\"},{\"@type\":\"ListItem\",\"position\":2,\"name\":\"Taglio dei dipendenti provinciali. Cappellaro: &#8220;A queste condizioni \u00e8 meglio rinunciare al trasferimento delle competenze&#8221;\"}]},{\"@type\":\"WebSite\",\"@id\":\"https:\\\/\\\/www.bellunopress.it\\\/#website\",\"url\":\"https:\\\/\\\/www.bellunopress.it\\\/\",\"name\":\"Bellunopress - Dolomiti\",\"description\":\"e-mail: redazione@bellunopress.it\",\"publisher\":{\"@id\":\"https:\\\/\\\/www.bellunopress.it\\\/#organization\"},\"potentialAction\":[{\"@type\":\"SearchAction\",\"target\":{\"@type\":\"EntryPoint\",\"urlTemplate\":\"https:\\\/\\\/www.bellunopress.it\\\/?s={search_term_string}\"},\"query-input\":{\"@type\":\"PropertyValueSpecification\",\"valueRequired\":true,\"valueName\":\"search_term_string\"}}],\"inLanguage\":\"fr-FR\"},{\"@type\":\"Organization\",\"@id\":\"https:\\\/\\\/www.bellunopress.it\\\/#organization\",\"name\":\"Bellunopress\",\"url\":\"https:\\\/\\\/www.bellunopress.it\\\/\",\"logo\":{\"@type\":\"ImageObject\",\"inLanguage\":\"fr-FR\",\"@id\":\"https:\\\/\\\/www.bellunopress.it\\\/#\\\/schema\\\/logo\\\/image\\\/\",\"url\":\"https:\\\/\\\/www.bellunopress.it\\\/wp-content\\\/uploads\\\/2011\\\/05\\\/cropped-logo-bellunopress-.jpg\",\"contentUrl\":\"https:\\\/\\\/www.bellunopress.it\\\/wp-content\\\/uploads\\\/2011\\\/05\\\/cropped-logo-bellunopress-.jpg\",\"width\":512,\"height\":512,\"caption\":\"Bellunopress\"},\"image\":{\"@id\":\"https:\\\/\\\/www.bellunopress.it\\\/#\\\/schema\\\/logo\\\/image\\\/\"},\"sameAs\":[\"https:\\\/\\\/www.facebook.com\\\/profile.php?id=100008943462799\",\"https:\\\/\\\/x.com\\\/bellunopress\",\"https:\\\/\\\/www.linkedin.com\\\/hp\\\/?dnr=JBzUWaJfMUw8vbXJJ2tVW5-I3jZKvC4wsoxE&amp;amp;amp;amp;amp;amp;trk=nav_responsive_tab_home\",\"https:\\\/\\\/www.youtube.com\\\/channel\\\/UCxL0wu1uN0_3_7hGG0306cw\"]},{\"@type\":\"Person\",\"@id\":\"https:\\\/\\\/www.bellunopress.it\\\/#\\\/schema\\\/person\\\/79bb06722b37ece1c03d3e94beb30d73\",\"name\":\"redazione\",\"image\":{\"@type\":\"ImageObject\",\"inLanguage\":\"fr-FR\",\"@id\":\"https:\\\/\\\/secure.gravatar.com\\\/avatar\\\/37d968a2e67a6fd04c169c4bdef102d0bc5d31b2546345219e348575eb80e9a0?s=96&d=mm&r=g\",\"url\":\"https:\\\/\\\/secure.gravatar.com\\\/avatar\\\/37d968a2e67a6fd04c169c4bdef102d0bc5d31b2546345219e348575eb80e9a0?s=96&d=mm&r=g\",\"contentUrl\":\"https:\\\/\\\/secure.gravatar.com\\\/avatar\\\/37d968a2e67a6fd04c169c4bdef102d0bc5d31b2546345219e348575eb80e9a0?s=96&d=mm&r=g\",\"caption\":\"redazione\"},\"sameAs\":[\"http:\\\/\\\/www.bellunopress.it\",\"https:\\\/\\\/x.com\\\/bellunopress\"],\"url\":\"https:\\\/\\\/www.bellunopress.it\\\/fr\\\/author\\\/redazione\\\/\"}]}<\/script>\n<!-- \/ Yoast SEO plugin. -->","yoast_head_json":{"title":"Taglio dei dipendenti provinciali. Cappellaro: \"A queste condizioni \u00e8 meglio rinunciare al trasferimento delle competenze\" - Bellunopress - Dolomiti","robots":{"index":"index","follow":"follow","max-snippet":"max-snippet:-1","max-image-preview":"max-image-preview:large","max-video-preview":"max-video-preview:-1"},"canonical":"https:\/\/www.bellunopress.it\/fr\/2014\/12\/16\/taglio-dei-dipendenti-provinciali-cappellaro-a-queste-condizioni-emeglio-rinunciare-al-trasferimento-delle-competenze\/","og_locale":"fr_FR","og_type":"article","og_title":"Taglio dei dipendenti provinciali. Cappellaro: \"A queste condizioni \u00e8 meglio rinunciare al trasferimento delle competenze\" - Bellunopress - Dolomiti","og_description":"Il presidente di Confindustria Belluno Dolomiti: &#8220;disponibili a far sentire la nostra voce a Roma per impedire che ci\u00f2 accada, ma non possiamo ignorare i rischi che abbiamo di fronte&#8221; \u00abCome ci si poteva illudere che un governo impegnato nello svuotamento delle Province non agisse di conseguenza tagliando pesantemente i trasferimenti e imponendo una stretta [&hellip;]","og_url":"https:\/\/www.bellunopress.it\/fr\/2014\/12\/16\/taglio-dei-dipendenti-provinciali-cappellaro-a-queste-condizioni-emeglio-rinunciare-al-trasferimento-delle-competenze\/","og_site_name":"Bellunopress - Dolomiti","article_publisher":"https:\/\/www.facebook.com\/profile.php?id=100008943462799","article_published_time":"2014-12-16T16:26:51+00:00","article_modified_time":"2014-12-16T16:27:14+00:00","og_image":[{"url":"http:\/\/www.bellunopress.it\/wp-content\/uploads\/2011\/01\/Gian-Domenico-Cappellaro.jpg","type":"","width":"","height":""}],"author":"redazione","twitter_card":"summary_large_image","twitter_creator":"@bellunopress","twitter_site":"@bellunopress","twitter_misc":{"\u00c9crit par":"redazione","Dur\u00e9e de lecture estim\u00e9e":"2 minutes"},"schema":{"@context":"https:\/\/schema.org","@graph":[{"@type":"Article","@id":"https:\/\/www.bellunopress.it\/2014\/12\/16\/taglio-dei-dipendenti-provinciali-cappellaro-a-queste-condizioni-emeglio-rinunciare-al-trasferimento-delle-competenze\/#article","isPartOf":{"@id":"https:\/\/www.bellunopress.it\/2014\/12\/16\/taglio-dei-dipendenti-provinciali-cappellaro-a-queste-condizioni-emeglio-rinunciare-al-trasferimento-delle-competenze\/"},"author":{"name":"redazione","@id":"https:\/\/www.bellunopress.it\/#\/schema\/person\/79bb06722b37ece1c03d3e94beb30d73"},"headline":"Taglio dei dipendenti provinciali. Cappellaro: &#8220;A queste condizioni \u00e8 meglio rinunciare al trasferimento delle competenze&#8221;","datePublished":"2014-12-16T16:26:51+00:00","dateModified":"2014-12-16T16:27:14+00:00","mainEntityOfPage":{"@id":"https:\/\/www.bellunopress.it\/2014\/12\/16\/taglio-dei-dipendenti-provinciali-cappellaro-a-queste-condizioni-emeglio-rinunciare-al-trasferimento-delle-competenze\/"},"wordCount":461,"publisher":{"@id":"https:\/\/www.bellunopress.it\/#organization"},"image":{"@id":"https:\/\/www.bellunopress.it\/2014\/12\/16\/taglio-dei-dipendenti-provinciali-cappellaro-a-queste-condizioni-emeglio-rinunciare-al-trasferimento-delle-competenze\/#primaryimage"},"thumbnailUrl":"http:\/\/www.bellunopress.it\/wp-content\/uploads\/2011\/01\/Gian-Domenico-Cappellaro.jpg","articleSection":["Lettere Opinioni"],"inLanguage":"fr-FR"},{"@type":"WebPage","@id":"https:\/\/www.bellunopress.it\/2014\/12\/16\/taglio-dei-dipendenti-provinciali-cappellaro-a-queste-condizioni-emeglio-rinunciare-al-trasferimento-delle-competenze\/","url":"https:\/\/www.bellunopress.it\/2014\/12\/16\/taglio-dei-dipendenti-provinciali-cappellaro-a-queste-condizioni-emeglio-rinunciare-al-trasferimento-delle-competenze\/","name":"Taglio dei dipendenti provinciali. Cappellaro: \"A queste condizioni \u00e8 meglio rinunciare al trasferimento delle competenze\" - Bellunopress - Dolomiti","isPartOf":{"@id":"https:\/\/www.bellunopress.it\/#website"},"primaryImageOfPage":{"@id":"https:\/\/www.bellunopress.it\/2014\/12\/16\/taglio-dei-dipendenti-provinciali-cappellaro-a-queste-condizioni-emeglio-rinunciare-al-trasferimento-delle-competenze\/#primaryimage"},"image":{"@id":"https:\/\/www.bellunopress.it\/2014\/12\/16\/taglio-dei-dipendenti-provinciali-cappellaro-a-queste-condizioni-emeglio-rinunciare-al-trasferimento-delle-competenze\/#primaryimage"},"thumbnailUrl":"http:\/\/www.bellunopress.it\/wp-content\/uploads\/2011\/01\/Gian-Domenico-Cappellaro.jpg","datePublished":"2014-12-16T16:26:51+00:00","dateModified":"2014-12-16T16:27:14+00:00","breadcrumb":{"@id":"https:\/\/www.bellunopress.it\/2014\/12\/16\/taglio-dei-dipendenti-provinciali-cappellaro-a-queste-condizioni-emeglio-rinunciare-al-trasferimento-delle-competenze\/#breadcrumb"},"inLanguage":"fr-FR","potentialAction":[{"@type":"ReadAction","target":["https:\/\/www.bellunopress.it\/2014\/12\/16\/taglio-dei-dipendenti-provinciali-cappellaro-a-queste-condizioni-emeglio-rinunciare-al-trasferimento-delle-competenze\/"]}]},{"@type":"ImageObject","inLanguage":"fr-FR","@id":"https:\/\/www.bellunopress.it\/2014\/12\/16\/taglio-dei-dipendenti-provinciali-cappellaro-a-queste-condizioni-emeglio-rinunciare-al-trasferimento-delle-competenze\/#primaryimage","url":"http:\/\/www.bellunopress.it\/wp-content\/uploads\/2011\/01\/Gian-Domenico-Cappellaro.jpg","contentUrl":"http:\/\/www.bellunopress.it\/wp-content\/uploads\/2011\/01\/Gian-Domenico-Cappellaro.jpg"},{"@type":"BreadcrumbList","@id":"https:\/\/www.bellunopress.it\/2014\/12\/16\/taglio-dei-dipendenti-provinciali-cappellaro-a-queste-condizioni-emeglio-rinunciare-al-trasferimento-delle-competenze\/#breadcrumb","itemListElement":[{"@type":"ListItem","position":1,"name":"Home","item":"https:\/\/www.bellunopress.it\/"},{"@type":"ListItem","position":2,"name":"Taglio dei dipendenti provinciali. Cappellaro: &#8220;A queste condizioni \u00e8 meglio rinunciare al trasferimento delle competenze&#8221;"}]},{"@type":"WebSite","@id":"https:\/\/www.bellunopress.it\/#website","url":"https:\/\/www.bellunopress.it\/","name":"Bellunopress - Dolomiti","description":"e-mail: redazione@bellunopress.it","publisher":{"@id":"https:\/\/www.bellunopress.it\/#organization"},"potentialAction":[{"@type":"SearchAction","target":{"@type":"EntryPoint","urlTemplate":"https:\/\/www.bellunopress.it\/?s={search_term_string}"},"query-input":{"@type":"PropertyValueSpecification","valueRequired":true,"valueName":"search_term_string"}}],"inLanguage":"fr-FR"},{"@type":"Organization","@id":"https:\/\/www.bellunopress.it\/#organization","name":"Bellunopress","url":"https:\/\/www.bellunopress.it\/","logo":{"@type":"ImageObject","inLanguage":"fr-FR","@id":"https:\/\/www.bellunopress.it\/#\/schema\/logo\/image\/","url":"https:\/\/www.bellunopress.it\/wp-content\/uploads\/2011\/05\/cropped-logo-bellunopress-.jpg","contentUrl":"https:\/\/www.bellunopress.it\/wp-content\/uploads\/2011\/05\/cropped-logo-bellunopress-.jpg","width":512,"height":512,"caption":"Bellunopress"},"image":{"@id":"https:\/\/www.bellunopress.it\/#\/schema\/logo\/image\/"},"sameAs":["https:\/\/www.facebook.com\/profile.php?id=100008943462799","https:\/\/x.com\/bellunopress","https:\/\/www.linkedin.com\/hp\/?dnr=JBzUWaJfMUw8vbXJJ2tVW5-I3jZKvC4wsoxE&amp;amp;amp;amp;amp;amp;trk=nav_responsive_tab_home","https:\/\/www.youtube.com\/channel\/UCxL0wu1uN0_3_7hGG0306cw"]},{"@type":"Person","@id":"https:\/\/www.bellunopress.it\/#\/schema\/person\/79bb06722b37ece1c03d3e94beb30d73","name":"r\u00e9daction","image":{"@type":"ImageObject","inLanguage":"fr-FR","@id":"https:\/\/secure.gravatar.com\/avatar\/37d968a2e67a6fd04c169c4bdef102d0bc5d31b2546345219e348575eb80e9a0?s=96&d=mm&r=g","url":"https:\/\/secure.gravatar.com\/avatar\/37d968a2e67a6fd04c169c4bdef102d0bc5d31b2546345219e348575eb80e9a0?s=96&d=mm&r=g","contentUrl":"https:\/\/secure.gravatar.com\/avatar\/37d968a2e67a6fd04c169c4bdef102d0bc5d31b2546345219e348575eb80e9a0?s=96&d=mm&r=g","caption":"redazione"},"sameAs":["http:\/\/www.bellunopress.it","https:\/\/x.com\/bellunopress"],"url":"https:\/\/www.bellunopress.it\/fr\/author\/redazione\/"}]}},"_links":{"self":[{"href":"https:\/\/www.bellunopress.it\/fr\/wp-json\/wp\/v2\/posts\/64921","targetHints":{"allow":["GET"]}}],"collection":[{"href":"https:\/\/www.bellunopress.it\/fr\/wp-json\/wp\/v2\/posts"}],"about":[{"href":"https:\/\/www.bellunopress.it\/fr\/wp-json\/wp\/v2\/types\/post"}],"author":[{"embeddable":true,"href":"https:\/\/www.bellunopress.it\/fr\/wp-json\/wp\/v2\/users\/2"}],"replies":[{"embeddable":true,"href":"https:\/\/www.bellunopress.it\/fr\/wp-json\/wp\/v2\/comments?post=64921"}],"version-history":[{"count":2,"href":"https:\/\/www.bellunopress.it\/fr\/wp-json\/wp\/v2\/posts\/64921\/revisions"}],"predecessor-version":[{"id":64923,"href":"https:\/\/www.bellunopress.it\/fr\/wp-json\/wp\/v2\/posts\/64921\/revisions\/64923"}],"wp:attachment":[{"href":"https:\/\/www.bellunopress.it\/fr\/wp-json\/wp\/v2\/media?parent=64921"}],"wp:term":[{"taxonomy":"category","embeddable":true,"href":"https:\/\/www.bellunopress.it\/fr\/wp-json\/wp\/v2\/categories?post=64921"},{"taxonomy":"post_tag","embeddable":true,"href":"https:\/\/www.bellunopress.it\/fr\/wp-json\/wp\/v2\/tags?post=64921"}],"curies":[{"name":"wp","href":"https:\/\/api.w.org\/{rel}","templated":true}]}}