{"id":64913,"date":"2014-12-16T13:31:37","date_gmt":"2014-12-16T12:31:37","guid":{"rendered":"http:\/\/www.bellunopress.it\/?p=64913"},"modified":"2014-12-16T17:28:22","modified_gmt":"2014-12-16T16:28:22","slug":"mercoledi-a-palazzo-rosso-riunione-del-consiglio-comunale","status":"publish","type":"post","link":"https:\/\/www.bellunopress.it\/fr\/2014\/12\/16\/mercoledi-a-palazzo-rosso-riunione-del-consiglio-comunale\/","title":{"rendered":"Mercoled\u00ec a Palazzo Rosso riunione del consiglio comunale"},"content":{"rendered":"<figure id=\"attachment_11092\" aria-describedby=\"caption-attachment-11092\" style=\"width: 218px\" class=\"wp-caption alignright\"><a href=\"http:\/\/www.bellunopress.it\/wp-content\/uploads\/2009\/12\/palazzo-rosso-280x220.jpg\"><img loading=\"lazy\" decoding=\"async\" class=\"size-full wp-image-11092\" src=\"http:\/\/www.bellunopress.it\/wp-content\/uploads\/2009\/12\/palazzo-rosso-280x220.jpg\" alt=\"Palazzo Rosso, sede del Comune di Belluno\" width=\"218\" height=\"290\" \/><\/a><figcaption id=\"caption-attachment-11092\" class=\"wp-caption-text\">Palazzo Rosso, sede del Comune di Belluno<\/figcaption><\/figure>\n<p align=\"LEFT\">Il Consiglio comunale di Belluno \u00e8 convocato per mercoled\u00ec 17 dicembre, alle ore 15.00, nella Sala Consiliare di Palazzo Rosso, per la trattazione dei seguenti 15 punti all&#8217;ordine del giorno:<\/p>\n<ol>\n<li>\n<p align=\"LEFT\"><span lang=\"it-IT\">Societ\u00e0 SER.S.A S.P.A. &#8211; Approvazione ricognizione ex art. 3, commi 27 e seguenti \u2013 Legge n. 244\/07 e relazione ex art. 34, comma 20 del D.L. n. 179\/12;<\/span><\/p>\n<\/li>\n<li>\n<p align=\"LEFT\"><span lang=\"it-IT\">Societ\u00e0 SER.S.A S.P.A. &#8211; Approvazione contratto di servizio;<\/span><\/p>\n<\/li>\n<li>\n<p align=\"LEFT\"><span lang=\"it-IT\">Ricognizione<\/span> <span lang=\"it-IT\">sulle societ\u00e0 partecipate ex articolo 3, comma 27 e seguenti della Legge n. 244\/2007;<\/span><\/p>\n<\/li>\n<li>\n<p align=\"LEFT\"><span lang=\"it-IT\">Fondazione Teatri delle Dolomiti \u2013 Comodato dell&#8217;immobile teatro e contratto di servizio<\/span><span lang=\"it-IT\">;<\/span><\/p>\n<\/li>\n<li>\n<p align=\"LEFT\"><span lang=\"it-IT\">Valorizzazione del patrimonio immobiliare pubblico attraverso il recupero e riutilizzo dell&#8217;area dismessa denominata \u201cEx Caserma Piave\u201d &#8211; Approvazione degli schemi di convenzione con ulteriori soggetti assegnatari degli immobili, per il recupero degli stessi, ai sensi dell&#8217;art. 7 della NN.TT.A. del P.R.G. Vigente;<\/span><\/p>\n<\/li>\n<li>\n<p align=\"LEFT\"><span lang=\"it-IT\">Mozione del Consigliere Celeste Balcon (Capogruppo Patto per Belluno) relativa a: Sportivamente Belluno \u2013 Percorsi idonei per la salvaguardia e la tutela;<\/span><\/p>\n<\/li>\n<li>\n<p align=\"LEFT\"><span lang=\"it-IT\">Ordine del Giorno dei Consiglieri Sergio Marchese e Andrea Lanari (Movimento 5 Stelle) relativo a Ponte sul Piave ed ottemperanza agli impegni precedentemente assunti; <\/span><\/p>\n<\/li>\n<li>\n<p align=\"LEFT\"><span lang=\"it-IT\">Ordine del Giorno dei Consiglieri Sergio Marchese e Andrea Lanari (Movimento 5 Stelle) di richiesta di revisione T.T.I.P. (Partenariato Trans-Atlantico su commercio e investimenti);<\/span><\/p>\n<\/li>\n<li>\n<p align=\"LEFT\"><span lang=\"it-IT\">Ordine del Giorno del Consigliere Emiliano Casagrande (Insieme per Belluno \u2013 Citt\u00e0 Futura) relativo allo smaltimento dei rifiuti agricoli<\/span><span lang=\"it-IT\">;<\/span><\/p>\n<\/li>\n<li>\n<p align=\"LEFT\"><span lang=\"it-IT\">Interrogazione del Consigliere Celeste Balcon (Patto per Belluno) relativa al progetto \u201cAbitare in Nevegal\u201d; <\/span><\/p>\n<\/li>\n<li>\n<p align=\"LEFT\"><span lang=\"it-IT\">Interrogazione dei Consiglieri Sergio Marchese e Andrea Lanari (Movimento 5 Stelle) relativa alla svolta impressa alla citt\u00e0;<\/span><\/p>\n<\/li>\n<li>\n<p align=\"LEFT\"><span lang=\"it-IT\">Interrogazione del Consigliere Andrea Cervo (Insieme per Belluno \u2013 Citt\u00e0 Futura) relativa alla chiusura dell&#8217;ufficio postale 3 (in localit\u00e0 Sois);<\/span><\/p>\n<\/li>\n<li>\n<p align=\"LEFT\"><span lang=\"it-IT\">Interrogazione del Consigliere Roberto De Moliner (Partito Democratico) relativa all&#8217;intervento di manutenzione al marciapiede che affianca la via Bolzano a Bolzano Bellunese;<\/span><\/p>\n<\/li>\n<li>\n<p align=\"LEFT\"><span lang=\"it-IT\">Interrogazione del Consigliere Maria Cristina Zoleo (Intesa Dolomitica con Belluno) relativa alla situazione di disagio lungo la via Barozzi per l&#8217;utilizzo improprio a doppio senso di circolazione;<\/span><\/p>\n<\/li>\n<li>\n<p align=\"LEFT\"><span lang=\"it-IT\">Interrogazione del Consigliere Emiliano Casagrande (Insieme per Belluno \u2013 Citt\u00e0 Futura) relativa alla situazione dell&#8217;impianto di acquacoltura di Bolzano Bellunese.<\/span><\/p>\n<\/li>\n<\/ol>\n<p align=\"LEFT\">Vicepresidente della seduta: <span lang=\"it-IT\">Lorena Ghirardini.<\/span><\/p>\n<p align=\"LEFT\">La seduta del Consiglio Comunale potr\u00e0 essere seguita in diretta streaming all\u2019indirizzo http:\/\/myevent.comune.belluno.it<\/p>","protected":false},"excerpt":{"rendered":"<p>Il Consiglio comunale di Belluno \u00e8 convocato per mercoled\u00ec 17 dicembre, alle ore 15.00, nella Sala Consiliare di Palazzo Rosso, per la trattazione dei seguenti 15 punti all&#8217;ordine del giorno: Societ\u00e0 SER.S.A S.P.A. &#8211; Approvazione ricognizione ex art. 3, commi 27 e seguenti \u2013 Legge n. 244\/07 e relazione ex art. 34, comma 20 del [&hellip;]<\/p>\n","protected":false},"author":2,"featured_media":0,"comment_status":"closed","ping_status":"open","sticky":false,"template":"","format":"standard","meta":{"footnotes":""},"categories":[5,26],"tags":[],"class_list":["post-64913","post","type-post","status-publish","format-standard","category-cronaca","category-prima-pagina"],"yoast_head":"<!-- This site is optimized with the Yoast SEO plugin v28.4 - https:\/\/yoast.com\/product\/yoast-seo-wordpress\/ -->\n<title>Mercoled\u00ec a Palazzo Rosso riunione del consiglio comunale  - Bellunopress - Dolomiti<\/title>\n<meta name=\"robots\" content=\"index, follow, max-snippet:-1, max-image-preview:large, max-video-preview:-1\" \/>\n<link rel=\"canonical\" href=\"https:\/\/www.bellunopress.it\/fr\/2014\/12\/16\/mercoledi-a-palazzo-rosso-riunione-del-consiglio-comunale\/\" \/>\n<meta property=\"og:locale\" content=\"fr_FR\" \/>\n<meta property=\"og:type\" content=\"article\" \/>\n<meta property=\"og:title\" content=\"Mercoled\u00ec a Palazzo Rosso riunione del consiglio comunale  - Bellunopress - Dolomiti\" \/>\n<meta property=\"og:description\" content=\"Il Consiglio comunale di Belluno \u00e8 convocato per mercoled\u00ec 17 dicembre, alle ore 15.00, nella Sala Consiliare di Palazzo Rosso, per la trattazione dei seguenti 15 punti all&#8217;ordine del giorno: Societ\u00e0 SER.S.A S.P.A. &#8211; Approvazione ricognizione ex art. 3, commi 27 e seguenti \u2013 Legge n. 244\/07 e relazione ex art. 34, comma 20 del [&hellip;]\" \/>\n<meta property=\"og:url\" content=\"https:\/\/www.bellunopress.it\/fr\/2014\/12\/16\/mercoledi-a-palazzo-rosso-riunione-del-consiglio-comunale\/\" \/>\n<meta property=\"og:site_name\" content=\"Bellunopress - Dolomiti\" \/>\n<meta property=\"article:publisher\" content=\"https:\/\/www.facebook.com\/profile.php?id=100008943462799\" \/>\n<meta property=\"article:published_time\" content=\"2014-12-16T12:31:37+00:00\" \/>\n<meta property=\"article:modified_time\" content=\"2014-12-16T16:28:22+00:00\" \/>\n<meta property=\"og:image\" content=\"http:\/\/www.bellunopress.it\/wp-content\/uploads\/2009\/12\/palazzo-rosso-280x220.jpg\" \/>\n<meta name=\"author\" content=\"redazione\" \/>\n<meta name=\"twitter:card\" content=\"summary_large_image\" \/>\n<meta name=\"twitter:creator\" content=\"@bellunopress\" \/>\n<meta name=\"twitter:site\" content=\"@bellunopress\" \/>\n<meta name=\"twitter:label1\" content=\"\u00c9crit par\" \/>\n\t<meta name=\"twitter:data1\" content=\"redazione\" \/>\n\t<meta name=\"twitter:label2\" content=\"Dur\u00e9e de lecture estim\u00e9e\" \/>\n\t<meta name=\"twitter:data2\" content=\"2 minutes\" \/>\n<script type=\"application\/ld+json\" class=\"yoast-schema-graph\">{\"@context\":\"https:\\\/\\\/schema.org\",\"@graph\":[{\"@type\":\"Article\",\"@id\":\"https:\\\/\\\/www.bellunopress.it\\\/2014\\\/12\\\/16\\\/mercoledi-a-palazzo-rosso-riunione-del-consiglio-comunale\\\/#article\",\"isPartOf\":{\"@id\":\"https:\\\/\\\/www.bellunopress.it\\\/2014\\\/12\\\/16\\\/mercoledi-a-palazzo-rosso-riunione-del-consiglio-comunale\\\/\"},\"author\":{\"name\":\"redazione\",\"@id\":\"https:\\\/\\\/www.bellunopress.it\\\/#\\\/schema\\\/person\\\/79bb06722b37ece1c03d3e94beb30d73\"},\"headline\":\"Mercoled\u00ec a Palazzo Rosso riunione del consiglio comunale\",\"datePublished\":\"2014-12-16T12:31:37+00:00\",\"dateModified\":\"2014-12-16T16:28:22+00:00\",\"mainEntityOfPage\":{\"@id\":\"https:\\\/\\\/www.bellunopress.it\\\/2014\\\/12\\\/16\\\/mercoledi-a-palazzo-rosso-riunione-del-consiglio-comunale\\\/\"},\"wordCount\":389,\"publisher\":{\"@id\":\"https:\\\/\\\/www.bellunopress.it\\\/#organization\"},\"image\":{\"@id\":\"https:\\\/\\\/www.bellunopress.it\\\/2014\\\/12\\\/16\\\/mercoledi-a-palazzo-rosso-riunione-del-consiglio-comunale\\\/#primaryimage\"},\"thumbnailUrl\":\"http:\\\/\\\/www.bellunopress.it\\\/wp-content\\\/uploads\\\/2009\\\/12\\\/palazzo-rosso-280x220.jpg\",\"articleSection\":[\"Cronaca\\\/Politica\",\"Prima Pagina\"],\"inLanguage\":\"fr-FR\"},{\"@type\":\"WebPage\",\"@id\":\"https:\\\/\\\/www.bellunopress.it\\\/2014\\\/12\\\/16\\\/mercoledi-a-palazzo-rosso-riunione-del-consiglio-comunale\\\/\",\"url\":\"https:\\\/\\\/www.bellunopress.it\\\/2014\\\/12\\\/16\\\/mercoledi-a-palazzo-rosso-riunione-del-consiglio-comunale\\\/\",\"name\":\"Mercoled\u00ec a Palazzo Rosso riunione del consiglio comunale - Bellunopress - Dolomiti\",\"isPartOf\":{\"@id\":\"https:\\\/\\\/www.bellunopress.it\\\/#website\"},\"primaryImageOfPage\":{\"@id\":\"https:\\\/\\\/www.bellunopress.it\\\/2014\\\/12\\\/16\\\/mercoledi-a-palazzo-rosso-riunione-del-consiglio-comunale\\\/#primaryimage\"},\"image\":{\"@id\":\"https:\\\/\\\/www.bellunopress.it\\\/2014\\\/12\\\/16\\\/mercoledi-a-palazzo-rosso-riunione-del-consiglio-comunale\\\/#primaryimage\"},\"thumbnailUrl\":\"http:\\\/\\\/www.bellunopress.it\\\/wp-content\\\/uploads\\\/2009\\\/12\\\/palazzo-rosso-280x220.jpg\",\"datePublished\":\"2014-12-16T12:31:37+00:00\",\"dateModified\":\"2014-12-16T16:28:22+00:00\",\"breadcrumb\":{\"@id\":\"https:\\\/\\\/www.bellunopress.it\\\/2014\\\/12\\\/16\\\/mercoledi-a-palazzo-rosso-riunione-del-consiglio-comunale\\\/#breadcrumb\"},\"inLanguage\":\"fr-FR\",\"potentialAction\":[{\"@type\":\"ReadAction\",\"target\":[\"https:\\\/\\\/www.bellunopress.it\\\/2014\\\/12\\\/16\\\/mercoledi-a-palazzo-rosso-riunione-del-consiglio-comunale\\\/\"]}]},{\"@type\":\"ImageObject\",\"inLanguage\":\"fr-FR\",\"@id\":\"https:\\\/\\\/www.bellunopress.it\\\/2014\\\/12\\\/16\\\/mercoledi-a-palazzo-rosso-riunione-del-consiglio-comunale\\\/#primaryimage\",\"url\":\"http:\\\/\\\/www.bellunopress.it\\\/wp-content\\\/uploads\\\/2009\\\/12\\\/palazzo-rosso-280x220.jpg\",\"contentUrl\":\"http:\\\/\\\/www.bellunopress.it\\\/wp-content\\\/uploads\\\/2009\\\/12\\\/palazzo-rosso-280x220.jpg\"},{\"@type\":\"BreadcrumbList\",\"@id\":\"https:\\\/\\\/www.bellunopress.it\\\/2014\\\/12\\\/16\\\/mercoledi-a-palazzo-rosso-riunione-del-consiglio-comunale\\\/#breadcrumb\",\"itemListElement\":[{\"@type\":\"ListItem\",\"position\":1,\"name\":\"Home\",\"item\":\"https:\\\/\\\/www.bellunopress.it\\\/\"},{\"@type\":\"ListItem\",\"position\":2,\"name\":\"Mercoled\u00ec a Palazzo Rosso riunione del consiglio comunale\"}]},{\"@type\":\"WebSite\",\"@id\":\"https:\\\/\\\/www.bellunopress.it\\\/#website\",\"url\":\"https:\\\/\\\/www.bellunopress.it\\\/\",\"name\":\"Bellunopress - Dolomiti\",\"description\":\"e-mail: redazione@bellunopress.it\",\"publisher\":{\"@id\":\"https:\\\/\\\/www.bellunopress.it\\\/#organization\"},\"potentialAction\":[{\"@type\":\"SearchAction\",\"target\":{\"@type\":\"EntryPoint\",\"urlTemplate\":\"https:\\\/\\\/www.bellunopress.it\\\/?s={search_term_string}\"},\"query-input\":{\"@type\":\"PropertyValueSpecification\",\"valueRequired\":true,\"valueName\":\"search_term_string\"}}],\"inLanguage\":\"fr-FR\"},{\"@type\":\"Organization\",\"@id\":\"https:\\\/\\\/www.bellunopress.it\\\/#organization\",\"name\":\"Bellunopress\",\"url\":\"https:\\\/\\\/www.bellunopress.it\\\/\",\"logo\":{\"@type\":\"ImageObject\",\"inLanguage\":\"fr-FR\",\"@id\":\"https:\\\/\\\/www.bellunopress.it\\\/#\\\/schema\\\/logo\\\/image\\\/\",\"url\":\"https:\\\/\\\/www.bellunopress.it\\\/wp-content\\\/uploads\\\/2011\\\/05\\\/cropped-logo-bellunopress-.jpg\",\"contentUrl\":\"https:\\\/\\\/www.bellunopress.it\\\/wp-content\\\/uploads\\\/2011\\\/05\\\/cropped-logo-bellunopress-.jpg\",\"width\":512,\"height\":512,\"caption\":\"Bellunopress\"},\"image\":{\"@id\":\"https:\\\/\\\/www.bellunopress.it\\\/#\\\/schema\\\/logo\\\/image\\\/\"},\"sameAs\":[\"https:\\\/\\\/www.facebook.com\\\/profile.php?id=100008943462799\",\"https:\\\/\\\/x.com\\\/bellunopress\",\"https:\\\/\\\/www.linkedin.com\\\/hp\\\/?dnr=JBzUWaJfMUw8vbXJJ2tVW5-I3jZKvC4wsoxE&amp;amp;amp;amp;amp;amp;trk=nav_responsive_tab_home\",\"https:\\\/\\\/www.youtube.com\\\/channel\\\/UCxL0wu1uN0_3_7hGG0306cw\"]},{\"@type\":\"Person\",\"@id\":\"https:\\\/\\\/www.bellunopress.it\\\/#\\\/schema\\\/person\\\/79bb06722b37ece1c03d3e94beb30d73\",\"name\":\"redazione\",\"image\":{\"@type\":\"ImageObject\",\"inLanguage\":\"fr-FR\",\"@id\":\"https:\\\/\\\/secure.gravatar.com\\\/avatar\\\/37d968a2e67a6fd04c169c4bdef102d0bc5d31b2546345219e348575eb80e9a0?s=96&d=mm&r=g\",\"url\":\"https:\\\/\\\/secure.gravatar.com\\\/avatar\\\/37d968a2e67a6fd04c169c4bdef102d0bc5d31b2546345219e348575eb80e9a0?s=96&d=mm&r=g\",\"contentUrl\":\"https:\\\/\\\/secure.gravatar.com\\\/avatar\\\/37d968a2e67a6fd04c169c4bdef102d0bc5d31b2546345219e348575eb80e9a0?s=96&d=mm&r=g\",\"caption\":\"redazione\"},\"sameAs\":[\"http:\\\/\\\/www.bellunopress.it\",\"https:\\\/\\\/x.com\\\/bellunopress\"],\"url\":\"https:\\\/\\\/www.bellunopress.it\\\/fr\\\/author\\\/redazione\\\/\"}]}<\/script>\n<!-- \/ Yoast SEO plugin. -->","yoast_head_json":{"title":"Mercoled\u00ec a Palazzo Rosso riunione del consiglio comunale  - Bellunopress - Dolomiti","robots":{"index":"index","follow":"follow","max-snippet":"max-snippet:-1","max-image-preview":"max-image-preview:large","max-video-preview":"max-video-preview:-1"},"canonical":"https:\/\/www.bellunopress.it\/fr\/2014\/12\/16\/mercoledi-a-palazzo-rosso-riunione-del-consiglio-comunale\/","og_locale":"fr_FR","og_type":"article","og_title":"Mercoled\u00ec a Palazzo Rosso riunione del consiglio comunale  - Bellunopress - Dolomiti","og_description":"Il Consiglio comunale di Belluno \u00e8 convocato per mercoled\u00ec 17 dicembre, alle ore 15.00, nella Sala Consiliare di Palazzo Rosso, per la trattazione dei seguenti 15 punti all&#8217;ordine del giorno: Societ\u00e0 SER.S.A S.P.A. &#8211; Approvazione ricognizione ex art. 3, commi 27 e seguenti \u2013 Legge n. 244\/07 e relazione ex art. 34, comma 20 del [&hellip;]","og_url":"https:\/\/www.bellunopress.it\/fr\/2014\/12\/16\/mercoledi-a-palazzo-rosso-riunione-del-consiglio-comunale\/","og_site_name":"Bellunopress - Dolomiti","article_publisher":"https:\/\/www.facebook.com\/profile.php?id=100008943462799","article_published_time":"2014-12-16T12:31:37+00:00","article_modified_time":"2014-12-16T16:28:22+00:00","og_image":[{"url":"http:\/\/www.bellunopress.it\/wp-content\/uploads\/2009\/12\/palazzo-rosso-280x220.jpg","type":"","width":"","height":""}],"author":"redazione","twitter_card":"summary_large_image","twitter_creator":"@bellunopress","twitter_site":"@bellunopress","twitter_misc":{"\u00c9crit par":"redazione","Dur\u00e9e de lecture estim\u00e9e":"2 minutes"},"schema":{"@context":"https:\/\/schema.org","@graph":[{"@type":"Article","@id":"https:\/\/www.bellunopress.it\/2014\/12\/16\/mercoledi-a-palazzo-rosso-riunione-del-consiglio-comunale\/#article","isPartOf":{"@id":"https:\/\/www.bellunopress.it\/2014\/12\/16\/mercoledi-a-palazzo-rosso-riunione-del-consiglio-comunale\/"},"author":{"name":"redazione","@id":"https:\/\/www.bellunopress.it\/#\/schema\/person\/79bb06722b37ece1c03d3e94beb30d73"},"headline":"Mercoled\u00ec a Palazzo Rosso riunione del consiglio comunale","datePublished":"2014-12-16T12:31:37+00:00","dateModified":"2014-12-16T16:28:22+00:00","mainEntityOfPage":{"@id":"https:\/\/www.bellunopress.it\/2014\/12\/16\/mercoledi-a-palazzo-rosso-riunione-del-consiglio-comunale\/"},"wordCount":389,"publisher":{"@id":"https:\/\/www.bellunopress.it\/#organization"},"image":{"@id":"https:\/\/www.bellunopress.it\/2014\/12\/16\/mercoledi-a-palazzo-rosso-riunione-del-consiglio-comunale\/#primaryimage"},"thumbnailUrl":"http:\/\/www.bellunopress.it\/wp-content\/uploads\/2009\/12\/palazzo-rosso-280x220.jpg","articleSection":["Cronaca\/Politica","Prima Pagina"],"inLanguage":"fr-FR"},{"@type":"WebPage","@id":"https:\/\/www.bellunopress.it\/2014\/12\/16\/mercoledi-a-palazzo-rosso-riunione-del-consiglio-comunale\/","url":"https:\/\/www.bellunopress.it\/2014\/12\/16\/mercoledi-a-palazzo-rosso-riunione-del-consiglio-comunale\/","name":"Mercoled\u00ec a Palazzo Rosso riunione del consiglio comunale - Bellunopress - Dolomiti","isPartOf":{"@id":"https:\/\/www.bellunopress.it\/#website"},"primaryImageOfPage":{"@id":"https:\/\/www.bellunopress.it\/2014\/12\/16\/mercoledi-a-palazzo-rosso-riunione-del-consiglio-comunale\/#primaryimage"},"image":{"@id":"https:\/\/www.bellunopress.it\/2014\/12\/16\/mercoledi-a-palazzo-rosso-riunione-del-consiglio-comunale\/#primaryimage"},"thumbnailUrl":"http:\/\/www.bellunopress.it\/wp-content\/uploads\/2009\/12\/palazzo-rosso-280x220.jpg","datePublished":"2014-12-16T12:31:37+00:00","dateModified":"2014-12-16T16:28:22+00:00","breadcrumb":{"@id":"https:\/\/www.bellunopress.it\/2014\/12\/16\/mercoledi-a-palazzo-rosso-riunione-del-consiglio-comunale\/#breadcrumb"},"inLanguage":"fr-FR","potentialAction":[{"@type":"ReadAction","target":["https:\/\/www.bellunopress.it\/2014\/12\/16\/mercoledi-a-palazzo-rosso-riunione-del-consiglio-comunale\/"]}]},{"@type":"ImageObject","inLanguage":"fr-FR","@id":"https:\/\/www.bellunopress.it\/2014\/12\/16\/mercoledi-a-palazzo-rosso-riunione-del-consiglio-comunale\/#primaryimage","url":"http:\/\/www.bellunopress.it\/wp-content\/uploads\/2009\/12\/palazzo-rosso-280x220.jpg","contentUrl":"http:\/\/www.bellunopress.it\/wp-content\/uploads\/2009\/12\/palazzo-rosso-280x220.jpg"},{"@type":"BreadcrumbList","@id":"https:\/\/www.bellunopress.it\/2014\/12\/16\/mercoledi-a-palazzo-rosso-riunione-del-consiglio-comunale\/#breadcrumb","itemListElement":[{"@type":"ListItem","position":1,"name":"Home","item":"https:\/\/www.bellunopress.it\/"},{"@type":"ListItem","position":2,"name":"Mercoled\u00ec a Palazzo Rosso riunione del consiglio comunale"}]},{"@type":"WebSite","@id":"https:\/\/www.bellunopress.it\/#website","url":"https:\/\/www.bellunopress.it\/","name":"Bellunopress - Dolomiti","description":"e-mail: redazione@bellunopress.it","publisher":{"@id":"https:\/\/www.bellunopress.it\/#organization"},"potentialAction":[{"@type":"SearchAction","target":{"@type":"EntryPoint","urlTemplate":"https:\/\/www.bellunopress.it\/?s={search_term_string}"},"query-input":{"@type":"PropertyValueSpecification","valueRequired":true,"valueName":"search_term_string"}}],"inLanguage":"fr-FR"},{"@type":"Organization","@id":"https:\/\/www.bellunopress.it\/#organization","name":"Bellunopress","url":"https:\/\/www.bellunopress.it\/","logo":{"@type":"ImageObject","inLanguage":"fr-FR","@id":"https:\/\/www.bellunopress.it\/#\/schema\/logo\/image\/","url":"https:\/\/www.bellunopress.it\/wp-content\/uploads\/2011\/05\/cropped-logo-bellunopress-.jpg","contentUrl":"https:\/\/www.bellunopress.it\/wp-content\/uploads\/2011\/05\/cropped-logo-bellunopress-.jpg","width":512,"height":512,"caption":"Bellunopress"},"image":{"@id":"https:\/\/www.bellunopress.it\/#\/schema\/logo\/image\/"},"sameAs":["https:\/\/www.facebook.com\/profile.php?id=100008943462799","https:\/\/x.com\/bellunopress","https:\/\/www.linkedin.com\/hp\/?dnr=JBzUWaJfMUw8vbXJJ2tVW5-I3jZKvC4wsoxE&amp;amp;amp;amp;amp;amp;trk=nav_responsive_tab_home","https:\/\/www.youtube.com\/channel\/UCxL0wu1uN0_3_7hGG0306cw"]},{"@type":"Person","@id":"https:\/\/www.bellunopress.it\/#\/schema\/person\/79bb06722b37ece1c03d3e94beb30d73","name":"r\u00e9daction","image":{"@type":"ImageObject","inLanguage":"fr-FR","@id":"https:\/\/secure.gravatar.com\/avatar\/37d968a2e67a6fd04c169c4bdef102d0bc5d31b2546345219e348575eb80e9a0?s=96&d=mm&r=g","url":"https:\/\/secure.gravatar.com\/avatar\/37d968a2e67a6fd04c169c4bdef102d0bc5d31b2546345219e348575eb80e9a0?s=96&d=mm&r=g","contentUrl":"https:\/\/secure.gravatar.com\/avatar\/37d968a2e67a6fd04c169c4bdef102d0bc5d31b2546345219e348575eb80e9a0?s=96&d=mm&r=g","caption":"redazione"},"sameAs":["http:\/\/www.bellunopress.it","https:\/\/x.com\/bellunopress"],"url":"https:\/\/www.bellunopress.it\/fr\/author\/redazione\/"}]}},"_links":{"self":[{"href":"https:\/\/www.bellunopress.it\/fr\/wp-json\/wp\/v2\/posts\/64913","targetHints":{"allow":["GET"]}}],"collection":[{"href":"https:\/\/www.bellunopress.it\/fr\/wp-json\/wp\/v2\/posts"}],"about":[{"href":"https:\/\/www.bellunopress.it\/fr\/wp-json\/wp\/v2\/types\/post"}],"author":[{"embeddable":true,"href":"https:\/\/www.bellunopress.it\/fr\/wp-json\/wp\/v2\/users\/2"}],"replies":[{"embeddable":true,"href":"https:\/\/www.bellunopress.it\/fr\/wp-json\/wp\/v2\/comments?post=64913"}],"version-history":[{"count":2,"href":"https:\/\/www.bellunopress.it\/fr\/wp-json\/wp\/v2\/posts\/64913\/revisions"}],"predecessor-version":[{"id":64915,"href":"https:\/\/www.bellunopress.it\/fr\/wp-json\/wp\/v2\/posts\/64913\/revisions\/64915"}],"wp:attachment":[{"href":"https:\/\/www.bellunopress.it\/fr\/wp-json\/wp\/v2\/media?parent=64913"}],"wp:term":[{"taxonomy":"category","embeddable":true,"href":"https:\/\/www.bellunopress.it\/fr\/wp-json\/wp\/v2\/categories?post=64913"},{"taxonomy":"post_tag","embeddable":true,"href":"https:\/\/www.bellunopress.it\/fr\/wp-json\/wp\/v2\/tags?post=64913"}],"curies":[{"name":"wp","href":"https:\/\/api.w.org\/{rel}","templated":true}]}}