{"id":64910,"date":"2014-12-16T12:19:53","date_gmt":"2014-12-16T11:19:53","guid":{"rendered":"http:\/\/www.bellunopress.it\/?p=64910"},"modified":"2014-12-16T12:19:53","modified_gmt":"2014-12-16T11:19:53","slug":"bernard-aikema-presidente-del-consiglio-scientifico-della-fondazione-centro-studi-tiziano-e-cadore","status":"publish","type":"post","link":"https:\/\/www.bellunopress.it\/fr\/2014\/12\/16\/bernard-aikema-presidente-del-consiglio-scientifico-della-fondazione-centro-studi-tiziano-e-cadore\/","title":{"rendered":"Bernard Aikema presidente del Consiglio scientifico\u00a0della Fondazione Centro Studi Tiziano e Cadore"},"content":{"rendered":"<p><a href=\"http:\/\/www.bellunopress.it\/wp-content\/uploads\/2014\/12\/Bernard-Aikema.jpg\"><img loading=\"lazy\" decoding=\"async\" class=\"alignright size-full wp-image-64911\" src=\"http:\/\/www.bellunopress.it\/wp-content\/uploads\/2014\/12\/Bernard-Aikema.jpg\" alt=\"Bernard Aikema\" width=\"142\" height=\"170\" \/><\/a>Bernard Aikema \u00e8 stato riconfermato alla presidenza del Consiglio scientifico della Fondazione Centro Studi Tiziano e \u00a0Cadore per il prossimo triennio.<\/p>\n<p>Eletto all\u2019unanimit\u00e0 dal nuovo cda, che ha apprezzato il lavoro sino ad ora svolto, l\u2019impronta metodologica e i contatti internazionali apportati durante il suo mandato, Aikema ha curato anche la mostra Tiziano. Venezia e il papa Borgia del 2014 \u00a0allestita a Pieve di Cadore.<\/p>\n<p>Esperto in arte rinascimentale veneta e del nord Europa, i suoi metodi di ricerca spaziano dalla filologia all&#8217;iconologia, alla storia sociale dell&#8217;arte \u00e8 stato curatore di mostre importanti come\u00a0 &#8220;Il Rinascimento a Venezia e la pittura del Nord&#8221; a Palazzo Grassi; \u201cLucas Cranach. L\u2019altro Rinascimento\u201d alla Galleria Borghese a\u00a0 Roma nel 2010 e\u00a0 con Paola Marini \u201cPaolo Veronese, l\u2019illusione della realt\u00e0\u201d a Verona.<\/p>\n<p>Gli altri componenti scelti dal Consiglio di Amministrazione sono Sylvia Ferino, curatrice di arte rinascimentale al Kunsthistorisches Museum di Vienna, membro di numerose commissioni e consigli scientifici internazionali con una carriera\u00a0 contrassegnata da prestigiosi riconoscimenti in Spagna, Italia e Germania; Enrico Maria Dal Pozzolo, studioso di arte veneta e autore di monografie e co-curatore di mostre, che sta lavorano con l\u2019Ermitage su \u201cRinascimento privato\u201d esposizione che si aprir\u00e0 al Palazzo Reale di Milano. Augusto Gentili, esperto di arte veneta e tizianista, che ha pubblicato libri su Carpaccio, Tiziano e Lotto e svolge studi multidisciplinari di storia e iconologia contestuale.Miguel Falomir curatore della pittura rinascimentale al Museo del Prado, e ideatore di molte mostre in Cadore; i suoi studi sono pubblicati in Europa e Stati Uniti e che attualmente sta lavorando al catalogo ragionato delle opere di Tiziano conservate al Prado. Stefania Mason\u00a0 studiosa di pittura e grafica veneta e del collezionismo veneziano \u00e8 anche co-curatrice di esposizioni internazionali.<\/p>\n<p>L\u2019americano Frederick Ilchman\u00a0 attualmente il direttore del dipartimento di Arte Europea presso il Museum of Fine Arts, Boston, che \u00e8 stato curatore della mostra Tiziano, Tintoretto, Veronese: i rivali del Rinascimento a Venezia, nel 2009 organizzata al Louvre\u00a0 vincitrice di diversi premi\u00a0 e riconosciuta come una delle dieci migliori esposizioni dal Wall Street Journal. Da ottobre nel suo Museo \u00e8 aperta la mostra su Goya, Ordine e disordine, di cui \u00e8\u00a0 co-curatore. E\u2019 anche\u00a0 il nuovo direttore del comitato scientifico di Save Venice, la pi\u00f9 grande organizzazione privata dedicata \u00a0alla conservazione dell\u2019arte a Venezia.<\/p>\n<p><strong><b>\u00a0<\/b><\/strong><\/p>","protected":false},"excerpt":{"rendered":"<p>Bernard Aikema \u00e8 stato riconfermato alla presidenza del Consiglio scientifico della Fondazione Centro Studi Tiziano e \u00a0Cadore per il prossimo triennio. Eletto all\u2019unanimit\u00e0 dal nuovo cda, che ha apprezzato il lavoro sino ad ora svolto, l\u2019impronta metodologica e i contatti internazionali apportati durante il suo mandato, Aikema ha curato anche la mostra Tiziano. Venezia e [&hellip;]<\/p>\n","protected":false},"author":2,"featured_media":0,"comment_status":"closed","ping_status":"open","sticky":false,"template":"","format":"standard","meta":{"footnotes":""},"categories":[3,26],"tags":[],"class_list":["post-64910","post","type-post","status-publish","format-standard","category-arte-cultura-spettacoli-scienza-archivi","category-prima-pagina"],"yoast_head":"<!-- This site is optimized with the Yoast SEO plugin v28.4 - https:\/\/yoast.com\/product\/yoast-seo-wordpress\/ -->\n<title>Bernard Aikema presidente del Consiglio scientifico\u00a0della Fondazione Centro Studi Tiziano e Cadore - Bellunopress - Dolomiti<\/title>\n<meta name=\"robots\" content=\"index, follow, max-snippet:-1, max-image-preview:large, max-video-preview:-1\" \/>\n<link rel=\"canonical\" href=\"https:\/\/www.bellunopress.it\/fr\/2014\/12\/16\/bernard-aikema-presidente-del-consiglio-scientifico-della-fondazione-centro-studi-tiziano-e-cadore\/\" \/>\n<meta property=\"og:locale\" content=\"fr_FR\" \/>\n<meta property=\"og:type\" content=\"article\" \/>\n<meta property=\"og:title\" content=\"Bernard Aikema presidente del Consiglio scientifico\u00a0della Fondazione Centro Studi Tiziano e Cadore - Bellunopress - Dolomiti\" \/>\n<meta property=\"og:description\" content=\"Bernard Aikema \u00e8 stato riconfermato alla presidenza del Consiglio scientifico della Fondazione Centro Studi Tiziano e \u00a0Cadore per il prossimo triennio. Eletto all\u2019unanimit\u00e0 dal nuovo cda, che ha apprezzato il lavoro sino ad ora svolto, l\u2019impronta metodologica e i contatti internazionali apportati durante il suo mandato, Aikema ha curato anche la mostra Tiziano. Venezia e [&hellip;]\" \/>\n<meta property=\"og:url\" content=\"https:\/\/www.bellunopress.it\/fr\/2014\/12\/16\/bernard-aikema-presidente-del-consiglio-scientifico-della-fondazione-centro-studi-tiziano-e-cadore\/\" \/>\n<meta property=\"og:site_name\" content=\"Bellunopress - Dolomiti\" \/>\n<meta property=\"article:publisher\" content=\"https:\/\/www.facebook.com\/profile.php?id=100008943462799\" \/>\n<meta property=\"article:published_time\" content=\"2014-12-16T11:19:53+00:00\" \/>\n<meta property=\"og:image\" content=\"http:\/\/www.bellunopress.it\/wp-content\/uploads\/2014\/12\/Bernard-Aikema.jpg\" \/>\n<meta name=\"author\" content=\"redazione\" \/>\n<meta name=\"twitter:card\" content=\"summary_large_image\" \/>\n<meta name=\"twitter:creator\" content=\"@bellunopress\" \/>\n<meta name=\"twitter:site\" content=\"@bellunopress\" \/>\n<meta name=\"twitter:label1\" content=\"\u00c9crit par\" \/>\n\t<meta name=\"twitter:data1\" content=\"redazione\" \/>\n\t<meta name=\"twitter:label2\" content=\"Dur\u00e9e de lecture estim\u00e9e\" \/>\n\t<meta name=\"twitter:data2\" content=\"2 minutes\" \/>\n<script type=\"application\/ld+json\" class=\"yoast-schema-graph\">{\"@context\":\"https:\\\/\\\/schema.org\",\"@graph\":[{\"@type\":\"Article\",\"@id\":\"https:\\\/\\\/www.bellunopress.it\\\/2014\\\/12\\\/16\\\/bernard-aikema-presidente-del-consiglio-scientifico-della-fondazione-centro-studi-tiziano-e-cadore\\\/#article\",\"isPartOf\":{\"@id\":\"https:\\\/\\\/www.bellunopress.it\\\/2014\\\/12\\\/16\\\/bernard-aikema-presidente-del-consiglio-scientifico-della-fondazione-centro-studi-tiziano-e-cadore\\\/\"},\"author\":{\"name\":\"redazione\",\"@id\":\"https:\\\/\\\/www.bellunopress.it\\\/#\\\/schema\\\/person\\\/79bb06722b37ece1c03d3e94beb30d73\"},\"headline\":\"Bernard Aikema presidente del Consiglio scientifico\u00a0della Fondazione Centro Studi Tiziano e Cadore\",\"datePublished\":\"2014-12-16T11:19:53+00:00\",\"mainEntityOfPage\":{\"@id\":\"https:\\\/\\\/www.bellunopress.it\\\/2014\\\/12\\\/16\\\/bernard-aikema-presidente-del-consiglio-scientifico-della-fondazione-centro-studi-tiziano-e-cadore\\\/\"},\"wordCount\":394,\"publisher\":{\"@id\":\"https:\\\/\\\/www.bellunopress.it\\\/#organization\"},\"image\":{\"@id\":\"https:\\\/\\\/www.bellunopress.it\\\/2014\\\/12\\\/16\\\/bernard-aikema-presidente-del-consiglio-scientifico-della-fondazione-centro-studi-tiziano-e-cadore\\\/#primaryimage\"},\"thumbnailUrl\":\"http:\\\/\\\/www.bellunopress.it\\\/wp-content\\\/uploads\\\/2014\\\/12\\\/Bernard-Aikema.jpg\",\"articleSection\":[\"Arte, Cultura, Spettacoli, Scienza\",\"Prima Pagina\"],\"inLanguage\":\"fr-FR\"},{\"@type\":\"WebPage\",\"@id\":\"https:\\\/\\\/www.bellunopress.it\\\/2014\\\/12\\\/16\\\/bernard-aikema-presidente-del-consiglio-scientifico-della-fondazione-centro-studi-tiziano-e-cadore\\\/\",\"url\":\"https:\\\/\\\/www.bellunopress.it\\\/2014\\\/12\\\/16\\\/bernard-aikema-presidente-del-consiglio-scientifico-della-fondazione-centro-studi-tiziano-e-cadore\\\/\",\"name\":\"Bernard Aikema presidente del Consiglio scientifico\u00a0della Fondazione Centro Studi Tiziano e Cadore - Bellunopress - Dolomiti\",\"isPartOf\":{\"@id\":\"https:\\\/\\\/www.bellunopress.it\\\/#website\"},\"primaryImageOfPage\":{\"@id\":\"https:\\\/\\\/www.bellunopress.it\\\/2014\\\/12\\\/16\\\/bernard-aikema-presidente-del-consiglio-scientifico-della-fondazione-centro-studi-tiziano-e-cadore\\\/#primaryimage\"},\"image\":{\"@id\":\"https:\\\/\\\/www.bellunopress.it\\\/2014\\\/12\\\/16\\\/bernard-aikema-presidente-del-consiglio-scientifico-della-fondazione-centro-studi-tiziano-e-cadore\\\/#primaryimage\"},\"thumbnailUrl\":\"http:\\\/\\\/www.bellunopress.it\\\/wp-content\\\/uploads\\\/2014\\\/12\\\/Bernard-Aikema.jpg\",\"datePublished\":\"2014-12-16T11:19:53+00:00\",\"breadcrumb\":{\"@id\":\"https:\\\/\\\/www.bellunopress.it\\\/2014\\\/12\\\/16\\\/bernard-aikema-presidente-del-consiglio-scientifico-della-fondazione-centro-studi-tiziano-e-cadore\\\/#breadcrumb\"},\"inLanguage\":\"fr-FR\",\"potentialAction\":[{\"@type\":\"ReadAction\",\"target\":[\"https:\\\/\\\/www.bellunopress.it\\\/2014\\\/12\\\/16\\\/bernard-aikema-presidente-del-consiglio-scientifico-della-fondazione-centro-studi-tiziano-e-cadore\\\/\"]}]},{\"@type\":\"ImageObject\",\"inLanguage\":\"fr-FR\",\"@id\":\"https:\\\/\\\/www.bellunopress.it\\\/2014\\\/12\\\/16\\\/bernard-aikema-presidente-del-consiglio-scientifico-della-fondazione-centro-studi-tiziano-e-cadore\\\/#primaryimage\",\"url\":\"http:\\\/\\\/www.bellunopress.it\\\/wp-content\\\/uploads\\\/2014\\\/12\\\/Bernard-Aikema.jpg\",\"contentUrl\":\"http:\\\/\\\/www.bellunopress.it\\\/wp-content\\\/uploads\\\/2014\\\/12\\\/Bernard-Aikema.jpg\"},{\"@type\":\"BreadcrumbList\",\"@id\":\"https:\\\/\\\/www.bellunopress.it\\\/2014\\\/12\\\/16\\\/bernard-aikema-presidente-del-consiglio-scientifico-della-fondazione-centro-studi-tiziano-e-cadore\\\/#breadcrumb\",\"itemListElement\":[{\"@type\":\"ListItem\",\"position\":1,\"name\":\"Home\",\"item\":\"https:\\\/\\\/www.bellunopress.it\\\/\"},{\"@type\":\"ListItem\",\"position\":2,\"name\":\"Bernard Aikema presidente del Consiglio scientifico\u00a0della Fondazione Centro Studi Tiziano e Cadore\"}]},{\"@type\":\"WebSite\",\"@id\":\"https:\\\/\\\/www.bellunopress.it\\\/#website\",\"url\":\"https:\\\/\\\/www.bellunopress.it\\\/\",\"name\":\"Bellunopress - Dolomiti\",\"description\":\"e-mail: redazione@bellunopress.it\",\"publisher\":{\"@id\":\"https:\\\/\\\/www.bellunopress.it\\\/#organization\"},\"potentialAction\":[{\"@type\":\"SearchAction\",\"target\":{\"@type\":\"EntryPoint\",\"urlTemplate\":\"https:\\\/\\\/www.bellunopress.it\\\/?s={search_term_string}\"},\"query-input\":{\"@type\":\"PropertyValueSpecification\",\"valueRequired\":true,\"valueName\":\"search_term_string\"}}],\"inLanguage\":\"fr-FR\"},{\"@type\":\"Organization\",\"@id\":\"https:\\\/\\\/www.bellunopress.it\\\/#organization\",\"name\":\"Bellunopress\",\"url\":\"https:\\\/\\\/www.bellunopress.it\\\/\",\"logo\":{\"@type\":\"ImageObject\",\"inLanguage\":\"fr-FR\",\"@id\":\"https:\\\/\\\/www.bellunopress.it\\\/#\\\/schema\\\/logo\\\/image\\\/\",\"url\":\"https:\\\/\\\/www.bellunopress.it\\\/wp-content\\\/uploads\\\/2011\\\/05\\\/cropped-logo-bellunopress-.jpg\",\"contentUrl\":\"https:\\\/\\\/www.bellunopress.it\\\/wp-content\\\/uploads\\\/2011\\\/05\\\/cropped-logo-bellunopress-.jpg\",\"width\":512,\"height\":512,\"caption\":\"Bellunopress\"},\"image\":{\"@id\":\"https:\\\/\\\/www.bellunopress.it\\\/#\\\/schema\\\/logo\\\/image\\\/\"},\"sameAs\":[\"https:\\\/\\\/www.facebook.com\\\/profile.php?id=100008943462799\",\"https:\\\/\\\/x.com\\\/bellunopress\",\"https:\\\/\\\/www.linkedin.com\\\/hp\\\/?dnr=JBzUWaJfMUw8vbXJJ2tVW5-I3jZKvC4wsoxE&amp;amp;amp;amp;amp;amp;trk=nav_responsive_tab_home\",\"https:\\\/\\\/www.youtube.com\\\/channel\\\/UCxL0wu1uN0_3_7hGG0306cw\"]},{\"@type\":\"Person\",\"@id\":\"https:\\\/\\\/www.bellunopress.it\\\/#\\\/schema\\\/person\\\/79bb06722b37ece1c03d3e94beb30d73\",\"name\":\"redazione\",\"image\":{\"@type\":\"ImageObject\",\"inLanguage\":\"fr-FR\",\"@id\":\"https:\\\/\\\/secure.gravatar.com\\\/avatar\\\/37d968a2e67a6fd04c169c4bdef102d0bc5d31b2546345219e348575eb80e9a0?s=96&d=mm&r=g\",\"url\":\"https:\\\/\\\/secure.gravatar.com\\\/avatar\\\/37d968a2e67a6fd04c169c4bdef102d0bc5d31b2546345219e348575eb80e9a0?s=96&d=mm&r=g\",\"contentUrl\":\"https:\\\/\\\/secure.gravatar.com\\\/avatar\\\/37d968a2e67a6fd04c169c4bdef102d0bc5d31b2546345219e348575eb80e9a0?s=96&d=mm&r=g\",\"caption\":\"redazione\"},\"sameAs\":[\"http:\\\/\\\/www.bellunopress.it\",\"https:\\\/\\\/x.com\\\/bellunopress\"],\"url\":\"https:\\\/\\\/www.bellunopress.it\\\/fr\\\/author\\\/redazione\\\/\"}]}<\/script>\n<!-- \/ Yoast SEO plugin. -->","yoast_head_json":{"title":"Bernard Aikema presidente del Consiglio scientifico\u00a0della Fondazione Centro Studi Tiziano e Cadore - Bellunopress - Dolomiti","robots":{"index":"index","follow":"follow","max-snippet":"max-snippet:-1","max-image-preview":"max-image-preview:large","max-video-preview":"max-video-preview:-1"},"canonical":"https:\/\/www.bellunopress.it\/fr\/2014\/12\/16\/bernard-aikema-presidente-del-consiglio-scientifico-della-fondazione-centro-studi-tiziano-e-cadore\/","og_locale":"fr_FR","og_type":"article","og_title":"Bernard Aikema presidente del Consiglio scientifico\u00a0della Fondazione Centro Studi Tiziano e Cadore - Bellunopress - Dolomiti","og_description":"Bernard Aikema \u00e8 stato riconfermato alla presidenza del Consiglio scientifico della Fondazione Centro Studi Tiziano e \u00a0Cadore per il prossimo triennio. Eletto all\u2019unanimit\u00e0 dal nuovo cda, che ha apprezzato il lavoro sino ad ora svolto, l\u2019impronta metodologica e i contatti internazionali apportati durante il suo mandato, Aikema ha curato anche la mostra Tiziano. Venezia e [&hellip;]","og_url":"https:\/\/www.bellunopress.it\/fr\/2014\/12\/16\/bernard-aikema-presidente-del-consiglio-scientifico-della-fondazione-centro-studi-tiziano-e-cadore\/","og_site_name":"Bellunopress - Dolomiti","article_publisher":"https:\/\/www.facebook.com\/profile.php?id=100008943462799","article_published_time":"2014-12-16T11:19:53+00:00","og_image":[{"url":"http:\/\/www.bellunopress.it\/wp-content\/uploads\/2014\/12\/Bernard-Aikema.jpg","type":"","width":"","height":""}],"author":"redazione","twitter_card":"summary_large_image","twitter_creator":"@bellunopress","twitter_site":"@bellunopress","twitter_misc":{"\u00c9crit par":"redazione","Dur\u00e9e de lecture estim\u00e9e":"2 minutes"},"schema":{"@context":"https:\/\/schema.org","@graph":[{"@type":"Article","@id":"https:\/\/www.bellunopress.it\/2014\/12\/16\/bernard-aikema-presidente-del-consiglio-scientifico-della-fondazione-centro-studi-tiziano-e-cadore\/#article","isPartOf":{"@id":"https:\/\/www.bellunopress.it\/2014\/12\/16\/bernard-aikema-presidente-del-consiglio-scientifico-della-fondazione-centro-studi-tiziano-e-cadore\/"},"author":{"name":"redazione","@id":"https:\/\/www.bellunopress.it\/#\/schema\/person\/79bb06722b37ece1c03d3e94beb30d73"},"headline":"Bernard Aikema presidente del Consiglio scientifico\u00a0della Fondazione Centro Studi Tiziano e Cadore","datePublished":"2014-12-16T11:19:53+00:00","mainEntityOfPage":{"@id":"https:\/\/www.bellunopress.it\/2014\/12\/16\/bernard-aikema-presidente-del-consiglio-scientifico-della-fondazione-centro-studi-tiziano-e-cadore\/"},"wordCount":394,"publisher":{"@id":"https:\/\/www.bellunopress.it\/#organization"},"image":{"@id":"https:\/\/www.bellunopress.it\/2014\/12\/16\/bernard-aikema-presidente-del-consiglio-scientifico-della-fondazione-centro-studi-tiziano-e-cadore\/#primaryimage"},"thumbnailUrl":"http:\/\/www.bellunopress.it\/wp-content\/uploads\/2014\/12\/Bernard-Aikema.jpg","articleSection":["Arte, Cultura, Spettacoli, Scienza","Prima Pagina"],"inLanguage":"fr-FR"},{"@type":"WebPage","@id":"https:\/\/www.bellunopress.it\/2014\/12\/16\/bernard-aikema-presidente-del-consiglio-scientifico-della-fondazione-centro-studi-tiziano-e-cadore\/","url":"https:\/\/www.bellunopress.it\/2014\/12\/16\/bernard-aikema-presidente-del-consiglio-scientifico-della-fondazione-centro-studi-tiziano-e-cadore\/","name":"Bernard Aikema presidente del Consiglio scientifico\u00a0della Fondazione Centro Studi Tiziano e Cadore - Bellunopress - Dolomiti","isPartOf":{"@id":"https:\/\/www.bellunopress.it\/#website"},"primaryImageOfPage":{"@id":"https:\/\/www.bellunopress.it\/2014\/12\/16\/bernard-aikema-presidente-del-consiglio-scientifico-della-fondazione-centro-studi-tiziano-e-cadore\/#primaryimage"},"image":{"@id":"https:\/\/www.bellunopress.it\/2014\/12\/16\/bernard-aikema-presidente-del-consiglio-scientifico-della-fondazione-centro-studi-tiziano-e-cadore\/#primaryimage"},"thumbnailUrl":"http:\/\/www.bellunopress.it\/wp-content\/uploads\/2014\/12\/Bernard-Aikema.jpg","datePublished":"2014-12-16T11:19:53+00:00","breadcrumb":{"@id":"https:\/\/www.bellunopress.it\/2014\/12\/16\/bernard-aikema-presidente-del-consiglio-scientifico-della-fondazione-centro-studi-tiziano-e-cadore\/#breadcrumb"},"inLanguage":"fr-FR","potentialAction":[{"@type":"ReadAction","target":["https:\/\/www.bellunopress.it\/2014\/12\/16\/bernard-aikema-presidente-del-consiglio-scientifico-della-fondazione-centro-studi-tiziano-e-cadore\/"]}]},{"@type":"ImageObject","inLanguage":"fr-FR","@id":"https:\/\/www.bellunopress.it\/2014\/12\/16\/bernard-aikema-presidente-del-consiglio-scientifico-della-fondazione-centro-studi-tiziano-e-cadore\/#primaryimage","url":"http:\/\/www.bellunopress.it\/wp-content\/uploads\/2014\/12\/Bernard-Aikema.jpg","contentUrl":"http:\/\/www.bellunopress.it\/wp-content\/uploads\/2014\/12\/Bernard-Aikema.jpg"},{"@type":"BreadcrumbList","@id":"https:\/\/www.bellunopress.it\/2014\/12\/16\/bernard-aikema-presidente-del-consiglio-scientifico-della-fondazione-centro-studi-tiziano-e-cadore\/#breadcrumb","itemListElement":[{"@type":"ListItem","position":1,"name":"Home","item":"https:\/\/www.bellunopress.it\/"},{"@type":"ListItem","position":2,"name":"Bernard Aikema presidente del Consiglio scientifico\u00a0della Fondazione Centro Studi Tiziano e Cadore"}]},{"@type":"WebSite","@id":"https:\/\/www.bellunopress.it\/#website","url":"https:\/\/www.bellunopress.it\/","name":"Bellunopress - Dolomiti","description":"e-mail: redazione@bellunopress.it","publisher":{"@id":"https:\/\/www.bellunopress.it\/#organization"},"potentialAction":[{"@type":"SearchAction","target":{"@type":"EntryPoint","urlTemplate":"https:\/\/www.bellunopress.it\/?s={search_term_string}"},"query-input":{"@type":"PropertyValueSpecification","valueRequired":true,"valueName":"search_term_string"}}],"inLanguage":"fr-FR"},{"@type":"Organization","@id":"https:\/\/www.bellunopress.it\/#organization","name":"Bellunopress","url":"https:\/\/www.bellunopress.it\/","logo":{"@type":"ImageObject","inLanguage":"fr-FR","@id":"https:\/\/www.bellunopress.it\/#\/schema\/logo\/image\/","url":"https:\/\/www.bellunopress.it\/wp-content\/uploads\/2011\/05\/cropped-logo-bellunopress-.jpg","contentUrl":"https:\/\/www.bellunopress.it\/wp-content\/uploads\/2011\/05\/cropped-logo-bellunopress-.jpg","width":512,"height":512,"caption":"Bellunopress"},"image":{"@id":"https:\/\/www.bellunopress.it\/#\/schema\/logo\/image\/"},"sameAs":["https:\/\/www.facebook.com\/profile.php?id=100008943462799","https:\/\/x.com\/bellunopress","https:\/\/www.linkedin.com\/hp\/?dnr=JBzUWaJfMUw8vbXJJ2tVW5-I3jZKvC4wsoxE&amp;amp;amp;amp;amp;amp;trk=nav_responsive_tab_home","https:\/\/www.youtube.com\/channel\/UCxL0wu1uN0_3_7hGG0306cw"]},{"@type":"Person","@id":"https:\/\/www.bellunopress.it\/#\/schema\/person\/79bb06722b37ece1c03d3e94beb30d73","name":"r\u00e9daction","image":{"@type":"ImageObject","inLanguage":"fr-FR","@id":"https:\/\/secure.gravatar.com\/avatar\/37d968a2e67a6fd04c169c4bdef102d0bc5d31b2546345219e348575eb80e9a0?s=96&d=mm&r=g","url":"https:\/\/secure.gravatar.com\/avatar\/37d968a2e67a6fd04c169c4bdef102d0bc5d31b2546345219e348575eb80e9a0?s=96&d=mm&r=g","contentUrl":"https:\/\/secure.gravatar.com\/avatar\/37d968a2e67a6fd04c169c4bdef102d0bc5d31b2546345219e348575eb80e9a0?s=96&d=mm&r=g","caption":"redazione"},"sameAs":["http:\/\/www.bellunopress.it","https:\/\/x.com\/bellunopress"],"url":"https:\/\/www.bellunopress.it\/fr\/author\/redazione\/"}]}},"_links":{"self":[{"href":"https:\/\/www.bellunopress.it\/fr\/wp-json\/wp\/v2\/posts\/64910","targetHints":{"allow":["GET"]}}],"collection":[{"href":"https:\/\/www.bellunopress.it\/fr\/wp-json\/wp\/v2\/posts"}],"about":[{"href":"https:\/\/www.bellunopress.it\/fr\/wp-json\/wp\/v2\/types\/post"}],"author":[{"embeddable":true,"href":"https:\/\/www.bellunopress.it\/fr\/wp-json\/wp\/v2\/users\/2"}],"replies":[{"embeddable":true,"href":"https:\/\/www.bellunopress.it\/fr\/wp-json\/wp\/v2\/comments?post=64910"}],"version-history":[{"count":1,"href":"https:\/\/www.bellunopress.it\/fr\/wp-json\/wp\/v2\/posts\/64910\/revisions"}],"predecessor-version":[{"id":64912,"href":"https:\/\/www.bellunopress.it\/fr\/wp-json\/wp\/v2\/posts\/64910\/revisions\/64912"}],"wp:attachment":[{"href":"https:\/\/www.bellunopress.it\/fr\/wp-json\/wp\/v2\/media?parent=64910"}],"wp:term":[{"taxonomy":"category","embeddable":true,"href":"https:\/\/www.bellunopress.it\/fr\/wp-json\/wp\/v2\/categories?post=64910"},{"taxonomy":"post_tag","embeddable":true,"href":"https:\/\/www.bellunopress.it\/fr\/wp-json\/wp\/v2\/tags?post=64910"}],"curies":[{"name":"wp","href":"https:\/\/api.w.org\/{rel}","templated":true}]}}