{"id":6490,"date":"2009-07-29T15:48:13","date_gmt":"2009-07-29T14:48:13","guid":{"rendered":"http:\/\/www.bellunopress.it\/?p=6490"},"modified":"2009-07-29T20:36:34","modified_gmt":"2009-07-29T19:36:34","slug":"miniera-val-fassoia-la-regione-conferma-di-stare-dalla-parte-del-territorio","status":"publish","type":"post","link":"https:\/\/www.bellunopress.it\/fr\/2009\/07\/29\/miniera-val-fassoia-la-regione-conferma-di-stare-dalla-parte-del-territorio\/","title":{"rendered":"Miniera Val Fassoia, la Regione conferma di stare dalla parte del territorio. Soddisfazione del presidente del Comitato Col del Roro Paolo Di Natale"},"content":{"rendered":"<figure id=\"attachment_6492\" aria-describedby=\"caption-attachment-6492\" style=\"width: 290px\" class=\"wp-caption alignleft\"><a href=\"http:\/\/www.bellunopress.it\/wp-content\/uploads\/2009\/07\/no-miniera-comitato-col-del-roro-alano-di-piav.jpg\"><img loading=\"lazy\" decoding=\"async\" class=\"size-medium wp-image-6492\" title=\"no-miniera-comitato-col-del-roro-alano-di-piav\" src=\"http:\/\/www.bellunopress.it\/wp-content\/uploads\/2009\/07\/no-miniera-comitato-col-del-roro-alano-di-piav.jpg\" alt=\"la manifestazione del Comitato Col del Roro http:\/\/comitatocolderoro.blogspot.com\" width=\"290\" height=\"195\" \/><\/a><figcaption id=\"caption-attachment-6492\" class=\"wp-caption-text\">la manifestazione del Comitato Col del Roro http:\/\/comitatocolderoro.blogspot.com<\/figcaption><\/figure>\n<p>La Giunta regionale, nella seduta di ieri (marted\u00ec 28), ha deliberato la costituzione della Regione Veneto nel contenzioso che pende da anni avanti il Tar del Veneto per l\u2019apertura della miniera di sali magnesiaci \u201cVal Fassoia\u201d in comune di Alano di Piave. Il ricorso era stato presentato dalla ditta Enrico Tormena contro il provvedimento con il quale la stessa Regione il 3 ottobre 2003 aveva negato l\u2019autorizzazione all\u2019apertura della miniera a conclusione di un lungo iter burocratico iniziato nel 1992. \u00abLa Regione &#8211; ha commentato l\u2019assessore agli Affari legali e al Contenzioso, Oscar De Bona,\u00a0 relatore del provvedimento \u2013 ha confermato ancora una volta la difesa di un suo provvedimento e ha ribadito la sua volont\u00e0 di condurre una comune difesa degli interessi del territorio; linea d\u2019azione gi\u00e0 sostenuta dal collega assessore Renato Chisso e dai consiglieri regionali bellunesi, allineandosi inoltre agli atri enti locali. Ricordo che l\u2019area \u00e8 di particolare delicatezza ambientale. E\u2019 infatti situata nel Piano di area del massiccio del Grappa, in una zona sottoposta a vincolo paesaggistico e idrogeologico. Ed, inoltre, \u00e8 stata inserita nel 2000 nell\u2019elenco dei siti di importanza comunitaria. Per cui mi \u00e8 sembrato corretto e opportuno fare in modo che queste ragioni possano comunque prevalere, sopratutto a fronte del fatto che nell\u2019area dolomitica esistono delle attivit\u00e0 estrattive dello stesso tipo che non giustificano certo il sacrificio ambientale che potrebbe derivare dalla apertura di questa ulteriore attivit\u00e0\u00bb. La lunga trafila burocratica legata alla miniera\u00a0 \u201cVal Fassoia\u201d era iniziata, come detto, nel lontano 1992. In quell\u2019anno il Corpo delle miniere \u2013 Distretto minerario di Padova aveva accordato alla ditta un permesso per la ricerca di sali alcalini e magnesiaci pi\u00f9 volte rinnovato e oggetto di contestazioni da parte delle popolazioni locali. Nel 1995 la ditta aveva presentato domanda per la trasformazione del permesso di ricerca in concessione mineraria, la quale fu inizialmente paralizzata proprio dalla Regione per il diniego al rilascio della autorizzazione idrogeologica. Ad essa fece seguito il parere contrario del ministero dei Beni culturali e ambientali. Con il passaggio delle competenze alle Regioni in materia mineraria, avvenuto a seguito del Dlgs.112\/1998, la ditta Tormena ripresent\u00f2 il progetto di concessione al quale la Regione rispose con una delibera di diniego che \u00e8 oggetto del contenzioso che ancora pende avanti il Tar Veneto. La Regione aveva motivato il suo diniego, tra l\u2019altro, in considerazione della contrariet\u00e0 delle comunit\u00e0 locali, in testa la provincia di Belluno e il Comune di Alano, e per la volont\u00e0 di garantire gli interessi alla tutela paesaggistica ed idrogeologica dell\u2019area interessata dalla miniera. Soddisfazione \u00e8 stata espressa dal presidente del Comitato Col del Roro Paolo\u00a0Di Natale\u00a0&#8220;la delibera della giunta &#8211; ha detto &#8211; rappresenta un precedente fondamentale. Una decisione che \u00e8 stata sicuramente influenzata\u00a0dal lavoro e dai successi del nostro comitato e di tutte quelle associazioni che ci hanno affiancato, in primis il Cai Veneto&#8221;. Il Comitato Col del Roro, infatti, si era battuto contro i progetti di coltivazione mineraria che interessano i Comuni di Alano di Piave e Quero (Col del Roro e Valle di Schievenin)\u00a0con manifestazioni di protesta e cortei arrivati\u00a0fino a Venezia.<\/p>","protected":false},"excerpt":{"rendered":"<p>La Giunta regionale, nella seduta di ieri (marted\u00ec 28), ha deliberato la costituzione della Regione Veneto nel contenzioso che pende da anni avanti il Tar del Veneto per l\u2019apertura della miniera di sali magnesiaci \u201cVal Fassoia\u201d in comune di Alano di Piave. Il ricorso era stato presentato dalla ditta Enrico Tormena contro il provvedimento con [&hellip;]<\/p>\n","protected":false},"author":2,"featured_media":0,"comment_status":"closed","ping_status":"open","sticky":false,"template":"","format":"standard","meta":{"footnotes":""},"categories":[5,38],"tags":[139,63],"class_list":["post-6490","post","type-post","status-publish","format-standard","category-cronaca","category-natura-ambiente","tag-belluno","tag-dolomiti"],"yoast_head":"<!-- This site is optimized with the Yoast SEO plugin v28.4 - https:\/\/yoast.com\/product\/yoast-seo-wordpress\/ -->\n<title>Miniera Val Fassoia, la Regione conferma di stare dalla parte del territorio. Soddisfazione del presidente del Comitato Col del Roro Paolo Di Natale  - Bellunopress - Dolomiti<\/title>\n<meta name=\"robots\" content=\"index, follow, max-snippet:-1, max-image-preview:large, max-video-preview:-1\" \/>\n<link rel=\"canonical\" href=\"https:\/\/www.bellunopress.it\/fr\/2009\/07\/29\/miniera-val-fassoia-la-regione-conferma-di-stare-dalla-parte-del-territorio\/\" \/>\n<meta property=\"og:locale\" content=\"fr_FR\" \/>\n<meta property=\"og:type\" content=\"article\" \/>\n<meta property=\"og:title\" content=\"Miniera Val Fassoia, la Regione conferma di stare dalla parte del territorio. Soddisfazione del presidente del Comitato Col del Roro Paolo Di Natale  - Bellunopress - Dolomiti\" \/>\n<meta property=\"og:description\" content=\"La Giunta regionale, nella seduta di ieri (marted\u00ec 28), ha deliberato la costituzione della Regione Veneto nel contenzioso che pende da anni avanti il Tar del Veneto per l\u2019apertura della miniera di sali magnesiaci \u201cVal Fassoia\u201d in comune di Alano di Piave. Il ricorso era stato presentato dalla ditta Enrico Tormena contro il provvedimento con [&hellip;]\" \/>\n<meta property=\"og:url\" content=\"https:\/\/www.bellunopress.it\/fr\/2009\/07\/29\/miniera-val-fassoia-la-regione-conferma-di-stare-dalla-parte-del-territorio\/\" \/>\n<meta property=\"og:site_name\" content=\"Bellunopress - Dolomiti\" \/>\n<meta property=\"article:publisher\" content=\"https:\/\/www.facebook.com\/profile.php?id=100008943462799\" \/>\n<meta property=\"article:published_time\" content=\"2009-07-29T14:48:13+00:00\" \/>\n<meta property=\"article:modified_time\" content=\"2009-07-29T19:36:34+00:00\" \/>\n<meta property=\"og:image\" content=\"http:\/\/www.bellunopress.it\/wp-content\/uploads\/2009\/07\/no-miniera-comitato-col-del-roro-alano-di-piav.jpg\" \/>\n<meta name=\"author\" content=\"redazione\" \/>\n<meta name=\"twitter:card\" content=\"summary_large_image\" \/>\n<meta name=\"twitter:creator\" content=\"@bellunopress\" \/>\n<meta name=\"twitter:site\" content=\"@bellunopress\" \/>\n<meta name=\"twitter:label1\" content=\"Written by\" \/>\n\t<meta name=\"twitter:data1\" content=\"redazione\" \/>\n\t<meta name=\"twitter:label2\" content=\"Est. reading time\" \/>\n\t<meta name=\"twitter:data2\" content=\"3 minutes\" \/>\n<script type=\"application\/ld+json\" class=\"yoast-schema-graph\">{\"@context\":\"https:\\\/\\\/schema.org\",\"@graph\":[{\"@type\":\"Article\",\"@id\":\"https:\\\/\\\/www.bellunopress.it\\\/2009\\\/07\\\/29\\\/miniera-val-fassoia-la-regione-conferma-di-stare-dalla-parte-del-territorio\\\/#article\",\"isPartOf\":{\"@id\":\"https:\\\/\\\/www.bellunopress.it\\\/2009\\\/07\\\/29\\\/miniera-val-fassoia-la-regione-conferma-di-stare-dalla-parte-del-territorio\\\/\"},\"author\":{\"name\":\"redazione\",\"@id\":\"https:\\\/\\\/www.bellunopress.it\\\/#\\\/schema\\\/person\\\/79bb06722b37ece1c03d3e94beb30d73\"},\"headline\":\"Miniera Val Fassoia, la Regione conferma di stare dalla parte del territorio. Soddisfazione del presidente del Comitato Col del Roro Paolo Di Natale\",\"datePublished\":\"2009-07-29T14:48:13+00:00\",\"dateModified\":\"2009-07-29T19:36:34+00:00\",\"mainEntityOfPage\":{\"@id\":\"https:\\\/\\\/www.bellunopress.it\\\/2009\\\/07\\\/29\\\/miniera-val-fassoia-la-regione-conferma-di-stare-dalla-parte-del-territorio\\\/\"},\"wordCount\":558,\"publisher\":{\"@id\":\"https:\\\/\\\/www.bellunopress.it\\\/#organization\"},\"image\":{\"@id\":\"https:\\\/\\\/www.bellunopress.it\\\/2009\\\/07\\\/29\\\/miniera-val-fassoia-la-regione-conferma-di-stare-dalla-parte-del-territorio\\\/#primaryimage\"},\"thumbnailUrl\":\"http:\\\/\\\/www.bellunopress.it\\\/wp-content\\\/uploads\\\/2009\\\/07\\\/no-miniera-comitato-col-del-roro-alano-di-piav.jpg\",\"keywords\":[\"Belluno\",\"Dolomiti\"],\"articleSection\":[\"Cronaca\\\/Politica\",\"Meteo, natura, ambiente, animali\"],\"inLanguage\":\"fr-FR\"},{\"@type\":\"WebPage\",\"@id\":\"https:\\\/\\\/www.bellunopress.it\\\/2009\\\/07\\\/29\\\/miniera-val-fassoia-la-regione-conferma-di-stare-dalla-parte-del-territorio\\\/\",\"url\":\"https:\\\/\\\/www.bellunopress.it\\\/2009\\\/07\\\/29\\\/miniera-val-fassoia-la-regione-conferma-di-stare-dalla-parte-del-territorio\\\/\",\"name\":\"Miniera Val Fassoia, la Regione conferma di stare dalla parte del territorio. Soddisfazione del presidente del Comitato Col del Roro Paolo Di Natale - Bellunopress - Dolomiti\",\"isPartOf\":{\"@id\":\"https:\\\/\\\/www.bellunopress.it\\\/#website\"},\"primaryImageOfPage\":{\"@id\":\"https:\\\/\\\/www.bellunopress.it\\\/2009\\\/07\\\/29\\\/miniera-val-fassoia-la-regione-conferma-di-stare-dalla-parte-del-territorio\\\/#primaryimage\"},\"image\":{\"@id\":\"https:\\\/\\\/www.bellunopress.it\\\/2009\\\/07\\\/29\\\/miniera-val-fassoia-la-regione-conferma-di-stare-dalla-parte-del-territorio\\\/#primaryimage\"},\"thumbnailUrl\":\"http:\\\/\\\/www.bellunopress.it\\\/wp-content\\\/uploads\\\/2009\\\/07\\\/no-miniera-comitato-col-del-roro-alano-di-piav.jpg\",\"datePublished\":\"2009-07-29T14:48:13+00:00\",\"dateModified\":\"2009-07-29T19:36:34+00:00\",\"breadcrumb\":{\"@id\":\"https:\\\/\\\/www.bellunopress.it\\\/2009\\\/07\\\/29\\\/miniera-val-fassoia-la-regione-conferma-di-stare-dalla-parte-del-territorio\\\/#breadcrumb\"},\"inLanguage\":\"fr-FR\",\"potentialAction\":[{\"@type\":\"ReadAction\",\"target\":[\"https:\\\/\\\/www.bellunopress.it\\\/2009\\\/07\\\/29\\\/miniera-val-fassoia-la-regione-conferma-di-stare-dalla-parte-del-territorio\\\/\"]}]},{\"@type\":\"ImageObject\",\"inLanguage\":\"fr-FR\",\"@id\":\"https:\\\/\\\/www.bellunopress.it\\\/2009\\\/07\\\/29\\\/miniera-val-fassoia-la-regione-conferma-di-stare-dalla-parte-del-territorio\\\/#primaryimage\",\"url\":\"http:\\\/\\\/www.bellunopress.it\\\/wp-content\\\/uploads\\\/2009\\\/07\\\/no-miniera-comitato-col-del-roro-alano-di-piav.jpg\",\"contentUrl\":\"http:\\\/\\\/www.bellunopress.it\\\/wp-content\\\/uploads\\\/2009\\\/07\\\/no-miniera-comitato-col-del-roro-alano-di-piav.jpg\"},{\"@type\":\"BreadcrumbList\",\"@id\":\"https:\\\/\\\/www.bellunopress.it\\\/2009\\\/07\\\/29\\\/miniera-val-fassoia-la-regione-conferma-di-stare-dalla-parte-del-territorio\\\/#breadcrumb\",\"itemListElement\":[{\"@type\":\"ListItem\",\"position\":1,\"name\":\"Home\",\"item\":\"https:\\\/\\\/www.bellunopress.it\\\/\"},{\"@type\":\"ListItem\",\"position\":2,\"name\":\"Miniera Val Fassoia, la Regione conferma di stare dalla parte del territorio. Soddisfazione del presidente del Comitato Col del Roro Paolo Di Natale\"}]},{\"@type\":\"WebSite\",\"@id\":\"https:\\\/\\\/www.bellunopress.it\\\/#website\",\"url\":\"https:\\\/\\\/www.bellunopress.it\\\/\",\"name\":\"Bellunopress - Dolomiti\",\"description\":\"e-mail: redazione@bellunopress.it\",\"publisher\":{\"@id\":\"https:\\\/\\\/www.bellunopress.it\\\/#organization\"},\"potentialAction\":[{\"@type\":\"SearchAction\",\"target\":{\"@type\":\"EntryPoint\",\"urlTemplate\":\"https:\\\/\\\/www.bellunopress.it\\\/?s={search_term_string}\"},\"query-input\":{\"@type\":\"PropertyValueSpecification\",\"valueRequired\":true,\"valueName\":\"search_term_string\"}}],\"inLanguage\":\"fr-FR\"},{\"@type\":\"Organization\",\"@id\":\"https:\\\/\\\/www.bellunopress.it\\\/#organization\",\"name\":\"Bellunopress\",\"url\":\"https:\\\/\\\/www.bellunopress.it\\\/\",\"logo\":{\"@type\":\"ImageObject\",\"inLanguage\":\"fr-FR\",\"@id\":\"https:\\\/\\\/www.bellunopress.it\\\/#\\\/schema\\\/logo\\\/image\\\/\",\"url\":\"https:\\\/\\\/www.bellunopress.it\\\/wp-content\\\/uploads\\\/2011\\\/05\\\/cropped-logo-bellunopress-.jpg\",\"contentUrl\":\"https:\\\/\\\/www.bellunopress.it\\\/wp-content\\\/uploads\\\/2011\\\/05\\\/cropped-logo-bellunopress-.jpg\",\"width\":512,\"height\":512,\"caption\":\"Bellunopress\"},\"image\":{\"@id\":\"https:\\\/\\\/www.bellunopress.it\\\/#\\\/schema\\\/logo\\\/image\\\/\"},\"sameAs\":[\"https:\\\/\\\/www.facebook.com\\\/profile.php?id=100008943462799\",\"https:\\\/\\\/x.com\\\/bellunopress\",\"https:\\\/\\\/www.linkedin.com\\\/hp\\\/?dnr=JBzUWaJfMUw8vbXJJ2tVW5-I3jZKvC4wsoxE&amp;amp;amp;amp;amp;amp;trk=nav_responsive_tab_home\",\"https:\\\/\\\/www.youtube.com\\\/channel\\\/UCxL0wu1uN0_3_7hGG0306cw\"]},{\"@type\":\"Person\",\"@id\":\"https:\\\/\\\/www.bellunopress.it\\\/#\\\/schema\\\/person\\\/79bb06722b37ece1c03d3e94beb30d73\",\"name\":\"redazione\",\"image\":{\"@type\":\"ImageObject\",\"inLanguage\":\"fr-FR\",\"@id\":\"https:\\\/\\\/secure.gravatar.com\\\/avatar\\\/37d968a2e67a6fd04c169c4bdef102d0bc5d31b2546345219e348575eb80e9a0?s=96&d=mm&r=g\",\"url\":\"https:\\\/\\\/secure.gravatar.com\\\/avatar\\\/37d968a2e67a6fd04c169c4bdef102d0bc5d31b2546345219e348575eb80e9a0?s=96&d=mm&r=g\",\"contentUrl\":\"https:\\\/\\\/secure.gravatar.com\\\/avatar\\\/37d968a2e67a6fd04c169c4bdef102d0bc5d31b2546345219e348575eb80e9a0?s=96&d=mm&r=g\",\"caption\":\"redazione\"},\"sameAs\":[\"http:\\\/\\\/www.bellunopress.it\",\"https:\\\/\\\/x.com\\\/bellunopress\"],\"url\":\"https:\\\/\\\/www.bellunopress.it\\\/fr\\\/author\\\/redazione\\\/\"}]}<\/script>\n<!-- \/ Yoast SEO plugin. -->","yoast_head_json":{"title":"Miniera Val Fassoia, la Regione conferma di stare dalla parte del territorio. Soddisfazione del presidente del Comitato Col del Roro Paolo Di Natale  - Bellunopress - Dolomiti","robots":{"index":"index","follow":"follow","max-snippet":"max-snippet:-1","max-image-preview":"max-image-preview:large","max-video-preview":"max-video-preview:-1"},"canonical":"https:\/\/www.bellunopress.it\/fr\/2009\/07\/29\/miniera-val-fassoia-la-regione-conferma-di-stare-dalla-parte-del-territorio\/","og_locale":"fr_FR","og_type":"article","og_title":"Miniera Val Fassoia, la Regione conferma di stare dalla parte del territorio. Soddisfazione del presidente del Comitato Col del Roro Paolo Di Natale  - Bellunopress - Dolomiti","og_description":"La Giunta regionale, nella seduta di ieri (marted\u00ec 28), ha deliberato la costituzione della Regione Veneto nel contenzioso che pende da anni avanti il Tar del Veneto per l\u2019apertura della miniera di sali magnesiaci \u201cVal Fassoia\u201d in comune di Alano di Piave. Il ricorso era stato presentato dalla ditta Enrico Tormena contro il provvedimento con [&hellip;]","og_url":"https:\/\/www.bellunopress.it\/fr\/2009\/07\/29\/miniera-val-fassoia-la-regione-conferma-di-stare-dalla-parte-del-territorio\/","og_site_name":"Bellunopress - Dolomiti","article_publisher":"https:\/\/www.facebook.com\/profile.php?id=100008943462799","article_published_time":"2009-07-29T14:48:13+00:00","article_modified_time":"2009-07-29T19:36:34+00:00","og_image":[{"url":"http:\/\/www.bellunopress.it\/wp-content\/uploads\/2009\/07\/no-miniera-comitato-col-del-roro-alano-di-piav.jpg","type":"","width":"","height":""}],"author":"redazione","twitter_card":"summary_large_image","twitter_creator":"@bellunopress","twitter_site":"@bellunopress","twitter_misc":{"Written by":"redazione","Est. reading time":"3 minutes"},"schema":{"@context":"https:\/\/schema.org","@graph":[{"@type":"Article","@id":"https:\/\/www.bellunopress.it\/2009\/07\/29\/miniera-val-fassoia-la-regione-conferma-di-stare-dalla-parte-del-territorio\/#article","isPartOf":{"@id":"https:\/\/www.bellunopress.it\/2009\/07\/29\/miniera-val-fassoia-la-regione-conferma-di-stare-dalla-parte-del-territorio\/"},"author":{"name":"redazione","@id":"https:\/\/www.bellunopress.it\/#\/schema\/person\/79bb06722b37ece1c03d3e94beb30d73"},"headline":"Miniera Val Fassoia, la Regione conferma di stare dalla parte del territorio. Soddisfazione del presidente del Comitato Col del Roro Paolo Di Natale","datePublished":"2009-07-29T14:48:13+00:00","dateModified":"2009-07-29T19:36:34+00:00","mainEntityOfPage":{"@id":"https:\/\/www.bellunopress.it\/2009\/07\/29\/miniera-val-fassoia-la-regione-conferma-di-stare-dalla-parte-del-territorio\/"},"wordCount":558,"publisher":{"@id":"https:\/\/www.bellunopress.it\/#organization"},"image":{"@id":"https:\/\/www.bellunopress.it\/2009\/07\/29\/miniera-val-fassoia-la-regione-conferma-di-stare-dalla-parte-del-territorio\/#primaryimage"},"thumbnailUrl":"http:\/\/www.bellunopress.it\/wp-content\/uploads\/2009\/07\/no-miniera-comitato-col-del-roro-alano-di-piav.jpg","keywords":["Belluno","Dolomiti"],"articleSection":["Cronaca\/Politica","Meteo, natura, ambiente, animali"],"inLanguage":"fr-FR"},{"@type":"WebPage","@id":"https:\/\/www.bellunopress.it\/2009\/07\/29\/miniera-val-fassoia-la-regione-conferma-di-stare-dalla-parte-del-territorio\/","url":"https:\/\/www.bellunopress.it\/2009\/07\/29\/miniera-val-fassoia-la-regione-conferma-di-stare-dalla-parte-del-territorio\/","name":"Miniera Val Fassoia, la Regione conferma di stare dalla parte del territorio. Soddisfazione del presidente del Comitato Col del Roro Paolo Di Natale - Bellunopress - Dolomiti","isPartOf":{"@id":"https:\/\/www.bellunopress.it\/#website"},"primaryImageOfPage":{"@id":"https:\/\/www.bellunopress.it\/2009\/07\/29\/miniera-val-fassoia-la-regione-conferma-di-stare-dalla-parte-del-territorio\/#primaryimage"},"image":{"@id":"https:\/\/www.bellunopress.it\/2009\/07\/29\/miniera-val-fassoia-la-regione-conferma-di-stare-dalla-parte-del-territorio\/#primaryimage"},"thumbnailUrl":"http:\/\/www.bellunopress.it\/wp-content\/uploads\/2009\/07\/no-miniera-comitato-col-del-roro-alano-di-piav.jpg","datePublished":"2009-07-29T14:48:13+00:00","dateModified":"2009-07-29T19:36:34+00:00","breadcrumb":{"@id":"https:\/\/www.bellunopress.it\/2009\/07\/29\/miniera-val-fassoia-la-regione-conferma-di-stare-dalla-parte-del-territorio\/#breadcrumb"},"inLanguage":"fr-FR","potentialAction":[{"@type":"ReadAction","target":["https:\/\/www.bellunopress.it\/2009\/07\/29\/miniera-val-fassoia-la-regione-conferma-di-stare-dalla-parte-del-territorio\/"]}]},{"@type":"ImageObject","inLanguage":"fr-FR","@id":"https:\/\/www.bellunopress.it\/2009\/07\/29\/miniera-val-fassoia-la-regione-conferma-di-stare-dalla-parte-del-territorio\/#primaryimage","url":"http:\/\/www.bellunopress.it\/wp-content\/uploads\/2009\/07\/no-miniera-comitato-col-del-roro-alano-di-piav.jpg","contentUrl":"http:\/\/www.bellunopress.it\/wp-content\/uploads\/2009\/07\/no-miniera-comitato-col-del-roro-alano-di-piav.jpg"},{"@type":"BreadcrumbList","@id":"https:\/\/www.bellunopress.it\/2009\/07\/29\/miniera-val-fassoia-la-regione-conferma-di-stare-dalla-parte-del-territorio\/#breadcrumb","itemListElement":[{"@type":"ListItem","position":1,"name":"Home","item":"https:\/\/www.bellunopress.it\/"},{"@type":"ListItem","position":2,"name":"Miniera Val Fassoia, la Regione conferma di stare dalla parte del territorio. Soddisfazione del presidente del Comitato Col del Roro Paolo Di Natale"}]},{"@type":"WebSite","@id":"https:\/\/www.bellunopress.it\/#website","url":"https:\/\/www.bellunopress.it\/","name":"Bellunopress - Dolomiti","description":"e-mail: redazione@bellunopress.it","publisher":{"@id":"https:\/\/www.bellunopress.it\/#organization"},"potentialAction":[{"@type":"SearchAction","target":{"@type":"EntryPoint","urlTemplate":"https:\/\/www.bellunopress.it\/?s={search_term_string}"},"query-input":{"@type":"PropertyValueSpecification","valueRequired":true,"valueName":"search_term_string"}}],"inLanguage":"fr-FR"},{"@type":"Organization","@id":"https:\/\/www.bellunopress.it\/#organization","name":"Bellunopress","url":"https:\/\/www.bellunopress.it\/","logo":{"@type":"ImageObject","inLanguage":"fr-FR","@id":"https:\/\/www.bellunopress.it\/#\/schema\/logo\/image\/","url":"https:\/\/www.bellunopress.it\/wp-content\/uploads\/2011\/05\/cropped-logo-bellunopress-.jpg","contentUrl":"https:\/\/www.bellunopress.it\/wp-content\/uploads\/2011\/05\/cropped-logo-bellunopress-.jpg","width":512,"height":512,"caption":"Bellunopress"},"image":{"@id":"https:\/\/www.bellunopress.it\/#\/schema\/logo\/image\/"},"sameAs":["https:\/\/www.facebook.com\/profile.php?id=100008943462799","https:\/\/x.com\/bellunopress","https:\/\/www.linkedin.com\/hp\/?dnr=JBzUWaJfMUw8vbXJJ2tVW5-I3jZKvC4wsoxE&amp;amp;amp;amp;amp;amp;trk=nav_responsive_tab_home","https:\/\/www.youtube.com\/channel\/UCxL0wu1uN0_3_7hGG0306cw"]},{"@type":"Person","@id":"https:\/\/www.bellunopress.it\/#\/schema\/person\/79bb06722b37ece1c03d3e94beb30d73","name":"r\u00e9daction","image":{"@type":"ImageObject","inLanguage":"fr-FR","@id":"https:\/\/secure.gravatar.com\/avatar\/37d968a2e67a6fd04c169c4bdef102d0bc5d31b2546345219e348575eb80e9a0?s=96&d=mm&r=g","url":"https:\/\/secure.gravatar.com\/avatar\/37d968a2e67a6fd04c169c4bdef102d0bc5d31b2546345219e348575eb80e9a0?s=96&d=mm&r=g","contentUrl":"https:\/\/secure.gravatar.com\/avatar\/37d968a2e67a6fd04c169c4bdef102d0bc5d31b2546345219e348575eb80e9a0?s=96&d=mm&r=g","caption":"redazione"},"sameAs":["http:\/\/www.bellunopress.it","https:\/\/x.com\/bellunopress"],"url":"https:\/\/www.bellunopress.it\/fr\/author\/redazione\/"}]}},"_links":{"self":[{"href":"https:\/\/www.bellunopress.it\/fr\/wp-json\/wp\/v2\/posts\/6490","targetHints":{"allow":["GET"]}}],"collection":[{"href":"https:\/\/www.bellunopress.it\/fr\/wp-json\/wp\/v2\/posts"}],"about":[{"href":"https:\/\/www.bellunopress.it\/fr\/wp-json\/wp\/v2\/types\/post"}],"author":[{"embeddable":true,"href":"https:\/\/www.bellunopress.it\/fr\/wp-json\/wp\/v2\/users\/2"}],"replies":[{"embeddable":true,"href":"https:\/\/www.bellunopress.it\/fr\/wp-json\/wp\/v2\/comments?post=6490"}],"version-history":[{"count":7,"href":"https:\/\/www.bellunopress.it\/fr\/wp-json\/wp\/v2\/posts\/6490\/revisions"}],"predecessor-version":[{"id":6494,"href":"https:\/\/www.bellunopress.it\/fr\/wp-json\/wp\/v2\/posts\/6490\/revisions\/6494"}],"wp:attachment":[{"href":"https:\/\/www.bellunopress.it\/fr\/wp-json\/wp\/v2\/media?parent=6490"}],"wp:term":[{"taxonomy":"category","embeddable":true,"href":"https:\/\/www.bellunopress.it\/fr\/wp-json\/wp\/v2\/categories?post=6490"},{"taxonomy":"post_tag","embeddable":true,"href":"https:\/\/www.bellunopress.it\/fr\/wp-json\/wp\/v2\/tags?post=6490"}],"curies":[{"name":"wp","href":"https:\/\/api.w.org\/{rel}","templated":true}]}}