{"id":6488,"date":"2009-07-29T15:33:22","date_gmt":"2009-07-29T14:33:22","guid":{"rendered":"http:\/\/www.bellunopress.it\/?p=6488"},"modified":"2009-07-29T15:33:22","modified_gmt":"2009-07-29T14:33:22","slug":"farra-dalpago-la-settimana-dello-sport-amico-con-i-campioni-olimpionici-della-nico","status":"publish","type":"post","link":"https:\/\/www.bellunopress.it\/fr\/2009\/07\/29\/farra-dalpago-la-settimana-dello-sport-amico-con-i-campioni-olimpionici-della-nico\/","title":{"rendered":"Farra d&#8217;Alpago: la settimana dello Sport amico, con i campioni olimpionici della Nico"},"content":{"rendered":"<p><a href=\"http:\/\/www.bellunopress.it\/wp-content\/uploads\/2009\/04\/lago-santa-croce-leggera.jpg\"><img loading=\"lazy\" decoding=\"async\" class=\"alignleft size-medium wp-image-3002\" title=\"lago-santa-croce-leggera\" src=\"http:\/\/www.bellunopress.it\/wp-content\/uploads\/2009\/04\/lago-santa-croce-leggera.jpg\" alt=\"\" width=\"280\" height=\"210\" \/><\/a>La suggestiva cornice di Farra d&#8217;Alpago, lungo le sponde del Lago di Santa Croce, ospiter\u00e0 dal 3 all&#8217; 9 agosto 2009 La settimana dello sport amico, manifestazione a scopo benefico organizzata dal Comitato Alpago 2 ruote e solidariet\u00e0,\u00a0 dall&#8217; Amministrazione e dalle Associazioni di Farra. Tre giorni di incontri e dibattiti che culmineranno domenica 9 agosto 2009 con la Partita del Cuore, ideata in collaborazione con la NICO \u2013 Nazionale Italiana Campioni Olimpionici. Scopo fondamentale della manifestazione rimane la raccolta di fondi che saranno interamente devoluti a Casa Tua Due di Belluno, la struttura dedicata ai malati di cancro inguaribili che necessitano di protezione e assistenza continua. L\u2019Hospice, ricreando gli ambienti e l\u2019atmosfera di casa, unitamente alla sicurezza di una struttura sanitaria moderna,\u00a0 consente ai pazienti di condurre una vita normale assieme ai propri familiari. La Nazionale Italiana Campioni Olimpionici \u00e8 una squadra composta non solo da campioni dello sport, in particolare olimpionici, ma anche da personaggi dello spettacolo e del giornalismo. Finalit\u00e0 del sodalizio \u00e8 quella di organizzare eventi sportivi per raccogliere fondi da destinare ad associazioni ed enti di beneficenza. Tutto ha avuto inizio quando Maurizio Stecca, campione olimpionico di pugilato, ha scoperto di essere affetto da Emoglobinuria Parossistica Notturna, rara forma di leucemia purtroppo incurabile. Colleghi ed amici di Maurizio, venuti a conoscenza della sua malattia, hanno dato vita a una squadra di calcio con lo scopo trovare fondi per la ricerca e per aiutare i malati a fronteggiare l&#8217;ENP. Alcuni campioni sono gi\u00e0 stati in Alpago, lo scorso anno, per la consueta manifestazione del Giro del Lago di S. Croce e, a loro dire, sono rimasti assolutamente entusiasti del territorio e dell\u2019accoglienza. Durante le tre serate a Farra d&#8217;Alpago, presentate da Maudi de March, Mauro Munaro e Gianluca dal Borgo, atleti e giornalisti appartenenti alla NICO incontreranno, presso la palestra comunale, la popolazione e i rappresentanti di associazioni benefiche locali, discutendo con loro della possibilit\u00e0 di avvicinare lo sport alla solidariet\u00e0 in un&#8217;unione vincente. Il primo dibattito \u00e8 dedicato allo Sport come palestra di vita per i giovani e si terr\u00e0 luned\u00ec 3 agosto 2009, alle ore 21: ospite della serata Claudio Desolati, ex calciatore della Fiorentina e odierno allenatore della Squadra Calcio Desolati di Firenze. Mercoled\u00ec 5 agosto 2009, alle ore 21, Franco Ligas, giornalista di Mediaset, tratter\u00e0 il tema I grandi dello sport e il volontariato, mentre sabato 8 agosto, sempre alle ore 21, il pluricampione olimpico di lotta greco-romana Vincenzo Maenza presenter\u00e0 la sua biografia Cuore di Pollicino, con la partecipazione dell&#8217;autore e dell&#8217;editore Andrea Bacci. L&#8217;evento sicuramente pi\u00f9 eccitante ed interessante \u00e8 la Partita del Cuore, che si svolger\u00e0 domenica 9 agosto 2009, alle ore 16, presso l&#8217;Impianto Sportivo Bortolo Canevini di Farra d&#8217;Alpago. Sar\u00e0 una triangolare di calcio fra la Selezione NICO, la selezione degli Amministratori dell\u2019intero Alpago e la selezione dei Giornalisti Bellunesi. Per l&#8217;occasione, oltre a Claudio Desolati, Franco Ligas e Vincenzo Maenza, militeranno nella squadra NICO anche Loris Stecca, ex pugile campione mondiale dei pesi supergallo, Marco Gori, ex calciatore di Fiorentina e Ascoli, Mattia Nalesso, nuotatore olimpionico ai Giochi di Pechino 2008, Lorenzo Amoruso, ex calciatore di Fiorentina e Glasgow Rangers, e Patrizio Kalambay, ex pugile campione mondiale di pesi medi.<br \/>\nPer informazioni:<br \/>\nComune di Farra: 0437 430318<br \/>\n<a href=\"http:\/\/www.2ruotealpago.it\">www.2ruotealpago.it<\/a><\/p>","protected":false},"excerpt":{"rendered":"<p>La suggestiva cornice di Farra d&#8217;Alpago, lungo le sponde del Lago di Santa Croce, ospiter\u00e0 dal 3 all&#8217; 9 agosto 2009 La settimana dello sport amico, manifestazione a scopo benefico organizzata dal Comitato Alpago 2 ruote e solidariet\u00e0,\u00a0 dall&#8217; Amministrazione e dalle Associazioni di Farra. Tre giorni di incontri e dibattiti che culmineranno domenica 9 [&hellip;]<\/p>\n","protected":false},"author":2,"featured_media":0,"comment_status":"closed","ping_status":"open","sticky":false,"template":"","format":"standard","meta":{"footnotes":""},"categories":[25,4],"tags":[139],"class_list":["post-6488","post","type-post","status-publish","format-standard","category-pausa-caffe","category-sport","tag-belluno"],"yoast_head":"<!-- This site is optimized with the Yoast SEO plugin v28.4 - https:\/\/yoast.com\/product\/yoast-seo-wordpress\/ -->\n<title>Farra d&#039;Alpago: la settimana dello Sport amico, con i campioni olimpionici della Nico  - Bellunopress - Dolomiti<\/title>\n<meta name=\"robots\" content=\"index, follow, max-snippet:-1, max-image-preview:large, max-video-preview:-1\" \/>\n<link rel=\"canonical\" href=\"https:\/\/www.bellunopress.it\/fr\/2009\/07\/29\/farra-dalpago-la-settimana-dello-sport-amico-con-i-campioni-olimpionici-della-nico\/\" \/>\n<meta property=\"og:locale\" content=\"fr_FR\" \/>\n<meta property=\"og:type\" content=\"article\" \/>\n<meta property=\"og:title\" content=\"Farra d&#039;Alpago: la settimana dello Sport amico, con i campioni olimpionici della Nico  - Bellunopress - Dolomiti\" \/>\n<meta property=\"og:description\" content=\"La suggestiva cornice di Farra d&#8217;Alpago, lungo le sponde del Lago di Santa Croce, ospiter\u00e0 dal 3 all&#8217; 9 agosto 2009 La settimana dello sport amico, manifestazione a scopo benefico organizzata dal Comitato Alpago 2 ruote e solidariet\u00e0,\u00a0 dall&#8217; Amministrazione e dalle Associazioni di Farra. Tre giorni di incontri e dibattiti che culmineranno domenica 9 [&hellip;]\" \/>\n<meta property=\"og:url\" content=\"https:\/\/www.bellunopress.it\/fr\/2009\/07\/29\/farra-dalpago-la-settimana-dello-sport-amico-con-i-campioni-olimpionici-della-nico\/\" \/>\n<meta property=\"og:site_name\" content=\"Bellunopress - Dolomiti\" \/>\n<meta property=\"article:publisher\" content=\"https:\/\/www.facebook.com\/profile.php?id=100008943462799\" \/>\n<meta property=\"article:published_time\" content=\"2009-07-29T14:33:22+00:00\" \/>\n<meta property=\"og:image\" content=\"http:\/\/www.bellunopress.it\/wp-content\/uploads\/2009\/04\/lago-santa-croce-leggera.jpg\" \/>\n<meta name=\"author\" content=\"redazione\" \/>\n<meta name=\"twitter:card\" content=\"summary_large_image\" \/>\n<meta name=\"twitter:creator\" content=\"@bellunopress\" \/>\n<meta name=\"twitter:site\" content=\"@bellunopress\" \/>\n<meta name=\"twitter:label1\" content=\"\u00c9crit par\" \/>\n\t<meta name=\"twitter:data1\" content=\"redazione\" \/>\n\t<meta name=\"twitter:label2\" content=\"Dur\u00e9e de lecture estim\u00e9e\" \/>\n\t<meta name=\"twitter:data2\" content=\"3 minutes\" \/>\n<script type=\"application\/ld+json\" class=\"yoast-schema-graph\">{\"@context\":\"https:\\\/\\\/schema.org\",\"@graph\":[{\"@type\":\"Article\",\"@id\":\"https:\\\/\\\/www.bellunopress.it\\\/2009\\\/07\\\/29\\\/farra-dalpago-la-settimana-dello-sport-amico-con-i-campioni-olimpionici-della-nico\\\/#article\",\"isPartOf\":{\"@id\":\"https:\\\/\\\/www.bellunopress.it\\\/2009\\\/07\\\/29\\\/farra-dalpago-la-settimana-dello-sport-amico-con-i-campioni-olimpionici-della-nico\\\/\"},\"author\":{\"name\":\"redazione\",\"@id\":\"https:\\\/\\\/www.bellunopress.it\\\/#\\\/schema\\\/person\\\/79bb06722b37ece1c03d3e94beb30d73\"},\"headline\":\"Farra d&#8217;Alpago: la settimana dello Sport amico, con i campioni olimpionici della Nico\",\"datePublished\":\"2009-07-29T14:33:22+00:00\",\"mainEntityOfPage\":{\"@id\":\"https:\\\/\\\/www.bellunopress.it\\\/2009\\\/07\\\/29\\\/farra-dalpago-la-settimana-dello-sport-amico-con-i-campioni-olimpionici-della-nico\\\/\"},\"wordCount\":547,\"publisher\":{\"@id\":\"https:\\\/\\\/www.bellunopress.it\\\/#organization\"},\"image\":{\"@id\":\"https:\\\/\\\/www.bellunopress.it\\\/2009\\\/07\\\/29\\\/farra-dalpago-la-settimana-dello-sport-amico-con-i-campioni-olimpionici-della-nico\\\/#primaryimage\"},\"thumbnailUrl\":\"http:\\\/\\\/www.bellunopress.it\\\/wp-content\\\/uploads\\\/2009\\\/04\\\/lago-santa-croce-leggera.jpg\",\"keywords\":[\"Belluno\"],\"articleSection\":[\"Pausa Caff\u00e8\",\"Sport, tempo libero\"],\"inLanguage\":\"fr-FR\"},{\"@type\":\"WebPage\",\"@id\":\"https:\\\/\\\/www.bellunopress.it\\\/2009\\\/07\\\/29\\\/farra-dalpago-la-settimana-dello-sport-amico-con-i-campioni-olimpionici-della-nico\\\/\",\"url\":\"https:\\\/\\\/www.bellunopress.it\\\/2009\\\/07\\\/29\\\/farra-dalpago-la-settimana-dello-sport-amico-con-i-campioni-olimpionici-della-nico\\\/\",\"name\":\"Farra d'Alpago: la settimana dello Sport amico, con i campioni olimpionici della Nico - Bellunopress - Dolomiti\",\"isPartOf\":{\"@id\":\"https:\\\/\\\/www.bellunopress.it\\\/#website\"},\"primaryImageOfPage\":{\"@id\":\"https:\\\/\\\/www.bellunopress.it\\\/2009\\\/07\\\/29\\\/farra-dalpago-la-settimana-dello-sport-amico-con-i-campioni-olimpionici-della-nico\\\/#primaryimage\"},\"image\":{\"@id\":\"https:\\\/\\\/www.bellunopress.it\\\/2009\\\/07\\\/29\\\/farra-dalpago-la-settimana-dello-sport-amico-con-i-campioni-olimpionici-della-nico\\\/#primaryimage\"},\"thumbnailUrl\":\"http:\\\/\\\/www.bellunopress.it\\\/wp-content\\\/uploads\\\/2009\\\/04\\\/lago-santa-croce-leggera.jpg\",\"datePublished\":\"2009-07-29T14:33:22+00:00\",\"breadcrumb\":{\"@id\":\"https:\\\/\\\/www.bellunopress.it\\\/2009\\\/07\\\/29\\\/farra-dalpago-la-settimana-dello-sport-amico-con-i-campioni-olimpionici-della-nico\\\/#breadcrumb\"},\"inLanguage\":\"fr-FR\",\"potentialAction\":[{\"@type\":\"ReadAction\",\"target\":[\"https:\\\/\\\/www.bellunopress.it\\\/2009\\\/07\\\/29\\\/farra-dalpago-la-settimana-dello-sport-amico-con-i-campioni-olimpionici-della-nico\\\/\"]}]},{\"@type\":\"ImageObject\",\"inLanguage\":\"fr-FR\",\"@id\":\"https:\\\/\\\/www.bellunopress.it\\\/2009\\\/07\\\/29\\\/farra-dalpago-la-settimana-dello-sport-amico-con-i-campioni-olimpionici-della-nico\\\/#primaryimage\",\"url\":\"http:\\\/\\\/www.bellunopress.it\\\/wp-content\\\/uploads\\\/2009\\\/04\\\/lago-santa-croce-leggera.jpg\",\"contentUrl\":\"http:\\\/\\\/www.bellunopress.it\\\/wp-content\\\/uploads\\\/2009\\\/04\\\/lago-santa-croce-leggera.jpg\"},{\"@type\":\"BreadcrumbList\",\"@id\":\"https:\\\/\\\/www.bellunopress.it\\\/2009\\\/07\\\/29\\\/farra-dalpago-la-settimana-dello-sport-amico-con-i-campioni-olimpionici-della-nico\\\/#breadcrumb\",\"itemListElement\":[{\"@type\":\"ListItem\",\"position\":1,\"name\":\"Home\",\"item\":\"https:\\\/\\\/www.bellunopress.it\\\/\"},{\"@type\":\"ListItem\",\"position\":2,\"name\":\"Farra d&#8217;Alpago: la settimana dello Sport amico, con i campioni olimpionici della Nico\"}]},{\"@type\":\"WebSite\",\"@id\":\"https:\\\/\\\/www.bellunopress.it\\\/#website\",\"url\":\"https:\\\/\\\/www.bellunopress.it\\\/\",\"name\":\"Bellunopress - Dolomiti\",\"description\":\"e-mail: redazione@bellunopress.it\",\"publisher\":{\"@id\":\"https:\\\/\\\/www.bellunopress.it\\\/#organization\"},\"potentialAction\":[{\"@type\":\"SearchAction\",\"target\":{\"@type\":\"EntryPoint\",\"urlTemplate\":\"https:\\\/\\\/www.bellunopress.it\\\/?s={search_term_string}\"},\"query-input\":{\"@type\":\"PropertyValueSpecification\",\"valueRequired\":true,\"valueName\":\"search_term_string\"}}],\"inLanguage\":\"fr-FR\"},{\"@type\":\"Organization\",\"@id\":\"https:\\\/\\\/www.bellunopress.it\\\/#organization\",\"name\":\"Bellunopress\",\"url\":\"https:\\\/\\\/www.bellunopress.it\\\/\",\"logo\":{\"@type\":\"ImageObject\",\"inLanguage\":\"fr-FR\",\"@id\":\"https:\\\/\\\/www.bellunopress.it\\\/#\\\/schema\\\/logo\\\/image\\\/\",\"url\":\"https:\\\/\\\/www.bellunopress.it\\\/wp-content\\\/uploads\\\/2011\\\/05\\\/cropped-logo-bellunopress-.jpg\",\"contentUrl\":\"https:\\\/\\\/www.bellunopress.it\\\/wp-content\\\/uploads\\\/2011\\\/05\\\/cropped-logo-bellunopress-.jpg\",\"width\":512,\"height\":512,\"caption\":\"Bellunopress\"},\"image\":{\"@id\":\"https:\\\/\\\/www.bellunopress.it\\\/#\\\/schema\\\/logo\\\/image\\\/\"},\"sameAs\":[\"https:\\\/\\\/www.facebook.com\\\/profile.php?id=100008943462799\",\"https:\\\/\\\/x.com\\\/bellunopress\",\"https:\\\/\\\/www.linkedin.com\\\/hp\\\/?dnr=JBzUWaJfMUw8vbXJJ2tVW5-I3jZKvC4wsoxE&amp;amp;amp;amp;amp;amp;trk=nav_responsive_tab_home\",\"https:\\\/\\\/www.youtube.com\\\/channel\\\/UCxL0wu1uN0_3_7hGG0306cw\"]},{\"@type\":\"Person\",\"@id\":\"https:\\\/\\\/www.bellunopress.it\\\/#\\\/schema\\\/person\\\/79bb06722b37ece1c03d3e94beb30d73\",\"name\":\"redazione\",\"image\":{\"@type\":\"ImageObject\",\"inLanguage\":\"fr-FR\",\"@id\":\"https:\\\/\\\/secure.gravatar.com\\\/avatar\\\/37d968a2e67a6fd04c169c4bdef102d0bc5d31b2546345219e348575eb80e9a0?s=96&d=mm&r=g\",\"url\":\"https:\\\/\\\/secure.gravatar.com\\\/avatar\\\/37d968a2e67a6fd04c169c4bdef102d0bc5d31b2546345219e348575eb80e9a0?s=96&d=mm&r=g\",\"contentUrl\":\"https:\\\/\\\/secure.gravatar.com\\\/avatar\\\/37d968a2e67a6fd04c169c4bdef102d0bc5d31b2546345219e348575eb80e9a0?s=96&d=mm&r=g\",\"caption\":\"redazione\"},\"sameAs\":[\"http:\\\/\\\/www.bellunopress.it\",\"https:\\\/\\\/x.com\\\/bellunopress\"],\"url\":\"https:\\\/\\\/www.bellunopress.it\\\/fr\\\/author\\\/redazione\\\/\"}]}<\/script>\n<!-- \/ Yoast SEO plugin. -->","yoast_head_json":{"title":"Farra d'Alpago: la settimana dello Sport amico, con i campioni olimpionici della Nico  - Bellunopress - Dolomiti","robots":{"index":"index","follow":"follow","max-snippet":"max-snippet:-1","max-image-preview":"max-image-preview:large","max-video-preview":"max-video-preview:-1"},"canonical":"https:\/\/www.bellunopress.it\/fr\/2009\/07\/29\/farra-dalpago-la-settimana-dello-sport-amico-con-i-campioni-olimpionici-della-nico\/","og_locale":"fr_FR","og_type":"article","og_title":"Farra d'Alpago: la settimana dello Sport amico, con i campioni olimpionici della Nico  - Bellunopress - Dolomiti","og_description":"La suggestiva cornice di Farra d&#8217;Alpago, lungo le sponde del Lago di Santa Croce, ospiter\u00e0 dal 3 all&#8217; 9 agosto 2009 La settimana dello sport amico, manifestazione a scopo benefico organizzata dal Comitato Alpago 2 ruote e solidariet\u00e0,\u00a0 dall&#8217; Amministrazione e dalle Associazioni di Farra. Tre giorni di incontri e dibattiti che culmineranno domenica 9 [&hellip;]","og_url":"https:\/\/www.bellunopress.it\/fr\/2009\/07\/29\/farra-dalpago-la-settimana-dello-sport-amico-con-i-campioni-olimpionici-della-nico\/","og_site_name":"Bellunopress - Dolomiti","article_publisher":"https:\/\/www.facebook.com\/profile.php?id=100008943462799","article_published_time":"2009-07-29T14:33:22+00:00","og_image":[{"url":"http:\/\/www.bellunopress.it\/wp-content\/uploads\/2009\/04\/lago-santa-croce-leggera.jpg","type":"","width":"","height":""}],"author":"redazione","twitter_card":"summary_large_image","twitter_creator":"@bellunopress","twitter_site":"@bellunopress","twitter_misc":{"\u00c9crit par":"redazione","Dur\u00e9e de lecture estim\u00e9e":"3 minutes"},"schema":{"@context":"https:\/\/schema.org","@graph":[{"@type":"Article","@id":"https:\/\/www.bellunopress.it\/2009\/07\/29\/farra-dalpago-la-settimana-dello-sport-amico-con-i-campioni-olimpionici-della-nico\/#article","isPartOf":{"@id":"https:\/\/www.bellunopress.it\/2009\/07\/29\/farra-dalpago-la-settimana-dello-sport-amico-con-i-campioni-olimpionici-della-nico\/"},"author":{"name":"redazione","@id":"https:\/\/www.bellunopress.it\/#\/schema\/person\/79bb06722b37ece1c03d3e94beb30d73"},"headline":"Farra d&#8217;Alpago: la settimana dello Sport amico, con i campioni olimpionici della Nico","datePublished":"2009-07-29T14:33:22+00:00","mainEntityOfPage":{"@id":"https:\/\/www.bellunopress.it\/2009\/07\/29\/farra-dalpago-la-settimana-dello-sport-amico-con-i-campioni-olimpionici-della-nico\/"},"wordCount":547,"publisher":{"@id":"https:\/\/www.bellunopress.it\/#organization"},"image":{"@id":"https:\/\/www.bellunopress.it\/2009\/07\/29\/farra-dalpago-la-settimana-dello-sport-amico-con-i-campioni-olimpionici-della-nico\/#primaryimage"},"thumbnailUrl":"http:\/\/www.bellunopress.it\/wp-content\/uploads\/2009\/04\/lago-santa-croce-leggera.jpg","keywords":["Belluno"],"articleSection":["Pausa Caff\u00e8","Sport, tempo libero"],"inLanguage":"fr-FR"},{"@type":"WebPage","@id":"https:\/\/www.bellunopress.it\/2009\/07\/29\/farra-dalpago-la-settimana-dello-sport-amico-con-i-campioni-olimpionici-della-nico\/","url":"https:\/\/www.bellunopress.it\/2009\/07\/29\/farra-dalpago-la-settimana-dello-sport-amico-con-i-campioni-olimpionici-della-nico\/","name":"Farra d'Alpago: la settimana dello Sport amico, con i campioni olimpionici della Nico - Bellunopress - Dolomiti","isPartOf":{"@id":"https:\/\/www.bellunopress.it\/#website"},"primaryImageOfPage":{"@id":"https:\/\/www.bellunopress.it\/2009\/07\/29\/farra-dalpago-la-settimana-dello-sport-amico-con-i-campioni-olimpionici-della-nico\/#primaryimage"},"image":{"@id":"https:\/\/www.bellunopress.it\/2009\/07\/29\/farra-dalpago-la-settimana-dello-sport-amico-con-i-campioni-olimpionici-della-nico\/#primaryimage"},"thumbnailUrl":"http:\/\/www.bellunopress.it\/wp-content\/uploads\/2009\/04\/lago-santa-croce-leggera.jpg","datePublished":"2009-07-29T14:33:22+00:00","breadcrumb":{"@id":"https:\/\/www.bellunopress.it\/2009\/07\/29\/farra-dalpago-la-settimana-dello-sport-amico-con-i-campioni-olimpionici-della-nico\/#breadcrumb"},"inLanguage":"fr-FR","potentialAction":[{"@type":"ReadAction","target":["https:\/\/www.bellunopress.it\/2009\/07\/29\/farra-dalpago-la-settimana-dello-sport-amico-con-i-campioni-olimpionici-della-nico\/"]}]},{"@type":"ImageObject","inLanguage":"fr-FR","@id":"https:\/\/www.bellunopress.it\/2009\/07\/29\/farra-dalpago-la-settimana-dello-sport-amico-con-i-campioni-olimpionici-della-nico\/#primaryimage","url":"http:\/\/www.bellunopress.it\/wp-content\/uploads\/2009\/04\/lago-santa-croce-leggera.jpg","contentUrl":"http:\/\/www.bellunopress.it\/wp-content\/uploads\/2009\/04\/lago-santa-croce-leggera.jpg"},{"@type":"BreadcrumbList","@id":"https:\/\/www.bellunopress.it\/2009\/07\/29\/farra-dalpago-la-settimana-dello-sport-amico-con-i-campioni-olimpionici-della-nico\/#breadcrumb","itemListElement":[{"@type":"ListItem","position":1,"name":"Home","item":"https:\/\/www.bellunopress.it\/"},{"@type":"ListItem","position":2,"name":"Farra d&#8217;Alpago: la settimana dello Sport amico, con i campioni olimpionici della Nico"}]},{"@type":"WebSite","@id":"https:\/\/www.bellunopress.it\/#website","url":"https:\/\/www.bellunopress.it\/","name":"Bellunopress - Dolomiti","description":"e-mail: redazione@bellunopress.it","publisher":{"@id":"https:\/\/www.bellunopress.it\/#organization"},"potentialAction":[{"@type":"SearchAction","target":{"@type":"EntryPoint","urlTemplate":"https:\/\/www.bellunopress.it\/?s={search_term_string}"},"query-input":{"@type":"PropertyValueSpecification","valueRequired":true,"valueName":"search_term_string"}}],"inLanguage":"fr-FR"},{"@type":"Organization","@id":"https:\/\/www.bellunopress.it\/#organization","name":"Bellunopress","url":"https:\/\/www.bellunopress.it\/","logo":{"@type":"ImageObject","inLanguage":"fr-FR","@id":"https:\/\/www.bellunopress.it\/#\/schema\/logo\/image\/","url":"https:\/\/www.bellunopress.it\/wp-content\/uploads\/2011\/05\/cropped-logo-bellunopress-.jpg","contentUrl":"https:\/\/www.bellunopress.it\/wp-content\/uploads\/2011\/05\/cropped-logo-bellunopress-.jpg","width":512,"height":512,"caption":"Bellunopress"},"image":{"@id":"https:\/\/www.bellunopress.it\/#\/schema\/logo\/image\/"},"sameAs":["https:\/\/www.facebook.com\/profile.php?id=100008943462799","https:\/\/x.com\/bellunopress","https:\/\/www.linkedin.com\/hp\/?dnr=JBzUWaJfMUw8vbXJJ2tVW5-I3jZKvC4wsoxE&amp;amp;amp;amp;amp;amp;trk=nav_responsive_tab_home","https:\/\/www.youtube.com\/channel\/UCxL0wu1uN0_3_7hGG0306cw"]},{"@type":"Person","@id":"https:\/\/www.bellunopress.it\/#\/schema\/person\/79bb06722b37ece1c03d3e94beb30d73","name":"r\u00e9daction","image":{"@type":"ImageObject","inLanguage":"fr-FR","@id":"https:\/\/secure.gravatar.com\/avatar\/37d968a2e67a6fd04c169c4bdef102d0bc5d31b2546345219e348575eb80e9a0?s=96&d=mm&r=g","url":"https:\/\/secure.gravatar.com\/avatar\/37d968a2e67a6fd04c169c4bdef102d0bc5d31b2546345219e348575eb80e9a0?s=96&d=mm&r=g","contentUrl":"https:\/\/secure.gravatar.com\/avatar\/37d968a2e67a6fd04c169c4bdef102d0bc5d31b2546345219e348575eb80e9a0?s=96&d=mm&r=g","caption":"redazione"},"sameAs":["http:\/\/www.bellunopress.it","https:\/\/x.com\/bellunopress"],"url":"https:\/\/www.bellunopress.it\/fr\/author\/redazione\/"}]}},"_links":{"self":[{"href":"https:\/\/www.bellunopress.it\/fr\/wp-json\/wp\/v2\/posts\/6488","targetHints":{"allow":["GET"]}}],"collection":[{"href":"https:\/\/www.bellunopress.it\/fr\/wp-json\/wp\/v2\/posts"}],"about":[{"href":"https:\/\/www.bellunopress.it\/fr\/wp-json\/wp\/v2\/types\/post"}],"author":[{"embeddable":true,"href":"https:\/\/www.bellunopress.it\/fr\/wp-json\/wp\/v2\/users\/2"}],"replies":[{"embeddable":true,"href":"https:\/\/www.bellunopress.it\/fr\/wp-json\/wp\/v2\/comments?post=6488"}],"version-history":[{"count":1,"href":"https:\/\/www.bellunopress.it\/fr\/wp-json\/wp\/v2\/posts\/6488\/revisions"}],"predecessor-version":[{"id":6489,"href":"https:\/\/www.bellunopress.it\/fr\/wp-json\/wp\/v2\/posts\/6488\/revisions\/6489"}],"wp:attachment":[{"href":"https:\/\/www.bellunopress.it\/fr\/wp-json\/wp\/v2\/media?parent=6488"}],"wp:term":[{"taxonomy":"category","embeddable":true,"href":"https:\/\/www.bellunopress.it\/fr\/wp-json\/wp\/v2\/categories?post=6488"},{"taxonomy":"post_tag","embeddable":true,"href":"https:\/\/www.bellunopress.it\/fr\/wp-json\/wp\/v2\/tags?post=6488"}],"curies":[{"name":"wp","href":"https:\/\/api.w.org\/{rel}","templated":true}]}}