{"id":64752,"date":"2014-12-09T20:06:49","date_gmt":"2014-12-09T19:06:49","guid":{"rendered":"http:\/\/www.bellunopress.it\/?p=64752"},"modified":"2014-12-09T23:09:00","modified_gmt":"2014-12-09T22:09:00","slug":"cinema-zaia-a-renzi-e-franceschini-e-ora-di-chiudere-il-festival-di-roma","status":"publish","type":"post","link":"https:\/\/www.bellunopress.it\/fr\/2014\/12\/09\/cinema-zaia-a-renzi-e-franceschini-e-ora-di-chiudere-il-festival-di-roma\/","title":{"rendered":"Cinema. Zaia a Renzi e Franceschini: &#8220;E&#8217; ora di chiudere il Festival di Roma&#8221;"},"content":{"rendered":"<figure id=\"attachment_15840\" aria-describedby=\"caption-attachment-15840\" style=\"width: 130px\" class=\"wp-caption alignleft\"><a href=\"http:\/\/www.bellunopress.it\/wp-content\/uploads\/2010\/06\/zaia-leggeriss.jpg\"><img loading=\"lazy\" decoding=\"async\" class=\"size-full wp-image-15840\" src=\"http:\/\/www.bellunopress.it\/wp-content\/uploads\/2010\/06\/zaia-leggeriss.jpg\" alt=\"Luca Zaia\" width=\"130\" height=\"130\" \/><\/a><figcaption id=\"caption-attachment-15840\" class=\"wp-caption-text\">Luca Zaia<\/figcaption><\/figure>\n<p align=\"LEFT\">\u201cIl Festival del Cinema di Roma \u00e8 inconsistente e va chiuso\u201d. Lo ribadisce il presidente della Regione del Veneto Luca Zaia che ha annunciato di voler scrivere in questo senso al Presidente del Consiglio dei Ministri, Matteo Renzi, e al ministro dei Beni Culturali, Dario Franceschini, prendendo spunto da quella che ha definito \u201cl\u2019ennesima provocazione che non possiamo accettare\u201d, il nuovo finanziamento per la creazione di una borsa del cinema a Roma nello stesso periodo del festival che si tiene nella capitale, e poco dopo la Mostra internazionale d&#8217;arte cinematografica di Venezia.<\/p>\n<p align=\"LEFT\">\u201cRispetto a quella di Roma \u2013 ha detto Zaia \u2013 la rassegna di Venezia nasce &#8220;nella notte dei tempi grazie a menti illuminate&#8221; ed \u00e8 ormai riconosciuta nel grande circuito internazionale, come quelle di Cannes e di Berlino. \u201cSolo in Italia \u2013 ha stigmatizzato il presidente veneto \u2013 si pu\u00f2 arrivare a pensare ad un festival alternativo. Ritengo sia assurdo in un paese normale, che non sia una repubblica delle banane avere due festival del cinema&#8221;.<\/p>\n<p align=\"LEFT\">\u201cE\u2019 oltretutto imbarazzante \u2013 ha aggiunto \u2013 che si vada a dar vita a un nuova linea di finanziamento per la &#8216;borsa&#8217; del mercato cinematografico a Roma mentre qui a Venezia la facciamo gi\u00e0 in autofinanziamento. E&#8217; il momento quindi di porre la questione delle economie di scala, della sostenibilit\u00e0 e quella dell\u2019immagine internazionale che stiamo proponendo. Sarebbe meglio piuttosto dirottare quelle risorse su altri fronti d&#8217;investimento e avere il coraggio di chiudere il festival di Roma una volta per tutte\u201d.<\/p>","protected":false},"excerpt":{"rendered":"<p>\u201cIl Festival del Cinema di Roma \u00e8 inconsistente e va chiuso\u201d. Lo ribadisce il presidente della Regione del Veneto Luca Zaia che ha annunciato di voler scrivere in questo senso al Presidente del Consiglio dei Ministri, Matteo Renzi, e al ministro dei Beni Culturali, Dario Franceschini, prendendo spunto da quella che ha definito \u201cl\u2019ennesima provocazione [&hellip;]<\/p>\n","protected":false},"author":2,"featured_media":0,"comment_status":"closed","ping_status":"open","sticky":false,"template":"","format":"standard","meta":{"footnotes":""},"categories":[3,5,26],"tags":[],"class_list":["post-64752","post","type-post","status-publish","format-standard","category-arte-cultura-spettacoli-scienza-archivi","category-cronaca","category-prima-pagina"],"yoast_head":"<!-- This site is optimized with the Yoast SEO plugin v28.4 - https:\/\/yoast.com\/product\/yoast-seo-wordpress\/ -->\n<title>Cinema. Zaia a Renzi e Franceschini: &quot;E&#039; ora di chiudere il Festival di Roma&quot; - Bellunopress - Dolomiti<\/title>\n<meta name=\"robots\" content=\"index, follow, max-snippet:-1, max-image-preview:large, max-video-preview:-1\" \/>\n<link rel=\"canonical\" href=\"https:\/\/www.bellunopress.it\/fr\/2014\/12\/09\/cinema-zaia-a-renzi-e-franceschini-e-ora-di-chiudere-il-festival-di-roma\/\" \/>\n<meta property=\"og:locale\" content=\"fr_FR\" \/>\n<meta property=\"og:type\" content=\"article\" \/>\n<meta property=\"og:title\" content=\"Cinema. Zaia a Renzi e Franceschini: &quot;E&#039; ora di chiudere il Festival di Roma&quot; - Bellunopress - Dolomiti\" \/>\n<meta property=\"og:description\" content=\"\u201cIl Festival del Cinema di Roma \u00e8 inconsistente e va chiuso\u201d. Lo ribadisce il presidente della Regione del Veneto Luca Zaia che ha annunciato di voler scrivere in questo senso al Presidente del Consiglio dei Ministri, Matteo Renzi, e al ministro dei Beni Culturali, Dario Franceschini, prendendo spunto da quella che ha definito \u201cl\u2019ennesima provocazione [&hellip;]\" \/>\n<meta property=\"og:url\" content=\"https:\/\/www.bellunopress.it\/fr\/2014\/12\/09\/cinema-zaia-a-renzi-e-franceschini-e-ora-di-chiudere-il-festival-di-roma\/\" \/>\n<meta property=\"og:site_name\" content=\"Bellunopress - Dolomiti\" \/>\n<meta property=\"article:publisher\" content=\"https:\/\/www.facebook.com\/profile.php?id=100008943462799\" \/>\n<meta property=\"article:published_time\" content=\"2014-12-09T19:06:49+00:00\" \/>\n<meta property=\"article:modified_time\" content=\"2014-12-09T22:09:00+00:00\" \/>\n<meta property=\"og:image\" content=\"http:\/\/www.bellunopress.it\/wp-content\/uploads\/2010\/06\/zaia-leggeriss.jpg\" \/>\n<meta name=\"author\" content=\"redazione\" \/>\n<meta name=\"twitter:card\" content=\"summary_large_image\" \/>\n<meta name=\"twitter:creator\" content=\"@bellunopress\" \/>\n<meta name=\"twitter:site\" content=\"@bellunopress\" \/>\n<meta name=\"twitter:label1\" content=\"\u00c9crit par\" \/>\n\t<meta name=\"twitter:data1\" content=\"redazione\" \/>\n\t<meta name=\"twitter:label2\" content=\"Dur\u00e9e de lecture estim\u00e9e\" \/>\n\t<meta name=\"twitter:data2\" content=\"1 minute\" \/>\n<script type=\"application\/ld+json\" class=\"yoast-schema-graph\">{\"@context\":\"https:\\\/\\\/schema.org\",\"@graph\":[{\"@type\":\"Article\",\"@id\":\"https:\\\/\\\/www.bellunopress.it\\\/2014\\\/12\\\/09\\\/cinema-zaia-a-renzi-e-franceschini-e-ora-di-chiudere-il-festival-di-roma\\\/#article\",\"isPartOf\":{\"@id\":\"https:\\\/\\\/www.bellunopress.it\\\/2014\\\/12\\\/09\\\/cinema-zaia-a-renzi-e-franceschini-e-ora-di-chiudere-il-festival-di-roma\\\/\"},\"author\":{\"name\":\"redazione\",\"@id\":\"https:\\\/\\\/www.bellunopress.it\\\/#\\\/schema\\\/person\\\/79bb06722b37ece1c03d3e94beb30d73\"},\"headline\":\"Cinema. Zaia a Renzi e Franceschini: &#8220;E&#8217; ora di chiudere il Festival di Roma&#8221;\",\"datePublished\":\"2014-12-09T19:06:49+00:00\",\"dateModified\":\"2014-12-09T22:09:00+00:00\",\"mainEntityOfPage\":{\"@id\":\"https:\\\/\\\/www.bellunopress.it\\\/2014\\\/12\\\/09\\\/cinema-zaia-a-renzi-e-franceschini-e-ora-di-chiudere-il-festival-di-roma\\\/\"},\"wordCount\":268,\"publisher\":{\"@id\":\"https:\\\/\\\/www.bellunopress.it\\\/#organization\"},\"image\":{\"@id\":\"https:\\\/\\\/www.bellunopress.it\\\/2014\\\/12\\\/09\\\/cinema-zaia-a-renzi-e-franceschini-e-ora-di-chiudere-il-festival-di-roma\\\/#primaryimage\"},\"thumbnailUrl\":\"http:\\\/\\\/www.bellunopress.it\\\/wp-content\\\/uploads\\\/2010\\\/06\\\/zaia-leggeriss.jpg\",\"articleSection\":[\"Arte, Cultura, Spettacoli, Scienza\",\"Cronaca\\\/Politica\",\"Prima Pagina\"],\"inLanguage\":\"fr-FR\"},{\"@type\":\"WebPage\",\"@id\":\"https:\\\/\\\/www.bellunopress.it\\\/2014\\\/12\\\/09\\\/cinema-zaia-a-renzi-e-franceschini-e-ora-di-chiudere-il-festival-di-roma\\\/\",\"url\":\"https:\\\/\\\/www.bellunopress.it\\\/2014\\\/12\\\/09\\\/cinema-zaia-a-renzi-e-franceschini-e-ora-di-chiudere-il-festival-di-roma\\\/\",\"name\":\"Cinema. Zaia a Renzi e Franceschini: \\\"E' ora di chiudere il Festival di Roma\\\" - Bellunopress - Dolomiti\",\"isPartOf\":{\"@id\":\"https:\\\/\\\/www.bellunopress.it\\\/#website\"},\"primaryImageOfPage\":{\"@id\":\"https:\\\/\\\/www.bellunopress.it\\\/2014\\\/12\\\/09\\\/cinema-zaia-a-renzi-e-franceschini-e-ora-di-chiudere-il-festival-di-roma\\\/#primaryimage\"},\"image\":{\"@id\":\"https:\\\/\\\/www.bellunopress.it\\\/2014\\\/12\\\/09\\\/cinema-zaia-a-renzi-e-franceschini-e-ora-di-chiudere-il-festival-di-roma\\\/#primaryimage\"},\"thumbnailUrl\":\"http:\\\/\\\/www.bellunopress.it\\\/wp-content\\\/uploads\\\/2010\\\/06\\\/zaia-leggeriss.jpg\",\"datePublished\":\"2014-12-09T19:06:49+00:00\",\"dateModified\":\"2014-12-09T22:09:00+00:00\",\"breadcrumb\":{\"@id\":\"https:\\\/\\\/www.bellunopress.it\\\/2014\\\/12\\\/09\\\/cinema-zaia-a-renzi-e-franceschini-e-ora-di-chiudere-il-festival-di-roma\\\/#breadcrumb\"},\"inLanguage\":\"fr-FR\",\"potentialAction\":[{\"@type\":\"ReadAction\",\"target\":[\"https:\\\/\\\/www.bellunopress.it\\\/2014\\\/12\\\/09\\\/cinema-zaia-a-renzi-e-franceschini-e-ora-di-chiudere-il-festival-di-roma\\\/\"]}]},{\"@type\":\"ImageObject\",\"inLanguage\":\"fr-FR\",\"@id\":\"https:\\\/\\\/www.bellunopress.it\\\/2014\\\/12\\\/09\\\/cinema-zaia-a-renzi-e-franceschini-e-ora-di-chiudere-il-festival-di-roma\\\/#primaryimage\",\"url\":\"http:\\\/\\\/www.bellunopress.it\\\/wp-content\\\/uploads\\\/2010\\\/06\\\/zaia-leggeriss.jpg\",\"contentUrl\":\"http:\\\/\\\/www.bellunopress.it\\\/wp-content\\\/uploads\\\/2010\\\/06\\\/zaia-leggeriss.jpg\"},{\"@type\":\"BreadcrumbList\",\"@id\":\"https:\\\/\\\/www.bellunopress.it\\\/2014\\\/12\\\/09\\\/cinema-zaia-a-renzi-e-franceschini-e-ora-di-chiudere-il-festival-di-roma\\\/#breadcrumb\",\"itemListElement\":[{\"@type\":\"ListItem\",\"position\":1,\"name\":\"Home\",\"item\":\"https:\\\/\\\/www.bellunopress.it\\\/\"},{\"@type\":\"ListItem\",\"position\":2,\"name\":\"Cinema. Zaia a Renzi e Franceschini: &#8220;E&#8217; ora di chiudere il Festival di Roma&#8221;\"}]},{\"@type\":\"WebSite\",\"@id\":\"https:\\\/\\\/www.bellunopress.it\\\/#website\",\"url\":\"https:\\\/\\\/www.bellunopress.it\\\/\",\"name\":\"Bellunopress - Dolomiti\",\"description\":\"e-mail: redazione@bellunopress.it\",\"publisher\":{\"@id\":\"https:\\\/\\\/www.bellunopress.it\\\/#organization\"},\"potentialAction\":[{\"@type\":\"SearchAction\",\"target\":{\"@type\":\"EntryPoint\",\"urlTemplate\":\"https:\\\/\\\/www.bellunopress.it\\\/?s={search_term_string}\"},\"query-input\":{\"@type\":\"PropertyValueSpecification\",\"valueRequired\":true,\"valueName\":\"search_term_string\"}}],\"inLanguage\":\"fr-FR\"},{\"@type\":\"Organization\",\"@id\":\"https:\\\/\\\/www.bellunopress.it\\\/#organization\",\"name\":\"Bellunopress\",\"url\":\"https:\\\/\\\/www.bellunopress.it\\\/\",\"logo\":{\"@type\":\"ImageObject\",\"inLanguage\":\"fr-FR\",\"@id\":\"https:\\\/\\\/www.bellunopress.it\\\/#\\\/schema\\\/logo\\\/image\\\/\",\"url\":\"https:\\\/\\\/www.bellunopress.it\\\/wp-content\\\/uploads\\\/2011\\\/05\\\/cropped-logo-bellunopress-.jpg\",\"contentUrl\":\"https:\\\/\\\/www.bellunopress.it\\\/wp-content\\\/uploads\\\/2011\\\/05\\\/cropped-logo-bellunopress-.jpg\",\"width\":512,\"height\":512,\"caption\":\"Bellunopress\"},\"image\":{\"@id\":\"https:\\\/\\\/www.bellunopress.it\\\/#\\\/schema\\\/logo\\\/image\\\/\"},\"sameAs\":[\"https:\\\/\\\/www.facebook.com\\\/profile.php?id=100008943462799\",\"https:\\\/\\\/x.com\\\/bellunopress\",\"https:\\\/\\\/www.linkedin.com\\\/hp\\\/?dnr=JBzUWaJfMUw8vbXJJ2tVW5-I3jZKvC4wsoxE&amp;amp;amp;amp;amp;amp;trk=nav_responsive_tab_home\",\"https:\\\/\\\/www.youtube.com\\\/channel\\\/UCxL0wu1uN0_3_7hGG0306cw\"]},{\"@type\":\"Person\",\"@id\":\"https:\\\/\\\/www.bellunopress.it\\\/#\\\/schema\\\/person\\\/79bb06722b37ece1c03d3e94beb30d73\",\"name\":\"redazione\",\"image\":{\"@type\":\"ImageObject\",\"inLanguage\":\"fr-FR\",\"@id\":\"https:\\\/\\\/secure.gravatar.com\\\/avatar\\\/37d968a2e67a6fd04c169c4bdef102d0bc5d31b2546345219e348575eb80e9a0?s=96&d=mm&r=g\",\"url\":\"https:\\\/\\\/secure.gravatar.com\\\/avatar\\\/37d968a2e67a6fd04c169c4bdef102d0bc5d31b2546345219e348575eb80e9a0?s=96&d=mm&r=g\",\"contentUrl\":\"https:\\\/\\\/secure.gravatar.com\\\/avatar\\\/37d968a2e67a6fd04c169c4bdef102d0bc5d31b2546345219e348575eb80e9a0?s=96&d=mm&r=g\",\"caption\":\"redazione\"},\"sameAs\":[\"http:\\\/\\\/www.bellunopress.it\",\"https:\\\/\\\/x.com\\\/bellunopress\"],\"url\":\"https:\\\/\\\/www.bellunopress.it\\\/fr\\\/author\\\/redazione\\\/\"}]}<\/script>\n<!-- \/ Yoast SEO plugin. -->","yoast_head_json":{"title":"Cinema. Zaia a Renzi e Franceschini: \"E' ora di chiudere il Festival di Roma\" - Bellunopress - Dolomiti","robots":{"index":"index","follow":"follow","max-snippet":"max-snippet:-1","max-image-preview":"max-image-preview:large","max-video-preview":"max-video-preview:-1"},"canonical":"https:\/\/www.bellunopress.it\/fr\/2014\/12\/09\/cinema-zaia-a-renzi-e-franceschini-e-ora-di-chiudere-il-festival-di-roma\/","og_locale":"fr_FR","og_type":"article","og_title":"Cinema. Zaia a Renzi e Franceschini: \"E' ora di chiudere il Festival di Roma\" - Bellunopress - Dolomiti","og_description":"\u201cIl Festival del Cinema di Roma \u00e8 inconsistente e va chiuso\u201d. Lo ribadisce il presidente della Regione del Veneto Luca Zaia che ha annunciato di voler scrivere in questo senso al Presidente del Consiglio dei Ministri, Matteo Renzi, e al ministro dei Beni Culturali, Dario Franceschini, prendendo spunto da quella che ha definito \u201cl\u2019ennesima provocazione [&hellip;]","og_url":"https:\/\/www.bellunopress.it\/fr\/2014\/12\/09\/cinema-zaia-a-renzi-e-franceschini-e-ora-di-chiudere-il-festival-di-roma\/","og_site_name":"Bellunopress - Dolomiti","article_publisher":"https:\/\/www.facebook.com\/profile.php?id=100008943462799","article_published_time":"2014-12-09T19:06:49+00:00","article_modified_time":"2014-12-09T22:09:00+00:00","og_image":[{"url":"http:\/\/www.bellunopress.it\/wp-content\/uploads\/2010\/06\/zaia-leggeriss.jpg","type":"","width":"","height":""}],"author":"redazione","twitter_card":"summary_large_image","twitter_creator":"@bellunopress","twitter_site":"@bellunopress","twitter_misc":{"\u00c9crit par":"redazione","Dur\u00e9e de lecture estim\u00e9e":"1 minute"},"schema":{"@context":"https:\/\/schema.org","@graph":[{"@type":"Article","@id":"https:\/\/www.bellunopress.it\/2014\/12\/09\/cinema-zaia-a-renzi-e-franceschini-e-ora-di-chiudere-il-festival-di-roma\/#article","isPartOf":{"@id":"https:\/\/www.bellunopress.it\/2014\/12\/09\/cinema-zaia-a-renzi-e-franceschini-e-ora-di-chiudere-il-festival-di-roma\/"},"author":{"name":"redazione","@id":"https:\/\/www.bellunopress.it\/#\/schema\/person\/79bb06722b37ece1c03d3e94beb30d73"},"headline":"Cinema. Zaia a Renzi e Franceschini: &#8220;E&#8217; ora di chiudere il Festival di Roma&#8221;","datePublished":"2014-12-09T19:06:49+00:00","dateModified":"2014-12-09T22:09:00+00:00","mainEntityOfPage":{"@id":"https:\/\/www.bellunopress.it\/2014\/12\/09\/cinema-zaia-a-renzi-e-franceschini-e-ora-di-chiudere-il-festival-di-roma\/"},"wordCount":268,"publisher":{"@id":"https:\/\/www.bellunopress.it\/#organization"},"image":{"@id":"https:\/\/www.bellunopress.it\/2014\/12\/09\/cinema-zaia-a-renzi-e-franceschini-e-ora-di-chiudere-il-festival-di-roma\/#primaryimage"},"thumbnailUrl":"http:\/\/www.bellunopress.it\/wp-content\/uploads\/2010\/06\/zaia-leggeriss.jpg","articleSection":["Arte, Cultura, Spettacoli, Scienza","Cronaca\/Politica","Prima Pagina"],"inLanguage":"fr-FR"},{"@type":"WebPage","@id":"https:\/\/www.bellunopress.it\/2014\/12\/09\/cinema-zaia-a-renzi-e-franceschini-e-ora-di-chiudere-il-festival-di-roma\/","url":"https:\/\/www.bellunopress.it\/2014\/12\/09\/cinema-zaia-a-renzi-e-franceschini-e-ora-di-chiudere-il-festival-di-roma\/","name":"Cinema. Zaia a Renzi e Franceschini: \"E' ora di chiudere il Festival di Roma\" - Bellunopress - Dolomiti","isPartOf":{"@id":"https:\/\/www.bellunopress.it\/#website"},"primaryImageOfPage":{"@id":"https:\/\/www.bellunopress.it\/2014\/12\/09\/cinema-zaia-a-renzi-e-franceschini-e-ora-di-chiudere-il-festival-di-roma\/#primaryimage"},"image":{"@id":"https:\/\/www.bellunopress.it\/2014\/12\/09\/cinema-zaia-a-renzi-e-franceschini-e-ora-di-chiudere-il-festival-di-roma\/#primaryimage"},"thumbnailUrl":"http:\/\/www.bellunopress.it\/wp-content\/uploads\/2010\/06\/zaia-leggeriss.jpg","datePublished":"2014-12-09T19:06:49+00:00","dateModified":"2014-12-09T22:09:00+00:00","breadcrumb":{"@id":"https:\/\/www.bellunopress.it\/2014\/12\/09\/cinema-zaia-a-renzi-e-franceschini-e-ora-di-chiudere-il-festival-di-roma\/#breadcrumb"},"inLanguage":"fr-FR","potentialAction":[{"@type":"ReadAction","target":["https:\/\/www.bellunopress.it\/2014\/12\/09\/cinema-zaia-a-renzi-e-franceschini-e-ora-di-chiudere-il-festival-di-roma\/"]}]},{"@type":"ImageObject","inLanguage":"fr-FR","@id":"https:\/\/www.bellunopress.it\/2014\/12\/09\/cinema-zaia-a-renzi-e-franceschini-e-ora-di-chiudere-il-festival-di-roma\/#primaryimage","url":"http:\/\/www.bellunopress.it\/wp-content\/uploads\/2010\/06\/zaia-leggeriss.jpg","contentUrl":"http:\/\/www.bellunopress.it\/wp-content\/uploads\/2010\/06\/zaia-leggeriss.jpg"},{"@type":"BreadcrumbList","@id":"https:\/\/www.bellunopress.it\/2014\/12\/09\/cinema-zaia-a-renzi-e-franceschini-e-ora-di-chiudere-il-festival-di-roma\/#breadcrumb","itemListElement":[{"@type":"ListItem","position":1,"name":"Home","item":"https:\/\/www.bellunopress.it\/"},{"@type":"ListItem","position":2,"name":"Cinema. Zaia a Renzi e Franceschini: &#8220;E&#8217; ora di chiudere il Festival di Roma&#8221;"}]},{"@type":"WebSite","@id":"https:\/\/www.bellunopress.it\/#website","url":"https:\/\/www.bellunopress.it\/","name":"Bellunopress - Dolomiti","description":"e-mail: redazione@bellunopress.it","publisher":{"@id":"https:\/\/www.bellunopress.it\/#organization"},"potentialAction":[{"@type":"SearchAction","target":{"@type":"EntryPoint","urlTemplate":"https:\/\/www.bellunopress.it\/?s={search_term_string}"},"query-input":{"@type":"PropertyValueSpecification","valueRequired":true,"valueName":"search_term_string"}}],"inLanguage":"fr-FR"},{"@type":"Organization","@id":"https:\/\/www.bellunopress.it\/#organization","name":"Bellunopress","url":"https:\/\/www.bellunopress.it\/","logo":{"@type":"ImageObject","inLanguage":"fr-FR","@id":"https:\/\/www.bellunopress.it\/#\/schema\/logo\/image\/","url":"https:\/\/www.bellunopress.it\/wp-content\/uploads\/2011\/05\/cropped-logo-bellunopress-.jpg","contentUrl":"https:\/\/www.bellunopress.it\/wp-content\/uploads\/2011\/05\/cropped-logo-bellunopress-.jpg","width":512,"height":512,"caption":"Bellunopress"},"image":{"@id":"https:\/\/www.bellunopress.it\/#\/schema\/logo\/image\/"},"sameAs":["https:\/\/www.facebook.com\/profile.php?id=100008943462799","https:\/\/x.com\/bellunopress","https:\/\/www.linkedin.com\/hp\/?dnr=JBzUWaJfMUw8vbXJJ2tVW5-I3jZKvC4wsoxE&amp;amp;amp;amp;amp;amp;trk=nav_responsive_tab_home","https:\/\/www.youtube.com\/channel\/UCxL0wu1uN0_3_7hGG0306cw"]},{"@type":"Person","@id":"https:\/\/www.bellunopress.it\/#\/schema\/person\/79bb06722b37ece1c03d3e94beb30d73","name":"r\u00e9daction","image":{"@type":"ImageObject","inLanguage":"fr-FR","@id":"https:\/\/secure.gravatar.com\/avatar\/37d968a2e67a6fd04c169c4bdef102d0bc5d31b2546345219e348575eb80e9a0?s=96&d=mm&r=g","url":"https:\/\/secure.gravatar.com\/avatar\/37d968a2e67a6fd04c169c4bdef102d0bc5d31b2546345219e348575eb80e9a0?s=96&d=mm&r=g","contentUrl":"https:\/\/secure.gravatar.com\/avatar\/37d968a2e67a6fd04c169c4bdef102d0bc5d31b2546345219e348575eb80e9a0?s=96&d=mm&r=g","caption":"redazione"},"sameAs":["http:\/\/www.bellunopress.it","https:\/\/x.com\/bellunopress"],"url":"https:\/\/www.bellunopress.it\/fr\/author\/redazione\/"}]}},"_links":{"self":[{"href":"https:\/\/www.bellunopress.it\/fr\/wp-json\/wp\/v2\/posts\/64752","targetHints":{"allow":["GET"]}}],"collection":[{"href":"https:\/\/www.bellunopress.it\/fr\/wp-json\/wp\/v2\/posts"}],"about":[{"href":"https:\/\/www.bellunopress.it\/fr\/wp-json\/wp\/v2\/types\/post"}],"author":[{"embeddable":true,"href":"https:\/\/www.bellunopress.it\/fr\/wp-json\/wp\/v2\/users\/2"}],"replies":[{"embeddable":true,"href":"https:\/\/www.bellunopress.it\/fr\/wp-json\/wp\/v2\/comments?post=64752"}],"version-history":[{"count":1,"href":"https:\/\/www.bellunopress.it\/fr\/wp-json\/wp\/v2\/posts\/64752\/revisions"}],"predecessor-version":[{"id":64753,"href":"https:\/\/www.bellunopress.it\/fr\/wp-json\/wp\/v2\/posts\/64752\/revisions\/64753"}],"wp:attachment":[{"href":"https:\/\/www.bellunopress.it\/fr\/wp-json\/wp\/v2\/media?parent=64752"}],"wp:term":[{"taxonomy":"category","embeddable":true,"href":"https:\/\/www.bellunopress.it\/fr\/wp-json\/wp\/v2\/categories?post=64752"},{"taxonomy":"post_tag","embeddable":true,"href":"https:\/\/www.bellunopress.it\/fr\/wp-json\/wp\/v2\/tags?post=64752"}],"curies":[{"name":"wp","href":"https:\/\/api.w.org\/{rel}","templated":true}]}}