{"id":64750,"date":"2014-12-09T22:45:29","date_gmt":"2014-12-09T21:45:29","guid":{"rendered":"http:\/\/www.bellunopress.it\/?p=64750"},"modified":"2014-12-11T11:25:15","modified_gmt":"2014-12-11T10:25:15","slug":"venerdi-allunisono-di-feltre-concerto-del-duo-lorenzo-tucci-luca-mannutza","status":"publish","type":"post","link":"https:\/\/www.bellunopress.it\/fr\/2014\/12\/09\/venerdi-allunisono-di-feltre-concerto-del-duo-lorenzo-tucci-luca-mannutza\/","title":{"rendered":"Venerd\u00ec all&#8217;Unisono di Feltre concerto del duo Lorenzo Tucci &#038; Luca Mannutza"},"content":{"rendered":"<p style=\"text-align: left;\" align=\"CENTER\">Venerd\u00ec 12 dicembre ore 22 il Lunar Duo, composto dal batterista Lorenzo Tucci e il pianista Luca Mannutza, si esibisce all\u2019Unisono Jazz Club di Feltre.Accompagnato dal pianista Luca Mannutza, Tucci propone un\u2019opera matura, sincera, fatta di sensazioni, dedicata all\u2019improvvisazione e al mito lunare.<\/p>\n<p style=\"text-align: left;\" align=\"CENTER\">Lunar, uscito nel 2012, \u00e8 un album da ascoltare tutto d\u2019un fiato, seguendo i vari capitoli della struttura narrativa e immergendosi totalmente nella visione del viaggio di andata e ritorno verso la Luna.<\/p>\n<figure id=\"attachment_64788\" aria-describedby=\"caption-attachment-64788\" style=\"width: 280px\" class=\"wp-caption alignleft\"><a href=\"http:\/\/www.bellunopress.it\/wp-content\/uploads\/2014\/12\/LunarDuo.jpg\"><img loading=\"lazy\" decoding=\"async\" class=\"size-full wp-image-64788\" src=\"http:\/\/www.bellunopress.it\/wp-content\/uploads\/2014\/12\/LunarDuo.jpg\" alt=\"Lunar Duo, Lorenzo Tucci (batteria) Luca Mannutza (pianoforte)\" width=\"280\" height=\"186\" \/><\/a><figcaption id=\"caption-attachment-64788\" class=\"wp-caption-text\">Lunar Duo, Lorenzo Tucci (batteria) Luca Mannutza (pianoforte)<\/figcaption><\/figure>\n<p align=\"JUSTIFY\">Vinti dal loro estro e dalla fantasia, come accade per ogni loro lavoro discografico, o forse ispirati dalla fascinazione delle grandi opere di Verne e M\u00e9li\u00e8s nei confronti del mito lunare, Lorenzo Tucci (batteria) e Luca Mannutza (piano, rhodes e hammond) realizzano un duo pieno di sorprese e sfaccettature.<\/p>\n<p align=\"JUSTIFY\">Punto di forza di questo duo \u00e8 lo scambio di ruolo tra pianoforte e batteria, tra strumento percussivo e melodico-armonico.<\/p>\n<p align=\"JUSTIFY\">Grazie a questa filosofia e alla piena padronanza del loro strumento, la batteria di Tucci e il pianoforte di Mannutza riescono perfettamente a fondersi fino a generare un suono unico, donando all\u2019ascoltatore un impatto sonoro di notevole spessore emotivo.<\/p>\n<p>&nbsp;<\/p>\n<p>&nbsp;<\/p>\n<p>FORMAZIONE<\/p>\n<p>Luca Mannutza piano<\/p>\n<p>Lorenzo Tucci batteria<\/p>\n<p>Lorenzo Tucci \u201cLunar Duo\u201d<\/p>\n<p style=\"text-align: left;\">Venerd\u00ec 12 dicembr<span style=\"font-family: Calibri, sans-serif;\">e ore 22:00<\/span><\/p>\n<p><span style=\"font-family: Calibri, sans-serif;\">Ingresso 10 euro<\/span><\/p>\n<p><span style=\"font-family: Calibri, sans-serif;\"><span lang=\"en-GB\">Infoline <\/span><\/span><span lang=\"en-GB\">0439 81307 \u2013 392 8667648<\/span><\/p>\n<p lang=\"en-GB\"><span style=\"font-family: Calibri, sans-serif;\">Unisono Jazz Club<\/span><\/p>\n<p><span style=\"font-family: Calibri, sans-serif;\">Piazza Vittorio Emanuele 4<br \/>\nFeltre (BL)<\/span><\/p>","protected":false},"excerpt":{"rendered":"<p>Venerd\u00ec 12 dicembre ore 22 il Lunar Duo, composto dal batterista Lorenzo Tucci e il pianista Luca Mannutza, si esibisce all\u2019Unisono Jazz Club di Feltre.Accompagnato dal pianista Luca Mannutza, Tucci propone un\u2019opera matura, sincera, fatta di sensazioni, dedicata all\u2019improvvisazione e al mito lunare. Lunar, uscito nel 2012, \u00e8 un album da ascoltare tutto d\u2019un fiato, [&hellip;]<\/p>\n","protected":false},"author":2,"featured_media":0,"comment_status":"closed","ping_status":"open","sticky":false,"template":"","format":"standard","meta":{"footnotes":""},"categories":[27,3,25],"tags":[],"class_list":["post-64750","post","type-post","status-publish","format-standard","category-appuntamenti","category-arte-cultura-spettacoli-scienza-archivi","category-pausa-caffe"],"yoast_head":"<!-- This site is optimized with the Yoast SEO plugin v28.4 - https:\/\/yoast.com\/product\/yoast-seo-wordpress\/ -->\n<title>Venerd\u00ec all&#039;Unisono di Feltre concerto del duo Lorenzo Tucci &amp; Luca Mannutza - Bellunopress - Dolomiti<\/title>\n<meta name=\"robots\" content=\"index, follow, max-snippet:-1, max-image-preview:large, max-video-preview:-1\" \/>\n<link rel=\"canonical\" href=\"https:\/\/www.bellunopress.it\/fr\/2014\/12\/09\/venerdi-allunisono-di-feltre-concerto-del-duo-lorenzo-tucci-luca-mannutza\/\" \/>\n<meta property=\"og:locale\" content=\"fr_FR\" \/>\n<meta property=\"og:type\" content=\"article\" \/>\n<meta property=\"og:title\" content=\"Venerd\u00ec all&#039;Unisono di Feltre concerto del duo Lorenzo Tucci &amp; Luca Mannutza - Bellunopress - Dolomiti\" \/>\n<meta property=\"og:description\" content=\"Venerd\u00ec 12 dicembre ore 22 il Lunar Duo, composto dal batterista Lorenzo Tucci e il pianista Luca Mannutza, si esibisce all\u2019Unisono Jazz Club di Feltre.Accompagnato dal pianista Luca Mannutza, Tucci propone un\u2019opera matura, sincera, fatta di sensazioni, dedicata all\u2019improvvisazione e al mito lunare. Lunar, uscito nel 2012, \u00e8 un album da ascoltare tutto d\u2019un fiato, [&hellip;]\" \/>\n<meta property=\"og:url\" content=\"https:\/\/www.bellunopress.it\/fr\/2014\/12\/09\/venerdi-allunisono-di-feltre-concerto-del-duo-lorenzo-tucci-luca-mannutza\/\" \/>\n<meta property=\"og:site_name\" content=\"Bellunopress - Dolomiti\" \/>\n<meta property=\"article:publisher\" content=\"https:\/\/www.facebook.com\/profile.php?id=100008943462799\" \/>\n<meta property=\"article:published_time\" content=\"2014-12-09T21:45:29+00:00\" \/>\n<meta property=\"article:modified_time\" content=\"2014-12-11T10:25:15+00:00\" \/>\n<meta property=\"og:image\" content=\"http:\/\/www.bellunopress.it\/wp-content\/uploads\/2014\/12\/LunarDuo.jpg\" \/>\n<meta name=\"author\" content=\"redazione\" \/>\n<meta name=\"twitter:card\" content=\"summary_large_image\" \/>\n<meta name=\"twitter:creator\" content=\"@bellunopress\" \/>\n<meta name=\"twitter:site\" content=\"@bellunopress\" \/>\n<meta name=\"twitter:label1\" content=\"\u00c9crit par\" \/>\n\t<meta name=\"twitter:data1\" content=\"redazione\" \/>\n\t<meta name=\"twitter:label2\" content=\"Dur\u00e9e de lecture estim\u00e9e\" \/>\n\t<meta name=\"twitter:data2\" content=\"1 minute\" \/>\n<script type=\"application\/ld+json\" class=\"yoast-schema-graph\">{\"@context\":\"https:\\\/\\\/schema.org\",\"@graph\":[{\"@type\":\"Article\",\"@id\":\"https:\\\/\\\/www.bellunopress.it\\\/2014\\\/12\\\/09\\\/venerdi-allunisono-di-feltre-concerto-del-duo-lorenzo-tucci-luca-mannutza\\\/#article\",\"isPartOf\":{\"@id\":\"https:\\\/\\\/www.bellunopress.it\\\/2014\\\/12\\\/09\\\/venerdi-allunisono-di-feltre-concerto-del-duo-lorenzo-tucci-luca-mannutza\\\/\"},\"author\":{\"name\":\"redazione\",\"@id\":\"https:\\\/\\\/www.bellunopress.it\\\/#\\\/schema\\\/person\\\/79bb06722b37ece1c03d3e94beb30d73\"},\"headline\":\"Venerd\u00ec all&#8217;Unisono di Feltre concerto del duo Lorenzo Tucci &#038; Luca Mannutza\",\"datePublished\":\"2014-12-09T21:45:29+00:00\",\"dateModified\":\"2014-12-11T10:25:15+00:00\",\"mainEntityOfPage\":{\"@id\":\"https:\\\/\\\/www.bellunopress.it\\\/2014\\\/12\\\/09\\\/venerdi-allunisono-di-feltre-concerto-del-duo-lorenzo-tucci-luca-mannutza\\\/\"},\"wordCount\":241,\"publisher\":{\"@id\":\"https:\\\/\\\/www.bellunopress.it\\\/#organization\"},\"image\":{\"@id\":\"https:\\\/\\\/www.bellunopress.it\\\/2014\\\/12\\\/09\\\/venerdi-allunisono-di-feltre-concerto-del-duo-lorenzo-tucci-luca-mannutza\\\/#primaryimage\"},\"thumbnailUrl\":\"http:\\\/\\\/www.bellunopress.it\\\/wp-content\\\/uploads\\\/2014\\\/12\\\/LunarDuo.jpg\",\"articleSection\":[\"Appuntamenti, Eventi\",\"Arte, Cultura, Spettacoli, Scienza\",\"Pausa Caff\u00e8\"],\"inLanguage\":\"fr-FR\"},{\"@type\":\"WebPage\",\"@id\":\"https:\\\/\\\/www.bellunopress.it\\\/2014\\\/12\\\/09\\\/venerdi-allunisono-di-feltre-concerto-del-duo-lorenzo-tucci-luca-mannutza\\\/\",\"url\":\"https:\\\/\\\/www.bellunopress.it\\\/2014\\\/12\\\/09\\\/venerdi-allunisono-di-feltre-concerto-del-duo-lorenzo-tucci-luca-mannutza\\\/\",\"name\":\"Venerd\u00ec all'Unisono di Feltre concerto del duo Lorenzo Tucci & Luca Mannutza - Bellunopress - Dolomiti\",\"isPartOf\":{\"@id\":\"https:\\\/\\\/www.bellunopress.it\\\/#website\"},\"primaryImageOfPage\":{\"@id\":\"https:\\\/\\\/www.bellunopress.it\\\/2014\\\/12\\\/09\\\/venerdi-allunisono-di-feltre-concerto-del-duo-lorenzo-tucci-luca-mannutza\\\/#primaryimage\"},\"image\":{\"@id\":\"https:\\\/\\\/www.bellunopress.it\\\/2014\\\/12\\\/09\\\/venerdi-allunisono-di-feltre-concerto-del-duo-lorenzo-tucci-luca-mannutza\\\/#primaryimage\"},\"thumbnailUrl\":\"http:\\\/\\\/www.bellunopress.it\\\/wp-content\\\/uploads\\\/2014\\\/12\\\/LunarDuo.jpg\",\"datePublished\":\"2014-12-09T21:45:29+00:00\",\"dateModified\":\"2014-12-11T10:25:15+00:00\",\"breadcrumb\":{\"@id\":\"https:\\\/\\\/www.bellunopress.it\\\/2014\\\/12\\\/09\\\/venerdi-allunisono-di-feltre-concerto-del-duo-lorenzo-tucci-luca-mannutza\\\/#breadcrumb\"},\"inLanguage\":\"fr-FR\",\"potentialAction\":[{\"@type\":\"ReadAction\",\"target\":[\"https:\\\/\\\/www.bellunopress.it\\\/2014\\\/12\\\/09\\\/venerdi-allunisono-di-feltre-concerto-del-duo-lorenzo-tucci-luca-mannutza\\\/\"]}]},{\"@type\":\"ImageObject\",\"inLanguage\":\"fr-FR\",\"@id\":\"https:\\\/\\\/www.bellunopress.it\\\/2014\\\/12\\\/09\\\/venerdi-allunisono-di-feltre-concerto-del-duo-lorenzo-tucci-luca-mannutza\\\/#primaryimage\",\"url\":\"http:\\\/\\\/www.bellunopress.it\\\/wp-content\\\/uploads\\\/2014\\\/12\\\/LunarDuo.jpg\",\"contentUrl\":\"http:\\\/\\\/www.bellunopress.it\\\/wp-content\\\/uploads\\\/2014\\\/12\\\/LunarDuo.jpg\"},{\"@type\":\"BreadcrumbList\",\"@id\":\"https:\\\/\\\/www.bellunopress.it\\\/2014\\\/12\\\/09\\\/venerdi-allunisono-di-feltre-concerto-del-duo-lorenzo-tucci-luca-mannutza\\\/#breadcrumb\",\"itemListElement\":[{\"@type\":\"ListItem\",\"position\":1,\"name\":\"Home\",\"item\":\"https:\\\/\\\/www.bellunopress.it\\\/\"},{\"@type\":\"ListItem\",\"position\":2,\"name\":\"Venerd\u00ec all&#8217;Unisono di Feltre concerto del duo Lorenzo Tucci &#038; Luca Mannutza\"}]},{\"@type\":\"WebSite\",\"@id\":\"https:\\\/\\\/www.bellunopress.it\\\/#website\",\"url\":\"https:\\\/\\\/www.bellunopress.it\\\/\",\"name\":\"Bellunopress - Dolomiti\",\"description\":\"e-mail: redazione@bellunopress.it\",\"publisher\":{\"@id\":\"https:\\\/\\\/www.bellunopress.it\\\/#organization\"},\"potentialAction\":[{\"@type\":\"SearchAction\",\"target\":{\"@type\":\"EntryPoint\",\"urlTemplate\":\"https:\\\/\\\/www.bellunopress.it\\\/?s={search_term_string}\"},\"query-input\":{\"@type\":\"PropertyValueSpecification\",\"valueRequired\":true,\"valueName\":\"search_term_string\"}}],\"inLanguage\":\"fr-FR\"},{\"@type\":\"Organization\",\"@id\":\"https:\\\/\\\/www.bellunopress.it\\\/#organization\",\"name\":\"Bellunopress\",\"url\":\"https:\\\/\\\/www.bellunopress.it\\\/\",\"logo\":{\"@type\":\"ImageObject\",\"inLanguage\":\"fr-FR\",\"@id\":\"https:\\\/\\\/www.bellunopress.it\\\/#\\\/schema\\\/logo\\\/image\\\/\",\"url\":\"https:\\\/\\\/www.bellunopress.it\\\/wp-content\\\/uploads\\\/2011\\\/05\\\/cropped-logo-bellunopress-.jpg\",\"contentUrl\":\"https:\\\/\\\/www.bellunopress.it\\\/wp-content\\\/uploads\\\/2011\\\/05\\\/cropped-logo-bellunopress-.jpg\",\"width\":512,\"height\":512,\"caption\":\"Bellunopress\"},\"image\":{\"@id\":\"https:\\\/\\\/www.bellunopress.it\\\/#\\\/schema\\\/logo\\\/image\\\/\"},\"sameAs\":[\"https:\\\/\\\/www.facebook.com\\\/profile.php?id=100008943462799\",\"https:\\\/\\\/x.com\\\/bellunopress\",\"https:\\\/\\\/www.linkedin.com\\\/hp\\\/?dnr=JBzUWaJfMUw8vbXJJ2tVW5-I3jZKvC4wsoxE&amp;amp;amp;amp;amp;amp;trk=nav_responsive_tab_home\",\"https:\\\/\\\/www.youtube.com\\\/channel\\\/UCxL0wu1uN0_3_7hGG0306cw\"]},{\"@type\":\"Person\",\"@id\":\"https:\\\/\\\/www.bellunopress.it\\\/#\\\/schema\\\/person\\\/79bb06722b37ece1c03d3e94beb30d73\",\"name\":\"redazione\",\"image\":{\"@type\":\"ImageObject\",\"inLanguage\":\"fr-FR\",\"@id\":\"https:\\\/\\\/secure.gravatar.com\\\/avatar\\\/37d968a2e67a6fd04c169c4bdef102d0bc5d31b2546345219e348575eb80e9a0?s=96&d=mm&r=g\",\"url\":\"https:\\\/\\\/secure.gravatar.com\\\/avatar\\\/37d968a2e67a6fd04c169c4bdef102d0bc5d31b2546345219e348575eb80e9a0?s=96&d=mm&r=g\",\"contentUrl\":\"https:\\\/\\\/secure.gravatar.com\\\/avatar\\\/37d968a2e67a6fd04c169c4bdef102d0bc5d31b2546345219e348575eb80e9a0?s=96&d=mm&r=g\",\"caption\":\"redazione\"},\"sameAs\":[\"http:\\\/\\\/www.bellunopress.it\",\"https:\\\/\\\/x.com\\\/bellunopress\"],\"url\":\"https:\\\/\\\/www.bellunopress.it\\\/fr\\\/author\\\/redazione\\\/\"}]}<\/script>\n<!-- \/ Yoast SEO plugin. -->","yoast_head_json":{"title":"Venerd\u00ec all'Unisono di Feltre concerto del duo Lorenzo Tucci & Luca Mannutza - Bellunopress - Dolomiti","robots":{"index":"index","follow":"follow","max-snippet":"max-snippet:-1","max-image-preview":"max-image-preview:large","max-video-preview":"max-video-preview:-1"},"canonical":"https:\/\/www.bellunopress.it\/fr\/2014\/12\/09\/venerdi-allunisono-di-feltre-concerto-del-duo-lorenzo-tucci-luca-mannutza\/","og_locale":"fr_FR","og_type":"article","og_title":"Venerd\u00ec all'Unisono di Feltre concerto del duo Lorenzo Tucci & Luca Mannutza - Bellunopress - Dolomiti","og_description":"Venerd\u00ec 12 dicembre ore 22 il Lunar Duo, composto dal batterista Lorenzo Tucci e il pianista Luca Mannutza, si esibisce all\u2019Unisono Jazz Club di Feltre.Accompagnato dal pianista Luca Mannutza, Tucci propone un\u2019opera matura, sincera, fatta di sensazioni, dedicata all\u2019improvvisazione e al mito lunare. Lunar, uscito nel 2012, \u00e8 un album da ascoltare tutto d\u2019un fiato, [&hellip;]","og_url":"https:\/\/www.bellunopress.it\/fr\/2014\/12\/09\/venerdi-allunisono-di-feltre-concerto-del-duo-lorenzo-tucci-luca-mannutza\/","og_site_name":"Bellunopress - Dolomiti","article_publisher":"https:\/\/www.facebook.com\/profile.php?id=100008943462799","article_published_time":"2014-12-09T21:45:29+00:00","article_modified_time":"2014-12-11T10:25:15+00:00","og_image":[{"url":"http:\/\/www.bellunopress.it\/wp-content\/uploads\/2014\/12\/LunarDuo.jpg","type":"","width":"","height":""}],"author":"redazione","twitter_card":"summary_large_image","twitter_creator":"@bellunopress","twitter_site":"@bellunopress","twitter_misc":{"\u00c9crit par":"redazione","Dur\u00e9e de lecture estim\u00e9e":"1 minute"},"schema":{"@context":"https:\/\/schema.org","@graph":[{"@type":"Article","@id":"https:\/\/www.bellunopress.it\/2014\/12\/09\/venerdi-allunisono-di-feltre-concerto-del-duo-lorenzo-tucci-luca-mannutza\/#article","isPartOf":{"@id":"https:\/\/www.bellunopress.it\/2014\/12\/09\/venerdi-allunisono-di-feltre-concerto-del-duo-lorenzo-tucci-luca-mannutza\/"},"author":{"name":"redazione","@id":"https:\/\/www.bellunopress.it\/#\/schema\/person\/79bb06722b37ece1c03d3e94beb30d73"},"headline":"Venerd\u00ec all&#8217;Unisono di Feltre concerto del duo Lorenzo Tucci &#038; Luca Mannutza","datePublished":"2014-12-09T21:45:29+00:00","dateModified":"2014-12-11T10:25:15+00:00","mainEntityOfPage":{"@id":"https:\/\/www.bellunopress.it\/2014\/12\/09\/venerdi-allunisono-di-feltre-concerto-del-duo-lorenzo-tucci-luca-mannutza\/"},"wordCount":241,"publisher":{"@id":"https:\/\/www.bellunopress.it\/#organization"},"image":{"@id":"https:\/\/www.bellunopress.it\/2014\/12\/09\/venerdi-allunisono-di-feltre-concerto-del-duo-lorenzo-tucci-luca-mannutza\/#primaryimage"},"thumbnailUrl":"http:\/\/www.bellunopress.it\/wp-content\/uploads\/2014\/12\/LunarDuo.jpg","articleSection":["Appuntamenti, Eventi","Arte, Cultura, Spettacoli, Scienza","Pausa Caff\u00e8"],"inLanguage":"fr-FR"},{"@type":"WebPage","@id":"https:\/\/www.bellunopress.it\/2014\/12\/09\/venerdi-allunisono-di-feltre-concerto-del-duo-lorenzo-tucci-luca-mannutza\/","url":"https:\/\/www.bellunopress.it\/2014\/12\/09\/venerdi-allunisono-di-feltre-concerto-del-duo-lorenzo-tucci-luca-mannutza\/","name":"Venerd\u00ec all'Unisono di Feltre concerto del duo Lorenzo Tucci & Luca Mannutza - Bellunopress - Dolomiti","isPartOf":{"@id":"https:\/\/www.bellunopress.it\/#website"},"primaryImageOfPage":{"@id":"https:\/\/www.bellunopress.it\/2014\/12\/09\/venerdi-allunisono-di-feltre-concerto-del-duo-lorenzo-tucci-luca-mannutza\/#primaryimage"},"image":{"@id":"https:\/\/www.bellunopress.it\/2014\/12\/09\/venerdi-allunisono-di-feltre-concerto-del-duo-lorenzo-tucci-luca-mannutza\/#primaryimage"},"thumbnailUrl":"http:\/\/www.bellunopress.it\/wp-content\/uploads\/2014\/12\/LunarDuo.jpg","datePublished":"2014-12-09T21:45:29+00:00","dateModified":"2014-12-11T10:25:15+00:00","breadcrumb":{"@id":"https:\/\/www.bellunopress.it\/2014\/12\/09\/venerdi-allunisono-di-feltre-concerto-del-duo-lorenzo-tucci-luca-mannutza\/#breadcrumb"},"inLanguage":"fr-FR","potentialAction":[{"@type":"ReadAction","target":["https:\/\/www.bellunopress.it\/2014\/12\/09\/venerdi-allunisono-di-feltre-concerto-del-duo-lorenzo-tucci-luca-mannutza\/"]}]},{"@type":"ImageObject","inLanguage":"fr-FR","@id":"https:\/\/www.bellunopress.it\/2014\/12\/09\/venerdi-allunisono-di-feltre-concerto-del-duo-lorenzo-tucci-luca-mannutza\/#primaryimage","url":"http:\/\/www.bellunopress.it\/wp-content\/uploads\/2014\/12\/LunarDuo.jpg","contentUrl":"http:\/\/www.bellunopress.it\/wp-content\/uploads\/2014\/12\/LunarDuo.jpg"},{"@type":"BreadcrumbList","@id":"https:\/\/www.bellunopress.it\/2014\/12\/09\/venerdi-allunisono-di-feltre-concerto-del-duo-lorenzo-tucci-luca-mannutza\/#breadcrumb","itemListElement":[{"@type":"ListItem","position":1,"name":"Home","item":"https:\/\/www.bellunopress.it\/"},{"@type":"ListItem","position":2,"name":"Venerd\u00ec all&#8217;Unisono di Feltre concerto del duo Lorenzo Tucci &#038; Luca Mannutza"}]},{"@type":"WebSite","@id":"https:\/\/www.bellunopress.it\/#website","url":"https:\/\/www.bellunopress.it\/","name":"Bellunopress - Dolomiti","description":"e-mail: redazione@bellunopress.it","publisher":{"@id":"https:\/\/www.bellunopress.it\/#organization"},"potentialAction":[{"@type":"SearchAction","target":{"@type":"EntryPoint","urlTemplate":"https:\/\/www.bellunopress.it\/?s={search_term_string}"},"query-input":{"@type":"PropertyValueSpecification","valueRequired":true,"valueName":"search_term_string"}}],"inLanguage":"fr-FR"},{"@type":"Organization","@id":"https:\/\/www.bellunopress.it\/#organization","name":"Bellunopress","url":"https:\/\/www.bellunopress.it\/","logo":{"@type":"ImageObject","inLanguage":"fr-FR","@id":"https:\/\/www.bellunopress.it\/#\/schema\/logo\/image\/","url":"https:\/\/www.bellunopress.it\/wp-content\/uploads\/2011\/05\/cropped-logo-bellunopress-.jpg","contentUrl":"https:\/\/www.bellunopress.it\/wp-content\/uploads\/2011\/05\/cropped-logo-bellunopress-.jpg","width":512,"height":512,"caption":"Bellunopress"},"image":{"@id":"https:\/\/www.bellunopress.it\/#\/schema\/logo\/image\/"},"sameAs":["https:\/\/www.facebook.com\/profile.php?id=100008943462799","https:\/\/x.com\/bellunopress","https:\/\/www.linkedin.com\/hp\/?dnr=JBzUWaJfMUw8vbXJJ2tVW5-I3jZKvC4wsoxE&amp;amp;amp;amp;amp;amp;trk=nav_responsive_tab_home","https:\/\/www.youtube.com\/channel\/UCxL0wu1uN0_3_7hGG0306cw"]},{"@type":"Person","@id":"https:\/\/www.bellunopress.it\/#\/schema\/person\/79bb06722b37ece1c03d3e94beb30d73","name":"r\u00e9daction","image":{"@type":"ImageObject","inLanguage":"fr-FR","@id":"https:\/\/secure.gravatar.com\/avatar\/37d968a2e67a6fd04c169c4bdef102d0bc5d31b2546345219e348575eb80e9a0?s=96&d=mm&r=g","url":"https:\/\/secure.gravatar.com\/avatar\/37d968a2e67a6fd04c169c4bdef102d0bc5d31b2546345219e348575eb80e9a0?s=96&d=mm&r=g","contentUrl":"https:\/\/secure.gravatar.com\/avatar\/37d968a2e67a6fd04c169c4bdef102d0bc5d31b2546345219e348575eb80e9a0?s=96&d=mm&r=g","caption":"redazione"},"sameAs":["http:\/\/www.bellunopress.it","https:\/\/x.com\/bellunopress"],"url":"https:\/\/www.bellunopress.it\/fr\/author\/redazione\/"}]}},"_links":{"self":[{"href":"https:\/\/www.bellunopress.it\/fr\/wp-json\/wp\/v2\/posts\/64750","targetHints":{"allow":["GET"]}}],"collection":[{"href":"https:\/\/www.bellunopress.it\/fr\/wp-json\/wp\/v2\/posts"}],"about":[{"href":"https:\/\/www.bellunopress.it\/fr\/wp-json\/wp\/v2\/types\/post"}],"author":[{"embeddable":true,"href":"https:\/\/www.bellunopress.it\/fr\/wp-json\/wp\/v2\/users\/2"}],"replies":[{"embeddable":true,"href":"https:\/\/www.bellunopress.it\/fr\/wp-json\/wp\/v2\/comments?post=64750"}],"version-history":[{"count":3,"href":"https:\/\/www.bellunopress.it\/fr\/wp-json\/wp\/v2\/posts\/64750\/revisions"}],"predecessor-version":[{"id":64789,"href":"https:\/\/www.bellunopress.it\/fr\/wp-json\/wp\/v2\/posts\/64750\/revisions\/64789"}],"wp:attachment":[{"href":"https:\/\/www.bellunopress.it\/fr\/wp-json\/wp\/v2\/media?parent=64750"}],"wp:term":[{"taxonomy":"category","embeddable":true,"href":"https:\/\/www.bellunopress.it\/fr\/wp-json\/wp\/v2\/categories?post=64750"},{"taxonomy":"post_tag","embeddable":true,"href":"https:\/\/www.bellunopress.it\/fr\/wp-json\/wp\/v2\/tags?post=64750"}],"curies":[{"name":"wp","href":"https:\/\/api.w.org\/{rel}","templated":true}]}}