{"id":64748,"date":"2014-12-09T21:38:56","date_gmt":"2014-12-09T20:38:56","guid":{"rendered":"http:\/\/www.bellunopress.it\/?p=64748"},"modified":"2014-12-09T21:38:56","modified_gmt":"2014-12-09T20:38:56","slug":"cerco-lavoro-213","status":"publish","type":"post","link":"https:\/\/www.bellunopress.it\/fr\/2014\/12\/09\/cerco-lavoro-213\/","title":{"rendered":"Cerco lavoro"},"content":{"rendered":"<p><a href=\"http:\/\/www.bellunopress.it\/wp-content\/uploads\/2010\/12\/informagiovani.gif\"><img loading=\"lazy\" decoding=\"async\" class=\"alignleft size-full wp-image-22271\" src=\"http:\/\/www.bellunopress.it\/wp-content\/uploads\/2010\/12\/informagiovani.gif\" alt=\"informagiovani\" width=\"150\" height=\"120\" \/><\/a>In collaborazione con l&#8217;ufficio Informagiovani del Comune di Belluno, pubblichiamo l&#8217;aggiornamento settimanale con le opportunit\u00e0 di lavoro.<\/p>\n<p>Il Comune di Falcade\u00a0ha pubblicato un bando per la selezione di un operatore B3. La\u00a0Provincia di Rovigo\u00a0ha avviato la selezione per il posto di dirigente. Per chi fosse gi\u00e0 dipendente di un ente pubblico, ci sono due bandi di mobilit\u00e0 per il\u00a0Comune di Belluno, uno come collaboratore amministrativo e uno per assistente sociale. Avvisi integrali all&#8217;Informagiovani. Dal\u00a0Centro Consorzi\u00a0l&#8217;avviso per un corso \u201cGaranzia Giovane\u201d rivolto a giovani iscritti al programma tra i 19 e i 29 anni per addetto qualificato alla gestione del magazzino; un corso molto valido e professionalizzante a cui potete accedere gratuitamente iscrivendovi entro il 12 gennaio. <a href=\"http:\/\/www.centroconsorzi.it\/servizi\/servizi-centro\/servizi-al-lavoro\/garanzia-giovani.html\" target=\"_blank\">Visitate la pagina con tutte le info<\/a>!<\/p>\n<p>Aperte le selezioni per uno stage Ferrari Formula Uno per laureati in ingegneria, da svolgere presso la Scuderia Ferrari che prepara le macchine che gareggiano in F1.\u00a0Il candidato selezionato avr\u00e0 l\u2019opportunit\u00e0 di lavorare in Ferrari per un periodo di\u00a06 mesi, all\u2019interno del Formula One Team. Si tratta di un\u2019occasione imperdibile per collaborare con una delle squadre di ingegneri pi\u00f9 professionale e di alto livello al mondo. Per partecipare si\u00a0richiede il possesso dei seguenti requisiti:<br \/>\n&#8211;\u00a0laurea\u00a0in Ingegneria dei Materiali, Ingegneria del Veicolo o Ingegneria Meccanica, conseguita recentemente e con ottimi risultati accademici;\u00a0&#8211; preferibilmente (ma non necessariamente) aver gi\u00e0 fatto esperienza nell\u2019ambito del programma Formula Student o di iniziative analoghe di ingegneria;\u00a0&#8211; spiccate capacit\u00e0 di comunicazione e ascolto;\u00a0&#8211; utilizzo avanzato del Pacchetto Office, in particolare Word, Excel, PowerPoint e Outlook;\u00a0&#8211; conoscenza fluente della lingua inglese. Gradito, ma non indispensabile, il possesso di esperienze pregresse di permanenza all\u2019estero.<br \/>\n<a href=\"http:\/\/jobs.ferrari.com\/cezannecv\/RecruitmentWeb\/CznWfResearch_FERRARI.asp?FUNID=7004517&amp;ACTION=INSERT&amp;RITORNO=INIZIO&amp;LANGID=1040&amp;DINAMICIMAGES=STD\" target=\"_blank\">A questo link<\/a> la pagina delle candidature aperte.<\/p>\n<p>&nbsp;<\/p>\n<p>CONCORSI IN PROVINCIA<\/p>\n<p>COMUNE DI FALCADE (BL)<br \/>\nConcorso pubblico, per titoli ed esami, per l&#8217;assunzione, a tempo pieno e indeterminato, di n. 1 Collaboratore professionale-conduttore di macchine operatrici complesse-necroforo &#8211; categoria &#8220;B&#8221;, posizione economica &#8220;B3&#8221;, presso l&#8217;Area Tecnica del Comune di Falcade.<br \/>\nRequisiti specifici: diploma di qualifica professionale biennale o triennale (post Scuola Secondaria di Primo Grado) rilasciato da istituti scolastici statali o regionali; patente di guida categoria &#8220;C&#8221;; abilitazione formativa all&#8217;utilizzo escavatori idraulici e pale caricatrici frontali.<br \/>\nScadenza: 8 gennaio 2015.<\/p>\n<p>CONCORSI IN DIVISA<br \/>\nMINISTERO DELLA DIFESA \u2013 ARRUOLAMENTO VOLONTARI VFP1 ESERCITO MILITARE<br \/>\nBando di selezione di 7000 volontari in ferma prefissata di un anno, suddiviso in 4 blocchi di incorporamento, ciascuno con una specifica data di scadenza per la presentazione delle domande di partecipazione alla selezione pubblica, da\u00a0novembre 2014\u00a0ad\u00a0agosto 2015, ed i concorrenti potranno presentare le istanze per pi\u00f9 blocchi, purch\u00e9 non immediatamente successivi.<br \/>\n1\u00b0 blocco: scaduto<br \/>\n2\u00b0 blocco, 1.700 posti con incorporazione a\u00a0giugno 2015. La domanda di partecipazione pu\u00f2 essere presentata dal\u00a09 dicembre 2014\u00a0al\u00a07 gennaio 2015, per i nati dal\u00a07 gennaio 1990\u00a0al\u00a07 gennaio 1997, estremi compresi;<br \/>\n3\u00b0 blocco, 1.700 posti con incorporazione a\u00a0settembre 2015. La domanda di partecipazione pu\u00f2 essere presentata dal\u00a010 marzo 2015\u00a0all\u20198 aprile 2015, per i nati dall\u20198 aprile 1990\u00a0all\u20198 aprile 1997, estremi compresi;<br \/>\n4\u00b0 blocco, 1.500 posti con incorporazione a\u00a0dicembre 2015. La domanda di partecipazione pu\u00f2 essere presentata dal7 luglio 2015\u00a0al\u00a05 agosto 2015, per i nati dal\u00a05 agosto 1990\u00a0al\u00a05 agosto 1997, estremi compresi.<br \/>\nInfo e requisiti: Chiedete all&#8217;informagiovani<\/p>\n<p>Avvisi di mobilit\u00e0<\/p>\n<p>COMUNE DI BELLUNO<br \/>\n1) Avviso di mobilit\u00e0 esterna volontaria per la copertura di un posto di Collaboratore\u00a0sociale amministrativo, ctg. C, posizione economica C1, ccnl comparto Regioni ed Autonomie\u00a0Locali.<br \/>\n2) Avviso di mobilit\u00e0 esterna volontaria per la copertura di un posto di Assistente\u00a0sociale, ctg. D1, ccnl comparto Regioni ed Autonomie Locali.<br \/>\nRequisiti specifici: vedi bando<br \/>\nScadenza: entro il 3 gennaio 2014<\/p>\n<p>CONCORSI NAZIONALI<br \/>\nBANCA D&#8217;ITALIA<br \/>\nLa Banca d\u2019Italia indice i seguenti concorsi pubblici per l\u2019assunzione di:<br \/>\n&#8211; 35 Coadiutori con orientamento nelle discipline economico-aziendali<br \/>\n&#8211; 15 Coadiutori con orientamento nelle discipline giuridiche<br \/>\n&#8211; 10 Coadiutori con orientamento nelle discipline statistiche e\/o matematico finanziarie.<br \/>\nRequisiti specifici: Laurea magistrale\/specialistica, conseguita con un punteggio di almeno 105\/110 o votazione equivalente, in una delle seguenti classi: scienze economico-aziendali (M\/77 o 84\/S); scienze dell\u2019economia (M\/56 o 64\/S); finanza (M\/16 o 19\/S); statistica economica, finanziaria ed attuariale (91\/S); scienze statistiche (M\/82); scienze statistiche attuariali e finanziarie (M\/83); ingegneria gestionale (M\/31 o 34\/S); matematica (M\/40 o 45\/S); fisica (M\/17 o 20\/S); giurisprudenza (MG\/01 o 22\/S); relazioni internazionali (M\/52 o 60\/S); scienze della politica (M\/62 o 70\/S); altro diploma equiparato ad uno dei suddetti titoli ai sensi del Decreto Interministeriale 9 luglio 2009 ovvero diploma di laurea di \u201cvecchio ordinamento\u201d, conseguito con un punteggio di almeno 105\/110 o votazione equivalente in una delle seguenti discipline: economia e commercio; statistica; matematica; fisica; giurisprudenza; scienze politiche; scienze dell\u2019amministrazione; scienze internazionali e diplomatiche; altra laurea a esso equiparata o equipollente per legge.<br \/>\nScadenza: entro le ore 18.00 dell\u201911 dicembre 2014, attraverso l\u2019apposita\u00a0procedura online\u00a0predisposta.<br \/>\nISTITUTO PER LA CONSERVAZIONE E LA VALORIZZAZIONE DEI BENI CULTURALI<br \/>\nConcorso per laureati in Beni Culturali finalizzato all\u2019erogazione di una borsa di studio per svolgere ricerche presso l\u2019U.O.S.\u00a0di\u00a0Milano.<br \/>\nRequisiti specifici: laurea\u00a0in Conservazione dei Beni Culturali, Conservazione e Restauro dei Beni Culturali, o Conservazione e Restauro del Patrimonio Storico-Artistico; non aver compiuto il\u00a035\u00b0 anno di et\u00e0; conoscenza della lingua inglese.<br \/>\nScadenza: entro il 22 dicembre tramite pec.<\/p>\n<p>ISTITUTO SUPERIORE DI SANIT\u00c0<br \/>\nConcorso, per titoli e colloquio, per il conferimento di una borsa di studio, da fruire presso il dipartimento sanit\u00e0 pubblica veterinaria e sicurezza alimentare dell\u2019istituto superiore di sanit\u00e0.<br \/>\nRequisiti specifici: Laurea Magistrale in Medicina Veterinaria (LM42), ovvero altra laurea che sia stata<br \/>\nequiparata con decreto ministeriale pubblicato sulla G.U. della Repubblica, conseguita presso una Universit\u00e0 o presso un Istituto di Istruzione Universitaria Equiparato.<br \/>\nScadenza: entro il 2 gennaio 2015<\/p>\n<p>ULSS UMBRIA 2<br \/>\nConcorso pubblico per 31 operatori socio-sanitari in Umbria, per titoli ed esami, finalizzato all\u2019assunzione di\u00a031 operatori socio-sanitari\u00a0a tempo indeterminato.<br \/>\nRequisiti specifici: attestato di qualifica di Operatore Socio-Sanitario.<br \/>\nScadenza: entro il 22 dicembre 2014.<\/p>","protected":false},"excerpt":{"rendered":"<p>In collaborazione con l&#8217;ufficio Informagiovani del Comune di Belluno, pubblichiamo l&#8217;aggiornamento settimanale con le opportunit\u00e0 di lavoro. Il Comune di Falcade\u00a0ha pubblicato un bando per la selezione di un operatore B3. La\u00a0Provincia di Rovigo\u00a0ha avviato la selezione per il posto di dirigente. Per chi fosse gi\u00e0 dipendente di un ente pubblico, ci sono due bandi [&hellip;]<\/p>\n","protected":false},"author":2,"featured_media":0,"comment_status":"closed","ping_status":"open","sticky":false,"template":"","format":"standard","meta":{"footnotes":""},"categories":[36,26],"tags":[],"class_list":["post-64748","post","type-post","status-publish","format-standard","category-lavoro-economia","category-prima-pagina"],"yoast_head":"<!-- This site is optimized with the Yoast SEO plugin v28.4 - https:\/\/yoast.com\/product\/yoast-seo-wordpress\/ -->\n<title>Cerco lavoro - Bellunopress - Dolomiti<\/title>\n<meta name=\"robots\" content=\"index, follow, max-snippet:-1, max-image-preview:large, max-video-preview:-1\" \/>\n<link rel=\"canonical\" href=\"https:\/\/www.bellunopress.it\/fr\/2014\/12\/09\/cerco-lavoro-213\/\" \/>\n<meta property=\"og:locale\" content=\"fr_FR\" \/>\n<meta property=\"og:type\" content=\"article\" \/>\n<meta property=\"og:title\" content=\"Cerco lavoro - Bellunopress - Dolomiti\" \/>\n<meta property=\"og:description\" content=\"In collaborazione con l&#8217;ufficio Informagiovani del Comune di Belluno, pubblichiamo l&#8217;aggiornamento settimanale con le opportunit\u00e0 di lavoro. Il Comune di Falcade\u00a0ha pubblicato un bando per la selezione di un operatore B3. La\u00a0Provincia di Rovigo\u00a0ha avviato la selezione per il posto di dirigente. Per chi fosse gi\u00e0 dipendente di un ente pubblico, ci sono due bandi [&hellip;]\" \/>\n<meta property=\"og:url\" content=\"https:\/\/www.bellunopress.it\/fr\/2014\/12\/09\/cerco-lavoro-213\/\" \/>\n<meta property=\"og:site_name\" content=\"Bellunopress - Dolomiti\" \/>\n<meta property=\"article:publisher\" content=\"https:\/\/www.facebook.com\/profile.php?id=100008943462799\" \/>\n<meta property=\"article:published_time\" content=\"2014-12-09T20:38:56+00:00\" \/>\n<meta property=\"og:image\" content=\"http:\/\/www.bellunopress.it\/wp-content\/uploads\/2010\/12\/informagiovani.gif\" \/>\n<meta name=\"author\" content=\"redazione\" \/>\n<meta name=\"twitter:card\" content=\"summary_large_image\" \/>\n<meta name=\"twitter:creator\" content=\"@bellunopress\" \/>\n<meta name=\"twitter:site\" content=\"@bellunopress\" \/>\n<meta name=\"twitter:label1\" content=\"\u00c9crit par\" \/>\n\t<meta name=\"twitter:data1\" content=\"redazione\" \/>\n\t<meta name=\"twitter:label2\" content=\"Dur\u00e9e de lecture estim\u00e9e\" \/>\n\t<meta name=\"twitter:data2\" content=\"5 minutes\" \/>\n<script type=\"application\/ld+json\" class=\"yoast-schema-graph\">{\"@context\":\"https:\\\/\\\/schema.org\",\"@graph\":[{\"@type\":\"Article\",\"@id\":\"https:\\\/\\\/www.bellunopress.it\\\/2014\\\/12\\\/09\\\/cerco-lavoro-213\\\/#article\",\"isPartOf\":{\"@id\":\"https:\\\/\\\/www.bellunopress.it\\\/2014\\\/12\\\/09\\\/cerco-lavoro-213\\\/\"},\"author\":{\"name\":\"redazione\",\"@id\":\"https:\\\/\\\/www.bellunopress.it\\\/#\\\/schema\\\/person\\\/79bb06722b37ece1c03d3e94beb30d73\"},\"headline\":\"Cerco lavoro\",\"datePublished\":\"2014-12-09T20:38:56+00:00\",\"mainEntityOfPage\":{\"@id\":\"https:\\\/\\\/www.bellunopress.it\\\/2014\\\/12\\\/09\\\/cerco-lavoro-213\\\/\"},\"wordCount\":962,\"publisher\":{\"@id\":\"https:\\\/\\\/www.bellunopress.it\\\/#organization\"},\"image\":{\"@id\":\"https:\\\/\\\/www.bellunopress.it\\\/2014\\\/12\\\/09\\\/cerco-lavoro-213\\\/#primaryimage\"},\"thumbnailUrl\":\"http:\\\/\\\/www.bellunopress.it\\\/wp-content\\\/uploads\\\/2010\\\/12\\\/informagiovani.gif\",\"articleSection\":[\"Lavoro, Economia, Turismo\",\"Prima Pagina\"],\"inLanguage\":\"fr-FR\"},{\"@type\":\"WebPage\",\"@id\":\"https:\\\/\\\/www.bellunopress.it\\\/2014\\\/12\\\/09\\\/cerco-lavoro-213\\\/\",\"url\":\"https:\\\/\\\/www.bellunopress.it\\\/2014\\\/12\\\/09\\\/cerco-lavoro-213\\\/\",\"name\":\"Cerco lavoro - Bellunopress - Dolomiti\",\"isPartOf\":{\"@id\":\"https:\\\/\\\/www.bellunopress.it\\\/#website\"},\"primaryImageOfPage\":{\"@id\":\"https:\\\/\\\/www.bellunopress.it\\\/2014\\\/12\\\/09\\\/cerco-lavoro-213\\\/#primaryimage\"},\"image\":{\"@id\":\"https:\\\/\\\/www.bellunopress.it\\\/2014\\\/12\\\/09\\\/cerco-lavoro-213\\\/#primaryimage\"},\"thumbnailUrl\":\"http:\\\/\\\/www.bellunopress.it\\\/wp-content\\\/uploads\\\/2010\\\/12\\\/informagiovani.gif\",\"datePublished\":\"2014-12-09T20:38:56+00:00\",\"breadcrumb\":{\"@id\":\"https:\\\/\\\/www.bellunopress.it\\\/2014\\\/12\\\/09\\\/cerco-lavoro-213\\\/#breadcrumb\"},\"inLanguage\":\"fr-FR\",\"potentialAction\":[{\"@type\":\"ReadAction\",\"target\":[\"https:\\\/\\\/www.bellunopress.it\\\/2014\\\/12\\\/09\\\/cerco-lavoro-213\\\/\"]}]},{\"@type\":\"ImageObject\",\"inLanguage\":\"fr-FR\",\"@id\":\"https:\\\/\\\/www.bellunopress.it\\\/2014\\\/12\\\/09\\\/cerco-lavoro-213\\\/#primaryimage\",\"url\":\"http:\\\/\\\/www.bellunopress.it\\\/wp-content\\\/uploads\\\/2010\\\/12\\\/informagiovani.gif\",\"contentUrl\":\"http:\\\/\\\/www.bellunopress.it\\\/wp-content\\\/uploads\\\/2010\\\/12\\\/informagiovani.gif\"},{\"@type\":\"BreadcrumbList\",\"@id\":\"https:\\\/\\\/www.bellunopress.it\\\/2014\\\/12\\\/09\\\/cerco-lavoro-213\\\/#breadcrumb\",\"itemListElement\":[{\"@type\":\"ListItem\",\"position\":1,\"name\":\"Home\",\"item\":\"https:\\\/\\\/www.bellunopress.it\\\/\"},{\"@type\":\"ListItem\",\"position\":2,\"name\":\"Cerco lavoro\"}]},{\"@type\":\"WebSite\",\"@id\":\"https:\\\/\\\/www.bellunopress.it\\\/#website\",\"url\":\"https:\\\/\\\/www.bellunopress.it\\\/\",\"name\":\"Bellunopress - Dolomiti\",\"description\":\"e-mail: redazione@bellunopress.it\",\"publisher\":{\"@id\":\"https:\\\/\\\/www.bellunopress.it\\\/#organization\"},\"potentialAction\":[{\"@type\":\"SearchAction\",\"target\":{\"@type\":\"EntryPoint\",\"urlTemplate\":\"https:\\\/\\\/www.bellunopress.it\\\/?s={search_term_string}\"},\"query-input\":{\"@type\":\"PropertyValueSpecification\",\"valueRequired\":true,\"valueName\":\"search_term_string\"}}],\"inLanguage\":\"fr-FR\"},{\"@type\":\"Organization\",\"@id\":\"https:\\\/\\\/www.bellunopress.it\\\/#organization\",\"name\":\"Bellunopress\",\"url\":\"https:\\\/\\\/www.bellunopress.it\\\/\",\"logo\":{\"@type\":\"ImageObject\",\"inLanguage\":\"fr-FR\",\"@id\":\"https:\\\/\\\/www.bellunopress.it\\\/#\\\/schema\\\/logo\\\/image\\\/\",\"url\":\"https:\\\/\\\/www.bellunopress.it\\\/wp-content\\\/uploads\\\/2011\\\/05\\\/cropped-logo-bellunopress-.jpg\",\"contentUrl\":\"https:\\\/\\\/www.bellunopress.it\\\/wp-content\\\/uploads\\\/2011\\\/05\\\/cropped-logo-bellunopress-.jpg\",\"width\":512,\"height\":512,\"caption\":\"Bellunopress\"},\"image\":{\"@id\":\"https:\\\/\\\/www.bellunopress.it\\\/#\\\/schema\\\/logo\\\/image\\\/\"},\"sameAs\":[\"https:\\\/\\\/www.facebook.com\\\/profile.php?id=100008943462799\",\"https:\\\/\\\/x.com\\\/bellunopress\",\"https:\\\/\\\/www.linkedin.com\\\/hp\\\/?dnr=JBzUWaJfMUw8vbXJJ2tVW5-I3jZKvC4wsoxE&amp;amp;amp;amp;amp;amp;trk=nav_responsive_tab_home\",\"https:\\\/\\\/www.youtube.com\\\/channel\\\/UCxL0wu1uN0_3_7hGG0306cw\"]},{\"@type\":\"Person\",\"@id\":\"https:\\\/\\\/www.bellunopress.it\\\/#\\\/schema\\\/person\\\/79bb06722b37ece1c03d3e94beb30d73\",\"name\":\"redazione\",\"image\":{\"@type\":\"ImageObject\",\"inLanguage\":\"fr-FR\",\"@id\":\"https:\\\/\\\/secure.gravatar.com\\\/avatar\\\/37d968a2e67a6fd04c169c4bdef102d0bc5d31b2546345219e348575eb80e9a0?s=96&d=mm&r=g\",\"url\":\"https:\\\/\\\/secure.gravatar.com\\\/avatar\\\/37d968a2e67a6fd04c169c4bdef102d0bc5d31b2546345219e348575eb80e9a0?s=96&d=mm&r=g\",\"contentUrl\":\"https:\\\/\\\/secure.gravatar.com\\\/avatar\\\/37d968a2e67a6fd04c169c4bdef102d0bc5d31b2546345219e348575eb80e9a0?s=96&d=mm&r=g\",\"caption\":\"redazione\"},\"sameAs\":[\"http:\\\/\\\/www.bellunopress.it\",\"https:\\\/\\\/x.com\\\/bellunopress\"],\"url\":\"https:\\\/\\\/www.bellunopress.it\\\/fr\\\/author\\\/redazione\\\/\"}]}<\/script>\n<!-- \/ Yoast SEO plugin. -->","yoast_head_json":{"title":"Cerco lavoro - Bellunopress - Dolomiti","robots":{"index":"index","follow":"follow","max-snippet":"max-snippet:-1","max-image-preview":"max-image-preview:large","max-video-preview":"max-video-preview:-1"},"canonical":"https:\/\/www.bellunopress.it\/fr\/2014\/12\/09\/cerco-lavoro-213\/","og_locale":"fr_FR","og_type":"article","og_title":"Cerco lavoro - Bellunopress - Dolomiti","og_description":"In collaborazione con l&#8217;ufficio Informagiovani del Comune di Belluno, pubblichiamo l&#8217;aggiornamento settimanale con le opportunit\u00e0 di lavoro. Il Comune di Falcade\u00a0ha pubblicato un bando per la selezione di un operatore B3. La\u00a0Provincia di Rovigo\u00a0ha avviato la selezione per il posto di dirigente. Per chi fosse gi\u00e0 dipendente di un ente pubblico, ci sono due bandi [&hellip;]","og_url":"https:\/\/www.bellunopress.it\/fr\/2014\/12\/09\/cerco-lavoro-213\/","og_site_name":"Bellunopress - Dolomiti","article_publisher":"https:\/\/www.facebook.com\/profile.php?id=100008943462799","article_published_time":"2014-12-09T20:38:56+00:00","og_image":[{"url":"http:\/\/www.bellunopress.it\/wp-content\/uploads\/2010\/12\/informagiovani.gif","type":"","width":"","height":""}],"author":"redazione","twitter_card":"summary_large_image","twitter_creator":"@bellunopress","twitter_site":"@bellunopress","twitter_misc":{"\u00c9crit par":"redazione","Dur\u00e9e de lecture estim\u00e9e":"5 minutes"},"schema":{"@context":"https:\/\/schema.org","@graph":[{"@type":"Article","@id":"https:\/\/www.bellunopress.it\/2014\/12\/09\/cerco-lavoro-213\/#article","isPartOf":{"@id":"https:\/\/www.bellunopress.it\/2014\/12\/09\/cerco-lavoro-213\/"},"author":{"name":"redazione","@id":"https:\/\/www.bellunopress.it\/#\/schema\/person\/79bb06722b37ece1c03d3e94beb30d73"},"headline":"Cerco lavoro","datePublished":"2014-12-09T20:38:56+00:00","mainEntityOfPage":{"@id":"https:\/\/www.bellunopress.it\/2014\/12\/09\/cerco-lavoro-213\/"},"wordCount":962,"publisher":{"@id":"https:\/\/www.bellunopress.it\/#organization"},"image":{"@id":"https:\/\/www.bellunopress.it\/2014\/12\/09\/cerco-lavoro-213\/#primaryimage"},"thumbnailUrl":"http:\/\/www.bellunopress.it\/wp-content\/uploads\/2010\/12\/informagiovani.gif","articleSection":["Lavoro, Economia, Turismo","Prima Pagina"],"inLanguage":"fr-FR"},{"@type":"WebPage","@id":"https:\/\/www.bellunopress.it\/2014\/12\/09\/cerco-lavoro-213\/","url":"https:\/\/www.bellunopress.it\/2014\/12\/09\/cerco-lavoro-213\/","name":"Cerco lavoro - Bellunopress - Dolomiti","isPartOf":{"@id":"https:\/\/www.bellunopress.it\/#website"},"primaryImageOfPage":{"@id":"https:\/\/www.bellunopress.it\/2014\/12\/09\/cerco-lavoro-213\/#primaryimage"},"image":{"@id":"https:\/\/www.bellunopress.it\/2014\/12\/09\/cerco-lavoro-213\/#primaryimage"},"thumbnailUrl":"http:\/\/www.bellunopress.it\/wp-content\/uploads\/2010\/12\/informagiovani.gif","datePublished":"2014-12-09T20:38:56+00:00","breadcrumb":{"@id":"https:\/\/www.bellunopress.it\/2014\/12\/09\/cerco-lavoro-213\/#breadcrumb"},"inLanguage":"fr-FR","potentialAction":[{"@type":"ReadAction","target":["https:\/\/www.bellunopress.it\/2014\/12\/09\/cerco-lavoro-213\/"]}]},{"@type":"ImageObject","inLanguage":"fr-FR","@id":"https:\/\/www.bellunopress.it\/2014\/12\/09\/cerco-lavoro-213\/#primaryimage","url":"http:\/\/www.bellunopress.it\/wp-content\/uploads\/2010\/12\/informagiovani.gif","contentUrl":"http:\/\/www.bellunopress.it\/wp-content\/uploads\/2010\/12\/informagiovani.gif"},{"@type":"BreadcrumbList","@id":"https:\/\/www.bellunopress.it\/2014\/12\/09\/cerco-lavoro-213\/#breadcrumb","itemListElement":[{"@type":"ListItem","position":1,"name":"Home","item":"https:\/\/www.bellunopress.it\/"},{"@type":"ListItem","position":2,"name":"Cerco lavoro"}]},{"@type":"WebSite","@id":"https:\/\/www.bellunopress.it\/#website","url":"https:\/\/www.bellunopress.it\/","name":"Bellunopress - Dolomiti","description":"e-mail: redazione@bellunopress.it","publisher":{"@id":"https:\/\/www.bellunopress.it\/#organization"},"potentialAction":[{"@type":"SearchAction","target":{"@type":"EntryPoint","urlTemplate":"https:\/\/www.bellunopress.it\/?s={search_term_string}"},"query-input":{"@type":"PropertyValueSpecification","valueRequired":true,"valueName":"search_term_string"}}],"inLanguage":"fr-FR"},{"@type":"Organization","@id":"https:\/\/www.bellunopress.it\/#organization","name":"Bellunopress","url":"https:\/\/www.bellunopress.it\/","logo":{"@type":"ImageObject","inLanguage":"fr-FR","@id":"https:\/\/www.bellunopress.it\/#\/schema\/logo\/image\/","url":"https:\/\/www.bellunopress.it\/wp-content\/uploads\/2011\/05\/cropped-logo-bellunopress-.jpg","contentUrl":"https:\/\/www.bellunopress.it\/wp-content\/uploads\/2011\/05\/cropped-logo-bellunopress-.jpg","width":512,"height":512,"caption":"Bellunopress"},"image":{"@id":"https:\/\/www.bellunopress.it\/#\/schema\/logo\/image\/"},"sameAs":["https:\/\/www.facebook.com\/profile.php?id=100008943462799","https:\/\/x.com\/bellunopress","https:\/\/www.linkedin.com\/hp\/?dnr=JBzUWaJfMUw8vbXJJ2tVW5-I3jZKvC4wsoxE&amp;amp;amp;amp;amp;amp;trk=nav_responsive_tab_home","https:\/\/www.youtube.com\/channel\/UCxL0wu1uN0_3_7hGG0306cw"]},{"@type":"Person","@id":"https:\/\/www.bellunopress.it\/#\/schema\/person\/79bb06722b37ece1c03d3e94beb30d73","name":"r\u00e9daction","image":{"@type":"ImageObject","inLanguage":"fr-FR","@id":"https:\/\/secure.gravatar.com\/avatar\/37d968a2e67a6fd04c169c4bdef102d0bc5d31b2546345219e348575eb80e9a0?s=96&d=mm&r=g","url":"https:\/\/secure.gravatar.com\/avatar\/37d968a2e67a6fd04c169c4bdef102d0bc5d31b2546345219e348575eb80e9a0?s=96&d=mm&r=g","contentUrl":"https:\/\/secure.gravatar.com\/avatar\/37d968a2e67a6fd04c169c4bdef102d0bc5d31b2546345219e348575eb80e9a0?s=96&d=mm&r=g","caption":"redazione"},"sameAs":["http:\/\/www.bellunopress.it","https:\/\/x.com\/bellunopress"],"url":"https:\/\/www.bellunopress.it\/fr\/author\/redazione\/"}]}},"_links":{"self":[{"href":"https:\/\/www.bellunopress.it\/fr\/wp-json\/wp\/v2\/posts\/64748","targetHints":{"allow":["GET"]}}],"collection":[{"href":"https:\/\/www.bellunopress.it\/fr\/wp-json\/wp\/v2\/posts"}],"about":[{"href":"https:\/\/www.bellunopress.it\/fr\/wp-json\/wp\/v2\/types\/post"}],"author":[{"embeddable":true,"href":"https:\/\/www.bellunopress.it\/fr\/wp-json\/wp\/v2\/users\/2"}],"replies":[{"embeddable":true,"href":"https:\/\/www.bellunopress.it\/fr\/wp-json\/wp\/v2\/comments?post=64748"}],"version-history":[{"count":1,"href":"https:\/\/www.bellunopress.it\/fr\/wp-json\/wp\/v2\/posts\/64748\/revisions"}],"predecessor-version":[{"id":64749,"href":"https:\/\/www.bellunopress.it\/fr\/wp-json\/wp\/v2\/posts\/64748\/revisions\/64749"}],"wp:attachment":[{"href":"https:\/\/www.bellunopress.it\/fr\/wp-json\/wp\/v2\/media?parent=64748"}],"wp:term":[{"taxonomy":"category","embeddable":true,"href":"https:\/\/www.bellunopress.it\/fr\/wp-json\/wp\/v2\/categories?post=64748"},{"taxonomy":"post_tag","embeddable":true,"href":"https:\/\/www.bellunopress.it\/fr\/wp-json\/wp\/v2\/tags?post=64748"}],"curies":[{"name":"wp","href":"https:\/\/api.w.org\/{rel}","templated":true}]}}