{"id":64746,"date":"2014-12-09T20:56:07","date_gmt":"2014-12-09T19:56:07","guid":{"rendered":"http:\/\/www.bellunopress.it\/?p=64746"},"modified":"2014-12-09T20:56:07","modified_gmt":"2014-12-09T19:56:07","slug":"avviso-per-la-ricerca-di-volontari-pedautisti-per-le-scuole-di-mur-di-cadola-cavarzano-e-quartier-cadore-domande-entro-il-24-dicembre","status":"publish","type":"post","link":"https:\/\/www.bellunopress.it\/fr\/2014\/12\/09\/avviso-per-la-ricerca-di-volontari-pedautisti-per-le-scuole-di-mur-di-cadola-cavarzano-e-quartier-cadore-domande-entro-il-24-dicembre\/","title":{"rendered":"Avviso per la ricerca di volontari &#8220;Pedautisti&#8221; per le scuole di\u00a0Mur di Cadola, Cavarzano e Quartier Cadore. Domande entro il 24 dicembre"},"content":{"rendered":"<p align=\"LEFT\">Dopo la prima, positiva esperienza dello scorso anno scolastico, che ha visto l&#8217;attivazione del servizio di Piedibus a Badilet, grazie ai volontari che hanno percorso ogni giorno il tragitto casa-scuola e ritorno con i bambini, il Comune di Belluno intende attivare il Piedibus anche per le scuole primarie di Mur di Cadola, Cavarzano e Quartier Cadore.<\/p>\n<figure id=\"attachment_4497\" aria-describedby=\"caption-attachment-4497\" style=\"width: 241px\" class=\"wp-caption alignleft\"><a href=\"http:\/\/www.bellunopress.it\/wp-content\/uploads\/2009\/06\/seggio-scuole-mur-di-cadola.jpg\"><img loading=\"lazy\" decoding=\"async\" class=\"size-full wp-image-4497\" src=\"http:\/\/www.bellunopress.it\/wp-content\/uploads\/2009\/06\/seggio-scuole-mur-di-cadola.jpg\" alt=\"Scuole Mur di Cadola\" width=\"241\" height=\"181\" \/><\/a><figcaption id=\"caption-attachment-4497\" class=\"wp-caption-text\">Scuole Mur di Cadola<\/figcaption><\/figure>\n<p align=\"LEFT\">Per questo motivo \u00e8 alla ricerca di volontari che diano la propria disponibilit\u00e0 a diventare Pedautisti.<\/p>\n<p align=\"LEFT\">Nella sezione \u201cavvisi\u201d del sito Internet istituzionale sono specificati i percorsi individuati e gli orari nei quali dovrebbe essere attivato il servizio.<\/p>\n<p align=\"LEFT\">Chi fosse interessato non deve fare altro che compilare l&#8217;apposito modulo &#8211; scaricabile dal sito o ritirabile allo Sportello del Cittadino di piazza Duomo 2 &#8211; per la domanda di iscrizione all&#8217;albo dei volontari del Comune di Belluno, specificando la tipologia di servizio per cui si rende disponibile. La domanda va presentata entro mercoled\u00ec 24 dicembre 2014.<\/p>\n<p align=\"LEFT\">Indicativamente, per la scuola primaria di <b>Mur di Cadola<\/b> il Piedibus dovrebbe essere attivo dal luned\u00ec al venerd\u00ec, con due percorsi che consentano di raggiungere la scuola alle ore 7.50 e poi ripartano dalla stessa alle ore 12.55. Il marted\u00ec pomeriggio, per il rientro, la scuola dovr\u00e0 essere raggiunta alle ore 14.25, con partenza per tornare a casa alle ore 16.30.<\/p>\n<p align=\"LEFT\">Per la scuola primaria di <b>Cavarzano<\/b>, il servizio dovr\u00e0 essere attivo dal luned\u00ec al sabato, sempre con due percorsi che consentano di raggiungere la scuola alle ore 8.00. La partenza dalla scuola \u00e8 poi prevista alle ore 12.35.<\/p>\n<p align=\"LEFT\">Nella zona della scuola primaria di <b>Quartier Cadore<\/b>, infine, il Piedibus dovr\u00e0 essere operativo dal luned\u00ec al venerd\u00ec, anche qui con due percorsi, che consentano di raggiungere la scuola alle ore 7.50. La partenza a fien mattinata \u00e8 prevista alle ore 12.55. Per il pomeriggio di rientro, il luned\u00ec, la scuola dovr\u00e0 essere raggiunta alle ore 14.25, con partenza dalla stessa per tornare a casa alle ore 16.30.<\/p>\n<p align=\"LEFT\">Ai Pedautisti volontari sar\u00e0 garantita la copertura assicurativa, la partecipazione a un corso di formazione in materia di educazione stradale e verr\u00e0 fornita la casacchina catarifrangente.<\/p>\n<p align=\"LEFT\">Per maggiori informazioni contattare il Servizio Cultura, sig.a Federica Carlot, al numero 0437 913136 o scrivendo un&#8217;email all&#8217;indirizzo fcarlot@comune.belluno.it.<\/p>","protected":false},"excerpt":{"rendered":"<p>Dopo la prima, positiva esperienza dello scorso anno scolastico, che ha visto l&#8217;attivazione del servizio di Piedibus a Badilet, grazie ai volontari che hanno percorso ogni giorno il tragitto casa-scuola e ritorno con i bambini, il Comune di Belluno intende attivare il Piedibus anche per le scuole primarie di Mur di Cadola, Cavarzano e Quartier [&hellip;]<\/p>\n","protected":false},"author":2,"featured_media":0,"comment_status":"closed","ping_status":"open","sticky":false,"template":"","format":"standard","meta":{"footnotes":""},"categories":[26,15,8],"tags":[],"class_list":["post-64746","post","type-post","status-publish","format-standard","category-prima-pagina","category-scuola","category-societa-istituzioni"],"yoast_head":"<!-- This site is optimized with the Yoast SEO plugin v28.4 - https:\/\/yoast.com\/product\/yoast-seo-wordpress\/ -->\n<title>Avviso per la ricerca di volontari &quot;Pedautisti&quot; per le scuole di\u00a0Mur di Cadola, Cavarzano e Quartier Cadore. Domande entro il 24 dicembre - Bellunopress - Dolomiti<\/title>\n<meta name=\"robots\" content=\"index, follow, max-snippet:-1, max-image-preview:large, max-video-preview:-1\" \/>\n<link rel=\"canonical\" href=\"https:\/\/www.bellunopress.it\/fr\/2014\/12\/09\/avviso-per-la-ricerca-di-volontari-pedautisti-per-le-scuole-di-mur-di-cadola-cavarzano-e-quartier-cadore-domande-entro-il-24-dicembre\/\" \/>\n<meta property=\"og:locale\" content=\"fr_FR\" \/>\n<meta property=\"og:type\" content=\"article\" \/>\n<meta property=\"og:title\" content=\"Avviso per la ricerca di volontari &quot;Pedautisti&quot; per le scuole di\u00a0Mur di Cadola, Cavarzano e Quartier Cadore. Domande entro il 24 dicembre - Bellunopress - Dolomiti\" \/>\n<meta property=\"og:description\" content=\"Dopo la prima, positiva esperienza dello scorso anno scolastico, che ha visto l&#8217;attivazione del servizio di Piedibus a Badilet, grazie ai volontari che hanno percorso ogni giorno il tragitto casa-scuola e ritorno con i bambini, il Comune di Belluno intende attivare il Piedibus anche per le scuole primarie di Mur di Cadola, Cavarzano e Quartier [&hellip;]\" \/>\n<meta property=\"og:url\" content=\"https:\/\/www.bellunopress.it\/fr\/2014\/12\/09\/avviso-per-la-ricerca-di-volontari-pedautisti-per-le-scuole-di-mur-di-cadola-cavarzano-e-quartier-cadore-domande-entro-il-24-dicembre\/\" \/>\n<meta property=\"og:site_name\" content=\"Bellunopress - Dolomiti\" \/>\n<meta property=\"article:publisher\" content=\"https:\/\/www.facebook.com\/profile.php?id=100008943462799\" \/>\n<meta property=\"article:published_time\" content=\"2014-12-09T19:56:07+00:00\" \/>\n<meta property=\"og:image\" content=\"http:\/\/www.bellunopress.it\/wp-content\/uploads\/2009\/06\/seggio-scuole-mur-di-cadola.jpg\" \/>\n<meta name=\"author\" content=\"redazione\" \/>\n<meta name=\"twitter:card\" content=\"summary_large_image\" \/>\n<meta name=\"twitter:creator\" content=\"@bellunopress\" \/>\n<meta name=\"twitter:site\" content=\"@bellunopress\" \/>\n<meta name=\"twitter:label1\" content=\"\u00c9crit par\" \/>\n\t<meta name=\"twitter:data1\" content=\"redazione\" \/>\n\t<meta name=\"twitter:label2\" content=\"Dur\u00e9e de lecture estim\u00e9e\" \/>\n\t<meta name=\"twitter:data2\" content=\"2 minutes\" \/>\n<script type=\"application\/ld+json\" class=\"yoast-schema-graph\">{\"@context\":\"https:\\\/\\\/schema.org\",\"@graph\":[{\"@type\":\"Article\",\"@id\":\"https:\\\/\\\/www.bellunopress.it\\\/2014\\\/12\\\/09\\\/avviso-per-la-ricerca-di-volontari-pedautisti-per-le-scuole-di-mur-di-cadola-cavarzano-e-quartier-cadore-domande-entro-il-24-dicembre\\\/#article\",\"isPartOf\":{\"@id\":\"https:\\\/\\\/www.bellunopress.it\\\/2014\\\/12\\\/09\\\/avviso-per-la-ricerca-di-volontari-pedautisti-per-le-scuole-di-mur-di-cadola-cavarzano-e-quartier-cadore-domande-entro-il-24-dicembre\\\/\"},\"author\":{\"name\":\"redazione\",\"@id\":\"https:\\\/\\\/www.bellunopress.it\\\/#\\\/schema\\\/person\\\/79bb06722b37ece1c03d3e94beb30d73\"},\"headline\":\"Avviso per la ricerca di volontari &#8220;Pedautisti&#8221; per le scuole di\u00a0Mur di Cadola, Cavarzano e Quartier Cadore. Domande entro il 24 dicembre\",\"datePublished\":\"2014-12-09T19:56:07+00:00\",\"mainEntityOfPage\":{\"@id\":\"https:\\\/\\\/www.bellunopress.it\\\/2014\\\/12\\\/09\\\/avviso-per-la-ricerca-di-volontari-pedautisti-per-le-scuole-di-mur-di-cadola-cavarzano-e-quartier-cadore-domande-entro-il-24-dicembre\\\/\"},\"wordCount\":387,\"publisher\":{\"@id\":\"https:\\\/\\\/www.bellunopress.it\\\/#organization\"},\"image\":{\"@id\":\"https:\\\/\\\/www.bellunopress.it\\\/2014\\\/12\\\/09\\\/avviso-per-la-ricerca-di-volontari-pedautisti-per-le-scuole-di-mur-di-cadola-cavarzano-e-quartier-cadore-domande-entro-il-24-dicembre\\\/#primaryimage\"},\"thumbnailUrl\":\"http:\\\/\\\/www.bellunopress.it\\\/wp-content\\\/uploads\\\/2009\\\/06\\\/seggio-scuole-mur-di-cadola.jpg\",\"articleSection\":[\"Prima Pagina\",\"Scuola\",\"Societ\u00e0, Associazioni, Istituzioni\"],\"inLanguage\":\"fr-FR\"},{\"@type\":\"WebPage\",\"@id\":\"https:\\\/\\\/www.bellunopress.it\\\/2014\\\/12\\\/09\\\/avviso-per-la-ricerca-di-volontari-pedautisti-per-le-scuole-di-mur-di-cadola-cavarzano-e-quartier-cadore-domande-entro-il-24-dicembre\\\/\",\"url\":\"https:\\\/\\\/www.bellunopress.it\\\/2014\\\/12\\\/09\\\/avviso-per-la-ricerca-di-volontari-pedautisti-per-le-scuole-di-mur-di-cadola-cavarzano-e-quartier-cadore-domande-entro-il-24-dicembre\\\/\",\"name\":\"Avviso per la ricerca di volontari \\\"Pedautisti\\\" per le scuole di\u00a0Mur di Cadola, Cavarzano e Quartier Cadore. Domande entro il 24 dicembre - Bellunopress - Dolomiti\",\"isPartOf\":{\"@id\":\"https:\\\/\\\/www.bellunopress.it\\\/#website\"},\"primaryImageOfPage\":{\"@id\":\"https:\\\/\\\/www.bellunopress.it\\\/2014\\\/12\\\/09\\\/avviso-per-la-ricerca-di-volontari-pedautisti-per-le-scuole-di-mur-di-cadola-cavarzano-e-quartier-cadore-domande-entro-il-24-dicembre\\\/#primaryimage\"},\"image\":{\"@id\":\"https:\\\/\\\/www.bellunopress.it\\\/2014\\\/12\\\/09\\\/avviso-per-la-ricerca-di-volontari-pedautisti-per-le-scuole-di-mur-di-cadola-cavarzano-e-quartier-cadore-domande-entro-il-24-dicembre\\\/#primaryimage\"},\"thumbnailUrl\":\"http:\\\/\\\/www.bellunopress.it\\\/wp-content\\\/uploads\\\/2009\\\/06\\\/seggio-scuole-mur-di-cadola.jpg\",\"datePublished\":\"2014-12-09T19:56:07+00:00\",\"breadcrumb\":{\"@id\":\"https:\\\/\\\/www.bellunopress.it\\\/2014\\\/12\\\/09\\\/avviso-per-la-ricerca-di-volontari-pedautisti-per-le-scuole-di-mur-di-cadola-cavarzano-e-quartier-cadore-domande-entro-il-24-dicembre\\\/#breadcrumb\"},\"inLanguage\":\"fr-FR\",\"potentialAction\":[{\"@type\":\"ReadAction\",\"target\":[\"https:\\\/\\\/www.bellunopress.it\\\/2014\\\/12\\\/09\\\/avviso-per-la-ricerca-di-volontari-pedautisti-per-le-scuole-di-mur-di-cadola-cavarzano-e-quartier-cadore-domande-entro-il-24-dicembre\\\/\"]}]},{\"@type\":\"ImageObject\",\"inLanguage\":\"fr-FR\",\"@id\":\"https:\\\/\\\/www.bellunopress.it\\\/2014\\\/12\\\/09\\\/avviso-per-la-ricerca-di-volontari-pedautisti-per-le-scuole-di-mur-di-cadola-cavarzano-e-quartier-cadore-domande-entro-il-24-dicembre\\\/#primaryimage\",\"url\":\"http:\\\/\\\/www.bellunopress.it\\\/wp-content\\\/uploads\\\/2009\\\/06\\\/seggio-scuole-mur-di-cadola.jpg\",\"contentUrl\":\"http:\\\/\\\/www.bellunopress.it\\\/wp-content\\\/uploads\\\/2009\\\/06\\\/seggio-scuole-mur-di-cadola.jpg\"},{\"@type\":\"BreadcrumbList\",\"@id\":\"https:\\\/\\\/www.bellunopress.it\\\/2014\\\/12\\\/09\\\/avviso-per-la-ricerca-di-volontari-pedautisti-per-le-scuole-di-mur-di-cadola-cavarzano-e-quartier-cadore-domande-entro-il-24-dicembre\\\/#breadcrumb\",\"itemListElement\":[{\"@type\":\"ListItem\",\"position\":1,\"name\":\"Home\",\"item\":\"https:\\\/\\\/www.bellunopress.it\\\/\"},{\"@type\":\"ListItem\",\"position\":2,\"name\":\"Avviso per la ricerca di volontari &#8220;Pedautisti&#8221; per le scuole di\u00a0Mur di Cadola, Cavarzano e Quartier Cadore. Domande entro il 24 dicembre\"}]},{\"@type\":\"WebSite\",\"@id\":\"https:\\\/\\\/www.bellunopress.it\\\/#website\",\"url\":\"https:\\\/\\\/www.bellunopress.it\\\/\",\"name\":\"Bellunopress - Dolomiti\",\"description\":\"e-mail: redazione@bellunopress.it\",\"publisher\":{\"@id\":\"https:\\\/\\\/www.bellunopress.it\\\/#organization\"},\"potentialAction\":[{\"@type\":\"SearchAction\",\"target\":{\"@type\":\"EntryPoint\",\"urlTemplate\":\"https:\\\/\\\/www.bellunopress.it\\\/?s={search_term_string}\"},\"query-input\":{\"@type\":\"PropertyValueSpecification\",\"valueRequired\":true,\"valueName\":\"search_term_string\"}}],\"inLanguage\":\"fr-FR\"},{\"@type\":\"Organization\",\"@id\":\"https:\\\/\\\/www.bellunopress.it\\\/#organization\",\"name\":\"Bellunopress\",\"url\":\"https:\\\/\\\/www.bellunopress.it\\\/\",\"logo\":{\"@type\":\"ImageObject\",\"inLanguage\":\"fr-FR\",\"@id\":\"https:\\\/\\\/www.bellunopress.it\\\/#\\\/schema\\\/logo\\\/image\\\/\",\"url\":\"https:\\\/\\\/www.bellunopress.it\\\/wp-content\\\/uploads\\\/2011\\\/05\\\/cropped-logo-bellunopress-.jpg\",\"contentUrl\":\"https:\\\/\\\/www.bellunopress.it\\\/wp-content\\\/uploads\\\/2011\\\/05\\\/cropped-logo-bellunopress-.jpg\",\"width\":512,\"height\":512,\"caption\":\"Bellunopress\"},\"image\":{\"@id\":\"https:\\\/\\\/www.bellunopress.it\\\/#\\\/schema\\\/logo\\\/image\\\/\"},\"sameAs\":[\"https:\\\/\\\/www.facebook.com\\\/profile.php?id=100008943462799\",\"https:\\\/\\\/x.com\\\/bellunopress\",\"https:\\\/\\\/www.linkedin.com\\\/hp\\\/?dnr=JBzUWaJfMUw8vbXJJ2tVW5-I3jZKvC4wsoxE&amp;amp;amp;amp;amp;amp;trk=nav_responsive_tab_home\",\"https:\\\/\\\/www.youtube.com\\\/channel\\\/UCxL0wu1uN0_3_7hGG0306cw\"]},{\"@type\":\"Person\",\"@id\":\"https:\\\/\\\/www.bellunopress.it\\\/#\\\/schema\\\/person\\\/79bb06722b37ece1c03d3e94beb30d73\",\"name\":\"redazione\",\"image\":{\"@type\":\"ImageObject\",\"inLanguage\":\"fr-FR\",\"@id\":\"https:\\\/\\\/secure.gravatar.com\\\/avatar\\\/37d968a2e67a6fd04c169c4bdef102d0bc5d31b2546345219e348575eb80e9a0?s=96&d=mm&r=g\",\"url\":\"https:\\\/\\\/secure.gravatar.com\\\/avatar\\\/37d968a2e67a6fd04c169c4bdef102d0bc5d31b2546345219e348575eb80e9a0?s=96&d=mm&r=g\",\"contentUrl\":\"https:\\\/\\\/secure.gravatar.com\\\/avatar\\\/37d968a2e67a6fd04c169c4bdef102d0bc5d31b2546345219e348575eb80e9a0?s=96&d=mm&r=g\",\"caption\":\"redazione\"},\"sameAs\":[\"http:\\\/\\\/www.bellunopress.it\",\"https:\\\/\\\/x.com\\\/bellunopress\"],\"url\":\"https:\\\/\\\/www.bellunopress.it\\\/fr\\\/author\\\/redazione\\\/\"}]}<\/script>\n<!-- \/ Yoast SEO plugin. -->","yoast_head_json":{"title":"Avviso per la ricerca di volontari \"Pedautisti\" per le scuole di\u00a0Mur di Cadola, Cavarzano e Quartier Cadore. Domande entro il 24 dicembre - Bellunopress - Dolomiti","robots":{"index":"index","follow":"follow","max-snippet":"max-snippet:-1","max-image-preview":"max-image-preview:large","max-video-preview":"max-video-preview:-1"},"canonical":"https:\/\/www.bellunopress.it\/fr\/2014\/12\/09\/avviso-per-la-ricerca-di-volontari-pedautisti-per-le-scuole-di-mur-di-cadola-cavarzano-e-quartier-cadore-domande-entro-il-24-dicembre\/","og_locale":"fr_FR","og_type":"article","og_title":"Avviso per la ricerca di volontari \"Pedautisti\" per le scuole di\u00a0Mur di Cadola, Cavarzano e Quartier Cadore. Domande entro il 24 dicembre - Bellunopress - Dolomiti","og_description":"Dopo la prima, positiva esperienza dello scorso anno scolastico, che ha visto l&#8217;attivazione del servizio di Piedibus a Badilet, grazie ai volontari che hanno percorso ogni giorno il tragitto casa-scuola e ritorno con i bambini, il Comune di Belluno intende attivare il Piedibus anche per le scuole primarie di Mur di Cadola, Cavarzano e Quartier [&hellip;]","og_url":"https:\/\/www.bellunopress.it\/fr\/2014\/12\/09\/avviso-per-la-ricerca-di-volontari-pedautisti-per-le-scuole-di-mur-di-cadola-cavarzano-e-quartier-cadore-domande-entro-il-24-dicembre\/","og_site_name":"Bellunopress - Dolomiti","article_publisher":"https:\/\/www.facebook.com\/profile.php?id=100008943462799","article_published_time":"2014-12-09T19:56:07+00:00","og_image":[{"url":"http:\/\/www.bellunopress.it\/wp-content\/uploads\/2009\/06\/seggio-scuole-mur-di-cadola.jpg","type":"","width":"","height":""}],"author":"redazione","twitter_card":"summary_large_image","twitter_creator":"@bellunopress","twitter_site":"@bellunopress","twitter_misc":{"\u00c9crit par":"redazione","Dur\u00e9e de lecture estim\u00e9e":"2 minutes"},"schema":{"@context":"https:\/\/schema.org","@graph":[{"@type":"Article","@id":"https:\/\/www.bellunopress.it\/2014\/12\/09\/avviso-per-la-ricerca-di-volontari-pedautisti-per-le-scuole-di-mur-di-cadola-cavarzano-e-quartier-cadore-domande-entro-il-24-dicembre\/#article","isPartOf":{"@id":"https:\/\/www.bellunopress.it\/2014\/12\/09\/avviso-per-la-ricerca-di-volontari-pedautisti-per-le-scuole-di-mur-di-cadola-cavarzano-e-quartier-cadore-domande-entro-il-24-dicembre\/"},"author":{"name":"redazione","@id":"https:\/\/www.bellunopress.it\/#\/schema\/person\/79bb06722b37ece1c03d3e94beb30d73"},"headline":"Avviso per la ricerca di volontari &#8220;Pedautisti&#8221; per le scuole di\u00a0Mur di Cadola, Cavarzano e Quartier Cadore. Domande entro il 24 dicembre","datePublished":"2014-12-09T19:56:07+00:00","mainEntityOfPage":{"@id":"https:\/\/www.bellunopress.it\/2014\/12\/09\/avviso-per-la-ricerca-di-volontari-pedautisti-per-le-scuole-di-mur-di-cadola-cavarzano-e-quartier-cadore-domande-entro-il-24-dicembre\/"},"wordCount":387,"publisher":{"@id":"https:\/\/www.bellunopress.it\/#organization"},"image":{"@id":"https:\/\/www.bellunopress.it\/2014\/12\/09\/avviso-per-la-ricerca-di-volontari-pedautisti-per-le-scuole-di-mur-di-cadola-cavarzano-e-quartier-cadore-domande-entro-il-24-dicembre\/#primaryimage"},"thumbnailUrl":"http:\/\/www.bellunopress.it\/wp-content\/uploads\/2009\/06\/seggio-scuole-mur-di-cadola.jpg","articleSection":["Prima Pagina","Scuola","Societ\u00e0, Associazioni, Istituzioni"],"inLanguage":"fr-FR"},{"@type":"WebPage","@id":"https:\/\/www.bellunopress.it\/2014\/12\/09\/avviso-per-la-ricerca-di-volontari-pedautisti-per-le-scuole-di-mur-di-cadola-cavarzano-e-quartier-cadore-domande-entro-il-24-dicembre\/","url":"https:\/\/www.bellunopress.it\/2014\/12\/09\/avviso-per-la-ricerca-di-volontari-pedautisti-per-le-scuole-di-mur-di-cadola-cavarzano-e-quartier-cadore-domande-entro-il-24-dicembre\/","name":"Avviso per la ricerca di volontari \"Pedautisti\" per le scuole di\u00a0Mur di Cadola, Cavarzano e Quartier Cadore. Domande entro il 24 dicembre - Bellunopress - Dolomiti","isPartOf":{"@id":"https:\/\/www.bellunopress.it\/#website"},"primaryImageOfPage":{"@id":"https:\/\/www.bellunopress.it\/2014\/12\/09\/avviso-per-la-ricerca-di-volontari-pedautisti-per-le-scuole-di-mur-di-cadola-cavarzano-e-quartier-cadore-domande-entro-il-24-dicembre\/#primaryimage"},"image":{"@id":"https:\/\/www.bellunopress.it\/2014\/12\/09\/avviso-per-la-ricerca-di-volontari-pedautisti-per-le-scuole-di-mur-di-cadola-cavarzano-e-quartier-cadore-domande-entro-il-24-dicembre\/#primaryimage"},"thumbnailUrl":"http:\/\/www.bellunopress.it\/wp-content\/uploads\/2009\/06\/seggio-scuole-mur-di-cadola.jpg","datePublished":"2014-12-09T19:56:07+00:00","breadcrumb":{"@id":"https:\/\/www.bellunopress.it\/2014\/12\/09\/avviso-per-la-ricerca-di-volontari-pedautisti-per-le-scuole-di-mur-di-cadola-cavarzano-e-quartier-cadore-domande-entro-il-24-dicembre\/#breadcrumb"},"inLanguage":"fr-FR","potentialAction":[{"@type":"ReadAction","target":["https:\/\/www.bellunopress.it\/2014\/12\/09\/avviso-per-la-ricerca-di-volontari-pedautisti-per-le-scuole-di-mur-di-cadola-cavarzano-e-quartier-cadore-domande-entro-il-24-dicembre\/"]}]},{"@type":"ImageObject","inLanguage":"fr-FR","@id":"https:\/\/www.bellunopress.it\/2014\/12\/09\/avviso-per-la-ricerca-di-volontari-pedautisti-per-le-scuole-di-mur-di-cadola-cavarzano-e-quartier-cadore-domande-entro-il-24-dicembre\/#primaryimage","url":"http:\/\/www.bellunopress.it\/wp-content\/uploads\/2009\/06\/seggio-scuole-mur-di-cadola.jpg","contentUrl":"http:\/\/www.bellunopress.it\/wp-content\/uploads\/2009\/06\/seggio-scuole-mur-di-cadola.jpg"},{"@type":"BreadcrumbList","@id":"https:\/\/www.bellunopress.it\/2014\/12\/09\/avviso-per-la-ricerca-di-volontari-pedautisti-per-le-scuole-di-mur-di-cadola-cavarzano-e-quartier-cadore-domande-entro-il-24-dicembre\/#breadcrumb","itemListElement":[{"@type":"ListItem","position":1,"name":"Home","item":"https:\/\/www.bellunopress.it\/"},{"@type":"ListItem","position":2,"name":"Avviso per la ricerca di volontari &#8220;Pedautisti&#8221; per le scuole di\u00a0Mur di Cadola, Cavarzano e Quartier Cadore. Domande entro il 24 dicembre"}]},{"@type":"WebSite","@id":"https:\/\/www.bellunopress.it\/#website","url":"https:\/\/www.bellunopress.it\/","name":"Bellunopress - Dolomiti","description":"e-mail: redazione@bellunopress.it","publisher":{"@id":"https:\/\/www.bellunopress.it\/#organization"},"potentialAction":[{"@type":"SearchAction","target":{"@type":"EntryPoint","urlTemplate":"https:\/\/www.bellunopress.it\/?s={search_term_string}"},"query-input":{"@type":"PropertyValueSpecification","valueRequired":true,"valueName":"search_term_string"}}],"inLanguage":"fr-FR"},{"@type":"Organization","@id":"https:\/\/www.bellunopress.it\/#organization","name":"Bellunopress","url":"https:\/\/www.bellunopress.it\/","logo":{"@type":"ImageObject","inLanguage":"fr-FR","@id":"https:\/\/www.bellunopress.it\/#\/schema\/logo\/image\/","url":"https:\/\/www.bellunopress.it\/wp-content\/uploads\/2011\/05\/cropped-logo-bellunopress-.jpg","contentUrl":"https:\/\/www.bellunopress.it\/wp-content\/uploads\/2011\/05\/cropped-logo-bellunopress-.jpg","width":512,"height":512,"caption":"Bellunopress"},"image":{"@id":"https:\/\/www.bellunopress.it\/#\/schema\/logo\/image\/"},"sameAs":["https:\/\/www.facebook.com\/profile.php?id=100008943462799","https:\/\/x.com\/bellunopress","https:\/\/www.linkedin.com\/hp\/?dnr=JBzUWaJfMUw8vbXJJ2tVW5-I3jZKvC4wsoxE&amp;amp;amp;amp;amp;amp;trk=nav_responsive_tab_home","https:\/\/www.youtube.com\/channel\/UCxL0wu1uN0_3_7hGG0306cw"]},{"@type":"Person","@id":"https:\/\/www.bellunopress.it\/#\/schema\/person\/79bb06722b37ece1c03d3e94beb30d73","name":"r\u00e9daction","image":{"@type":"ImageObject","inLanguage":"fr-FR","@id":"https:\/\/secure.gravatar.com\/avatar\/37d968a2e67a6fd04c169c4bdef102d0bc5d31b2546345219e348575eb80e9a0?s=96&d=mm&r=g","url":"https:\/\/secure.gravatar.com\/avatar\/37d968a2e67a6fd04c169c4bdef102d0bc5d31b2546345219e348575eb80e9a0?s=96&d=mm&r=g","contentUrl":"https:\/\/secure.gravatar.com\/avatar\/37d968a2e67a6fd04c169c4bdef102d0bc5d31b2546345219e348575eb80e9a0?s=96&d=mm&r=g","caption":"redazione"},"sameAs":["http:\/\/www.bellunopress.it","https:\/\/x.com\/bellunopress"],"url":"https:\/\/www.bellunopress.it\/fr\/author\/redazione\/"}]}},"_links":{"self":[{"href":"https:\/\/www.bellunopress.it\/fr\/wp-json\/wp\/v2\/posts\/64746","targetHints":{"allow":["GET"]}}],"collection":[{"href":"https:\/\/www.bellunopress.it\/fr\/wp-json\/wp\/v2\/posts"}],"about":[{"href":"https:\/\/www.bellunopress.it\/fr\/wp-json\/wp\/v2\/types\/post"}],"author":[{"embeddable":true,"href":"https:\/\/www.bellunopress.it\/fr\/wp-json\/wp\/v2\/users\/2"}],"replies":[{"embeddable":true,"href":"https:\/\/www.bellunopress.it\/fr\/wp-json\/wp\/v2\/comments?post=64746"}],"version-history":[{"count":1,"href":"https:\/\/www.bellunopress.it\/fr\/wp-json\/wp\/v2\/posts\/64746\/revisions"}],"predecessor-version":[{"id":64747,"href":"https:\/\/www.bellunopress.it\/fr\/wp-json\/wp\/v2\/posts\/64746\/revisions\/64747"}],"wp:attachment":[{"href":"https:\/\/www.bellunopress.it\/fr\/wp-json\/wp\/v2\/media?parent=64746"}],"wp:term":[{"taxonomy":"category","embeddable":true,"href":"https:\/\/www.bellunopress.it\/fr\/wp-json\/wp\/v2\/categories?post=64746"},{"taxonomy":"post_tag","embeddable":true,"href":"https:\/\/www.bellunopress.it\/fr\/wp-json\/wp\/v2\/tags?post=64746"}],"curies":[{"name":"wp","href":"https:\/\/api.w.org\/{rel}","templated":true}]}}