{"id":64743,"date":"2014-12-09T18:46:25","date_gmt":"2014-12-09T17:46:25","guid":{"rendered":"http:\/\/www.bellunopress.it\/?p=64743"},"modified":"2014-12-09T18:46:25","modified_gmt":"2014-12-09T17:46:25","slug":"inaugurata-a-cortina-la-sede-mover-design-e-stile-proiettato-nel-mondo-sportivo","status":"publish","type":"post","link":"https:\/\/www.bellunopress.it\/fr\/2014\/12\/09\/inaugurata-a-cortina-la-sede-mover-design-e-stile-proiettato-nel-mondo-sportivo\/","title":{"rendered":"Inaugurata a Cortina la sede M&#8217;Over, design e stile proiettato nel mondo sportivo"},"content":{"rendered":"<div>\n<p><a href=\"http:\/\/www.bellunopress.it\/wp-content\/uploads\/2014\/12\/Team_Mover.jpg\"><img loading=\"lazy\" decoding=\"async\" class=\"alignleft size-full wp-image-64744\" src=\"http:\/\/www.bellunopress.it\/wp-content\/uploads\/2014\/12\/Team_Mover.jpg\" alt=\"Team_Mover\" width=\"350\" height=\"141\" \/><\/a>\u201cQuesto \u00e8 il coronamento di un sogno: il sogno di soddisfare le esigenze e le giuste aspettative dei\u00a0clienti amici\u00a0&#8211; M&#8217;over ci prover\u00e0.\u201d<\/p>\n<div>Troppo emozionato per prendere la parola Maurizio Sommariva, ideatore del progetto M&#8217;Over, affida a Stefano Abram, manager e fondatore, il messaggio per l&#8217;inaugurazione della sede della nuova realt\u00e0 che dal 6 dicembre \u00e8 operativa a Cortina d&#8217;Ampezzo.<\/div>\n<div>\n<p>Una sede importante, ai piedi del palazzo delle Regole, nel cuore pulsante del centro ampezzano, affidata al design dell&#8217;architetto Alberto Pivato, socio e fondatore di M&#8217;Over.<\/p>\n<p>Design e stile nel rispetto della tradizione ma con una grande attenzione ai richiami della modernit\u00e0. Proprio come la filosofia del team, proiettato nel mondo sportivo con un&#8217;offerta nuova e versatile a 360 gradi.<\/p>\n<p>Quella di domenica 7 dicembre non \u00e8 stata una semplice inaugurazione ma un vero e proprio evento. Tra gli ospiti che non hanno voluto perdere questo battesimo anche i grandi nomi della storia dello sport ampezzano: gli ex azzurri Bruno Alberti e Giovanni Dibona, presenti con la maglia storica dello Sci Club Cortina. Quasi un passaggio di testimone fra campioni.<\/p>\n<p>Quegli stessi campioni che hanno abbracciato il progetto: Kristian Ghedina , Pietro Piller Cottrer , Deborah Compagnoni, Giacomo Kratter, Ivano Corvi. Campioni nello sport e nella vita con quello spirito di passione che anima anche tutti gli altri soci e collaboratori del team, tutti super selezionati professionisti dello sport.<\/p>\n<p>Tutti presenti, fatta eccezione per il Ghedo che ha inviato un messaggio video dal Colorado dove \u00e8 impegnato in Coppa del mondo.<\/p>\n<p>Dopo il saluto ufficiale dell&#8217;assessore allo sport Marco Ghedina e la benedizione del Parroco Don Paolo Arnoldo c&#8217;\u00e8 stata la consegna dell&#8217;attestato da parte del presidente del Collegio Veneto dei maestri di sci Roberto Pierobon al direttore della scuola &#8220;M&#8217;Over by Ghedo&#8221; \u00a0Diego Stefani.<\/p>\n<p>E poi i lunghi brindisi con i vini delle cantine Bortolomiol e Umani Rochi, sotto lo sguardo sornione dei Giauli di Mauro Lampo che gi\u00e0 albergano comodamente nella sede di Piazzetta San Francesco.<\/p>\n<\/div>\n<\/div>\n<div><\/div>\n<div><strong>Il team M&#8217;Over al \u00a0completo:<\/strong><\/div>\n<div><\/div>\n<div>Maurizio Sommariva<\/div>\n<div>Kristian Ghedina<\/div>\n<div>Alberto Pivato<\/div>\n<div>Ivano Corvi<\/div>\n<div>Stefano Abram<\/div>\n<div>Diego Stefani<\/div>\n<div>Christian Leischner<\/div>\n<div>Luca Dalla Palma<\/div>\n<div>Tatiana Alver\u00e0<\/div>\n<div>\n<div>Annachiara Gerolimetto<\/div>\n<div>Sebastiano Fullin<\/div>\n<div>Aldo Valmassoi<\/div>\n<div>Marco Aliprandi<\/div>\n<div>Pietro Piller Cottrer<\/div>\n<div>Nicola Bizzarini<\/div>\n<div>Deborah Compagnoni<\/div>\n<div>Alessandro Benetton<\/div>\n<\/div>\n<div>Giacomo Kratter<\/div>\n<div>Christopher Doneddu<\/div>\n<div>\n<div>Andrea Turchetti<\/div>\n<div>Francesco Fusco<\/div>\n<div>Matteo Bugatti<\/div>\n<div>Nino Barresi<\/div>\n<div>Andrea Dorotei<\/div>\n<div>Vittoria Dorotei<\/div>\n<div>Diego Alberti<\/div>\n<div>Chiara Visentin<\/div>\n<div>Riccardo Tirocchi<\/div>\n<\/div>","protected":false},"excerpt":{"rendered":"<p>\u201cQuesto \u00e8 il coronamento di un sogno: il sogno di soddisfare le esigenze e le giuste aspettative dei\u00a0clienti amici\u00a0&#8211; M&#8217;over ci prover\u00e0.\u201d Troppo emozionato per prendere la parola Maurizio Sommariva, ideatore del progetto M&#8217;Over, affida a Stefano Abram, manager e fondatore, il messaggio per l&#8217;inaugurazione della sede della nuova realt\u00e0 che dal 6 dicembre \u00e8 [&hellip;]<\/p>\n","protected":false},"author":2,"featured_media":0,"comment_status":"closed","ping_status":"open","sticky":false,"template":"","format":"standard","meta":{"footnotes":""},"categories":[26,8,4],"tags":[],"class_list":["post-64743","post","type-post","status-publish","format-standard","category-prima-pagina","category-societa-istituzioni","category-sport"],"yoast_head":"<!-- This site is optimized with the Yoast SEO plugin v28.4 - https:\/\/yoast.com\/product\/yoast-seo-wordpress\/ -->\n<title>Inaugurata a Cortina la sede M&#039;Over, design e stile proiettato nel mondo sportivo - Bellunopress - Dolomiti<\/title>\n<meta name=\"robots\" content=\"index, follow, max-snippet:-1, max-image-preview:large, max-video-preview:-1\" \/>\n<link rel=\"canonical\" href=\"https:\/\/www.bellunopress.it\/fr\/2014\/12\/09\/inaugurata-a-cortina-la-sede-mover-design-e-stile-proiettato-nel-mondo-sportivo\/\" \/>\n<meta property=\"og:locale\" content=\"fr_FR\" \/>\n<meta property=\"og:type\" content=\"article\" \/>\n<meta property=\"og:title\" content=\"Inaugurata a Cortina la sede M&#039;Over, design e stile proiettato nel mondo sportivo - Bellunopress - Dolomiti\" \/>\n<meta property=\"og:description\" content=\"\u201cQuesto \u00e8 il coronamento di un sogno: il sogno di soddisfare le esigenze e le giuste aspettative dei\u00a0clienti amici\u00a0&#8211; M&#8217;over ci prover\u00e0.\u201d Troppo emozionato per prendere la parola Maurizio Sommariva, ideatore del progetto M&#8217;Over, affida a Stefano Abram, manager e fondatore, il messaggio per l&#8217;inaugurazione della sede della nuova realt\u00e0 che dal 6 dicembre \u00e8 [&hellip;]\" \/>\n<meta property=\"og:url\" content=\"https:\/\/www.bellunopress.it\/fr\/2014\/12\/09\/inaugurata-a-cortina-la-sede-mover-design-e-stile-proiettato-nel-mondo-sportivo\/\" \/>\n<meta property=\"og:site_name\" content=\"Bellunopress - Dolomiti\" \/>\n<meta property=\"article:publisher\" content=\"https:\/\/www.facebook.com\/profile.php?id=100008943462799\" \/>\n<meta property=\"article:published_time\" content=\"2014-12-09T17:46:25+00:00\" \/>\n<meta property=\"og:image\" content=\"http:\/\/www.bellunopress.it\/wp-content\/uploads\/2014\/12\/Team_Mover.jpg\" \/>\n<meta name=\"author\" content=\"redazione\" \/>\n<meta name=\"twitter:card\" content=\"summary_large_image\" \/>\n<meta name=\"twitter:creator\" content=\"@bellunopress\" \/>\n<meta name=\"twitter:site\" content=\"@bellunopress\" \/>\n<meta name=\"twitter:label1\" content=\"\u00c9crit par\" \/>\n\t<meta name=\"twitter:data1\" content=\"redazione\" \/>\n\t<meta name=\"twitter:label2\" content=\"Dur\u00e9e de lecture estim\u00e9e\" \/>\n\t<meta name=\"twitter:data2\" content=\"2 minutes\" \/>\n<script type=\"application\/ld+json\" class=\"yoast-schema-graph\">{\"@context\":\"https:\\\/\\\/schema.org\",\"@graph\":[{\"@type\":\"Article\",\"@id\":\"https:\\\/\\\/www.bellunopress.it\\\/2014\\\/12\\\/09\\\/inaugurata-a-cortina-la-sede-mover-design-e-stile-proiettato-nel-mondo-sportivo\\\/#article\",\"isPartOf\":{\"@id\":\"https:\\\/\\\/www.bellunopress.it\\\/2014\\\/12\\\/09\\\/inaugurata-a-cortina-la-sede-mover-design-e-stile-proiettato-nel-mondo-sportivo\\\/\"},\"author\":{\"name\":\"redazione\",\"@id\":\"https:\\\/\\\/www.bellunopress.it\\\/#\\\/schema\\\/person\\\/79bb06722b37ece1c03d3e94beb30d73\"},\"headline\":\"Inaugurata a Cortina la sede M&#8217;Over, design e stile proiettato nel mondo sportivo\",\"datePublished\":\"2014-12-09T17:46:25+00:00\",\"mainEntityOfPage\":{\"@id\":\"https:\\\/\\\/www.bellunopress.it\\\/2014\\\/12\\\/09\\\/inaugurata-a-cortina-la-sede-mover-design-e-stile-proiettato-nel-mondo-sportivo\\\/\"},\"wordCount\":408,\"publisher\":{\"@id\":\"https:\\\/\\\/www.bellunopress.it\\\/#organization\"},\"image\":{\"@id\":\"https:\\\/\\\/www.bellunopress.it\\\/2014\\\/12\\\/09\\\/inaugurata-a-cortina-la-sede-mover-design-e-stile-proiettato-nel-mondo-sportivo\\\/#primaryimage\"},\"thumbnailUrl\":\"http:\\\/\\\/www.bellunopress.it\\\/wp-content\\\/uploads\\\/2014\\\/12\\\/Team_Mover.jpg\",\"articleSection\":[\"Prima Pagina\",\"Societ\u00e0, Associazioni, Istituzioni\",\"Sport, tempo libero\"],\"inLanguage\":\"fr-FR\"},{\"@type\":\"WebPage\",\"@id\":\"https:\\\/\\\/www.bellunopress.it\\\/2014\\\/12\\\/09\\\/inaugurata-a-cortina-la-sede-mover-design-e-stile-proiettato-nel-mondo-sportivo\\\/\",\"url\":\"https:\\\/\\\/www.bellunopress.it\\\/2014\\\/12\\\/09\\\/inaugurata-a-cortina-la-sede-mover-design-e-stile-proiettato-nel-mondo-sportivo\\\/\",\"name\":\"Inaugurata a Cortina la sede M'Over, design e stile proiettato nel mondo sportivo - Bellunopress - Dolomiti\",\"isPartOf\":{\"@id\":\"https:\\\/\\\/www.bellunopress.it\\\/#website\"},\"primaryImageOfPage\":{\"@id\":\"https:\\\/\\\/www.bellunopress.it\\\/2014\\\/12\\\/09\\\/inaugurata-a-cortina-la-sede-mover-design-e-stile-proiettato-nel-mondo-sportivo\\\/#primaryimage\"},\"image\":{\"@id\":\"https:\\\/\\\/www.bellunopress.it\\\/2014\\\/12\\\/09\\\/inaugurata-a-cortina-la-sede-mover-design-e-stile-proiettato-nel-mondo-sportivo\\\/#primaryimage\"},\"thumbnailUrl\":\"http:\\\/\\\/www.bellunopress.it\\\/wp-content\\\/uploads\\\/2014\\\/12\\\/Team_Mover.jpg\",\"datePublished\":\"2014-12-09T17:46:25+00:00\",\"breadcrumb\":{\"@id\":\"https:\\\/\\\/www.bellunopress.it\\\/2014\\\/12\\\/09\\\/inaugurata-a-cortina-la-sede-mover-design-e-stile-proiettato-nel-mondo-sportivo\\\/#breadcrumb\"},\"inLanguage\":\"fr-FR\",\"potentialAction\":[{\"@type\":\"ReadAction\",\"target\":[\"https:\\\/\\\/www.bellunopress.it\\\/2014\\\/12\\\/09\\\/inaugurata-a-cortina-la-sede-mover-design-e-stile-proiettato-nel-mondo-sportivo\\\/\"]}]},{\"@type\":\"ImageObject\",\"inLanguage\":\"fr-FR\",\"@id\":\"https:\\\/\\\/www.bellunopress.it\\\/2014\\\/12\\\/09\\\/inaugurata-a-cortina-la-sede-mover-design-e-stile-proiettato-nel-mondo-sportivo\\\/#primaryimage\",\"url\":\"http:\\\/\\\/www.bellunopress.it\\\/wp-content\\\/uploads\\\/2014\\\/12\\\/Team_Mover.jpg\",\"contentUrl\":\"http:\\\/\\\/www.bellunopress.it\\\/wp-content\\\/uploads\\\/2014\\\/12\\\/Team_Mover.jpg\"},{\"@type\":\"BreadcrumbList\",\"@id\":\"https:\\\/\\\/www.bellunopress.it\\\/2014\\\/12\\\/09\\\/inaugurata-a-cortina-la-sede-mover-design-e-stile-proiettato-nel-mondo-sportivo\\\/#breadcrumb\",\"itemListElement\":[{\"@type\":\"ListItem\",\"position\":1,\"name\":\"Home\",\"item\":\"https:\\\/\\\/www.bellunopress.it\\\/\"},{\"@type\":\"ListItem\",\"position\":2,\"name\":\"Inaugurata a Cortina la sede M&#8217;Over, design e stile proiettato nel mondo sportivo\"}]},{\"@type\":\"WebSite\",\"@id\":\"https:\\\/\\\/www.bellunopress.it\\\/#website\",\"url\":\"https:\\\/\\\/www.bellunopress.it\\\/\",\"name\":\"Bellunopress - Dolomiti\",\"description\":\"e-mail: redazione@bellunopress.it\",\"publisher\":{\"@id\":\"https:\\\/\\\/www.bellunopress.it\\\/#organization\"},\"potentialAction\":[{\"@type\":\"SearchAction\",\"target\":{\"@type\":\"EntryPoint\",\"urlTemplate\":\"https:\\\/\\\/www.bellunopress.it\\\/?s={search_term_string}\"},\"query-input\":{\"@type\":\"PropertyValueSpecification\",\"valueRequired\":true,\"valueName\":\"search_term_string\"}}],\"inLanguage\":\"fr-FR\"},{\"@type\":\"Organization\",\"@id\":\"https:\\\/\\\/www.bellunopress.it\\\/#organization\",\"name\":\"Bellunopress\",\"url\":\"https:\\\/\\\/www.bellunopress.it\\\/\",\"logo\":{\"@type\":\"ImageObject\",\"inLanguage\":\"fr-FR\",\"@id\":\"https:\\\/\\\/www.bellunopress.it\\\/#\\\/schema\\\/logo\\\/image\\\/\",\"url\":\"https:\\\/\\\/www.bellunopress.it\\\/wp-content\\\/uploads\\\/2011\\\/05\\\/cropped-logo-bellunopress-.jpg\",\"contentUrl\":\"https:\\\/\\\/www.bellunopress.it\\\/wp-content\\\/uploads\\\/2011\\\/05\\\/cropped-logo-bellunopress-.jpg\",\"width\":512,\"height\":512,\"caption\":\"Bellunopress\"},\"image\":{\"@id\":\"https:\\\/\\\/www.bellunopress.it\\\/#\\\/schema\\\/logo\\\/image\\\/\"},\"sameAs\":[\"https:\\\/\\\/www.facebook.com\\\/profile.php?id=100008943462799\",\"https:\\\/\\\/x.com\\\/bellunopress\",\"https:\\\/\\\/www.linkedin.com\\\/hp\\\/?dnr=JBzUWaJfMUw8vbXJJ2tVW5-I3jZKvC4wsoxE&amp;amp;amp;amp;amp;amp;trk=nav_responsive_tab_home\",\"https:\\\/\\\/www.youtube.com\\\/channel\\\/UCxL0wu1uN0_3_7hGG0306cw\"]},{\"@type\":\"Person\",\"@id\":\"https:\\\/\\\/www.bellunopress.it\\\/#\\\/schema\\\/person\\\/79bb06722b37ece1c03d3e94beb30d73\",\"name\":\"redazione\",\"image\":{\"@type\":\"ImageObject\",\"inLanguage\":\"fr-FR\",\"@id\":\"https:\\\/\\\/secure.gravatar.com\\\/avatar\\\/37d968a2e67a6fd04c169c4bdef102d0bc5d31b2546345219e348575eb80e9a0?s=96&d=mm&r=g\",\"url\":\"https:\\\/\\\/secure.gravatar.com\\\/avatar\\\/37d968a2e67a6fd04c169c4bdef102d0bc5d31b2546345219e348575eb80e9a0?s=96&d=mm&r=g\",\"contentUrl\":\"https:\\\/\\\/secure.gravatar.com\\\/avatar\\\/37d968a2e67a6fd04c169c4bdef102d0bc5d31b2546345219e348575eb80e9a0?s=96&d=mm&r=g\",\"caption\":\"redazione\"},\"sameAs\":[\"http:\\\/\\\/www.bellunopress.it\",\"https:\\\/\\\/x.com\\\/bellunopress\"],\"url\":\"https:\\\/\\\/www.bellunopress.it\\\/fr\\\/author\\\/redazione\\\/\"}]}<\/script>\n<!-- \/ Yoast SEO plugin. -->","yoast_head_json":{"title":"Inaugurata a Cortina la sede M'Over, design e stile proiettato nel mondo sportivo - Bellunopress - Dolomiti","robots":{"index":"index","follow":"follow","max-snippet":"max-snippet:-1","max-image-preview":"max-image-preview:large","max-video-preview":"max-video-preview:-1"},"canonical":"https:\/\/www.bellunopress.it\/fr\/2014\/12\/09\/inaugurata-a-cortina-la-sede-mover-design-e-stile-proiettato-nel-mondo-sportivo\/","og_locale":"fr_FR","og_type":"article","og_title":"Inaugurata a Cortina la sede M'Over, design e stile proiettato nel mondo sportivo - Bellunopress - Dolomiti","og_description":"\u201cQuesto \u00e8 il coronamento di un sogno: il sogno di soddisfare le esigenze e le giuste aspettative dei\u00a0clienti amici\u00a0&#8211; M&#8217;over ci prover\u00e0.\u201d Troppo emozionato per prendere la parola Maurizio Sommariva, ideatore del progetto M&#8217;Over, affida a Stefano Abram, manager e fondatore, il messaggio per l&#8217;inaugurazione della sede della nuova realt\u00e0 che dal 6 dicembre \u00e8 [&hellip;]","og_url":"https:\/\/www.bellunopress.it\/fr\/2014\/12\/09\/inaugurata-a-cortina-la-sede-mover-design-e-stile-proiettato-nel-mondo-sportivo\/","og_site_name":"Bellunopress - Dolomiti","article_publisher":"https:\/\/www.facebook.com\/profile.php?id=100008943462799","article_published_time":"2014-12-09T17:46:25+00:00","og_image":[{"url":"http:\/\/www.bellunopress.it\/wp-content\/uploads\/2014\/12\/Team_Mover.jpg","type":"","width":"","height":""}],"author":"redazione","twitter_card":"summary_large_image","twitter_creator":"@bellunopress","twitter_site":"@bellunopress","twitter_misc":{"\u00c9crit par":"redazione","Dur\u00e9e de lecture estim\u00e9e":"2 minutes"},"schema":{"@context":"https:\/\/schema.org","@graph":[{"@type":"Article","@id":"https:\/\/www.bellunopress.it\/2014\/12\/09\/inaugurata-a-cortina-la-sede-mover-design-e-stile-proiettato-nel-mondo-sportivo\/#article","isPartOf":{"@id":"https:\/\/www.bellunopress.it\/2014\/12\/09\/inaugurata-a-cortina-la-sede-mover-design-e-stile-proiettato-nel-mondo-sportivo\/"},"author":{"name":"redazione","@id":"https:\/\/www.bellunopress.it\/#\/schema\/person\/79bb06722b37ece1c03d3e94beb30d73"},"headline":"Inaugurata a Cortina la sede M&#8217;Over, design e stile proiettato nel mondo sportivo","datePublished":"2014-12-09T17:46:25+00:00","mainEntityOfPage":{"@id":"https:\/\/www.bellunopress.it\/2014\/12\/09\/inaugurata-a-cortina-la-sede-mover-design-e-stile-proiettato-nel-mondo-sportivo\/"},"wordCount":408,"publisher":{"@id":"https:\/\/www.bellunopress.it\/#organization"},"image":{"@id":"https:\/\/www.bellunopress.it\/2014\/12\/09\/inaugurata-a-cortina-la-sede-mover-design-e-stile-proiettato-nel-mondo-sportivo\/#primaryimage"},"thumbnailUrl":"http:\/\/www.bellunopress.it\/wp-content\/uploads\/2014\/12\/Team_Mover.jpg","articleSection":["Prima Pagina","Societ\u00e0, Associazioni, Istituzioni","Sport, tempo libero"],"inLanguage":"fr-FR"},{"@type":"WebPage","@id":"https:\/\/www.bellunopress.it\/2014\/12\/09\/inaugurata-a-cortina-la-sede-mover-design-e-stile-proiettato-nel-mondo-sportivo\/","url":"https:\/\/www.bellunopress.it\/2014\/12\/09\/inaugurata-a-cortina-la-sede-mover-design-e-stile-proiettato-nel-mondo-sportivo\/","name":"Inaugurata a Cortina la sede M'Over, design e stile proiettato nel mondo sportivo - Bellunopress - Dolomiti","isPartOf":{"@id":"https:\/\/www.bellunopress.it\/#website"},"primaryImageOfPage":{"@id":"https:\/\/www.bellunopress.it\/2014\/12\/09\/inaugurata-a-cortina-la-sede-mover-design-e-stile-proiettato-nel-mondo-sportivo\/#primaryimage"},"image":{"@id":"https:\/\/www.bellunopress.it\/2014\/12\/09\/inaugurata-a-cortina-la-sede-mover-design-e-stile-proiettato-nel-mondo-sportivo\/#primaryimage"},"thumbnailUrl":"http:\/\/www.bellunopress.it\/wp-content\/uploads\/2014\/12\/Team_Mover.jpg","datePublished":"2014-12-09T17:46:25+00:00","breadcrumb":{"@id":"https:\/\/www.bellunopress.it\/2014\/12\/09\/inaugurata-a-cortina-la-sede-mover-design-e-stile-proiettato-nel-mondo-sportivo\/#breadcrumb"},"inLanguage":"fr-FR","potentialAction":[{"@type":"ReadAction","target":["https:\/\/www.bellunopress.it\/2014\/12\/09\/inaugurata-a-cortina-la-sede-mover-design-e-stile-proiettato-nel-mondo-sportivo\/"]}]},{"@type":"ImageObject","inLanguage":"fr-FR","@id":"https:\/\/www.bellunopress.it\/2014\/12\/09\/inaugurata-a-cortina-la-sede-mover-design-e-stile-proiettato-nel-mondo-sportivo\/#primaryimage","url":"http:\/\/www.bellunopress.it\/wp-content\/uploads\/2014\/12\/Team_Mover.jpg","contentUrl":"http:\/\/www.bellunopress.it\/wp-content\/uploads\/2014\/12\/Team_Mover.jpg"},{"@type":"BreadcrumbList","@id":"https:\/\/www.bellunopress.it\/2014\/12\/09\/inaugurata-a-cortina-la-sede-mover-design-e-stile-proiettato-nel-mondo-sportivo\/#breadcrumb","itemListElement":[{"@type":"ListItem","position":1,"name":"Home","item":"https:\/\/www.bellunopress.it\/"},{"@type":"ListItem","position":2,"name":"Inaugurata a Cortina la sede M&#8217;Over, design e stile proiettato nel mondo sportivo"}]},{"@type":"WebSite","@id":"https:\/\/www.bellunopress.it\/#website","url":"https:\/\/www.bellunopress.it\/","name":"Bellunopress - Dolomiti","description":"e-mail: redazione@bellunopress.it","publisher":{"@id":"https:\/\/www.bellunopress.it\/#organization"},"potentialAction":[{"@type":"SearchAction","target":{"@type":"EntryPoint","urlTemplate":"https:\/\/www.bellunopress.it\/?s={search_term_string}"},"query-input":{"@type":"PropertyValueSpecification","valueRequired":true,"valueName":"search_term_string"}}],"inLanguage":"fr-FR"},{"@type":"Organization","@id":"https:\/\/www.bellunopress.it\/#organization","name":"Bellunopress","url":"https:\/\/www.bellunopress.it\/","logo":{"@type":"ImageObject","inLanguage":"fr-FR","@id":"https:\/\/www.bellunopress.it\/#\/schema\/logo\/image\/","url":"https:\/\/www.bellunopress.it\/wp-content\/uploads\/2011\/05\/cropped-logo-bellunopress-.jpg","contentUrl":"https:\/\/www.bellunopress.it\/wp-content\/uploads\/2011\/05\/cropped-logo-bellunopress-.jpg","width":512,"height":512,"caption":"Bellunopress"},"image":{"@id":"https:\/\/www.bellunopress.it\/#\/schema\/logo\/image\/"},"sameAs":["https:\/\/www.facebook.com\/profile.php?id=100008943462799","https:\/\/x.com\/bellunopress","https:\/\/www.linkedin.com\/hp\/?dnr=JBzUWaJfMUw8vbXJJ2tVW5-I3jZKvC4wsoxE&amp;amp;amp;amp;amp;amp;trk=nav_responsive_tab_home","https:\/\/www.youtube.com\/channel\/UCxL0wu1uN0_3_7hGG0306cw"]},{"@type":"Person","@id":"https:\/\/www.bellunopress.it\/#\/schema\/person\/79bb06722b37ece1c03d3e94beb30d73","name":"r\u00e9daction","image":{"@type":"ImageObject","inLanguage":"fr-FR","@id":"https:\/\/secure.gravatar.com\/avatar\/37d968a2e67a6fd04c169c4bdef102d0bc5d31b2546345219e348575eb80e9a0?s=96&d=mm&r=g","url":"https:\/\/secure.gravatar.com\/avatar\/37d968a2e67a6fd04c169c4bdef102d0bc5d31b2546345219e348575eb80e9a0?s=96&d=mm&r=g","contentUrl":"https:\/\/secure.gravatar.com\/avatar\/37d968a2e67a6fd04c169c4bdef102d0bc5d31b2546345219e348575eb80e9a0?s=96&d=mm&r=g","caption":"redazione"},"sameAs":["http:\/\/www.bellunopress.it","https:\/\/x.com\/bellunopress"],"url":"https:\/\/www.bellunopress.it\/fr\/author\/redazione\/"}]}},"_links":{"self":[{"href":"https:\/\/www.bellunopress.it\/fr\/wp-json\/wp\/v2\/posts\/64743","targetHints":{"allow":["GET"]}}],"collection":[{"href":"https:\/\/www.bellunopress.it\/fr\/wp-json\/wp\/v2\/posts"}],"about":[{"href":"https:\/\/www.bellunopress.it\/fr\/wp-json\/wp\/v2\/types\/post"}],"author":[{"embeddable":true,"href":"https:\/\/www.bellunopress.it\/fr\/wp-json\/wp\/v2\/users\/2"}],"replies":[{"embeddable":true,"href":"https:\/\/www.bellunopress.it\/fr\/wp-json\/wp\/v2\/comments?post=64743"}],"version-history":[{"count":1,"href":"https:\/\/www.bellunopress.it\/fr\/wp-json\/wp\/v2\/posts\/64743\/revisions"}],"predecessor-version":[{"id":64745,"href":"https:\/\/www.bellunopress.it\/fr\/wp-json\/wp\/v2\/posts\/64743\/revisions\/64745"}],"wp:attachment":[{"href":"https:\/\/www.bellunopress.it\/fr\/wp-json\/wp\/v2\/media?parent=64743"}],"wp:term":[{"taxonomy":"category","embeddable":true,"href":"https:\/\/www.bellunopress.it\/fr\/wp-json\/wp\/v2\/categories?post=64743"},{"taxonomy":"post_tag","embeddable":true,"href":"https:\/\/www.bellunopress.it\/fr\/wp-json\/wp\/v2\/tags?post=64743"}],"curies":[{"name":"wp","href":"https:\/\/api.w.org\/{rel}","templated":true}]}}