{"id":6474,"date":"2009-07-28T20:53:31","date_gmt":"2009-07-28T19:53:31","guid":{"rendered":"http:\/\/www.bellunopress.it\/?p=6474"},"modified":"2009-07-28T20:54:15","modified_gmt":"2009-07-28T19:54:15","slug":"la-citta-di-feltre-onora-i-caduti-italiani-e-austroungarici-della-i-guerra-mondiale","status":"publish","type":"post","link":"https:\/\/www.bellunopress.it\/fr\/2009\/07\/28\/la-citta-di-feltre-onora-i-caduti-italiani-e-austroungarici-della-i-guerra-mondiale\/","title":{"rendered":"La citt\u00e0 di Feltre onora i Caduti italiani e austroungarici della I Guerra mondiale"},"content":{"rendered":"<p><a href=\"http:\/\/www.bellunopress.it\/wp-content\/uploads\/2009\/07\/vaccari-feltre.jpg\"><img loading=\"lazy\" decoding=\"async\" class=\"alignleft size-medium wp-image-6476\" title=\"vaccari-feltre\" src=\"http:\/\/www.bellunopress.it\/wp-content\/uploads\/2009\/07\/vaccari-feltre.jpg\" alt=\"\" width=\"290\" height=\"218\" \/><\/a>Si \u00e8 svolto venerd\u00ec 24 luglio l&#8217;incontro di commemorazione dei Caduti nella Guerra mondiale 1915-1918, promosso quale segno di pace dalla Citt\u00e0 di Feltre e dalla Croce Nera Austriaca, l&#8217;\u00d6sterreichisches Schwarzens Kreuz. Dopo la deposizione di una corona al cimitero tedesco in localit\u00e0 San Paolo, l&#8217;epicentro dell&#8217;avvenimento \u00e8 stata quella porzione di terreno del cimitero cittadino, dove gli uni a fianco degli<br \/>\naltri sono sepolti i militari italiani ed austroungarici. Il fato o la decisione superiore li volle nemici, la morte li ha fatti uguali, il ricordo a distanza di pi\u00f9 dii un secolo ha fatto superare quelle barriere e quegli steccati sui quali perirono. Quel giorno, i rappresentanti delle due nazioni si sono ritrovati in pace, prodromo per una comune crescita e sviluppo ormai in auge da anni, per rendere omaggio a quanti si sacrificarono sui contrafforti del Grappa o lungo la linea del Piave, indipendentemente dalla divisa che portavano. I &#8220;nemici&#8221; di allora, non per scelta ma per ordine, sono diventati i fratelli di oggi. E&#8217; questo il significato della cerimonia alla quale, accolta dal Sindaco Sen. Gianvittore Vaccari, era presente una delegazione d&#8217;Oltralpe guidata dal presidente dell&#8217;\u00d6sterreichisches Schwarzens Kreuz dell&#8217;Alta Austria con sede a Linz, nonch\u00e9 Sindaco di Pettenbach, Colonnello Friedrich Schuster, accompagnato, fra gli altri, dai Colonnelli Barthou e Plieschnegger, con la significativa presenza del Console onorario per l&#8217;Alta Austria, Mario Eichta. A conferire un particolare connotato alla commemorazione hanno contribuito anche rappresentanze delle associazioni combattentistiche e d&#8217;arma locali, con i loro gagliardetti, la compagnia degli Schutzen di Strigno e la Guardia Civica di Feltre, rappresentata da Antonio Da Pian e da Mario Gris. In questa occasione, il Colonnello Schuster ha anche insignito con un&#8217;importante onorificenza dell&#8217;\u00d6sterreichisches Schwarzens Kreuz due cittadini veneti, per la loro assidua azione a tutela delle memorie storiche e delle interrelazioni transnazionali intorno a queste pagine di storia.<\/p>","protected":false},"excerpt":{"rendered":"<p>Si \u00e8 svolto venerd\u00ec 24 luglio l&#8217;incontro di commemorazione dei Caduti nella Guerra mondiale 1915-1918, promosso quale segno di pace dalla Citt\u00e0 di Feltre e dalla Croce Nera Austriaca, l&#8217;\u00d6sterreichisches Schwarzens Kreuz. Dopo la deposizione di una corona al cimitero tedesco in localit\u00e0 San Paolo, l&#8217;epicentro dell&#8217;avvenimento \u00e8 stata quella porzione di terreno del cimitero [&hellip;]<\/p>\n","protected":false},"author":2,"featured_media":0,"comment_status":"closed","ping_status":"open","sticky":false,"template":"","format":"standard","meta":{"footnotes":""},"categories":[5,26],"tags":[139,302],"class_list":["post-6474","post","type-post","status-publish","format-standard","category-cronaca","category-prima-pagina","tag-belluno","tag-feltre"],"yoast_head":"<!-- This site is optimized with the Yoast SEO plugin v28.4 - https:\/\/yoast.com\/product\/yoast-seo-wordpress\/ -->\n<title>La citt\u00e0 di Feltre onora i Caduti italiani e austroungarici della I Guerra mondiale  - Bellunopress - Dolomiti<\/title>\n<meta name=\"robots\" content=\"index, follow, max-snippet:-1, max-image-preview:large, max-video-preview:-1\" \/>\n<link rel=\"canonical\" href=\"https:\/\/www.bellunopress.it\/fr\/2009\/07\/28\/la-citta-di-feltre-onora-i-caduti-italiani-e-austroungarici-della-i-guerra-mondiale\/\" \/>\n<meta property=\"og:locale\" content=\"fr_FR\" \/>\n<meta property=\"og:type\" content=\"article\" \/>\n<meta property=\"og:title\" content=\"La citt\u00e0 di Feltre onora i Caduti italiani e austroungarici della I Guerra mondiale  - Bellunopress - Dolomiti\" \/>\n<meta property=\"og:description\" content=\"Si \u00e8 svolto venerd\u00ec 24 luglio l&#8217;incontro di commemorazione dei Caduti nella Guerra mondiale 1915-1918, promosso quale segno di pace dalla Citt\u00e0 di Feltre e dalla Croce Nera Austriaca, l&#8217;\u00d6sterreichisches Schwarzens Kreuz. Dopo la deposizione di una corona al cimitero tedesco in localit\u00e0 San Paolo, l&#8217;epicentro dell&#8217;avvenimento \u00e8 stata quella porzione di terreno del cimitero [&hellip;]\" \/>\n<meta property=\"og:url\" content=\"https:\/\/www.bellunopress.it\/fr\/2009\/07\/28\/la-citta-di-feltre-onora-i-caduti-italiani-e-austroungarici-della-i-guerra-mondiale\/\" \/>\n<meta property=\"og:site_name\" content=\"Bellunopress - Dolomiti\" \/>\n<meta property=\"article:publisher\" content=\"https:\/\/www.facebook.com\/profile.php?id=100008943462799\" \/>\n<meta property=\"article:published_time\" content=\"2009-07-28T19:53:31+00:00\" \/>\n<meta property=\"article:modified_time\" content=\"2009-07-28T19:54:15+00:00\" \/>\n<meta property=\"og:image\" content=\"http:\/\/www.bellunopress.it\/wp-content\/uploads\/2009\/07\/vaccari-feltre.jpg\" \/>\n<meta name=\"author\" content=\"redazione\" \/>\n<meta name=\"twitter:card\" content=\"summary_large_image\" \/>\n<meta name=\"twitter:creator\" content=\"@bellunopress\" \/>\n<meta name=\"twitter:site\" content=\"@bellunopress\" \/>\n<meta name=\"twitter:label1\" content=\"\u00c9crit par\" \/>\n\t<meta name=\"twitter:data1\" content=\"redazione\" \/>\n\t<meta name=\"twitter:label2\" content=\"Dur\u00e9e de lecture estim\u00e9e\" \/>\n\t<meta name=\"twitter:data2\" content=\"2 minutes\" \/>\n<script type=\"application\/ld+json\" class=\"yoast-schema-graph\">{\"@context\":\"https:\\\/\\\/schema.org\",\"@graph\":[{\"@type\":\"Article\",\"@id\":\"https:\\\/\\\/www.bellunopress.it\\\/2009\\\/07\\\/28\\\/la-citta-di-feltre-onora-i-caduti-italiani-e-austroungarici-della-i-guerra-mondiale\\\/#article\",\"isPartOf\":{\"@id\":\"https:\\\/\\\/www.bellunopress.it\\\/2009\\\/07\\\/28\\\/la-citta-di-feltre-onora-i-caduti-italiani-e-austroungarici-della-i-guerra-mondiale\\\/\"},\"author\":{\"name\":\"redazione\",\"@id\":\"https:\\\/\\\/www.bellunopress.it\\\/#\\\/schema\\\/person\\\/79bb06722b37ece1c03d3e94beb30d73\"},\"headline\":\"La citt\u00e0 di Feltre onora i Caduti italiani e austroungarici della I Guerra mondiale\",\"datePublished\":\"2009-07-28T19:53:31+00:00\",\"dateModified\":\"2009-07-28T19:54:15+00:00\",\"mainEntityOfPage\":{\"@id\":\"https:\\\/\\\/www.bellunopress.it\\\/2009\\\/07\\\/28\\\/la-citta-di-feltre-onora-i-caduti-italiani-e-austroungarici-della-i-guerra-mondiale\\\/\"},\"wordCount\":328,\"publisher\":{\"@id\":\"https:\\\/\\\/www.bellunopress.it\\\/#organization\"},\"image\":{\"@id\":\"https:\\\/\\\/www.bellunopress.it\\\/2009\\\/07\\\/28\\\/la-citta-di-feltre-onora-i-caduti-italiani-e-austroungarici-della-i-guerra-mondiale\\\/#primaryimage\"},\"thumbnailUrl\":\"http:\\\/\\\/www.bellunopress.it\\\/wp-content\\\/uploads\\\/2009\\\/07\\\/vaccari-feltre.jpg\",\"keywords\":[\"Belluno\",\"Feltre\"],\"articleSection\":[\"Cronaca\\\/Politica\",\"Prima Pagina\"],\"inLanguage\":\"fr-FR\"},{\"@type\":\"WebPage\",\"@id\":\"https:\\\/\\\/www.bellunopress.it\\\/2009\\\/07\\\/28\\\/la-citta-di-feltre-onora-i-caduti-italiani-e-austroungarici-della-i-guerra-mondiale\\\/\",\"url\":\"https:\\\/\\\/www.bellunopress.it\\\/2009\\\/07\\\/28\\\/la-citta-di-feltre-onora-i-caduti-italiani-e-austroungarici-della-i-guerra-mondiale\\\/\",\"name\":\"La citt\u00e0 di Feltre onora i Caduti italiani e austroungarici della I Guerra mondiale - Bellunopress - Dolomiti\",\"isPartOf\":{\"@id\":\"https:\\\/\\\/www.bellunopress.it\\\/#website\"},\"primaryImageOfPage\":{\"@id\":\"https:\\\/\\\/www.bellunopress.it\\\/2009\\\/07\\\/28\\\/la-citta-di-feltre-onora-i-caduti-italiani-e-austroungarici-della-i-guerra-mondiale\\\/#primaryimage\"},\"image\":{\"@id\":\"https:\\\/\\\/www.bellunopress.it\\\/2009\\\/07\\\/28\\\/la-citta-di-feltre-onora-i-caduti-italiani-e-austroungarici-della-i-guerra-mondiale\\\/#primaryimage\"},\"thumbnailUrl\":\"http:\\\/\\\/www.bellunopress.it\\\/wp-content\\\/uploads\\\/2009\\\/07\\\/vaccari-feltre.jpg\",\"datePublished\":\"2009-07-28T19:53:31+00:00\",\"dateModified\":\"2009-07-28T19:54:15+00:00\",\"breadcrumb\":{\"@id\":\"https:\\\/\\\/www.bellunopress.it\\\/2009\\\/07\\\/28\\\/la-citta-di-feltre-onora-i-caduti-italiani-e-austroungarici-della-i-guerra-mondiale\\\/#breadcrumb\"},\"inLanguage\":\"fr-FR\",\"potentialAction\":[{\"@type\":\"ReadAction\",\"target\":[\"https:\\\/\\\/www.bellunopress.it\\\/2009\\\/07\\\/28\\\/la-citta-di-feltre-onora-i-caduti-italiani-e-austroungarici-della-i-guerra-mondiale\\\/\"]}]},{\"@type\":\"ImageObject\",\"inLanguage\":\"fr-FR\",\"@id\":\"https:\\\/\\\/www.bellunopress.it\\\/2009\\\/07\\\/28\\\/la-citta-di-feltre-onora-i-caduti-italiani-e-austroungarici-della-i-guerra-mondiale\\\/#primaryimage\",\"url\":\"http:\\\/\\\/www.bellunopress.it\\\/wp-content\\\/uploads\\\/2009\\\/07\\\/vaccari-feltre.jpg\",\"contentUrl\":\"http:\\\/\\\/www.bellunopress.it\\\/wp-content\\\/uploads\\\/2009\\\/07\\\/vaccari-feltre.jpg\"},{\"@type\":\"BreadcrumbList\",\"@id\":\"https:\\\/\\\/www.bellunopress.it\\\/2009\\\/07\\\/28\\\/la-citta-di-feltre-onora-i-caduti-italiani-e-austroungarici-della-i-guerra-mondiale\\\/#breadcrumb\",\"itemListElement\":[{\"@type\":\"ListItem\",\"position\":1,\"name\":\"Home\",\"item\":\"https:\\\/\\\/www.bellunopress.it\\\/\"},{\"@type\":\"ListItem\",\"position\":2,\"name\":\"La citt\u00e0 di Feltre onora i Caduti italiani e austroungarici della I Guerra mondiale\"}]},{\"@type\":\"WebSite\",\"@id\":\"https:\\\/\\\/www.bellunopress.it\\\/#website\",\"url\":\"https:\\\/\\\/www.bellunopress.it\\\/\",\"name\":\"Bellunopress - Dolomiti\",\"description\":\"e-mail: redazione@bellunopress.it\",\"publisher\":{\"@id\":\"https:\\\/\\\/www.bellunopress.it\\\/#organization\"},\"potentialAction\":[{\"@type\":\"SearchAction\",\"target\":{\"@type\":\"EntryPoint\",\"urlTemplate\":\"https:\\\/\\\/www.bellunopress.it\\\/?s={search_term_string}\"},\"query-input\":{\"@type\":\"PropertyValueSpecification\",\"valueRequired\":true,\"valueName\":\"search_term_string\"}}],\"inLanguage\":\"fr-FR\"},{\"@type\":\"Organization\",\"@id\":\"https:\\\/\\\/www.bellunopress.it\\\/#organization\",\"name\":\"Bellunopress\",\"url\":\"https:\\\/\\\/www.bellunopress.it\\\/\",\"logo\":{\"@type\":\"ImageObject\",\"inLanguage\":\"fr-FR\",\"@id\":\"https:\\\/\\\/www.bellunopress.it\\\/#\\\/schema\\\/logo\\\/image\\\/\",\"url\":\"https:\\\/\\\/www.bellunopress.it\\\/wp-content\\\/uploads\\\/2011\\\/05\\\/cropped-logo-bellunopress-.jpg\",\"contentUrl\":\"https:\\\/\\\/www.bellunopress.it\\\/wp-content\\\/uploads\\\/2011\\\/05\\\/cropped-logo-bellunopress-.jpg\",\"width\":512,\"height\":512,\"caption\":\"Bellunopress\"},\"image\":{\"@id\":\"https:\\\/\\\/www.bellunopress.it\\\/#\\\/schema\\\/logo\\\/image\\\/\"},\"sameAs\":[\"https:\\\/\\\/www.facebook.com\\\/profile.php?id=100008943462799\",\"https:\\\/\\\/x.com\\\/bellunopress\",\"https:\\\/\\\/www.linkedin.com\\\/hp\\\/?dnr=JBzUWaJfMUw8vbXJJ2tVW5-I3jZKvC4wsoxE&amp;amp;amp;amp;amp;amp;trk=nav_responsive_tab_home\",\"https:\\\/\\\/www.youtube.com\\\/channel\\\/UCxL0wu1uN0_3_7hGG0306cw\"]},{\"@type\":\"Person\",\"@id\":\"https:\\\/\\\/www.bellunopress.it\\\/#\\\/schema\\\/person\\\/79bb06722b37ece1c03d3e94beb30d73\",\"name\":\"redazione\",\"image\":{\"@type\":\"ImageObject\",\"inLanguage\":\"fr-FR\",\"@id\":\"https:\\\/\\\/secure.gravatar.com\\\/avatar\\\/37d968a2e67a6fd04c169c4bdef102d0bc5d31b2546345219e348575eb80e9a0?s=96&d=mm&r=g\",\"url\":\"https:\\\/\\\/secure.gravatar.com\\\/avatar\\\/37d968a2e67a6fd04c169c4bdef102d0bc5d31b2546345219e348575eb80e9a0?s=96&d=mm&r=g\",\"contentUrl\":\"https:\\\/\\\/secure.gravatar.com\\\/avatar\\\/37d968a2e67a6fd04c169c4bdef102d0bc5d31b2546345219e348575eb80e9a0?s=96&d=mm&r=g\",\"caption\":\"redazione\"},\"sameAs\":[\"http:\\\/\\\/www.bellunopress.it\",\"https:\\\/\\\/x.com\\\/bellunopress\"],\"url\":\"https:\\\/\\\/www.bellunopress.it\\\/fr\\\/author\\\/redazione\\\/\"}]}<\/script>\n<!-- \/ Yoast SEO plugin. -->","yoast_head_json":{"title":"La citt\u00e0 di Feltre onora i Caduti italiani e austroungarici della I Guerra mondiale  - Bellunopress - Dolomiti","robots":{"index":"index","follow":"follow","max-snippet":"max-snippet:-1","max-image-preview":"max-image-preview:large","max-video-preview":"max-video-preview:-1"},"canonical":"https:\/\/www.bellunopress.it\/fr\/2009\/07\/28\/la-citta-di-feltre-onora-i-caduti-italiani-e-austroungarici-della-i-guerra-mondiale\/","og_locale":"fr_FR","og_type":"article","og_title":"La citt\u00e0 di Feltre onora i Caduti italiani e austroungarici della I Guerra mondiale  - Bellunopress - Dolomiti","og_description":"Si \u00e8 svolto venerd\u00ec 24 luglio l&#8217;incontro di commemorazione dei Caduti nella Guerra mondiale 1915-1918, promosso quale segno di pace dalla Citt\u00e0 di Feltre e dalla Croce Nera Austriaca, l&#8217;\u00d6sterreichisches Schwarzens Kreuz. Dopo la deposizione di una corona al cimitero tedesco in localit\u00e0 San Paolo, l&#8217;epicentro dell&#8217;avvenimento \u00e8 stata quella porzione di terreno del cimitero [&hellip;]","og_url":"https:\/\/www.bellunopress.it\/fr\/2009\/07\/28\/la-citta-di-feltre-onora-i-caduti-italiani-e-austroungarici-della-i-guerra-mondiale\/","og_site_name":"Bellunopress - Dolomiti","article_publisher":"https:\/\/www.facebook.com\/profile.php?id=100008943462799","article_published_time":"2009-07-28T19:53:31+00:00","article_modified_time":"2009-07-28T19:54:15+00:00","og_image":[{"url":"http:\/\/www.bellunopress.it\/wp-content\/uploads\/2009\/07\/vaccari-feltre.jpg","type":"","width":"","height":""}],"author":"redazione","twitter_card":"summary_large_image","twitter_creator":"@bellunopress","twitter_site":"@bellunopress","twitter_misc":{"\u00c9crit par":"redazione","Dur\u00e9e de lecture estim\u00e9e":"2 minutes"},"schema":{"@context":"https:\/\/schema.org","@graph":[{"@type":"Article","@id":"https:\/\/www.bellunopress.it\/2009\/07\/28\/la-citta-di-feltre-onora-i-caduti-italiani-e-austroungarici-della-i-guerra-mondiale\/#article","isPartOf":{"@id":"https:\/\/www.bellunopress.it\/2009\/07\/28\/la-citta-di-feltre-onora-i-caduti-italiani-e-austroungarici-della-i-guerra-mondiale\/"},"author":{"name":"redazione","@id":"https:\/\/www.bellunopress.it\/#\/schema\/person\/79bb06722b37ece1c03d3e94beb30d73"},"headline":"La citt\u00e0 di Feltre onora i Caduti italiani e austroungarici della I Guerra mondiale","datePublished":"2009-07-28T19:53:31+00:00","dateModified":"2009-07-28T19:54:15+00:00","mainEntityOfPage":{"@id":"https:\/\/www.bellunopress.it\/2009\/07\/28\/la-citta-di-feltre-onora-i-caduti-italiani-e-austroungarici-della-i-guerra-mondiale\/"},"wordCount":328,"publisher":{"@id":"https:\/\/www.bellunopress.it\/#organization"},"image":{"@id":"https:\/\/www.bellunopress.it\/2009\/07\/28\/la-citta-di-feltre-onora-i-caduti-italiani-e-austroungarici-della-i-guerra-mondiale\/#primaryimage"},"thumbnailUrl":"http:\/\/www.bellunopress.it\/wp-content\/uploads\/2009\/07\/vaccari-feltre.jpg","keywords":["Belluno","Feltre"],"articleSection":["Cronaca\/Politica","Prima Pagina"],"inLanguage":"fr-FR"},{"@type":"WebPage","@id":"https:\/\/www.bellunopress.it\/2009\/07\/28\/la-citta-di-feltre-onora-i-caduti-italiani-e-austroungarici-della-i-guerra-mondiale\/","url":"https:\/\/www.bellunopress.it\/2009\/07\/28\/la-citta-di-feltre-onora-i-caduti-italiani-e-austroungarici-della-i-guerra-mondiale\/","name":"La citt\u00e0 di Feltre onora i Caduti italiani e austroungarici della I Guerra mondiale - Bellunopress - Dolomiti","isPartOf":{"@id":"https:\/\/www.bellunopress.it\/#website"},"primaryImageOfPage":{"@id":"https:\/\/www.bellunopress.it\/2009\/07\/28\/la-citta-di-feltre-onora-i-caduti-italiani-e-austroungarici-della-i-guerra-mondiale\/#primaryimage"},"image":{"@id":"https:\/\/www.bellunopress.it\/2009\/07\/28\/la-citta-di-feltre-onora-i-caduti-italiani-e-austroungarici-della-i-guerra-mondiale\/#primaryimage"},"thumbnailUrl":"http:\/\/www.bellunopress.it\/wp-content\/uploads\/2009\/07\/vaccari-feltre.jpg","datePublished":"2009-07-28T19:53:31+00:00","dateModified":"2009-07-28T19:54:15+00:00","breadcrumb":{"@id":"https:\/\/www.bellunopress.it\/2009\/07\/28\/la-citta-di-feltre-onora-i-caduti-italiani-e-austroungarici-della-i-guerra-mondiale\/#breadcrumb"},"inLanguage":"fr-FR","potentialAction":[{"@type":"ReadAction","target":["https:\/\/www.bellunopress.it\/2009\/07\/28\/la-citta-di-feltre-onora-i-caduti-italiani-e-austroungarici-della-i-guerra-mondiale\/"]}]},{"@type":"ImageObject","inLanguage":"fr-FR","@id":"https:\/\/www.bellunopress.it\/2009\/07\/28\/la-citta-di-feltre-onora-i-caduti-italiani-e-austroungarici-della-i-guerra-mondiale\/#primaryimage","url":"http:\/\/www.bellunopress.it\/wp-content\/uploads\/2009\/07\/vaccari-feltre.jpg","contentUrl":"http:\/\/www.bellunopress.it\/wp-content\/uploads\/2009\/07\/vaccari-feltre.jpg"},{"@type":"BreadcrumbList","@id":"https:\/\/www.bellunopress.it\/2009\/07\/28\/la-citta-di-feltre-onora-i-caduti-italiani-e-austroungarici-della-i-guerra-mondiale\/#breadcrumb","itemListElement":[{"@type":"ListItem","position":1,"name":"Home","item":"https:\/\/www.bellunopress.it\/"},{"@type":"ListItem","position":2,"name":"La citt\u00e0 di Feltre onora i Caduti italiani e austroungarici della I Guerra mondiale"}]},{"@type":"WebSite","@id":"https:\/\/www.bellunopress.it\/#website","url":"https:\/\/www.bellunopress.it\/","name":"Bellunopress - Dolomiti","description":"e-mail: redazione@bellunopress.it","publisher":{"@id":"https:\/\/www.bellunopress.it\/#organization"},"potentialAction":[{"@type":"SearchAction","target":{"@type":"EntryPoint","urlTemplate":"https:\/\/www.bellunopress.it\/?s={search_term_string}"},"query-input":{"@type":"PropertyValueSpecification","valueRequired":true,"valueName":"search_term_string"}}],"inLanguage":"fr-FR"},{"@type":"Organization","@id":"https:\/\/www.bellunopress.it\/#organization","name":"Bellunopress","url":"https:\/\/www.bellunopress.it\/","logo":{"@type":"ImageObject","inLanguage":"fr-FR","@id":"https:\/\/www.bellunopress.it\/#\/schema\/logo\/image\/","url":"https:\/\/www.bellunopress.it\/wp-content\/uploads\/2011\/05\/cropped-logo-bellunopress-.jpg","contentUrl":"https:\/\/www.bellunopress.it\/wp-content\/uploads\/2011\/05\/cropped-logo-bellunopress-.jpg","width":512,"height":512,"caption":"Bellunopress"},"image":{"@id":"https:\/\/www.bellunopress.it\/#\/schema\/logo\/image\/"},"sameAs":["https:\/\/www.facebook.com\/profile.php?id=100008943462799","https:\/\/x.com\/bellunopress","https:\/\/www.linkedin.com\/hp\/?dnr=JBzUWaJfMUw8vbXJJ2tVW5-I3jZKvC4wsoxE&amp;amp;amp;amp;amp;amp;trk=nav_responsive_tab_home","https:\/\/www.youtube.com\/channel\/UCxL0wu1uN0_3_7hGG0306cw"]},{"@type":"Person","@id":"https:\/\/www.bellunopress.it\/#\/schema\/person\/79bb06722b37ece1c03d3e94beb30d73","name":"r\u00e9daction","image":{"@type":"ImageObject","inLanguage":"fr-FR","@id":"https:\/\/secure.gravatar.com\/avatar\/37d968a2e67a6fd04c169c4bdef102d0bc5d31b2546345219e348575eb80e9a0?s=96&d=mm&r=g","url":"https:\/\/secure.gravatar.com\/avatar\/37d968a2e67a6fd04c169c4bdef102d0bc5d31b2546345219e348575eb80e9a0?s=96&d=mm&r=g","contentUrl":"https:\/\/secure.gravatar.com\/avatar\/37d968a2e67a6fd04c169c4bdef102d0bc5d31b2546345219e348575eb80e9a0?s=96&d=mm&r=g","caption":"redazione"},"sameAs":["http:\/\/www.bellunopress.it","https:\/\/x.com\/bellunopress"],"url":"https:\/\/www.bellunopress.it\/fr\/author\/redazione\/"}]}},"_links":{"self":[{"href":"https:\/\/www.bellunopress.it\/fr\/wp-json\/wp\/v2\/posts\/6474","targetHints":{"allow":["GET"]}}],"collection":[{"href":"https:\/\/www.bellunopress.it\/fr\/wp-json\/wp\/v2\/posts"}],"about":[{"href":"https:\/\/www.bellunopress.it\/fr\/wp-json\/wp\/v2\/types\/post"}],"author":[{"embeddable":true,"href":"https:\/\/www.bellunopress.it\/fr\/wp-json\/wp\/v2\/users\/2"}],"replies":[{"embeddable":true,"href":"https:\/\/www.bellunopress.it\/fr\/wp-json\/wp\/v2\/comments?post=6474"}],"version-history":[{"count":2,"href":"https:\/\/www.bellunopress.it\/fr\/wp-json\/wp\/v2\/posts\/6474\/revisions"}],"predecessor-version":[{"id":6478,"href":"https:\/\/www.bellunopress.it\/fr\/wp-json\/wp\/v2\/posts\/6474\/revisions\/6478"}],"wp:attachment":[{"href":"https:\/\/www.bellunopress.it\/fr\/wp-json\/wp\/v2\/media?parent=6474"}],"wp:term":[{"taxonomy":"category","embeddable":true,"href":"https:\/\/www.bellunopress.it\/fr\/wp-json\/wp\/v2\/categories?post=6474"},{"taxonomy":"post_tag","embeddable":true,"href":"https:\/\/www.bellunopress.it\/fr\/wp-json\/wp\/v2\/tags?post=6474"}],"curies":[{"name":"wp","href":"https:\/\/api.w.org\/{rel}","templated":true}]}}