{"id":6455,"date":"2009-07-28T19:06:10","date_gmt":"2009-07-28T18:06:10","guid":{"rendered":"http:\/\/www.bellunopress.it\/?p=6455"},"modified":"2009-07-28T19:06:10","modified_gmt":"2009-07-28T18:06:10","slug":"contributo-di-600-mila-euro-alla-fondazione-universita","status":"publish","type":"post","link":"https:\/\/www.bellunopress.it\/fr\/2009\/07\/28\/contributo-di-600-mila-euro-alla-fondazione-universita\/","title":{"rendered":"Contributo di 600 mila euro alla Fondazione Universit\u00e0"},"content":{"rendered":"<p>L\u2019assessore Oscar De Bona, al termine della seduta odierna della giunta regionale, comunica con soddisfazione che l\u2019assessore Elena Donazzan \u00e8 stata relatrice di un provvedimento a favore della Fondazione per l\u2019Universit\u00e0 e l\u2019Alta cultura in provincia di Belluno. L\u2019esecutivo veneto, pertanto ha concesso il contributo di 600 mila euro a sostegno delle attivit\u00e0 didattiche e formative per l\u2019anno accademico 2009-2010.\u00a0\u00a0\u00abRingrazio la collega alle Politiche dell\u2019istruzione e tutto il governo del Veneto\u00a0 \u2013 \u00e8 il commento di De Bona &#8211; per aver sostenuto le iniziative della Fondazione e garantito con questo contributo il proseguimento dei corsi specialistici gi\u00e0 attivati dal polo universitario bellunese\u00bb. In particolare, per l\u2019anno 2009-2010 le attivit\u00e0 universitarie di alta formazione sono: corso di laurea triennale di ingegneria informatica (convenzione con l\u2019Universit\u00e0 di Padova); corso di laurea triennale di ingegneria meccanica, 3. anno, (Universit\u00e0 di Padova e Certottica); 6 dottorati di ricerca (4 con l\u2019Universit\u00e0 di Padova e 2 con l\u2019Universit\u00e0 C\u00e0 Foscari di Venezia); corsi di lingua e due progetti\u00a0 dal titolo \u201cTorno, parlo, contatto e vado\u201d e \u201cInsegno l\u2019italiano attraverso il veneto\u201d del Centro linguistico di Ateneo (Universit\u00e0 C\u00e0 Foscari di Venezia); corso di operatore di laboratorio archeologico (C\u00e0 Foscari); master triennale di 2. livello in Metodi e tecniche di prevenzione e controllo ambientale (C\u00e0 Foscari e Arpav); corsi estivi organizzati dalla Fondazione Angelini\u00a0 per studenti di Agraria e Ingegneria dell\u2019Universit\u00e0 di Padova; corsi estivi di specializzazione per l\u2019attivit\u00e0 di sostegno per studenti che non hanno terminato il ciclo di studi (C\u00e0 Foscari e Iuav di Venezia e Universit\u00e0 di Padova); progetto \u201cDino Buzzati e Salvatore Fiume, tra letteratura e pittura. Spunti per una mostra\u201d (Associazione internazionale Dino Buzzati e Centro studi Buzzati); master di 2. livello in SicurLav, studio sul comportamento sicuro per la prevenzione dei rischi sul lavoro (facolt\u00e0 di Psicologia e Ingegneria dell\u2019Universit\u00e0 di Padova).\u00a0 \u00abRicordo \u2013 precisa De Bona &#8211; che la Fondazione per l\u2019Universit\u00e0 e l\u2019Alta cultura di Belluno, costituita nel 2002, \u00e8 un ente senza fini di lucro che ha lo scopo di favorire lo sviluppo dell\u2019istruzione universitaria nel territorio provinciale bellunese. La Fondazione si prefigge inoltre, mediante accordi con istituti di istruzione universitaria e superiore, di promuovere e sostenere l\u2019istituzione e il funzionamento di facolt\u00e0 e corsi universitari nello stesso ambito territoriale, potenziando l\u2019esistente. Promuove anche iniziative di carattere culturale e scientifico, nonch\u00e9 attivit\u00e0 formative di alto profilo\u00bb.<\/p>","protected":false},"excerpt":{"rendered":"<p>L\u2019assessore Oscar De Bona, al termine della seduta odierna della giunta regionale, comunica con soddisfazione che l\u2019assessore Elena Donazzan \u00e8 stata relatrice di un provvedimento a favore della Fondazione per l\u2019Universit\u00e0 e l\u2019Alta cultura in provincia di Belluno. L\u2019esecutivo veneto, pertanto ha concesso il contributo di 600 mila euro a sostegno delle attivit\u00e0 didattiche e [&hellip;]<\/p>\n","protected":false},"author":2,"featured_media":0,"comment_status":"closed","ping_status":"open","sticky":false,"template":"","format":"standard","meta":{"footnotes":""},"categories":[5,26,15],"tags":[139],"class_list":["post-6455","post","type-post","status-publish","format-standard","category-cronaca","category-prima-pagina","category-scuola","tag-belluno"],"yoast_head":"<!-- This site is optimized with the Yoast SEO plugin v28.4 - https:\/\/yoast.com\/product\/yoast-seo-wordpress\/ -->\n<title>Contributo di 600 mila euro alla Fondazione Universit\u00e0 - Bellunopress - Dolomiti<\/title>\n<meta name=\"robots\" content=\"index, follow, max-snippet:-1, max-image-preview:large, max-video-preview:-1\" \/>\n<link rel=\"canonical\" href=\"https:\/\/www.bellunopress.it\/fr\/2009\/07\/28\/contributo-di-600-mila-euro-alla-fondazione-universita\/\" \/>\n<meta property=\"og:locale\" content=\"fr_FR\" \/>\n<meta property=\"og:type\" content=\"article\" \/>\n<meta property=\"og:title\" content=\"Contributo di 600 mila euro alla Fondazione Universit\u00e0 - Bellunopress - Dolomiti\" \/>\n<meta property=\"og:description\" content=\"L\u2019assessore Oscar De Bona, al termine della seduta odierna della giunta regionale, comunica con soddisfazione che l\u2019assessore Elena Donazzan \u00e8 stata relatrice di un provvedimento a favore della Fondazione per l\u2019Universit\u00e0 e l\u2019Alta cultura in provincia di Belluno. L\u2019esecutivo veneto, pertanto ha concesso il contributo di 600 mila euro a sostegno delle attivit\u00e0 didattiche e [&hellip;]\" \/>\n<meta property=\"og:url\" content=\"https:\/\/www.bellunopress.it\/fr\/2009\/07\/28\/contributo-di-600-mila-euro-alla-fondazione-universita\/\" \/>\n<meta property=\"og:site_name\" content=\"Bellunopress - Dolomiti\" \/>\n<meta property=\"article:publisher\" content=\"https:\/\/www.facebook.com\/profile.php?id=100008943462799\" \/>\n<meta property=\"article:published_time\" content=\"2009-07-28T18:06:10+00:00\" \/>\n<meta property=\"og:image\" content=\"http:\/\/www.bellunopress.it\/wp-content\/uploads\/2012\/07\/logo-bellunopress-250x250-2012.jpg\" \/>\n<meta name=\"author\" content=\"redazione\" \/>\n<meta name=\"twitter:card\" content=\"summary_large_image\" \/>\n<meta name=\"twitter:creator\" content=\"@bellunopress\" \/>\n<meta name=\"twitter:site\" content=\"@bellunopress\" \/>\n<meta name=\"twitter:label1\" content=\"Written by\" \/>\n\t<meta name=\"twitter:data1\" content=\"redazione\" \/>\n\t<meta name=\"twitter:label2\" content=\"Est. reading time\" \/>\n\t<meta name=\"twitter:data2\" content=\"2 minutes\" \/>\n<script type=\"application\/ld+json\" class=\"yoast-schema-graph\">{\"@context\":\"https:\\\/\\\/schema.org\",\"@graph\":[{\"@type\":\"Article\",\"@id\":\"https:\\\/\\\/www.bellunopress.it\\\/2009\\\/07\\\/28\\\/contributo-di-600-mila-euro-alla-fondazione-universita\\\/#article\",\"isPartOf\":{\"@id\":\"https:\\\/\\\/www.bellunopress.it\\\/2009\\\/07\\\/28\\\/contributo-di-600-mila-euro-alla-fondazione-universita\\\/\"},\"author\":{\"name\":\"redazione\",\"@id\":\"https:\\\/\\\/www.bellunopress.it\\\/#\\\/schema\\\/person\\\/79bb06722b37ece1c03d3e94beb30d73\"},\"headline\":\"Contributo di 600 mila euro alla Fondazione Universit\u00e0\",\"datePublished\":\"2009-07-28T18:06:10+00:00\",\"mainEntityOfPage\":{\"@id\":\"https:\\\/\\\/www.bellunopress.it\\\/2009\\\/07\\\/28\\\/contributo-di-600-mila-euro-alla-fondazione-universita\\\/\"},\"wordCount\":404,\"publisher\":{\"@id\":\"https:\\\/\\\/www.bellunopress.it\\\/#organization\"},\"keywords\":[\"Belluno\"],\"articleSection\":[\"Cronaca\\\/Politica\",\"Prima Pagina\",\"Scuola\"],\"inLanguage\":\"fr-FR\"},{\"@type\":\"WebPage\",\"@id\":\"https:\\\/\\\/www.bellunopress.it\\\/2009\\\/07\\\/28\\\/contributo-di-600-mila-euro-alla-fondazione-universita\\\/\",\"url\":\"https:\\\/\\\/www.bellunopress.it\\\/2009\\\/07\\\/28\\\/contributo-di-600-mila-euro-alla-fondazione-universita\\\/\",\"name\":\"Contributo di 600 mila euro alla Fondazione Universit\u00e0 - Bellunopress - Dolomiti\",\"isPartOf\":{\"@id\":\"https:\\\/\\\/www.bellunopress.it\\\/#website\"},\"datePublished\":\"2009-07-28T18:06:10+00:00\",\"breadcrumb\":{\"@id\":\"https:\\\/\\\/www.bellunopress.it\\\/2009\\\/07\\\/28\\\/contributo-di-600-mila-euro-alla-fondazione-universita\\\/#breadcrumb\"},\"inLanguage\":\"fr-FR\",\"potentialAction\":[{\"@type\":\"ReadAction\",\"target\":[\"https:\\\/\\\/www.bellunopress.it\\\/2009\\\/07\\\/28\\\/contributo-di-600-mila-euro-alla-fondazione-universita\\\/\"]}]},{\"@type\":\"BreadcrumbList\",\"@id\":\"https:\\\/\\\/www.bellunopress.it\\\/2009\\\/07\\\/28\\\/contributo-di-600-mila-euro-alla-fondazione-universita\\\/#breadcrumb\",\"itemListElement\":[{\"@type\":\"ListItem\",\"position\":1,\"name\":\"Home\",\"item\":\"https:\\\/\\\/www.bellunopress.it\\\/\"},{\"@type\":\"ListItem\",\"position\":2,\"name\":\"Contributo di 600 mila euro alla Fondazione Universit\u00e0\"}]},{\"@type\":\"WebSite\",\"@id\":\"https:\\\/\\\/www.bellunopress.it\\\/#website\",\"url\":\"https:\\\/\\\/www.bellunopress.it\\\/\",\"name\":\"Bellunopress - Dolomiti\",\"description\":\"e-mail: redazione@bellunopress.it\",\"publisher\":{\"@id\":\"https:\\\/\\\/www.bellunopress.it\\\/#organization\"},\"potentialAction\":[{\"@type\":\"SearchAction\",\"target\":{\"@type\":\"EntryPoint\",\"urlTemplate\":\"https:\\\/\\\/www.bellunopress.it\\\/?s={search_term_string}\"},\"query-input\":{\"@type\":\"PropertyValueSpecification\",\"valueRequired\":true,\"valueName\":\"search_term_string\"}}],\"inLanguage\":\"fr-FR\"},{\"@type\":\"Organization\",\"@id\":\"https:\\\/\\\/www.bellunopress.it\\\/#organization\",\"name\":\"Bellunopress\",\"url\":\"https:\\\/\\\/www.bellunopress.it\\\/\",\"logo\":{\"@type\":\"ImageObject\",\"inLanguage\":\"fr-FR\",\"@id\":\"https:\\\/\\\/www.bellunopress.it\\\/#\\\/schema\\\/logo\\\/image\\\/\",\"url\":\"https:\\\/\\\/www.bellunopress.it\\\/wp-content\\\/uploads\\\/2011\\\/05\\\/cropped-logo-bellunopress-.jpg\",\"contentUrl\":\"https:\\\/\\\/www.bellunopress.it\\\/wp-content\\\/uploads\\\/2011\\\/05\\\/cropped-logo-bellunopress-.jpg\",\"width\":512,\"height\":512,\"caption\":\"Bellunopress\"},\"image\":{\"@id\":\"https:\\\/\\\/www.bellunopress.it\\\/#\\\/schema\\\/logo\\\/image\\\/\"},\"sameAs\":[\"https:\\\/\\\/www.facebook.com\\\/profile.php?id=100008943462799\",\"https:\\\/\\\/x.com\\\/bellunopress\",\"https:\\\/\\\/www.linkedin.com\\\/hp\\\/?dnr=JBzUWaJfMUw8vbXJJ2tVW5-I3jZKvC4wsoxE&amp;amp;amp;amp;amp;amp;trk=nav_responsive_tab_home\",\"https:\\\/\\\/www.youtube.com\\\/channel\\\/UCxL0wu1uN0_3_7hGG0306cw\"]},{\"@type\":\"Person\",\"@id\":\"https:\\\/\\\/www.bellunopress.it\\\/#\\\/schema\\\/person\\\/79bb06722b37ece1c03d3e94beb30d73\",\"name\":\"redazione\",\"image\":{\"@type\":\"ImageObject\",\"inLanguage\":\"fr-FR\",\"@id\":\"https:\\\/\\\/secure.gravatar.com\\\/avatar\\\/37d968a2e67a6fd04c169c4bdef102d0bc5d31b2546345219e348575eb80e9a0?s=96&d=mm&r=g\",\"url\":\"https:\\\/\\\/secure.gravatar.com\\\/avatar\\\/37d968a2e67a6fd04c169c4bdef102d0bc5d31b2546345219e348575eb80e9a0?s=96&d=mm&r=g\",\"contentUrl\":\"https:\\\/\\\/secure.gravatar.com\\\/avatar\\\/37d968a2e67a6fd04c169c4bdef102d0bc5d31b2546345219e348575eb80e9a0?s=96&d=mm&r=g\",\"caption\":\"redazione\"},\"sameAs\":[\"http:\\\/\\\/www.bellunopress.it\",\"https:\\\/\\\/x.com\\\/bellunopress\"],\"url\":\"https:\\\/\\\/www.bellunopress.it\\\/fr\\\/author\\\/redazione\\\/\"}]}<\/script>\n<!-- \/ Yoast SEO plugin. -->","yoast_head_json":{"title":"Contributo di 600 mila euro alla Fondazione Universit\u00e0 - Bellunopress - Dolomiti","robots":{"index":"index","follow":"follow","max-snippet":"max-snippet:-1","max-image-preview":"max-image-preview:large","max-video-preview":"max-video-preview:-1"},"canonical":"https:\/\/www.bellunopress.it\/fr\/2009\/07\/28\/contributo-di-600-mila-euro-alla-fondazione-universita\/","og_locale":"fr_FR","og_type":"article","og_title":"Contributo di 600 mila euro alla Fondazione Universit\u00e0 - Bellunopress - Dolomiti","og_description":"L\u2019assessore Oscar De Bona, al termine della seduta odierna della giunta regionale, comunica con soddisfazione che l\u2019assessore Elena Donazzan \u00e8 stata relatrice di un provvedimento a favore della Fondazione per l\u2019Universit\u00e0 e l\u2019Alta cultura in provincia di Belluno. L\u2019esecutivo veneto, pertanto ha concesso il contributo di 600 mila euro a sostegno delle attivit\u00e0 didattiche e [&hellip;]","og_url":"https:\/\/www.bellunopress.it\/fr\/2009\/07\/28\/contributo-di-600-mila-euro-alla-fondazione-universita\/","og_site_name":"Bellunopress - Dolomiti","article_publisher":"https:\/\/www.facebook.com\/profile.php?id=100008943462799","article_published_time":"2009-07-28T18:06:10+00:00","og_image":[{"url":"http:\/\/www.bellunopress.it\/wp-content\/uploads\/2012\/07\/logo-bellunopress-250x250-2012.jpg","type":"","width":"","height":""}],"author":"redazione","twitter_card":"summary_large_image","twitter_creator":"@bellunopress","twitter_site":"@bellunopress","twitter_misc":{"Written by":"redazione","Est. reading time":"2 minutes"},"schema":{"@context":"https:\/\/schema.org","@graph":[{"@type":"Article","@id":"https:\/\/www.bellunopress.it\/2009\/07\/28\/contributo-di-600-mila-euro-alla-fondazione-universita\/#article","isPartOf":{"@id":"https:\/\/www.bellunopress.it\/2009\/07\/28\/contributo-di-600-mila-euro-alla-fondazione-universita\/"},"author":{"name":"redazione","@id":"https:\/\/www.bellunopress.it\/#\/schema\/person\/79bb06722b37ece1c03d3e94beb30d73"},"headline":"Contributo di 600 mila euro alla Fondazione Universit\u00e0","datePublished":"2009-07-28T18:06:10+00:00","mainEntityOfPage":{"@id":"https:\/\/www.bellunopress.it\/2009\/07\/28\/contributo-di-600-mila-euro-alla-fondazione-universita\/"},"wordCount":404,"publisher":{"@id":"https:\/\/www.bellunopress.it\/#organization"},"keywords":["Belluno"],"articleSection":["Cronaca\/Politica","Prima Pagina","Scuola"],"inLanguage":"fr-FR"},{"@type":"WebPage","@id":"https:\/\/www.bellunopress.it\/2009\/07\/28\/contributo-di-600-mila-euro-alla-fondazione-universita\/","url":"https:\/\/www.bellunopress.it\/2009\/07\/28\/contributo-di-600-mila-euro-alla-fondazione-universita\/","name":"Contributo di 600 mila euro alla Fondazione Universit\u00e0 - Bellunopress - Dolomiti","isPartOf":{"@id":"https:\/\/www.bellunopress.it\/#website"},"datePublished":"2009-07-28T18:06:10+00:00","breadcrumb":{"@id":"https:\/\/www.bellunopress.it\/2009\/07\/28\/contributo-di-600-mila-euro-alla-fondazione-universita\/#breadcrumb"},"inLanguage":"fr-FR","potentialAction":[{"@type":"ReadAction","target":["https:\/\/www.bellunopress.it\/2009\/07\/28\/contributo-di-600-mila-euro-alla-fondazione-universita\/"]}]},{"@type":"BreadcrumbList","@id":"https:\/\/www.bellunopress.it\/2009\/07\/28\/contributo-di-600-mila-euro-alla-fondazione-universita\/#breadcrumb","itemListElement":[{"@type":"ListItem","position":1,"name":"Home","item":"https:\/\/www.bellunopress.it\/"},{"@type":"ListItem","position":2,"name":"Contributo di 600 mila euro alla Fondazione Universit\u00e0"}]},{"@type":"WebSite","@id":"https:\/\/www.bellunopress.it\/#website","url":"https:\/\/www.bellunopress.it\/","name":"Bellunopress - Dolomiti","description":"e-mail: redazione@bellunopress.it","publisher":{"@id":"https:\/\/www.bellunopress.it\/#organization"},"potentialAction":[{"@type":"SearchAction","target":{"@type":"EntryPoint","urlTemplate":"https:\/\/www.bellunopress.it\/?s={search_term_string}"},"query-input":{"@type":"PropertyValueSpecification","valueRequired":true,"valueName":"search_term_string"}}],"inLanguage":"fr-FR"},{"@type":"Organization","@id":"https:\/\/www.bellunopress.it\/#organization","name":"Bellunopress","url":"https:\/\/www.bellunopress.it\/","logo":{"@type":"ImageObject","inLanguage":"fr-FR","@id":"https:\/\/www.bellunopress.it\/#\/schema\/logo\/image\/","url":"https:\/\/www.bellunopress.it\/wp-content\/uploads\/2011\/05\/cropped-logo-bellunopress-.jpg","contentUrl":"https:\/\/www.bellunopress.it\/wp-content\/uploads\/2011\/05\/cropped-logo-bellunopress-.jpg","width":512,"height":512,"caption":"Bellunopress"},"image":{"@id":"https:\/\/www.bellunopress.it\/#\/schema\/logo\/image\/"},"sameAs":["https:\/\/www.facebook.com\/profile.php?id=100008943462799","https:\/\/x.com\/bellunopress","https:\/\/www.linkedin.com\/hp\/?dnr=JBzUWaJfMUw8vbXJJ2tVW5-I3jZKvC4wsoxE&amp;amp;amp;amp;amp;amp;trk=nav_responsive_tab_home","https:\/\/www.youtube.com\/channel\/UCxL0wu1uN0_3_7hGG0306cw"]},{"@type":"Person","@id":"https:\/\/www.bellunopress.it\/#\/schema\/person\/79bb06722b37ece1c03d3e94beb30d73","name":"r\u00e9daction","image":{"@type":"ImageObject","inLanguage":"fr-FR","@id":"https:\/\/secure.gravatar.com\/avatar\/37d968a2e67a6fd04c169c4bdef102d0bc5d31b2546345219e348575eb80e9a0?s=96&d=mm&r=g","url":"https:\/\/secure.gravatar.com\/avatar\/37d968a2e67a6fd04c169c4bdef102d0bc5d31b2546345219e348575eb80e9a0?s=96&d=mm&r=g","contentUrl":"https:\/\/secure.gravatar.com\/avatar\/37d968a2e67a6fd04c169c4bdef102d0bc5d31b2546345219e348575eb80e9a0?s=96&d=mm&r=g","caption":"redazione"},"sameAs":["http:\/\/www.bellunopress.it","https:\/\/x.com\/bellunopress"],"url":"https:\/\/www.bellunopress.it\/fr\/author\/redazione\/"}]}},"_links":{"self":[{"href":"https:\/\/www.bellunopress.it\/fr\/wp-json\/wp\/v2\/posts\/6455","targetHints":{"allow":["GET"]}}],"collection":[{"href":"https:\/\/www.bellunopress.it\/fr\/wp-json\/wp\/v2\/posts"}],"about":[{"href":"https:\/\/www.bellunopress.it\/fr\/wp-json\/wp\/v2\/types\/post"}],"author":[{"embeddable":true,"href":"https:\/\/www.bellunopress.it\/fr\/wp-json\/wp\/v2\/users\/2"}],"replies":[{"embeddable":true,"href":"https:\/\/www.bellunopress.it\/fr\/wp-json\/wp\/v2\/comments?post=6455"}],"version-history":[{"count":1,"href":"https:\/\/www.bellunopress.it\/fr\/wp-json\/wp\/v2\/posts\/6455\/revisions"}],"predecessor-version":[{"id":6456,"href":"https:\/\/www.bellunopress.it\/fr\/wp-json\/wp\/v2\/posts\/6455\/revisions\/6456"}],"wp:attachment":[{"href":"https:\/\/www.bellunopress.it\/fr\/wp-json\/wp\/v2\/media?parent=6455"}],"wp:term":[{"taxonomy":"category","embeddable":true,"href":"https:\/\/www.bellunopress.it\/fr\/wp-json\/wp\/v2\/categories?post=6455"},{"taxonomy":"post_tag","embeddable":true,"href":"https:\/\/www.bellunopress.it\/fr\/wp-json\/wp\/v2\/tags?post=6455"}],"curies":[{"name":"wp","href":"https:\/\/api.w.org\/{rel}","templated":true}]}}