{"id":6452,"date":"2009-07-28T09:23:50","date_gmt":"2009-07-28T08:23:50","guid":{"rendered":"http:\/\/www.bellunopress.it\/?p=6452"},"modified":"2009-07-28T14:18:13","modified_gmt":"2009-07-28T13:18:13","slug":"i-cinque-comuni-dellalpago-insieme-per-il-tavolo-permanente-del-turismo","status":"publish","type":"post","link":"https:\/\/www.bellunopress.it\/fr\/2009\/07\/28\/i-cinque-comuni-dellalpago-insieme-per-il-tavolo-permanente-del-turismo\/","title":{"rendered":"I cinque Comuni dell&#8217;Alpago insieme per il Tavolo permanente del turismo"},"content":{"rendered":"<p>Al tema del \u201cturismo\u201d \u00e8 stata interamente dedicata la riunione, svoltasi mercoled\u00ec 22 luglio in sede della Comunit\u00e0 Montana dell\u2019Alpago, che ha visto protagoniste le cinque amministrazioni dell\u2019Alpago e l\u2019Ente Comunitario.L\u2019incontro \u00e8 il risultato non solo di un\u2019intensa attivit\u00e0 che il presidente della Comunit\u00e0 Montana, Alberto Peterle, e le amministrazioni con marcata propensione turistica, quali Farra d\u2019Alpago e Tambre, hanno portato avanti in quest\u2019ultimo anno sui tavoli della Regione ed ultimamente anche della Provincia, ma anche del nuovo clima creatosi nell\u2019ultimo periodo tra le varie amministrazioni della Conca. L\u2019aspetto saliente emerso dalla riunione \u00e8 la convinzione di unire le forze per costituire il Tavolo permanente del turismo, definendo e coordinando un piano d\u2019area che possa dare finalmente una visione concreta ed organica dell\u2019intero territorio alpagoto. Il presidente Peterle si \u00e8 dimostrato soddisfatto dell\u2019esito positivo della riunione: \u201cPossiamo definire quest\u2019incontro un passaggio epocale, per la prima volta l\u2019alpago decide di unire le proprie forze per dare credibilit\u00e0 e concretezza ad un progetto condiviso e voluto da tutti\u201d. Anche l\u2019Assessore al turismo di Farra, Fulvio Basso ed il sindaco di Tambre Oscar Facchin concordano nell\u2019affermare: \u201cIl piano d\u2019area che uscir\u00e0 dal tavolo permanente sar\u00e0 fondamentale per tutti gli imprenditori che vorranno sviluppare e far crescere la gamma e la qualit\u00e0 dei servizi offerti ai turisti\u201d. La Provincia si \u00e8 dimostrata assolutamente interessata al progetto, come assicura il presidente Gianpaolo Bottacin, ponendosi a fianco degli amministratori alpagoti e assicurando una presa di posizione indiscutibilmente a favore.<\/p>","protected":false},"excerpt":{"rendered":"<p>Al tema del \u201cturismo\u201d \u00e8 stata interamente dedicata la riunione, svoltasi mercoled\u00ec 22 luglio in sede della Comunit\u00e0 Montana dell\u2019Alpago, che ha visto protagoniste le cinque amministrazioni dell\u2019Alpago e l\u2019Ente Comunitario.L\u2019incontro \u00e8 il risultato non solo di un\u2019intensa attivit\u00e0 che il presidente della Comunit\u00e0 Montana, Alberto Peterle, e le amministrazioni con marcata propensione turistica, quali [&hellip;]<\/p>\n","protected":false},"author":2,"featured_media":0,"comment_status":"closed","ping_status":"open","sticky":false,"template":"","format":"standard","meta":{"footnotes":""},"categories":[5,26],"tags":[],"class_list":["post-6452","post","type-post","status-publish","format-standard","category-cronaca","category-prima-pagina"],"yoast_head":"<!-- This site is optimized with the Yoast SEO plugin v28.4 - https:\/\/yoast.com\/product\/yoast-seo-wordpress\/ -->\n<title>I cinque Comuni dell&#039;Alpago insieme per il Tavolo permanente del turismo - Bellunopress - Dolomiti<\/title>\n<meta name=\"robots\" content=\"index, follow, max-snippet:-1, max-image-preview:large, max-video-preview:-1\" \/>\n<link rel=\"canonical\" href=\"https:\/\/www.bellunopress.it\/fr\/2009\/07\/28\/i-cinque-comuni-dellalpago-insieme-per-il-tavolo-permanente-del-turismo\/\" \/>\n<meta property=\"og:locale\" content=\"fr_FR\" \/>\n<meta property=\"og:type\" content=\"article\" \/>\n<meta property=\"og:title\" content=\"I cinque Comuni dell&#039;Alpago insieme per il Tavolo permanente del turismo - Bellunopress - Dolomiti\" \/>\n<meta property=\"og:description\" content=\"Al tema del \u201cturismo\u201d \u00e8 stata interamente dedicata la riunione, svoltasi mercoled\u00ec 22 luglio in sede della Comunit\u00e0 Montana dell\u2019Alpago, che ha visto protagoniste le cinque amministrazioni dell\u2019Alpago e l\u2019Ente Comunitario.L\u2019incontro \u00e8 il risultato non solo di un\u2019intensa attivit\u00e0 che il presidente della Comunit\u00e0 Montana, Alberto Peterle, e le amministrazioni con marcata propensione turistica, quali [&hellip;]\" \/>\n<meta property=\"og:url\" content=\"https:\/\/www.bellunopress.it\/fr\/2009\/07\/28\/i-cinque-comuni-dellalpago-insieme-per-il-tavolo-permanente-del-turismo\/\" \/>\n<meta property=\"og:site_name\" content=\"Bellunopress - Dolomiti\" \/>\n<meta property=\"article:publisher\" content=\"https:\/\/www.facebook.com\/profile.php?id=100008943462799\" \/>\n<meta property=\"article:published_time\" content=\"2009-07-28T08:23:50+00:00\" \/>\n<meta property=\"article:modified_time\" content=\"2009-07-28T13:18:13+00:00\" \/>\n<meta property=\"og:image\" content=\"http:\/\/www.bellunopress.it\/wp-content\/uploads\/2012\/07\/logo-bellunopress-250x250-2012.jpg\" \/>\n<meta name=\"author\" content=\"redazione\" \/>\n<meta name=\"twitter:card\" content=\"summary_large_image\" \/>\n<meta name=\"twitter:creator\" content=\"@bellunopress\" \/>\n<meta name=\"twitter:site\" content=\"@bellunopress\" \/>\n<meta name=\"twitter:label1\" content=\"\u00c9crit par\" \/>\n\t<meta name=\"twitter:data1\" content=\"redazione\" \/>\n\t<meta name=\"twitter:label2\" content=\"Dur\u00e9e de lecture estim\u00e9e\" \/>\n\t<meta name=\"twitter:data2\" content=\"1 minute\" \/>\n<script type=\"application\/ld+json\" class=\"yoast-schema-graph\">{\"@context\":\"https:\\\/\\\/schema.org\",\"@graph\":[{\"@type\":\"Article\",\"@id\":\"https:\\\/\\\/www.bellunopress.it\\\/2009\\\/07\\\/28\\\/i-cinque-comuni-dellalpago-insieme-per-il-tavolo-permanente-del-turismo\\\/#article\",\"isPartOf\":{\"@id\":\"https:\\\/\\\/www.bellunopress.it\\\/2009\\\/07\\\/28\\\/i-cinque-comuni-dellalpago-insieme-per-il-tavolo-permanente-del-turismo\\\/\"},\"author\":{\"name\":\"redazione\",\"@id\":\"https:\\\/\\\/www.bellunopress.it\\\/#\\\/schema\\\/person\\\/79bb06722b37ece1c03d3e94beb30d73\"},\"headline\":\"I cinque Comuni dell&#8217;Alpago insieme per il Tavolo permanente del turismo\",\"datePublished\":\"2009-07-28T08:23:50+00:00\",\"dateModified\":\"2009-07-28T13:18:13+00:00\",\"mainEntityOfPage\":{\"@id\":\"https:\\\/\\\/www.bellunopress.it\\\/2009\\\/07\\\/28\\\/i-cinque-comuni-dellalpago-insieme-per-il-tavolo-permanente-del-turismo\\\/\"},\"wordCount\":267,\"publisher\":{\"@id\":\"https:\\\/\\\/www.bellunopress.it\\\/#organization\"},\"articleSection\":[\"Cronaca\\\/Politica\",\"Prima Pagina\"],\"inLanguage\":\"fr-FR\"},{\"@type\":\"WebPage\",\"@id\":\"https:\\\/\\\/www.bellunopress.it\\\/2009\\\/07\\\/28\\\/i-cinque-comuni-dellalpago-insieme-per-il-tavolo-permanente-del-turismo\\\/\",\"url\":\"https:\\\/\\\/www.bellunopress.it\\\/2009\\\/07\\\/28\\\/i-cinque-comuni-dellalpago-insieme-per-il-tavolo-permanente-del-turismo\\\/\",\"name\":\"I cinque Comuni dell'Alpago insieme per il Tavolo permanente del turismo - Bellunopress - Dolomiti\",\"isPartOf\":{\"@id\":\"https:\\\/\\\/www.bellunopress.it\\\/#website\"},\"datePublished\":\"2009-07-28T08:23:50+00:00\",\"dateModified\":\"2009-07-28T13:18:13+00:00\",\"breadcrumb\":{\"@id\":\"https:\\\/\\\/www.bellunopress.it\\\/2009\\\/07\\\/28\\\/i-cinque-comuni-dellalpago-insieme-per-il-tavolo-permanente-del-turismo\\\/#breadcrumb\"},\"inLanguage\":\"fr-FR\",\"potentialAction\":[{\"@type\":\"ReadAction\",\"target\":[\"https:\\\/\\\/www.bellunopress.it\\\/2009\\\/07\\\/28\\\/i-cinque-comuni-dellalpago-insieme-per-il-tavolo-permanente-del-turismo\\\/\"]}]},{\"@type\":\"BreadcrumbList\",\"@id\":\"https:\\\/\\\/www.bellunopress.it\\\/2009\\\/07\\\/28\\\/i-cinque-comuni-dellalpago-insieme-per-il-tavolo-permanente-del-turismo\\\/#breadcrumb\",\"itemListElement\":[{\"@type\":\"ListItem\",\"position\":1,\"name\":\"Home\",\"item\":\"https:\\\/\\\/www.bellunopress.it\\\/\"},{\"@type\":\"ListItem\",\"position\":2,\"name\":\"I cinque Comuni dell&#8217;Alpago insieme per il Tavolo permanente del turismo\"}]},{\"@type\":\"WebSite\",\"@id\":\"https:\\\/\\\/www.bellunopress.it\\\/#website\",\"url\":\"https:\\\/\\\/www.bellunopress.it\\\/\",\"name\":\"Bellunopress - Dolomiti\",\"description\":\"e-mail: redazione@bellunopress.it\",\"publisher\":{\"@id\":\"https:\\\/\\\/www.bellunopress.it\\\/#organization\"},\"potentialAction\":[{\"@type\":\"SearchAction\",\"target\":{\"@type\":\"EntryPoint\",\"urlTemplate\":\"https:\\\/\\\/www.bellunopress.it\\\/?s={search_term_string}\"},\"query-input\":{\"@type\":\"PropertyValueSpecification\",\"valueRequired\":true,\"valueName\":\"search_term_string\"}}],\"inLanguage\":\"fr-FR\"},{\"@type\":\"Organization\",\"@id\":\"https:\\\/\\\/www.bellunopress.it\\\/#organization\",\"name\":\"Bellunopress\",\"url\":\"https:\\\/\\\/www.bellunopress.it\\\/\",\"logo\":{\"@type\":\"ImageObject\",\"inLanguage\":\"fr-FR\",\"@id\":\"https:\\\/\\\/www.bellunopress.it\\\/#\\\/schema\\\/logo\\\/image\\\/\",\"url\":\"https:\\\/\\\/www.bellunopress.it\\\/wp-content\\\/uploads\\\/2011\\\/05\\\/cropped-logo-bellunopress-.jpg\",\"contentUrl\":\"https:\\\/\\\/www.bellunopress.it\\\/wp-content\\\/uploads\\\/2011\\\/05\\\/cropped-logo-bellunopress-.jpg\",\"width\":512,\"height\":512,\"caption\":\"Bellunopress\"},\"image\":{\"@id\":\"https:\\\/\\\/www.bellunopress.it\\\/#\\\/schema\\\/logo\\\/image\\\/\"},\"sameAs\":[\"https:\\\/\\\/www.facebook.com\\\/profile.php?id=100008943462799\",\"https:\\\/\\\/x.com\\\/bellunopress\",\"https:\\\/\\\/www.linkedin.com\\\/hp\\\/?dnr=JBzUWaJfMUw8vbXJJ2tVW5-I3jZKvC4wsoxE&amp;amp;amp;amp;amp;amp;trk=nav_responsive_tab_home\",\"https:\\\/\\\/www.youtube.com\\\/channel\\\/UCxL0wu1uN0_3_7hGG0306cw\"]},{\"@type\":\"Person\",\"@id\":\"https:\\\/\\\/www.bellunopress.it\\\/#\\\/schema\\\/person\\\/79bb06722b37ece1c03d3e94beb30d73\",\"name\":\"redazione\",\"image\":{\"@type\":\"ImageObject\",\"inLanguage\":\"fr-FR\",\"@id\":\"https:\\\/\\\/secure.gravatar.com\\\/avatar\\\/37d968a2e67a6fd04c169c4bdef102d0bc5d31b2546345219e348575eb80e9a0?s=96&d=mm&r=g\",\"url\":\"https:\\\/\\\/secure.gravatar.com\\\/avatar\\\/37d968a2e67a6fd04c169c4bdef102d0bc5d31b2546345219e348575eb80e9a0?s=96&d=mm&r=g\",\"contentUrl\":\"https:\\\/\\\/secure.gravatar.com\\\/avatar\\\/37d968a2e67a6fd04c169c4bdef102d0bc5d31b2546345219e348575eb80e9a0?s=96&d=mm&r=g\",\"caption\":\"redazione\"},\"sameAs\":[\"http:\\\/\\\/www.bellunopress.it\",\"https:\\\/\\\/x.com\\\/bellunopress\"],\"url\":\"https:\\\/\\\/www.bellunopress.it\\\/fr\\\/author\\\/redazione\\\/\"}]}<\/script>\n<!-- \/ Yoast SEO plugin. -->","yoast_head_json":{"title":"I cinque Comuni dell'Alpago insieme per il Tavolo permanente del turismo - Bellunopress - Dolomiti","robots":{"index":"index","follow":"follow","max-snippet":"max-snippet:-1","max-image-preview":"max-image-preview:large","max-video-preview":"max-video-preview:-1"},"canonical":"https:\/\/www.bellunopress.it\/fr\/2009\/07\/28\/i-cinque-comuni-dellalpago-insieme-per-il-tavolo-permanente-del-turismo\/","og_locale":"fr_FR","og_type":"article","og_title":"I cinque Comuni dell'Alpago insieme per il Tavolo permanente del turismo - Bellunopress - Dolomiti","og_description":"Al tema del \u201cturismo\u201d \u00e8 stata interamente dedicata la riunione, svoltasi mercoled\u00ec 22 luglio in sede della Comunit\u00e0 Montana dell\u2019Alpago, che ha visto protagoniste le cinque amministrazioni dell\u2019Alpago e l\u2019Ente Comunitario.L\u2019incontro \u00e8 il risultato non solo di un\u2019intensa attivit\u00e0 che il presidente della Comunit\u00e0 Montana, Alberto Peterle, e le amministrazioni con marcata propensione turistica, quali [&hellip;]","og_url":"https:\/\/www.bellunopress.it\/fr\/2009\/07\/28\/i-cinque-comuni-dellalpago-insieme-per-il-tavolo-permanente-del-turismo\/","og_site_name":"Bellunopress - Dolomiti","article_publisher":"https:\/\/www.facebook.com\/profile.php?id=100008943462799","article_published_time":"2009-07-28T08:23:50+00:00","article_modified_time":"2009-07-28T13:18:13+00:00","og_image":[{"url":"http:\/\/www.bellunopress.it\/wp-content\/uploads\/2012\/07\/logo-bellunopress-250x250-2012.jpg","type":"","width":"","height":""}],"author":"redazione","twitter_card":"summary_large_image","twitter_creator":"@bellunopress","twitter_site":"@bellunopress","twitter_misc":{"\u00c9crit par":"redazione","Dur\u00e9e de lecture estim\u00e9e":"1 minute"},"schema":{"@context":"https:\/\/schema.org","@graph":[{"@type":"Article","@id":"https:\/\/www.bellunopress.it\/2009\/07\/28\/i-cinque-comuni-dellalpago-insieme-per-il-tavolo-permanente-del-turismo\/#article","isPartOf":{"@id":"https:\/\/www.bellunopress.it\/2009\/07\/28\/i-cinque-comuni-dellalpago-insieme-per-il-tavolo-permanente-del-turismo\/"},"author":{"name":"redazione","@id":"https:\/\/www.bellunopress.it\/#\/schema\/person\/79bb06722b37ece1c03d3e94beb30d73"},"headline":"I cinque Comuni dell&#8217;Alpago insieme per il Tavolo permanente del turismo","datePublished":"2009-07-28T08:23:50+00:00","dateModified":"2009-07-28T13:18:13+00:00","mainEntityOfPage":{"@id":"https:\/\/www.bellunopress.it\/2009\/07\/28\/i-cinque-comuni-dellalpago-insieme-per-il-tavolo-permanente-del-turismo\/"},"wordCount":267,"publisher":{"@id":"https:\/\/www.bellunopress.it\/#organization"},"articleSection":["Cronaca\/Politica","Prima Pagina"],"inLanguage":"fr-FR"},{"@type":"WebPage","@id":"https:\/\/www.bellunopress.it\/2009\/07\/28\/i-cinque-comuni-dellalpago-insieme-per-il-tavolo-permanente-del-turismo\/","url":"https:\/\/www.bellunopress.it\/2009\/07\/28\/i-cinque-comuni-dellalpago-insieme-per-il-tavolo-permanente-del-turismo\/","name":"I cinque Comuni dell'Alpago insieme per il Tavolo permanente del turismo - Bellunopress - Dolomiti","isPartOf":{"@id":"https:\/\/www.bellunopress.it\/#website"},"datePublished":"2009-07-28T08:23:50+00:00","dateModified":"2009-07-28T13:18:13+00:00","breadcrumb":{"@id":"https:\/\/www.bellunopress.it\/2009\/07\/28\/i-cinque-comuni-dellalpago-insieme-per-il-tavolo-permanente-del-turismo\/#breadcrumb"},"inLanguage":"fr-FR","potentialAction":[{"@type":"ReadAction","target":["https:\/\/www.bellunopress.it\/2009\/07\/28\/i-cinque-comuni-dellalpago-insieme-per-il-tavolo-permanente-del-turismo\/"]}]},{"@type":"BreadcrumbList","@id":"https:\/\/www.bellunopress.it\/2009\/07\/28\/i-cinque-comuni-dellalpago-insieme-per-il-tavolo-permanente-del-turismo\/#breadcrumb","itemListElement":[{"@type":"ListItem","position":1,"name":"Home","item":"https:\/\/www.bellunopress.it\/"},{"@type":"ListItem","position":2,"name":"I cinque Comuni dell&#8217;Alpago insieme per il Tavolo permanente del turismo"}]},{"@type":"WebSite","@id":"https:\/\/www.bellunopress.it\/#website","url":"https:\/\/www.bellunopress.it\/","name":"Bellunopress - Dolomiti","description":"e-mail: redazione@bellunopress.it","publisher":{"@id":"https:\/\/www.bellunopress.it\/#organization"},"potentialAction":[{"@type":"SearchAction","target":{"@type":"EntryPoint","urlTemplate":"https:\/\/www.bellunopress.it\/?s={search_term_string}"},"query-input":{"@type":"PropertyValueSpecification","valueRequired":true,"valueName":"search_term_string"}}],"inLanguage":"fr-FR"},{"@type":"Organization","@id":"https:\/\/www.bellunopress.it\/#organization","name":"Bellunopress","url":"https:\/\/www.bellunopress.it\/","logo":{"@type":"ImageObject","inLanguage":"fr-FR","@id":"https:\/\/www.bellunopress.it\/#\/schema\/logo\/image\/","url":"https:\/\/www.bellunopress.it\/wp-content\/uploads\/2011\/05\/cropped-logo-bellunopress-.jpg","contentUrl":"https:\/\/www.bellunopress.it\/wp-content\/uploads\/2011\/05\/cropped-logo-bellunopress-.jpg","width":512,"height":512,"caption":"Bellunopress"},"image":{"@id":"https:\/\/www.bellunopress.it\/#\/schema\/logo\/image\/"},"sameAs":["https:\/\/www.facebook.com\/profile.php?id=100008943462799","https:\/\/x.com\/bellunopress","https:\/\/www.linkedin.com\/hp\/?dnr=JBzUWaJfMUw8vbXJJ2tVW5-I3jZKvC4wsoxE&amp;amp;amp;amp;amp;amp;trk=nav_responsive_tab_home","https:\/\/www.youtube.com\/channel\/UCxL0wu1uN0_3_7hGG0306cw"]},{"@type":"Person","@id":"https:\/\/www.bellunopress.it\/#\/schema\/person\/79bb06722b37ece1c03d3e94beb30d73","name":"r\u00e9daction","image":{"@type":"ImageObject","inLanguage":"fr-FR","@id":"https:\/\/secure.gravatar.com\/avatar\/37d968a2e67a6fd04c169c4bdef102d0bc5d31b2546345219e348575eb80e9a0?s=96&d=mm&r=g","url":"https:\/\/secure.gravatar.com\/avatar\/37d968a2e67a6fd04c169c4bdef102d0bc5d31b2546345219e348575eb80e9a0?s=96&d=mm&r=g","contentUrl":"https:\/\/secure.gravatar.com\/avatar\/37d968a2e67a6fd04c169c4bdef102d0bc5d31b2546345219e348575eb80e9a0?s=96&d=mm&r=g","caption":"redazione"},"sameAs":["http:\/\/www.bellunopress.it","https:\/\/x.com\/bellunopress"],"url":"https:\/\/www.bellunopress.it\/fr\/author\/redazione\/"}]}},"_links":{"self":[{"href":"https:\/\/www.bellunopress.it\/fr\/wp-json\/wp\/v2\/posts\/6452","targetHints":{"allow":["GET"]}}],"collection":[{"href":"https:\/\/www.bellunopress.it\/fr\/wp-json\/wp\/v2\/posts"}],"about":[{"href":"https:\/\/www.bellunopress.it\/fr\/wp-json\/wp\/v2\/types\/post"}],"author":[{"embeddable":true,"href":"https:\/\/www.bellunopress.it\/fr\/wp-json\/wp\/v2\/users\/2"}],"replies":[{"embeddable":true,"href":"https:\/\/www.bellunopress.it\/fr\/wp-json\/wp\/v2\/comments?post=6452"}],"version-history":[{"count":2,"href":"https:\/\/www.bellunopress.it\/fr\/wp-json\/wp\/v2\/posts\/6452\/revisions"}],"predecessor-version":[{"id":6454,"href":"https:\/\/www.bellunopress.it\/fr\/wp-json\/wp\/v2\/posts\/6452\/revisions\/6454"}],"wp:attachment":[{"href":"https:\/\/www.bellunopress.it\/fr\/wp-json\/wp\/v2\/media?parent=6452"}],"wp:term":[{"taxonomy":"category","embeddable":true,"href":"https:\/\/www.bellunopress.it\/fr\/wp-json\/wp\/v2\/categories?post=6452"},{"taxonomy":"post_tag","embeddable":true,"href":"https:\/\/www.bellunopress.it\/fr\/wp-json\/wp\/v2\/tags?post=6452"}],"curies":[{"name":"wp","href":"https:\/\/api.w.org\/{rel}","templated":true}]}}