{"id":6437,"date":"2009-07-27T18:07:37","date_gmt":"2009-07-27T17:07:37","guid":{"rendered":"http:\/\/www.bellunopress.it\/?p=6437"},"modified":"2009-07-27T18:07:37","modified_gmt":"2009-07-27T17:07:37","slug":"riparte-la-macchina-amministrativa-incontro-al-vertice-tra-provincia-e-fondazione-universita-bottacin-piccoli-e-zanolla-questa-matttina-al-campus-di-borgo-ruga","status":"publish","type":"post","link":"https:\/\/www.bellunopress.it\/fr\/2009\/07\/27\/riparte-la-macchina-amministrativa-incontro-al-vertice-tra-provincia-e-fondazione-universita-bottacin-piccoli-e-zanolla-questa-matttina-al-campus-di-borgo-ruga\/","title":{"rendered":"Riparte la macchina amministrativa, incontro al vertice tra Provincia e Fondazione universit\u00e0. Bottacin, Piccoli e Zanolla questa matttina al Campus di Borgo Ruga"},"content":{"rendered":"<p><a href=\"http:\/\/www.bellunopress.it\/wp-content\/uploads\/2009\/07\/visitacampus-universita-feltre.jpg\"><img loading=\"lazy\" decoding=\"async\" class=\"alignleft size-medium wp-image-6438\" title=\"visitacampus-universita-feltre\" src=\"http:\/\/www.bellunopress.it\/wp-content\/uploads\/2009\/07\/visitacampus-universita-feltre.jpg\" alt=\"\" width=\"209\" height=\"280\" \/><\/a>Primo incontro ufficiale questa mattina a Feltre tra i nuovi vertici della Provincia e la Fondazione per l\u2019Universit\u00e0 e l\u2019Alta Cultura in Provincia di Belluno. Erano presenti il presidente Giampaolo Bottacin e gli assessori Giovanni Piccoli e Bruno Zanolla, che per circa due ore si sono confrontati con il presidente dell\u2019ente Adriano Rasi Caldogno, con il direttore Giovanni Villano e con il sindaco di Feltre Gianvittore Vaccari. Al centro del confronto, che \u00e8 stato preceduto da una visita agli stabili del campus di Borgo Ruga, stato e prospettive della presenza universitaria in Provincia di Belluno. Al Presidente Rasi Caldogno il compito di delinearne l\u2019attuale assetto, con la presentazione delle numerose proposte svolte, in itinere e previste per i prossimi mesi. Un calendario ricco e diversificato che, come ha sottolineato Rasi Caldogno, si propone come qualificante occasione di promozione per l\u2019intero territorio grazie anche alla sinergica collaborazione sviluppata nel corso degli ultimi due anni con enti locali e atenei veneti. E proprio a questo proposito, ha annunciato Rasi, \u00e8 positivo il bilancio di questi primi mesi di collaborazione fatto nei giorni scorsi dal rettore uscente della Iuav Magnani e dal suo successore Carraro con cui gi\u00e0 sono stati avviati<br \/>\ninteressanti contatti finalizzati a future proposte. Un quadro di interesse confermato anche dal neorettore di Padova Zaccaria, che ha dato la piena disponibilit\u00e0 ad ampliare la presenza patavina a Feltre. Tanti progetti dunque, per un futuro universitario reso possibile anche grazie al fondamentale contributo economico offerto dai soci della Fondazione. Un riferimento preciso alla prossima scadenza dell\u2019impegno finanziario da essi assunto e sul quale la Fondazione torner\u00e0 a chiedere il rinnovo il prossimo autunno. Nessun dubbio sembra profilarsi in tal senso per la Provincia. \u201cHo gi\u00e0 espresso in tempi non sospetti la ferma convinzione che un\u2019universit\u00e0 legata al territorio fosse un\u2019opportunit\u00e0 importante per la crescita della nostra terra \u2013 ha affermato Bottacin \u2013 Le scelte oggi illustrate da Rasi Caldogno testimoniano come questa sia la linea su cui \u00e8 orientata l\u2019Alta Formazione in Provincia e non posso che confermare dunque il mio appoggio alla strategia intrapresa\u201d. \u201cL&#8217;Universit\u00e0 \u00e8 un formidabile strumento al servizio del territorio per informare, formare ed innovare. Tre capitoli su cui imposteremo anche i prossimi cinque anni di mandato dell&#8217;Amministrazione Provinciale \u2013 ha affermato Giovanni Piccoli \u2013 e che dunque non possono che farci confermare il valore del ruolo svolto dalla Fondazione come unico soggetto di riferimento del fare cultura e formazione sul territorio\u201d. Il sindaco di Feltre Gianvittore Vaccari si \u00e8 unito al presidente Rasi nell&#8217;esprimere compiacimento per le dichiarazioni dei vertici provinciali ai quali ha lanciato la proposta di fare della Fondazione uno strumento formativo funzionale anche al riposizionamento di aree territoriali provinciali particolarmente sofferenti a causa dell&#8217;attuale congiuntura economica. \u201cUn tavolo di discussione e confronto tra pi\u00f9 enti \u2013 ha dichiarato Vaccari \u2013 che potrebbe essere soluzione anche alla difficile questione della riqualificazione professionale di lavoratori con necessit\u00e0 di nuovo collocamento\u201d.<\/p>","protected":false},"excerpt":{"rendered":"<p>Primo incontro ufficiale questa mattina a Feltre tra i nuovi vertici della Provincia e la Fondazione per l\u2019Universit\u00e0 e l\u2019Alta Cultura in Provincia di Belluno. Erano presenti il presidente Giampaolo Bottacin e gli assessori Giovanni Piccoli e Bruno Zanolla, che per circa due ore si sono confrontati con il presidente dell\u2019ente Adriano Rasi Caldogno, con [&hellip;]<\/p>\n","protected":false},"author":2,"featured_media":0,"comment_status":"closed","ping_status":"open","sticky":false,"template":"","format":"standard","meta":{"footnotes":""},"categories":[5,26],"tags":[139,302],"class_list":["post-6437","post","type-post","status-publish","format-standard","category-cronaca","category-prima-pagina","tag-belluno","tag-feltre"],"yoast_head":"<!-- This site is optimized with the Yoast SEO plugin v28.4 - https:\/\/yoast.com\/product\/yoast-seo-wordpress\/ -->\n<title>Riparte la macchina amministrativa, incontro al vertice tra Provincia e Fondazione universit\u00e0. Bottacin, Piccoli e Zanolla questa matttina al Campus di Borgo Ruga  - Bellunopress - Dolomiti<\/title>\n<meta name=\"robots\" content=\"index, follow, max-snippet:-1, max-image-preview:large, max-video-preview:-1\" \/>\n<link rel=\"canonical\" href=\"https:\/\/www.bellunopress.it\/fr\/2009\/07\/27\/riparte-la-macchina-amministrativa-incontro-al-vertice-tra-provincia-e-fondazione-universita-bottacin-piccoli-e-zanolla-questa-matttina-al-campus-di-borgo-ruga\/\" \/>\n<meta property=\"og:locale\" content=\"fr_FR\" \/>\n<meta property=\"og:type\" content=\"article\" \/>\n<meta property=\"og:title\" content=\"Riparte la macchina amministrativa, incontro al vertice tra Provincia e Fondazione universit\u00e0. Bottacin, Piccoli e Zanolla questa matttina al Campus di Borgo Ruga  - Bellunopress - Dolomiti\" \/>\n<meta property=\"og:description\" content=\"Primo incontro ufficiale questa mattina a Feltre tra i nuovi vertici della Provincia e la Fondazione per l\u2019Universit\u00e0 e l\u2019Alta Cultura in Provincia di Belluno. Erano presenti il presidente Giampaolo Bottacin e gli assessori Giovanni Piccoli e Bruno Zanolla, che per circa due ore si sono confrontati con il presidente dell\u2019ente Adriano Rasi Caldogno, con [&hellip;]\" \/>\n<meta property=\"og:url\" content=\"https:\/\/www.bellunopress.it\/fr\/2009\/07\/27\/riparte-la-macchina-amministrativa-incontro-al-vertice-tra-provincia-e-fondazione-universita-bottacin-piccoli-e-zanolla-questa-matttina-al-campus-di-borgo-ruga\/\" \/>\n<meta property=\"og:site_name\" content=\"Bellunopress - Dolomiti\" \/>\n<meta property=\"article:publisher\" content=\"https:\/\/www.facebook.com\/profile.php?id=100008943462799\" \/>\n<meta property=\"article:published_time\" content=\"2009-07-27T17:07:37+00:00\" \/>\n<meta property=\"og:image\" content=\"http:\/\/www.bellunopress.it\/wp-content\/uploads\/2009\/07\/visitacampus-universita-feltre.jpg\" \/>\n<meta name=\"author\" content=\"redazione\" \/>\n<meta name=\"twitter:card\" content=\"summary_large_image\" \/>\n<meta name=\"twitter:creator\" content=\"@bellunopress\" \/>\n<meta name=\"twitter:site\" content=\"@bellunopress\" \/>\n<meta name=\"twitter:label1\" content=\"\u00c9crit par\" \/>\n\t<meta name=\"twitter:data1\" content=\"redazione\" \/>\n\t<meta name=\"twitter:label2\" content=\"Dur\u00e9e de lecture estim\u00e9e\" \/>\n\t<meta name=\"twitter:data2\" content=\"2 minutes\" \/>\n<script type=\"application\/ld+json\" class=\"yoast-schema-graph\">{\"@context\":\"https:\\\/\\\/schema.org\",\"@graph\":[{\"@type\":\"Article\",\"@id\":\"https:\\\/\\\/www.bellunopress.it\\\/2009\\\/07\\\/27\\\/riparte-la-macchina-amministrativa-incontro-al-vertice-tra-provincia-e-fondazione-universita-bottacin-piccoli-e-zanolla-questa-matttina-al-campus-di-borgo-ruga\\\/#article\",\"isPartOf\":{\"@id\":\"https:\\\/\\\/www.bellunopress.it\\\/2009\\\/07\\\/27\\\/riparte-la-macchina-amministrativa-incontro-al-vertice-tra-provincia-e-fondazione-universita-bottacin-piccoli-e-zanolla-questa-matttina-al-campus-di-borgo-ruga\\\/\"},\"author\":{\"name\":\"redazione\",\"@id\":\"https:\\\/\\\/www.bellunopress.it\\\/#\\\/schema\\\/person\\\/79bb06722b37ece1c03d3e94beb30d73\"},\"headline\":\"Riparte la macchina amministrativa, incontro al vertice tra Provincia e Fondazione universit\u00e0. Bottacin, Piccoli e Zanolla questa matttina al Campus di Borgo Ruga\",\"datePublished\":\"2009-07-27T17:07:37+00:00\",\"mainEntityOfPage\":{\"@id\":\"https:\\\/\\\/www.bellunopress.it\\\/2009\\\/07\\\/27\\\/riparte-la-macchina-amministrativa-incontro-al-vertice-tra-provincia-e-fondazione-universita-bottacin-piccoli-e-zanolla-questa-matttina-al-campus-di-borgo-ruga\\\/\"},\"wordCount\":510,\"publisher\":{\"@id\":\"https:\\\/\\\/www.bellunopress.it\\\/#organization\"},\"image\":{\"@id\":\"https:\\\/\\\/www.bellunopress.it\\\/2009\\\/07\\\/27\\\/riparte-la-macchina-amministrativa-incontro-al-vertice-tra-provincia-e-fondazione-universita-bottacin-piccoli-e-zanolla-questa-matttina-al-campus-di-borgo-ruga\\\/#primaryimage\"},\"thumbnailUrl\":\"http:\\\/\\\/www.bellunopress.it\\\/wp-content\\\/uploads\\\/2009\\\/07\\\/visitacampus-universita-feltre.jpg\",\"keywords\":[\"Belluno\",\"Feltre\"],\"articleSection\":[\"Cronaca\\\/Politica\",\"Prima Pagina\"],\"inLanguage\":\"fr-FR\"},{\"@type\":\"WebPage\",\"@id\":\"https:\\\/\\\/www.bellunopress.it\\\/2009\\\/07\\\/27\\\/riparte-la-macchina-amministrativa-incontro-al-vertice-tra-provincia-e-fondazione-universita-bottacin-piccoli-e-zanolla-questa-matttina-al-campus-di-borgo-ruga\\\/\",\"url\":\"https:\\\/\\\/www.bellunopress.it\\\/2009\\\/07\\\/27\\\/riparte-la-macchina-amministrativa-incontro-al-vertice-tra-provincia-e-fondazione-universita-bottacin-piccoli-e-zanolla-questa-matttina-al-campus-di-borgo-ruga\\\/\",\"name\":\"Riparte la macchina amministrativa, incontro al vertice tra Provincia e Fondazione universit\u00e0. Bottacin, Piccoli e Zanolla questa matttina al Campus di Borgo Ruga - Bellunopress - Dolomiti\",\"isPartOf\":{\"@id\":\"https:\\\/\\\/www.bellunopress.it\\\/#website\"},\"primaryImageOfPage\":{\"@id\":\"https:\\\/\\\/www.bellunopress.it\\\/2009\\\/07\\\/27\\\/riparte-la-macchina-amministrativa-incontro-al-vertice-tra-provincia-e-fondazione-universita-bottacin-piccoli-e-zanolla-questa-matttina-al-campus-di-borgo-ruga\\\/#primaryimage\"},\"image\":{\"@id\":\"https:\\\/\\\/www.bellunopress.it\\\/2009\\\/07\\\/27\\\/riparte-la-macchina-amministrativa-incontro-al-vertice-tra-provincia-e-fondazione-universita-bottacin-piccoli-e-zanolla-questa-matttina-al-campus-di-borgo-ruga\\\/#primaryimage\"},\"thumbnailUrl\":\"http:\\\/\\\/www.bellunopress.it\\\/wp-content\\\/uploads\\\/2009\\\/07\\\/visitacampus-universita-feltre.jpg\",\"datePublished\":\"2009-07-27T17:07:37+00:00\",\"breadcrumb\":{\"@id\":\"https:\\\/\\\/www.bellunopress.it\\\/2009\\\/07\\\/27\\\/riparte-la-macchina-amministrativa-incontro-al-vertice-tra-provincia-e-fondazione-universita-bottacin-piccoli-e-zanolla-questa-matttina-al-campus-di-borgo-ruga\\\/#breadcrumb\"},\"inLanguage\":\"fr-FR\",\"potentialAction\":[{\"@type\":\"ReadAction\",\"target\":[\"https:\\\/\\\/www.bellunopress.it\\\/2009\\\/07\\\/27\\\/riparte-la-macchina-amministrativa-incontro-al-vertice-tra-provincia-e-fondazione-universita-bottacin-piccoli-e-zanolla-questa-matttina-al-campus-di-borgo-ruga\\\/\"]}]},{\"@type\":\"ImageObject\",\"inLanguage\":\"fr-FR\",\"@id\":\"https:\\\/\\\/www.bellunopress.it\\\/2009\\\/07\\\/27\\\/riparte-la-macchina-amministrativa-incontro-al-vertice-tra-provincia-e-fondazione-universita-bottacin-piccoli-e-zanolla-questa-matttina-al-campus-di-borgo-ruga\\\/#primaryimage\",\"url\":\"http:\\\/\\\/www.bellunopress.it\\\/wp-content\\\/uploads\\\/2009\\\/07\\\/visitacampus-universita-feltre.jpg\",\"contentUrl\":\"http:\\\/\\\/www.bellunopress.it\\\/wp-content\\\/uploads\\\/2009\\\/07\\\/visitacampus-universita-feltre.jpg\"},{\"@type\":\"BreadcrumbList\",\"@id\":\"https:\\\/\\\/www.bellunopress.it\\\/2009\\\/07\\\/27\\\/riparte-la-macchina-amministrativa-incontro-al-vertice-tra-provincia-e-fondazione-universita-bottacin-piccoli-e-zanolla-questa-matttina-al-campus-di-borgo-ruga\\\/#breadcrumb\",\"itemListElement\":[{\"@type\":\"ListItem\",\"position\":1,\"name\":\"Home\",\"item\":\"https:\\\/\\\/www.bellunopress.it\\\/\"},{\"@type\":\"ListItem\",\"position\":2,\"name\":\"Riparte la macchina amministrativa, incontro al vertice tra Provincia e Fondazione universit\u00e0. Bottacin, Piccoli e Zanolla questa matttina al Campus di Borgo Ruga\"}]},{\"@type\":\"WebSite\",\"@id\":\"https:\\\/\\\/www.bellunopress.it\\\/#website\",\"url\":\"https:\\\/\\\/www.bellunopress.it\\\/\",\"name\":\"Bellunopress - Dolomiti\",\"description\":\"e-mail: redazione@bellunopress.it\",\"publisher\":{\"@id\":\"https:\\\/\\\/www.bellunopress.it\\\/#organization\"},\"potentialAction\":[{\"@type\":\"SearchAction\",\"target\":{\"@type\":\"EntryPoint\",\"urlTemplate\":\"https:\\\/\\\/www.bellunopress.it\\\/?s={search_term_string}\"},\"query-input\":{\"@type\":\"PropertyValueSpecification\",\"valueRequired\":true,\"valueName\":\"search_term_string\"}}],\"inLanguage\":\"fr-FR\"},{\"@type\":\"Organization\",\"@id\":\"https:\\\/\\\/www.bellunopress.it\\\/#organization\",\"name\":\"Bellunopress\",\"url\":\"https:\\\/\\\/www.bellunopress.it\\\/\",\"logo\":{\"@type\":\"ImageObject\",\"inLanguage\":\"fr-FR\",\"@id\":\"https:\\\/\\\/www.bellunopress.it\\\/#\\\/schema\\\/logo\\\/image\\\/\",\"url\":\"https:\\\/\\\/www.bellunopress.it\\\/wp-content\\\/uploads\\\/2011\\\/05\\\/cropped-logo-bellunopress-.jpg\",\"contentUrl\":\"https:\\\/\\\/www.bellunopress.it\\\/wp-content\\\/uploads\\\/2011\\\/05\\\/cropped-logo-bellunopress-.jpg\",\"width\":512,\"height\":512,\"caption\":\"Bellunopress\"},\"image\":{\"@id\":\"https:\\\/\\\/www.bellunopress.it\\\/#\\\/schema\\\/logo\\\/image\\\/\"},\"sameAs\":[\"https:\\\/\\\/www.facebook.com\\\/profile.php?id=100008943462799\",\"https:\\\/\\\/x.com\\\/bellunopress\",\"https:\\\/\\\/www.linkedin.com\\\/hp\\\/?dnr=JBzUWaJfMUw8vbXJJ2tVW5-I3jZKvC4wsoxE&amp;amp;amp;amp;amp;amp;trk=nav_responsive_tab_home\",\"https:\\\/\\\/www.youtube.com\\\/channel\\\/UCxL0wu1uN0_3_7hGG0306cw\"]},{\"@type\":\"Person\",\"@id\":\"https:\\\/\\\/www.bellunopress.it\\\/#\\\/schema\\\/person\\\/79bb06722b37ece1c03d3e94beb30d73\",\"name\":\"redazione\",\"image\":{\"@type\":\"ImageObject\",\"inLanguage\":\"fr-FR\",\"@id\":\"https:\\\/\\\/secure.gravatar.com\\\/avatar\\\/37d968a2e67a6fd04c169c4bdef102d0bc5d31b2546345219e348575eb80e9a0?s=96&d=mm&r=g\",\"url\":\"https:\\\/\\\/secure.gravatar.com\\\/avatar\\\/37d968a2e67a6fd04c169c4bdef102d0bc5d31b2546345219e348575eb80e9a0?s=96&d=mm&r=g\",\"contentUrl\":\"https:\\\/\\\/secure.gravatar.com\\\/avatar\\\/37d968a2e67a6fd04c169c4bdef102d0bc5d31b2546345219e348575eb80e9a0?s=96&d=mm&r=g\",\"caption\":\"redazione\"},\"sameAs\":[\"http:\\\/\\\/www.bellunopress.it\",\"https:\\\/\\\/x.com\\\/bellunopress\"],\"url\":\"https:\\\/\\\/www.bellunopress.it\\\/fr\\\/author\\\/redazione\\\/\"}]}<\/script>\n<!-- \/ Yoast SEO plugin. -->","yoast_head_json":{"title":"Riparte la macchina amministrativa, incontro al vertice tra Provincia e Fondazione universit\u00e0. Bottacin, Piccoli e Zanolla questa matttina al Campus di Borgo Ruga  - Bellunopress - Dolomiti","robots":{"index":"index","follow":"follow","max-snippet":"max-snippet:-1","max-image-preview":"max-image-preview:large","max-video-preview":"max-video-preview:-1"},"canonical":"https:\/\/www.bellunopress.it\/fr\/2009\/07\/27\/riparte-la-macchina-amministrativa-incontro-al-vertice-tra-provincia-e-fondazione-universita-bottacin-piccoli-e-zanolla-questa-matttina-al-campus-di-borgo-ruga\/","og_locale":"fr_FR","og_type":"article","og_title":"Riparte la macchina amministrativa, incontro al vertice tra Provincia e Fondazione universit\u00e0. Bottacin, Piccoli e Zanolla questa matttina al Campus di Borgo Ruga  - Bellunopress - Dolomiti","og_description":"Primo incontro ufficiale questa mattina a Feltre tra i nuovi vertici della Provincia e la Fondazione per l\u2019Universit\u00e0 e l\u2019Alta Cultura in Provincia di Belluno. Erano presenti il presidente Giampaolo Bottacin e gli assessori Giovanni Piccoli e Bruno Zanolla, che per circa due ore si sono confrontati con il presidente dell\u2019ente Adriano Rasi Caldogno, con [&hellip;]","og_url":"https:\/\/www.bellunopress.it\/fr\/2009\/07\/27\/riparte-la-macchina-amministrativa-incontro-al-vertice-tra-provincia-e-fondazione-universita-bottacin-piccoli-e-zanolla-questa-matttina-al-campus-di-borgo-ruga\/","og_site_name":"Bellunopress - Dolomiti","article_publisher":"https:\/\/www.facebook.com\/profile.php?id=100008943462799","article_published_time":"2009-07-27T17:07:37+00:00","og_image":[{"url":"http:\/\/www.bellunopress.it\/wp-content\/uploads\/2009\/07\/visitacampus-universita-feltre.jpg","type":"","width":"","height":""}],"author":"redazione","twitter_card":"summary_large_image","twitter_creator":"@bellunopress","twitter_site":"@bellunopress","twitter_misc":{"\u00c9crit par":"redazione","Dur\u00e9e de lecture estim\u00e9e":"2 minutes"},"schema":{"@context":"https:\/\/schema.org","@graph":[{"@type":"Article","@id":"https:\/\/www.bellunopress.it\/2009\/07\/27\/riparte-la-macchina-amministrativa-incontro-al-vertice-tra-provincia-e-fondazione-universita-bottacin-piccoli-e-zanolla-questa-matttina-al-campus-di-borgo-ruga\/#article","isPartOf":{"@id":"https:\/\/www.bellunopress.it\/2009\/07\/27\/riparte-la-macchina-amministrativa-incontro-al-vertice-tra-provincia-e-fondazione-universita-bottacin-piccoli-e-zanolla-questa-matttina-al-campus-di-borgo-ruga\/"},"author":{"name":"redazione","@id":"https:\/\/www.bellunopress.it\/#\/schema\/person\/79bb06722b37ece1c03d3e94beb30d73"},"headline":"Riparte la macchina amministrativa, incontro al vertice tra Provincia e Fondazione universit\u00e0. Bottacin, Piccoli e Zanolla questa matttina al Campus di Borgo Ruga","datePublished":"2009-07-27T17:07:37+00:00","mainEntityOfPage":{"@id":"https:\/\/www.bellunopress.it\/2009\/07\/27\/riparte-la-macchina-amministrativa-incontro-al-vertice-tra-provincia-e-fondazione-universita-bottacin-piccoli-e-zanolla-questa-matttina-al-campus-di-borgo-ruga\/"},"wordCount":510,"publisher":{"@id":"https:\/\/www.bellunopress.it\/#organization"},"image":{"@id":"https:\/\/www.bellunopress.it\/2009\/07\/27\/riparte-la-macchina-amministrativa-incontro-al-vertice-tra-provincia-e-fondazione-universita-bottacin-piccoli-e-zanolla-questa-matttina-al-campus-di-borgo-ruga\/#primaryimage"},"thumbnailUrl":"http:\/\/www.bellunopress.it\/wp-content\/uploads\/2009\/07\/visitacampus-universita-feltre.jpg","keywords":["Belluno","Feltre"],"articleSection":["Cronaca\/Politica","Prima Pagina"],"inLanguage":"fr-FR"},{"@type":"WebPage","@id":"https:\/\/www.bellunopress.it\/2009\/07\/27\/riparte-la-macchina-amministrativa-incontro-al-vertice-tra-provincia-e-fondazione-universita-bottacin-piccoli-e-zanolla-questa-matttina-al-campus-di-borgo-ruga\/","url":"https:\/\/www.bellunopress.it\/2009\/07\/27\/riparte-la-macchina-amministrativa-incontro-al-vertice-tra-provincia-e-fondazione-universita-bottacin-piccoli-e-zanolla-questa-matttina-al-campus-di-borgo-ruga\/","name":"Riparte la macchina amministrativa, incontro al vertice tra Provincia e Fondazione universit\u00e0. Bottacin, Piccoli e Zanolla questa matttina al Campus di Borgo Ruga - Bellunopress - Dolomiti","isPartOf":{"@id":"https:\/\/www.bellunopress.it\/#website"},"primaryImageOfPage":{"@id":"https:\/\/www.bellunopress.it\/2009\/07\/27\/riparte-la-macchina-amministrativa-incontro-al-vertice-tra-provincia-e-fondazione-universita-bottacin-piccoli-e-zanolla-questa-matttina-al-campus-di-borgo-ruga\/#primaryimage"},"image":{"@id":"https:\/\/www.bellunopress.it\/2009\/07\/27\/riparte-la-macchina-amministrativa-incontro-al-vertice-tra-provincia-e-fondazione-universita-bottacin-piccoli-e-zanolla-questa-matttina-al-campus-di-borgo-ruga\/#primaryimage"},"thumbnailUrl":"http:\/\/www.bellunopress.it\/wp-content\/uploads\/2009\/07\/visitacampus-universita-feltre.jpg","datePublished":"2009-07-27T17:07:37+00:00","breadcrumb":{"@id":"https:\/\/www.bellunopress.it\/2009\/07\/27\/riparte-la-macchina-amministrativa-incontro-al-vertice-tra-provincia-e-fondazione-universita-bottacin-piccoli-e-zanolla-questa-matttina-al-campus-di-borgo-ruga\/#breadcrumb"},"inLanguage":"fr-FR","potentialAction":[{"@type":"ReadAction","target":["https:\/\/www.bellunopress.it\/2009\/07\/27\/riparte-la-macchina-amministrativa-incontro-al-vertice-tra-provincia-e-fondazione-universita-bottacin-piccoli-e-zanolla-questa-matttina-al-campus-di-borgo-ruga\/"]}]},{"@type":"ImageObject","inLanguage":"fr-FR","@id":"https:\/\/www.bellunopress.it\/2009\/07\/27\/riparte-la-macchina-amministrativa-incontro-al-vertice-tra-provincia-e-fondazione-universita-bottacin-piccoli-e-zanolla-questa-matttina-al-campus-di-borgo-ruga\/#primaryimage","url":"http:\/\/www.bellunopress.it\/wp-content\/uploads\/2009\/07\/visitacampus-universita-feltre.jpg","contentUrl":"http:\/\/www.bellunopress.it\/wp-content\/uploads\/2009\/07\/visitacampus-universita-feltre.jpg"},{"@type":"BreadcrumbList","@id":"https:\/\/www.bellunopress.it\/2009\/07\/27\/riparte-la-macchina-amministrativa-incontro-al-vertice-tra-provincia-e-fondazione-universita-bottacin-piccoli-e-zanolla-questa-matttina-al-campus-di-borgo-ruga\/#breadcrumb","itemListElement":[{"@type":"ListItem","position":1,"name":"Home","item":"https:\/\/www.bellunopress.it\/"},{"@type":"ListItem","position":2,"name":"Riparte la macchina amministrativa, incontro al vertice tra Provincia e Fondazione universit\u00e0. Bottacin, Piccoli e Zanolla questa matttina al Campus di Borgo Ruga"}]},{"@type":"WebSite","@id":"https:\/\/www.bellunopress.it\/#website","url":"https:\/\/www.bellunopress.it\/","name":"Bellunopress - Dolomiti","description":"e-mail: redazione@bellunopress.it","publisher":{"@id":"https:\/\/www.bellunopress.it\/#organization"},"potentialAction":[{"@type":"SearchAction","target":{"@type":"EntryPoint","urlTemplate":"https:\/\/www.bellunopress.it\/?s={search_term_string}"},"query-input":{"@type":"PropertyValueSpecification","valueRequired":true,"valueName":"search_term_string"}}],"inLanguage":"fr-FR"},{"@type":"Organization","@id":"https:\/\/www.bellunopress.it\/#organization","name":"Bellunopress","url":"https:\/\/www.bellunopress.it\/","logo":{"@type":"ImageObject","inLanguage":"fr-FR","@id":"https:\/\/www.bellunopress.it\/#\/schema\/logo\/image\/","url":"https:\/\/www.bellunopress.it\/wp-content\/uploads\/2011\/05\/cropped-logo-bellunopress-.jpg","contentUrl":"https:\/\/www.bellunopress.it\/wp-content\/uploads\/2011\/05\/cropped-logo-bellunopress-.jpg","width":512,"height":512,"caption":"Bellunopress"},"image":{"@id":"https:\/\/www.bellunopress.it\/#\/schema\/logo\/image\/"},"sameAs":["https:\/\/www.facebook.com\/profile.php?id=100008943462799","https:\/\/x.com\/bellunopress","https:\/\/www.linkedin.com\/hp\/?dnr=JBzUWaJfMUw8vbXJJ2tVW5-I3jZKvC4wsoxE&amp;amp;amp;amp;amp;amp;trk=nav_responsive_tab_home","https:\/\/www.youtube.com\/channel\/UCxL0wu1uN0_3_7hGG0306cw"]},{"@type":"Person","@id":"https:\/\/www.bellunopress.it\/#\/schema\/person\/79bb06722b37ece1c03d3e94beb30d73","name":"r\u00e9daction","image":{"@type":"ImageObject","inLanguage":"fr-FR","@id":"https:\/\/secure.gravatar.com\/avatar\/37d968a2e67a6fd04c169c4bdef102d0bc5d31b2546345219e348575eb80e9a0?s=96&d=mm&r=g","url":"https:\/\/secure.gravatar.com\/avatar\/37d968a2e67a6fd04c169c4bdef102d0bc5d31b2546345219e348575eb80e9a0?s=96&d=mm&r=g","contentUrl":"https:\/\/secure.gravatar.com\/avatar\/37d968a2e67a6fd04c169c4bdef102d0bc5d31b2546345219e348575eb80e9a0?s=96&d=mm&r=g","caption":"redazione"},"sameAs":["http:\/\/www.bellunopress.it","https:\/\/x.com\/bellunopress"],"url":"https:\/\/www.bellunopress.it\/fr\/author\/redazione\/"}]}},"_links":{"self":[{"href":"https:\/\/www.bellunopress.it\/fr\/wp-json\/wp\/v2\/posts\/6437","targetHints":{"allow":["GET"]}}],"collection":[{"href":"https:\/\/www.bellunopress.it\/fr\/wp-json\/wp\/v2\/posts"}],"about":[{"href":"https:\/\/www.bellunopress.it\/fr\/wp-json\/wp\/v2\/types\/post"}],"author":[{"embeddable":true,"href":"https:\/\/www.bellunopress.it\/fr\/wp-json\/wp\/v2\/users\/2"}],"replies":[{"embeddable":true,"href":"https:\/\/www.bellunopress.it\/fr\/wp-json\/wp\/v2\/comments?post=6437"}],"version-history":[{"count":1,"href":"https:\/\/www.bellunopress.it\/fr\/wp-json\/wp\/v2\/posts\/6437\/revisions"}],"predecessor-version":[{"id":6440,"href":"https:\/\/www.bellunopress.it\/fr\/wp-json\/wp\/v2\/posts\/6437\/revisions\/6440"}],"wp:attachment":[{"href":"https:\/\/www.bellunopress.it\/fr\/wp-json\/wp\/v2\/media?parent=6437"}],"wp:term":[{"taxonomy":"category","embeddable":true,"href":"https:\/\/www.bellunopress.it\/fr\/wp-json\/wp\/v2\/categories?post=6437"},{"taxonomy":"post_tag","embeddable":true,"href":"https:\/\/www.bellunopress.it\/fr\/wp-json\/wp\/v2\/tags?post=6437"}],"curies":[{"name":"wp","href":"https:\/\/api.w.org\/{rel}","templated":true}]}}