{"id":6421,"date":"2009-07-27T15:18:58","date_gmt":"2009-07-27T14:18:58","guid":{"rendered":"http:\/\/www.bellunopress.it\/?p=6421"},"modified":"2009-07-27T15:18:58","modified_gmt":"2009-07-27T14:18:58","slug":"villa-di-villa-in-corsa-al-via-anche-gabriele-de-nard-lazzurro-del-cross-correra-la-staffetta-non-competitiva","status":"publish","type":"post","link":"https:\/\/www.bellunopress.it\/fr\/2009\/07\/27\/villa-di-villa-in-corsa-al-via-anche-gabriele-de-nard-lazzurro-del-cross-correra-la-staffetta-non-competitiva\/","title":{"rendered":"Villa di Villa in corsa, al via anche Gabriele De Nard, l&#8217;azzurro del cross correr\u00e0 la staffetta non competitiva"},"content":{"rendered":"<p>Ci sar\u00e0 anche Gabriele De Nard al via della prima edizione della della \u201cVilla di Villa in corsa\u201d, manifestazione proposta per mercoled\u00ec 29 luglio a Villa di Villa di Mel (Belluno) da Gs La Piave 2000 e Gs Villa di Villa, in collaborazione con Comitato provinciale bellunese Fidal, Csi Belluno e Comune di Mel. Si svolger\u00e0 a Villa di Villa di Mel (Belluno) mercoled\u00ec 29 luglio, la prima edizione L\u2019evento sar\u00e0 valido anche quale Campionato provinciale individuale Fidal Belluno 2009 di corsa su strada per le categorie giovanili: Esordienti A, B e C, Ragazzi e Cadetti. Il via alle gare \u00e8 previsto per le 18.30. Al termine, con inizio alle 19.30, si svolger\u00e0 la prima edizione della Staffetta 2&#215;1800 non competitiva, riservata agli atleti nati dopo il 1993. In quest\u2019ultima gara sono previsti premi, per un valore complessivo di 1000 euro, alle prime 5 coppie maschili e alle prime 3 femminili e miste. La prima edizione della \u201cVilla di Villa in corsa\u201d costituir\u00e0 anche il secondo appuntamento del Trofeo Kiwi Sport, manifestazione dedicata alle categorie Esordienti (nati negli anni compresi tra il 1998 e il 2003), Ragazzi (\u201996-\u201997), Cadetti (\u201994-\u201995) e Allievi (\u201992-\u201993) che ha preso il via lo scorso 2 maggio allo stadio polisportivo di Belluno. Dopo la prima prova, questa \u00e8 la classifica: 1. Gs La Piave punti 35; 2. Atletica Longarone 30; 3. Athletic club Belluno e Ana Feltre 13; 5. Belluno Atletica 12; 6. Us Cesio 11; 7. Astra Quero 5; 8. Lasen Tortellini Rana 3; 9. Atletica Vedelago 1. La terza e conclusiva giornata del Trofeo Kiwi Sport \u00e8 fissata invece per sabato 17 ottobre, ancora allo stadio di Belluno. Per informazioni ulteriori sulla prima edizione della \u201cVilla di Villa in corsa\u201d: Edi Beninc\u00e0 340.3943923.<\/p>","protected":false},"excerpt":{"rendered":"<p>Ci sar\u00e0 anche Gabriele De Nard al via della prima edizione della della \u201cVilla di Villa in corsa\u201d, manifestazione proposta per mercoled\u00ec 29 luglio a Villa di Villa di Mel (Belluno) da Gs La Piave 2000 e Gs Villa di Villa, in collaborazione con Comitato provinciale bellunese Fidal, Csi Belluno e Comune di Mel. Si [&hellip;]<\/p>\n","protected":false},"author":2,"featured_media":0,"comment_status":"closed","ping_status":"open","sticky":false,"template":"","format":"standard","meta":{"footnotes":""},"categories":[25,4],"tags":[139,302],"class_list":["post-6421","post","type-post","status-publish","format-standard","category-pausa-caffe","category-sport","tag-belluno","tag-feltre"],"yoast_head":"<!-- This site is optimized with the Yoast SEO plugin v28.4 - https:\/\/yoast.com\/product\/yoast-seo-wordpress\/ -->\n<title>Villa di Villa in corsa, al via anche Gabriele De Nard, l&#039;azzurro del cross correr\u00e0 la staffetta non competitiva - Bellunopress - Dolomiti<\/title>\n<meta name=\"robots\" content=\"index, follow, max-snippet:-1, max-image-preview:large, max-video-preview:-1\" \/>\n<link rel=\"canonical\" href=\"https:\/\/www.bellunopress.it\/fr\/2009\/07\/27\/villa-di-villa-in-corsa-al-via-anche-gabriele-de-nard-lazzurro-del-cross-correra-la-staffetta-non-competitiva\/\" \/>\n<meta property=\"og:locale\" content=\"fr_FR\" \/>\n<meta property=\"og:type\" content=\"article\" \/>\n<meta property=\"og:title\" content=\"Villa di Villa in corsa, al via anche Gabriele De Nard, l&#039;azzurro del cross correr\u00e0 la staffetta non competitiva - Bellunopress - Dolomiti\" \/>\n<meta property=\"og:description\" content=\"Ci sar\u00e0 anche Gabriele De Nard al via della prima edizione della della \u201cVilla di Villa in corsa\u201d, manifestazione proposta per mercoled\u00ec 29 luglio a Villa di Villa di Mel (Belluno) da Gs La Piave 2000 e Gs Villa di Villa, in collaborazione con Comitato provinciale bellunese Fidal, Csi Belluno e Comune di Mel. Si [&hellip;]\" \/>\n<meta property=\"og:url\" content=\"https:\/\/www.bellunopress.it\/fr\/2009\/07\/27\/villa-di-villa-in-corsa-al-via-anche-gabriele-de-nard-lazzurro-del-cross-correra-la-staffetta-non-competitiva\/\" \/>\n<meta property=\"og:site_name\" content=\"Bellunopress - Dolomiti\" \/>\n<meta property=\"article:publisher\" content=\"https:\/\/www.facebook.com\/profile.php?id=100008943462799\" \/>\n<meta property=\"article:published_time\" content=\"2009-07-27T14:18:58+00:00\" \/>\n<meta property=\"og:image\" content=\"http:\/\/www.bellunopress.it\/wp-content\/uploads\/2012\/07\/logo-bellunopress-250x250-2012.jpg\" \/>\n<meta name=\"author\" content=\"redazione\" \/>\n<meta name=\"twitter:card\" content=\"summary_large_image\" \/>\n<meta name=\"twitter:creator\" content=\"@bellunopress\" \/>\n<meta name=\"twitter:site\" content=\"@bellunopress\" \/>\n<meta name=\"twitter:label1\" content=\"\u00c9crit par\" \/>\n\t<meta name=\"twitter:data1\" content=\"redazione\" \/>\n\t<meta name=\"twitter:label2\" content=\"Dur\u00e9e de lecture estim\u00e9e\" \/>\n\t<meta name=\"twitter:data2\" content=\"1 minute\" \/>\n<script type=\"application\/ld+json\" class=\"yoast-schema-graph\">{\"@context\":\"https:\\\/\\\/schema.org\",\"@graph\":[{\"@type\":\"Article\",\"@id\":\"https:\\\/\\\/www.bellunopress.it\\\/2009\\\/07\\\/27\\\/villa-di-villa-in-corsa-al-via-anche-gabriele-de-nard-lazzurro-del-cross-correra-la-staffetta-non-competitiva\\\/#article\",\"isPartOf\":{\"@id\":\"https:\\\/\\\/www.bellunopress.it\\\/2009\\\/07\\\/27\\\/villa-di-villa-in-corsa-al-via-anche-gabriele-de-nard-lazzurro-del-cross-correra-la-staffetta-non-competitiva\\\/\"},\"author\":{\"name\":\"redazione\",\"@id\":\"https:\\\/\\\/www.bellunopress.it\\\/#\\\/schema\\\/person\\\/79bb06722b37ece1c03d3e94beb30d73\"},\"headline\":\"Villa di Villa in corsa, al via anche Gabriele De Nard, l&#8217;azzurro del cross correr\u00e0 la staffetta non competitiva\",\"datePublished\":\"2009-07-27T14:18:58+00:00\",\"mainEntityOfPage\":{\"@id\":\"https:\\\/\\\/www.bellunopress.it\\\/2009\\\/07\\\/27\\\/villa-di-villa-in-corsa-al-via-anche-gabriele-de-nard-lazzurro-del-cross-correra-la-staffetta-non-competitiva\\\/\"},\"wordCount\":278,\"publisher\":{\"@id\":\"https:\\\/\\\/www.bellunopress.it\\\/#organization\"},\"keywords\":[\"Belluno\",\"Feltre\"],\"articleSection\":[\"Pausa Caff\u00e8\",\"Sport, tempo libero\"],\"inLanguage\":\"fr-FR\"},{\"@type\":\"WebPage\",\"@id\":\"https:\\\/\\\/www.bellunopress.it\\\/2009\\\/07\\\/27\\\/villa-di-villa-in-corsa-al-via-anche-gabriele-de-nard-lazzurro-del-cross-correra-la-staffetta-non-competitiva\\\/\",\"url\":\"https:\\\/\\\/www.bellunopress.it\\\/2009\\\/07\\\/27\\\/villa-di-villa-in-corsa-al-via-anche-gabriele-de-nard-lazzurro-del-cross-correra-la-staffetta-non-competitiva\\\/\",\"name\":\"Villa di Villa in corsa, al via anche Gabriele De Nard, l'azzurro del cross correr\u00e0 la staffetta non competitiva - Bellunopress - Dolomiti\",\"isPartOf\":{\"@id\":\"https:\\\/\\\/www.bellunopress.it\\\/#website\"},\"datePublished\":\"2009-07-27T14:18:58+00:00\",\"breadcrumb\":{\"@id\":\"https:\\\/\\\/www.bellunopress.it\\\/2009\\\/07\\\/27\\\/villa-di-villa-in-corsa-al-via-anche-gabriele-de-nard-lazzurro-del-cross-correra-la-staffetta-non-competitiva\\\/#breadcrumb\"},\"inLanguage\":\"fr-FR\",\"potentialAction\":[{\"@type\":\"ReadAction\",\"target\":[\"https:\\\/\\\/www.bellunopress.it\\\/2009\\\/07\\\/27\\\/villa-di-villa-in-corsa-al-via-anche-gabriele-de-nard-lazzurro-del-cross-correra-la-staffetta-non-competitiva\\\/\"]}]},{\"@type\":\"BreadcrumbList\",\"@id\":\"https:\\\/\\\/www.bellunopress.it\\\/2009\\\/07\\\/27\\\/villa-di-villa-in-corsa-al-via-anche-gabriele-de-nard-lazzurro-del-cross-correra-la-staffetta-non-competitiva\\\/#breadcrumb\",\"itemListElement\":[{\"@type\":\"ListItem\",\"position\":1,\"name\":\"Home\",\"item\":\"https:\\\/\\\/www.bellunopress.it\\\/\"},{\"@type\":\"ListItem\",\"position\":2,\"name\":\"Villa di Villa in corsa, al via anche Gabriele De Nard, l&#8217;azzurro del cross correr\u00e0 la staffetta non competitiva\"}]},{\"@type\":\"WebSite\",\"@id\":\"https:\\\/\\\/www.bellunopress.it\\\/#website\",\"url\":\"https:\\\/\\\/www.bellunopress.it\\\/\",\"name\":\"Bellunopress - Dolomiti\",\"description\":\"e-mail: redazione@bellunopress.it\",\"publisher\":{\"@id\":\"https:\\\/\\\/www.bellunopress.it\\\/#organization\"},\"potentialAction\":[{\"@type\":\"SearchAction\",\"target\":{\"@type\":\"EntryPoint\",\"urlTemplate\":\"https:\\\/\\\/www.bellunopress.it\\\/?s={search_term_string}\"},\"query-input\":{\"@type\":\"PropertyValueSpecification\",\"valueRequired\":true,\"valueName\":\"search_term_string\"}}],\"inLanguage\":\"fr-FR\"},{\"@type\":\"Organization\",\"@id\":\"https:\\\/\\\/www.bellunopress.it\\\/#organization\",\"name\":\"Bellunopress\",\"url\":\"https:\\\/\\\/www.bellunopress.it\\\/\",\"logo\":{\"@type\":\"ImageObject\",\"inLanguage\":\"fr-FR\",\"@id\":\"https:\\\/\\\/www.bellunopress.it\\\/#\\\/schema\\\/logo\\\/image\\\/\",\"url\":\"https:\\\/\\\/www.bellunopress.it\\\/wp-content\\\/uploads\\\/2011\\\/05\\\/cropped-logo-bellunopress-.jpg\",\"contentUrl\":\"https:\\\/\\\/www.bellunopress.it\\\/wp-content\\\/uploads\\\/2011\\\/05\\\/cropped-logo-bellunopress-.jpg\",\"width\":512,\"height\":512,\"caption\":\"Bellunopress\"},\"image\":{\"@id\":\"https:\\\/\\\/www.bellunopress.it\\\/#\\\/schema\\\/logo\\\/image\\\/\"},\"sameAs\":[\"https:\\\/\\\/www.facebook.com\\\/profile.php?id=100008943462799\",\"https:\\\/\\\/x.com\\\/bellunopress\",\"https:\\\/\\\/www.linkedin.com\\\/hp\\\/?dnr=JBzUWaJfMUw8vbXJJ2tVW5-I3jZKvC4wsoxE&amp;amp;amp;amp;amp;amp;trk=nav_responsive_tab_home\",\"https:\\\/\\\/www.youtube.com\\\/channel\\\/UCxL0wu1uN0_3_7hGG0306cw\"]},{\"@type\":\"Person\",\"@id\":\"https:\\\/\\\/www.bellunopress.it\\\/#\\\/schema\\\/person\\\/79bb06722b37ece1c03d3e94beb30d73\",\"name\":\"redazione\",\"image\":{\"@type\":\"ImageObject\",\"inLanguage\":\"fr-FR\",\"@id\":\"https:\\\/\\\/secure.gravatar.com\\\/avatar\\\/37d968a2e67a6fd04c169c4bdef102d0bc5d31b2546345219e348575eb80e9a0?s=96&d=mm&r=g\",\"url\":\"https:\\\/\\\/secure.gravatar.com\\\/avatar\\\/37d968a2e67a6fd04c169c4bdef102d0bc5d31b2546345219e348575eb80e9a0?s=96&d=mm&r=g\",\"contentUrl\":\"https:\\\/\\\/secure.gravatar.com\\\/avatar\\\/37d968a2e67a6fd04c169c4bdef102d0bc5d31b2546345219e348575eb80e9a0?s=96&d=mm&r=g\",\"caption\":\"redazione\"},\"sameAs\":[\"http:\\\/\\\/www.bellunopress.it\",\"https:\\\/\\\/x.com\\\/bellunopress\"],\"url\":\"https:\\\/\\\/www.bellunopress.it\\\/fr\\\/author\\\/redazione\\\/\"}]}<\/script>\n<!-- \/ Yoast SEO plugin. -->","yoast_head_json":{"title":"Villa di Villa in corsa, al via anche Gabriele De Nard, l'azzurro del cross correr\u00e0 la staffetta non competitiva - Bellunopress - Dolomiti","robots":{"index":"index","follow":"follow","max-snippet":"max-snippet:-1","max-image-preview":"max-image-preview:large","max-video-preview":"max-video-preview:-1"},"canonical":"https:\/\/www.bellunopress.it\/fr\/2009\/07\/27\/villa-di-villa-in-corsa-al-via-anche-gabriele-de-nard-lazzurro-del-cross-correra-la-staffetta-non-competitiva\/","og_locale":"fr_FR","og_type":"article","og_title":"Villa di Villa in corsa, al via anche Gabriele De Nard, l'azzurro del cross correr\u00e0 la staffetta non competitiva - Bellunopress - Dolomiti","og_description":"Ci sar\u00e0 anche Gabriele De Nard al via della prima edizione della della \u201cVilla di Villa in corsa\u201d, manifestazione proposta per mercoled\u00ec 29 luglio a Villa di Villa di Mel (Belluno) da Gs La Piave 2000 e Gs Villa di Villa, in collaborazione con Comitato provinciale bellunese Fidal, Csi Belluno e Comune di Mel. Si [&hellip;]","og_url":"https:\/\/www.bellunopress.it\/fr\/2009\/07\/27\/villa-di-villa-in-corsa-al-via-anche-gabriele-de-nard-lazzurro-del-cross-correra-la-staffetta-non-competitiva\/","og_site_name":"Bellunopress - Dolomiti","article_publisher":"https:\/\/www.facebook.com\/profile.php?id=100008943462799","article_published_time":"2009-07-27T14:18:58+00:00","og_image":[{"url":"http:\/\/www.bellunopress.it\/wp-content\/uploads\/2012\/07\/logo-bellunopress-250x250-2012.jpg","type":"","width":"","height":""}],"author":"redazione","twitter_card":"summary_large_image","twitter_creator":"@bellunopress","twitter_site":"@bellunopress","twitter_misc":{"\u00c9crit par":"redazione","Dur\u00e9e de lecture estim\u00e9e":"1 minute"},"schema":{"@context":"https:\/\/schema.org","@graph":[{"@type":"Article","@id":"https:\/\/www.bellunopress.it\/2009\/07\/27\/villa-di-villa-in-corsa-al-via-anche-gabriele-de-nard-lazzurro-del-cross-correra-la-staffetta-non-competitiva\/#article","isPartOf":{"@id":"https:\/\/www.bellunopress.it\/2009\/07\/27\/villa-di-villa-in-corsa-al-via-anche-gabriele-de-nard-lazzurro-del-cross-correra-la-staffetta-non-competitiva\/"},"author":{"name":"redazione","@id":"https:\/\/www.bellunopress.it\/#\/schema\/person\/79bb06722b37ece1c03d3e94beb30d73"},"headline":"Villa di Villa in corsa, al via anche Gabriele De Nard, l&#8217;azzurro del cross correr\u00e0 la staffetta non competitiva","datePublished":"2009-07-27T14:18:58+00:00","mainEntityOfPage":{"@id":"https:\/\/www.bellunopress.it\/2009\/07\/27\/villa-di-villa-in-corsa-al-via-anche-gabriele-de-nard-lazzurro-del-cross-correra-la-staffetta-non-competitiva\/"},"wordCount":278,"publisher":{"@id":"https:\/\/www.bellunopress.it\/#organization"},"keywords":["Belluno","Feltre"],"articleSection":["Pausa Caff\u00e8","Sport, tempo libero"],"inLanguage":"fr-FR"},{"@type":"WebPage","@id":"https:\/\/www.bellunopress.it\/2009\/07\/27\/villa-di-villa-in-corsa-al-via-anche-gabriele-de-nard-lazzurro-del-cross-correra-la-staffetta-non-competitiva\/","url":"https:\/\/www.bellunopress.it\/2009\/07\/27\/villa-di-villa-in-corsa-al-via-anche-gabriele-de-nard-lazzurro-del-cross-correra-la-staffetta-non-competitiva\/","name":"Villa di Villa in corsa, al via anche Gabriele De Nard, l'azzurro del cross correr\u00e0 la staffetta non competitiva - Bellunopress - Dolomiti","isPartOf":{"@id":"https:\/\/www.bellunopress.it\/#website"},"datePublished":"2009-07-27T14:18:58+00:00","breadcrumb":{"@id":"https:\/\/www.bellunopress.it\/2009\/07\/27\/villa-di-villa-in-corsa-al-via-anche-gabriele-de-nard-lazzurro-del-cross-correra-la-staffetta-non-competitiva\/#breadcrumb"},"inLanguage":"fr-FR","potentialAction":[{"@type":"ReadAction","target":["https:\/\/www.bellunopress.it\/2009\/07\/27\/villa-di-villa-in-corsa-al-via-anche-gabriele-de-nard-lazzurro-del-cross-correra-la-staffetta-non-competitiva\/"]}]},{"@type":"BreadcrumbList","@id":"https:\/\/www.bellunopress.it\/2009\/07\/27\/villa-di-villa-in-corsa-al-via-anche-gabriele-de-nard-lazzurro-del-cross-correra-la-staffetta-non-competitiva\/#breadcrumb","itemListElement":[{"@type":"ListItem","position":1,"name":"Home","item":"https:\/\/www.bellunopress.it\/"},{"@type":"ListItem","position":2,"name":"Villa di Villa in corsa, al via anche Gabriele De Nard, l&#8217;azzurro del cross correr\u00e0 la staffetta non competitiva"}]},{"@type":"WebSite","@id":"https:\/\/www.bellunopress.it\/#website","url":"https:\/\/www.bellunopress.it\/","name":"Bellunopress - Dolomiti","description":"e-mail: redazione@bellunopress.it","publisher":{"@id":"https:\/\/www.bellunopress.it\/#organization"},"potentialAction":[{"@type":"SearchAction","target":{"@type":"EntryPoint","urlTemplate":"https:\/\/www.bellunopress.it\/?s={search_term_string}"},"query-input":{"@type":"PropertyValueSpecification","valueRequired":true,"valueName":"search_term_string"}}],"inLanguage":"fr-FR"},{"@type":"Organization","@id":"https:\/\/www.bellunopress.it\/#organization","name":"Bellunopress","url":"https:\/\/www.bellunopress.it\/","logo":{"@type":"ImageObject","inLanguage":"fr-FR","@id":"https:\/\/www.bellunopress.it\/#\/schema\/logo\/image\/","url":"https:\/\/www.bellunopress.it\/wp-content\/uploads\/2011\/05\/cropped-logo-bellunopress-.jpg","contentUrl":"https:\/\/www.bellunopress.it\/wp-content\/uploads\/2011\/05\/cropped-logo-bellunopress-.jpg","width":512,"height":512,"caption":"Bellunopress"},"image":{"@id":"https:\/\/www.bellunopress.it\/#\/schema\/logo\/image\/"},"sameAs":["https:\/\/www.facebook.com\/profile.php?id=100008943462799","https:\/\/x.com\/bellunopress","https:\/\/www.linkedin.com\/hp\/?dnr=JBzUWaJfMUw8vbXJJ2tVW5-I3jZKvC4wsoxE&amp;amp;amp;amp;amp;amp;trk=nav_responsive_tab_home","https:\/\/www.youtube.com\/channel\/UCxL0wu1uN0_3_7hGG0306cw"]},{"@type":"Person","@id":"https:\/\/www.bellunopress.it\/#\/schema\/person\/79bb06722b37ece1c03d3e94beb30d73","name":"r\u00e9daction","image":{"@type":"ImageObject","inLanguage":"fr-FR","@id":"https:\/\/secure.gravatar.com\/avatar\/37d968a2e67a6fd04c169c4bdef102d0bc5d31b2546345219e348575eb80e9a0?s=96&d=mm&r=g","url":"https:\/\/secure.gravatar.com\/avatar\/37d968a2e67a6fd04c169c4bdef102d0bc5d31b2546345219e348575eb80e9a0?s=96&d=mm&r=g","contentUrl":"https:\/\/secure.gravatar.com\/avatar\/37d968a2e67a6fd04c169c4bdef102d0bc5d31b2546345219e348575eb80e9a0?s=96&d=mm&r=g","caption":"redazione"},"sameAs":["http:\/\/www.bellunopress.it","https:\/\/x.com\/bellunopress"],"url":"https:\/\/www.bellunopress.it\/fr\/author\/redazione\/"}]}},"_links":{"self":[{"href":"https:\/\/www.bellunopress.it\/fr\/wp-json\/wp\/v2\/posts\/6421","targetHints":{"allow":["GET"]}}],"collection":[{"href":"https:\/\/www.bellunopress.it\/fr\/wp-json\/wp\/v2\/posts"}],"about":[{"href":"https:\/\/www.bellunopress.it\/fr\/wp-json\/wp\/v2\/types\/post"}],"author":[{"embeddable":true,"href":"https:\/\/www.bellunopress.it\/fr\/wp-json\/wp\/v2\/users\/2"}],"replies":[{"embeddable":true,"href":"https:\/\/www.bellunopress.it\/fr\/wp-json\/wp\/v2\/comments?post=6421"}],"version-history":[{"count":1,"href":"https:\/\/www.bellunopress.it\/fr\/wp-json\/wp\/v2\/posts\/6421\/revisions"}],"predecessor-version":[{"id":6422,"href":"https:\/\/www.bellunopress.it\/fr\/wp-json\/wp\/v2\/posts\/6421\/revisions\/6422"}],"wp:attachment":[{"href":"https:\/\/www.bellunopress.it\/fr\/wp-json\/wp\/v2\/media?parent=6421"}],"wp:term":[{"taxonomy":"category","embeddable":true,"href":"https:\/\/www.bellunopress.it\/fr\/wp-json\/wp\/v2\/categories?post=6421"},{"taxonomy":"post_tag","embeddable":true,"href":"https:\/\/www.bellunopress.it\/fr\/wp-json\/wp\/v2\/tags?post=6421"}],"curies":[{"name":"wp","href":"https:\/\/api.w.org\/{rel}","templated":true}]}}