{"id":642,"date":"2009-02-14T23:22:04","date_gmt":"2009-02-14T22:22:04","guid":{"rendered":"http:\/\/www.bellunopress.it\/?p=642"},"modified":"2009-02-16T21:15:46","modified_gmt":"2009-02-16T20:15:46","slug":"i-coriandoli-dellintolleranza-secondo-bottacin","status":"publish","type":"post","link":"https:\/\/www.bellunopress.it\/fr\/2009\/02\/14\/i-coriandoli-dellintolleranza-secondo-bottacin\/","title":{"rendered":"I coriandoli dell&#8217;intolleranza secondo Bottacin"},"content":{"rendered":"<p><a href=\"http:\/\/www.bellunopress.it\/wp-content\/uploads\/2009\/02\/bottacin-80x80.jpg\"><img loading=\"lazy\" decoding=\"async\" class=\"alignleft size-medium wp-image-643\" title=\"bottacin-80x80\" src=\"http:\/\/www.bellunopress.it\/wp-content\/uploads\/2009\/02\/bottacin-80x80.jpg\" alt=\"\" width=\"80\" height=\"80\" \/><\/a>\u00abQuello che \u00e8 successo la notte scorsa in Sinistra Piave \u00e8 un fatto gravissimo che dimostra, se ancora ce ne fosse bisogno, da che parte sta l&#8217;intolleranza\u00bb. Gianpaolo Bottacin, presidente gruppo Liga Veneta &#8211; Lega Nord Padania al Consiglio Regionale del Veneto, commenta cos\u00ec l&#8217;azione portata avanti nella serata di ieri da parte di alcuni ragazzi del centro sociale Bl.itz. \u00abQuesti ragazzi, oltre che contraddire in maniera ridicola i proclami di libert\u00e0 e tolleranza di cui vanno tanto fieri, rischiano di essere un pericolo per la collettivit\u00e0, oltre che per loro stessi &#8211; dice ancora Bottacin,\u00a0 molto preoccupante, poi, \u00e8 il fatto che l&#8217;atteggiamento di intolleranza di questo gruppo venga condiviso, attraverso l&#8217;adesione al gruppo appositamente creato su Facebook, da esponenti di un partito che si vuole moderato oltre che democratico: penso al coordinatore del Pd bellunese, al capogruppo del Pd in Consiglio comunale a Belluno, all&#8217;ex vicesindaco del Comune capoluogo\u00bb. \u00abMi auguro che i citati rappresentanti del Partito Democratico si dissocino al pi\u00f9 presto da quanto accaduto\u00a0conclude Bottacin\u00a0e che, magari, trovino il tempo di confrontarsi con il consigliere Pd in Regione, Giampietro Marchese, che le ronde le vuole istituzionalizzare\u00bb.<\/p>","protected":false},"excerpt":{"rendered":"<p>\u00abQuello che \u00e8 successo la notte scorsa in Sinistra Piave \u00e8 un fatto gravissimo che dimostra, se ancora ce ne fosse bisogno, da che parte sta l&#8217;intolleranza\u00bb. Gianpaolo Bottacin, presidente gruppo Liga Veneta &#8211; Lega Nord Padania al Consiglio Regionale del Veneto, commenta cos\u00ec l&#8217;azione portata avanti nella serata di ieri da parte di alcuni [&hellip;]<\/p>\n","protected":false},"author":2,"featured_media":0,"comment_status":"closed","ping_status":"open","sticky":false,"template":"","format":"standard","meta":{"footnotes":""},"categories":[26],"tags":[139],"class_list":["post-642","post","type-post","status-publish","format-standard","category-prima-pagina","tag-belluno"],"yoast_head":"<!-- This site is optimized with the Yoast SEO plugin v28.4 - https:\/\/yoast.com\/product\/yoast-seo-wordpress\/ -->\n<title>I coriandoli dell&#039;intolleranza secondo Bottacin - Bellunopress - Dolomiti<\/title>\n<meta name=\"robots\" content=\"index, follow, max-snippet:-1, max-image-preview:large, max-video-preview:-1\" \/>\n<link rel=\"canonical\" href=\"https:\/\/www.bellunopress.it\/fr\/2009\/02\/14\/i-coriandoli-dellintolleranza-secondo-bottacin\/\" \/>\n<meta property=\"og:locale\" content=\"fr_FR\" \/>\n<meta property=\"og:type\" content=\"article\" \/>\n<meta property=\"og:title\" content=\"I coriandoli dell&#039;intolleranza secondo Bottacin - Bellunopress - Dolomiti\" \/>\n<meta property=\"og:description\" content=\"\u00abQuello che \u00e8 successo la notte scorsa in Sinistra Piave \u00e8 un fatto gravissimo che dimostra, se ancora ce ne fosse bisogno, da che parte sta l&#8217;intolleranza\u00bb. Gianpaolo Bottacin, presidente gruppo Liga Veneta &#8211; Lega Nord Padania al Consiglio Regionale del Veneto, commenta cos\u00ec l&#8217;azione portata avanti nella serata di ieri da parte di alcuni [&hellip;]\" \/>\n<meta property=\"og:url\" content=\"https:\/\/www.bellunopress.it\/fr\/2009\/02\/14\/i-coriandoli-dellintolleranza-secondo-bottacin\/\" \/>\n<meta property=\"og:site_name\" content=\"Bellunopress - Dolomiti\" \/>\n<meta property=\"article:publisher\" content=\"https:\/\/www.facebook.com\/profile.php?id=100008943462799\" \/>\n<meta property=\"article:published_time\" content=\"2009-02-14T22:22:04+00:00\" \/>\n<meta property=\"article:modified_time\" content=\"2009-02-16T20:15:46+00:00\" \/>\n<meta property=\"og:image\" content=\"http:\/\/www.bellunopress.it\/wp-content\/uploads\/2009\/02\/bottacin-80x80.jpg\" \/>\n<meta name=\"author\" content=\"redazione\" \/>\n<meta name=\"twitter:card\" content=\"summary_large_image\" \/>\n<meta name=\"twitter:creator\" content=\"@bellunopress\" \/>\n<meta name=\"twitter:site\" content=\"@bellunopress\" \/>\n<meta name=\"twitter:label1\" content=\"\u00c9crit par\" \/>\n\t<meta name=\"twitter:data1\" content=\"redazione\" \/>\n\t<meta name=\"twitter:label2\" content=\"Dur\u00e9e de lecture estim\u00e9e\" \/>\n\t<meta name=\"twitter:data2\" content=\"1 minute\" \/>\n<script type=\"application\/ld+json\" class=\"yoast-schema-graph\">{\"@context\":\"https:\\\/\\\/schema.org\",\"@graph\":[{\"@type\":\"Article\",\"@id\":\"https:\\\/\\\/www.bellunopress.it\\\/2009\\\/02\\\/14\\\/i-coriandoli-dellintolleranza-secondo-bottacin\\\/#article\",\"isPartOf\":{\"@id\":\"https:\\\/\\\/www.bellunopress.it\\\/2009\\\/02\\\/14\\\/i-coriandoli-dellintolleranza-secondo-bottacin\\\/\"},\"author\":{\"name\":\"redazione\",\"@id\":\"https:\\\/\\\/www.bellunopress.it\\\/#\\\/schema\\\/person\\\/79bb06722b37ece1c03d3e94beb30d73\"},\"headline\":\"I coriandoli dell&#8217;intolleranza secondo Bottacin\",\"datePublished\":\"2009-02-14T22:22:04+00:00\",\"dateModified\":\"2009-02-16T20:15:46+00:00\",\"mainEntityOfPage\":{\"@id\":\"https:\\\/\\\/www.bellunopress.it\\\/2009\\\/02\\\/14\\\/i-coriandoli-dellintolleranza-secondo-bottacin\\\/\"},\"wordCount\":201,\"publisher\":{\"@id\":\"https:\\\/\\\/www.bellunopress.it\\\/#organization\"},\"image\":{\"@id\":\"https:\\\/\\\/www.bellunopress.it\\\/2009\\\/02\\\/14\\\/i-coriandoli-dellintolleranza-secondo-bottacin\\\/#primaryimage\"},\"thumbnailUrl\":\"http:\\\/\\\/www.bellunopress.it\\\/wp-content\\\/uploads\\\/2009\\\/02\\\/bottacin-80x80.jpg\",\"keywords\":[\"Belluno\"],\"articleSection\":[\"Prima Pagina\"],\"inLanguage\":\"fr-FR\"},{\"@type\":\"WebPage\",\"@id\":\"https:\\\/\\\/www.bellunopress.it\\\/2009\\\/02\\\/14\\\/i-coriandoli-dellintolleranza-secondo-bottacin\\\/\",\"url\":\"https:\\\/\\\/www.bellunopress.it\\\/2009\\\/02\\\/14\\\/i-coriandoli-dellintolleranza-secondo-bottacin\\\/\",\"name\":\"I coriandoli dell'intolleranza secondo Bottacin - Bellunopress - Dolomiti\",\"isPartOf\":{\"@id\":\"https:\\\/\\\/www.bellunopress.it\\\/#website\"},\"primaryImageOfPage\":{\"@id\":\"https:\\\/\\\/www.bellunopress.it\\\/2009\\\/02\\\/14\\\/i-coriandoli-dellintolleranza-secondo-bottacin\\\/#primaryimage\"},\"image\":{\"@id\":\"https:\\\/\\\/www.bellunopress.it\\\/2009\\\/02\\\/14\\\/i-coriandoli-dellintolleranza-secondo-bottacin\\\/#primaryimage\"},\"thumbnailUrl\":\"http:\\\/\\\/www.bellunopress.it\\\/wp-content\\\/uploads\\\/2009\\\/02\\\/bottacin-80x80.jpg\",\"datePublished\":\"2009-02-14T22:22:04+00:00\",\"dateModified\":\"2009-02-16T20:15:46+00:00\",\"breadcrumb\":{\"@id\":\"https:\\\/\\\/www.bellunopress.it\\\/2009\\\/02\\\/14\\\/i-coriandoli-dellintolleranza-secondo-bottacin\\\/#breadcrumb\"},\"inLanguage\":\"fr-FR\",\"potentialAction\":[{\"@type\":\"ReadAction\",\"target\":[\"https:\\\/\\\/www.bellunopress.it\\\/2009\\\/02\\\/14\\\/i-coriandoli-dellintolleranza-secondo-bottacin\\\/\"]}]},{\"@type\":\"ImageObject\",\"inLanguage\":\"fr-FR\",\"@id\":\"https:\\\/\\\/www.bellunopress.it\\\/2009\\\/02\\\/14\\\/i-coriandoli-dellintolleranza-secondo-bottacin\\\/#primaryimage\",\"url\":\"http:\\\/\\\/www.bellunopress.it\\\/wp-content\\\/uploads\\\/2009\\\/02\\\/bottacin-80x80.jpg\",\"contentUrl\":\"http:\\\/\\\/www.bellunopress.it\\\/wp-content\\\/uploads\\\/2009\\\/02\\\/bottacin-80x80.jpg\"},{\"@type\":\"BreadcrumbList\",\"@id\":\"https:\\\/\\\/www.bellunopress.it\\\/2009\\\/02\\\/14\\\/i-coriandoli-dellintolleranza-secondo-bottacin\\\/#breadcrumb\",\"itemListElement\":[{\"@type\":\"ListItem\",\"position\":1,\"name\":\"Home\",\"item\":\"https:\\\/\\\/www.bellunopress.it\\\/\"},{\"@type\":\"ListItem\",\"position\":2,\"name\":\"I coriandoli dell&#8217;intolleranza secondo Bottacin\"}]},{\"@type\":\"WebSite\",\"@id\":\"https:\\\/\\\/www.bellunopress.it\\\/#website\",\"url\":\"https:\\\/\\\/www.bellunopress.it\\\/\",\"name\":\"Bellunopress - Dolomiti\",\"description\":\"e-mail: redazione@bellunopress.it\",\"publisher\":{\"@id\":\"https:\\\/\\\/www.bellunopress.it\\\/#organization\"},\"potentialAction\":[{\"@type\":\"SearchAction\",\"target\":{\"@type\":\"EntryPoint\",\"urlTemplate\":\"https:\\\/\\\/www.bellunopress.it\\\/?s={search_term_string}\"},\"query-input\":{\"@type\":\"PropertyValueSpecification\",\"valueRequired\":true,\"valueName\":\"search_term_string\"}}],\"inLanguage\":\"fr-FR\"},{\"@type\":\"Organization\",\"@id\":\"https:\\\/\\\/www.bellunopress.it\\\/#organization\",\"name\":\"Bellunopress\",\"url\":\"https:\\\/\\\/www.bellunopress.it\\\/\",\"logo\":{\"@type\":\"ImageObject\",\"inLanguage\":\"fr-FR\",\"@id\":\"https:\\\/\\\/www.bellunopress.it\\\/#\\\/schema\\\/logo\\\/image\\\/\",\"url\":\"https:\\\/\\\/www.bellunopress.it\\\/wp-content\\\/uploads\\\/2011\\\/05\\\/cropped-logo-bellunopress-.jpg\",\"contentUrl\":\"https:\\\/\\\/www.bellunopress.it\\\/wp-content\\\/uploads\\\/2011\\\/05\\\/cropped-logo-bellunopress-.jpg\",\"width\":512,\"height\":512,\"caption\":\"Bellunopress\"},\"image\":{\"@id\":\"https:\\\/\\\/www.bellunopress.it\\\/#\\\/schema\\\/logo\\\/image\\\/\"},\"sameAs\":[\"https:\\\/\\\/www.facebook.com\\\/profile.php?id=100008943462799\",\"https:\\\/\\\/x.com\\\/bellunopress\",\"https:\\\/\\\/www.linkedin.com\\\/hp\\\/?dnr=JBzUWaJfMUw8vbXJJ2tVW5-I3jZKvC4wsoxE&amp;amp;amp;amp;amp;amp;trk=nav_responsive_tab_home\",\"https:\\\/\\\/www.youtube.com\\\/channel\\\/UCxL0wu1uN0_3_7hGG0306cw\"]},{\"@type\":\"Person\",\"@id\":\"https:\\\/\\\/www.bellunopress.it\\\/#\\\/schema\\\/person\\\/79bb06722b37ece1c03d3e94beb30d73\",\"name\":\"redazione\",\"image\":{\"@type\":\"ImageObject\",\"inLanguage\":\"fr-FR\",\"@id\":\"https:\\\/\\\/secure.gravatar.com\\\/avatar\\\/37d968a2e67a6fd04c169c4bdef102d0bc5d31b2546345219e348575eb80e9a0?s=96&d=mm&r=g\",\"url\":\"https:\\\/\\\/secure.gravatar.com\\\/avatar\\\/37d968a2e67a6fd04c169c4bdef102d0bc5d31b2546345219e348575eb80e9a0?s=96&d=mm&r=g\",\"contentUrl\":\"https:\\\/\\\/secure.gravatar.com\\\/avatar\\\/37d968a2e67a6fd04c169c4bdef102d0bc5d31b2546345219e348575eb80e9a0?s=96&d=mm&r=g\",\"caption\":\"redazione\"},\"sameAs\":[\"http:\\\/\\\/www.bellunopress.it\",\"https:\\\/\\\/x.com\\\/bellunopress\"],\"url\":\"https:\\\/\\\/www.bellunopress.it\\\/fr\\\/author\\\/redazione\\\/\"}]}<\/script>\n<!-- \/ Yoast SEO plugin. -->","yoast_head_json":{"title":"I coriandoli dell'intolleranza secondo Bottacin - Bellunopress - Dolomiti","robots":{"index":"index","follow":"follow","max-snippet":"max-snippet:-1","max-image-preview":"max-image-preview:large","max-video-preview":"max-video-preview:-1"},"canonical":"https:\/\/www.bellunopress.it\/fr\/2009\/02\/14\/i-coriandoli-dellintolleranza-secondo-bottacin\/","og_locale":"fr_FR","og_type":"article","og_title":"I coriandoli dell'intolleranza secondo Bottacin - Bellunopress - Dolomiti","og_description":"\u00abQuello che \u00e8 successo la notte scorsa in Sinistra Piave \u00e8 un fatto gravissimo che dimostra, se ancora ce ne fosse bisogno, da che parte sta l&#8217;intolleranza\u00bb. Gianpaolo Bottacin, presidente gruppo Liga Veneta &#8211; Lega Nord Padania al Consiglio Regionale del Veneto, commenta cos\u00ec l&#8217;azione portata avanti nella serata di ieri da parte di alcuni [&hellip;]","og_url":"https:\/\/www.bellunopress.it\/fr\/2009\/02\/14\/i-coriandoli-dellintolleranza-secondo-bottacin\/","og_site_name":"Bellunopress - Dolomiti","article_publisher":"https:\/\/www.facebook.com\/profile.php?id=100008943462799","article_published_time":"2009-02-14T22:22:04+00:00","article_modified_time":"2009-02-16T20:15:46+00:00","og_image":[{"url":"http:\/\/www.bellunopress.it\/wp-content\/uploads\/2009\/02\/bottacin-80x80.jpg","type":"","width":"","height":""}],"author":"redazione","twitter_card":"summary_large_image","twitter_creator":"@bellunopress","twitter_site":"@bellunopress","twitter_misc":{"\u00c9crit par":"redazione","Dur\u00e9e de lecture estim\u00e9e":"1 minute"},"schema":{"@context":"https:\/\/schema.org","@graph":[{"@type":"Article","@id":"https:\/\/www.bellunopress.it\/2009\/02\/14\/i-coriandoli-dellintolleranza-secondo-bottacin\/#article","isPartOf":{"@id":"https:\/\/www.bellunopress.it\/2009\/02\/14\/i-coriandoli-dellintolleranza-secondo-bottacin\/"},"author":{"name":"redazione","@id":"https:\/\/www.bellunopress.it\/#\/schema\/person\/79bb06722b37ece1c03d3e94beb30d73"},"headline":"I coriandoli dell&#8217;intolleranza secondo Bottacin","datePublished":"2009-02-14T22:22:04+00:00","dateModified":"2009-02-16T20:15:46+00:00","mainEntityOfPage":{"@id":"https:\/\/www.bellunopress.it\/2009\/02\/14\/i-coriandoli-dellintolleranza-secondo-bottacin\/"},"wordCount":201,"publisher":{"@id":"https:\/\/www.bellunopress.it\/#organization"},"image":{"@id":"https:\/\/www.bellunopress.it\/2009\/02\/14\/i-coriandoli-dellintolleranza-secondo-bottacin\/#primaryimage"},"thumbnailUrl":"http:\/\/www.bellunopress.it\/wp-content\/uploads\/2009\/02\/bottacin-80x80.jpg","keywords":["Belluno"],"articleSection":["Prima Pagina"],"inLanguage":"fr-FR"},{"@type":"WebPage","@id":"https:\/\/www.bellunopress.it\/2009\/02\/14\/i-coriandoli-dellintolleranza-secondo-bottacin\/","url":"https:\/\/www.bellunopress.it\/2009\/02\/14\/i-coriandoli-dellintolleranza-secondo-bottacin\/","name":"I coriandoli dell'intolleranza secondo Bottacin - Bellunopress - Dolomiti","isPartOf":{"@id":"https:\/\/www.bellunopress.it\/#website"},"primaryImageOfPage":{"@id":"https:\/\/www.bellunopress.it\/2009\/02\/14\/i-coriandoli-dellintolleranza-secondo-bottacin\/#primaryimage"},"image":{"@id":"https:\/\/www.bellunopress.it\/2009\/02\/14\/i-coriandoli-dellintolleranza-secondo-bottacin\/#primaryimage"},"thumbnailUrl":"http:\/\/www.bellunopress.it\/wp-content\/uploads\/2009\/02\/bottacin-80x80.jpg","datePublished":"2009-02-14T22:22:04+00:00","dateModified":"2009-02-16T20:15:46+00:00","breadcrumb":{"@id":"https:\/\/www.bellunopress.it\/2009\/02\/14\/i-coriandoli-dellintolleranza-secondo-bottacin\/#breadcrumb"},"inLanguage":"fr-FR","potentialAction":[{"@type":"ReadAction","target":["https:\/\/www.bellunopress.it\/2009\/02\/14\/i-coriandoli-dellintolleranza-secondo-bottacin\/"]}]},{"@type":"ImageObject","inLanguage":"fr-FR","@id":"https:\/\/www.bellunopress.it\/2009\/02\/14\/i-coriandoli-dellintolleranza-secondo-bottacin\/#primaryimage","url":"http:\/\/www.bellunopress.it\/wp-content\/uploads\/2009\/02\/bottacin-80x80.jpg","contentUrl":"http:\/\/www.bellunopress.it\/wp-content\/uploads\/2009\/02\/bottacin-80x80.jpg"},{"@type":"BreadcrumbList","@id":"https:\/\/www.bellunopress.it\/2009\/02\/14\/i-coriandoli-dellintolleranza-secondo-bottacin\/#breadcrumb","itemListElement":[{"@type":"ListItem","position":1,"name":"Home","item":"https:\/\/www.bellunopress.it\/"},{"@type":"ListItem","position":2,"name":"I coriandoli dell&#8217;intolleranza secondo Bottacin"}]},{"@type":"WebSite","@id":"https:\/\/www.bellunopress.it\/#website","url":"https:\/\/www.bellunopress.it\/","name":"Bellunopress - Dolomiti","description":"e-mail: redazione@bellunopress.it","publisher":{"@id":"https:\/\/www.bellunopress.it\/#organization"},"potentialAction":[{"@type":"SearchAction","target":{"@type":"EntryPoint","urlTemplate":"https:\/\/www.bellunopress.it\/?s={search_term_string}"},"query-input":{"@type":"PropertyValueSpecification","valueRequired":true,"valueName":"search_term_string"}}],"inLanguage":"fr-FR"},{"@type":"Organization","@id":"https:\/\/www.bellunopress.it\/#organization","name":"Bellunopress","url":"https:\/\/www.bellunopress.it\/","logo":{"@type":"ImageObject","inLanguage":"fr-FR","@id":"https:\/\/www.bellunopress.it\/#\/schema\/logo\/image\/","url":"https:\/\/www.bellunopress.it\/wp-content\/uploads\/2011\/05\/cropped-logo-bellunopress-.jpg","contentUrl":"https:\/\/www.bellunopress.it\/wp-content\/uploads\/2011\/05\/cropped-logo-bellunopress-.jpg","width":512,"height":512,"caption":"Bellunopress"},"image":{"@id":"https:\/\/www.bellunopress.it\/#\/schema\/logo\/image\/"},"sameAs":["https:\/\/www.facebook.com\/profile.php?id=100008943462799","https:\/\/x.com\/bellunopress","https:\/\/www.linkedin.com\/hp\/?dnr=JBzUWaJfMUw8vbXJJ2tVW5-I3jZKvC4wsoxE&amp;amp;amp;amp;amp;amp;trk=nav_responsive_tab_home","https:\/\/www.youtube.com\/channel\/UCxL0wu1uN0_3_7hGG0306cw"]},{"@type":"Person","@id":"https:\/\/www.bellunopress.it\/#\/schema\/person\/79bb06722b37ece1c03d3e94beb30d73","name":"r\u00e9daction","image":{"@type":"ImageObject","inLanguage":"fr-FR","@id":"https:\/\/secure.gravatar.com\/avatar\/37d968a2e67a6fd04c169c4bdef102d0bc5d31b2546345219e348575eb80e9a0?s=96&d=mm&r=g","url":"https:\/\/secure.gravatar.com\/avatar\/37d968a2e67a6fd04c169c4bdef102d0bc5d31b2546345219e348575eb80e9a0?s=96&d=mm&r=g","contentUrl":"https:\/\/secure.gravatar.com\/avatar\/37d968a2e67a6fd04c169c4bdef102d0bc5d31b2546345219e348575eb80e9a0?s=96&d=mm&r=g","caption":"redazione"},"sameAs":["http:\/\/www.bellunopress.it","https:\/\/x.com\/bellunopress"],"url":"https:\/\/www.bellunopress.it\/fr\/author\/redazione\/"}]}},"_links":{"self":[{"href":"https:\/\/www.bellunopress.it\/fr\/wp-json\/wp\/v2\/posts\/642","targetHints":{"allow":["GET"]}}],"collection":[{"href":"https:\/\/www.bellunopress.it\/fr\/wp-json\/wp\/v2\/posts"}],"about":[{"href":"https:\/\/www.bellunopress.it\/fr\/wp-json\/wp\/v2\/types\/post"}],"author":[{"embeddable":true,"href":"https:\/\/www.bellunopress.it\/fr\/wp-json\/wp\/v2\/users\/2"}],"replies":[{"embeddable":true,"href":"https:\/\/www.bellunopress.it\/fr\/wp-json\/wp\/v2\/comments?post=642"}],"version-history":[{"count":3,"href":"https:\/\/www.bellunopress.it\/fr\/wp-json\/wp\/v2\/posts\/642\/revisions"}],"predecessor-version":[{"id":667,"href":"https:\/\/www.bellunopress.it\/fr\/wp-json\/wp\/v2\/posts\/642\/revisions\/667"}],"wp:attachment":[{"href":"https:\/\/www.bellunopress.it\/fr\/wp-json\/wp\/v2\/media?parent=642"}],"wp:term":[{"taxonomy":"category","embeddable":true,"href":"https:\/\/www.bellunopress.it\/fr\/wp-json\/wp\/v2\/categories?post=642"},{"taxonomy":"post_tag","embeddable":true,"href":"https:\/\/www.bellunopress.it\/fr\/wp-json\/wp\/v2\/tags?post=642"}],"curies":[{"name":"wp","href":"https:\/\/api.w.org\/{rel}","templated":true}]}}