{"id":64163,"date":"2014-11-13T15:30:43","date_gmt":"2014-11-13T14:30:43","guid":{"rendered":"http:\/\/www.bellunopress.it\/?p=64163"},"modified":"2014-11-13T13:19:49","modified_gmt":"2014-11-13T12:19:49","slug":"sabato-a-salzan-di-santa-giustina-esercitazione-della-protezione-civile-con-simulazione-di-terremoto","status":"publish","type":"post","link":"https:\/\/www.bellunopress.it\/fr\/2014\/11\/13\/sabato-a-salzan-di-santa-giustina-esercitazione-della-protezione-civile-con-simulazione-di-terremoto\/","title":{"rendered":"Sabato a Salzan di Santa Giustina esercitazione della Protezione civile con simulazione di terremoto"},"content":{"rendered":"<p><a href=\"http:\/\/www.bellunopress.it\/wp-content\/uploads\/2011\/08\/tenda-protezione-civile.jpg\"><img loading=\"lazy\" decoding=\"async\" class=\"alignleft size-full wp-image-29485\" src=\"http:\/\/www.bellunopress.it\/wp-content\/uploads\/2011\/08\/tenda-protezione-civile.jpg\" alt=\"tenda protezione civile\" width=\"270\" height=\"202\" \/><\/a>Nell\u2019ambito dell\u2019esercitazione di Protezione Civile chiamata \u201cFORMA LOREM\u201d che coinvolger\u00e0 il Basso Feltrino e alcuni Comuni dell\u2019alta Trevisana, l\u2019 Amministrazione Comunale ha inserito una simulazione di terremoto nella zona di Salzan. Si tratta di una sperimentazione che segna l\u2019inizio di un\u2019attivit\u00e0 di promozione del Piano Sovracomunale di Protezione Civile: in seguito si proseguir\u00e0 con incontri pubblici e attivit\u00e0 volte a coinvolgere ed informare la popolazione sulle buone pratiche in caso di eventi calamitosi.<\/p>\n<p align=\"LEFT\">L\u2019area interessata sar\u00e0 quella tra via Piave, Piazza Monte Grappa, via Strada Rossa e via Papa Luciani: nelle settimane precedenti le famiglie sono state avvisate tramite notifica della Polizia Locale e mercoled\u00ec sera all\u2019ex latteria di Salzan si \u00e8 svolto un incontro informativo molto partecipato. Sabato mattina le fasi dell\u2019esercitazione prevedono il sopralluogo dei Vigili Urbani, la rilevazione dell\u2019ipotetico scenario, quindi l\u2019evacuazione con accompagnamento delle persone nell\u2019area di attesa, individuata in piazza Maggiore e l\u2019appello; al termine il responsabile di area dell\u2019 Ufficio Tecnico Comunale proceder\u00e0 al rilevamento dei danni sugli edifici, prima del rientro nelle abitazioni. I cittadini coinvolti sono 92, compresi bambini, anziani e persone con criticit\u00e0, in modo tale che la situazione sia il pi\u00f9 possibile verosimile a quello che potrebbe accadere in caso di reale terremoto.<\/p>\n<p align=\"LEFT\">L\u2019esercitazione viene realizzata secondo le linee direttive del Piano che vedono coinvolte, oltre all\u2019 Ufficio Tecnico Comunale, la Polizia Locale, i volontari di Protezione Civile, il Radioclub feltrino, l\u2019 Unione Montana Feltrina e le Forze dell\u2019 Ordine.<\/p>","protected":false},"excerpt":{"rendered":"<p>Nell\u2019ambito dell\u2019esercitazione di Protezione Civile chiamata \u201cFORMA LOREM\u201d che coinvolger\u00e0 il Basso Feltrino e alcuni Comuni dell\u2019alta Trevisana, l\u2019 Amministrazione Comunale ha inserito una simulazione di terremoto nella zona di Salzan. Si tratta di una sperimentazione che segna l\u2019inizio di un\u2019attivit\u00e0 di promozione del Piano Sovracomunale di Protezione Civile: in seguito si proseguir\u00e0 con incontri [&hellip;]<\/p>\n","protected":false},"author":2,"featured_media":0,"comment_status":"closed","ping_status":"open","sticky":false,"template":"","format":"standard","meta":{"footnotes":""},"categories":[27,26,8],"tags":[],"class_list":["post-64163","post","type-post","status-publish","format-standard","category-appuntamenti","category-prima-pagina","category-societa-istituzioni"],"yoast_head":"<!-- This site is optimized with the Yoast SEO plugin v28.4 - https:\/\/yoast.com\/product\/yoast-seo-wordpress\/ -->\n<title>Sabato a Salzan di Santa Giustina esercitazione della Protezione civile con simulazione di terremoto - Bellunopress - Dolomiti<\/title>\n<meta name=\"robots\" content=\"index, follow, max-snippet:-1, max-image-preview:large, max-video-preview:-1\" \/>\n<link rel=\"canonical\" href=\"https:\/\/www.bellunopress.it\/fr\/2014\/11\/13\/sabato-a-salzan-di-santa-giustina-esercitazione-della-protezione-civile-con-simulazione-di-terremoto\/\" \/>\n<meta property=\"og:locale\" content=\"fr_FR\" \/>\n<meta property=\"og:type\" content=\"article\" \/>\n<meta property=\"og:title\" content=\"Sabato a Salzan di Santa Giustina esercitazione della Protezione civile con simulazione di terremoto - Bellunopress - Dolomiti\" \/>\n<meta property=\"og:description\" content=\"Nell\u2019ambito dell\u2019esercitazione di Protezione Civile chiamata \u201cFORMA LOREM\u201d che coinvolger\u00e0 il Basso Feltrino e alcuni Comuni dell\u2019alta Trevisana, l\u2019 Amministrazione Comunale ha inserito una simulazione di terremoto nella zona di Salzan. Si tratta di una sperimentazione che segna l\u2019inizio di un\u2019attivit\u00e0 di promozione del Piano Sovracomunale di Protezione Civile: in seguito si proseguir\u00e0 con incontri [&hellip;]\" \/>\n<meta property=\"og:url\" content=\"https:\/\/www.bellunopress.it\/fr\/2014\/11\/13\/sabato-a-salzan-di-santa-giustina-esercitazione-della-protezione-civile-con-simulazione-di-terremoto\/\" \/>\n<meta property=\"og:site_name\" content=\"Bellunopress - Dolomiti\" \/>\n<meta property=\"article:publisher\" content=\"https:\/\/www.facebook.com\/profile.php?id=100008943462799\" \/>\n<meta property=\"article:published_time\" content=\"2014-11-13T14:30:43+00:00\" \/>\n<meta property=\"og:image\" content=\"http:\/\/www.bellunopress.it\/wp-content\/uploads\/2011\/08\/tenda-protezione-civile.jpg\" \/>\n<meta name=\"author\" content=\"redazione\" \/>\n<meta name=\"twitter:card\" content=\"summary_large_image\" \/>\n<meta name=\"twitter:creator\" content=\"@bellunopress\" \/>\n<meta name=\"twitter:site\" content=\"@bellunopress\" \/>\n<meta name=\"twitter:label1\" content=\"\u00c9crit par\" \/>\n\t<meta name=\"twitter:data1\" content=\"redazione\" \/>\n\t<meta name=\"twitter:label2\" content=\"Dur\u00e9e de lecture estim\u00e9e\" \/>\n\t<meta name=\"twitter:data2\" content=\"1 minute\" \/>\n<script type=\"application\/ld+json\" class=\"yoast-schema-graph\">{\"@context\":\"https:\\\/\\\/schema.org\",\"@graph\":[{\"@type\":\"Article\",\"@id\":\"https:\\\/\\\/www.bellunopress.it\\\/2014\\\/11\\\/13\\\/sabato-a-salzan-di-santa-giustina-esercitazione-della-protezione-civile-con-simulazione-di-terremoto\\\/#article\",\"isPartOf\":{\"@id\":\"https:\\\/\\\/www.bellunopress.it\\\/2014\\\/11\\\/13\\\/sabato-a-salzan-di-santa-giustina-esercitazione-della-protezione-civile-con-simulazione-di-terremoto\\\/\"},\"author\":{\"name\":\"redazione\",\"@id\":\"https:\\\/\\\/www.bellunopress.it\\\/#\\\/schema\\\/person\\\/79bb06722b37ece1c03d3e94beb30d73\"},\"headline\":\"Sabato a Salzan di Santa Giustina esercitazione della Protezione civile con simulazione di terremoto\",\"datePublished\":\"2014-11-13T14:30:43+00:00\",\"mainEntityOfPage\":{\"@id\":\"https:\\\/\\\/www.bellunopress.it\\\/2014\\\/11\\\/13\\\/sabato-a-salzan-di-santa-giustina-esercitazione-della-protezione-civile-con-simulazione-di-terremoto\\\/\"},\"wordCount\":265,\"publisher\":{\"@id\":\"https:\\\/\\\/www.bellunopress.it\\\/#organization\"},\"image\":{\"@id\":\"https:\\\/\\\/www.bellunopress.it\\\/2014\\\/11\\\/13\\\/sabato-a-salzan-di-santa-giustina-esercitazione-della-protezione-civile-con-simulazione-di-terremoto\\\/#primaryimage\"},\"thumbnailUrl\":\"http:\\\/\\\/www.bellunopress.it\\\/wp-content\\\/uploads\\\/2011\\\/08\\\/tenda-protezione-civile.jpg\",\"articleSection\":[\"Appuntamenti, Eventi\",\"Prima Pagina\",\"Societ\u00e0, Associazioni, Istituzioni\"],\"inLanguage\":\"fr-FR\"},{\"@type\":\"WebPage\",\"@id\":\"https:\\\/\\\/www.bellunopress.it\\\/2014\\\/11\\\/13\\\/sabato-a-salzan-di-santa-giustina-esercitazione-della-protezione-civile-con-simulazione-di-terremoto\\\/\",\"url\":\"https:\\\/\\\/www.bellunopress.it\\\/2014\\\/11\\\/13\\\/sabato-a-salzan-di-santa-giustina-esercitazione-della-protezione-civile-con-simulazione-di-terremoto\\\/\",\"name\":\"Sabato a Salzan di Santa Giustina esercitazione della Protezione civile con simulazione di terremoto - Bellunopress - Dolomiti\",\"isPartOf\":{\"@id\":\"https:\\\/\\\/www.bellunopress.it\\\/#website\"},\"primaryImageOfPage\":{\"@id\":\"https:\\\/\\\/www.bellunopress.it\\\/2014\\\/11\\\/13\\\/sabato-a-salzan-di-santa-giustina-esercitazione-della-protezione-civile-con-simulazione-di-terremoto\\\/#primaryimage\"},\"image\":{\"@id\":\"https:\\\/\\\/www.bellunopress.it\\\/2014\\\/11\\\/13\\\/sabato-a-salzan-di-santa-giustina-esercitazione-della-protezione-civile-con-simulazione-di-terremoto\\\/#primaryimage\"},\"thumbnailUrl\":\"http:\\\/\\\/www.bellunopress.it\\\/wp-content\\\/uploads\\\/2011\\\/08\\\/tenda-protezione-civile.jpg\",\"datePublished\":\"2014-11-13T14:30:43+00:00\",\"breadcrumb\":{\"@id\":\"https:\\\/\\\/www.bellunopress.it\\\/2014\\\/11\\\/13\\\/sabato-a-salzan-di-santa-giustina-esercitazione-della-protezione-civile-con-simulazione-di-terremoto\\\/#breadcrumb\"},\"inLanguage\":\"fr-FR\",\"potentialAction\":[{\"@type\":\"ReadAction\",\"target\":[\"https:\\\/\\\/www.bellunopress.it\\\/2014\\\/11\\\/13\\\/sabato-a-salzan-di-santa-giustina-esercitazione-della-protezione-civile-con-simulazione-di-terremoto\\\/\"]}]},{\"@type\":\"ImageObject\",\"inLanguage\":\"fr-FR\",\"@id\":\"https:\\\/\\\/www.bellunopress.it\\\/2014\\\/11\\\/13\\\/sabato-a-salzan-di-santa-giustina-esercitazione-della-protezione-civile-con-simulazione-di-terremoto\\\/#primaryimage\",\"url\":\"http:\\\/\\\/www.bellunopress.it\\\/wp-content\\\/uploads\\\/2011\\\/08\\\/tenda-protezione-civile.jpg\",\"contentUrl\":\"http:\\\/\\\/www.bellunopress.it\\\/wp-content\\\/uploads\\\/2011\\\/08\\\/tenda-protezione-civile.jpg\"},{\"@type\":\"BreadcrumbList\",\"@id\":\"https:\\\/\\\/www.bellunopress.it\\\/2014\\\/11\\\/13\\\/sabato-a-salzan-di-santa-giustina-esercitazione-della-protezione-civile-con-simulazione-di-terremoto\\\/#breadcrumb\",\"itemListElement\":[{\"@type\":\"ListItem\",\"position\":1,\"name\":\"Home\",\"item\":\"https:\\\/\\\/www.bellunopress.it\\\/\"},{\"@type\":\"ListItem\",\"position\":2,\"name\":\"Sabato a Salzan di Santa Giustina esercitazione della Protezione civile con simulazione di terremoto\"}]},{\"@type\":\"WebSite\",\"@id\":\"https:\\\/\\\/www.bellunopress.it\\\/#website\",\"url\":\"https:\\\/\\\/www.bellunopress.it\\\/\",\"name\":\"Bellunopress - Dolomiti\",\"description\":\"e-mail: redazione@bellunopress.it\",\"publisher\":{\"@id\":\"https:\\\/\\\/www.bellunopress.it\\\/#organization\"},\"potentialAction\":[{\"@type\":\"SearchAction\",\"target\":{\"@type\":\"EntryPoint\",\"urlTemplate\":\"https:\\\/\\\/www.bellunopress.it\\\/?s={search_term_string}\"},\"query-input\":{\"@type\":\"PropertyValueSpecification\",\"valueRequired\":true,\"valueName\":\"search_term_string\"}}],\"inLanguage\":\"fr-FR\"},{\"@type\":\"Organization\",\"@id\":\"https:\\\/\\\/www.bellunopress.it\\\/#organization\",\"name\":\"Bellunopress\",\"url\":\"https:\\\/\\\/www.bellunopress.it\\\/\",\"logo\":{\"@type\":\"ImageObject\",\"inLanguage\":\"fr-FR\",\"@id\":\"https:\\\/\\\/www.bellunopress.it\\\/#\\\/schema\\\/logo\\\/image\\\/\",\"url\":\"https:\\\/\\\/www.bellunopress.it\\\/wp-content\\\/uploads\\\/2011\\\/05\\\/cropped-logo-bellunopress-.jpg\",\"contentUrl\":\"https:\\\/\\\/www.bellunopress.it\\\/wp-content\\\/uploads\\\/2011\\\/05\\\/cropped-logo-bellunopress-.jpg\",\"width\":512,\"height\":512,\"caption\":\"Bellunopress\"},\"image\":{\"@id\":\"https:\\\/\\\/www.bellunopress.it\\\/#\\\/schema\\\/logo\\\/image\\\/\"},\"sameAs\":[\"https:\\\/\\\/www.facebook.com\\\/profile.php?id=100008943462799\",\"https:\\\/\\\/x.com\\\/bellunopress\",\"https:\\\/\\\/www.linkedin.com\\\/hp\\\/?dnr=JBzUWaJfMUw8vbXJJ2tVW5-I3jZKvC4wsoxE&amp;amp;amp;amp;amp;amp;trk=nav_responsive_tab_home\",\"https:\\\/\\\/www.youtube.com\\\/channel\\\/UCxL0wu1uN0_3_7hGG0306cw\"]},{\"@type\":\"Person\",\"@id\":\"https:\\\/\\\/www.bellunopress.it\\\/#\\\/schema\\\/person\\\/79bb06722b37ece1c03d3e94beb30d73\",\"name\":\"redazione\",\"image\":{\"@type\":\"ImageObject\",\"inLanguage\":\"fr-FR\",\"@id\":\"https:\\\/\\\/secure.gravatar.com\\\/avatar\\\/37d968a2e67a6fd04c169c4bdef102d0bc5d31b2546345219e348575eb80e9a0?s=96&d=mm&r=g\",\"url\":\"https:\\\/\\\/secure.gravatar.com\\\/avatar\\\/37d968a2e67a6fd04c169c4bdef102d0bc5d31b2546345219e348575eb80e9a0?s=96&d=mm&r=g\",\"contentUrl\":\"https:\\\/\\\/secure.gravatar.com\\\/avatar\\\/37d968a2e67a6fd04c169c4bdef102d0bc5d31b2546345219e348575eb80e9a0?s=96&d=mm&r=g\",\"caption\":\"redazione\"},\"sameAs\":[\"http:\\\/\\\/www.bellunopress.it\",\"https:\\\/\\\/x.com\\\/bellunopress\"],\"url\":\"https:\\\/\\\/www.bellunopress.it\\\/fr\\\/author\\\/redazione\\\/\"}]}<\/script>\n<!-- \/ Yoast SEO plugin. -->","yoast_head_json":{"title":"Sabato a Salzan di Santa Giustina esercitazione della Protezione civile con simulazione di terremoto - Bellunopress - Dolomiti","robots":{"index":"index","follow":"follow","max-snippet":"max-snippet:-1","max-image-preview":"max-image-preview:large","max-video-preview":"max-video-preview:-1"},"canonical":"https:\/\/www.bellunopress.it\/fr\/2014\/11\/13\/sabato-a-salzan-di-santa-giustina-esercitazione-della-protezione-civile-con-simulazione-di-terremoto\/","og_locale":"fr_FR","og_type":"article","og_title":"Sabato a Salzan di Santa Giustina esercitazione della Protezione civile con simulazione di terremoto - Bellunopress - Dolomiti","og_description":"Nell\u2019ambito dell\u2019esercitazione di Protezione Civile chiamata \u201cFORMA LOREM\u201d che coinvolger\u00e0 il Basso Feltrino e alcuni Comuni dell\u2019alta Trevisana, l\u2019 Amministrazione Comunale ha inserito una simulazione di terremoto nella zona di Salzan. Si tratta di una sperimentazione che segna l\u2019inizio di un\u2019attivit\u00e0 di promozione del Piano Sovracomunale di Protezione Civile: in seguito si proseguir\u00e0 con incontri [&hellip;]","og_url":"https:\/\/www.bellunopress.it\/fr\/2014\/11\/13\/sabato-a-salzan-di-santa-giustina-esercitazione-della-protezione-civile-con-simulazione-di-terremoto\/","og_site_name":"Bellunopress - Dolomiti","article_publisher":"https:\/\/www.facebook.com\/profile.php?id=100008943462799","article_published_time":"2014-11-13T14:30:43+00:00","og_image":[{"url":"http:\/\/www.bellunopress.it\/wp-content\/uploads\/2011\/08\/tenda-protezione-civile.jpg","type":"","width":"","height":""}],"author":"redazione","twitter_card":"summary_large_image","twitter_creator":"@bellunopress","twitter_site":"@bellunopress","twitter_misc":{"\u00c9crit par":"redazione","Dur\u00e9e de lecture estim\u00e9e":"1 minute"},"schema":{"@context":"https:\/\/schema.org","@graph":[{"@type":"Article","@id":"https:\/\/www.bellunopress.it\/2014\/11\/13\/sabato-a-salzan-di-santa-giustina-esercitazione-della-protezione-civile-con-simulazione-di-terremoto\/#article","isPartOf":{"@id":"https:\/\/www.bellunopress.it\/2014\/11\/13\/sabato-a-salzan-di-santa-giustina-esercitazione-della-protezione-civile-con-simulazione-di-terremoto\/"},"author":{"name":"redazione","@id":"https:\/\/www.bellunopress.it\/#\/schema\/person\/79bb06722b37ece1c03d3e94beb30d73"},"headline":"Sabato a Salzan di Santa Giustina esercitazione della Protezione civile con simulazione di terremoto","datePublished":"2014-11-13T14:30:43+00:00","mainEntityOfPage":{"@id":"https:\/\/www.bellunopress.it\/2014\/11\/13\/sabato-a-salzan-di-santa-giustina-esercitazione-della-protezione-civile-con-simulazione-di-terremoto\/"},"wordCount":265,"publisher":{"@id":"https:\/\/www.bellunopress.it\/#organization"},"image":{"@id":"https:\/\/www.bellunopress.it\/2014\/11\/13\/sabato-a-salzan-di-santa-giustina-esercitazione-della-protezione-civile-con-simulazione-di-terremoto\/#primaryimage"},"thumbnailUrl":"http:\/\/www.bellunopress.it\/wp-content\/uploads\/2011\/08\/tenda-protezione-civile.jpg","articleSection":["Appuntamenti, Eventi","Prima Pagina","Societ\u00e0, Associazioni, Istituzioni"],"inLanguage":"fr-FR"},{"@type":"WebPage","@id":"https:\/\/www.bellunopress.it\/2014\/11\/13\/sabato-a-salzan-di-santa-giustina-esercitazione-della-protezione-civile-con-simulazione-di-terremoto\/","url":"https:\/\/www.bellunopress.it\/2014\/11\/13\/sabato-a-salzan-di-santa-giustina-esercitazione-della-protezione-civile-con-simulazione-di-terremoto\/","name":"Sabato a Salzan di Santa Giustina esercitazione della Protezione civile con simulazione di terremoto - Bellunopress - Dolomiti","isPartOf":{"@id":"https:\/\/www.bellunopress.it\/#website"},"primaryImageOfPage":{"@id":"https:\/\/www.bellunopress.it\/2014\/11\/13\/sabato-a-salzan-di-santa-giustina-esercitazione-della-protezione-civile-con-simulazione-di-terremoto\/#primaryimage"},"image":{"@id":"https:\/\/www.bellunopress.it\/2014\/11\/13\/sabato-a-salzan-di-santa-giustina-esercitazione-della-protezione-civile-con-simulazione-di-terremoto\/#primaryimage"},"thumbnailUrl":"http:\/\/www.bellunopress.it\/wp-content\/uploads\/2011\/08\/tenda-protezione-civile.jpg","datePublished":"2014-11-13T14:30:43+00:00","breadcrumb":{"@id":"https:\/\/www.bellunopress.it\/2014\/11\/13\/sabato-a-salzan-di-santa-giustina-esercitazione-della-protezione-civile-con-simulazione-di-terremoto\/#breadcrumb"},"inLanguage":"fr-FR","potentialAction":[{"@type":"ReadAction","target":["https:\/\/www.bellunopress.it\/2014\/11\/13\/sabato-a-salzan-di-santa-giustina-esercitazione-della-protezione-civile-con-simulazione-di-terremoto\/"]}]},{"@type":"ImageObject","inLanguage":"fr-FR","@id":"https:\/\/www.bellunopress.it\/2014\/11\/13\/sabato-a-salzan-di-santa-giustina-esercitazione-della-protezione-civile-con-simulazione-di-terremoto\/#primaryimage","url":"http:\/\/www.bellunopress.it\/wp-content\/uploads\/2011\/08\/tenda-protezione-civile.jpg","contentUrl":"http:\/\/www.bellunopress.it\/wp-content\/uploads\/2011\/08\/tenda-protezione-civile.jpg"},{"@type":"BreadcrumbList","@id":"https:\/\/www.bellunopress.it\/2014\/11\/13\/sabato-a-salzan-di-santa-giustina-esercitazione-della-protezione-civile-con-simulazione-di-terremoto\/#breadcrumb","itemListElement":[{"@type":"ListItem","position":1,"name":"Home","item":"https:\/\/www.bellunopress.it\/"},{"@type":"ListItem","position":2,"name":"Sabato a Salzan di Santa Giustina esercitazione della Protezione civile con simulazione di terremoto"}]},{"@type":"WebSite","@id":"https:\/\/www.bellunopress.it\/#website","url":"https:\/\/www.bellunopress.it\/","name":"Bellunopress - Dolomiti","description":"e-mail: redazione@bellunopress.it","publisher":{"@id":"https:\/\/www.bellunopress.it\/#organization"},"potentialAction":[{"@type":"SearchAction","target":{"@type":"EntryPoint","urlTemplate":"https:\/\/www.bellunopress.it\/?s={search_term_string}"},"query-input":{"@type":"PropertyValueSpecification","valueRequired":true,"valueName":"search_term_string"}}],"inLanguage":"fr-FR"},{"@type":"Organization","@id":"https:\/\/www.bellunopress.it\/#organization","name":"Bellunopress","url":"https:\/\/www.bellunopress.it\/","logo":{"@type":"ImageObject","inLanguage":"fr-FR","@id":"https:\/\/www.bellunopress.it\/#\/schema\/logo\/image\/","url":"https:\/\/www.bellunopress.it\/wp-content\/uploads\/2011\/05\/cropped-logo-bellunopress-.jpg","contentUrl":"https:\/\/www.bellunopress.it\/wp-content\/uploads\/2011\/05\/cropped-logo-bellunopress-.jpg","width":512,"height":512,"caption":"Bellunopress"},"image":{"@id":"https:\/\/www.bellunopress.it\/#\/schema\/logo\/image\/"},"sameAs":["https:\/\/www.facebook.com\/profile.php?id=100008943462799","https:\/\/x.com\/bellunopress","https:\/\/www.linkedin.com\/hp\/?dnr=JBzUWaJfMUw8vbXJJ2tVW5-I3jZKvC4wsoxE&amp;amp;amp;amp;amp;amp;trk=nav_responsive_tab_home","https:\/\/www.youtube.com\/channel\/UCxL0wu1uN0_3_7hGG0306cw"]},{"@type":"Person","@id":"https:\/\/www.bellunopress.it\/#\/schema\/person\/79bb06722b37ece1c03d3e94beb30d73","name":"r\u00e9daction","image":{"@type":"ImageObject","inLanguage":"fr-FR","@id":"https:\/\/secure.gravatar.com\/avatar\/37d968a2e67a6fd04c169c4bdef102d0bc5d31b2546345219e348575eb80e9a0?s=96&d=mm&r=g","url":"https:\/\/secure.gravatar.com\/avatar\/37d968a2e67a6fd04c169c4bdef102d0bc5d31b2546345219e348575eb80e9a0?s=96&d=mm&r=g","contentUrl":"https:\/\/secure.gravatar.com\/avatar\/37d968a2e67a6fd04c169c4bdef102d0bc5d31b2546345219e348575eb80e9a0?s=96&d=mm&r=g","caption":"redazione"},"sameAs":["http:\/\/www.bellunopress.it","https:\/\/x.com\/bellunopress"],"url":"https:\/\/www.bellunopress.it\/fr\/author\/redazione\/"}]}},"_links":{"self":[{"href":"https:\/\/www.bellunopress.it\/fr\/wp-json\/wp\/v2\/posts\/64163","targetHints":{"allow":["GET"]}}],"collection":[{"href":"https:\/\/www.bellunopress.it\/fr\/wp-json\/wp\/v2\/posts"}],"about":[{"href":"https:\/\/www.bellunopress.it\/fr\/wp-json\/wp\/v2\/types\/post"}],"author":[{"embeddable":true,"href":"https:\/\/www.bellunopress.it\/fr\/wp-json\/wp\/v2\/users\/2"}],"replies":[{"embeddable":true,"href":"https:\/\/www.bellunopress.it\/fr\/wp-json\/wp\/v2\/comments?post=64163"}],"version-history":[{"count":1,"href":"https:\/\/www.bellunopress.it\/fr\/wp-json\/wp\/v2\/posts\/64163\/revisions"}],"predecessor-version":[{"id":64164,"href":"https:\/\/www.bellunopress.it\/fr\/wp-json\/wp\/v2\/posts\/64163\/revisions\/64164"}],"wp:attachment":[{"href":"https:\/\/www.bellunopress.it\/fr\/wp-json\/wp\/v2\/media?parent=64163"}],"wp:term":[{"taxonomy":"category","embeddable":true,"href":"https:\/\/www.bellunopress.it\/fr\/wp-json\/wp\/v2\/categories?post=64163"},{"taxonomy":"post_tag","embeddable":true,"href":"https:\/\/www.bellunopress.it\/fr\/wp-json\/wp\/v2\/tags?post=64163"}],"curies":[{"name":"wp","href":"https:\/\/api.w.org\/{rel}","templated":true}]}}