{"id":6394,"date":"2009-07-26T09:43:37","date_gmt":"2009-07-26T08:43:37","guid":{"rendered":"http:\/\/www.bellunopress.it\/?p=6394"},"modified":"2009-07-26T10:49:25","modified_gmt":"2009-07-26T09:49:25","slug":"festival-oriente-occidente-e-slow-food-uno-sguardo-sul-mondo-attraverso-la-danza-e-le-tradizioni-agro-alimentari-nel-trentino","status":"publish","type":"post","link":"https:\/\/www.bellunopress.it\/fr\/2009\/07\/26\/festival-oriente-occidente-e-slow-food-uno-sguardo-sul-mondo-attraverso-la-danza-e-le-tradizioni-agro-alimentari-nel-trentino\/","title":{"rendered":"Festival Oriente occidente e slow food: uno sguardo sul mondo attraverso la danza"},"content":{"rendered":"<p><a href=\"http:\/\/www.bellunopress.it\/wp-content\/uploads\/2009\/07\/festival-oriente-occidente-trentino.jpg\"><img loading=\"lazy\" decoding=\"async\" class=\"alignleft size-medium wp-image-6395\" title=\"festival-oriente-occidente-trentino\" src=\"http:\/\/www.bellunopress.it\/wp-content\/uploads\/2009\/07\/festival-oriente-occidente-trentino.jpg\" alt=\"\" width=\"257\" height=\"300\" \/><\/a>Il settembre trentino si arricchisce quest&#8217;anno con l&#8217;incontro tra arte e cultura materiale grazie alla collaborazione tra Oriente Occidente, il Festival che da quasi trent&#8217;anni indaga le nuove tendenze e il meglio della danza internazionale, e Slow Food Trentino. Il tutto per conoscere e lanciare uno sguardo sempre pi\u00f9 consapevole sugli Est e gli Ovest del mondo. Rovereto, infatti, oltre ad ospitare nei propri teatri e nelle piazze la densa programmazione del Festival che dedica l&#8217;edizione 2009 a \u201cLa danza vista dall&#8217;Artico\u201d, apre il proprio centro storico all&#8217;evento \u201cTerre\u201d, appuntamento culturale e agro-alimentare, composto da \u201cLe vie dell&#8217;arca del gusto Trentino\u201d e il \u201cBistr\u00f2 del Mondo\u201d, a sostegno del progetto \u201cPresidi Slow Food\u201d del Trentino e non solo.<br \/>\nORIENTE OCCIDENTE 2009 incontro di culture Rovereto, Trento<br \/>\n3-13 settembre<br \/>\nLa danza vista dall&#8217;Artico<br \/>\nPassaggio a Nord Ovest tra America e Russia<br \/>\nCambia decisamente prospettiva Oriente Occidente e sceglie quest\u2019anno lo Stretto di Bering come punto di vista privilegiato per analizzare le tendenze culturali contemporanee. L\u00ec dove i punti cardinali di Est e Ovest inesorabilmente si confondono e si rovesciano si \u00e8 aperto per il disgelo, la scorsa estate e dopo secoli, il mitico passaggio a Nord Ovest che attraverso l\u2019Artico avvicina Atlantico e Pacifico, America e Canada con Paesi Baltici e Russia.<br \/>\nQuesti territori diventano cos\u00ec protagonisti della ventinovesima edizione di uno tra i pi\u00f9 importanti Festival europei di danza. Dalla Repubblica Russa segnata &#8211; a vent\u2019anni dalla caduta del Muro &#8211; da una grande vitalit\u00e0 e una grande tensione verso l\u2019innovazione, approdano a Trento e Rovereto in prima assoluta o nazionale alcune tra le pi\u00f9 creative e importanti Compagnie di danza contemporanea.<br \/>\nCompagnie che si confrontano con quelle provenienti dal Canada e dagli Stati Uniti d\u2019America e che hanno segnato il profondo rinnovamento della coreografia moderna.<br \/>\nTra le numerose altre proposte la creazione italiana \u201cInri\u201d del Teatrofficina Zerogrammi su coreografia di Stefano Mazzotta ed Emanuele Sciannamea, e la sezione \u201cLinguaggi\u201d con incontri e dibattiti sulla multiculturalit\u00e0 dal 3 all&#8217;8 settembre. Ritorna per il secondo anno, dopo lo straordinario successo della prima edizione, il concorso coreografico nazionale \u201cDanz&#8217;\u00e8\u201d dedicato alle giovani compagnie e coreografi italiani, mentre l&#8217;approfondimento delle tecniche e degli stili di danza sono al centro della sezione \u201cStage\u201d.<br \/>\nPROGRAMMA<br \/>\ngioved\u00ec 3 settembre<br \/>\nRovereto Auditorium Fausto Melotti ore 21 Louise Lecavalier \u2013 Fou Glorieux Children Coreografia di Nigel Charnock \u201cI\u201d is Memory Coreografia di Beno\u00eet Lachambre\u00a0 (Canada) prima assoluta e coproduzione del Festival. La stella del danza canadese Louise Lecavalier, prima a vincere il Bessie Award, l&#8217;Oscar della danza mondiale, porta a Rovereto in prima assoluta e coprodotto dal Festival lo spettacolo Children. Una pi\u00e8ce tragicomica di teatro-danza sugli alti e bassi dell\u2019amore, coreografia di Nigel Charnock.\u00a0\u00a0\u00a0\u00a0\u00a0\u00a0\u00a0 \u201cI\u201d is Memory \u00e8 invece un progetto solista pensato appositamente per lei da Beno\u00eet Lachambre. Un lavoro minimalista, ma fisicamente molto impegnativo in cui Lachambre forza Lecavalier\u00a0 a discostarsi dalla danza classica per mezzo di suoni bizzarri e movimenti di danza hip hop.<br \/>\nvenerd\u00ec 4 settembre<br \/>\nRovereto Auditorium Fausto Melotti ore 21 Louise Lecavalier \u2013 Fou Glorieux Children Coreografia di Nigel Charnock \u201cI\u201d is Memory<br \/>\nCoreografia di Beno\u00eet Lachambre\u00a0 (Canada) coproduzione del Festival Trento Teatro Sociale ore 21 Complexions Contemporary Ballet<br \/>\nHissy fits Gone Momentary Forevers (excerpt) Fall Moody Booty Blues (excerpt) Moonlight (excerpt from Frames) Rise Coreografia di Dwight Rhoden e Desmond Richardson (U.S.A.) prima nazionale Una danza fisica e rapidissima che scaturisce da una perfetta chimica tra il coreografo Dwight Rhoden e il danzatore Desmond Richardson \u00e8 alla base del successo della newyorchese Complexions. La Compagnia presenta a Rovereto alcune tra le sue pi\u00f9 acclamate performance e in prima nazionale Rise, su musiche degli U2. Movimenti estremi che catturano impulsi emozionali incontrollabili.<br \/>\nsabato 5 settembre<br \/>\nTrento Teatro Sociale ore 21 Complexions Contemporary Ballet Hissy fits Gone Momentary Forevers (excerpt) Fall Moody Booty Blues (excerpt)<br \/>\nMoonlight (excerpt from Frames) Rise Coreografia di Dwight Rhoden e Desmond Richardson (U.S.A.)<br \/>\ndomenica 6 settembre<br \/>\nRovereto Auditorium Fausto Melotti ore 21 Provincial Dances Maple Garden Les Noces Coreografia di Tatiana Baganova (Russia). L\u2019emisfero russo arriva al Festival con la compagnia di Tatiana Baganova, che nella sua prima serata porta in scena Maple Garden e Les Noces. Il primo lavoro segna l\u2019apparizione americana della compagnia, \u00e8 stato infatti commissionato dall\u2019American Dance Festival di Darem, e attraverso una misteriosa favola conduce lo spettatore in un mondo fatato e sognante. Les Noces \u00e8 invece un turbinio di emozioni, alla ricerca dell\u2019essenza e delle origini della cerimonia di nozze.<br \/>\nluned\u00ec 7 settembre<br \/>\nRovereto Auditorium Fausto Melotti ore 21 Provincial Dances Post Engagement Diptych Part I and II Coreografia di Tatiana Baganova<br \/>\n(Russia). In Post Engagement Diptych Part I la danza \u00e8 vita, \u00e8 movimento di resistenza o di assoluta sottomissione, \u00e8 un continuo contatto tra genere maschile e femminile. La seconda parte ci riporta invece al mondo fatato della Baganova, dove enormi palle come bolle di sapone piene di sogni danzano insieme a ragazze dai modi garbati.<br \/>\nTrento Teatro Sociale ore 21<br \/>\nO Vertigo La Chambre Blanche Coreografia di Ginette Laurin (Canada). Ginette Laurin presenta a Oriente Occidente la ricreazione del suo spettacolo La Chambre Blanche. Al set e ai costumi originali viene aggiunta una nuova colonna sonora e la regia luci riesce a rinforzare l\u2019atmosfera alienante della performance. Il pubblico viene cos\u00ec catapultato in un saliscendi emozionale in cui i danzatori provati nella loro intimit\u00e0 pi\u00f9 profonda e collocati in un luogo di estrema vulnerabilit\u00e0 non hanno altra scelta se non quella di abbandonarsi al disequilibrio e alla vertigine.<br \/>\nmarted\u00ec 8 settembre<br \/>\nTrento Teatro Sociale ore 21 O Vertigo La Chambre Blanche Coreografia di Ginette Laurin (Canada)<br \/>\nmercoled\u00ec 9 settembre<br \/>\nRovereto Auditorium Fausto Melotti ore 21 Chelyabinsk Contemporary Dance Theater Celestial Bodies The Other Side of The River Coreografia di Olga Pona (Russia) prima nazionale. La Russia \u00e8 di nuovo al centro di Oriente Occidente con la compagnia di Olga Pona, che ha trovato nell\u2019ambiente che la circonda i soggetti per le sue coreografie. I personaggi protagonisti sono infatti i lavoratori di Chelyabinsk, citt\u00e0 industriale di un milione e mezzo di abitanti al confine dei monti Urali. Storie di relazione tra passato e presente, tra speranze e aspettative. La complessit\u00e0 della vita post-comunista tradotta in danza, in una qualit\u00e0 contemporanea che conta prevalentemente sul contenuto, piuttosto che sui mezzi di scena.<br \/>\ngioved\u00ec 10 settembre<br \/>\nTrento Teatro Sociale ore 21 Natalya Kasparova Dance Company The Songs of Komitas Coreografia di Natalya Kasparova (Russia). Natalya Kasparova \u00e8 la perfetta rappresentante della nuova generazione di coreografi russi, che hanno deciso di rompere con la tradizione del balletto classico, e perseguire nuove modalit\u00e0 di espressione in un paese dove per decenni la danza moderna era stata proibita e quindi dimenticata. L\u2019ispirazione per la performance The Songs of Komitas deriva dalle musiche sacre del compositore armeno Komitas che riflettono la dolorosa storia del suo popolo. Una serie di episodi in cui la danza simbolicamente ricrea le tradizioni e le leggende armene.<br \/>\nvenerd\u00ec 11 settembre<br \/>\nRovereto Auditorium Fausto Melotti ore 21 Buglisi Dance Theatre Frida Interplay Sospiri Caravaggio Meets Hopper Coreografia di Jacqulyn Buglisi (U.S.A.) prima nazionale Jacqulyn Buglisi, Donlin Foreman, Terese Capucilli and Christine Dakin founded BDT in 1994 .Jacqulyn Buglisi, Donlin Foreman, Terese Capucilli e Christine Dakin fondano la compagnia nel 1994, dopo aver ballato insieme per quasi due decenni nella compagnia diThis distinguished quartet danced together as principal artists with Martha Graham for two decades. Martha Graham.<br \/>\nFrida, ispirato alla vita di Frida Kahlo, rappresenta il sogno di Buglisi di unire le arti con le nuove tecnologie attraverso un processo collaborativo, per ispirare e attrarre il pubblico verso il regno della danza teatrale.\u00a0 In Caravaggio Meets Hopper la danza contrappone la quiete e la serenit\u00e0 dei quadri di Hopper con la teatralit\u00e0 di Caravaggio.<br \/>\nsabato 12 settembre<br \/>\nRovereto Auditorium Fausto Melotti ore 21 Buglisi Dance Theatre Against All Odds Sand Red Hills Requiem Coreografia di Jacqulyn Buglisi<br \/>\n(U.S.A.) prima nazionale Jacqulyn Buglisi trova l\u2019ispirazione per le sue coreografie nella pittura e nella letteratura e inserisce nei suoi lavori continui riferimenti ai suoi studi. Sand \u00e8 un tributo alla gioia del danzare mentre Red Hills prende il nome dal quadro dell\u2019americana Georgia O\u2019Keefe. Requiem, originariamente una metafora dell\u2019oppressione delle donne, \u00e8 divenuto dopo l\u201911 settembre un lavoro pi\u00f9 vicino e sensibile agli avvenimenti contemporanei.<br \/>\ndomenica 13 settembre<br \/>\nRovereto Auditorium Fausto Melotti ore 21 Teatrofficina Zerogrammi Inri Coreografia di Stefano Mazzotta e Emanuele Sciannamea<br \/>\n(Italia) prima assoluta e coproduzione del Festival Il duo Mazzotta-Sciannamea che nell\u2019edizione 2008 del Festival si era aggiudicato la prima edizione del concorso coreografico Danz\u2019\u00e8, presenta un progetto in prima assoluta e coprodotto da Oriente Occidente. Il tema indagato dai due attori-danzatori \u00e8 qui la pratica della fede nella religione cattolica. Due personaggi dai colori grotteschi, paradossali, in un percorso temporale che emula quello di una liturgia.<br \/>\nRovereto Auditorium Fausto Melotti ore 22.30<br \/>\nPremiazioni del Concorso coreografico Danz\u2019\u00e8<br \/>\nLINGUAGGI<br \/>\nRovereto Magic Mirror ore 17<br \/>\n3-8 settembre 2009<br \/>\nLa sezione Linguaggi del Festival Oriente Occidente approfondisce il tema dell\u2019incontro tra le culture del mondo attraverso le arti intellettuali e materiali.<br \/>\nIn particolare quest\u2019anno, in coerenza con il tema del Festival, si punta sul confronto interculturale tra emisfero russo da un parte ed americano e canadese dall\u2019altra. Prenderanno parte agli incontri intellettuali, artisti, storici e giornalisti esperti di questi mondi e delle loro zone d\u2019influenza, per un\u2019analisi sulle relazioni, gli scambi e le comunanze tra entit\u00e0 diverse negli ambiti cruciali della conoscenza.<br \/>\nDANZ\u2019\u00c8<br \/>\nConcorso coreografico Citt\u00e0 di Rovereto<br \/>\nRovereto Magic Mirror ore 17<br \/>\n9-13 settembre 2009<br \/>\nDopo lo straordinario successo della prima edizione con oltre ottanta compagnie candidate, ritorna Danz\u2019\u00e8 il concorso coreografico proposto dal Festival che rappresenta l\u2019occasione per giovani compagnie e coreografi italiani di presentare il proprio lavoro davanti a un pubblico di appassionati, operatori e giornalisti.<br \/>\nI coreografi selezionati, tra i pi\u00f9 interessanti nel panorama della nuova danza italiana, si esibiranno dal 9 al 13 settembre sul palco del Magic Mirror davanti a una giuria di esperti che premier\u00e0 le tre migliori coreografie assegnando loro un premio in denaro e la possibilit\u00e0 di partecipare al Festival Oriente Occidente 2010.<br \/>\nHAPPY DANCE<br \/>\nRovereto Piazza Loreto ore 18.30<br \/>\n3-8 settembre 2009<br \/>\nDalle forme del contemporaneo a quelle della tradizione, dall\u2019improvvisazione ai movimenti codificati dal tempo passando per le influenze delle culture locali e per quelle esotiche. Uno sguardo lanciato verso il mondo attraverso gli occhi e la vivacit\u00e0 delle giovani compagnie e delle scuole di danza trentine.<br \/>\nIl Festival Oriente Occidente dedica una sezione del proprio programma alla scoperta di alcune delle realt\u00e0 artistiche pi\u00f9 interessanti grazie alla sezione Happy Dance, che nella suggestiva cornice di Piazza Loreto fa incontrare la danza emergente con il pubblico e la citt\u00e0 di Rovereto.<br \/>\nSTAGE<br \/>\nRovereto Auditorium Fausto Melotti<br \/>\n5-6 e 11-12 settembre 2009<br \/>\nIn occasione del Festival Oriente Occidente, il CID propone quattro occasioni per avvicinarsi o approfondire i diversi stili di danza coinvolgendo coreografi e danzatori di fama internazionale.<br \/>\nIn particolare continua la collaborazione con la compagnia Ultima Vez attraverso due stage riservati a danzatori professionisti e di livello avanzato condotti da Laura Ar\u00eds Alvarez (5-6 settembre) e Germ\u00e1n Jauregui Allue (11-12 settembre). Il lavoro \u00e8 focalizzato sul \u201cvocabolario\u201d della compagnia di Wim Vandekeybus, sull\u2019energia fisica, l\u2019istinto, la velocit\u00e0, la fragilit\u00e0, la debolezza, la tensione.<br \/>\nInfo e biglietti<br \/>\n0464 431660<br \/>\n<a href=\"mailto:festival@orienteoccidente.it\">festival@orienteoccidente.it<\/a><br \/>\n<a href=\"http:\/\/www.orienteoccidente.it\">www.orienteoccidente.it<\/a><br \/>\nTERRE<br \/>\nincontro con i presidi e le comunit\u00e0 del cibo Trentine e il resto del mondo<br \/>\nIl Bistr\u00f2 del Mondo e l\u2019Arca del Gusto Trentino<br \/>\nRovereto<br \/>\n3-13 settembre<br \/>\nTerre, l&#8217;evento che prende vita nel centro storico di Rovereto, ha lo scopo di far conoscere le produzioni di eccellenza trentine legate al progetto dei presidi Slow Food e quelle delle comunit\u00e0 del cibo che fanno parte della rete di Terra Madre.<br \/>\nDistinto nelle sezioni L\u2019Arca del Gusto Trentino (4, 5,\u00a0 e 11, 12 settembre) e il Bistr\u00f2 del Mondo (3-13 settembre) diventa un momento importante per confrontarsi con la cultura e l&#8217;agro-alimentare locale e di numerose comunit\u00e0 straniere presenti\u00a0 in Trentino.<br \/>\nGrazie a L\u2019 Arca del Gusto Trentino \u00e8 possibile conoscere i produttori trentini che aderiscono alla filosofia Slow Food, avvicinarsi ai loro prodotti con degustazioni di pietanze di strada preparate dall&#8217;alleanza dei cuochi e distribuite presso stand rallegrati da momenti di esibizione folk legate ai territori di produzione.\u00a0 Il cibo e i prodotti sono al centro anche dei Laboratori del Gusto gestiti da docenti Slow Food e nelle performance della Compagnia Koin\u00e8 che coinvolge il pubblico nella preparazione del pane utilizzando le granaglie delle tradizioni dell\u2019Est e dell\u2019Ovest . Tra le altre proposte di questa sezione di Terre anche il Mercato della Terra dove \u00e8 possibile trovare e acquistare i prodotti del territorio trentino e Buono, pulito e giusto per scoprire,\u00a0 vini biologici e biodinamici, cibi e prodotti legati alla biosostenibilit\u00e0 ambientale.<br \/>\nA caratterizzare il Bistr\u00f2 del Mondo che prende vita nel Magic Mirror, struttura collocata sempre nel centro storico di Rovereto, sono invece le tradizioni agro-alimentari di ben sedici comunit\u00e0 etniche straniere residenti in Trentino che propongono le loro pietanze e i loro cibi.<br \/>\nOgni giorno della manifestazione, dalle ore 17 in poi, i cuochi di Slow Food e le comunit\u00e0 si alternano per offrire pietanze diverse dalla merenda alla cena, con la proposta di un piatto trentino, uno etnico e l\u2019accompagnamento delle tipiche bevande da pasto delle varie parti del mondo. Ad allietare il tutto la musica, i balli e i canti di ogni comunit\u00e0 \u2013 con due spettacoli alle ore 21 e 22.30 &#8211; e un mercatino con i prodotti artigianali tipici dei rispettivi paesi di origine.<br \/>\nInfo<br \/>\n0464 431660<br \/>\n<a href=\"mailto:festival@orienteoccidente.it\">festival@orienteoccidente.it<\/a><br \/>\n<a href=\"http:\/\/www.orienteoccidente.it\">www.orienteoccidente.it<\/a><\/p>","protected":false},"excerpt":{"rendered":"<p>Il settembre trentino si arricchisce quest&#8217;anno con l&#8217;incontro tra arte e cultura materiale grazie alla collaborazione tra Oriente Occidente, il Festival che da quasi trent&#8217;anni indaga le nuove tendenze e il meglio della danza internazionale, e Slow Food Trentino. Il tutto per conoscere e lanciare uno sguardo sempre pi\u00f9 consapevole sugli Est e gli Ovest [&hellip;]<\/p>\n","protected":false},"author":2,"featured_media":0,"comment_status":"closed","ping_status":"open","sticky":false,"template":"","format":"standard","meta":{"footnotes":""},"categories":[3,25],"tags":[139],"class_list":["post-6394","post","type-post","status-publish","format-standard","category-arte-cultura-spettacoli-scienza-archivi","category-pausa-caffe","tag-belluno"],"yoast_head":"<!-- This site is optimized with the Yoast SEO plugin v28.4 - https:\/\/yoast.com\/product\/yoast-seo-wordpress\/ -->\n<title>Festival Oriente occidente e slow food: uno sguardo sul mondo attraverso la danza - Bellunopress - Dolomiti<\/title>\n<meta name=\"robots\" content=\"index, follow, max-snippet:-1, max-image-preview:large, max-video-preview:-1\" \/>\n<link rel=\"canonical\" href=\"https:\/\/www.bellunopress.it\/fr\/2009\/07\/26\/festival-oriente-occidente-e-slow-food-uno-sguardo-sul-mondo-attraverso-la-danza-e-le-tradizioni-agro-alimentari-nel-trentino\/\" \/>\n<meta property=\"og:locale\" content=\"fr_FR\" \/>\n<meta property=\"og:type\" content=\"article\" \/>\n<meta property=\"og:title\" content=\"Festival Oriente occidente e slow food: uno sguardo sul mondo attraverso la danza - Bellunopress - Dolomiti\" \/>\n<meta property=\"og:description\" content=\"Il settembre trentino si arricchisce quest&#8217;anno con l&#8217;incontro tra arte e cultura materiale grazie alla collaborazione tra Oriente Occidente, il Festival che da quasi trent&#8217;anni indaga le nuove tendenze e il meglio della danza internazionale, e Slow Food Trentino. Il tutto per conoscere e lanciare uno sguardo sempre pi\u00f9 consapevole sugli Est e gli Ovest [&hellip;]\" \/>\n<meta property=\"og:url\" content=\"https:\/\/www.bellunopress.it\/fr\/2009\/07\/26\/festival-oriente-occidente-e-slow-food-uno-sguardo-sul-mondo-attraverso-la-danza-e-le-tradizioni-agro-alimentari-nel-trentino\/\" \/>\n<meta property=\"og:site_name\" content=\"Bellunopress - Dolomiti\" \/>\n<meta property=\"article:publisher\" content=\"https:\/\/www.facebook.com\/profile.php?id=100008943462799\" \/>\n<meta property=\"article:published_time\" content=\"2009-07-26T08:43:37+00:00\" \/>\n<meta property=\"article:modified_time\" content=\"2009-07-26T09:49:25+00:00\" \/>\n<meta property=\"og:image\" content=\"http:\/\/www.bellunopress.it\/wp-content\/uploads\/2009\/07\/festival-oriente-occidente-trentino.jpg\" \/>\n<meta name=\"author\" content=\"redazione\" \/>\n<meta name=\"twitter:card\" content=\"summary_large_image\" \/>\n<meta name=\"twitter:creator\" content=\"@bellunopress\" \/>\n<meta name=\"twitter:site\" content=\"@bellunopress\" \/>\n<meta name=\"twitter:label1\" content=\"\u00c9crit par\" \/>\n\t<meta name=\"twitter:data1\" content=\"redazione\" \/>\n\t<meta name=\"twitter:label2\" content=\"Dur\u00e9e de lecture estim\u00e9e\" \/>\n\t<meta name=\"twitter:data2\" content=\"11 minutes\" \/>\n<script type=\"application\/ld+json\" class=\"yoast-schema-graph\">{\"@context\":\"https:\\\/\\\/schema.org\",\"@graph\":[{\"@type\":\"Article\",\"@id\":\"https:\\\/\\\/www.bellunopress.it\\\/2009\\\/07\\\/26\\\/festival-oriente-occidente-e-slow-food-uno-sguardo-sul-mondo-attraverso-la-danza-e-le-tradizioni-agro-alimentari-nel-trentino\\\/#article\",\"isPartOf\":{\"@id\":\"https:\\\/\\\/www.bellunopress.it\\\/2009\\\/07\\\/26\\\/festival-oriente-occidente-e-slow-food-uno-sguardo-sul-mondo-attraverso-la-danza-e-le-tradizioni-agro-alimentari-nel-trentino\\\/\"},\"author\":{\"name\":\"redazione\",\"@id\":\"https:\\\/\\\/www.bellunopress.it\\\/#\\\/schema\\\/person\\\/79bb06722b37ece1c03d3e94beb30d73\"},\"headline\":\"Festival Oriente occidente e slow food: uno sguardo sul mondo attraverso la danza\",\"datePublished\":\"2009-07-26T08:43:37+00:00\",\"dateModified\":\"2009-07-26T09:49:25+00:00\",\"mainEntityOfPage\":{\"@id\":\"https:\\\/\\\/www.bellunopress.it\\\/2009\\\/07\\\/26\\\/festival-oriente-occidente-e-slow-food-uno-sguardo-sul-mondo-attraverso-la-danza-e-le-tradizioni-agro-alimentari-nel-trentino\\\/\"},\"wordCount\":2253,\"publisher\":{\"@id\":\"https:\\\/\\\/www.bellunopress.it\\\/#organization\"},\"image\":{\"@id\":\"https:\\\/\\\/www.bellunopress.it\\\/2009\\\/07\\\/26\\\/festival-oriente-occidente-e-slow-food-uno-sguardo-sul-mondo-attraverso-la-danza-e-le-tradizioni-agro-alimentari-nel-trentino\\\/#primaryimage\"},\"thumbnailUrl\":\"http:\\\/\\\/www.bellunopress.it\\\/wp-content\\\/uploads\\\/2009\\\/07\\\/festival-oriente-occidente-trentino.jpg\",\"keywords\":[\"Belluno\"],\"articleSection\":[\"Arte, Cultura, Spettacoli, Scienza\",\"Pausa Caff\u00e8\"],\"inLanguage\":\"fr-FR\"},{\"@type\":\"WebPage\",\"@id\":\"https:\\\/\\\/www.bellunopress.it\\\/2009\\\/07\\\/26\\\/festival-oriente-occidente-e-slow-food-uno-sguardo-sul-mondo-attraverso-la-danza-e-le-tradizioni-agro-alimentari-nel-trentino\\\/\",\"url\":\"https:\\\/\\\/www.bellunopress.it\\\/2009\\\/07\\\/26\\\/festival-oriente-occidente-e-slow-food-uno-sguardo-sul-mondo-attraverso-la-danza-e-le-tradizioni-agro-alimentari-nel-trentino\\\/\",\"name\":\"Festival Oriente occidente e slow food: uno sguardo sul mondo attraverso la danza - Bellunopress - Dolomiti\",\"isPartOf\":{\"@id\":\"https:\\\/\\\/www.bellunopress.it\\\/#website\"},\"primaryImageOfPage\":{\"@id\":\"https:\\\/\\\/www.bellunopress.it\\\/2009\\\/07\\\/26\\\/festival-oriente-occidente-e-slow-food-uno-sguardo-sul-mondo-attraverso-la-danza-e-le-tradizioni-agro-alimentari-nel-trentino\\\/#primaryimage\"},\"image\":{\"@id\":\"https:\\\/\\\/www.bellunopress.it\\\/2009\\\/07\\\/26\\\/festival-oriente-occidente-e-slow-food-uno-sguardo-sul-mondo-attraverso-la-danza-e-le-tradizioni-agro-alimentari-nel-trentino\\\/#primaryimage\"},\"thumbnailUrl\":\"http:\\\/\\\/www.bellunopress.it\\\/wp-content\\\/uploads\\\/2009\\\/07\\\/festival-oriente-occidente-trentino.jpg\",\"datePublished\":\"2009-07-26T08:43:37+00:00\",\"dateModified\":\"2009-07-26T09:49:25+00:00\",\"breadcrumb\":{\"@id\":\"https:\\\/\\\/www.bellunopress.it\\\/2009\\\/07\\\/26\\\/festival-oriente-occidente-e-slow-food-uno-sguardo-sul-mondo-attraverso-la-danza-e-le-tradizioni-agro-alimentari-nel-trentino\\\/#breadcrumb\"},\"inLanguage\":\"fr-FR\",\"potentialAction\":[{\"@type\":\"ReadAction\",\"target\":[\"https:\\\/\\\/www.bellunopress.it\\\/2009\\\/07\\\/26\\\/festival-oriente-occidente-e-slow-food-uno-sguardo-sul-mondo-attraverso-la-danza-e-le-tradizioni-agro-alimentari-nel-trentino\\\/\"]}]},{\"@type\":\"ImageObject\",\"inLanguage\":\"fr-FR\",\"@id\":\"https:\\\/\\\/www.bellunopress.it\\\/2009\\\/07\\\/26\\\/festival-oriente-occidente-e-slow-food-uno-sguardo-sul-mondo-attraverso-la-danza-e-le-tradizioni-agro-alimentari-nel-trentino\\\/#primaryimage\",\"url\":\"http:\\\/\\\/www.bellunopress.it\\\/wp-content\\\/uploads\\\/2009\\\/07\\\/festival-oriente-occidente-trentino.jpg\",\"contentUrl\":\"http:\\\/\\\/www.bellunopress.it\\\/wp-content\\\/uploads\\\/2009\\\/07\\\/festival-oriente-occidente-trentino.jpg\"},{\"@type\":\"BreadcrumbList\",\"@id\":\"https:\\\/\\\/www.bellunopress.it\\\/2009\\\/07\\\/26\\\/festival-oriente-occidente-e-slow-food-uno-sguardo-sul-mondo-attraverso-la-danza-e-le-tradizioni-agro-alimentari-nel-trentino\\\/#breadcrumb\",\"itemListElement\":[{\"@type\":\"ListItem\",\"position\":1,\"name\":\"Home\",\"item\":\"https:\\\/\\\/www.bellunopress.it\\\/\"},{\"@type\":\"ListItem\",\"position\":2,\"name\":\"Festival Oriente occidente e slow food: uno sguardo sul mondo attraverso la danza\"}]},{\"@type\":\"WebSite\",\"@id\":\"https:\\\/\\\/www.bellunopress.it\\\/#website\",\"url\":\"https:\\\/\\\/www.bellunopress.it\\\/\",\"name\":\"Bellunopress - Dolomiti\",\"description\":\"e-mail: redazione@bellunopress.it\",\"publisher\":{\"@id\":\"https:\\\/\\\/www.bellunopress.it\\\/#organization\"},\"potentialAction\":[{\"@type\":\"SearchAction\",\"target\":{\"@type\":\"EntryPoint\",\"urlTemplate\":\"https:\\\/\\\/www.bellunopress.it\\\/?s={search_term_string}\"},\"query-input\":{\"@type\":\"PropertyValueSpecification\",\"valueRequired\":true,\"valueName\":\"search_term_string\"}}],\"inLanguage\":\"fr-FR\"},{\"@type\":\"Organization\",\"@id\":\"https:\\\/\\\/www.bellunopress.it\\\/#organization\",\"name\":\"Bellunopress\",\"url\":\"https:\\\/\\\/www.bellunopress.it\\\/\",\"logo\":{\"@type\":\"ImageObject\",\"inLanguage\":\"fr-FR\",\"@id\":\"https:\\\/\\\/www.bellunopress.it\\\/#\\\/schema\\\/logo\\\/image\\\/\",\"url\":\"https:\\\/\\\/www.bellunopress.it\\\/wp-content\\\/uploads\\\/2011\\\/05\\\/cropped-logo-bellunopress-.jpg\",\"contentUrl\":\"https:\\\/\\\/www.bellunopress.it\\\/wp-content\\\/uploads\\\/2011\\\/05\\\/cropped-logo-bellunopress-.jpg\",\"width\":512,\"height\":512,\"caption\":\"Bellunopress\"},\"image\":{\"@id\":\"https:\\\/\\\/www.bellunopress.it\\\/#\\\/schema\\\/logo\\\/image\\\/\"},\"sameAs\":[\"https:\\\/\\\/www.facebook.com\\\/profile.php?id=100008943462799\",\"https:\\\/\\\/x.com\\\/bellunopress\",\"https:\\\/\\\/www.linkedin.com\\\/hp\\\/?dnr=JBzUWaJfMUw8vbXJJ2tVW5-I3jZKvC4wsoxE&amp;amp;amp;amp;amp;amp;trk=nav_responsive_tab_home\",\"https:\\\/\\\/www.youtube.com\\\/channel\\\/UCxL0wu1uN0_3_7hGG0306cw\"]},{\"@type\":\"Person\",\"@id\":\"https:\\\/\\\/www.bellunopress.it\\\/#\\\/schema\\\/person\\\/79bb06722b37ece1c03d3e94beb30d73\",\"name\":\"redazione\",\"image\":{\"@type\":\"ImageObject\",\"inLanguage\":\"fr-FR\",\"@id\":\"https:\\\/\\\/secure.gravatar.com\\\/avatar\\\/37d968a2e67a6fd04c169c4bdef102d0bc5d31b2546345219e348575eb80e9a0?s=96&d=mm&r=g\",\"url\":\"https:\\\/\\\/secure.gravatar.com\\\/avatar\\\/37d968a2e67a6fd04c169c4bdef102d0bc5d31b2546345219e348575eb80e9a0?s=96&d=mm&r=g\",\"contentUrl\":\"https:\\\/\\\/secure.gravatar.com\\\/avatar\\\/37d968a2e67a6fd04c169c4bdef102d0bc5d31b2546345219e348575eb80e9a0?s=96&d=mm&r=g\",\"caption\":\"redazione\"},\"sameAs\":[\"http:\\\/\\\/www.bellunopress.it\",\"https:\\\/\\\/x.com\\\/bellunopress\"],\"url\":\"https:\\\/\\\/www.bellunopress.it\\\/fr\\\/author\\\/redazione\\\/\"}]}<\/script>\n<!-- \/ Yoast SEO plugin. -->","yoast_head_json":{"title":"Festival Oriente occidente e slow food: uno sguardo sul mondo attraverso la danza - Bellunopress - Dolomiti","robots":{"index":"index","follow":"follow","max-snippet":"max-snippet:-1","max-image-preview":"max-image-preview:large","max-video-preview":"max-video-preview:-1"},"canonical":"https:\/\/www.bellunopress.it\/fr\/2009\/07\/26\/festival-oriente-occidente-e-slow-food-uno-sguardo-sul-mondo-attraverso-la-danza-e-le-tradizioni-agro-alimentari-nel-trentino\/","og_locale":"fr_FR","og_type":"article","og_title":"Festival Oriente occidente e slow food: uno sguardo sul mondo attraverso la danza - Bellunopress - Dolomiti","og_description":"Il settembre trentino si arricchisce quest&#8217;anno con l&#8217;incontro tra arte e cultura materiale grazie alla collaborazione tra Oriente Occidente, il Festival che da quasi trent&#8217;anni indaga le nuove tendenze e il meglio della danza internazionale, e Slow Food Trentino. Il tutto per conoscere e lanciare uno sguardo sempre pi\u00f9 consapevole sugli Est e gli Ovest [&hellip;]","og_url":"https:\/\/www.bellunopress.it\/fr\/2009\/07\/26\/festival-oriente-occidente-e-slow-food-uno-sguardo-sul-mondo-attraverso-la-danza-e-le-tradizioni-agro-alimentari-nel-trentino\/","og_site_name":"Bellunopress - Dolomiti","article_publisher":"https:\/\/www.facebook.com\/profile.php?id=100008943462799","article_published_time":"2009-07-26T08:43:37+00:00","article_modified_time":"2009-07-26T09:49:25+00:00","og_image":[{"url":"http:\/\/www.bellunopress.it\/wp-content\/uploads\/2009\/07\/festival-oriente-occidente-trentino.jpg","type":"","width":"","height":""}],"author":"redazione","twitter_card":"summary_large_image","twitter_creator":"@bellunopress","twitter_site":"@bellunopress","twitter_misc":{"\u00c9crit par":"redazione","Dur\u00e9e de lecture estim\u00e9e":"11 minutes"},"schema":{"@context":"https:\/\/schema.org","@graph":[{"@type":"Article","@id":"https:\/\/www.bellunopress.it\/2009\/07\/26\/festival-oriente-occidente-e-slow-food-uno-sguardo-sul-mondo-attraverso-la-danza-e-le-tradizioni-agro-alimentari-nel-trentino\/#article","isPartOf":{"@id":"https:\/\/www.bellunopress.it\/2009\/07\/26\/festival-oriente-occidente-e-slow-food-uno-sguardo-sul-mondo-attraverso-la-danza-e-le-tradizioni-agro-alimentari-nel-trentino\/"},"author":{"name":"redazione","@id":"https:\/\/www.bellunopress.it\/#\/schema\/person\/79bb06722b37ece1c03d3e94beb30d73"},"headline":"Festival Oriente occidente e slow food: uno sguardo sul mondo attraverso la danza","datePublished":"2009-07-26T08:43:37+00:00","dateModified":"2009-07-26T09:49:25+00:00","mainEntityOfPage":{"@id":"https:\/\/www.bellunopress.it\/2009\/07\/26\/festival-oriente-occidente-e-slow-food-uno-sguardo-sul-mondo-attraverso-la-danza-e-le-tradizioni-agro-alimentari-nel-trentino\/"},"wordCount":2253,"publisher":{"@id":"https:\/\/www.bellunopress.it\/#organization"},"image":{"@id":"https:\/\/www.bellunopress.it\/2009\/07\/26\/festival-oriente-occidente-e-slow-food-uno-sguardo-sul-mondo-attraverso-la-danza-e-le-tradizioni-agro-alimentari-nel-trentino\/#primaryimage"},"thumbnailUrl":"http:\/\/www.bellunopress.it\/wp-content\/uploads\/2009\/07\/festival-oriente-occidente-trentino.jpg","keywords":["Belluno"],"articleSection":["Arte, Cultura, Spettacoli, Scienza","Pausa Caff\u00e8"],"inLanguage":"fr-FR"},{"@type":"WebPage","@id":"https:\/\/www.bellunopress.it\/2009\/07\/26\/festival-oriente-occidente-e-slow-food-uno-sguardo-sul-mondo-attraverso-la-danza-e-le-tradizioni-agro-alimentari-nel-trentino\/","url":"https:\/\/www.bellunopress.it\/2009\/07\/26\/festival-oriente-occidente-e-slow-food-uno-sguardo-sul-mondo-attraverso-la-danza-e-le-tradizioni-agro-alimentari-nel-trentino\/","name":"Festival Oriente occidente e slow food: uno sguardo sul mondo attraverso la danza - Bellunopress - Dolomiti","isPartOf":{"@id":"https:\/\/www.bellunopress.it\/#website"},"primaryImageOfPage":{"@id":"https:\/\/www.bellunopress.it\/2009\/07\/26\/festival-oriente-occidente-e-slow-food-uno-sguardo-sul-mondo-attraverso-la-danza-e-le-tradizioni-agro-alimentari-nel-trentino\/#primaryimage"},"image":{"@id":"https:\/\/www.bellunopress.it\/2009\/07\/26\/festival-oriente-occidente-e-slow-food-uno-sguardo-sul-mondo-attraverso-la-danza-e-le-tradizioni-agro-alimentari-nel-trentino\/#primaryimage"},"thumbnailUrl":"http:\/\/www.bellunopress.it\/wp-content\/uploads\/2009\/07\/festival-oriente-occidente-trentino.jpg","datePublished":"2009-07-26T08:43:37+00:00","dateModified":"2009-07-26T09:49:25+00:00","breadcrumb":{"@id":"https:\/\/www.bellunopress.it\/2009\/07\/26\/festival-oriente-occidente-e-slow-food-uno-sguardo-sul-mondo-attraverso-la-danza-e-le-tradizioni-agro-alimentari-nel-trentino\/#breadcrumb"},"inLanguage":"fr-FR","potentialAction":[{"@type":"ReadAction","target":["https:\/\/www.bellunopress.it\/2009\/07\/26\/festival-oriente-occidente-e-slow-food-uno-sguardo-sul-mondo-attraverso-la-danza-e-le-tradizioni-agro-alimentari-nel-trentino\/"]}]},{"@type":"ImageObject","inLanguage":"fr-FR","@id":"https:\/\/www.bellunopress.it\/2009\/07\/26\/festival-oriente-occidente-e-slow-food-uno-sguardo-sul-mondo-attraverso-la-danza-e-le-tradizioni-agro-alimentari-nel-trentino\/#primaryimage","url":"http:\/\/www.bellunopress.it\/wp-content\/uploads\/2009\/07\/festival-oriente-occidente-trentino.jpg","contentUrl":"http:\/\/www.bellunopress.it\/wp-content\/uploads\/2009\/07\/festival-oriente-occidente-trentino.jpg"},{"@type":"BreadcrumbList","@id":"https:\/\/www.bellunopress.it\/2009\/07\/26\/festival-oriente-occidente-e-slow-food-uno-sguardo-sul-mondo-attraverso-la-danza-e-le-tradizioni-agro-alimentari-nel-trentino\/#breadcrumb","itemListElement":[{"@type":"ListItem","position":1,"name":"Home","item":"https:\/\/www.bellunopress.it\/"},{"@type":"ListItem","position":2,"name":"Festival Oriente occidente e slow food: uno sguardo sul mondo attraverso la danza"}]},{"@type":"WebSite","@id":"https:\/\/www.bellunopress.it\/#website","url":"https:\/\/www.bellunopress.it\/","name":"Bellunopress - Dolomiti","description":"e-mail: redazione@bellunopress.it","publisher":{"@id":"https:\/\/www.bellunopress.it\/#organization"},"potentialAction":[{"@type":"SearchAction","target":{"@type":"EntryPoint","urlTemplate":"https:\/\/www.bellunopress.it\/?s={search_term_string}"},"query-input":{"@type":"PropertyValueSpecification","valueRequired":true,"valueName":"search_term_string"}}],"inLanguage":"fr-FR"},{"@type":"Organization","@id":"https:\/\/www.bellunopress.it\/#organization","name":"Bellunopress","url":"https:\/\/www.bellunopress.it\/","logo":{"@type":"ImageObject","inLanguage":"fr-FR","@id":"https:\/\/www.bellunopress.it\/#\/schema\/logo\/image\/","url":"https:\/\/www.bellunopress.it\/wp-content\/uploads\/2011\/05\/cropped-logo-bellunopress-.jpg","contentUrl":"https:\/\/www.bellunopress.it\/wp-content\/uploads\/2011\/05\/cropped-logo-bellunopress-.jpg","width":512,"height":512,"caption":"Bellunopress"},"image":{"@id":"https:\/\/www.bellunopress.it\/#\/schema\/logo\/image\/"},"sameAs":["https:\/\/www.facebook.com\/profile.php?id=100008943462799","https:\/\/x.com\/bellunopress","https:\/\/www.linkedin.com\/hp\/?dnr=JBzUWaJfMUw8vbXJJ2tVW5-I3jZKvC4wsoxE&amp;amp;amp;amp;amp;amp;trk=nav_responsive_tab_home","https:\/\/www.youtube.com\/channel\/UCxL0wu1uN0_3_7hGG0306cw"]},{"@type":"Person","@id":"https:\/\/www.bellunopress.it\/#\/schema\/person\/79bb06722b37ece1c03d3e94beb30d73","name":"r\u00e9daction","image":{"@type":"ImageObject","inLanguage":"fr-FR","@id":"https:\/\/secure.gravatar.com\/avatar\/37d968a2e67a6fd04c169c4bdef102d0bc5d31b2546345219e348575eb80e9a0?s=96&d=mm&r=g","url":"https:\/\/secure.gravatar.com\/avatar\/37d968a2e67a6fd04c169c4bdef102d0bc5d31b2546345219e348575eb80e9a0?s=96&d=mm&r=g","contentUrl":"https:\/\/secure.gravatar.com\/avatar\/37d968a2e67a6fd04c169c4bdef102d0bc5d31b2546345219e348575eb80e9a0?s=96&d=mm&r=g","caption":"redazione"},"sameAs":["http:\/\/www.bellunopress.it","https:\/\/x.com\/bellunopress"],"url":"https:\/\/www.bellunopress.it\/fr\/author\/redazione\/"}]}},"_links":{"self":[{"href":"https:\/\/www.bellunopress.it\/fr\/wp-json\/wp\/v2\/posts\/6394","targetHints":{"allow":["GET"]}}],"collection":[{"href":"https:\/\/www.bellunopress.it\/fr\/wp-json\/wp\/v2\/posts"}],"about":[{"href":"https:\/\/www.bellunopress.it\/fr\/wp-json\/wp\/v2\/types\/post"}],"author":[{"embeddable":true,"href":"https:\/\/www.bellunopress.it\/fr\/wp-json\/wp\/v2\/users\/2"}],"replies":[{"embeddable":true,"href":"https:\/\/www.bellunopress.it\/fr\/wp-json\/wp\/v2\/comments?post=6394"}],"version-history":[{"count":3,"href":"https:\/\/www.bellunopress.it\/fr\/wp-json\/wp\/v2\/posts\/6394\/revisions"}],"predecessor-version":[{"id":6397,"href":"https:\/\/www.bellunopress.it\/fr\/wp-json\/wp\/v2\/posts\/6394\/revisions\/6397"}],"wp:attachment":[{"href":"https:\/\/www.bellunopress.it\/fr\/wp-json\/wp\/v2\/media?parent=6394"}],"wp:term":[{"taxonomy":"category","embeddable":true,"href":"https:\/\/www.bellunopress.it\/fr\/wp-json\/wp\/v2\/categories?post=6394"},{"taxonomy":"post_tag","embeddable":true,"href":"https:\/\/www.bellunopress.it\/fr\/wp-json\/wp\/v2\/tags?post=6394"}],"curies":[{"name":"wp","href":"https:\/\/api.w.org\/{rel}","templated":true}]}}