{"id":6380,"date":"2009-07-26T06:58:46","date_gmt":"2009-07-26T05:58:46","guid":{"rendered":"http:\/\/www.bellunopress.it\/?p=6380"},"modified":"2009-07-26T06:58:46","modified_gmt":"2009-07-26T05:58:46","slug":"stretta-di-mano-tra-il-sindaco-di-cortina-andrea-franceschi-e-il-presidente-della-fiorentina-andrea-della-valle-per-il-primo-anno-di-partnership-tra-la-societa-viola-e-la-regina-delle-dolomiti","status":"publish","type":"post","link":"https:\/\/www.bellunopress.it\/fr\/2009\/07\/26\/stretta-di-mano-tra-il-sindaco-di-cortina-andrea-franceschi-e-il-presidente-della-fiorentina-andrea-della-valle-per-il-primo-anno-di-partnership-tra-la-societa-viola-e-la-regina-delle-dolomiti\/","title":{"rendered":"Stretta di mano tra il sindaco di Cortina Andrea Franceschi e il presidente della Fiorentina Andrea Della Valle per il primo anno di partnership tra la Societ\u00e0 Viola e la Regina delle Dolomiti"},"content":{"rendered":"<p><a href=\"http:\/\/www.bellunopress.it\/wp-content\/uploads\/2009\/07\/della-valle-franceschi.jpg\"><img loading=\"lazy\" decoding=\"async\" class=\"alignleft size-medium wp-image-6381\" title=\"della-valle-franceschi\" src=\"http:\/\/www.bellunopress.it\/wp-content\/uploads\/2009\/07\/della-valle-franceschi.jpg\" alt=\"\" width=\"280\" height=\"174\" \/><\/a>Grande soddisfazione al Centro Sportivo A. De Rigo di Fiames che per dieci giorni ha ospitato ha ospitato il ritiro della Fiorentina a Cortina d\u2019Ampezzo, che per la prima volta ha accolto una squadra di Serie A tra le Dolomiti, recentemente dichiarate patrimonio naturale dell\u2019Umanit\u00e0 Unesco. La conferenza stampa, convocata per sancire la partnership di successo tra la societ\u00e0 Viola e la Regina delle Dolomiti, ha visto salire sul palco dei relatori due protagonisti d\u2019eccezione, il Sindaco di Cortina, Andrea Franceschi, e il Presidente della Fiorentina Andrea Della Valle. \u201cI tifosi della Fiorentina sono stati degli ospiti perfetti. Il giudizio su questo ritiro \u00e8 molto positivo. \u2013 ha esordito Franceschi &#8211;\u00a0 Qualche perplessit\u00e0 che poteva esserci da una parte o dall\u2019altra \u00e8 stata abbondantemente risolta. Abbiamo un accordo anche per il 2010 e ci troveremo per mettere appunto eventuali dettagli gi\u00e0 da quando si chiuder\u00e0 questo ritiro\u201d. Ho visto la squadra e lo staff veramente entusiasti di questa esperienza a Cortina. Il tecnico Cesare Prandelli ha espresso un giudizio molto positivo sull\u2019accoglienza e le strutture. Quindi come Fiorentina vogliamo dire grazie a Cortina d\u2019Ampezzo\u201d, le parole del Presidente Andrea Della Valle. \u201cParlando di Fiorentina \u2013 ha proseguito Della Valle &#8211; ribadisco solo che l\u2019ambiente di questa squadra mi ha dato subito un\u2019impressione molto positiva. Non voglio essere troppo ottimista ma dico che questo gruppo \u00e8 partito veramente bene. Ho visto concentrazione ed entusiasmo. Credo che questa stagione parta sotto una buona stella. Nel calcio come nella vita non si vive di rendita quindi l\u2019asticella delle prestazioni si alza per tutti. Dobbiamo dare il massimo fin dall\u2019inizio e trovare la forma migliore in una decina di giorni\u201d. Il ritiro della Fiorentina si chiuder\u00e0 ufficialmente domenica 26 luglio, ma un ultimo appuntamento per allietare abbonati, tifosi, turisti e valligiani \u00e8 in programma sabato 25 luglio alle 17.30 quando i giocatori della Fiorentina affronteranno in amichevole la squadra del Belluno Calcio. I biglietti sono in vendita a \u20ac 10,00 presso l\u2019info point di piazza Roma (di fronte all\u2019Hotel de la Poste &#8211; 0436\/869086). Tutti i bambini al di sotto dei 5 anni potranno assistere gratuitamente alle partite. I biglietti saranno in vendita sino alla serata antecedente le partite, mentre il giorno delle partite potranno essere acquistati presso la biglietteria del campo a partire dalle ore 14.00 e fino ad esaurimento. Per facilitare i trasporti da Cortina al Centro Sportivo \u00e8 stato intensificato il servizio di autobus urbani. Per i tifosi in possesso della speciale viola card, i servizi pubblici sono gratuiti.<br \/>\ninfo: 0436\/869086 <a href=\"http:\/\/www.cortina.dolomiti.org\/Fiorentina\">www.cortina.dolomiti.org\/Fiorentina<\/a><\/p>","protected":false},"excerpt":{"rendered":"<p>Grande soddisfazione al Centro Sportivo A. De Rigo di Fiames che per dieci giorni ha ospitato ha ospitato il ritiro della Fiorentina a Cortina d\u2019Ampezzo, che per la prima volta ha accolto una squadra di Serie A tra le Dolomiti, recentemente dichiarate patrimonio naturale dell\u2019Umanit\u00e0 Unesco. La conferenza stampa, convocata per sancire la partnership di [&hellip;]<\/p>\n","protected":false},"author":2,"featured_media":0,"comment_status":"closed","ping_status":"open","sticky":false,"template":"","format":"standard","meta":{"footnotes":""},"categories":[4],"tags":[139,63],"class_list":["post-6380","post","type-post","status-publish","format-standard","category-sport","tag-belluno","tag-dolomiti"],"yoast_head":"<!-- This site is optimized with the Yoast SEO plugin v28.4 - https:\/\/yoast.com\/product\/yoast-seo-wordpress\/ -->\n<title>Stretta di mano tra il sindaco di Cortina Andrea Franceschi e il presidente della Fiorentina Andrea Della Valle per il primo anno di partnership tra la Societ\u00e0 Viola e la Regina delle Dolomiti - Bellunopress - Dolomiti<\/title>\n<meta name=\"robots\" content=\"index, follow, max-snippet:-1, max-image-preview:large, max-video-preview:-1\" \/>\n<link rel=\"canonical\" href=\"https:\/\/www.bellunopress.it\/fr\/2009\/07\/26\/stretta-di-mano-tra-il-sindaco-di-cortina-andrea-franceschi-e-il-presidente-della-fiorentina-andrea-della-valle-per-il-primo-anno-di-partnership-tra-la-societa-viola-e-la-regina-delle-dolomiti\/\" \/>\n<meta property=\"og:locale\" content=\"fr_FR\" \/>\n<meta property=\"og:type\" content=\"article\" \/>\n<meta property=\"og:title\" content=\"Stretta di mano tra il sindaco di Cortina Andrea Franceschi e il presidente della Fiorentina Andrea Della Valle per il primo anno di partnership tra la Societ\u00e0 Viola e la Regina delle Dolomiti - Bellunopress - Dolomiti\" \/>\n<meta property=\"og:description\" content=\"Grande soddisfazione al Centro Sportivo A. De Rigo di Fiames che per dieci giorni ha ospitato ha ospitato il ritiro della Fiorentina a Cortina d\u2019Ampezzo, che per la prima volta ha accolto una squadra di Serie A tra le Dolomiti, recentemente dichiarate patrimonio naturale dell\u2019Umanit\u00e0 Unesco. La conferenza stampa, convocata per sancire la partnership di [&hellip;]\" \/>\n<meta property=\"og:url\" content=\"https:\/\/www.bellunopress.it\/fr\/2009\/07\/26\/stretta-di-mano-tra-il-sindaco-di-cortina-andrea-franceschi-e-il-presidente-della-fiorentina-andrea-della-valle-per-il-primo-anno-di-partnership-tra-la-societa-viola-e-la-regina-delle-dolomiti\/\" \/>\n<meta property=\"og:site_name\" content=\"Bellunopress - Dolomiti\" \/>\n<meta property=\"article:publisher\" content=\"https:\/\/www.facebook.com\/profile.php?id=100008943462799\" \/>\n<meta property=\"article:published_time\" content=\"2009-07-26T05:58:46+00:00\" \/>\n<meta property=\"og:image\" content=\"http:\/\/www.bellunopress.it\/wp-content\/uploads\/2009\/07\/della-valle-franceschi.jpg\" \/>\n<meta name=\"author\" content=\"redazione\" \/>\n<meta name=\"twitter:card\" content=\"summary_large_image\" \/>\n<meta name=\"twitter:creator\" content=\"@bellunopress\" \/>\n<meta name=\"twitter:site\" content=\"@bellunopress\" \/>\n<meta name=\"twitter:label1\" content=\"\u00c9crit par\" \/>\n\t<meta name=\"twitter:data1\" content=\"redazione\" \/>\n\t<meta name=\"twitter:label2\" content=\"Dur\u00e9e de lecture estim\u00e9e\" \/>\n\t<meta name=\"twitter:data2\" content=\"2 minutes\" \/>\n<script type=\"application\/ld+json\" class=\"yoast-schema-graph\">{\"@context\":\"https:\\\/\\\/schema.org\",\"@graph\":[{\"@type\":\"Article\",\"@id\":\"https:\\\/\\\/www.bellunopress.it\\\/2009\\\/07\\\/26\\\/stretta-di-mano-tra-il-sindaco-di-cortina-andrea-franceschi-e-il-presidente-della-fiorentina-andrea-della-valle-per-il-primo-anno-di-partnership-tra-la-societa-viola-e-la-regina-delle-dolomiti\\\/#article\",\"isPartOf\":{\"@id\":\"https:\\\/\\\/www.bellunopress.it\\\/2009\\\/07\\\/26\\\/stretta-di-mano-tra-il-sindaco-di-cortina-andrea-franceschi-e-il-presidente-della-fiorentina-andrea-della-valle-per-il-primo-anno-di-partnership-tra-la-societa-viola-e-la-regina-delle-dolomiti\\\/\"},\"author\":{\"name\":\"redazione\",\"@id\":\"https:\\\/\\\/www.bellunopress.it\\\/#\\\/schema\\\/person\\\/79bb06722b37ece1c03d3e94beb30d73\"},\"headline\":\"Stretta di mano tra il sindaco di Cortina Andrea Franceschi e il presidente della Fiorentina Andrea Della Valle per il primo anno di partnership tra la Societ\u00e0 Viola e la Regina delle Dolomiti\",\"datePublished\":\"2009-07-26T05:58:46+00:00\",\"mainEntityOfPage\":{\"@id\":\"https:\\\/\\\/www.bellunopress.it\\\/2009\\\/07\\\/26\\\/stretta-di-mano-tra-il-sindaco-di-cortina-andrea-franceschi-e-il-presidente-della-fiorentina-andrea-della-valle-per-il-primo-anno-di-partnership-tra-la-societa-viola-e-la-regina-delle-dolomiti\\\/\"},\"wordCount\":453,\"publisher\":{\"@id\":\"https:\\\/\\\/www.bellunopress.it\\\/#organization\"},\"image\":{\"@id\":\"https:\\\/\\\/www.bellunopress.it\\\/2009\\\/07\\\/26\\\/stretta-di-mano-tra-il-sindaco-di-cortina-andrea-franceschi-e-il-presidente-della-fiorentina-andrea-della-valle-per-il-primo-anno-di-partnership-tra-la-societa-viola-e-la-regina-delle-dolomiti\\\/#primaryimage\"},\"thumbnailUrl\":\"http:\\\/\\\/www.bellunopress.it\\\/wp-content\\\/uploads\\\/2009\\\/07\\\/della-valle-franceschi.jpg\",\"keywords\":[\"Belluno\",\"Dolomiti\"],\"articleSection\":[\"Sport, tempo libero\"],\"inLanguage\":\"fr-FR\"},{\"@type\":\"WebPage\",\"@id\":\"https:\\\/\\\/www.bellunopress.it\\\/2009\\\/07\\\/26\\\/stretta-di-mano-tra-il-sindaco-di-cortina-andrea-franceschi-e-il-presidente-della-fiorentina-andrea-della-valle-per-il-primo-anno-di-partnership-tra-la-societa-viola-e-la-regina-delle-dolomiti\\\/\",\"url\":\"https:\\\/\\\/www.bellunopress.it\\\/2009\\\/07\\\/26\\\/stretta-di-mano-tra-il-sindaco-di-cortina-andrea-franceschi-e-il-presidente-della-fiorentina-andrea-della-valle-per-il-primo-anno-di-partnership-tra-la-societa-viola-e-la-regina-delle-dolomiti\\\/\",\"name\":\"Stretta di mano tra il sindaco di Cortina Andrea Franceschi e il presidente della Fiorentina Andrea Della Valle per il primo anno di partnership tra la Societ\u00e0 Viola e la Regina delle Dolomiti - Bellunopress - Dolomiti\",\"isPartOf\":{\"@id\":\"https:\\\/\\\/www.bellunopress.it\\\/#website\"},\"primaryImageOfPage\":{\"@id\":\"https:\\\/\\\/www.bellunopress.it\\\/2009\\\/07\\\/26\\\/stretta-di-mano-tra-il-sindaco-di-cortina-andrea-franceschi-e-il-presidente-della-fiorentina-andrea-della-valle-per-il-primo-anno-di-partnership-tra-la-societa-viola-e-la-regina-delle-dolomiti\\\/#primaryimage\"},\"image\":{\"@id\":\"https:\\\/\\\/www.bellunopress.it\\\/2009\\\/07\\\/26\\\/stretta-di-mano-tra-il-sindaco-di-cortina-andrea-franceschi-e-il-presidente-della-fiorentina-andrea-della-valle-per-il-primo-anno-di-partnership-tra-la-societa-viola-e-la-regina-delle-dolomiti\\\/#primaryimage\"},\"thumbnailUrl\":\"http:\\\/\\\/www.bellunopress.it\\\/wp-content\\\/uploads\\\/2009\\\/07\\\/della-valle-franceschi.jpg\",\"datePublished\":\"2009-07-26T05:58:46+00:00\",\"breadcrumb\":{\"@id\":\"https:\\\/\\\/www.bellunopress.it\\\/2009\\\/07\\\/26\\\/stretta-di-mano-tra-il-sindaco-di-cortina-andrea-franceschi-e-il-presidente-della-fiorentina-andrea-della-valle-per-il-primo-anno-di-partnership-tra-la-societa-viola-e-la-regina-delle-dolomiti\\\/#breadcrumb\"},\"inLanguage\":\"fr-FR\",\"potentialAction\":[{\"@type\":\"ReadAction\",\"target\":[\"https:\\\/\\\/www.bellunopress.it\\\/2009\\\/07\\\/26\\\/stretta-di-mano-tra-il-sindaco-di-cortina-andrea-franceschi-e-il-presidente-della-fiorentina-andrea-della-valle-per-il-primo-anno-di-partnership-tra-la-societa-viola-e-la-regina-delle-dolomiti\\\/\"]}]},{\"@type\":\"ImageObject\",\"inLanguage\":\"fr-FR\",\"@id\":\"https:\\\/\\\/www.bellunopress.it\\\/2009\\\/07\\\/26\\\/stretta-di-mano-tra-il-sindaco-di-cortina-andrea-franceschi-e-il-presidente-della-fiorentina-andrea-della-valle-per-il-primo-anno-di-partnership-tra-la-societa-viola-e-la-regina-delle-dolomiti\\\/#primaryimage\",\"url\":\"http:\\\/\\\/www.bellunopress.it\\\/wp-content\\\/uploads\\\/2009\\\/07\\\/della-valle-franceschi.jpg\",\"contentUrl\":\"http:\\\/\\\/www.bellunopress.it\\\/wp-content\\\/uploads\\\/2009\\\/07\\\/della-valle-franceschi.jpg\"},{\"@type\":\"BreadcrumbList\",\"@id\":\"https:\\\/\\\/www.bellunopress.it\\\/2009\\\/07\\\/26\\\/stretta-di-mano-tra-il-sindaco-di-cortina-andrea-franceschi-e-il-presidente-della-fiorentina-andrea-della-valle-per-il-primo-anno-di-partnership-tra-la-societa-viola-e-la-regina-delle-dolomiti\\\/#breadcrumb\",\"itemListElement\":[{\"@type\":\"ListItem\",\"position\":1,\"name\":\"Home\",\"item\":\"https:\\\/\\\/www.bellunopress.it\\\/\"},{\"@type\":\"ListItem\",\"position\":2,\"name\":\"Stretta di mano tra il sindaco di Cortina Andrea Franceschi e il presidente della Fiorentina Andrea Della Valle per il primo anno di partnership tra la Societ\u00e0 Viola e la Regina delle Dolomiti\"}]},{\"@type\":\"WebSite\",\"@id\":\"https:\\\/\\\/www.bellunopress.it\\\/#website\",\"url\":\"https:\\\/\\\/www.bellunopress.it\\\/\",\"name\":\"Bellunopress - Dolomiti\",\"description\":\"e-mail: redazione@bellunopress.it\",\"publisher\":{\"@id\":\"https:\\\/\\\/www.bellunopress.it\\\/#organization\"},\"potentialAction\":[{\"@type\":\"SearchAction\",\"target\":{\"@type\":\"EntryPoint\",\"urlTemplate\":\"https:\\\/\\\/www.bellunopress.it\\\/?s={search_term_string}\"},\"query-input\":{\"@type\":\"PropertyValueSpecification\",\"valueRequired\":true,\"valueName\":\"search_term_string\"}}],\"inLanguage\":\"fr-FR\"},{\"@type\":\"Organization\",\"@id\":\"https:\\\/\\\/www.bellunopress.it\\\/#organization\",\"name\":\"Bellunopress\",\"url\":\"https:\\\/\\\/www.bellunopress.it\\\/\",\"logo\":{\"@type\":\"ImageObject\",\"inLanguage\":\"fr-FR\",\"@id\":\"https:\\\/\\\/www.bellunopress.it\\\/#\\\/schema\\\/logo\\\/image\\\/\",\"url\":\"https:\\\/\\\/www.bellunopress.it\\\/wp-content\\\/uploads\\\/2011\\\/05\\\/cropped-logo-bellunopress-.jpg\",\"contentUrl\":\"https:\\\/\\\/www.bellunopress.it\\\/wp-content\\\/uploads\\\/2011\\\/05\\\/cropped-logo-bellunopress-.jpg\",\"width\":512,\"height\":512,\"caption\":\"Bellunopress\"},\"image\":{\"@id\":\"https:\\\/\\\/www.bellunopress.it\\\/#\\\/schema\\\/logo\\\/image\\\/\"},\"sameAs\":[\"https:\\\/\\\/www.facebook.com\\\/profile.php?id=100008943462799\",\"https:\\\/\\\/x.com\\\/bellunopress\",\"https:\\\/\\\/www.linkedin.com\\\/hp\\\/?dnr=JBzUWaJfMUw8vbXJJ2tVW5-I3jZKvC4wsoxE&amp;amp;amp;amp;amp;amp;trk=nav_responsive_tab_home\",\"https:\\\/\\\/www.youtube.com\\\/channel\\\/UCxL0wu1uN0_3_7hGG0306cw\"]},{\"@type\":\"Person\",\"@id\":\"https:\\\/\\\/www.bellunopress.it\\\/#\\\/schema\\\/person\\\/79bb06722b37ece1c03d3e94beb30d73\",\"name\":\"redazione\",\"image\":{\"@type\":\"ImageObject\",\"inLanguage\":\"fr-FR\",\"@id\":\"https:\\\/\\\/secure.gravatar.com\\\/avatar\\\/37d968a2e67a6fd04c169c4bdef102d0bc5d31b2546345219e348575eb80e9a0?s=96&d=mm&r=g\",\"url\":\"https:\\\/\\\/secure.gravatar.com\\\/avatar\\\/37d968a2e67a6fd04c169c4bdef102d0bc5d31b2546345219e348575eb80e9a0?s=96&d=mm&r=g\",\"contentUrl\":\"https:\\\/\\\/secure.gravatar.com\\\/avatar\\\/37d968a2e67a6fd04c169c4bdef102d0bc5d31b2546345219e348575eb80e9a0?s=96&d=mm&r=g\",\"caption\":\"redazione\"},\"sameAs\":[\"http:\\\/\\\/www.bellunopress.it\",\"https:\\\/\\\/x.com\\\/bellunopress\"],\"url\":\"https:\\\/\\\/www.bellunopress.it\\\/fr\\\/author\\\/redazione\\\/\"}]}<\/script>\n<!-- \/ Yoast SEO plugin. -->","yoast_head_json":{"title":"Stretta di mano tra il sindaco di Cortina Andrea Franceschi e il presidente della Fiorentina Andrea Della Valle per il primo anno di partnership tra la Societ\u00e0 Viola e la Regina delle Dolomiti - Bellunopress - Dolomiti","robots":{"index":"index","follow":"follow","max-snippet":"max-snippet:-1","max-image-preview":"max-image-preview:large","max-video-preview":"max-video-preview:-1"},"canonical":"https:\/\/www.bellunopress.it\/fr\/2009\/07\/26\/stretta-di-mano-tra-il-sindaco-di-cortina-andrea-franceschi-e-il-presidente-della-fiorentina-andrea-della-valle-per-il-primo-anno-di-partnership-tra-la-societa-viola-e-la-regina-delle-dolomiti\/","og_locale":"fr_FR","og_type":"article","og_title":"Stretta di mano tra il sindaco di Cortina Andrea Franceschi e il presidente della Fiorentina Andrea Della Valle per il primo anno di partnership tra la Societ\u00e0 Viola e la Regina delle Dolomiti - Bellunopress - Dolomiti","og_description":"Grande soddisfazione al Centro Sportivo A. De Rigo di Fiames che per dieci giorni ha ospitato ha ospitato il ritiro della Fiorentina a Cortina d\u2019Ampezzo, che per la prima volta ha accolto una squadra di Serie A tra le Dolomiti, recentemente dichiarate patrimonio naturale dell\u2019Umanit\u00e0 Unesco. La conferenza stampa, convocata per sancire la partnership di [&hellip;]","og_url":"https:\/\/www.bellunopress.it\/fr\/2009\/07\/26\/stretta-di-mano-tra-il-sindaco-di-cortina-andrea-franceschi-e-il-presidente-della-fiorentina-andrea-della-valle-per-il-primo-anno-di-partnership-tra-la-societa-viola-e-la-regina-delle-dolomiti\/","og_site_name":"Bellunopress - Dolomiti","article_publisher":"https:\/\/www.facebook.com\/profile.php?id=100008943462799","article_published_time":"2009-07-26T05:58:46+00:00","og_image":[{"url":"http:\/\/www.bellunopress.it\/wp-content\/uploads\/2009\/07\/della-valle-franceschi.jpg","type":"","width":"","height":""}],"author":"redazione","twitter_card":"summary_large_image","twitter_creator":"@bellunopress","twitter_site":"@bellunopress","twitter_misc":{"\u00c9crit par":"redazione","Dur\u00e9e de lecture estim\u00e9e":"2 minutes"},"schema":{"@context":"https:\/\/schema.org","@graph":[{"@type":"Article","@id":"https:\/\/www.bellunopress.it\/2009\/07\/26\/stretta-di-mano-tra-il-sindaco-di-cortina-andrea-franceschi-e-il-presidente-della-fiorentina-andrea-della-valle-per-il-primo-anno-di-partnership-tra-la-societa-viola-e-la-regina-delle-dolomiti\/#article","isPartOf":{"@id":"https:\/\/www.bellunopress.it\/2009\/07\/26\/stretta-di-mano-tra-il-sindaco-di-cortina-andrea-franceschi-e-il-presidente-della-fiorentina-andrea-della-valle-per-il-primo-anno-di-partnership-tra-la-societa-viola-e-la-regina-delle-dolomiti\/"},"author":{"name":"redazione","@id":"https:\/\/www.bellunopress.it\/#\/schema\/person\/79bb06722b37ece1c03d3e94beb30d73"},"headline":"Stretta di mano tra il sindaco di Cortina Andrea Franceschi e il presidente della Fiorentina Andrea Della Valle per il primo anno di partnership tra la Societ\u00e0 Viola e la Regina delle Dolomiti","datePublished":"2009-07-26T05:58:46+00:00","mainEntityOfPage":{"@id":"https:\/\/www.bellunopress.it\/2009\/07\/26\/stretta-di-mano-tra-il-sindaco-di-cortina-andrea-franceschi-e-il-presidente-della-fiorentina-andrea-della-valle-per-il-primo-anno-di-partnership-tra-la-societa-viola-e-la-regina-delle-dolomiti\/"},"wordCount":453,"publisher":{"@id":"https:\/\/www.bellunopress.it\/#organization"},"image":{"@id":"https:\/\/www.bellunopress.it\/2009\/07\/26\/stretta-di-mano-tra-il-sindaco-di-cortina-andrea-franceschi-e-il-presidente-della-fiorentina-andrea-della-valle-per-il-primo-anno-di-partnership-tra-la-societa-viola-e-la-regina-delle-dolomiti\/#primaryimage"},"thumbnailUrl":"http:\/\/www.bellunopress.it\/wp-content\/uploads\/2009\/07\/della-valle-franceschi.jpg","keywords":["Belluno","Dolomiti"],"articleSection":["Sport, tempo libero"],"inLanguage":"fr-FR"},{"@type":"WebPage","@id":"https:\/\/www.bellunopress.it\/2009\/07\/26\/stretta-di-mano-tra-il-sindaco-di-cortina-andrea-franceschi-e-il-presidente-della-fiorentina-andrea-della-valle-per-il-primo-anno-di-partnership-tra-la-societa-viola-e-la-regina-delle-dolomiti\/","url":"https:\/\/www.bellunopress.it\/2009\/07\/26\/stretta-di-mano-tra-il-sindaco-di-cortina-andrea-franceschi-e-il-presidente-della-fiorentina-andrea-della-valle-per-il-primo-anno-di-partnership-tra-la-societa-viola-e-la-regina-delle-dolomiti\/","name":"Stretta di mano tra il sindaco di Cortina Andrea Franceschi e il presidente della Fiorentina Andrea Della Valle per il primo anno di partnership tra la Societ\u00e0 Viola e la Regina delle Dolomiti - Bellunopress - Dolomiti","isPartOf":{"@id":"https:\/\/www.bellunopress.it\/#website"},"primaryImageOfPage":{"@id":"https:\/\/www.bellunopress.it\/2009\/07\/26\/stretta-di-mano-tra-il-sindaco-di-cortina-andrea-franceschi-e-il-presidente-della-fiorentina-andrea-della-valle-per-il-primo-anno-di-partnership-tra-la-societa-viola-e-la-regina-delle-dolomiti\/#primaryimage"},"image":{"@id":"https:\/\/www.bellunopress.it\/2009\/07\/26\/stretta-di-mano-tra-il-sindaco-di-cortina-andrea-franceschi-e-il-presidente-della-fiorentina-andrea-della-valle-per-il-primo-anno-di-partnership-tra-la-societa-viola-e-la-regina-delle-dolomiti\/#primaryimage"},"thumbnailUrl":"http:\/\/www.bellunopress.it\/wp-content\/uploads\/2009\/07\/della-valle-franceschi.jpg","datePublished":"2009-07-26T05:58:46+00:00","breadcrumb":{"@id":"https:\/\/www.bellunopress.it\/2009\/07\/26\/stretta-di-mano-tra-il-sindaco-di-cortina-andrea-franceschi-e-il-presidente-della-fiorentina-andrea-della-valle-per-il-primo-anno-di-partnership-tra-la-societa-viola-e-la-regina-delle-dolomiti\/#breadcrumb"},"inLanguage":"fr-FR","potentialAction":[{"@type":"ReadAction","target":["https:\/\/www.bellunopress.it\/2009\/07\/26\/stretta-di-mano-tra-il-sindaco-di-cortina-andrea-franceschi-e-il-presidente-della-fiorentina-andrea-della-valle-per-il-primo-anno-di-partnership-tra-la-societa-viola-e-la-regina-delle-dolomiti\/"]}]},{"@type":"ImageObject","inLanguage":"fr-FR","@id":"https:\/\/www.bellunopress.it\/2009\/07\/26\/stretta-di-mano-tra-il-sindaco-di-cortina-andrea-franceschi-e-il-presidente-della-fiorentina-andrea-della-valle-per-il-primo-anno-di-partnership-tra-la-societa-viola-e-la-regina-delle-dolomiti\/#primaryimage","url":"http:\/\/www.bellunopress.it\/wp-content\/uploads\/2009\/07\/della-valle-franceschi.jpg","contentUrl":"http:\/\/www.bellunopress.it\/wp-content\/uploads\/2009\/07\/della-valle-franceschi.jpg"},{"@type":"BreadcrumbList","@id":"https:\/\/www.bellunopress.it\/2009\/07\/26\/stretta-di-mano-tra-il-sindaco-di-cortina-andrea-franceschi-e-il-presidente-della-fiorentina-andrea-della-valle-per-il-primo-anno-di-partnership-tra-la-societa-viola-e-la-regina-delle-dolomiti\/#breadcrumb","itemListElement":[{"@type":"ListItem","position":1,"name":"Home","item":"https:\/\/www.bellunopress.it\/"},{"@type":"ListItem","position":2,"name":"Stretta di mano tra il sindaco di Cortina Andrea Franceschi e il presidente della Fiorentina Andrea Della Valle per il primo anno di partnership tra la Societ\u00e0 Viola e la Regina delle Dolomiti"}]},{"@type":"WebSite","@id":"https:\/\/www.bellunopress.it\/#website","url":"https:\/\/www.bellunopress.it\/","name":"Bellunopress - Dolomiti","description":"e-mail: redazione@bellunopress.it","publisher":{"@id":"https:\/\/www.bellunopress.it\/#organization"},"potentialAction":[{"@type":"SearchAction","target":{"@type":"EntryPoint","urlTemplate":"https:\/\/www.bellunopress.it\/?s={search_term_string}"},"query-input":{"@type":"PropertyValueSpecification","valueRequired":true,"valueName":"search_term_string"}}],"inLanguage":"fr-FR"},{"@type":"Organization","@id":"https:\/\/www.bellunopress.it\/#organization","name":"Bellunopress","url":"https:\/\/www.bellunopress.it\/","logo":{"@type":"ImageObject","inLanguage":"fr-FR","@id":"https:\/\/www.bellunopress.it\/#\/schema\/logo\/image\/","url":"https:\/\/www.bellunopress.it\/wp-content\/uploads\/2011\/05\/cropped-logo-bellunopress-.jpg","contentUrl":"https:\/\/www.bellunopress.it\/wp-content\/uploads\/2011\/05\/cropped-logo-bellunopress-.jpg","width":512,"height":512,"caption":"Bellunopress"},"image":{"@id":"https:\/\/www.bellunopress.it\/#\/schema\/logo\/image\/"},"sameAs":["https:\/\/www.facebook.com\/profile.php?id=100008943462799","https:\/\/x.com\/bellunopress","https:\/\/www.linkedin.com\/hp\/?dnr=JBzUWaJfMUw8vbXJJ2tVW5-I3jZKvC4wsoxE&amp;amp;amp;amp;amp;amp;trk=nav_responsive_tab_home","https:\/\/www.youtube.com\/channel\/UCxL0wu1uN0_3_7hGG0306cw"]},{"@type":"Person","@id":"https:\/\/www.bellunopress.it\/#\/schema\/person\/79bb06722b37ece1c03d3e94beb30d73","name":"r\u00e9daction","image":{"@type":"ImageObject","inLanguage":"fr-FR","@id":"https:\/\/secure.gravatar.com\/avatar\/37d968a2e67a6fd04c169c4bdef102d0bc5d31b2546345219e348575eb80e9a0?s=96&d=mm&r=g","url":"https:\/\/secure.gravatar.com\/avatar\/37d968a2e67a6fd04c169c4bdef102d0bc5d31b2546345219e348575eb80e9a0?s=96&d=mm&r=g","contentUrl":"https:\/\/secure.gravatar.com\/avatar\/37d968a2e67a6fd04c169c4bdef102d0bc5d31b2546345219e348575eb80e9a0?s=96&d=mm&r=g","caption":"redazione"},"sameAs":["http:\/\/www.bellunopress.it","https:\/\/x.com\/bellunopress"],"url":"https:\/\/www.bellunopress.it\/fr\/author\/redazione\/"}]}},"_links":{"self":[{"href":"https:\/\/www.bellunopress.it\/fr\/wp-json\/wp\/v2\/posts\/6380","targetHints":{"allow":["GET"]}}],"collection":[{"href":"https:\/\/www.bellunopress.it\/fr\/wp-json\/wp\/v2\/posts"}],"about":[{"href":"https:\/\/www.bellunopress.it\/fr\/wp-json\/wp\/v2\/types\/post"}],"author":[{"embeddable":true,"href":"https:\/\/www.bellunopress.it\/fr\/wp-json\/wp\/v2\/users\/2"}],"replies":[{"embeddable":true,"href":"https:\/\/www.bellunopress.it\/fr\/wp-json\/wp\/v2\/comments?post=6380"}],"version-history":[{"count":1,"href":"https:\/\/www.bellunopress.it\/fr\/wp-json\/wp\/v2\/posts\/6380\/revisions"}],"predecessor-version":[{"id":6382,"href":"https:\/\/www.bellunopress.it\/fr\/wp-json\/wp\/v2\/posts\/6380\/revisions\/6382"}],"wp:attachment":[{"href":"https:\/\/www.bellunopress.it\/fr\/wp-json\/wp\/v2\/media?parent=6380"}],"wp:term":[{"taxonomy":"category","embeddable":true,"href":"https:\/\/www.bellunopress.it\/fr\/wp-json\/wp\/v2\/categories?post=6380"},{"taxonomy":"post_tag","embeddable":true,"href":"https:\/\/www.bellunopress.it\/fr\/wp-json\/wp\/v2\/tags?post=6380"}],"curies":[{"name":"wp","href":"https:\/\/api.w.org\/{rel}","templated":true}]}}