{"id":6373,"date":"2009-07-24T22:06:43","date_gmt":"2009-07-24T21:06:43","guid":{"rendered":"http:\/\/www.bellunopress.it\/?p=6373"},"modified":"2009-07-24T22:06:43","modified_gmt":"2009-07-24T21:06:43","slug":"a-sappada-venerdi-31-luglio-lo-spettacolare-%c2%93sprint-dei-campioni-kermesse-sugli-skiroll","status":"publish","type":"post","link":"https:\/\/www.bellunopress.it\/fr\/2009\/07\/24\/a-sappada-venerdi-31-luglio-lo-spettacolare-%c2%93sprint-dei-campioni-kermesse-sugli-skiroll\/","title":{"rendered":"A Sappada, venerd\u00ec 31 luglio lo spettacolare \u0093Sprint dei Campioni, kermesse sugli skiroll"},"content":{"rendered":"<p>\u00a0Sappada (Belluno), 24 luglio 2009 \u0096 Gli azzurri dello sci di fondo ritornano a Sappada. Da domenica 26 luglio a sabato 1 agosto, infatti, la localit\u00e0 ai piedi del Monte Peralba, patria di campioni come Silvio Fauner e Pietro Piller Cottrer e sede a pi\u00f9 riprese di gare di Coppa del Mondo e Campionati italiani, ospiter\u00e0 un raduno della nazionale di Coppa del Mondo. Gli atleti, guidati dall\u0092allenatore Marco Selle e sotto la supervisione del direttore tecnico Silvio Fauner, alterneranno uscite sugli ski roll e in mountain bike alla corsa a piedi e alla preparazione in palestra, attivit\u00e0 tipiche della preparazione estiva. Oltre alle medaglie olimpiche Pietro Piller Cottrer Christian Zorzi e Giorgio Di Centa, a Sappada saranno presenti Fulvio Scola, Valerio Checchi, Roland Clara e David Hofer. Nella serata di venerd\u00ec 31 luglio, a partire dalle 18, i fondisti della nazionale azzurra si sfideranno nella terza edizione dello Sprint dei Campioni. Si tratta di una kermesse sugli skiroll, organizzata dall\u0092As Camosci, che si svolger\u00e0 lungo la centralissima salita di Borgata Bach. La gara sar\u00e0 a tecnica classica e i concorrenti, suddivisi in diverse batterie, si sfideranno con eliminazione diretta. Le prime due edizioni sono state vinte da Pietro Piller Cottrer (2007) e da Giorgio Di Centa (2008).<\/p>","protected":false},"excerpt":{"rendered":"<p>\u00a0Sappada (Belluno), 24 luglio 2009 \u0096 Gli azzurri dello sci di fondo ritornano a Sappada. Da domenica 26 luglio a sabato 1 agosto, infatti, la localit\u00e0 ai piedi del Monte Peralba, patria di campioni come Silvio Fauner e Pietro Piller Cottrer e sede a pi\u00f9 riprese di gare di Coppa del Mondo e Campionati italiani, [&hellip;]<\/p>\n","protected":false},"author":2,"featured_media":0,"comment_status":"closed","ping_status":"open","sticky":false,"template":"","format":"standard","meta":{"footnotes":""},"categories":[4],"tags":[139],"class_list":["post-6373","post","type-post","status-publish","format-standard","category-sport","tag-belluno"],"yoast_head":"<!-- This site is optimized with the Yoast SEO plugin v28.4 - https:\/\/yoast.com\/product\/yoast-seo-wordpress\/ -->\n<title>A Sappada, venerd\u00ec 31 luglio lo spettacolare \u0093Sprint dei Campioni, kermesse sugli skiroll  - Bellunopress - Dolomiti<\/title>\n<meta name=\"robots\" content=\"index, follow, max-snippet:-1, max-image-preview:large, max-video-preview:-1\" \/>\n<link rel=\"canonical\" href=\"https:\/\/www.bellunopress.it\/fr\/2009\/07\/24\/a-sappada-venerdi-31-luglio-lo-spettacolare-\u0093sprint-dei-campioni-kermesse-sugli-skiroll\/\" \/>\n<meta property=\"og:locale\" content=\"fr_FR\" \/>\n<meta property=\"og:type\" content=\"article\" \/>\n<meta property=\"og:title\" content=\"A Sappada, venerd\u00ec 31 luglio lo spettacolare \u0093Sprint dei Campioni, kermesse sugli skiroll  - Bellunopress - Dolomiti\" \/>\n<meta property=\"og:description\" content=\"\u00a0Sappada (Belluno), 24 luglio 2009 \u0096 Gli azzurri dello sci di fondo ritornano a Sappada. Da domenica 26 luglio a sabato 1 agosto, infatti, la localit\u00e0 ai piedi del Monte Peralba, patria di campioni come Silvio Fauner e Pietro Piller Cottrer e sede a pi\u00f9 riprese di gare di Coppa del Mondo e Campionati italiani, [&hellip;]\" \/>\n<meta property=\"og:url\" content=\"https:\/\/www.bellunopress.it\/fr\/2009\/07\/24\/a-sappada-venerdi-31-luglio-lo-spettacolare-\u0093sprint-dei-campioni-kermesse-sugli-skiroll\/\" \/>\n<meta property=\"og:site_name\" content=\"Bellunopress - Dolomiti\" \/>\n<meta property=\"article:publisher\" content=\"https:\/\/www.facebook.com\/profile.php?id=100008943462799\" \/>\n<meta property=\"article:published_time\" content=\"2009-07-24T21:06:43+00:00\" \/>\n<meta property=\"og:image\" content=\"http:\/\/www.bellunopress.it\/wp-content\/uploads\/2012\/07\/logo-bellunopress-250x250-2012.jpg\" \/>\n<meta name=\"author\" content=\"redazione\" \/>\n<meta name=\"twitter:card\" content=\"summary_large_image\" \/>\n<meta name=\"twitter:creator\" content=\"@bellunopress\" \/>\n<meta name=\"twitter:site\" content=\"@bellunopress\" \/>\n<meta name=\"twitter:label1\" content=\"\u00c9crit par\" \/>\n\t<meta name=\"twitter:data1\" content=\"redazione\" \/>\n\t<meta name=\"twitter:label2\" content=\"Dur\u00e9e de lecture estim\u00e9e\" \/>\n\t<meta name=\"twitter:data2\" content=\"1 minute\" \/>\n<script type=\"application\/ld+json\" class=\"yoast-schema-graph\">{\"@context\":\"https:\\\/\\\/schema.org\",\"@graph\":[{\"@type\":\"Article\",\"@id\":\"https:\\\/\\\/www.bellunopress.it\\\/2009\\\/07\\\/24\\\/a-sappada-venerdi-31-luglio-lo-spettacolare-%c2%93sprint-dei-campioni-kermesse-sugli-skiroll\\\/#article\",\"isPartOf\":{\"@id\":\"https:\\\/\\\/www.bellunopress.it\\\/2009\\\/07\\\/24\\\/a-sappada-venerdi-31-luglio-lo-spettacolare-%c2%93sprint-dei-campioni-kermesse-sugli-skiroll\\\/\"},\"author\":{\"name\":\"redazione\",\"@id\":\"https:\\\/\\\/www.bellunopress.it\\\/#\\\/schema\\\/person\\\/79bb06722b37ece1c03d3e94beb30d73\"},\"headline\":\"A Sappada, venerd\u00ec 31 luglio lo spettacolare \u0093Sprint dei Campioni, kermesse sugli skiroll\",\"datePublished\":\"2009-07-24T21:06:43+00:00\",\"mainEntityOfPage\":{\"@id\":\"https:\\\/\\\/www.bellunopress.it\\\/2009\\\/07\\\/24\\\/a-sappada-venerdi-31-luglio-lo-spettacolare-%c2%93sprint-dei-campioni-kermesse-sugli-skiroll\\\/\"},\"wordCount\":213,\"publisher\":{\"@id\":\"https:\\\/\\\/www.bellunopress.it\\\/#organization\"},\"keywords\":[\"Belluno\"],\"articleSection\":[\"Sport, tempo libero\"],\"inLanguage\":\"fr-FR\"},{\"@type\":\"WebPage\",\"@id\":\"https:\\\/\\\/www.bellunopress.it\\\/2009\\\/07\\\/24\\\/a-sappada-venerdi-31-luglio-lo-spettacolare-%c2%93sprint-dei-campioni-kermesse-sugli-skiroll\\\/\",\"url\":\"https:\\\/\\\/www.bellunopress.it\\\/2009\\\/07\\\/24\\\/a-sappada-venerdi-31-luglio-lo-spettacolare-%c2%93sprint-dei-campioni-kermesse-sugli-skiroll\\\/\",\"name\":\"A Sappada, venerd\u00ec 31 luglio lo spettacolare \u0093Sprint dei Campioni, kermesse sugli skiroll - Bellunopress - Dolomiti\",\"isPartOf\":{\"@id\":\"https:\\\/\\\/www.bellunopress.it\\\/#website\"},\"datePublished\":\"2009-07-24T21:06:43+00:00\",\"breadcrumb\":{\"@id\":\"https:\\\/\\\/www.bellunopress.it\\\/2009\\\/07\\\/24\\\/a-sappada-venerdi-31-luglio-lo-spettacolare-%c2%93sprint-dei-campioni-kermesse-sugli-skiroll\\\/#breadcrumb\"},\"inLanguage\":\"fr-FR\",\"potentialAction\":[{\"@type\":\"ReadAction\",\"target\":[\"https:\\\/\\\/www.bellunopress.it\\\/2009\\\/07\\\/24\\\/a-sappada-venerdi-31-luglio-lo-spettacolare-%c2%93sprint-dei-campioni-kermesse-sugli-skiroll\\\/\"]}]},{\"@type\":\"BreadcrumbList\",\"@id\":\"https:\\\/\\\/www.bellunopress.it\\\/2009\\\/07\\\/24\\\/a-sappada-venerdi-31-luglio-lo-spettacolare-%c2%93sprint-dei-campioni-kermesse-sugli-skiroll\\\/#breadcrumb\",\"itemListElement\":[{\"@type\":\"ListItem\",\"position\":1,\"name\":\"Home\",\"item\":\"https:\\\/\\\/www.bellunopress.it\\\/\"},{\"@type\":\"ListItem\",\"position\":2,\"name\":\"A Sappada, venerd\u00ec 31 luglio lo spettacolare \u0093Sprint dei Campioni, kermesse sugli skiroll\"}]},{\"@type\":\"WebSite\",\"@id\":\"https:\\\/\\\/www.bellunopress.it\\\/#website\",\"url\":\"https:\\\/\\\/www.bellunopress.it\\\/\",\"name\":\"Bellunopress - Dolomiti\",\"description\":\"e-mail: redazione@bellunopress.it\",\"publisher\":{\"@id\":\"https:\\\/\\\/www.bellunopress.it\\\/#organization\"},\"potentialAction\":[{\"@type\":\"SearchAction\",\"target\":{\"@type\":\"EntryPoint\",\"urlTemplate\":\"https:\\\/\\\/www.bellunopress.it\\\/?s={search_term_string}\"},\"query-input\":{\"@type\":\"PropertyValueSpecification\",\"valueRequired\":true,\"valueName\":\"search_term_string\"}}],\"inLanguage\":\"fr-FR\"},{\"@type\":\"Organization\",\"@id\":\"https:\\\/\\\/www.bellunopress.it\\\/#organization\",\"name\":\"Bellunopress\",\"url\":\"https:\\\/\\\/www.bellunopress.it\\\/\",\"logo\":{\"@type\":\"ImageObject\",\"inLanguage\":\"fr-FR\",\"@id\":\"https:\\\/\\\/www.bellunopress.it\\\/#\\\/schema\\\/logo\\\/image\\\/\",\"url\":\"https:\\\/\\\/www.bellunopress.it\\\/wp-content\\\/uploads\\\/2011\\\/05\\\/cropped-logo-bellunopress-.jpg\",\"contentUrl\":\"https:\\\/\\\/www.bellunopress.it\\\/wp-content\\\/uploads\\\/2011\\\/05\\\/cropped-logo-bellunopress-.jpg\",\"width\":512,\"height\":512,\"caption\":\"Bellunopress\"},\"image\":{\"@id\":\"https:\\\/\\\/www.bellunopress.it\\\/#\\\/schema\\\/logo\\\/image\\\/\"},\"sameAs\":[\"https:\\\/\\\/www.facebook.com\\\/profile.php?id=100008943462799\",\"https:\\\/\\\/x.com\\\/bellunopress\",\"https:\\\/\\\/www.linkedin.com\\\/hp\\\/?dnr=JBzUWaJfMUw8vbXJJ2tVW5-I3jZKvC4wsoxE&amp;amp;amp;amp;amp;amp;trk=nav_responsive_tab_home\",\"https:\\\/\\\/www.youtube.com\\\/channel\\\/UCxL0wu1uN0_3_7hGG0306cw\"]},{\"@type\":\"Person\",\"@id\":\"https:\\\/\\\/www.bellunopress.it\\\/#\\\/schema\\\/person\\\/79bb06722b37ece1c03d3e94beb30d73\",\"name\":\"redazione\",\"image\":{\"@type\":\"ImageObject\",\"inLanguage\":\"fr-FR\",\"@id\":\"https:\\\/\\\/secure.gravatar.com\\\/avatar\\\/37d968a2e67a6fd04c169c4bdef102d0bc5d31b2546345219e348575eb80e9a0?s=96&d=mm&r=g\",\"url\":\"https:\\\/\\\/secure.gravatar.com\\\/avatar\\\/37d968a2e67a6fd04c169c4bdef102d0bc5d31b2546345219e348575eb80e9a0?s=96&d=mm&r=g\",\"contentUrl\":\"https:\\\/\\\/secure.gravatar.com\\\/avatar\\\/37d968a2e67a6fd04c169c4bdef102d0bc5d31b2546345219e348575eb80e9a0?s=96&d=mm&r=g\",\"caption\":\"redazione\"},\"sameAs\":[\"http:\\\/\\\/www.bellunopress.it\",\"https:\\\/\\\/x.com\\\/bellunopress\"],\"url\":\"https:\\\/\\\/www.bellunopress.it\\\/fr\\\/author\\\/redazione\\\/\"}]}<\/script>\n<!-- \/ Yoast SEO plugin. -->","yoast_head_json":{"title":"A Sappada, venerd\u00ec 31 luglio lo spettacolare \u0093Sprint dei Campioni, kermesse sugli skiroll  - Bellunopress - Dolomiti","robots":{"index":"index","follow":"follow","max-snippet":"max-snippet:-1","max-image-preview":"max-image-preview:large","max-video-preview":"max-video-preview:-1"},"canonical":"https:\/\/www.bellunopress.it\/fr\/2009\/07\/24\/a-sappada-venerdi-31-luglio-lo-spettacolare-\u0093sprint-dei-campioni-kermesse-sugli-skiroll\/","og_locale":"fr_FR","og_type":"article","og_title":"A Sappada, venerd\u00ec 31 luglio lo spettacolare \u0093Sprint dei Campioni, kermesse sugli skiroll  - Bellunopress - Dolomiti","og_description":"\u00a0Sappada (Belluno), 24 luglio 2009 \u0096 Gli azzurri dello sci di fondo ritornano a Sappada. Da domenica 26 luglio a sabato 1 agosto, infatti, la localit\u00e0 ai piedi del Monte Peralba, patria di campioni come Silvio Fauner e Pietro Piller Cottrer e sede a pi\u00f9 riprese di gare di Coppa del Mondo e Campionati italiani, [&hellip;]","og_url":"https:\/\/www.bellunopress.it\/fr\/2009\/07\/24\/a-sappada-venerdi-31-luglio-lo-spettacolare-\u0093sprint-dei-campioni-kermesse-sugli-skiroll\/","og_site_name":"Bellunopress - Dolomiti","article_publisher":"https:\/\/www.facebook.com\/profile.php?id=100008943462799","article_published_time":"2009-07-24T21:06:43+00:00","og_image":[{"url":"http:\/\/www.bellunopress.it\/wp-content\/uploads\/2012\/07\/logo-bellunopress-250x250-2012.jpg","type":"","width":"","height":""}],"author":"redazione","twitter_card":"summary_large_image","twitter_creator":"@bellunopress","twitter_site":"@bellunopress","twitter_misc":{"\u00c9crit par":"redazione","Dur\u00e9e de lecture estim\u00e9e":"1 minute"},"schema":{"@context":"https:\/\/schema.org","@graph":[{"@type":"Article","@id":"https:\/\/www.bellunopress.it\/2009\/07\/24\/a-sappada-venerdi-31-luglio-lo-spettacolare-%c2%93sprint-dei-campioni-kermesse-sugli-skiroll\/#article","isPartOf":{"@id":"https:\/\/www.bellunopress.it\/2009\/07\/24\/a-sappada-venerdi-31-luglio-lo-spettacolare-%c2%93sprint-dei-campioni-kermesse-sugli-skiroll\/"},"author":{"name":"redazione","@id":"https:\/\/www.bellunopress.it\/#\/schema\/person\/79bb06722b37ece1c03d3e94beb30d73"},"headline":"A Sappada, venerd\u00ec 31 luglio lo spettacolare \u0093Sprint dei Campioni, kermesse sugli skiroll","datePublished":"2009-07-24T21:06:43+00:00","mainEntityOfPage":{"@id":"https:\/\/www.bellunopress.it\/2009\/07\/24\/a-sappada-venerdi-31-luglio-lo-spettacolare-%c2%93sprint-dei-campioni-kermesse-sugli-skiroll\/"},"wordCount":213,"publisher":{"@id":"https:\/\/www.bellunopress.it\/#organization"},"keywords":["Belluno"],"articleSection":["Sport, tempo libero"],"inLanguage":"fr-FR"},{"@type":"WebPage","@id":"https:\/\/www.bellunopress.it\/2009\/07\/24\/a-sappada-venerdi-31-luglio-lo-spettacolare-%c2%93sprint-dei-campioni-kermesse-sugli-skiroll\/","url":"https:\/\/www.bellunopress.it\/2009\/07\/24\/a-sappada-venerdi-31-luglio-lo-spettacolare-%c2%93sprint-dei-campioni-kermesse-sugli-skiroll\/","name":"A Sappada, venerd\u00ec 31 luglio lo spettacolare \u0093Sprint dei Campioni, kermesse sugli skiroll - Bellunopress - Dolomiti","isPartOf":{"@id":"https:\/\/www.bellunopress.it\/#website"},"datePublished":"2009-07-24T21:06:43+00:00","breadcrumb":{"@id":"https:\/\/www.bellunopress.it\/2009\/07\/24\/a-sappada-venerdi-31-luglio-lo-spettacolare-%c2%93sprint-dei-campioni-kermesse-sugli-skiroll\/#breadcrumb"},"inLanguage":"fr-FR","potentialAction":[{"@type":"ReadAction","target":["https:\/\/www.bellunopress.it\/2009\/07\/24\/a-sappada-venerdi-31-luglio-lo-spettacolare-%c2%93sprint-dei-campioni-kermesse-sugli-skiroll\/"]}]},{"@type":"BreadcrumbList","@id":"https:\/\/www.bellunopress.it\/2009\/07\/24\/a-sappada-venerdi-31-luglio-lo-spettacolare-%c2%93sprint-dei-campioni-kermesse-sugli-skiroll\/#breadcrumb","itemListElement":[{"@type":"ListItem","position":1,"name":"Home","item":"https:\/\/www.bellunopress.it\/"},{"@type":"ListItem","position":2,"name":"A Sappada, venerd\u00ec 31 luglio lo spettacolare \u0093Sprint dei Campioni, kermesse sugli skiroll"}]},{"@type":"WebSite","@id":"https:\/\/www.bellunopress.it\/#website","url":"https:\/\/www.bellunopress.it\/","name":"Bellunopress - Dolomiti","description":"e-mail: redazione@bellunopress.it","publisher":{"@id":"https:\/\/www.bellunopress.it\/#organization"},"potentialAction":[{"@type":"SearchAction","target":{"@type":"EntryPoint","urlTemplate":"https:\/\/www.bellunopress.it\/?s={search_term_string}"},"query-input":{"@type":"PropertyValueSpecification","valueRequired":true,"valueName":"search_term_string"}}],"inLanguage":"fr-FR"},{"@type":"Organization","@id":"https:\/\/www.bellunopress.it\/#organization","name":"Bellunopress","url":"https:\/\/www.bellunopress.it\/","logo":{"@type":"ImageObject","inLanguage":"fr-FR","@id":"https:\/\/www.bellunopress.it\/#\/schema\/logo\/image\/","url":"https:\/\/www.bellunopress.it\/wp-content\/uploads\/2011\/05\/cropped-logo-bellunopress-.jpg","contentUrl":"https:\/\/www.bellunopress.it\/wp-content\/uploads\/2011\/05\/cropped-logo-bellunopress-.jpg","width":512,"height":512,"caption":"Bellunopress"},"image":{"@id":"https:\/\/www.bellunopress.it\/#\/schema\/logo\/image\/"},"sameAs":["https:\/\/www.facebook.com\/profile.php?id=100008943462799","https:\/\/x.com\/bellunopress","https:\/\/www.linkedin.com\/hp\/?dnr=JBzUWaJfMUw8vbXJJ2tVW5-I3jZKvC4wsoxE&amp;amp;amp;amp;amp;amp;trk=nav_responsive_tab_home","https:\/\/www.youtube.com\/channel\/UCxL0wu1uN0_3_7hGG0306cw"]},{"@type":"Person","@id":"https:\/\/www.bellunopress.it\/#\/schema\/person\/79bb06722b37ece1c03d3e94beb30d73","name":"r\u00e9daction","image":{"@type":"ImageObject","inLanguage":"fr-FR","@id":"https:\/\/secure.gravatar.com\/avatar\/37d968a2e67a6fd04c169c4bdef102d0bc5d31b2546345219e348575eb80e9a0?s=96&d=mm&r=g","url":"https:\/\/secure.gravatar.com\/avatar\/37d968a2e67a6fd04c169c4bdef102d0bc5d31b2546345219e348575eb80e9a0?s=96&d=mm&r=g","contentUrl":"https:\/\/secure.gravatar.com\/avatar\/37d968a2e67a6fd04c169c4bdef102d0bc5d31b2546345219e348575eb80e9a0?s=96&d=mm&r=g","caption":"redazione"},"sameAs":["http:\/\/www.bellunopress.it","https:\/\/x.com\/bellunopress"],"url":"https:\/\/www.bellunopress.it\/fr\/author\/redazione\/"}]}},"_links":{"self":[{"href":"https:\/\/www.bellunopress.it\/fr\/wp-json\/wp\/v2\/posts\/6373","targetHints":{"allow":["GET"]}}],"collection":[{"href":"https:\/\/www.bellunopress.it\/fr\/wp-json\/wp\/v2\/posts"}],"about":[{"href":"https:\/\/www.bellunopress.it\/fr\/wp-json\/wp\/v2\/types\/post"}],"author":[{"embeddable":true,"href":"https:\/\/www.bellunopress.it\/fr\/wp-json\/wp\/v2\/users\/2"}],"replies":[{"embeddable":true,"href":"https:\/\/www.bellunopress.it\/fr\/wp-json\/wp\/v2\/comments?post=6373"}],"version-history":[{"count":1,"href":"https:\/\/www.bellunopress.it\/fr\/wp-json\/wp\/v2\/posts\/6373\/revisions"}],"predecessor-version":[{"id":6374,"href":"https:\/\/www.bellunopress.it\/fr\/wp-json\/wp\/v2\/posts\/6373\/revisions\/6374"}],"wp:attachment":[{"href":"https:\/\/www.bellunopress.it\/fr\/wp-json\/wp\/v2\/media?parent=6373"}],"wp:term":[{"taxonomy":"category","embeddable":true,"href":"https:\/\/www.bellunopress.it\/fr\/wp-json\/wp\/v2\/categories?post=6373"},{"taxonomy":"post_tag","embeddable":true,"href":"https:\/\/www.bellunopress.it\/fr\/wp-json\/wp\/v2\/tags?post=6373"}],"curies":[{"name":"wp","href":"https:\/\/api.w.org\/{rel}","templated":true}]}}