{"id":6364,"date":"2009-07-24T19:15:11","date_gmt":"2009-07-24T18:15:11","guid":{"rendered":"http:\/\/www.bellunopress.it\/?p=6364"},"modified":"2009-07-24T19:15:11","modified_gmt":"2009-07-24T18:15:11","slug":"pierluigi-lucchetta-nuovo-tecnico-del-belluno-in-b2","status":"publish","type":"post","link":"https:\/\/www.bellunopress.it\/fr\/2009\/07\/24\/pierluigi-lucchetta-nuovo-tecnico-del-belluno-in-b2\/","title":{"rendered":"Pierluigi Lucchetta nuovo tecnico del Belluno in B2"},"content":{"rendered":"<p><a href=\"http:\/\/www.bellunopress.it\/wp-content\/uploads\/2009\/07\/pierluigi-lucchetta-leggera.jpg\"><img loading=\"lazy\" decoding=\"async\" class=\"alignleft size-medium wp-image-6365\" title=\"pierluigi-lucchetta-leggera\" src=\"http:\/\/www.bellunopress.it\/wp-content\/uploads\/2009\/07\/pierluigi-lucchetta-leggera.jpg\" alt=\"\" width=\"180\" height=\"271\" \/><\/a>Pierluigi Lucchetta \u00e8 il nuovo allenatore del Top Team Belluno, squadra di volley femminile alla terza stagione di B2. Nuovo anche lo staff, con il secondo allenatore Andrea Sacchetta, che continuer\u00e0 anche l&#8217;impegno di scoutman della Zoppas Industries Conegliano di A1, il preparatore atletico Eduardo Romero e il fisioterapista Denis Balbo. Massimo Meneghetti, viceallenatore uscente, sar\u00e0 il nuovo team manager. Lucchetta, 46 anni, vanta una lunga carriera ad alto livello nella pallavolo, sia come giocatore che da allenatore.<br \/>\nDa palleggiatore inizi\u00f2 nella sua Codogn\u00e8, poi il balzo in A2 a Treviso e nella massima serie arriv\u00f2 come secondo del coreano Kim Ho Chul a Parma. Dopo una stagione in A1 a Padova, dal 1983 a Vittorio Veneto guid\u00f2 la scalata dell&#8217;Antares dalla C all&#8217;A2. Poi a Treviso fece ancora coppia in regia con Kim Ho Chul, per tre stagioni. Chiuso il capitolo Sisley, Lucchetta pass\u00f2 a Oderzo: 6 anni dalla D alla B1 unendo al ruolo di giocatore quello di allenatore. Nel 2003 pass\u00f2 alla Spes come direttore sportivo prima e allenatore poi. Portato Conegliano dalla B1 all&#8217;A2, fu poi sostituito da Mario Martinez (attuale tecnico dell&#8217;A1) a stagione in corso e ritrov\u00f2 la B1 a Codogn\u00e8 (per 3 stagioni). Nell&#8217;ultima stagione ha allenato la terza squadra agonistica della Spes, il Globus Team, con la quale ha vinto il titolo provinciale Under 16.<br \/>\nPierluigi Lucchetta a Belluno prende il posto di Roberto Woelflin, che da sei stagioni guidava il progetto oggi presieduto da Angelo Caneve e creato da Giovanni Lucchetta, fratello del neo tecnico della squadra bellunese. &#8220;Rimangono immutate stima e amicizia nei confronti di Roberto &#8211; commenta Giovanni Lucchetta &#8211; e pur rendendomi conto che il suo lavoro non \u00e8 stato apprezzato quanto avrebbe meritato, abbiamo ritenuto che la soluzione migliore fosse quella di cambiare per dare uno stimolo di novit\u00e0 e rinnovare l&#8217;entusiasmo nel gruppo. Personalmente avrei desiderato portare a termine il progetto con Roberto, ma \u00e8 naturale che dopo tanti anni assieme alle stesse atlete si trasformi in routine un&#8217;attivit\u00e0 che invece dovrebbe essere sempre piena d&#8217;entusiasmo. In questi giorni Roberto Woelflin si trova a casa in Argentina, al suo rientro valuteremo assieme in che misura potr\u00e0 rimanere nel nostro staff tecnico, perch\u00e9 lo ritengo un grande allenatore&#8221;.<br \/>\nGiovanni e Pierluigi Lucchetta saranno entrambi ospiti di Zona Volley Radio, la trasmissione del volley veneto in onda dalle 21 alle 22.30 su Blu Radio Veneto\u00a0 (88.700, 94.600, 100.05 per Vicenza, Padova, Venezia, Treviso, Belluno, Rovigo e Pordenone) ed in streaming e live webcam su www.zonavolley.com. Per intervenire in diretta 0498756423, oppure sms 3347782241.<\/p>","protected":false},"excerpt":{"rendered":"<p>Pierluigi Lucchetta \u00e8 il nuovo allenatore del Top Team Belluno, squadra di volley femminile alla terza stagione di B2. Nuovo anche lo staff, con il secondo allenatore Andrea Sacchetta, che continuer\u00e0 anche l&#8217;impegno di scoutman della Zoppas Industries Conegliano di A1, il preparatore atletico Eduardo Romero e il fisioterapista Denis Balbo. Massimo Meneghetti, viceallenatore uscente, [&hellip;]<\/p>\n","protected":false},"author":2,"featured_media":0,"comment_status":"closed","ping_status":"open","sticky":false,"template":"","format":"standard","meta":{"footnotes":""},"categories":[4],"tags":[139],"class_list":["post-6364","post","type-post","status-publish","format-standard","category-sport","tag-belluno"],"yoast_head":"<!-- This site is optimized with the Yoast SEO plugin v28.4 - https:\/\/yoast.com\/product\/yoast-seo-wordpress\/ -->\n<title>Pierluigi Lucchetta nuovo tecnico del Belluno in B2 - Bellunopress - Dolomiti<\/title>\n<meta name=\"robots\" content=\"index, follow, max-snippet:-1, max-image-preview:large, max-video-preview:-1\" \/>\n<link rel=\"canonical\" href=\"https:\/\/www.bellunopress.it\/fr\/2009\/07\/24\/pierluigi-lucchetta-nuovo-tecnico-del-belluno-in-b2\/\" \/>\n<meta property=\"og:locale\" content=\"fr_FR\" \/>\n<meta property=\"og:type\" content=\"article\" \/>\n<meta property=\"og:title\" content=\"Pierluigi Lucchetta nuovo tecnico del Belluno in B2 - Bellunopress - Dolomiti\" \/>\n<meta property=\"og:description\" content=\"Pierluigi Lucchetta \u00e8 il nuovo allenatore del Top Team Belluno, squadra di volley femminile alla terza stagione di B2. Nuovo anche lo staff, con il secondo allenatore Andrea Sacchetta, che continuer\u00e0 anche l&#8217;impegno di scoutman della Zoppas Industries Conegliano di A1, il preparatore atletico Eduardo Romero e il fisioterapista Denis Balbo. Massimo Meneghetti, viceallenatore uscente, [&hellip;]\" \/>\n<meta property=\"og:url\" content=\"https:\/\/www.bellunopress.it\/fr\/2009\/07\/24\/pierluigi-lucchetta-nuovo-tecnico-del-belluno-in-b2\/\" \/>\n<meta property=\"og:site_name\" content=\"Bellunopress - Dolomiti\" \/>\n<meta property=\"article:publisher\" content=\"https:\/\/www.facebook.com\/profile.php?id=100008943462799\" \/>\n<meta property=\"article:published_time\" content=\"2009-07-24T18:15:11+00:00\" \/>\n<meta property=\"og:image\" content=\"http:\/\/www.bellunopress.it\/wp-content\/uploads\/2009\/07\/pierluigi-lucchetta-leggera.jpg\" \/>\n<meta name=\"author\" content=\"redazione\" \/>\n<meta name=\"twitter:card\" content=\"summary_large_image\" \/>\n<meta name=\"twitter:creator\" content=\"@bellunopress\" \/>\n<meta name=\"twitter:site\" content=\"@bellunopress\" \/>\n<meta name=\"twitter:label1\" content=\"\u00c9crit par\" \/>\n\t<meta name=\"twitter:data1\" content=\"redazione\" \/>\n\t<meta name=\"twitter:label2\" content=\"Dur\u00e9e de lecture estim\u00e9e\" \/>\n\t<meta name=\"twitter:data2\" content=\"2 minutes\" \/>\n<script type=\"application\/ld+json\" class=\"yoast-schema-graph\">{\"@context\":\"https:\\\/\\\/schema.org\",\"@graph\":[{\"@type\":\"Article\",\"@id\":\"https:\\\/\\\/www.bellunopress.it\\\/2009\\\/07\\\/24\\\/pierluigi-lucchetta-nuovo-tecnico-del-belluno-in-b2\\\/#article\",\"isPartOf\":{\"@id\":\"https:\\\/\\\/www.bellunopress.it\\\/2009\\\/07\\\/24\\\/pierluigi-lucchetta-nuovo-tecnico-del-belluno-in-b2\\\/\"},\"author\":{\"name\":\"redazione\",\"@id\":\"https:\\\/\\\/www.bellunopress.it\\\/#\\\/schema\\\/person\\\/79bb06722b37ece1c03d3e94beb30d73\"},\"headline\":\"Pierluigi Lucchetta nuovo tecnico del Belluno in B2\",\"datePublished\":\"2009-07-24T18:15:11+00:00\",\"mainEntityOfPage\":{\"@id\":\"https:\\\/\\\/www.bellunopress.it\\\/2009\\\/07\\\/24\\\/pierluigi-lucchetta-nuovo-tecnico-del-belluno-in-b2\\\/\"},\"wordCount\":428,\"publisher\":{\"@id\":\"https:\\\/\\\/www.bellunopress.it\\\/#organization\"},\"image\":{\"@id\":\"https:\\\/\\\/www.bellunopress.it\\\/2009\\\/07\\\/24\\\/pierluigi-lucchetta-nuovo-tecnico-del-belluno-in-b2\\\/#primaryimage\"},\"thumbnailUrl\":\"http:\\\/\\\/www.bellunopress.it\\\/wp-content\\\/uploads\\\/2009\\\/07\\\/pierluigi-lucchetta-leggera.jpg\",\"keywords\":[\"Belluno\"],\"articleSection\":[\"Sport, tempo libero\"],\"inLanguage\":\"fr-FR\"},{\"@type\":\"WebPage\",\"@id\":\"https:\\\/\\\/www.bellunopress.it\\\/2009\\\/07\\\/24\\\/pierluigi-lucchetta-nuovo-tecnico-del-belluno-in-b2\\\/\",\"url\":\"https:\\\/\\\/www.bellunopress.it\\\/2009\\\/07\\\/24\\\/pierluigi-lucchetta-nuovo-tecnico-del-belluno-in-b2\\\/\",\"name\":\"Pierluigi Lucchetta nuovo tecnico del Belluno in B2 - Bellunopress - Dolomiti\",\"isPartOf\":{\"@id\":\"https:\\\/\\\/www.bellunopress.it\\\/#website\"},\"primaryImageOfPage\":{\"@id\":\"https:\\\/\\\/www.bellunopress.it\\\/2009\\\/07\\\/24\\\/pierluigi-lucchetta-nuovo-tecnico-del-belluno-in-b2\\\/#primaryimage\"},\"image\":{\"@id\":\"https:\\\/\\\/www.bellunopress.it\\\/2009\\\/07\\\/24\\\/pierluigi-lucchetta-nuovo-tecnico-del-belluno-in-b2\\\/#primaryimage\"},\"thumbnailUrl\":\"http:\\\/\\\/www.bellunopress.it\\\/wp-content\\\/uploads\\\/2009\\\/07\\\/pierluigi-lucchetta-leggera.jpg\",\"datePublished\":\"2009-07-24T18:15:11+00:00\",\"breadcrumb\":{\"@id\":\"https:\\\/\\\/www.bellunopress.it\\\/2009\\\/07\\\/24\\\/pierluigi-lucchetta-nuovo-tecnico-del-belluno-in-b2\\\/#breadcrumb\"},\"inLanguage\":\"fr-FR\",\"potentialAction\":[{\"@type\":\"ReadAction\",\"target\":[\"https:\\\/\\\/www.bellunopress.it\\\/2009\\\/07\\\/24\\\/pierluigi-lucchetta-nuovo-tecnico-del-belluno-in-b2\\\/\"]}]},{\"@type\":\"ImageObject\",\"inLanguage\":\"fr-FR\",\"@id\":\"https:\\\/\\\/www.bellunopress.it\\\/2009\\\/07\\\/24\\\/pierluigi-lucchetta-nuovo-tecnico-del-belluno-in-b2\\\/#primaryimage\",\"url\":\"http:\\\/\\\/www.bellunopress.it\\\/wp-content\\\/uploads\\\/2009\\\/07\\\/pierluigi-lucchetta-leggera.jpg\",\"contentUrl\":\"http:\\\/\\\/www.bellunopress.it\\\/wp-content\\\/uploads\\\/2009\\\/07\\\/pierluigi-lucchetta-leggera.jpg\"},{\"@type\":\"BreadcrumbList\",\"@id\":\"https:\\\/\\\/www.bellunopress.it\\\/2009\\\/07\\\/24\\\/pierluigi-lucchetta-nuovo-tecnico-del-belluno-in-b2\\\/#breadcrumb\",\"itemListElement\":[{\"@type\":\"ListItem\",\"position\":1,\"name\":\"Home\",\"item\":\"https:\\\/\\\/www.bellunopress.it\\\/\"},{\"@type\":\"ListItem\",\"position\":2,\"name\":\"Pierluigi Lucchetta nuovo tecnico del Belluno in B2\"}]},{\"@type\":\"WebSite\",\"@id\":\"https:\\\/\\\/www.bellunopress.it\\\/#website\",\"url\":\"https:\\\/\\\/www.bellunopress.it\\\/\",\"name\":\"Bellunopress - Dolomiti\",\"description\":\"e-mail: redazione@bellunopress.it\",\"publisher\":{\"@id\":\"https:\\\/\\\/www.bellunopress.it\\\/#organization\"},\"potentialAction\":[{\"@type\":\"SearchAction\",\"target\":{\"@type\":\"EntryPoint\",\"urlTemplate\":\"https:\\\/\\\/www.bellunopress.it\\\/?s={search_term_string}\"},\"query-input\":{\"@type\":\"PropertyValueSpecification\",\"valueRequired\":true,\"valueName\":\"search_term_string\"}}],\"inLanguage\":\"fr-FR\"},{\"@type\":\"Organization\",\"@id\":\"https:\\\/\\\/www.bellunopress.it\\\/#organization\",\"name\":\"Bellunopress\",\"url\":\"https:\\\/\\\/www.bellunopress.it\\\/\",\"logo\":{\"@type\":\"ImageObject\",\"inLanguage\":\"fr-FR\",\"@id\":\"https:\\\/\\\/www.bellunopress.it\\\/#\\\/schema\\\/logo\\\/image\\\/\",\"url\":\"https:\\\/\\\/www.bellunopress.it\\\/wp-content\\\/uploads\\\/2011\\\/05\\\/cropped-logo-bellunopress-.jpg\",\"contentUrl\":\"https:\\\/\\\/www.bellunopress.it\\\/wp-content\\\/uploads\\\/2011\\\/05\\\/cropped-logo-bellunopress-.jpg\",\"width\":512,\"height\":512,\"caption\":\"Bellunopress\"},\"image\":{\"@id\":\"https:\\\/\\\/www.bellunopress.it\\\/#\\\/schema\\\/logo\\\/image\\\/\"},\"sameAs\":[\"https:\\\/\\\/www.facebook.com\\\/profile.php?id=100008943462799\",\"https:\\\/\\\/x.com\\\/bellunopress\",\"https:\\\/\\\/www.linkedin.com\\\/hp\\\/?dnr=JBzUWaJfMUw8vbXJJ2tVW5-I3jZKvC4wsoxE&amp;amp;amp;amp;amp;amp;trk=nav_responsive_tab_home\",\"https:\\\/\\\/www.youtube.com\\\/channel\\\/UCxL0wu1uN0_3_7hGG0306cw\"]},{\"@type\":\"Person\",\"@id\":\"https:\\\/\\\/www.bellunopress.it\\\/#\\\/schema\\\/person\\\/79bb06722b37ece1c03d3e94beb30d73\",\"name\":\"redazione\",\"image\":{\"@type\":\"ImageObject\",\"inLanguage\":\"fr-FR\",\"@id\":\"https:\\\/\\\/secure.gravatar.com\\\/avatar\\\/37d968a2e67a6fd04c169c4bdef102d0bc5d31b2546345219e348575eb80e9a0?s=96&d=mm&r=g\",\"url\":\"https:\\\/\\\/secure.gravatar.com\\\/avatar\\\/37d968a2e67a6fd04c169c4bdef102d0bc5d31b2546345219e348575eb80e9a0?s=96&d=mm&r=g\",\"contentUrl\":\"https:\\\/\\\/secure.gravatar.com\\\/avatar\\\/37d968a2e67a6fd04c169c4bdef102d0bc5d31b2546345219e348575eb80e9a0?s=96&d=mm&r=g\",\"caption\":\"redazione\"},\"sameAs\":[\"http:\\\/\\\/www.bellunopress.it\",\"https:\\\/\\\/x.com\\\/bellunopress\"],\"url\":\"https:\\\/\\\/www.bellunopress.it\\\/fr\\\/author\\\/redazione\\\/\"}]}<\/script>\n<!-- \/ Yoast SEO plugin. -->","yoast_head_json":{"title":"Pierluigi Lucchetta nuovo tecnico del Belluno in B2 - Bellunopress - Dolomiti","robots":{"index":"index","follow":"follow","max-snippet":"max-snippet:-1","max-image-preview":"max-image-preview:large","max-video-preview":"max-video-preview:-1"},"canonical":"https:\/\/www.bellunopress.it\/fr\/2009\/07\/24\/pierluigi-lucchetta-nuovo-tecnico-del-belluno-in-b2\/","og_locale":"fr_FR","og_type":"article","og_title":"Pierluigi Lucchetta nuovo tecnico del Belluno in B2 - Bellunopress - Dolomiti","og_description":"Pierluigi Lucchetta \u00e8 il nuovo allenatore del Top Team Belluno, squadra di volley femminile alla terza stagione di B2. Nuovo anche lo staff, con il secondo allenatore Andrea Sacchetta, che continuer\u00e0 anche l&#8217;impegno di scoutman della Zoppas Industries Conegliano di A1, il preparatore atletico Eduardo Romero e il fisioterapista Denis Balbo. Massimo Meneghetti, viceallenatore uscente, [&hellip;]","og_url":"https:\/\/www.bellunopress.it\/fr\/2009\/07\/24\/pierluigi-lucchetta-nuovo-tecnico-del-belluno-in-b2\/","og_site_name":"Bellunopress - Dolomiti","article_publisher":"https:\/\/www.facebook.com\/profile.php?id=100008943462799","article_published_time":"2009-07-24T18:15:11+00:00","og_image":[{"url":"http:\/\/www.bellunopress.it\/wp-content\/uploads\/2009\/07\/pierluigi-lucchetta-leggera.jpg","type":"","width":"","height":""}],"author":"redazione","twitter_card":"summary_large_image","twitter_creator":"@bellunopress","twitter_site":"@bellunopress","twitter_misc":{"\u00c9crit par":"redazione","Dur\u00e9e de lecture estim\u00e9e":"2 minutes"},"schema":{"@context":"https:\/\/schema.org","@graph":[{"@type":"Article","@id":"https:\/\/www.bellunopress.it\/2009\/07\/24\/pierluigi-lucchetta-nuovo-tecnico-del-belluno-in-b2\/#article","isPartOf":{"@id":"https:\/\/www.bellunopress.it\/2009\/07\/24\/pierluigi-lucchetta-nuovo-tecnico-del-belluno-in-b2\/"},"author":{"name":"redazione","@id":"https:\/\/www.bellunopress.it\/#\/schema\/person\/79bb06722b37ece1c03d3e94beb30d73"},"headline":"Pierluigi Lucchetta nuovo tecnico del Belluno in B2","datePublished":"2009-07-24T18:15:11+00:00","mainEntityOfPage":{"@id":"https:\/\/www.bellunopress.it\/2009\/07\/24\/pierluigi-lucchetta-nuovo-tecnico-del-belluno-in-b2\/"},"wordCount":428,"publisher":{"@id":"https:\/\/www.bellunopress.it\/#organization"},"image":{"@id":"https:\/\/www.bellunopress.it\/2009\/07\/24\/pierluigi-lucchetta-nuovo-tecnico-del-belluno-in-b2\/#primaryimage"},"thumbnailUrl":"http:\/\/www.bellunopress.it\/wp-content\/uploads\/2009\/07\/pierluigi-lucchetta-leggera.jpg","keywords":["Belluno"],"articleSection":["Sport, tempo libero"],"inLanguage":"fr-FR"},{"@type":"WebPage","@id":"https:\/\/www.bellunopress.it\/2009\/07\/24\/pierluigi-lucchetta-nuovo-tecnico-del-belluno-in-b2\/","url":"https:\/\/www.bellunopress.it\/2009\/07\/24\/pierluigi-lucchetta-nuovo-tecnico-del-belluno-in-b2\/","name":"Pierluigi Lucchetta nuovo tecnico del Belluno in B2 - Bellunopress - Dolomiti","isPartOf":{"@id":"https:\/\/www.bellunopress.it\/#website"},"primaryImageOfPage":{"@id":"https:\/\/www.bellunopress.it\/2009\/07\/24\/pierluigi-lucchetta-nuovo-tecnico-del-belluno-in-b2\/#primaryimage"},"image":{"@id":"https:\/\/www.bellunopress.it\/2009\/07\/24\/pierluigi-lucchetta-nuovo-tecnico-del-belluno-in-b2\/#primaryimage"},"thumbnailUrl":"http:\/\/www.bellunopress.it\/wp-content\/uploads\/2009\/07\/pierluigi-lucchetta-leggera.jpg","datePublished":"2009-07-24T18:15:11+00:00","breadcrumb":{"@id":"https:\/\/www.bellunopress.it\/2009\/07\/24\/pierluigi-lucchetta-nuovo-tecnico-del-belluno-in-b2\/#breadcrumb"},"inLanguage":"fr-FR","potentialAction":[{"@type":"ReadAction","target":["https:\/\/www.bellunopress.it\/2009\/07\/24\/pierluigi-lucchetta-nuovo-tecnico-del-belluno-in-b2\/"]}]},{"@type":"ImageObject","inLanguage":"fr-FR","@id":"https:\/\/www.bellunopress.it\/2009\/07\/24\/pierluigi-lucchetta-nuovo-tecnico-del-belluno-in-b2\/#primaryimage","url":"http:\/\/www.bellunopress.it\/wp-content\/uploads\/2009\/07\/pierluigi-lucchetta-leggera.jpg","contentUrl":"http:\/\/www.bellunopress.it\/wp-content\/uploads\/2009\/07\/pierluigi-lucchetta-leggera.jpg"},{"@type":"BreadcrumbList","@id":"https:\/\/www.bellunopress.it\/2009\/07\/24\/pierluigi-lucchetta-nuovo-tecnico-del-belluno-in-b2\/#breadcrumb","itemListElement":[{"@type":"ListItem","position":1,"name":"Home","item":"https:\/\/www.bellunopress.it\/"},{"@type":"ListItem","position":2,"name":"Pierluigi Lucchetta nuovo tecnico del Belluno in B2"}]},{"@type":"WebSite","@id":"https:\/\/www.bellunopress.it\/#website","url":"https:\/\/www.bellunopress.it\/","name":"Bellunopress - Dolomiti","description":"e-mail: redazione@bellunopress.it","publisher":{"@id":"https:\/\/www.bellunopress.it\/#organization"},"potentialAction":[{"@type":"SearchAction","target":{"@type":"EntryPoint","urlTemplate":"https:\/\/www.bellunopress.it\/?s={search_term_string}"},"query-input":{"@type":"PropertyValueSpecification","valueRequired":true,"valueName":"search_term_string"}}],"inLanguage":"fr-FR"},{"@type":"Organization","@id":"https:\/\/www.bellunopress.it\/#organization","name":"Bellunopress","url":"https:\/\/www.bellunopress.it\/","logo":{"@type":"ImageObject","inLanguage":"fr-FR","@id":"https:\/\/www.bellunopress.it\/#\/schema\/logo\/image\/","url":"https:\/\/www.bellunopress.it\/wp-content\/uploads\/2011\/05\/cropped-logo-bellunopress-.jpg","contentUrl":"https:\/\/www.bellunopress.it\/wp-content\/uploads\/2011\/05\/cropped-logo-bellunopress-.jpg","width":512,"height":512,"caption":"Bellunopress"},"image":{"@id":"https:\/\/www.bellunopress.it\/#\/schema\/logo\/image\/"},"sameAs":["https:\/\/www.facebook.com\/profile.php?id=100008943462799","https:\/\/x.com\/bellunopress","https:\/\/www.linkedin.com\/hp\/?dnr=JBzUWaJfMUw8vbXJJ2tVW5-I3jZKvC4wsoxE&amp;amp;amp;amp;amp;amp;trk=nav_responsive_tab_home","https:\/\/www.youtube.com\/channel\/UCxL0wu1uN0_3_7hGG0306cw"]},{"@type":"Person","@id":"https:\/\/www.bellunopress.it\/#\/schema\/person\/79bb06722b37ece1c03d3e94beb30d73","name":"r\u00e9daction","image":{"@type":"ImageObject","inLanguage":"fr-FR","@id":"https:\/\/secure.gravatar.com\/avatar\/37d968a2e67a6fd04c169c4bdef102d0bc5d31b2546345219e348575eb80e9a0?s=96&d=mm&r=g","url":"https:\/\/secure.gravatar.com\/avatar\/37d968a2e67a6fd04c169c4bdef102d0bc5d31b2546345219e348575eb80e9a0?s=96&d=mm&r=g","contentUrl":"https:\/\/secure.gravatar.com\/avatar\/37d968a2e67a6fd04c169c4bdef102d0bc5d31b2546345219e348575eb80e9a0?s=96&d=mm&r=g","caption":"redazione"},"sameAs":["http:\/\/www.bellunopress.it","https:\/\/x.com\/bellunopress"],"url":"https:\/\/www.bellunopress.it\/fr\/author\/redazione\/"}]}},"_links":{"self":[{"href":"https:\/\/www.bellunopress.it\/fr\/wp-json\/wp\/v2\/posts\/6364","targetHints":{"allow":["GET"]}}],"collection":[{"href":"https:\/\/www.bellunopress.it\/fr\/wp-json\/wp\/v2\/posts"}],"about":[{"href":"https:\/\/www.bellunopress.it\/fr\/wp-json\/wp\/v2\/types\/post"}],"author":[{"embeddable":true,"href":"https:\/\/www.bellunopress.it\/fr\/wp-json\/wp\/v2\/users\/2"}],"replies":[{"embeddable":true,"href":"https:\/\/www.bellunopress.it\/fr\/wp-json\/wp\/v2\/comments?post=6364"}],"version-history":[{"count":1,"href":"https:\/\/www.bellunopress.it\/fr\/wp-json\/wp\/v2\/posts\/6364\/revisions"}],"predecessor-version":[{"id":6366,"href":"https:\/\/www.bellunopress.it\/fr\/wp-json\/wp\/v2\/posts\/6364\/revisions\/6366"}],"wp:attachment":[{"href":"https:\/\/www.bellunopress.it\/fr\/wp-json\/wp\/v2\/media?parent=6364"}],"wp:term":[{"taxonomy":"category","embeddable":true,"href":"https:\/\/www.bellunopress.it\/fr\/wp-json\/wp\/v2\/categories?post=6364"},{"taxonomy":"post_tag","embeddable":true,"href":"https:\/\/www.bellunopress.it\/fr\/wp-json\/wp\/v2\/tags?post=6364"}],"curies":[{"name":"wp","href":"https:\/\/api.w.org\/{rel}","templated":true}]}}