{"id":6352,"date":"2009-07-24T18:50:59","date_gmt":"2009-07-24T17:50:59","guid":{"rendered":"http:\/\/www.bellunopress.it\/?p=6352"},"modified":"2009-07-24T18:50:59","modified_gmt":"2009-07-24T17:50:59","slug":"%e2%80%9cen-plein-air%e2%80%9d-laboratorio-di-disegno-e-pittura-all%e2%80%99aperto-per-bambini-e-ragazzi","status":"publish","type":"post","link":"https:\/\/www.bellunopress.it\/fr\/2009\/07\/24\/%e2%80%9cen-plein-air%e2%80%9d-laboratorio-di-disegno-e-pittura-all%e2%80%99aperto-per-bambini-e-ragazzi\/","title":{"rendered":"\u201cEn plein air\u201d  Laboratorio di disegno e pittura all\u2019aperto  per bambini e ragazzi"},"content":{"rendered":"<p>La Biblioteca Civica di Belluno con la collaborazione di Dino Maraga organizza un corso &#8211; laboratorio di disegno e pittura per bambini e ragazzi (dagli 8 ai 12 anni) denominato \u201cEn plein air\u201d. Il termine francese indica un metodo pittorico in voga soprattutto nell\u2019Ottocento europeo, che fu grandemente utilizzato dagli impressionisti. Il principio base della pittura en plein air \u00e8 quello di dipingere all&#8217;aria aperta per cogliere le sottili sfumature che la luce genera su ogni particolare e quindi di cogliere la vera essenza delle cose. Cos\u00ec i piccoli artisti\u00a0 usciranno per le vie, piazze e parchi\u00a0 di Belluno per ritrarre gli scorci o i panorami della citt\u00e0 nei vari momenti di vita. Si partir\u00e0 dalla conoscenza della matita, dello spazio del foglio, della gestualit\u00e0, dei segni di costruzione, si realizzeranno disegni con i pastelli,\u00a0 matite colorate, l\u2019acquerello e\u00a0 tecniche miste. Si user\u00e0 il blocco \u201cappunti di viaggio\u201d per gli schizzi veloci a penna biro e infine la realizzazione del colore ad olio con i pigmenti colorati con i quali realizzare delle opere. Saranno studiate le forme d\u2019ingombro degli sfondi e dei soggetti, con particolare attenzione alle forme degli alberi e alla loro realizzazione sia a disegno che in pittura. L\u2019obiettivo dell\u2019attivit\u00e0 \u00e8 far interessare i ragazzi a questa arte e di far loro evitare gli stereotipi attraverso l\u2019osservazione.\u00a0 Gli appuntamenti previsti sono: agosto: 18-19-21-25-26-28 e 1 settembre, dalle ore 9.00 alle 12.30. Il punto di incontro sar\u00e0 la sede della biblioteca dei ragazzi . A partire dal 27 luglio saranno accettate fino a 20 iscrizioni, con un contributo spese di 15.00 \u20ac. Informazioni e prenotazioni presso la sede della Biblioteca dei Ragazzi via Ripa 3 Belluno. (Tel. 043725727 e-mail: biblioteca@comune.belluno.it).<\/p>","protected":false},"excerpt":{"rendered":"<p>La Biblioteca Civica di Belluno con la collaborazione di Dino Maraga organizza un corso &#8211; laboratorio di disegno e pittura per bambini e ragazzi (dagli 8 ai 12 anni) denominato \u201cEn plein air\u201d. Il termine francese indica un metodo pittorico in voga soprattutto nell\u2019Ottocento europeo, che fu grandemente utilizzato dagli impressionisti. Il principio base della [&hellip;]<\/p>\n","protected":false},"author":2,"featured_media":0,"comment_status":"closed","ping_status":"open","sticky":false,"template":"","format":"standard","meta":{"footnotes":""},"categories":[3,25],"tags":[139],"class_list":["post-6352","post","type-post","status-publish","format-standard","category-arte-cultura-spettacoli-scienza-archivi","category-pausa-caffe","tag-belluno"],"yoast_head":"<!-- This site is optimized with the Yoast SEO plugin v28.4 - https:\/\/yoast.com\/product\/yoast-seo-wordpress\/ -->\n<title>\u201cEn plein air\u201d Laboratorio di disegno e pittura all\u2019aperto per bambini e ragazzi - Bellunopress - Dolomiti<\/title>\n<meta name=\"robots\" content=\"index, follow, max-snippet:-1, max-image-preview:large, max-video-preview:-1\" \/>\n<link rel=\"canonical\" href=\"https:\/\/www.bellunopress.it\/fr\/2009\/07\/24\/\u201cen-plein-air\u201d-laboratorio-di-disegno-e-pittura-all\u2019aperto-per-bambini-e-ragazzi\/\" \/>\n<meta property=\"og:locale\" content=\"fr_FR\" \/>\n<meta property=\"og:type\" content=\"article\" \/>\n<meta property=\"og:title\" content=\"\u201cEn plein air\u201d Laboratorio di disegno e pittura all\u2019aperto per bambini e ragazzi - Bellunopress - Dolomiti\" \/>\n<meta property=\"og:description\" content=\"La Biblioteca Civica di Belluno con la collaborazione di Dino Maraga organizza un corso &#8211; laboratorio di disegno e pittura per bambini e ragazzi (dagli 8 ai 12 anni) denominato \u201cEn plein air\u201d. Il termine francese indica un metodo pittorico in voga soprattutto nell\u2019Ottocento europeo, che fu grandemente utilizzato dagli impressionisti. Il principio base della [&hellip;]\" \/>\n<meta property=\"og:url\" content=\"https:\/\/www.bellunopress.it\/fr\/2009\/07\/24\/\u201cen-plein-air\u201d-laboratorio-di-disegno-e-pittura-all\u2019aperto-per-bambini-e-ragazzi\/\" \/>\n<meta property=\"og:site_name\" content=\"Bellunopress - Dolomiti\" \/>\n<meta property=\"article:publisher\" content=\"https:\/\/www.facebook.com\/profile.php?id=100008943462799\" \/>\n<meta property=\"article:published_time\" content=\"2009-07-24T17:50:59+00:00\" \/>\n<meta property=\"og:image\" content=\"http:\/\/www.bellunopress.it\/wp-content\/uploads\/2012\/07\/logo-bellunopress-250x250-2012.jpg\" \/>\n<meta name=\"author\" content=\"redazione\" \/>\n<meta name=\"twitter:card\" content=\"summary_large_image\" \/>\n<meta name=\"twitter:creator\" content=\"@bellunopress\" \/>\n<meta name=\"twitter:site\" content=\"@bellunopress\" \/>\n<meta name=\"twitter:label1\" content=\"\u00c9crit par\" \/>\n\t<meta name=\"twitter:data1\" content=\"redazione\" \/>\n\t<meta name=\"twitter:label2\" content=\"Dur\u00e9e de lecture estim\u00e9e\" \/>\n\t<meta name=\"twitter:data2\" content=\"1 minute\" \/>\n<script type=\"application\/ld+json\" class=\"yoast-schema-graph\">{\"@context\":\"https:\\\/\\\/schema.org\",\"@graph\":[{\"@type\":\"Article\",\"@id\":\"https:\\\/\\\/www.bellunopress.it\\\/2009\\\/07\\\/24\\\/%e2%80%9cen-plein-air%e2%80%9d-laboratorio-di-disegno-e-pittura-all%e2%80%99aperto-per-bambini-e-ragazzi\\\/#article\",\"isPartOf\":{\"@id\":\"https:\\\/\\\/www.bellunopress.it\\\/2009\\\/07\\\/24\\\/%e2%80%9cen-plein-air%e2%80%9d-laboratorio-di-disegno-e-pittura-all%e2%80%99aperto-per-bambini-e-ragazzi\\\/\"},\"author\":{\"name\":\"redazione\",\"@id\":\"https:\\\/\\\/www.bellunopress.it\\\/#\\\/schema\\\/person\\\/79bb06722b37ece1c03d3e94beb30d73\"},\"headline\":\"\u201cEn plein air\u201d Laboratorio di disegno e pittura all\u2019aperto per bambini e ragazzi\",\"datePublished\":\"2009-07-24T17:50:59+00:00\",\"mainEntityOfPage\":{\"@id\":\"https:\\\/\\\/www.bellunopress.it\\\/2009\\\/07\\\/24\\\/%e2%80%9cen-plein-air%e2%80%9d-laboratorio-di-disegno-e-pittura-all%e2%80%99aperto-per-bambini-e-ragazzi\\\/\"},\"wordCount\":295,\"publisher\":{\"@id\":\"https:\\\/\\\/www.bellunopress.it\\\/#organization\"},\"keywords\":[\"Belluno\"],\"articleSection\":[\"Arte, Cultura, Spettacoli, Scienza\",\"Pausa Caff\u00e8\"],\"inLanguage\":\"fr-FR\"},{\"@type\":\"WebPage\",\"@id\":\"https:\\\/\\\/www.bellunopress.it\\\/2009\\\/07\\\/24\\\/%e2%80%9cen-plein-air%e2%80%9d-laboratorio-di-disegno-e-pittura-all%e2%80%99aperto-per-bambini-e-ragazzi\\\/\",\"url\":\"https:\\\/\\\/www.bellunopress.it\\\/2009\\\/07\\\/24\\\/%e2%80%9cen-plein-air%e2%80%9d-laboratorio-di-disegno-e-pittura-all%e2%80%99aperto-per-bambini-e-ragazzi\\\/\",\"name\":\"\u201cEn plein air\u201d Laboratorio di disegno e pittura all\u2019aperto per bambini e ragazzi - Bellunopress - Dolomiti\",\"isPartOf\":{\"@id\":\"https:\\\/\\\/www.bellunopress.it\\\/#website\"},\"datePublished\":\"2009-07-24T17:50:59+00:00\",\"breadcrumb\":{\"@id\":\"https:\\\/\\\/www.bellunopress.it\\\/2009\\\/07\\\/24\\\/%e2%80%9cen-plein-air%e2%80%9d-laboratorio-di-disegno-e-pittura-all%e2%80%99aperto-per-bambini-e-ragazzi\\\/#breadcrumb\"},\"inLanguage\":\"fr-FR\",\"potentialAction\":[{\"@type\":\"ReadAction\",\"target\":[\"https:\\\/\\\/www.bellunopress.it\\\/2009\\\/07\\\/24\\\/%e2%80%9cen-plein-air%e2%80%9d-laboratorio-di-disegno-e-pittura-all%e2%80%99aperto-per-bambini-e-ragazzi\\\/\"]}]},{\"@type\":\"BreadcrumbList\",\"@id\":\"https:\\\/\\\/www.bellunopress.it\\\/2009\\\/07\\\/24\\\/%e2%80%9cen-plein-air%e2%80%9d-laboratorio-di-disegno-e-pittura-all%e2%80%99aperto-per-bambini-e-ragazzi\\\/#breadcrumb\",\"itemListElement\":[{\"@type\":\"ListItem\",\"position\":1,\"name\":\"Home\",\"item\":\"https:\\\/\\\/www.bellunopress.it\\\/\"},{\"@type\":\"ListItem\",\"position\":2,\"name\":\"\u201cEn plein air\u201d Laboratorio di disegno e pittura all\u2019aperto per bambini e ragazzi\"}]},{\"@type\":\"WebSite\",\"@id\":\"https:\\\/\\\/www.bellunopress.it\\\/#website\",\"url\":\"https:\\\/\\\/www.bellunopress.it\\\/\",\"name\":\"Bellunopress - Dolomiti\",\"description\":\"e-mail: redazione@bellunopress.it\",\"publisher\":{\"@id\":\"https:\\\/\\\/www.bellunopress.it\\\/#organization\"},\"potentialAction\":[{\"@type\":\"SearchAction\",\"target\":{\"@type\":\"EntryPoint\",\"urlTemplate\":\"https:\\\/\\\/www.bellunopress.it\\\/?s={search_term_string}\"},\"query-input\":{\"@type\":\"PropertyValueSpecification\",\"valueRequired\":true,\"valueName\":\"search_term_string\"}}],\"inLanguage\":\"fr-FR\"},{\"@type\":\"Organization\",\"@id\":\"https:\\\/\\\/www.bellunopress.it\\\/#organization\",\"name\":\"Bellunopress\",\"url\":\"https:\\\/\\\/www.bellunopress.it\\\/\",\"logo\":{\"@type\":\"ImageObject\",\"inLanguage\":\"fr-FR\",\"@id\":\"https:\\\/\\\/www.bellunopress.it\\\/#\\\/schema\\\/logo\\\/image\\\/\",\"url\":\"https:\\\/\\\/www.bellunopress.it\\\/wp-content\\\/uploads\\\/2011\\\/05\\\/cropped-logo-bellunopress-.jpg\",\"contentUrl\":\"https:\\\/\\\/www.bellunopress.it\\\/wp-content\\\/uploads\\\/2011\\\/05\\\/cropped-logo-bellunopress-.jpg\",\"width\":512,\"height\":512,\"caption\":\"Bellunopress\"},\"image\":{\"@id\":\"https:\\\/\\\/www.bellunopress.it\\\/#\\\/schema\\\/logo\\\/image\\\/\"},\"sameAs\":[\"https:\\\/\\\/www.facebook.com\\\/profile.php?id=100008943462799\",\"https:\\\/\\\/x.com\\\/bellunopress\",\"https:\\\/\\\/www.linkedin.com\\\/hp\\\/?dnr=JBzUWaJfMUw8vbXJJ2tVW5-I3jZKvC4wsoxE&amp;amp;amp;amp;amp;amp;trk=nav_responsive_tab_home\",\"https:\\\/\\\/www.youtube.com\\\/channel\\\/UCxL0wu1uN0_3_7hGG0306cw\"]},{\"@type\":\"Person\",\"@id\":\"https:\\\/\\\/www.bellunopress.it\\\/#\\\/schema\\\/person\\\/79bb06722b37ece1c03d3e94beb30d73\",\"name\":\"redazione\",\"image\":{\"@type\":\"ImageObject\",\"inLanguage\":\"fr-FR\",\"@id\":\"https:\\\/\\\/secure.gravatar.com\\\/avatar\\\/37d968a2e67a6fd04c169c4bdef102d0bc5d31b2546345219e348575eb80e9a0?s=96&d=mm&r=g\",\"url\":\"https:\\\/\\\/secure.gravatar.com\\\/avatar\\\/37d968a2e67a6fd04c169c4bdef102d0bc5d31b2546345219e348575eb80e9a0?s=96&d=mm&r=g\",\"contentUrl\":\"https:\\\/\\\/secure.gravatar.com\\\/avatar\\\/37d968a2e67a6fd04c169c4bdef102d0bc5d31b2546345219e348575eb80e9a0?s=96&d=mm&r=g\",\"caption\":\"redazione\"},\"sameAs\":[\"http:\\\/\\\/www.bellunopress.it\",\"https:\\\/\\\/x.com\\\/bellunopress\"],\"url\":\"https:\\\/\\\/www.bellunopress.it\\\/fr\\\/author\\\/redazione\\\/\"}]}<\/script>\n<!-- \/ Yoast SEO plugin. -->","yoast_head_json":{"title":"\u201cEn plein air\u201d Laboratorio di disegno e pittura all\u2019aperto per bambini e ragazzi - Bellunopress - Dolomiti","robots":{"index":"index","follow":"follow","max-snippet":"max-snippet:-1","max-image-preview":"max-image-preview:large","max-video-preview":"max-video-preview:-1"},"canonical":"https:\/\/www.bellunopress.it\/fr\/2009\/07\/24\/\u201cen-plein-air\u201d-laboratorio-di-disegno-e-pittura-all\u2019aperto-per-bambini-e-ragazzi\/","og_locale":"fr_FR","og_type":"article","og_title":"\u201cEn plein air\u201d Laboratorio di disegno e pittura all\u2019aperto per bambini e ragazzi - Bellunopress - Dolomiti","og_description":"La Biblioteca Civica di Belluno con la collaborazione di Dino Maraga organizza un corso &#8211; laboratorio di disegno e pittura per bambini e ragazzi (dagli 8 ai 12 anni) denominato \u201cEn plein air\u201d. Il termine francese indica un metodo pittorico in voga soprattutto nell\u2019Ottocento europeo, che fu grandemente utilizzato dagli impressionisti. Il principio base della [&hellip;]","og_url":"https:\/\/www.bellunopress.it\/fr\/2009\/07\/24\/\u201cen-plein-air\u201d-laboratorio-di-disegno-e-pittura-all\u2019aperto-per-bambini-e-ragazzi\/","og_site_name":"Bellunopress - Dolomiti","article_publisher":"https:\/\/www.facebook.com\/profile.php?id=100008943462799","article_published_time":"2009-07-24T17:50:59+00:00","og_image":[{"url":"http:\/\/www.bellunopress.it\/wp-content\/uploads\/2012\/07\/logo-bellunopress-250x250-2012.jpg","type":"","width":"","height":""}],"author":"redazione","twitter_card":"summary_large_image","twitter_creator":"@bellunopress","twitter_site":"@bellunopress","twitter_misc":{"\u00c9crit par":"redazione","Dur\u00e9e de lecture estim\u00e9e":"1 minute"},"schema":{"@context":"https:\/\/schema.org","@graph":[{"@type":"Article","@id":"https:\/\/www.bellunopress.it\/2009\/07\/24\/%e2%80%9cen-plein-air%e2%80%9d-laboratorio-di-disegno-e-pittura-all%e2%80%99aperto-per-bambini-e-ragazzi\/#article","isPartOf":{"@id":"https:\/\/www.bellunopress.it\/2009\/07\/24\/%e2%80%9cen-plein-air%e2%80%9d-laboratorio-di-disegno-e-pittura-all%e2%80%99aperto-per-bambini-e-ragazzi\/"},"author":{"name":"redazione","@id":"https:\/\/www.bellunopress.it\/#\/schema\/person\/79bb06722b37ece1c03d3e94beb30d73"},"headline":"\u201cEn plein air\u201d Laboratorio di disegno e pittura all\u2019aperto per bambini e ragazzi","datePublished":"2009-07-24T17:50:59+00:00","mainEntityOfPage":{"@id":"https:\/\/www.bellunopress.it\/2009\/07\/24\/%e2%80%9cen-plein-air%e2%80%9d-laboratorio-di-disegno-e-pittura-all%e2%80%99aperto-per-bambini-e-ragazzi\/"},"wordCount":295,"publisher":{"@id":"https:\/\/www.bellunopress.it\/#organization"},"keywords":["Belluno"],"articleSection":["Arte, Cultura, Spettacoli, Scienza","Pausa Caff\u00e8"],"inLanguage":"fr-FR"},{"@type":"WebPage","@id":"https:\/\/www.bellunopress.it\/2009\/07\/24\/%e2%80%9cen-plein-air%e2%80%9d-laboratorio-di-disegno-e-pittura-all%e2%80%99aperto-per-bambini-e-ragazzi\/","url":"https:\/\/www.bellunopress.it\/2009\/07\/24\/%e2%80%9cen-plein-air%e2%80%9d-laboratorio-di-disegno-e-pittura-all%e2%80%99aperto-per-bambini-e-ragazzi\/","name":"\u201cEn plein air\u201d Laboratorio di disegno e pittura all\u2019aperto per bambini e ragazzi - Bellunopress - Dolomiti","isPartOf":{"@id":"https:\/\/www.bellunopress.it\/#website"},"datePublished":"2009-07-24T17:50:59+00:00","breadcrumb":{"@id":"https:\/\/www.bellunopress.it\/2009\/07\/24\/%e2%80%9cen-plein-air%e2%80%9d-laboratorio-di-disegno-e-pittura-all%e2%80%99aperto-per-bambini-e-ragazzi\/#breadcrumb"},"inLanguage":"fr-FR","potentialAction":[{"@type":"ReadAction","target":["https:\/\/www.bellunopress.it\/2009\/07\/24\/%e2%80%9cen-plein-air%e2%80%9d-laboratorio-di-disegno-e-pittura-all%e2%80%99aperto-per-bambini-e-ragazzi\/"]}]},{"@type":"BreadcrumbList","@id":"https:\/\/www.bellunopress.it\/2009\/07\/24\/%e2%80%9cen-plein-air%e2%80%9d-laboratorio-di-disegno-e-pittura-all%e2%80%99aperto-per-bambini-e-ragazzi\/#breadcrumb","itemListElement":[{"@type":"ListItem","position":1,"name":"Home","item":"https:\/\/www.bellunopress.it\/"},{"@type":"ListItem","position":2,"name":"\u201cEn plein air\u201d Laboratorio di disegno e pittura all\u2019aperto per bambini e ragazzi"}]},{"@type":"WebSite","@id":"https:\/\/www.bellunopress.it\/#website","url":"https:\/\/www.bellunopress.it\/","name":"Bellunopress - Dolomiti","description":"e-mail: redazione@bellunopress.it","publisher":{"@id":"https:\/\/www.bellunopress.it\/#organization"},"potentialAction":[{"@type":"SearchAction","target":{"@type":"EntryPoint","urlTemplate":"https:\/\/www.bellunopress.it\/?s={search_term_string}"},"query-input":{"@type":"PropertyValueSpecification","valueRequired":true,"valueName":"search_term_string"}}],"inLanguage":"fr-FR"},{"@type":"Organization","@id":"https:\/\/www.bellunopress.it\/#organization","name":"Bellunopress","url":"https:\/\/www.bellunopress.it\/","logo":{"@type":"ImageObject","inLanguage":"fr-FR","@id":"https:\/\/www.bellunopress.it\/#\/schema\/logo\/image\/","url":"https:\/\/www.bellunopress.it\/wp-content\/uploads\/2011\/05\/cropped-logo-bellunopress-.jpg","contentUrl":"https:\/\/www.bellunopress.it\/wp-content\/uploads\/2011\/05\/cropped-logo-bellunopress-.jpg","width":512,"height":512,"caption":"Bellunopress"},"image":{"@id":"https:\/\/www.bellunopress.it\/#\/schema\/logo\/image\/"},"sameAs":["https:\/\/www.facebook.com\/profile.php?id=100008943462799","https:\/\/x.com\/bellunopress","https:\/\/www.linkedin.com\/hp\/?dnr=JBzUWaJfMUw8vbXJJ2tVW5-I3jZKvC4wsoxE&amp;amp;amp;amp;amp;amp;trk=nav_responsive_tab_home","https:\/\/www.youtube.com\/channel\/UCxL0wu1uN0_3_7hGG0306cw"]},{"@type":"Person","@id":"https:\/\/www.bellunopress.it\/#\/schema\/person\/79bb06722b37ece1c03d3e94beb30d73","name":"r\u00e9daction","image":{"@type":"ImageObject","inLanguage":"fr-FR","@id":"https:\/\/secure.gravatar.com\/avatar\/37d968a2e67a6fd04c169c4bdef102d0bc5d31b2546345219e348575eb80e9a0?s=96&d=mm&r=g","url":"https:\/\/secure.gravatar.com\/avatar\/37d968a2e67a6fd04c169c4bdef102d0bc5d31b2546345219e348575eb80e9a0?s=96&d=mm&r=g","contentUrl":"https:\/\/secure.gravatar.com\/avatar\/37d968a2e67a6fd04c169c4bdef102d0bc5d31b2546345219e348575eb80e9a0?s=96&d=mm&r=g","caption":"redazione"},"sameAs":["http:\/\/www.bellunopress.it","https:\/\/x.com\/bellunopress"],"url":"https:\/\/www.bellunopress.it\/fr\/author\/redazione\/"}]}},"_links":{"self":[{"href":"https:\/\/www.bellunopress.it\/fr\/wp-json\/wp\/v2\/posts\/6352","targetHints":{"allow":["GET"]}}],"collection":[{"href":"https:\/\/www.bellunopress.it\/fr\/wp-json\/wp\/v2\/posts"}],"about":[{"href":"https:\/\/www.bellunopress.it\/fr\/wp-json\/wp\/v2\/types\/post"}],"author":[{"embeddable":true,"href":"https:\/\/www.bellunopress.it\/fr\/wp-json\/wp\/v2\/users\/2"}],"replies":[{"embeddable":true,"href":"https:\/\/www.bellunopress.it\/fr\/wp-json\/wp\/v2\/comments?post=6352"}],"version-history":[{"count":1,"href":"https:\/\/www.bellunopress.it\/fr\/wp-json\/wp\/v2\/posts\/6352\/revisions"}],"predecessor-version":[{"id":6353,"href":"https:\/\/www.bellunopress.it\/fr\/wp-json\/wp\/v2\/posts\/6352\/revisions\/6353"}],"wp:attachment":[{"href":"https:\/\/www.bellunopress.it\/fr\/wp-json\/wp\/v2\/media?parent=6352"}],"wp:term":[{"taxonomy":"category","embeddable":true,"href":"https:\/\/www.bellunopress.it\/fr\/wp-json\/wp\/v2\/categories?post=6352"},{"taxonomy":"post_tag","embeddable":true,"href":"https:\/\/www.bellunopress.it\/fr\/wp-json\/wp\/v2\/tags?post=6352"}],"curies":[{"name":"wp","href":"https:\/\/api.w.org\/{rel}","templated":true}]}}