{"id":6350,"date":"2009-07-24T18:46:28","date_gmt":"2009-07-24T17:46:28","guid":{"rendered":"http:\/\/www.bellunopress.it\/?p=6350"},"modified":"2009-07-24T18:46:28","modified_gmt":"2009-07-24T17:46:28","slug":"la-pedalonga-marathon-a-coppie-di-mtb-ancora-aperte-le-iscrizioni","status":"publish","type":"post","link":"https:\/\/www.bellunopress.it\/fr\/2009\/07\/24\/la-pedalonga-marathon-a-coppie-di-mtb-ancora-aperte-le-iscrizioni\/","title":{"rendered":"La Pedalonga marathon a coppie di mtb: ancora aperte le iscrizioni"},"content":{"rendered":"<p>Manca poco pi\u00f9 di una settimana al via della Pedalonga. La manifestazione di mountain bike che si svolger\u00e0 a Sega Digon domenica 3 agosto entra nel vivo. <a href=\"http:\/\/www.bellunopress.it\/wp-content\/uploads\/2009\/04\/mtb-leggera.jpg\"><img loading=\"lazy\" decoding=\"async\" class=\"alignleft size-medium wp-image-2698\" title=\"mtb-leggera\" src=\"http:\/\/www.bellunopress.it\/wp-content\/uploads\/2009\/04\/mtb-leggera.jpg\" alt=\"\" width=\"280\" height=\"187\" \/><\/a> Mentre nel sito www.sportis.it continuano ad arrivare le nuove iscrizioni e gli accoppiamenti degli atleti iscritti alla Coppa Veneto, il comitato organizzatore presieduto da Michele Festini Purlan fa sapere qualche anticipazione sul materiale che tutti gli atleti troveranno nel proprio pacco gara e sulla situazione dei ristori lungo il percorso.<br \/>\n\u201cAnche per questa edizione \u2013 racconta il giovane presidente \u2013 abbiamo voluto preparare, per i nostri iscritti, un pacco gara di qualit\u00e0. In collaborazione con la Liqugas, sponsor tecnico della manifestazione, abbiamo inserito una borraccia del Team corse ufficiale Liquigas marchiata Elite. Gli atleti inoltre troveranno una bottiglia di Acqua Dolomia della sorgente di Claut, non mancheranno gli immancabili biscotti Sartorelli, una barretta di cereali della Barilla e un carbongel della Agisko. Ci sar\u00e0 anche la classica mela della salute.\u201d. \u201cI ristori saranno tre sul percorso lungo 42Km \u2013 continua Michele Festini &#8211; il primo a Malga Silvella, dove si potranno anche gustare delle specialit\u00e0 locali, il secondo al gran premio della montagna a quota 2400 metri. Dal momento che gli atleti arriveranno molto provati troveranno bevande calde e integratori di ogni genere, oltre all\u2019allegria dei responsabili che presidiano il luogo con particolare gelosia. L\u2019ultimo ristoro sar\u00e0 a Casamazzagno, quest\u2019anno spostato nella piazza centrale per fare in modo che anche il paese possa apprezzare questa splendida manifestazione. Al ristoro saranno offerti solo liquidi in quanto l\u2019arrivo \u00e8 a soli sei chilometri, quindi \u00e8 sufficiente l\u2019integrazione liquida. Da non dimenticare il ristoro finale, che oltre ad avere ogni tipo di bevanda e di alimento avr\u00e0 le prelibate torte preparate in casa dalle donne del comitato organizzatore. Terminata la gara, gli atleti potranno partecipare al ricco pasta party. che noi vogliamo chiamare \u201cPranzo Party\u201d, perch\u00e9 verr\u00e0 fornito un primo di pasta con due tipi di condimenti, un secondo di carne, il contorno e il dolce Sartorelli.\u201d<\/p>\n<p>CIRCUITO MTB VAL COMELICO<\/p>\n<p>La prima prova si correr\u00e0 il prossimo sabato 25 luglio in occasione della nuova cronoscalata a coppie a inseguimento, Vertical Zovo a Costalissoio. La gara con partenza da Costalissoio alle ore 10, ha uno sviluppo di sette chilometri e mezzo con un dislivello di sola salita di settecento metri. Alla gara si parteciper\u00e0 in coppia con la formula a inseguimento. Per le iscrizioni, www.pedalonga.it<\/p>\n<p>Le altre prove del circuito.<\/p>\n<p>Domenica 2 agosto La Pedalonga (Comelico Superiore) a coppie &#8211; Coutry Special 42 km dislivello 1800mt;<br \/>\nSabato 8 agosto Staffetta di Danta (a squadre di 3 elementi);<br \/>\nDomenica 16 agosto Baiarde Bike (S. Stefano di Cadore);<br \/>\nDomenica 30 agosto Memorial Pinuccio (Val Visdende).<br \/>\nLe iscrizioni della Pedalonga si chiuderanno il 26 luglio, per maggiori informazioni e iscrizioni www.sportis.it e www.lapedalonga.it<\/p>","protected":false},"excerpt":{"rendered":"<p>Manca poco pi\u00f9 di una settimana al via della Pedalonga. La manifestazione di mountain bike che si svolger\u00e0 a Sega Digon domenica 3 agosto entra nel vivo. Mentre nel sito www.sportis.it continuano ad arrivare le nuove iscrizioni e gli accoppiamenti degli atleti iscritti alla Coppa Veneto, il comitato organizzatore presieduto da Michele Festini Purlan fa [&hellip;]<\/p>\n","protected":false},"author":2,"featured_media":0,"comment_status":"closed","ping_status":"open","sticky":false,"template":"","format":"standard","meta":{"footnotes":""},"categories":[25,4],"tags":[139,151],"class_list":["post-6350","post","type-post","status-publish","format-standard","category-pausa-caffe","category-sport","tag-belluno","tag-cadore"],"yoast_head":"<!-- This site is optimized with the Yoast SEO plugin v28.4 - https:\/\/yoast.com\/product\/yoast-seo-wordpress\/ -->\n<title>La Pedalonga marathon a coppie di mtb: ancora aperte le iscrizioni - Bellunopress - Dolomiti<\/title>\n<meta name=\"robots\" content=\"index, follow, max-snippet:-1, max-image-preview:large, max-video-preview:-1\" \/>\n<link rel=\"canonical\" href=\"https:\/\/www.bellunopress.it\/fr\/2009\/07\/24\/la-pedalonga-marathon-a-coppie-di-mtb-ancora-aperte-le-iscrizioni\/\" \/>\n<meta property=\"og:locale\" content=\"fr_FR\" \/>\n<meta property=\"og:type\" content=\"article\" \/>\n<meta property=\"og:title\" content=\"La Pedalonga marathon a coppie di mtb: ancora aperte le iscrizioni - Bellunopress - Dolomiti\" \/>\n<meta property=\"og:description\" content=\"Manca poco pi\u00f9 di una settimana al via della Pedalonga. La manifestazione di mountain bike che si svolger\u00e0 a Sega Digon domenica 3 agosto entra nel vivo. Mentre nel sito www.sportis.it continuano ad arrivare le nuove iscrizioni e gli accoppiamenti degli atleti iscritti alla Coppa Veneto, il comitato organizzatore presieduto da Michele Festini Purlan fa [&hellip;]\" \/>\n<meta property=\"og:url\" content=\"https:\/\/www.bellunopress.it\/fr\/2009\/07\/24\/la-pedalonga-marathon-a-coppie-di-mtb-ancora-aperte-le-iscrizioni\/\" \/>\n<meta property=\"og:site_name\" content=\"Bellunopress - Dolomiti\" \/>\n<meta property=\"article:publisher\" content=\"https:\/\/www.facebook.com\/profile.php?id=100008943462799\" \/>\n<meta property=\"article:published_time\" content=\"2009-07-24T17:46:28+00:00\" \/>\n<meta property=\"og:image\" content=\"http:\/\/www.bellunopress.it\/wp-content\/uploads\/2009\/04\/mtb-leggera.jpg\" \/>\n<meta name=\"author\" content=\"redazione\" \/>\n<meta name=\"twitter:card\" content=\"summary_large_image\" \/>\n<meta name=\"twitter:creator\" content=\"@bellunopress\" \/>\n<meta name=\"twitter:site\" content=\"@bellunopress\" \/>\n<meta name=\"twitter:label1\" content=\"\u00c9crit par\" \/>\n\t<meta name=\"twitter:data1\" content=\"redazione\" \/>\n\t<meta name=\"twitter:label2\" content=\"Dur\u00e9e de lecture estim\u00e9e\" \/>\n\t<meta name=\"twitter:data2\" content=\"2 minutes\" \/>\n<script type=\"application\/ld+json\" class=\"yoast-schema-graph\">{\"@context\":\"https:\\\/\\\/schema.org\",\"@graph\":[{\"@type\":\"Article\",\"@id\":\"https:\\\/\\\/www.bellunopress.it\\\/2009\\\/07\\\/24\\\/la-pedalonga-marathon-a-coppie-di-mtb-ancora-aperte-le-iscrizioni\\\/#article\",\"isPartOf\":{\"@id\":\"https:\\\/\\\/www.bellunopress.it\\\/2009\\\/07\\\/24\\\/la-pedalonga-marathon-a-coppie-di-mtb-ancora-aperte-le-iscrizioni\\\/\"},\"author\":{\"name\":\"redazione\",\"@id\":\"https:\\\/\\\/www.bellunopress.it\\\/#\\\/schema\\\/person\\\/79bb06722b37ece1c03d3e94beb30d73\"},\"headline\":\"La Pedalonga marathon a coppie di mtb: ancora aperte le iscrizioni\",\"datePublished\":\"2009-07-24T17:46:28+00:00\",\"mainEntityOfPage\":{\"@id\":\"https:\\\/\\\/www.bellunopress.it\\\/2009\\\/07\\\/24\\\/la-pedalonga-marathon-a-coppie-di-mtb-ancora-aperte-le-iscrizioni\\\/\"},\"wordCount\":472,\"publisher\":{\"@id\":\"https:\\\/\\\/www.bellunopress.it\\\/#organization\"},\"image\":{\"@id\":\"https:\\\/\\\/www.bellunopress.it\\\/2009\\\/07\\\/24\\\/la-pedalonga-marathon-a-coppie-di-mtb-ancora-aperte-le-iscrizioni\\\/#primaryimage\"},\"thumbnailUrl\":\"http:\\\/\\\/www.bellunopress.it\\\/wp-content\\\/uploads\\\/2009\\\/04\\\/mtb-leggera.jpg\",\"keywords\":[\"Belluno\",\"Cadore\"],\"articleSection\":[\"Pausa Caff\u00e8\",\"Sport, tempo libero\"],\"inLanguage\":\"fr-FR\"},{\"@type\":\"WebPage\",\"@id\":\"https:\\\/\\\/www.bellunopress.it\\\/2009\\\/07\\\/24\\\/la-pedalonga-marathon-a-coppie-di-mtb-ancora-aperte-le-iscrizioni\\\/\",\"url\":\"https:\\\/\\\/www.bellunopress.it\\\/2009\\\/07\\\/24\\\/la-pedalonga-marathon-a-coppie-di-mtb-ancora-aperte-le-iscrizioni\\\/\",\"name\":\"La Pedalonga marathon a coppie di mtb: ancora aperte le iscrizioni - Bellunopress - Dolomiti\",\"isPartOf\":{\"@id\":\"https:\\\/\\\/www.bellunopress.it\\\/#website\"},\"primaryImageOfPage\":{\"@id\":\"https:\\\/\\\/www.bellunopress.it\\\/2009\\\/07\\\/24\\\/la-pedalonga-marathon-a-coppie-di-mtb-ancora-aperte-le-iscrizioni\\\/#primaryimage\"},\"image\":{\"@id\":\"https:\\\/\\\/www.bellunopress.it\\\/2009\\\/07\\\/24\\\/la-pedalonga-marathon-a-coppie-di-mtb-ancora-aperte-le-iscrizioni\\\/#primaryimage\"},\"thumbnailUrl\":\"http:\\\/\\\/www.bellunopress.it\\\/wp-content\\\/uploads\\\/2009\\\/04\\\/mtb-leggera.jpg\",\"datePublished\":\"2009-07-24T17:46:28+00:00\",\"breadcrumb\":{\"@id\":\"https:\\\/\\\/www.bellunopress.it\\\/2009\\\/07\\\/24\\\/la-pedalonga-marathon-a-coppie-di-mtb-ancora-aperte-le-iscrizioni\\\/#breadcrumb\"},\"inLanguage\":\"fr-FR\",\"potentialAction\":[{\"@type\":\"ReadAction\",\"target\":[\"https:\\\/\\\/www.bellunopress.it\\\/2009\\\/07\\\/24\\\/la-pedalonga-marathon-a-coppie-di-mtb-ancora-aperte-le-iscrizioni\\\/\"]}]},{\"@type\":\"ImageObject\",\"inLanguage\":\"fr-FR\",\"@id\":\"https:\\\/\\\/www.bellunopress.it\\\/2009\\\/07\\\/24\\\/la-pedalonga-marathon-a-coppie-di-mtb-ancora-aperte-le-iscrizioni\\\/#primaryimage\",\"url\":\"http:\\\/\\\/www.bellunopress.it\\\/wp-content\\\/uploads\\\/2009\\\/04\\\/mtb-leggera.jpg\",\"contentUrl\":\"http:\\\/\\\/www.bellunopress.it\\\/wp-content\\\/uploads\\\/2009\\\/04\\\/mtb-leggera.jpg\"},{\"@type\":\"BreadcrumbList\",\"@id\":\"https:\\\/\\\/www.bellunopress.it\\\/2009\\\/07\\\/24\\\/la-pedalonga-marathon-a-coppie-di-mtb-ancora-aperte-le-iscrizioni\\\/#breadcrumb\",\"itemListElement\":[{\"@type\":\"ListItem\",\"position\":1,\"name\":\"Home\",\"item\":\"https:\\\/\\\/www.bellunopress.it\\\/\"},{\"@type\":\"ListItem\",\"position\":2,\"name\":\"La Pedalonga marathon a coppie di mtb: ancora aperte le iscrizioni\"}]},{\"@type\":\"WebSite\",\"@id\":\"https:\\\/\\\/www.bellunopress.it\\\/#website\",\"url\":\"https:\\\/\\\/www.bellunopress.it\\\/\",\"name\":\"Bellunopress - Dolomiti\",\"description\":\"e-mail: redazione@bellunopress.it\",\"publisher\":{\"@id\":\"https:\\\/\\\/www.bellunopress.it\\\/#organization\"},\"potentialAction\":[{\"@type\":\"SearchAction\",\"target\":{\"@type\":\"EntryPoint\",\"urlTemplate\":\"https:\\\/\\\/www.bellunopress.it\\\/?s={search_term_string}\"},\"query-input\":{\"@type\":\"PropertyValueSpecification\",\"valueRequired\":true,\"valueName\":\"search_term_string\"}}],\"inLanguage\":\"fr-FR\"},{\"@type\":\"Organization\",\"@id\":\"https:\\\/\\\/www.bellunopress.it\\\/#organization\",\"name\":\"Bellunopress\",\"url\":\"https:\\\/\\\/www.bellunopress.it\\\/\",\"logo\":{\"@type\":\"ImageObject\",\"inLanguage\":\"fr-FR\",\"@id\":\"https:\\\/\\\/www.bellunopress.it\\\/#\\\/schema\\\/logo\\\/image\\\/\",\"url\":\"https:\\\/\\\/www.bellunopress.it\\\/wp-content\\\/uploads\\\/2011\\\/05\\\/cropped-logo-bellunopress-.jpg\",\"contentUrl\":\"https:\\\/\\\/www.bellunopress.it\\\/wp-content\\\/uploads\\\/2011\\\/05\\\/cropped-logo-bellunopress-.jpg\",\"width\":512,\"height\":512,\"caption\":\"Bellunopress\"},\"image\":{\"@id\":\"https:\\\/\\\/www.bellunopress.it\\\/#\\\/schema\\\/logo\\\/image\\\/\"},\"sameAs\":[\"https:\\\/\\\/www.facebook.com\\\/profile.php?id=100008943462799\",\"https:\\\/\\\/x.com\\\/bellunopress\",\"https:\\\/\\\/www.linkedin.com\\\/hp\\\/?dnr=JBzUWaJfMUw8vbXJJ2tVW5-I3jZKvC4wsoxE&amp;amp;amp;amp;amp;amp;trk=nav_responsive_tab_home\",\"https:\\\/\\\/www.youtube.com\\\/channel\\\/UCxL0wu1uN0_3_7hGG0306cw\"]},{\"@type\":\"Person\",\"@id\":\"https:\\\/\\\/www.bellunopress.it\\\/#\\\/schema\\\/person\\\/79bb06722b37ece1c03d3e94beb30d73\",\"name\":\"redazione\",\"image\":{\"@type\":\"ImageObject\",\"inLanguage\":\"fr-FR\",\"@id\":\"https:\\\/\\\/secure.gravatar.com\\\/avatar\\\/37d968a2e67a6fd04c169c4bdef102d0bc5d31b2546345219e348575eb80e9a0?s=96&d=mm&r=g\",\"url\":\"https:\\\/\\\/secure.gravatar.com\\\/avatar\\\/37d968a2e67a6fd04c169c4bdef102d0bc5d31b2546345219e348575eb80e9a0?s=96&d=mm&r=g\",\"contentUrl\":\"https:\\\/\\\/secure.gravatar.com\\\/avatar\\\/37d968a2e67a6fd04c169c4bdef102d0bc5d31b2546345219e348575eb80e9a0?s=96&d=mm&r=g\",\"caption\":\"redazione\"},\"sameAs\":[\"http:\\\/\\\/www.bellunopress.it\",\"https:\\\/\\\/x.com\\\/bellunopress\"],\"url\":\"https:\\\/\\\/www.bellunopress.it\\\/fr\\\/author\\\/redazione\\\/\"}]}<\/script>\n<!-- \/ Yoast SEO plugin. -->","yoast_head_json":{"title":"La Pedalonga marathon a coppie di mtb: ancora aperte le iscrizioni - Bellunopress - Dolomiti","robots":{"index":"index","follow":"follow","max-snippet":"max-snippet:-1","max-image-preview":"max-image-preview:large","max-video-preview":"max-video-preview:-1"},"canonical":"https:\/\/www.bellunopress.it\/fr\/2009\/07\/24\/la-pedalonga-marathon-a-coppie-di-mtb-ancora-aperte-le-iscrizioni\/","og_locale":"fr_FR","og_type":"article","og_title":"La Pedalonga marathon a coppie di mtb: ancora aperte le iscrizioni - Bellunopress - Dolomiti","og_description":"Manca poco pi\u00f9 di una settimana al via della Pedalonga. La manifestazione di mountain bike che si svolger\u00e0 a Sega Digon domenica 3 agosto entra nel vivo. Mentre nel sito www.sportis.it continuano ad arrivare le nuove iscrizioni e gli accoppiamenti degli atleti iscritti alla Coppa Veneto, il comitato organizzatore presieduto da Michele Festini Purlan fa [&hellip;]","og_url":"https:\/\/www.bellunopress.it\/fr\/2009\/07\/24\/la-pedalonga-marathon-a-coppie-di-mtb-ancora-aperte-le-iscrizioni\/","og_site_name":"Bellunopress - Dolomiti","article_publisher":"https:\/\/www.facebook.com\/profile.php?id=100008943462799","article_published_time":"2009-07-24T17:46:28+00:00","og_image":[{"url":"http:\/\/www.bellunopress.it\/wp-content\/uploads\/2009\/04\/mtb-leggera.jpg","type":"","width":"","height":""}],"author":"redazione","twitter_card":"summary_large_image","twitter_creator":"@bellunopress","twitter_site":"@bellunopress","twitter_misc":{"\u00c9crit par":"redazione","Dur\u00e9e de lecture estim\u00e9e":"2 minutes"},"schema":{"@context":"https:\/\/schema.org","@graph":[{"@type":"Article","@id":"https:\/\/www.bellunopress.it\/2009\/07\/24\/la-pedalonga-marathon-a-coppie-di-mtb-ancora-aperte-le-iscrizioni\/#article","isPartOf":{"@id":"https:\/\/www.bellunopress.it\/2009\/07\/24\/la-pedalonga-marathon-a-coppie-di-mtb-ancora-aperte-le-iscrizioni\/"},"author":{"name":"redazione","@id":"https:\/\/www.bellunopress.it\/#\/schema\/person\/79bb06722b37ece1c03d3e94beb30d73"},"headline":"La Pedalonga marathon a coppie di mtb: ancora aperte le iscrizioni","datePublished":"2009-07-24T17:46:28+00:00","mainEntityOfPage":{"@id":"https:\/\/www.bellunopress.it\/2009\/07\/24\/la-pedalonga-marathon-a-coppie-di-mtb-ancora-aperte-le-iscrizioni\/"},"wordCount":472,"publisher":{"@id":"https:\/\/www.bellunopress.it\/#organization"},"image":{"@id":"https:\/\/www.bellunopress.it\/2009\/07\/24\/la-pedalonga-marathon-a-coppie-di-mtb-ancora-aperte-le-iscrizioni\/#primaryimage"},"thumbnailUrl":"http:\/\/www.bellunopress.it\/wp-content\/uploads\/2009\/04\/mtb-leggera.jpg","keywords":["Belluno","Cadore"],"articleSection":["Pausa Caff\u00e8","Sport, tempo libero"],"inLanguage":"fr-FR"},{"@type":"WebPage","@id":"https:\/\/www.bellunopress.it\/2009\/07\/24\/la-pedalonga-marathon-a-coppie-di-mtb-ancora-aperte-le-iscrizioni\/","url":"https:\/\/www.bellunopress.it\/2009\/07\/24\/la-pedalonga-marathon-a-coppie-di-mtb-ancora-aperte-le-iscrizioni\/","name":"La Pedalonga marathon a coppie di mtb: ancora aperte le iscrizioni - Bellunopress - Dolomiti","isPartOf":{"@id":"https:\/\/www.bellunopress.it\/#website"},"primaryImageOfPage":{"@id":"https:\/\/www.bellunopress.it\/2009\/07\/24\/la-pedalonga-marathon-a-coppie-di-mtb-ancora-aperte-le-iscrizioni\/#primaryimage"},"image":{"@id":"https:\/\/www.bellunopress.it\/2009\/07\/24\/la-pedalonga-marathon-a-coppie-di-mtb-ancora-aperte-le-iscrizioni\/#primaryimage"},"thumbnailUrl":"http:\/\/www.bellunopress.it\/wp-content\/uploads\/2009\/04\/mtb-leggera.jpg","datePublished":"2009-07-24T17:46:28+00:00","breadcrumb":{"@id":"https:\/\/www.bellunopress.it\/2009\/07\/24\/la-pedalonga-marathon-a-coppie-di-mtb-ancora-aperte-le-iscrizioni\/#breadcrumb"},"inLanguage":"fr-FR","potentialAction":[{"@type":"ReadAction","target":["https:\/\/www.bellunopress.it\/2009\/07\/24\/la-pedalonga-marathon-a-coppie-di-mtb-ancora-aperte-le-iscrizioni\/"]}]},{"@type":"ImageObject","inLanguage":"fr-FR","@id":"https:\/\/www.bellunopress.it\/2009\/07\/24\/la-pedalonga-marathon-a-coppie-di-mtb-ancora-aperte-le-iscrizioni\/#primaryimage","url":"http:\/\/www.bellunopress.it\/wp-content\/uploads\/2009\/04\/mtb-leggera.jpg","contentUrl":"http:\/\/www.bellunopress.it\/wp-content\/uploads\/2009\/04\/mtb-leggera.jpg"},{"@type":"BreadcrumbList","@id":"https:\/\/www.bellunopress.it\/2009\/07\/24\/la-pedalonga-marathon-a-coppie-di-mtb-ancora-aperte-le-iscrizioni\/#breadcrumb","itemListElement":[{"@type":"ListItem","position":1,"name":"Home","item":"https:\/\/www.bellunopress.it\/"},{"@type":"ListItem","position":2,"name":"La Pedalonga marathon a coppie di mtb: ancora aperte le iscrizioni"}]},{"@type":"WebSite","@id":"https:\/\/www.bellunopress.it\/#website","url":"https:\/\/www.bellunopress.it\/","name":"Bellunopress - Dolomiti","description":"e-mail: redazione@bellunopress.it","publisher":{"@id":"https:\/\/www.bellunopress.it\/#organization"},"potentialAction":[{"@type":"SearchAction","target":{"@type":"EntryPoint","urlTemplate":"https:\/\/www.bellunopress.it\/?s={search_term_string}"},"query-input":{"@type":"PropertyValueSpecification","valueRequired":true,"valueName":"search_term_string"}}],"inLanguage":"fr-FR"},{"@type":"Organization","@id":"https:\/\/www.bellunopress.it\/#organization","name":"Bellunopress","url":"https:\/\/www.bellunopress.it\/","logo":{"@type":"ImageObject","inLanguage":"fr-FR","@id":"https:\/\/www.bellunopress.it\/#\/schema\/logo\/image\/","url":"https:\/\/www.bellunopress.it\/wp-content\/uploads\/2011\/05\/cropped-logo-bellunopress-.jpg","contentUrl":"https:\/\/www.bellunopress.it\/wp-content\/uploads\/2011\/05\/cropped-logo-bellunopress-.jpg","width":512,"height":512,"caption":"Bellunopress"},"image":{"@id":"https:\/\/www.bellunopress.it\/#\/schema\/logo\/image\/"},"sameAs":["https:\/\/www.facebook.com\/profile.php?id=100008943462799","https:\/\/x.com\/bellunopress","https:\/\/www.linkedin.com\/hp\/?dnr=JBzUWaJfMUw8vbXJJ2tVW5-I3jZKvC4wsoxE&amp;amp;amp;amp;amp;amp;trk=nav_responsive_tab_home","https:\/\/www.youtube.com\/channel\/UCxL0wu1uN0_3_7hGG0306cw"]},{"@type":"Person","@id":"https:\/\/www.bellunopress.it\/#\/schema\/person\/79bb06722b37ece1c03d3e94beb30d73","name":"r\u00e9daction","image":{"@type":"ImageObject","inLanguage":"fr-FR","@id":"https:\/\/secure.gravatar.com\/avatar\/37d968a2e67a6fd04c169c4bdef102d0bc5d31b2546345219e348575eb80e9a0?s=96&d=mm&r=g","url":"https:\/\/secure.gravatar.com\/avatar\/37d968a2e67a6fd04c169c4bdef102d0bc5d31b2546345219e348575eb80e9a0?s=96&d=mm&r=g","contentUrl":"https:\/\/secure.gravatar.com\/avatar\/37d968a2e67a6fd04c169c4bdef102d0bc5d31b2546345219e348575eb80e9a0?s=96&d=mm&r=g","caption":"redazione"},"sameAs":["http:\/\/www.bellunopress.it","https:\/\/x.com\/bellunopress"],"url":"https:\/\/www.bellunopress.it\/fr\/author\/redazione\/"}]}},"_links":{"self":[{"href":"https:\/\/www.bellunopress.it\/fr\/wp-json\/wp\/v2\/posts\/6350","targetHints":{"allow":["GET"]}}],"collection":[{"href":"https:\/\/www.bellunopress.it\/fr\/wp-json\/wp\/v2\/posts"}],"about":[{"href":"https:\/\/www.bellunopress.it\/fr\/wp-json\/wp\/v2\/types\/post"}],"author":[{"embeddable":true,"href":"https:\/\/www.bellunopress.it\/fr\/wp-json\/wp\/v2\/users\/2"}],"replies":[{"embeddable":true,"href":"https:\/\/www.bellunopress.it\/fr\/wp-json\/wp\/v2\/comments?post=6350"}],"version-history":[{"count":1,"href":"https:\/\/www.bellunopress.it\/fr\/wp-json\/wp\/v2\/posts\/6350\/revisions"}],"predecessor-version":[{"id":6351,"href":"https:\/\/www.bellunopress.it\/fr\/wp-json\/wp\/v2\/posts\/6350\/revisions\/6351"}],"wp:attachment":[{"href":"https:\/\/www.bellunopress.it\/fr\/wp-json\/wp\/v2\/media?parent=6350"}],"wp:term":[{"taxonomy":"category","embeddable":true,"href":"https:\/\/www.bellunopress.it\/fr\/wp-json\/wp\/v2\/categories?post=6350"},{"taxonomy":"post_tag","embeddable":true,"href":"https:\/\/www.bellunopress.it\/fr\/wp-json\/wp\/v2\/tags?post=6350"}],"curies":[{"name":"wp","href":"https:\/\/api.w.org\/{rel}","templated":true}]}}