{"id":6337,"date":"2009-07-24T12:29:57","date_gmt":"2009-07-24T11:29:57","guid":{"rendered":"http:\/\/www.bellunopress.it\/?p=6337"},"modified":"2009-07-24T18:30:45","modified_gmt":"2009-07-24T17:30:45","slug":"si-ferma-lo-sciopero-dei-collaboratori-del-gazzettino-di-belluno-lazienda-ha-promesso-un-incontro","status":"publish","type":"post","link":"https:\/\/www.bellunopress.it\/fr\/2009\/07\/24\/si-ferma-lo-sciopero-dei-collaboratori-del-gazzettino-di-belluno-lazienda-ha-promesso-un-incontro\/","title":{"rendered":"Si ferma lo sciopero dei collaboratori del Gazzettino di Belluno, l&#8217;azienda ha promesso un incontro"},"content":{"rendered":"<p>I 31 collaboratori del Gazzettino di Belluno hanno sospeso l\u2019agitazione e lo sciopero della penna dopo aver ricevuto ampie rassicurazioni da parte dell\u2019azienda che il loro caso sar\u00e0 quanto prima discusso in un prossimo incontro. La notizia \u00e8 stata trattata solo da questa testata giornalistica, nessun quotidiano infatti ha dato conto della protesta dei collaboratori del giornale dovuta ai tagli previsti dal nuovo contratto che in nessun modo provvede a tutelare una categoria \u201cfantasma\u201d a tutti gli effetti, tranne quello fiscale. A parte forse gli extracomunitari che raccolgono pomodori e ortaggi di stagione, il lavoro di collaboratore giornalistico \u00e8 l\u2019unico che resiste pagato a cottimo (senza rimborso spese se non in rari casi), nonostante si dica che ufficialmente tale forma di retribuzione in Italia non esista pi\u00f9. Ma \u00e8 anche peggio del cottimo nei campi o nel lavoro a domicilio, infatti quasi sempre il collaboratore dei quotidiani lavora supponiamo per 100 (telefonate, spostamenti, interviste\u2026) e poi viene pagato per 50-60, cio\u00e8 solo per le righe prodotte (a discrezione del redattore) e non per lo sbattimento pregresso. <strong><\/strong><\/p>\n<p><strong>Ecco il comunicato giunto in redazione questa sera<\/strong>: \u201cA 48 ore dalla decisione unanime di sospendere le collaborazioni con la redazione di Belluno, dovuto al pessimo, immotivato e inspiegato trattamento ricevuto negli ultimi mesi da parte dell\u2019azienda ed al prolungato silenzio successivo alla nostra richiesta di un incontro, il gruppo di collaboratori ha deciso di sospendere momentaneamente il blocco delle collaborazioni e riprendere dunque in data odierna i rapporti con la redazione. Una decisione motivata dal fatto che l&#8217;azienda ha concesso ci\u00f2 che chiedevamo: un incontro per discutere le nuove condizioni contrattuali.\u00a0\u00a0 Fermo restando che trattasi di sosspensione e non di rinuncia alla protesta concretizzatasi nel blocco delle collaborazioni, in attesa di incontrarsi\u00a0 nei primi giorni di agosto con il rappresentante dell\u2019azienda, i collaboratori, con unica voce, intendono\u00a0 sottolineare i motivi della ripresa delle collaborazioni. Professionalit\u00e0, passione e collaborazione: questo\u00a0 ha spinto il gruppo a fare un nuovo passo avanti, perch\u00e9 di passo avanti si tratta. E con questo atteggiamento i collaboratori intendono dimostrare tutta la loro professionalit\u00e0 nell\u2019affrontare un problema di assoluta gravit\u00e0 per la cui risoluzione un confronto risulta fondamentale. Trattasi, come detto, di sospensione e non di rinuncia:\u00a0 qualora infatti dall\u2019incontro in programma non dovesse palesarsi da parte dell\u2019azienda un approccio costruttivo, saranno prese in esame altre forme di protesta fra cui, di nuovo, la ripresa del blocco delle collaborazioni. Con questa decisione, il gruppo di collaboratori che, per la prima volta in Italia,\u00a0 coraggiosamente, perch\u00e9 senza alcuna tutela n\u00e9 garanzia, aveva deciso il blocco delle collaborazioni, ha ora deciso di raccogliere la prima apertura fornita dall&#8217;azienda nel concedere quell&#8217;incontro fino ad ora sempre negato. Con l&#8217;occasione, il gruppo di collaboratori de \u201cIl Gazzettino\u201d di\u00a0 Belluno ringrazia quanti &#8211; mezzi di informazione, istituzioni o privati cittadini &#8211;\u00a0 hanno voluto dare eco e risalto alla loro protesta\u201d.<\/p>","protected":false},"excerpt":{"rendered":"<p>I 31 collaboratori del Gazzettino di Belluno hanno sospeso l\u2019agitazione e lo sciopero della penna dopo aver ricevuto ampie rassicurazioni da parte dell\u2019azienda che il loro caso sar\u00e0 quanto prima discusso in un prossimo incontro. La notizia \u00e8 stata trattata solo da questa testata giornalistica, nessun quotidiano infatti ha dato conto della protesta dei collaboratori [&hellip;]<\/p>\n","protected":false},"author":2,"featured_media":0,"comment_status":"closed","ping_status":"open","sticky":false,"template":"","format":"standard","meta":{"footnotes":""},"categories":[5,36,26],"tags":[139],"class_list":["post-6337","post","type-post","status-publish","format-standard","category-cronaca","category-lavoro-economia","category-prima-pagina","tag-belluno"],"yoast_head":"<!-- This site is optimized with the Yoast SEO plugin v28.4 - https:\/\/yoast.com\/product\/yoast-seo-wordpress\/ -->\n<title>Si ferma lo sciopero dei collaboratori del Gazzettino di Belluno, l&#039;azienda ha promesso un incontro - Bellunopress - Dolomiti<\/title>\n<meta name=\"robots\" content=\"index, follow, max-snippet:-1, max-image-preview:large, max-video-preview:-1\" \/>\n<link rel=\"canonical\" href=\"https:\/\/www.bellunopress.it\/fr\/2009\/07\/24\/si-ferma-lo-sciopero-dei-collaboratori-del-gazzettino-di-belluno-lazienda-ha-promesso-un-incontro\/\" \/>\n<meta property=\"og:locale\" content=\"fr_FR\" \/>\n<meta property=\"og:type\" content=\"article\" \/>\n<meta property=\"og:title\" content=\"Si ferma lo sciopero dei collaboratori del Gazzettino di Belluno, l&#039;azienda ha promesso un incontro - Bellunopress - Dolomiti\" \/>\n<meta property=\"og:description\" content=\"I 31 collaboratori del Gazzettino di Belluno hanno sospeso l\u2019agitazione e lo sciopero della penna dopo aver ricevuto ampie rassicurazioni da parte dell\u2019azienda che il loro caso sar\u00e0 quanto prima discusso in un prossimo incontro. La notizia \u00e8 stata trattata solo da questa testata giornalistica, nessun quotidiano infatti ha dato conto della protesta dei collaboratori [&hellip;]\" \/>\n<meta property=\"og:url\" content=\"https:\/\/www.bellunopress.it\/fr\/2009\/07\/24\/si-ferma-lo-sciopero-dei-collaboratori-del-gazzettino-di-belluno-lazienda-ha-promesso-un-incontro\/\" \/>\n<meta property=\"og:site_name\" content=\"Bellunopress - Dolomiti\" \/>\n<meta property=\"article:publisher\" content=\"https:\/\/www.facebook.com\/profile.php?id=100008943462799\" \/>\n<meta property=\"article:published_time\" content=\"2009-07-24T11:29:57+00:00\" \/>\n<meta property=\"article:modified_time\" content=\"2009-07-24T17:30:45+00:00\" \/>\n<meta property=\"og:image\" content=\"http:\/\/www.bellunopress.it\/wp-content\/uploads\/2012\/07\/logo-bellunopress-250x250-2012.jpg\" \/>\n<meta name=\"author\" content=\"redazione\" \/>\n<meta name=\"twitter:card\" content=\"summary_large_image\" \/>\n<meta name=\"twitter:creator\" content=\"@bellunopress\" \/>\n<meta name=\"twitter:site\" content=\"@bellunopress\" \/>\n<meta name=\"twitter:label1\" content=\"\u00c9crit par\" \/>\n\t<meta name=\"twitter:data1\" content=\"redazione\" \/>\n\t<meta name=\"twitter:label2\" content=\"Dur\u00e9e de lecture estim\u00e9e\" \/>\n\t<meta name=\"twitter:data2\" content=\"2 minutes\" \/>\n<script type=\"application\/ld+json\" class=\"yoast-schema-graph\">{\"@context\":\"https:\\\/\\\/schema.org\",\"@graph\":[{\"@type\":\"Article\",\"@id\":\"https:\\\/\\\/www.bellunopress.it\\\/2009\\\/07\\\/24\\\/si-ferma-lo-sciopero-dei-collaboratori-del-gazzettino-di-belluno-lazienda-ha-promesso-un-incontro\\\/#article\",\"isPartOf\":{\"@id\":\"https:\\\/\\\/www.bellunopress.it\\\/2009\\\/07\\\/24\\\/si-ferma-lo-sciopero-dei-collaboratori-del-gazzettino-di-belluno-lazienda-ha-promesso-un-incontro\\\/\"},\"author\":{\"name\":\"redazione\",\"@id\":\"https:\\\/\\\/www.bellunopress.it\\\/#\\\/schema\\\/person\\\/79bb06722b37ece1c03d3e94beb30d73\"},\"headline\":\"Si ferma lo sciopero dei collaboratori del Gazzettino di Belluno, l&#8217;azienda ha promesso un incontro\",\"datePublished\":\"2009-07-24T11:29:57+00:00\",\"dateModified\":\"2009-07-24T17:30:45+00:00\",\"mainEntityOfPage\":{\"@id\":\"https:\\\/\\\/www.bellunopress.it\\\/2009\\\/07\\\/24\\\/si-ferma-lo-sciopero-dei-collaboratori-del-gazzettino-di-belluno-lazienda-ha-promesso-un-incontro\\\/\"},\"wordCount\":497,\"publisher\":{\"@id\":\"https:\\\/\\\/www.bellunopress.it\\\/#organization\"},\"keywords\":[\"Belluno\"],\"articleSection\":[\"Cronaca\\\/Politica\",\"Lavoro, Economia, Turismo\",\"Prima Pagina\"],\"inLanguage\":\"fr-FR\"},{\"@type\":\"WebPage\",\"@id\":\"https:\\\/\\\/www.bellunopress.it\\\/2009\\\/07\\\/24\\\/si-ferma-lo-sciopero-dei-collaboratori-del-gazzettino-di-belluno-lazienda-ha-promesso-un-incontro\\\/\",\"url\":\"https:\\\/\\\/www.bellunopress.it\\\/2009\\\/07\\\/24\\\/si-ferma-lo-sciopero-dei-collaboratori-del-gazzettino-di-belluno-lazienda-ha-promesso-un-incontro\\\/\",\"name\":\"Si ferma lo sciopero dei collaboratori del Gazzettino di Belluno, l'azienda ha promesso un incontro - Bellunopress - Dolomiti\",\"isPartOf\":{\"@id\":\"https:\\\/\\\/www.bellunopress.it\\\/#website\"},\"datePublished\":\"2009-07-24T11:29:57+00:00\",\"dateModified\":\"2009-07-24T17:30:45+00:00\",\"breadcrumb\":{\"@id\":\"https:\\\/\\\/www.bellunopress.it\\\/2009\\\/07\\\/24\\\/si-ferma-lo-sciopero-dei-collaboratori-del-gazzettino-di-belluno-lazienda-ha-promesso-un-incontro\\\/#breadcrumb\"},\"inLanguage\":\"fr-FR\",\"potentialAction\":[{\"@type\":\"ReadAction\",\"target\":[\"https:\\\/\\\/www.bellunopress.it\\\/2009\\\/07\\\/24\\\/si-ferma-lo-sciopero-dei-collaboratori-del-gazzettino-di-belluno-lazienda-ha-promesso-un-incontro\\\/\"]}]},{\"@type\":\"BreadcrumbList\",\"@id\":\"https:\\\/\\\/www.bellunopress.it\\\/2009\\\/07\\\/24\\\/si-ferma-lo-sciopero-dei-collaboratori-del-gazzettino-di-belluno-lazienda-ha-promesso-un-incontro\\\/#breadcrumb\",\"itemListElement\":[{\"@type\":\"ListItem\",\"position\":1,\"name\":\"Home\",\"item\":\"https:\\\/\\\/www.bellunopress.it\\\/\"},{\"@type\":\"ListItem\",\"position\":2,\"name\":\"Si ferma lo sciopero dei collaboratori del Gazzettino di Belluno, l&#8217;azienda ha promesso un incontro\"}]},{\"@type\":\"WebSite\",\"@id\":\"https:\\\/\\\/www.bellunopress.it\\\/#website\",\"url\":\"https:\\\/\\\/www.bellunopress.it\\\/\",\"name\":\"Bellunopress - Dolomiti\",\"description\":\"e-mail: redazione@bellunopress.it\",\"publisher\":{\"@id\":\"https:\\\/\\\/www.bellunopress.it\\\/#organization\"},\"potentialAction\":[{\"@type\":\"SearchAction\",\"target\":{\"@type\":\"EntryPoint\",\"urlTemplate\":\"https:\\\/\\\/www.bellunopress.it\\\/?s={search_term_string}\"},\"query-input\":{\"@type\":\"PropertyValueSpecification\",\"valueRequired\":true,\"valueName\":\"search_term_string\"}}],\"inLanguage\":\"fr-FR\"},{\"@type\":\"Organization\",\"@id\":\"https:\\\/\\\/www.bellunopress.it\\\/#organization\",\"name\":\"Bellunopress\",\"url\":\"https:\\\/\\\/www.bellunopress.it\\\/\",\"logo\":{\"@type\":\"ImageObject\",\"inLanguage\":\"fr-FR\",\"@id\":\"https:\\\/\\\/www.bellunopress.it\\\/#\\\/schema\\\/logo\\\/image\\\/\",\"url\":\"https:\\\/\\\/www.bellunopress.it\\\/wp-content\\\/uploads\\\/2011\\\/05\\\/cropped-logo-bellunopress-.jpg\",\"contentUrl\":\"https:\\\/\\\/www.bellunopress.it\\\/wp-content\\\/uploads\\\/2011\\\/05\\\/cropped-logo-bellunopress-.jpg\",\"width\":512,\"height\":512,\"caption\":\"Bellunopress\"},\"image\":{\"@id\":\"https:\\\/\\\/www.bellunopress.it\\\/#\\\/schema\\\/logo\\\/image\\\/\"},\"sameAs\":[\"https:\\\/\\\/www.facebook.com\\\/profile.php?id=100008943462799\",\"https:\\\/\\\/x.com\\\/bellunopress\",\"https:\\\/\\\/www.linkedin.com\\\/hp\\\/?dnr=JBzUWaJfMUw8vbXJJ2tVW5-I3jZKvC4wsoxE&amp;amp;amp;amp;amp;amp;trk=nav_responsive_tab_home\",\"https:\\\/\\\/www.youtube.com\\\/channel\\\/UCxL0wu1uN0_3_7hGG0306cw\"]},{\"@type\":\"Person\",\"@id\":\"https:\\\/\\\/www.bellunopress.it\\\/#\\\/schema\\\/person\\\/79bb06722b37ece1c03d3e94beb30d73\",\"name\":\"redazione\",\"image\":{\"@type\":\"ImageObject\",\"inLanguage\":\"fr-FR\",\"@id\":\"https:\\\/\\\/secure.gravatar.com\\\/avatar\\\/37d968a2e67a6fd04c169c4bdef102d0bc5d31b2546345219e348575eb80e9a0?s=96&d=mm&r=g\",\"url\":\"https:\\\/\\\/secure.gravatar.com\\\/avatar\\\/37d968a2e67a6fd04c169c4bdef102d0bc5d31b2546345219e348575eb80e9a0?s=96&d=mm&r=g\",\"contentUrl\":\"https:\\\/\\\/secure.gravatar.com\\\/avatar\\\/37d968a2e67a6fd04c169c4bdef102d0bc5d31b2546345219e348575eb80e9a0?s=96&d=mm&r=g\",\"caption\":\"redazione\"},\"sameAs\":[\"http:\\\/\\\/www.bellunopress.it\",\"https:\\\/\\\/x.com\\\/bellunopress\"],\"url\":\"https:\\\/\\\/www.bellunopress.it\\\/fr\\\/author\\\/redazione\\\/\"}]}<\/script>\n<!-- \/ Yoast SEO plugin. -->","yoast_head_json":{"title":"Si ferma lo sciopero dei collaboratori del Gazzettino di Belluno, l'azienda ha promesso un incontro - Bellunopress - Dolomiti","robots":{"index":"index","follow":"follow","max-snippet":"max-snippet:-1","max-image-preview":"max-image-preview:large","max-video-preview":"max-video-preview:-1"},"canonical":"https:\/\/www.bellunopress.it\/fr\/2009\/07\/24\/si-ferma-lo-sciopero-dei-collaboratori-del-gazzettino-di-belluno-lazienda-ha-promesso-un-incontro\/","og_locale":"fr_FR","og_type":"article","og_title":"Si ferma lo sciopero dei collaboratori del Gazzettino di Belluno, l'azienda ha promesso un incontro - Bellunopress - Dolomiti","og_description":"I 31 collaboratori del Gazzettino di Belluno hanno sospeso l\u2019agitazione e lo sciopero della penna dopo aver ricevuto ampie rassicurazioni da parte dell\u2019azienda che il loro caso sar\u00e0 quanto prima discusso in un prossimo incontro. La notizia \u00e8 stata trattata solo da questa testata giornalistica, nessun quotidiano infatti ha dato conto della protesta dei collaboratori [&hellip;]","og_url":"https:\/\/www.bellunopress.it\/fr\/2009\/07\/24\/si-ferma-lo-sciopero-dei-collaboratori-del-gazzettino-di-belluno-lazienda-ha-promesso-un-incontro\/","og_site_name":"Bellunopress - Dolomiti","article_publisher":"https:\/\/www.facebook.com\/profile.php?id=100008943462799","article_published_time":"2009-07-24T11:29:57+00:00","article_modified_time":"2009-07-24T17:30:45+00:00","og_image":[{"url":"http:\/\/www.bellunopress.it\/wp-content\/uploads\/2012\/07\/logo-bellunopress-250x250-2012.jpg","type":"","width":"","height":""}],"author":"redazione","twitter_card":"summary_large_image","twitter_creator":"@bellunopress","twitter_site":"@bellunopress","twitter_misc":{"\u00c9crit par":"redazione","Dur\u00e9e de lecture estim\u00e9e":"2 minutes"},"schema":{"@context":"https:\/\/schema.org","@graph":[{"@type":"Article","@id":"https:\/\/www.bellunopress.it\/2009\/07\/24\/si-ferma-lo-sciopero-dei-collaboratori-del-gazzettino-di-belluno-lazienda-ha-promesso-un-incontro\/#article","isPartOf":{"@id":"https:\/\/www.bellunopress.it\/2009\/07\/24\/si-ferma-lo-sciopero-dei-collaboratori-del-gazzettino-di-belluno-lazienda-ha-promesso-un-incontro\/"},"author":{"name":"redazione","@id":"https:\/\/www.bellunopress.it\/#\/schema\/person\/79bb06722b37ece1c03d3e94beb30d73"},"headline":"Si ferma lo sciopero dei collaboratori del Gazzettino di Belluno, l&#8217;azienda ha promesso un incontro","datePublished":"2009-07-24T11:29:57+00:00","dateModified":"2009-07-24T17:30:45+00:00","mainEntityOfPage":{"@id":"https:\/\/www.bellunopress.it\/2009\/07\/24\/si-ferma-lo-sciopero-dei-collaboratori-del-gazzettino-di-belluno-lazienda-ha-promesso-un-incontro\/"},"wordCount":497,"publisher":{"@id":"https:\/\/www.bellunopress.it\/#organization"},"keywords":["Belluno"],"articleSection":["Cronaca\/Politica","Lavoro, Economia, Turismo","Prima Pagina"],"inLanguage":"fr-FR"},{"@type":"WebPage","@id":"https:\/\/www.bellunopress.it\/2009\/07\/24\/si-ferma-lo-sciopero-dei-collaboratori-del-gazzettino-di-belluno-lazienda-ha-promesso-un-incontro\/","url":"https:\/\/www.bellunopress.it\/2009\/07\/24\/si-ferma-lo-sciopero-dei-collaboratori-del-gazzettino-di-belluno-lazienda-ha-promesso-un-incontro\/","name":"Si ferma lo sciopero dei collaboratori del Gazzettino di Belluno, l'azienda ha promesso un incontro - Bellunopress - Dolomiti","isPartOf":{"@id":"https:\/\/www.bellunopress.it\/#website"},"datePublished":"2009-07-24T11:29:57+00:00","dateModified":"2009-07-24T17:30:45+00:00","breadcrumb":{"@id":"https:\/\/www.bellunopress.it\/2009\/07\/24\/si-ferma-lo-sciopero-dei-collaboratori-del-gazzettino-di-belluno-lazienda-ha-promesso-un-incontro\/#breadcrumb"},"inLanguage":"fr-FR","potentialAction":[{"@type":"ReadAction","target":["https:\/\/www.bellunopress.it\/2009\/07\/24\/si-ferma-lo-sciopero-dei-collaboratori-del-gazzettino-di-belluno-lazienda-ha-promesso-un-incontro\/"]}]},{"@type":"BreadcrumbList","@id":"https:\/\/www.bellunopress.it\/2009\/07\/24\/si-ferma-lo-sciopero-dei-collaboratori-del-gazzettino-di-belluno-lazienda-ha-promesso-un-incontro\/#breadcrumb","itemListElement":[{"@type":"ListItem","position":1,"name":"Home","item":"https:\/\/www.bellunopress.it\/"},{"@type":"ListItem","position":2,"name":"Si ferma lo sciopero dei collaboratori del Gazzettino di Belluno, l&#8217;azienda ha promesso un incontro"}]},{"@type":"WebSite","@id":"https:\/\/www.bellunopress.it\/#website","url":"https:\/\/www.bellunopress.it\/","name":"Bellunopress - Dolomiti","description":"e-mail: redazione@bellunopress.it","publisher":{"@id":"https:\/\/www.bellunopress.it\/#organization"},"potentialAction":[{"@type":"SearchAction","target":{"@type":"EntryPoint","urlTemplate":"https:\/\/www.bellunopress.it\/?s={search_term_string}"},"query-input":{"@type":"PropertyValueSpecification","valueRequired":true,"valueName":"search_term_string"}}],"inLanguage":"fr-FR"},{"@type":"Organization","@id":"https:\/\/www.bellunopress.it\/#organization","name":"Bellunopress","url":"https:\/\/www.bellunopress.it\/","logo":{"@type":"ImageObject","inLanguage":"fr-FR","@id":"https:\/\/www.bellunopress.it\/#\/schema\/logo\/image\/","url":"https:\/\/www.bellunopress.it\/wp-content\/uploads\/2011\/05\/cropped-logo-bellunopress-.jpg","contentUrl":"https:\/\/www.bellunopress.it\/wp-content\/uploads\/2011\/05\/cropped-logo-bellunopress-.jpg","width":512,"height":512,"caption":"Bellunopress"},"image":{"@id":"https:\/\/www.bellunopress.it\/#\/schema\/logo\/image\/"},"sameAs":["https:\/\/www.facebook.com\/profile.php?id=100008943462799","https:\/\/x.com\/bellunopress","https:\/\/www.linkedin.com\/hp\/?dnr=JBzUWaJfMUw8vbXJJ2tVW5-I3jZKvC4wsoxE&amp;amp;amp;amp;amp;amp;trk=nav_responsive_tab_home","https:\/\/www.youtube.com\/channel\/UCxL0wu1uN0_3_7hGG0306cw"]},{"@type":"Person","@id":"https:\/\/www.bellunopress.it\/#\/schema\/person\/79bb06722b37ece1c03d3e94beb30d73","name":"r\u00e9daction","image":{"@type":"ImageObject","inLanguage":"fr-FR","@id":"https:\/\/secure.gravatar.com\/avatar\/37d968a2e67a6fd04c169c4bdef102d0bc5d31b2546345219e348575eb80e9a0?s=96&d=mm&r=g","url":"https:\/\/secure.gravatar.com\/avatar\/37d968a2e67a6fd04c169c4bdef102d0bc5d31b2546345219e348575eb80e9a0?s=96&d=mm&r=g","contentUrl":"https:\/\/secure.gravatar.com\/avatar\/37d968a2e67a6fd04c169c4bdef102d0bc5d31b2546345219e348575eb80e9a0?s=96&d=mm&r=g","caption":"redazione"},"sameAs":["http:\/\/www.bellunopress.it","https:\/\/x.com\/bellunopress"],"url":"https:\/\/www.bellunopress.it\/fr\/author\/redazione\/"}]}},"_links":{"self":[{"href":"https:\/\/www.bellunopress.it\/fr\/wp-json\/wp\/v2\/posts\/6337","targetHints":{"allow":["GET"]}}],"collection":[{"href":"https:\/\/www.bellunopress.it\/fr\/wp-json\/wp\/v2\/posts"}],"about":[{"href":"https:\/\/www.bellunopress.it\/fr\/wp-json\/wp\/v2\/types\/post"}],"author":[{"embeddable":true,"href":"https:\/\/www.bellunopress.it\/fr\/wp-json\/wp\/v2\/users\/2"}],"replies":[{"embeddable":true,"href":"https:\/\/www.bellunopress.it\/fr\/wp-json\/wp\/v2\/comments?post=6337"}],"version-history":[{"count":2,"href":"https:\/\/www.bellunopress.it\/fr\/wp-json\/wp\/v2\/posts\/6337\/revisions"}],"predecessor-version":[{"id":6345,"href":"https:\/\/www.bellunopress.it\/fr\/wp-json\/wp\/v2\/posts\/6337\/revisions\/6345"}],"wp:attachment":[{"href":"https:\/\/www.bellunopress.it\/fr\/wp-json\/wp\/v2\/media?parent=6337"}],"wp:term":[{"taxonomy":"category","embeddable":true,"href":"https:\/\/www.bellunopress.it\/fr\/wp-json\/wp\/v2\/categories?post=6337"},{"taxonomy":"post_tag","embeddable":true,"href":"https:\/\/www.bellunopress.it\/fr\/wp-json\/wp\/v2\/tags?post=6337"}],"curies":[{"name":"wp","href":"https:\/\/api.w.org\/{rel}","templated":true}]}}