{"id":6331,"date":"2009-07-24T08:59:11","date_gmt":"2009-07-24T07:59:11","guid":{"rendered":"http:\/\/www.bellunopress.it\/?p=6331"},"modified":"2009-07-24T18:36:44","modified_gmt":"2009-07-24T17:36:44","slug":"anziani-emergenza-al-nord-a-soffrire-sono-soprattutto-le-donne","status":"publish","type":"post","link":"https:\/\/www.bellunopress.it\/fr\/2009\/07\/24\/anziani-emergenza-al-nord-a-soffrire-sono-soprattutto-le-donne\/","title":{"rendered":"Anziani: emergenza al nord. A soffrire sono soprattutto le donne"},"content":{"rendered":"<p>E&#8217; quanto \u00e8 contenuto nel secondo rapporto nazionale <strong>Filo d\u2019Argento<\/strong> dell\u2019 Auser, che li sostiene, anche in provincia di Belluno. Sono anziani soli over 75, soprattutto donne, vivono nel Nord Italia, non sono seguiti dai servizi sociali e non possono permettersi la badante. Esprimono bisogni di compagnia, socialit\u00e0, necessit\u00e0 di spostarsi nel territorio, aiuti a domicilio. E\u2019 l\u2019identikit delle persone che contattano il Filo d\u2019Argento, il servizio di telefonia sociale dell\u2019Auser, che ha presentato i dati del secondo \u201cRapporto Nazionale\u201d.<br \/>\nCittadini \u201cseminascosti\u201d pi\u00f9 fragili e in forte crescita rispetto al passato.\u00a0 9 su 10, dice il rapporto Auser, al momento del contatto con il Filo d\u2019Argento, non beneficia di alcuna assistenza\u00a0 n\u00e9 pubblica n\u00e9 privata ed \u00e8 caratterizzata da isolamento relazionale.<br \/>\nFilo d\u2019Argento dell\u2019 Auser assicura interventi di assistenza ad un numero crescente di anziani soli e poveri, tagliati fuori dal sistema dei servizi sociali, sempre pi\u00f9 caratterizzato da carenza di risorse pubbliche e dalla progressiva riduzione del numero dei presidi territoriali.<br \/>\n\u201cSiamo la voce degli anziani \u2013 ha spiegato il presidente nazionale dell\u2019Auser Michele Mangano &#8211; e cerchiamo con la forza del nostro volontariato di dare una risposta ai bisogni. Il disagio cresce ogni anno e siamo fanalino di coda in Europa per l\u2019assistenza agli anziani. A questo quadro poco edificante si aggiunge la carenza di risorse con cui devono fare i conti gli Enti locali, costretti a ridurre i servizi\u201d.<br \/>\nI volontari del Filo d\u2019Argento Auser sono circa 40.000 in tutta Italia e nel 2008\u00a0 hanno realizzato un milione 300.000 interventi di aiuto a favore di\u00a0 374.000 anziani in difficolt\u00e0. Molti anche in provincia di Belluno, dove la popolazione anziana \u00e8 in costante crescita.<br \/>\nLe persone assistite sono soprattutto donne (quasi il 70%) con un\u2019et\u00e0 media superiore ai 65 anni.<br \/>\nTra queste, il 60% ha pi\u00f9 di 75 anni, il 15% ha pi\u00f9 di 84 anni. Gli assistiti si concentrano per il 77% nel nord del Paese.<br \/>\nFra i servizi pi\u00f9 richiesti il trasporto per visite, controlli medici o altri motivi, che raggiunge il 56,4% degli interventi complessivi. Seguono la compagnia a domicilio e telefonica (13,1%), la consegna dei pasti, della spesa e dei farmaci (17,5%), i piccoli aiuti a domicilio (4,6%), la richiesta di informazioni su possibilit\u00e0 di svago, servizi ed altro che raggiunge l\u20198,5% del totale.<br \/>\nIl Filo d\u2019Argento \u00e8 presente anche in provincia di Belluno grazie ai circoli dell\u2019Auser con sede nei principali comuni e risponde al numero verde nazionale 800-995988.<br \/>\nPer l\u2019estate 2009 \u00e8 stata anche approntata una sezione del sito dell\u2019Auser, \u201cEmergenza estate\u201d, con utili consigli per venire incontro alle problematiche tipiche del periodo estivo.<br \/>\nBasta entrare su www.auser.it\u00a0 e ciccare su \u201cEmergenza Estate\u201d,\u00a0 nella quale\u00a0 \u00e8 possibile trovare tutte le notizie utili per aiutare gli anziani e le loro famiglie ad affrontare con serenit\u00e0 il periodo estivo. E sempre sul sito dell\u2019Auser \u00e8 possibile consultare e scaricare l\u2019elenco delle iniziative promosse dai Comuni e dal volontariato in ordine alfabetico.<br \/>\nAnche le sedi Auser restano \u201caperte per ferie\u201d durante l\u2019estate, offrendo agli anziani un ricco programma di iniziative di svago e socializzazione per contrastare la solitudine. Feste, gite, visite guidate, iniziative culturali, intrattenimenti musicali e danzanti, pranzi e cene in compagnia.<\/p>","protected":false},"excerpt":{"rendered":"<p>E&#8217; quanto \u00e8 contenuto nel secondo rapporto nazionale Filo d\u2019Argento dell\u2019 Auser, che li sostiene, anche in provincia di Belluno. Sono anziani soli over 75, soprattutto donne, vivono nel Nord Italia, non sono seguiti dai servizi sociali e non possono permettersi la badante. Esprimono bisogni di compagnia, socialit\u00e0, necessit\u00e0 di spostarsi nel territorio, aiuti a [&hellip;]<\/p>\n","protected":false},"author":2,"featured_media":0,"comment_status":"closed","ping_status":"open","sticky":false,"template":"","format":"standard","meta":{"footnotes":""},"categories":[26,8],"tags":[139],"class_list":["post-6331","post","type-post","status-publish","format-standard","category-prima-pagina","category-societa-istituzioni","tag-belluno"],"yoast_head":"<!-- This site is optimized with the Yoast SEO plugin v28.4 - https:\/\/yoast.com\/product\/yoast-seo-wordpress\/ -->\n<title>Anziani: emergenza al nord. A soffrire sono soprattutto le donne - Bellunopress - Dolomiti<\/title>\n<meta name=\"robots\" content=\"index, follow, max-snippet:-1, max-image-preview:large, max-video-preview:-1\" \/>\n<link rel=\"canonical\" href=\"https:\/\/www.bellunopress.it\/fr\/2009\/07\/24\/anziani-emergenza-al-nord-a-soffrire-sono-soprattutto-le-donne\/\" \/>\n<meta property=\"og:locale\" content=\"fr_FR\" \/>\n<meta property=\"og:type\" content=\"article\" \/>\n<meta property=\"og:title\" content=\"Anziani: emergenza al nord. A soffrire sono soprattutto le donne - Bellunopress - Dolomiti\" \/>\n<meta property=\"og:description\" content=\"E&#8217; quanto \u00e8 contenuto nel secondo rapporto nazionale Filo d\u2019Argento dell\u2019 Auser, che li sostiene, anche in provincia di Belluno. Sono anziani soli over 75, soprattutto donne, vivono nel Nord Italia, non sono seguiti dai servizi sociali e non possono permettersi la badante. Esprimono bisogni di compagnia, socialit\u00e0, necessit\u00e0 di spostarsi nel territorio, aiuti a [&hellip;]\" \/>\n<meta property=\"og:url\" content=\"https:\/\/www.bellunopress.it\/fr\/2009\/07\/24\/anziani-emergenza-al-nord-a-soffrire-sono-soprattutto-le-donne\/\" \/>\n<meta property=\"og:site_name\" content=\"Bellunopress - Dolomiti\" \/>\n<meta property=\"article:publisher\" content=\"https:\/\/www.facebook.com\/profile.php?id=100008943462799\" \/>\n<meta property=\"article:published_time\" content=\"2009-07-24T07:59:11+00:00\" \/>\n<meta property=\"article:modified_time\" content=\"2009-07-24T17:36:44+00:00\" \/>\n<meta property=\"og:image\" content=\"http:\/\/www.bellunopress.it\/wp-content\/uploads\/2012\/07\/logo-bellunopress-250x250-2012.jpg\" \/>\n<meta name=\"author\" content=\"redazione\" \/>\n<meta name=\"twitter:card\" content=\"summary_large_image\" \/>\n<meta name=\"twitter:creator\" content=\"@bellunopress\" \/>\n<meta name=\"twitter:site\" content=\"@bellunopress\" \/>\n<meta name=\"twitter:label1\" content=\"Written by\" \/>\n\t<meta name=\"twitter:data1\" content=\"redazione\" \/>\n\t<meta name=\"twitter:label2\" content=\"Est. reading time\" \/>\n\t<meta name=\"twitter:data2\" content=\"3 minutes\" \/>\n<script type=\"application\/ld+json\" class=\"yoast-schema-graph\">{\"@context\":\"https:\\\/\\\/schema.org\",\"@graph\":[{\"@type\":\"Article\",\"@id\":\"https:\\\/\\\/www.bellunopress.it\\\/2009\\\/07\\\/24\\\/anziani-emergenza-al-nord-a-soffrire-sono-soprattutto-le-donne\\\/#article\",\"isPartOf\":{\"@id\":\"https:\\\/\\\/www.bellunopress.it\\\/2009\\\/07\\\/24\\\/anziani-emergenza-al-nord-a-soffrire-sono-soprattutto-le-donne\\\/\"},\"author\":{\"name\":\"redazione\",\"@id\":\"https:\\\/\\\/www.bellunopress.it\\\/#\\\/schema\\\/person\\\/79bb06722b37ece1c03d3e94beb30d73\"},\"headline\":\"Anziani: emergenza al nord. A soffrire sono soprattutto le donne\",\"datePublished\":\"2009-07-24T07:59:11+00:00\",\"dateModified\":\"2009-07-24T17:36:44+00:00\",\"mainEntityOfPage\":{\"@id\":\"https:\\\/\\\/www.bellunopress.it\\\/2009\\\/07\\\/24\\\/anziani-emergenza-al-nord-a-soffrire-sono-soprattutto-le-donne\\\/\"},\"wordCount\":530,\"publisher\":{\"@id\":\"https:\\\/\\\/www.bellunopress.it\\\/#organization\"},\"keywords\":[\"Belluno\"],\"articleSection\":[\"Prima Pagina\",\"Societ\u00e0, Associazioni, Istituzioni\"],\"inLanguage\":\"fr-FR\"},{\"@type\":\"WebPage\",\"@id\":\"https:\\\/\\\/www.bellunopress.it\\\/2009\\\/07\\\/24\\\/anziani-emergenza-al-nord-a-soffrire-sono-soprattutto-le-donne\\\/\",\"url\":\"https:\\\/\\\/www.bellunopress.it\\\/2009\\\/07\\\/24\\\/anziani-emergenza-al-nord-a-soffrire-sono-soprattutto-le-donne\\\/\",\"name\":\"Anziani: emergenza al nord. A soffrire sono soprattutto le donne - Bellunopress - Dolomiti\",\"isPartOf\":{\"@id\":\"https:\\\/\\\/www.bellunopress.it\\\/#website\"},\"datePublished\":\"2009-07-24T07:59:11+00:00\",\"dateModified\":\"2009-07-24T17:36:44+00:00\",\"breadcrumb\":{\"@id\":\"https:\\\/\\\/www.bellunopress.it\\\/2009\\\/07\\\/24\\\/anziani-emergenza-al-nord-a-soffrire-sono-soprattutto-le-donne\\\/#breadcrumb\"},\"inLanguage\":\"fr-FR\",\"potentialAction\":[{\"@type\":\"ReadAction\",\"target\":[\"https:\\\/\\\/www.bellunopress.it\\\/2009\\\/07\\\/24\\\/anziani-emergenza-al-nord-a-soffrire-sono-soprattutto-le-donne\\\/\"]}]},{\"@type\":\"BreadcrumbList\",\"@id\":\"https:\\\/\\\/www.bellunopress.it\\\/2009\\\/07\\\/24\\\/anziani-emergenza-al-nord-a-soffrire-sono-soprattutto-le-donne\\\/#breadcrumb\",\"itemListElement\":[{\"@type\":\"ListItem\",\"position\":1,\"name\":\"Home\",\"item\":\"https:\\\/\\\/www.bellunopress.it\\\/\"},{\"@type\":\"ListItem\",\"position\":2,\"name\":\"Anziani: emergenza al nord. A soffrire sono soprattutto le donne\"}]},{\"@type\":\"WebSite\",\"@id\":\"https:\\\/\\\/www.bellunopress.it\\\/#website\",\"url\":\"https:\\\/\\\/www.bellunopress.it\\\/\",\"name\":\"Bellunopress - Dolomiti\",\"description\":\"e-mail: redazione@bellunopress.it\",\"publisher\":{\"@id\":\"https:\\\/\\\/www.bellunopress.it\\\/#organization\"},\"potentialAction\":[{\"@type\":\"SearchAction\",\"target\":{\"@type\":\"EntryPoint\",\"urlTemplate\":\"https:\\\/\\\/www.bellunopress.it\\\/?s={search_term_string}\"},\"query-input\":{\"@type\":\"PropertyValueSpecification\",\"valueRequired\":true,\"valueName\":\"search_term_string\"}}],\"inLanguage\":\"fr-FR\"},{\"@type\":\"Organization\",\"@id\":\"https:\\\/\\\/www.bellunopress.it\\\/#organization\",\"name\":\"Bellunopress\",\"url\":\"https:\\\/\\\/www.bellunopress.it\\\/\",\"logo\":{\"@type\":\"ImageObject\",\"inLanguage\":\"fr-FR\",\"@id\":\"https:\\\/\\\/www.bellunopress.it\\\/#\\\/schema\\\/logo\\\/image\\\/\",\"url\":\"https:\\\/\\\/www.bellunopress.it\\\/wp-content\\\/uploads\\\/2011\\\/05\\\/cropped-logo-bellunopress-.jpg\",\"contentUrl\":\"https:\\\/\\\/www.bellunopress.it\\\/wp-content\\\/uploads\\\/2011\\\/05\\\/cropped-logo-bellunopress-.jpg\",\"width\":512,\"height\":512,\"caption\":\"Bellunopress\"},\"image\":{\"@id\":\"https:\\\/\\\/www.bellunopress.it\\\/#\\\/schema\\\/logo\\\/image\\\/\"},\"sameAs\":[\"https:\\\/\\\/www.facebook.com\\\/profile.php?id=100008943462799\",\"https:\\\/\\\/x.com\\\/bellunopress\",\"https:\\\/\\\/www.linkedin.com\\\/hp\\\/?dnr=JBzUWaJfMUw8vbXJJ2tVW5-I3jZKvC4wsoxE&amp;amp;amp;amp;amp;amp;trk=nav_responsive_tab_home\",\"https:\\\/\\\/www.youtube.com\\\/channel\\\/UCxL0wu1uN0_3_7hGG0306cw\"]},{\"@type\":\"Person\",\"@id\":\"https:\\\/\\\/www.bellunopress.it\\\/#\\\/schema\\\/person\\\/79bb06722b37ece1c03d3e94beb30d73\",\"name\":\"redazione\",\"image\":{\"@type\":\"ImageObject\",\"inLanguage\":\"fr-FR\",\"@id\":\"https:\\\/\\\/secure.gravatar.com\\\/avatar\\\/37d968a2e67a6fd04c169c4bdef102d0bc5d31b2546345219e348575eb80e9a0?s=96&d=mm&r=g\",\"url\":\"https:\\\/\\\/secure.gravatar.com\\\/avatar\\\/37d968a2e67a6fd04c169c4bdef102d0bc5d31b2546345219e348575eb80e9a0?s=96&d=mm&r=g\",\"contentUrl\":\"https:\\\/\\\/secure.gravatar.com\\\/avatar\\\/37d968a2e67a6fd04c169c4bdef102d0bc5d31b2546345219e348575eb80e9a0?s=96&d=mm&r=g\",\"caption\":\"redazione\"},\"sameAs\":[\"http:\\\/\\\/www.bellunopress.it\",\"https:\\\/\\\/x.com\\\/bellunopress\"],\"url\":\"https:\\\/\\\/www.bellunopress.it\\\/fr\\\/author\\\/redazione\\\/\"}]}<\/script>\n<!-- \/ Yoast SEO plugin. -->","yoast_head_json":{"title":"Anziani: emergenza al nord. A soffrire sono soprattutto le donne - Bellunopress - Dolomiti","robots":{"index":"index","follow":"follow","max-snippet":"max-snippet:-1","max-image-preview":"max-image-preview:large","max-video-preview":"max-video-preview:-1"},"canonical":"https:\/\/www.bellunopress.it\/fr\/2009\/07\/24\/anziani-emergenza-al-nord-a-soffrire-sono-soprattutto-le-donne\/","og_locale":"fr_FR","og_type":"article","og_title":"Anziani: emergenza al nord. A soffrire sono soprattutto le donne - Bellunopress - Dolomiti","og_description":"E&#8217; quanto \u00e8 contenuto nel secondo rapporto nazionale Filo d\u2019Argento dell\u2019 Auser, che li sostiene, anche in provincia di Belluno. Sono anziani soli over 75, soprattutto donne, vivono nel Nord Italia, non sono seguiti dai servizi sociali e non possono permettersi la badante. Esprimono bisogni di compagnia, socialit\u00e0, necessit\u00e0 di spostarsi nel territorio, aiuti a [&hellip;]","og_url":"https:\/\/www.bellunopress.it\/fr\/2009\/07\/24\/anziani-emergenza-al-nord-a-soffrire-sono-soprattutto-le-donne\/","og_site_name":"Bellunopress - Dolomiti","article_publisher":"https:\/\/www.facebook.com\/profile.php?id=100008943462799","article_published_time":"2009-07-24T07:59:11+00:00","article_modified_time":"2009-07-24T17:36:44+00:00","og_image":[{"url":"http:\/\/www.bellunopress.it\/wp-content\/uploads\/2012\/07\/logo-bellunopress-250x250-2012.jpg","type":"","width":"","height":""}],"author":"redazione","twitter_card":"summary_large_image","twitter_creator":"@bellunopress","twitter_site":"@bellunopress","twitter_misc":{"Written by":"redazione","Est. reading time":"3 minutes"},"schema":{"@context":"https:\/\/schema.org","@graph":[{"@type":"Article","@id":"https:\/\/www.bellunopress.it\/2009\/07\/24\/anziani-emergenza-al-nord-a-soffrire-sono-soprattutto-le-donne\/#article","isPartOf":{"@id":"https:\/\/www.bellunopress.it\/2009\/07\/24\/anziani-emergenza-al-nord-a-soffrire-sono-soprattutto-le-donne\/"},"author":{"name":"redazione","@id":"https:\/\/www.bellunopress.it\/#\/schema\/person\/79bb06722b37ece1c03d3e94beb30d73"},"headline":"Anziani: emergenza al nord. A soffrire sono soprattutto le donne","datePublished":"2009-07-24T07:59:11+00:00","dateModified":"2009-07-24T17:36:44+00:00","mainEntityOfPage":{"@id":"https:\/\/www.bellunopress.it\/2009\/07\/24\/anziani-emergenza-al-nord-a-soffrire-sono-soprattutto-le-donne\/"},"wordCount":530,"publisher":{"@id":"https:\/\/www.bellunopress.it\/#organization"},"keywords":["Belluno"],"articleSection":["Prima Pagina","Societ\u00e0, Associazioni, Istituzioni"],"inLanguage":"fr-FR"},{"@type":"WebPage","@id":"https:\/\/www.bellunopress.it\/2009\/07\/24\/anziani-emergenza-al-nord-a-soffrire-sono-soprattutto-le-donne\/","url":"https:\/\/www.bellunopress.it\/2009\/07\/24\/anziani-emergenza-al-nord-a-soffrire-sono-soprattutto-le-donne\/","name":"Anziani: emergenza al nord. A soffrire sono soprattutto le donne - Bellunopress - Dolomiti","isPartOf":{"@id":"https:\/\/www.bellunopress.it\/#website"},"datePublished":"2009-07-24T07:59:11+00:00","dateModified":"2009-07-24T17:36:44+00:00","breadcrumb":{"@id":"https:\/\/www.bellunopress.it\/2009\/07\/24\/anziani-emergenza-al-nord-a-soffrire-sono-soprattutto-le-donne\/#breadcrumb"},"inLanguage":"fr-FR","potentialAction":[{"@type":"ReadAction","target":["https:\/\/www.bellunopress.it\/2009\/07\/24\/anziani-emergenza-al-nord-a-soffrire-sono-soprattutto-le-donne\/"]}]},{"@type":"BreadcrumbList","@id":"https:\/\/www.bellunopress.it\/2009\/07\/24\/anziani-emergenza-al-nord-a-soffrire-sono-soprattutto-le-donne\/#breadcrumb","itemListElement":[{"@type":"ListItem","position":1,"name":"Home","item":"https:\/\/www.bellunopress.it\/"},{"@type":"ListItem","position":2,"name":"Anziani: emergenza al nord. A soffrire sono soprattutto le donne"}]},{"@type":"WebSite","@id":"https:\/\/www.bellunopress.it\/#website","url":"https:\/\/www.bellunopress.it\/","name":"Bellunopress - Dolomiti","description":"e-mail: redazione@bellunopress.it","publisher":{"@id":"https:\/\/www.bellunopress.it\/#organization"},"potentialAction":[{"@type":"SearchAction","target":{"@type":"EntryPoint","urlTemplate":"https:\/\/www.bellunopress.it\/?s={search_term_string}"},"query-input":{"@type":"PropertyValueSpecification","valueRequired":true,"valueName":"search_term_string"}}],"inLanguage":"fr-FR"},{"@type":"Organization","@id":"https:\/\/www.bellunopress.it\/#organization","name":"Bellunopress","url":"https:\/\/www.bellunopress.it\/","logo":{"@type":"ImageObject","inLanguage":"fr-FR","@id":"https:\/\/www.bellunopress.it\/#\/schema\/logo\/image\/","url":"https:\/\/www.bellunopress.it\/wp-content\/uploads\/2011\/05\/cropped-logo-bellunopress-.jpg","contentUrl":"https:\/\/www.bellunopress.it\/wp-content\/uploads\/2011\/05\/cropped-logo-bellunopress-.jpg","width":512,"height":512,"caption":"Bellunopress"},"image":{"@id":"https:\/\/www.bellunopress.it\/#\/schema\/logo\/image\/"},"sameAs":["https:\/\/www.facebook.com\/profile.php?id=100008943462799","https:\/\/x.com\/bellunopress","https:\/\/www.linkedin.com\/hp\/?dnr=JBzUWaJfMUw8vbXJJ2tVW5-I3jZKvC4wsoxE&amp;amp;amp;amp;amp;amp;trk=nav_responsive_tab_home","https:\/\/www.youtube.com\/channel\/UCxL0wu1uN0_3_7hGG0306cw"]},{"@type":"Person","@id":"https:\/\/www.bellunopress.it\/#\/schema\/person\/79bb06722b37ece1c03d3e94beb30d73","name":"r\u00e9daction","image":{"@type":"ImageObject","inLanguage":"fr-FR","@id":"https:\/\/secure.gravatar.com\/avatar\/37d968a2e67a6fd04c169c4bdef102d0bc5d31b2546345219e348575eb80e9a0?s=96&d=mm&r=g","url":"https:\/\/secure.gravatar.com\/avatar\/37d968a2e67a6fd04c169c4bdef102d0bc5d31b2546345219e348575eb80e9a0?s=96&d=mm&r=g","contentUrl":"https:\/\/secure.gravatar.com\/avatar\/37d968a2e67a6fd04c169c4bdef102d0bc5d31b2546345219e348575eb80e9a0?s=96&d=mm&r=g","caption":"redazione"},"sameAs":["http:\/\/www.bellunopress.it","https:\/\/x.com\/bellunopress"],"url":"https:\/\/www.bellunopress.it\/fr\/author\/redazione\/"}]}},"_links":{"self":[{"href":"https:\/\/www.bellunopress.it\/fr\/wp-json\/wp\/v2\/posts\/6331","targetHints":{"allow":["GET"]}}],"collection":[{"href":"https:\/\/www.bellunopress.it\/fr\/wp-json\/wp\/v2\/posts"}],"about":[{"href":"https:\/\/www.bellunopress.it\/fr\/wp-json\/wp\/v2\/types\/post"}],"author":[{"embeddable":true,"href":"https:\/\/www.bellunopress.it\/fr\/wp-json\/wp\/v2\/users\/2"}],"replies":[{"embeddable":true,"href":"https:\/\/www.bellunopress.it\/fr\/wp-json\/wp\/v2\/comments?post=6331"}],"version-history":[{"count":5,"href":"https:\/\/www.bellunopress.it\/fr\/wp-json\/wp\/v2\/posts\/6331\/revisions"}],"predecessor-version":[{"id":6348,"href":"https:\/\/www.bellunopress.it\/fr\/wp-json\/wp\/v2\/posts\/6331\/revisions\/6348"}],"wp:attachment":[{"href":"https:\/\/www.bellunopress.it\/fr\/wp-json\/wp\/v2\/media?parent=6331"}],"wp:term":[{"taxonomy":"category","embeddable":true,"href":"https:\/\/www.bellunopress.it\/fr\/wp-json\/wp\/v2\/categories?post=6331"},{"taxonomy":"post_tag","embeddable":true,"href":"https:\/\/www.bellunopress.it\/fr\/wp-json\/wp\/v2\/tags?post=6331"}],"curies":[{"name":"wp","href":"https:\/\/api.w.org\/{rel}","templated":true}]}}