{"id":6318,"date":"2009-07-23T19:43:03","date_gmt":"2009-07-23T18:43:03","guid":{"rendered":"http:\/\/www.bellunopress.it\/?p=6318"},"modified":"2009-07-23T19:43:40","modified_gmt":"2009-07-23T18:43:40","slug":"eyewwear-lanfao-vara-un-piano-di-promozione-con-unattenzione-particolare-ai-paesi-emergenti","status":"publish","type":"post","link":"https:\/\/www.bellunopress.it\/fr\/2009\/07\/23\/eyewwear-lanfao-vara-un-piano-di-promozione-con-unattenzione-particolare-ai-paesi-emergenti\/","title":{"rendered":"Eyewwear: l&#8217;Anfao vara un piano di promozione con un&#8217; attenzione particolare ai Paesi emergenti"},"content":{"rendered":"<p>Il momento economico \u00e8 dei pi\u00f9 complessi, le difficolt\u00e0 sono evidenti e tutt\u2019altro che superate, le aziende del settore, in primo luogo le piccole e medie, hanno bisogno di interventi di sostegno. Ecco allora che Anfao, l\u2019Associazione dei Fabbricanti di Articoli Ottici, oltre a battersi affinch\u00e9 le istituzioni siano sensibilizzate e possano garantire misure peculiari per il settore, scende in campo in prima persona a supportare le sue aziende associate. Promosso e finanziato da Anfao con la sponsorizzazione di Mido, la Mostra Internazionale di Ottica, Optometria e Oftalmologia, la novit\u00e0 \u00e8 un piano di promozione straordinario per l\u2019internazionalizzazione che consentir\u00e0 alle aziende associate la partecipazione in collettiva alle fiere di settore pi\u00f9 strategiche che si terranno dal prossimo settembre fino a fine anno. \u201cCome Anfao ci siamo spesi e ci stiamo impegnando su molteplici fronti in favore del settore. Alcune istanze fatte alle Istituzioni sono state parzialmente accolte, come la richiesta di riconoscere ai campionari il valore di attivit\u00e0 di ricerca e sviluppo e il tentativo di migliorare l\u2019accesso al credito, altre sono invece ancora pendenti e oggetto delle nostre attivit\u00e0 di pressione. In questo contesto, in cui le priorit\u00e0 non dipendono chiaramente da noi e non sono definite, &#8211; sostiene il Cavaliere del Lavoro Vittorio Tabacchi, appena confermato alla Presidenza di Anfao &#8211; era necessario mettere sul tavolo qualcosa di concreto ed efficace in tempi stretti. Ecco allora che abbiamo pensato a un piano straordinario, da noi finanziato, per le aziende associate affinch\u00e9 possano reagire a questo momento delicato e continuino a essere presenti sui principali e pi\u00f9 interessanti mercati mondiali.\u201d Il programma straordinario di promozione partir\u00e0 il prossimo settembre a Roma, dove le aziende associate Anfao che hanno aderito prenderanno parte a Vision Business Forum, la mostra-convegno promossa da Assogruppi Ottica in collaborazione con Anfao e Mido e la partecipazione di Federottica. \u201cLa presenza sui mercati non pu\u00f2 che partire dall\u2019Italia. L\u2019appuntamento di Roma, che vedr\u00e0, oltre ad una nutrita adesione delle aziende di montature, la partecipazione di tutte le principali aziende produttrici di lenti, &#8211; continua Vittorio Tabacchi &#8211; potr\u00e0 essere l\u2019occasione, soprattutto per le piccole e medie aziende che non hanno ancora una distribuzione diretta strutturata e organizzata nel nostro paese, di presentarsi al panorama completo degli ottici italiani con una visibilit\u00e0 assoluta e la possibilit\u00e0 di confrontarsi con tutti i principali attori del settore.\u201d Dopo Roma, tante saranno le opportunit\u00e0 per le aziende associate di essere presenti in fiere di rilievo attraverso il piano di promozione di Anfao: Vision Expo West a Las Vegas, IOFT a Tokyo (come sempre in partnership con ICE), Hong Kong Optical Fair, Vision Canada a Calgary, Optik Istanbul.<br \/>\nL\u2019internazionalizzazione da sempre \u00e8 un valore fondamentale per le aziende dell\u2019occhialeria italiana che ha consentito negli anni l\u2019affermazione delle stesse aziende nel mondo. Paolo Cannicci, Vice Presidente Anfao e Presidente della Commissione Internazionalizzazione, sottolinea l\u2019importanza di questo piano: \u201coltre ai mercati tradizionali quali gli Stati Uniti siamo stati attenti a considerare anche i mercati potenziali e pi\u00f9 promettenti. In tal senso approcciamo la fiera canadese; il Giappone continua a essere l\u2019occasione di proporre prodotti di alto livello e con una forte connotazione di innovazione e tecnologia in un mercato che da sempre si dimostra sensibile, la Turchia un momento di verifica per la ricettivit\u00e0 del mercato di tutto il Medio Oriente. Infine a Hong Kong, che si conferma un crocevia fondamentale per l\u2019Asia, saremo presenti nell\u2019area dedicata al design a testimoniare l\u2019eccellenza dell\u2019occhialeria Made in Italy\u201d. L\u2019attenzione ai mercati emergenti \u00e8 testimoniata anche da un appuntamento che Anfao realizzer\u00e0 in India, in collaborazione con ICE, con tutta probabilit\u00e0 all\u2019inizio del 2010. \u201cSi tratter\u00e0 di una missione imprenditoriale in un paese dove la presenza italiana del settore \u00e8 ancora poco strutturata e che potrebbe rappresentare un notevole bacino di utenza per i nostri prodotti. Accompagneremo un gruppo di aziende di Anfao interessate \u2013 spiega Paolo Cannicci &#8211; a incontrare i principali buyers e distributori indiani sperando di poter creare le premesse di proficui rapporti commerciali\u201d. Nell\u2019ambito del piano di promozione straordinario promosso e finanziato da Anfao, oltre alla partecipazione alle fiere di settore, \u00e8 incluso anche un progetto speciale: grazie ad un\u2019iniziativa straordinaria dell\u2019ICE che ha scelto la Germania come mercato su cui promuovere la produzione italiana nel campo della moda e degli accessori, si \u00e8 presentata l\u2019occasione di organizzare a Berlino una mostra-evento che abbia come tema la storia dell\u2019occhialeria italiana, dagli albori ad oggi. Infine, nel contesto del programma di promozione ordinario, che da sempre Anfao dedica all\u2019internazionalizzazione, da segnalare, tra gli appuntamenti fino a dicembre 2009, la partecipazione di Anfao e Mido al Silmo, il salone dell\u2019occhialeria di Parigi.<\/p>","protected":false},"excerpt":{"rendered":"<p>Il momento economico \u00e8 dei pi\u00f9 complessi, le difficolt\u00e0 sono evidenti e tutt\u2019altro che superate, le aziende del settore, in primo luogo le piccole e medie, hanno bisogno di interventi di sostegno. Ecco allora che Anfao, l\u2019Associazione dei Fabbricanti di Articoli Ottici, oltre a battersi affinch\u00e9 le istituzioni siano sensibilizzate e possano garantire misure peculiari [&hellip;]<\/p>\n","protected":false},"author":2,"featured_media":0,"comment_status":"closed","ping_status":"open","sticky":false,"template":"","format":"standard","meta":{"footnotes":""},"categories":[36,26],"tags":[],"class_list":["post-6318","post","type-post","status-publish","format-standard","category-lavoro-economia","category-prima-pagina"],"yoast_head":"<!-- This site is optimized with the Yoast SEO plugin v28.4 - https:\/\/yoast.com\/product\/yoast-seo-wordpress\/ -->\n<title>Eyewwear: l&#039;Anfao vara un piano di promozione con un&#039; attenzione particolare ai Paesi emergenti - Bellunopress - Dolomiti<\/title>\n<meta name=\"robots\" content=\"index, follow, max-snippet:-1, max-image-preview:large, max-video-preview:-1\" \/>\n<link rel=\"canonical\" href=\"https:\/\/www.bellunopress.it\/fr\/2009\/07\/23\/eyewwear-lanfao-vara-un-piano-di-promozione-con-unattenzione-particolare-ai-paesi-emergenti\/\" \/>\n<meta property=\"og:locale\" content=\"fr_FR\" \/>\n<meta property=\"og:type\" content=\"article\" \/>\n<meta property=\"og:title\" content=\"Eyewwear: l&#039;Anfao vara un piano di promozione con un&#039; attenzione particolare ai Paesi emergenti - Bellunopress - Dolomiti\" \/>\n<meta property=\"og:description\" content=\"Il momento economico \u00e8 dei pi\u00f9 complessi, le difficolt\u00e0 sono evidenti e tutt\u2019altro che superate, le aziende del settore, in primo luogo le piccole e medie, hanno bisogno di interventi di sostegno. Ecco allora che Anfao, l\u2019Associazione dei Fabbricanti di Articoli Ottici, oltre a battersi affinch\u00e9 le istituzioni siano sensibilizzate e possano garantire misure peculiari [&hellip;]\" \/>\n<meta property=\"og:url\" content=\"https:\/\/www.bellunopress.it\/fr\/2009\/07\/23\/eyewwear-lanfao-vara-un-piano-di-promozione-con-unattenzione-particolare-ai-paesi-emergenti\/\" \/>\n<meta property=\"og:site_name\" content=\"Bellunopress - Dolomiti\" \/>\n<meta property=\"article:publisher\" content=\"https:\/\/www.facebook.com\/profile.php?id=100008943462799\" \/>\n<meta property=\"article:published_time\" content=\"2009-07-23T18:43:03+00:00\" \/>\n<meta property=\"article:modified_time\" content=\"2009-07-23T18:43:40+00:00\" \/>\n<meta property=\"og:image\" content=\"http:\/\/www.bellunopress.it\/wp-content\/uploads\/2012\/07\/logo-bellunopress-250x250-2012.jpg\" \/>\n<meta name=\"author\" content=\"redazione\" \/>\n<meta name=\"twitter:card\" content=\"summary_large_image\" \/>\n<meta name=\"twitter:creator\" content=\"@bellunopress\" \/>\n<meta name=\"twitter:site\" content=\"@bellunopress\" \/>\n<meta name=\"twitter:label1\" content=\"Written by\" \/>\n\t<meta name=\"twitter:data1\" content=\"redazione\" \/>\n\t<meta name=\"twitter:label2\" content=\"Est. reading time\" \/>\n\t<meta name=\"twitter:data2\" content=\"4 minutes\" \/>\n<script type=\"application\/ld+json\" class=\"yoast-schema-graph\">{\"@context\":\"https:\\\/\\\/schema.org\",\"@graph\":[{\"@type\":\"Article\",\"@id\":\"https:\\\/\\\/www.bellunopress.it\\\/2009\\\/07\\\/23\\\/eyewwear-lanfao-vara-un-piano-di-promozione-con-unattenzione-particolare-ai-paesi-emergenti\\\/#article\",\"isPartOf\":{\"@id\":\"https:\\\/\\\/www.bellunopress.it\\\/2009\\\/07\\\/23\\\/eyewwear-lanfao-vara-un-piano-di-promozione-con-unattenzione-particolare-ai-paesi-emergenti\\\/\"},\"author\":{\"name\":\"redazione\",\"@id\":\"https:\\\/\\\/www.bellunopress.it\\\/#\\\/schema\\\/person\\\/79bb06722b37ece1c03d3e94beb30d73\"},\"headline\":\"Eyewwear: l&#8217;Anfao vara un piano di promozione con un&#8217; attenzione particolare ai Paesi emergenti\",\"datePublished\":\"2009-07-23T18:43:03+00:00\",\"dateModified\":\"2009-07-23T18:43:40+00:00\",\"mainEntityOfPage\":{\"@id\":\"https:\\\/\\\/www.bellunopress.it\\\/2009\\\/07\\\/23\\\/eyewwear-lanfao-vara-un-piano-di-promozione-con-unattenzione-particolare-ai-paesi-emergenti\\\/\"},\"wordCount\":799,\"publisher\":{\"@id\":\"https:\\\/\\\/www.bellunopress.it\\\/#organization\"},\"articleSection\":[\"Lavoro, Economia, Turismo\",\"Prima Pagina\"],\"inLanguage\":\"fr-FR\"},{\"@type\":\"WebPage\",\"@id\":\"https:\\\/\\\/www.bellunopress.it\\\/2009\\\/07\\\/23\\\/eyewwear-lanfao-vara-un-piano-di-promozione-con-unattenzione-particolare-ai-paesi-emergenti\\\/\",\"url\":\"https:\\\/\\\/www.bellunopress.it\\\/2009\\\/07\\\/23\\\/eyewwear-lanfao-vara-un-piano-di-promozione-con-unattenzione-particolare-ai-paesi-emergenti\\\/\",\"name\":\"Eyewwear: l'Anfao vara un piano di promozione con un' attenzione particolare ai Paesi emergenti - Bellunopress - Dolomiti\",\"isPartOf\":{\"@id\":\"https:\\\/\\\/www.bellunopress.it\\\/#website\"},\"datePublished\":\"2009-07-23T18:43:03+00:00\",\"dateModified\":\"2009-07-23T18:43:40+00:00\",\"breadcrumb\":{\"@id\":\"https:\\\/\\\/www.bellunopress.it\\\/2009\\\/07\\\/23\\\/eyewwear-lanfao-vara-un-piano-di-promozione-con-unattenzione-particolare-ai-paesi-emergenti\\\/#breadcrumb\"},\"inLanguage\":\"fr-FR\",\"potentialAction\":[{\"@type\":\"ReadAction\",\"target\":[\"https:\\\/\\\/www.bellunopress.it\\\/2009\\\/07\\\/23\\\/eyewwear-lanfao-vara-un-piano-di-promozione-con-unattenzione-particolare-ai-paesi-emergenti\\\/\"]}]},{\"@type\":\"BreadcrumbList\",\"@id\":\"https:\\\/\\\/www.bellunopress.it\\\/2009\\\/07\\\/23\\\/eyewwear-lanfao-vara-un-piano-di-promozione-con-unattenzione-particolare-ai-paesi-emergenti\\\/#breadcrumb\",\"itemListElement\":[{\"@type\":\"ListItem\",\"position\":1,\"name\":\"Home\",\"item\":\"https:\\\/\\\/www.bellunopress.it\\\/\"},{\"@type\":\"ListItem\",\"position\":2,\"name\":\"Eyewwear: l&#8217;Anfao vara un piano di promozione con un&#8217; attenzione particolare ai Paesi emergenti\"}]},{\"@type\":\"WebSite\",\"@id\":\"https:\\\/\\\/www.bellunopress.it\\\/#website\",\"url\":\"https:\\\/\\\/www.bellunopress.it\\\/\",\"name\":\"Bellunopress - Dolomiti\",\"description\":\"e-mail: redazione@bellunopress.it\",\"publisher\":{\"@id\":\"https:\\\/\\\/www.bellunopress.it\\\/#organization\"},\"potentialAction\":[{\"@type\":\"SearchAction\",\"target\":{\"@type\":\"EntryPoint\",\"urlTemplate\":\"https:\\\/\\\/www.bellunopress.it\\\/?s={search_term_string}\"},\"query-input\":{\"@type\":\"PropertyValueSpecification\",\"valueRequired\":true,\"valueName\":\"search_term_string\"}}],\"inLanguage\":\"fr-FR\"},{\"@type\":\"Organization\",\"@id\":\"https:\\\/\\\/www.bellunopress.it\\\/#organization\",\"name\":\"Bellunopress\",\"url\":\"https:\\\/\\\/www.bellunopress.it\\\/\",\"logo\":{\"@type\":\"ImageObject\",\"inLanguage\":\"fr-FR\",\"@id\":\"https:\\\/\\\/www.bellunopress.it\\\/#\\\/schema\\\/logo\\\/image\\\/\",\"url\":\"https:\\\/\\\/www.bellunopress.it\\\/wp-content\\\/uploads\\\/2011\\\/05\\\/cropped-logo-bellunopress-.jpg\",\"contentUrl\":\"https:\\\/\\\/www.bellunopress.it\\\/wp-content\\\/uploads\\\/2011\\\/05\\\/cropped-logo-bellunopress-.jpg\",\"width\":512,\"height\":512,\"caption\":\"Bellunopress\"},\"image\":{\"@id\":\"https:\\\/\\\/www.bellunopress.it\\\/#\\\/schema\\\/logo\\\/image\\\/\"},\"sameAs\":[\"https:\\\/\\\/www.facebook.com\\\/profile.php?id=100008943462799\",\"https:\\\/\\\/x.com\\\/bellunopress\",\"https:\\\/\\\/www.linkedin.com\\\/hp\\\/?dnr=JBzUWaJfMUw8vbXJJ2tVW5-I3jZKvC4wsoxE&amp;amp;amp;amp;amp;amp;trk=nav_responsive_tab_home\",\"https:\\\/\\\/www.youtube.com\\\/channel\\\/UCxL0wu1uN0_3_7hGG0306cw\"]},{\"@type\":\"Person\",\"@id\":\"https:\\\/\\\/www.bellunopress.it\\\/#\\\/schema\\\/person\\\/79bb06722b37ece1c03d3e94beb30d73\",\"name\":\"redazione\",\"image\":{\"@type\":\"ImageObject\",\"inLanguage\":\"fr-FR\",\"@id\":\"https:\\\/\\\/secure.gravatar.com\\\/avatar\\\/37d968a2e67a6fd04c169c4bdef102d0bc5d31b2546345219e348575eb80e9a0?s=96&d=mm&r=g\",\"url\":\"https:\\\/\\\/secure.gravatar.com\\\/avatar\\\/37d968a2e67a6fd04c169c4bdef102d0bc5d31b2546345219e348575eb80e9a0?s=96&d=mm&r=g\",\"contentUrl\":\"https:\\\/\\\/secure.gravatar.com\\\/avatar\\\/37d968a2e67a6fd04c169c4bdef102d0bc5d31b2546345219e348575eb80e9a0?s=96&d=mm&r=g\",\"caption\":\"redazione\"},\"sameAs\":[\"http:\\\/\\\/www.bellunopress.it\",\"https:\\\/\\\/x.com\\\/bellunopress\"],\"url\":\"https:\\\/\\\/www.bellunopress.it\\\/fr\\\/author\\\/redazione\\\/\"}]}<\/script>\n<!-- \/ Yoast SEO plugin. -->","yoast_head_json":{"title":"Eyewwear: l'Anfao vara un piano di promozione con un' attenzione particolare ai Paesi emergenti - Bellunopress - Dolomiti","robots":{"index":"index","follow":"follow","max-snippet":"max-snippet:-1","max-image-preview":"max-image-preview:large","max-video-preview":"max-video-preview:-1"},"canonical":"https:\/\/www.bellunopress.it\/fr\/2009\/07\/23\/eyewwear-lanfao-vara-un-piano-di-promozione-con-unattenzione-particolare-ai-paesi-emergenti\/","og_locale":"fr_FR","og_type":"article","og_title":"Eyewwear: l'Anfao vara un piano di promozione con un' attenzione particolare ai Paesi emergenti - Bellunopress - Dolomiti","og_description":"Il momento economico \u00e8 dei pi\u00f9 complessi, le difficolt\u00e0 sono evidenti e tutt\u2019altro che superate, le aziende del settore, in primo luogo le piccole e medie, hanno bisogno di interventi di sostegno. Ecco allora che Anfao, l\u2019Associazione dei Fabbricanti di Articoli Ottici, oltre a battersi affinch\u00e9 le istituzioni siano sensibilizzate e possano garantire misure peculiari [&hellip;]","og_url":"https:\/\/www.bellunopress.it\/fr\/2009\/07\/23\/eyewwear-lanfao-vara-un-piano-di-promozione-con-unattenzione-particolare-ai-paesi-emergenti\/","og_site_name":"Bellunopress - Dolomiti","article_publisher":"https:\/\/www.facebook.com\/profile.php?id=100008943462799","article_published_time":"2009-07-23T18:43:03+00:00","article_modified_time":"2009-07-23T18:43:40+00:00","og_image":[{"url":"http:\/\/www.bellunopress.it\/wp-content\/uploads\/2012\/07\/logo-bellunopress-250x250-2012.jpg","type":"","width":"","height":""}],"author":"redazione","twitter_card":"summary_large_image","twitter_creator":"@bellunopress","twitter_site":"@bellunopress","twitter_misc":{"Written by":"redazione","Est. reading time":"4 minutes"},"schema":{"@context":"https:\/\/schema.org","@graph":[{"@type":"Article","@id":"https:\/\/www.bellunopress.it\/2009\/07\/23\/eyewwear-lanfao-vara-un-piano-di-promozione-con-unattenzione-particolare-ai-paesi-emergenti\/#article","isPartOf":{"@id":"https:\/\/www.bellunopress.it\/2009\/07\/23\/eyewwear-lanfao-vara-un-piano-di-promozione-con-unattenzione-particolare-ai-paesi-emergenti\/"},"author":{"name":"redazione","@id":"https:\/\/www.bellunopress.it\/#\/schema\/person\/79bb06722b37ece1c03d3e94beb30d73"},"headline":"Eyewwear: l&#8217;Anfao vara un piano di promozione con un&#8217; attenzione particolare ai Paesi emergenti","datePublished":"2009-07-23T18:43:03+00:00","dateModified":"2009-07-23T18:43:40+00:00","mainEntityOfPage":{"@id":"https:\/\/www.bellunopress.it\/2009\/07\/23\/eyewwear-lanfao-vara-un-piano-di-promozione-con-unattenzione-particolare-ai-paesi-emergenti\/"},"wordCount":799,"publisher":{"@id":"https:\/\/www.bellunopress.it\/#organization"},"articleSection":["Lavoro, Economia, Turismo","Prima Pagina"],"inLanguage":"fr-FR"},{"@type":"WebPage","@id":"https:\/\/www.bellunopress.it\/2009\/07\/23\/eyewwear-lanfao-vara-un-piano-di-promozione-con-unattenzione-particolare-ai-paesi-emergenti\/","url":"https:\/\/www.bellunopress.it\/2009\/07\/23\/eyewwear-lanfao-vara-un-piano-di-promozione-con-unattenzione-particolare-ai-paesi-emergenti\/","name":"Eyewwear: l'Anfao vara un piano di promozione con un' attenzione particolare ai Paesi emergenti - Bellunopress - Dolomiti","isPartOf":{"@id":"https:\/\/www.bellunopress.it\/#website"},"datePublished":"2009-07-23T18:43:03+00:00","dateModified":"2009-07-23T18:43:40+00:00","breadcrumb":{"@id":"https:\/\/www.bellunopress.it\/2009\/07\/23\/eyewwear-lanfao-vara-un-piano-di-promozione-con-unattenzione-particolare-ai-paesi-emergenti\/#breadcrumb"},"inLanguage":"fr-FR","potentialAction":[{"@type":"ReadAction","target":["https:\/\/www.bellunopress.it\/2009\/07\/23\/eyewwear-lanfao-vara-un-piano-di-promozione-con-unattenzione-particolare-ai-paesi-emergenti\/"]}]},{"@type":"BreadcrumbList","@id":"https:\/\/www.bellunopress.it\/2009\/07\/23\/eyewwear-lanfao-vara-un-piano-di-promozione-con-unattenzione-particolare-ai-paesi-emergenti\/#breadcrumb","itemListElement":[{"@type":"ListItem","position":1,"name":"Home","item":"https:\/\/www.bellunopress.it\/"},{"@type":"ListItem","position":2,"name":"Eyewwear: l&#8217;Anfao vara un piano di promozione con un&#8217; attenzione particolare ai Paesi emergenti"}]},{"@type":"WebSite","@id":"https:\/\/www.bellunopress.it\/#website","url":"https:\/\/www.bellunopress.it\/","name":"Bellunopress - Dolomiti","description":"e-mail: redazione@bellunopress.it","publisher":{"@id":"https:\/\/www.bellunopress.it\/#organization"},"potentialAction":[{"@type":"SearchAction","target":{"@type":"EntryPoint","urlTemplate":"https:\/\/www.bellunopress.it\/?s={search_term_string}"},"query-input":{"@type":"PropertyValueSpecification","valueRequired":true,"valueName":"search_term_string"}}],"inLanguage":"fr-FR"},{"@type":"Organization","@id":"https:\/\/www.bellunopress.it\/#organization","name":"Bellunopress","url":"https:\/\/www.bellunopress.it\/","logo":{"@type":"ImageObject","inLanguage":"fr-FR","@id":"https:\/\/www.bellunopress.it\/#\/schema\/logo\/image\/","url":"https:\/\/www.bellunopress.it\/wp-content\/uploads\/2011\/05\/cropped-logo-bellunopress-.jpg","contentUrl":"https:\/\/www.bellunopress.it\/wp-content\/uploads\/2011\/05\/cropped-logo-bellunopress-.jpg","width":512,"height":512,"caption":"Bellunopress"},"image":{"@id":"https:\/\/www.bellunopress.it\/#\/schema\/logo\/image\/"},"sameAs":["https:\/\/www.facebook.com\/profile.php?id=100008943462799","https:\/\/x.com\/bellunopress","https:\/\/www.linkedin.com\/hp\/?dnr=JBzUWaJfMUw8vbXJJ2tVW5-I3jZKvC4wsoxE&amp;amp;amp;amp;amp;amp;trk=nav_responsive_tab_home","https:\/\/www.youtube.com\/channel\/UCxL0wu1uN0_3_7hGG0306cw"]},{"@type":"Person","@id":"https:\/\/www.bellunopress.it\/#\/schema\/person\/79bb06722b37ece1c03d3e94beb30d73","name":"r\u00e9daction","image":{"@type":"ImageObject","inLanguage":"fr-FR","@id":"https:\/\/secure.gravatar.com\/avatar\/37d968a2e67a6fd04c169c4bdef102d0bc5d31b2546345219e348575eb80e9a0?s=96&d=mm&r=g","url":"https:\/\/secure.gravatar.com\/avatar\/37d968a2e67a6fd04c169c4bdef102d0bc5d31b2546345219e348575eb80e9a0?s=96&d=mm&r=g","contentUrl":"https:\/\/secure.gravatar.com\/avatar\/37d968a2e67a6fd04c169c4bdef102d0bc5d31b2546345219e348575eb80e9a0?s=96&d=mm&r=g","caption":"redazione"},"sameAs":["http:\/\/www.bellunopress.it","https:\/\/x.com\/bellunopress"],"url":"https:\/\/www.bellunopress.it\/fr\/author\/redazione\/"}]}},"_links":{"self":[{"href":"https:\/\/www.bellunopress.it\/fr\/wp-json\/wp\/v2\/posts\/6318","targetHints":{"allow":["GET"]}}],"collection":[{"href":"https:\/\/www.bellunopress.it\/fr\/wp-json\/wp\/v2\/posts"}],"about":[{"href":"https:\/\/www.bellunopress.it\/fr\/wp-json\/wp\/v2\/types\/post"}],"author":[{"embeddable":true,"href":"https:\/\/www.bellunopress.it\/fr\/wp-json\/wp\/v2\/users\/2"}],"replies":[{"embeddable":true,"href":"https:\/\/www.bellunopress.it\/fr\/wp-json\/wp\/v2\/comments?post=6318"}],"version-history":[{"count":2,"href":"https:\/\/www.bellunopress.it\/fr\/wp-json\/wp\/v2\/posts\/6318\/revisions"}],"predecessor-version":[{"id":6320,"href":"https:\/\/www.bellunopress.it\/fr\/wp-json\/wp\/v2\/posts\/6318\/revisions\/6320"}],"wp:attachment":[{"href":"https:\/\/www.bellunopress.it\/fr\/wp-json\/wp\/v2\/media?parent=6318"}],"wp:term":[{"taxonomy":"category","embeddable":true,"href":"https:\/\/www.bellunopress.it\/fr\/wp-json\/wp\/v2\/categories?post=6318"},{"taxonomy":"post_tag","embeddable":true,"href":"https:\/\/www.bellunopress.it\/fr\/wp-json\/wp\/v2\/tags?post=6318"}],"curies":[{"name":"wp","href":"https:\/\/api.w.org\/{rel}","templated":true}]}}