{"id":6302,"date":"2009-07-23T17:39:38","date_gmt":"2009-07-23T16:39:38","guid":{"rendered":"http:\/\/www.bellunopress.it\/?p=6302"},"modified":"2009-07-23T19:46:36","modified_gmt":"2009-07-23T18:46:36","slug":"l%e2%80%99alpe-del-nevegal-ospita-l%e2%80%99orchestra-dolomiti-symphonia-in-concerto","status":"publish","type":"post","link":"https:\/\/www.bellunopress.it\/fr\/2009\/07\/23\/l%e2%80%99alpe-del-nevegal-ospita-l%e2%80%99orchestra-dolomiti-symphonia-in-concerto\/","title":{"rendered":"Alpe del Nevegal: l\u2019 Orchestra Dolomiti Symphonia in concerto sabato"},"content":{"rendered":"<figure id=\"attachment_6304\" aria-describedby=\"caption-attachment-6304\" style=\"width: 270px\" class=\"wp-caption alignleft\"><a href=\"http:\/\/www.bellunopress.it\/wp-content\/uploads\/2009\/07\/santuario-in-nevegal.jpg\"><img loading=\"lazy\" decoding=\"async\" class=\"size-medium wp-image-6304\" title=\"santuario-in-nevegal\" src=\"http:\/\/www.bellunopress.it\/wp-content\/uploads\/2009\/07\/santuario-in-nevegal.jpg\" alt=\"Santuario in Nevegal (Belluno)\" width=\"270\" height=\"180\" \/><\/a><figcaption id=\"caption-attachment-6304\" class=\"wp-caption-text\">Santuario in Nevegal (Belluno)<\/figcaption><\/figure>\n<p>Appuntamento con la grande musica sabato 25 luglio presso la pista Grava in Nevegal: l\u2019orchestra Dolomiti Symphonia eseguir\u00e0 la Water Music di Haendel. L\u2019inizio del concerto \u00e8 previsto per le ore 17.30; in caso di maltempo la manifestazione sar\u00e0 ospitata presso il Santuario di Maria Immacolata. L\u2019iniziativa \u00e8 realizzata grazie al contributo del consorzio dei comuni del Bacino Imbrifero Montano (BIM) del Piave appartenenti alla Provincia di Belluno e del Bim Gestione Servizi Pubblici, in collaborazione con la societ\u00e0 NIS. Haendel compose la Water Music nel 1714, per allietare le gite in barca di Giorgio I d\u2019Inghilterra, cercando di accaparrarsene i favori, dopo che qualche anno prima, quando il sovrano era ancora principe elettore di Hannover, il musicista aveva abbandonato la direzione della sua cappella musicale per cercare la fortuna a Londra. Si tratta di una composizione nata proprio per un esecuzione all\u2019aperto, con strumenti ad arco e fiato diretti dal Professor Delio Cassetta, la cornice del\u00a0 Nevegal, sotto il muro della pista Grava, sar\u00e0 dunque la location ideale per le sonorit\u00e0 che verranno ricreate dagli strumenti. Ad arricchire la serata un invitante rinfresco offerto dai gestori del rifugio Grava. Le manifestazioni musicali in Nevegal allieteranno gli appassionati con altre due esibizioni: il Concerto Jazz Swing, nella serata di domenica 2 agosto all\u2019arrivo della pista Coca e introdotto dal gruppo Metronomes. Il Concerto Country-Western, secondo appuntamento presentato dai Turnover, \u00e8 fissato\u00a0 sabato 15 agosto presso la medesima location. In caso di maltempo verr\u00e0 allestito uno spazio ah hoc presso il centro Le Torri. Eventi originali e suggestivi, capaci di creare una stretta sinergia tra natura, musica e cultura, e adatti\u00a0 a valorizzare l\u2019Alpe che diventa cos\u00ec protagonista anche della stagione estiva.<\/p>","protected":false},"excerpt":{"rendered":"<p>Appuntamento con la grande musica sabato 25 luglio presso la pista Grava in Nevegal: l\u2019orchestra Dolomiti Symphonia eseguir\u00e0 la Water Music di Haendel. L\u2019inizio del concerto \u00e8 previsto per le ore 17.30; in caso di maltempo la manifestazione sar\u00e0 ospitata presso il Santuario di Maria Immacolata. L\u2019iniziativa \u00e8 realizzata grazie al contributo del consorzio dei [&hellip;]<\/p>\n","protected":false},"author":2,"featured_media":0,"comment_status":"closed","ping_status":"open","sticky":false,"template":"","format":"standard","meta":{"footnotes":""},"categories":[3,26],"tags":[139,63],"class_list":["post-6302","post","type-post","status-publish","format-standard","category-arte-cultura-spettacoli-scienza-archivi","category-prima-pagina","tag-belluno","tag-dolomiti"],"yoast_head":"<!-- This site is optimized with the Yoast SEO plugin v28.4 - https:\/\/yoast.com\/product\/yoast-seo-wordpress\/ -->\n<title>Alpe del Nevegal: l\u2019 Orchestra Dolomiti Symphonia in concerto sabato - Bellunopress - Dolomiti<\/title>\n<meta name=\"robots\" content=\"index, follow, max-snippet:-1, max-image-preview:large, max-video-preview:-1\" \/>\n<link rel=\"canonical\" href=\"https:\/\/www.bellunopress.it\/fr\/2009\/07\/23\/l\u2019alpe-del-nevegal-ospita-l\u2019orchestra-dolomiti-symphonia-in-concerto\/\" \/>\n<meta property=\"og:locale\" content=\"fr_FR\" \/>\n<meta property=\"og:type\" content=\"article\" \/>\n<meta property=\"og:title\" content=\"Alpe del Nevegal: l\u2019 Orchestra Dolomiti Symphonia in concerto sabato - Bellunopress - Dolomiti\" \/>\n<meta property=\"og:description\" content=\"Appuntamento con la grande musica sabato 25 luglio presso la pista Grava in Nevegal: l\u2019orchestra Dolomiti Symphonia eseguir\u00e0 la Water Music di Haendel. L\u2019inizio del concerto \u00e8 previsto per le ore 17.30; in caso di maltempo la manifestazione sar\u00e0 ospitata presso il Santuario di Maria Immacolata. L\u2019iniziativa \u00e8 realizzata grazie al contributo del consorzio dei [&hellip;]\" \/>\n<meta property=\"og:url\" content=\"https:\/\/www.bellunopress.it\/fr\/2009\/07\/23\/l\u2019alpe-del-nevegal-ospita-l\u2019orchestra-dolomiti-symphonia-in-concerto\/\" \/>\n<meta property=\"og:site_name\" content=\"Bellunopress - Dolomiti\" \/>\n<meta property=\"article:publisher\" content=\"https:\/\/www.facebook.com\/profile.php?id=100008943462799\" \/>\n<meta property=\"article:published_time\" content=\"2009-07-23T16:39:38+00:00\" \/>\n<meta property=\"article:modified_time\" content=\"2009-07-23T18:46:36+00:00\" \/>\n<meta property=\"og:image\" content=\"http:\/\/www.bellunopress.it\/wp-content\/uploads\/2009\/07\/santuario-in-nevegal.jpg\" \/>\n<meta name=\"author\" content=\"redazione\" \/>\n<meta name=\"twitter:card\" content=\"summary_large_image\" \/>\n<meta name=\"twitter:creator\" content=\"@bellunopress\" \/>\n<meta name=\"twitter:site\" content=\"@bellunopress\" \/>\n<meta name=\"twitter:label1\" content=\"\u00c9crit par\" \/>\n\t<meta name=\"twitter:data1\" content=\"redazione\" \/>\n\t<meta name=\"twitter:label2\" content=\"Dur\u00e9e de lecture estim\u00e9e\" \/>\n\t<meta name=\"twitter:data2\" content=\"1 minute\" \/>\n<script type=\"application\/ld+json\" class=\"yoast-schema-graph\">{\"@context\":\"https:\\\/\\\/schema.org\",\"@graph\":[{\"@type\":\"Article\",\"@id\":\"https:\\\/\\\/www.bellunopress.it\\\/2009\\\/07\\\/23\\\/l%e2%80%99alpe-del-nevegal-ospita-l%e2%80%99orchestra-dolomiti-symphonia-in-concerto\\\/#article\",\"isPartOf\":{\"@id\":\"https:\\\/\\\/www.bellunopress.it\\\/2009\\\/07\\\/23\\\/l%e2%80%99alpe-del-nevegal-ospita-l%e2%80%99orchestra-dolomiti-symphonia-in-concerto\\\/\"},\"author\":{\"name\":\"redazione\",\"@id\":\"https:\\\/\\\/www.bellunopress.it\\\/#\\\/schema\\\/person\\\/79bb06722b37ece1c03d3e94beb30d73\"},\"headline\":\"Alpe del Nevegal: l\u2019 Orchestra Dolomiti Symphonia in concerto sabato\",\"datePublished\":\"2009-07-23T16:39:38+00:00\",\"dateModified\":\"2009-07-23T18:46:36+00:00\",\"mainEntityOfPage\":{\"@id\":\"https:\\\/\\\/www.bellunopress.it\\\/2009\\\/07\\\/23\\\/l%e2%80%99alpe-del-nevegal-ospita-l%e2%80%99orchestra-dolomiti-symphonia-in-concerto\\\/\"},\"wordCount\":302,\"publisher\":{\"@id\":\"https:\\\/\\\/www.bellunopress.it\\\/#organization\"},\"image\":{\"@id\":\"https:\\\/\\\/www.bellunopress.it\\\/2009\\\/07\\\/23\\\/l%e2%80%99alpe-del-nevegal-ospita-l%e2%80%99orchestra-dolomiti-symphonia-in-concerto\\\/#primaryimage\"},\"thumbnailUrl\":\"http:\\\/\\\/www.bellunopress.it\\\/wp-content\\\/uploads\\\/2009\\\/07\\\/santuario-in-nevegal.jpg\",\"keywords\":[\"Belluno\",\"Dolomiti\"],\"articleSection\":[\"Arte, Cultura, Spettacoli, Scienza\",\"Prima Pagina\"],\"inLanguage\":\"fr-FR\"},{\"@type\":\"WebPage\",\"@id\":\"https:\\\/\\\/www.bellunopress.it\\\/2009\\\/07\\\/23\\\/l%e2%80%99alpe-del-nevegal-ospita-l%e2%80%99orchestra-dolomiti-symphonia-in-concerto\\\/\",\"url\":\"https:\\\/\\\/www.bellunopress.it\\\/2009\\\/07\\\/23\\\/l%e2%80%99alpe-del-nevegal-ospita-l%e2%80%99orchestra-dolomiti-symphonia-in-concerto\\\/\",\"name\":\"Alpe del Nevegal: l\u2019 Orchestra Dolomiti Symphonia in concerto sabato - Bellunopress - Dolomiti\",\"isPartOf\":{\"@id\":\"https:\\\/\\\/www.bellunopress.it\\\/#website\"},\"primaryImageOfPage\":{\"@id\":\"https:\\\/\\\/www.bellunopress.it\\\/2009\\\/07\\\/23\\\/l%e2%80%99alpe-del-nevegal-ospita-l%e2%80%99orchestra-dolomiti-symphonia-in-concerto\\\/#primaryimage\"},\"image\":{\"@id\":\"https:\\\/\\\/www.bellunopress.it\\\/2009\\\/07\\\/23\\\/l%e2%80%99alpe-del-nevegal-ospita-l%e2%80%99orchestra-dolomiti-symphonia-in-concerto\\\/#primaryimage\"},\"thumbnailUrl\":\"http:\\\/\\\/www.bellunopress.it\\\/wp-content\\\/uploads\\\/2009\\\/07\\\/santuario-in-nevegal.jpg\",\"datePublished\":\"2009-07-23T16:39:38+00:00\",\"dateModified\":\"2009-07-23T18:46:36+00:00\",\"breadcrumb\":{\"@id\":\"https:\\\/\\\/www.bellunopress.it\\\/2009\\\/07\\\/23\\\/l%e2%80%99alpe-del-nevegal-ospita-l%e2%80%99orchestra-dolomiti-symphonia-in-concerto\\\/#breadcrumb\"},\"inLanguage\":\"fr-FR\",\"potentialAction\":[{\"@type\":\"ReadAction\",\"target\":[\"https:\\\/\\\/www.bellunopress.it\\\/2009\\\/07\\\/23\\\/l%e2%80%99alpe-del-nevegal-ospita-l%e2%80%99orchestra-dolomiti-symphonia-in-concerto\\\/\"]}]},{\"@type\":\"ImageObject\",\"inLanguage\":\"fr-FR\",\"@id\":\"https:\\\/\\\/www.bellunopress.it\\\/2009\\\/07\\\/23\\\/l%e2%80%99alpe-del-nevegal-ospita-l%e2%80%99orchestra-dolomiti-symphonia-in-concerto\\\/#primaryimage\",\"url\":\"http:\\\/\\\/www.bellunopress.it\\\/wp-content\\\/uploads\\\/2009\\\/07\\\/santuario-in-nevegal.jpg\",\"contentUrl\":\"http:\\\/\\\/www.bellunopress.it\\\/wp-content\\\/uploads\\\/2009\\\/07\\\/santuario-in-nevegal.jpg\"},{\"@type\":\"BreadcrumbList\",\"@id\":\"https:\\\/\\\/www.bellunopress.it\\\/2009\\\/07\\\/23\\\/l%e2%80%99alpe-del-nevegal-ospita-l%e2%80%99orchestra-dolomiti-symphonia-in-concerto\\\/#breadcrumb\",\"itemListElement\":[{\"@type\":\"ListItem\",\"position\":1,\"name\":\"Home\",\"item\":\"https:\\\/\\\/www.bellunopress.it\\\/\"},{\"@type\":\"ListItem\",\"position\":2,\"name\":\"Alpe del Nevegal: l\u2019 Orchestra Dolomiti Symphonia in concerto sabato\"}]},{\"@type\":\"WebSite\",\"@id\":\"https:\\\/\\\/www.bellunopress.it\\\/#website\",\"url\":\"https:\\\/\\\/www.bellunopress.it\\\/\",\"name\":\"Bellunopress - Dolomiti\",\"description\":\"e-mail: redazione@bellunopress.it\",\"publisher\":{\"@id\":\"https:\\\/\\\/www.bellunopress.it\\\/#organization\"},\"potentialAction\":[{\"@type\":\"SearchAction\",\"target\":{\"@type\":\"EntryPoint\",\"urlTemplate\":\"https:\\\/\\\/www.bellunopress.it\\\/?s={search_term_string}\"},\"query-input\":{\"@type\":\"PropertyValueSpecification\",\"valueRequired\":true,\"valueName\":\"search_term_string\"}}],\"inLanguage\":\"fr-FR\"},{\"@type\":\"Organization\",\"@id\":\"https:\\\/\\\/www.bellunopress.it\\\/#organization\",\"name\":\"Bellunopress\",\"url\":\"https:\\\/\\\/www.bellunopress.it\\\/\",\"logo\":{\"@type\":\"ImageObject\",\"inLanguage\":\"fr-FR\",\"@id\":\"https:\\\/\\\/www.bellunopress.it\\\/#\\\/schema\\\/logo\\\/image\\\/\",\"url\":\"https:\\\/\\\/www.bellunopress.it\\\/wp-content\\\/uploads\\\/2011\\\/05\\\/cropped-logo-bellunopress-.jpg\",\"contentUrl\":\"https:\\\/\\\/www.bellunopress.it\\\/wp-content\\\/uploads\\\/2011\\\/05\\\/cropped-logo-bellunopress-.jpg\",\"width\":512,\"height\":512,\"caption\":\"Bellunopress\"},\"image\":{\"@id\":\"https:\\\/\\\/www.bellunopress.it\\\/#\\\/schema\\\/logo\\\/image\\\/\"},\"sameAs\":[\"https:\\\/\\\/www.facebook.com\\\/profile.php?id=100008943462799\",\"https:\\\/\\\/x.com\\\/bellunopress\",\"https:\\\/\\\/www.linkedin.com\\\/hp\\\/?dnr=JBzUWaJfMUw8vbXJJ2tVW5-I3jZKvC4wsoxE&amp;amp;amp;amp;amp;amp;trk=nav_responsive_tab_home\",\"https:\\\/\\\/www.youtube.com\\\/channel\\\/UCxL0wu1uN0_3_7hGG0306cw\"]},{\"@type\":\"Person\",\"@id\":\"https:\\\/\\\/www.bellunopress.it\\\/#\\\/schema\\\/person\\\/79bb06722b37ece1c03d3e94beb30d73\",\"name\":\"redazione\",\"image\":{\"@type\":\"ImageObject\",\"inLanguage\":\"fr-FR\",\"@id\":\"https:\\\/\\\/secure.gravatar.com\\\/avatar\\\/37d968a2e67a6fd04c169c4bdef102d0bc5d31b2546345219e348575eb80e9a0?s=96&d=mm&r=g\",\"url\":\"https:\\\/\\\/secure.gravatar.com\\\/avatar\\\/37d968a2e67a6fd04c169c4bdef102d0bc5d31b2546345219e348575eb80e9a0?s=96&d=mm&r=g\",\"contentUrl\":\"https:\\\/\\\/secure.gravatar.com\\\/avatar\\\/37d968a2e67a6fd04c169c4bdef102d0bc5d31b2546345219e348575eb80e9a0?s=96&d=mm&r=g\",\"caption\":\"redazione\"},\"sameAs\":[\"http:\\\/\\\/www.bellunopress.it\",\"https:\\\/\\\/x.com\\\/bellunopress\"],\"url\":\"https:\\\/\\\/www.bellunopress.it\\\/fr\\\/author\\\/redazione\\\/\"}]}<\/script>\n<!-- \/ Yoast SEO plugin. -->","yoast_head_json":{"title":"Alpe del Nevegal: l\u2019 Orchestra Dolomiti Symphonia in concerto sabato - Bellunopress - Dolomiti","robots":{"index":"index","follow":"follow","max-snippet":"max-snippet:-1","max-image-preview":"max-image-preview:large","max-video-preview":"max-video-preview:-1"},"canonical":"https:\/\/www.bellunopress.it\/fr\/2009\/07\/23\/l\u2019alpe-del-nevegal-ospita-l\u2019orchestra-dolomiti-symphonia-in-concerto\/","og_locale":"fr_FR","og_type":"article","og_title":"Alpe del Nevegal: l\u2019 Orchestra Dolomiti Symphonia in concerto sabato - Bellunopress - Dolomiti","og_description":"Appuntamento con la grande musica sabato 25 luglio presso la pista Grava in Nevegal: l\u2019orchestra Dolomiti Symphonia eseguir\u00e0 la Water Music di Haendel. L\u2019inizio del concerto \u00e8 previsto per le ore 17.30; in caso di maltempo la manifestazione sar\u00e0 ospitata presso il Santuario di Maria Immacolata. L\u2019iniziativa \u00e8 realizzata grazie al contributo del consorzio dei [&hellip;]","og_url":"https:\/\/www.bellunopress.it\/fr\/2009\/07\/23\/l\u2019alpe-del-nevegal-ospita-l\u2019orchestra-dolomiti-symphonia-in-concerto\/","og_site_name":"Bellunopress - Dolomiti","article_publisher":"https:\/\/www.facebook.com\/profile.php?id=100008943462799","article_published_time":"2009-07-23T16:39:38+00:00","article_modified_time":"2009-07-23T18:46:36+00:00","og_image":[{"url":"http:\/\/www.bellunopress.it\/wp-content\/uploads\/2009\/07\/santuario-in-nevegal.jpg","type":"","width":"","height":""}],"author":"redazione","twitter_card":"summary_large_image","twitter_creator":"@bellunopress","twitter_site":"@bellunopress","twitter_misc":{"\u00c9crit par":"redazione","Dur\u00e9e de lecture estim\u00e9e":"1 minute"},"schema":{"@context":"https:\/\/schema.org","@graph":[{"@type":"Article","@id":"https:\/\/www.bellunopress.it\/2009\/07\/23\/l%e2%80%99alpe-del-nevegal-ospita-l%e2%80%99orchestra-dolomiti-symphonia-in-concerto\/#article","isPartOf":{"@id":"https:\/\/www.bellunopress.it\/2009\/07\/23\/l%e2%80%99alpe-del-nevegal-ospita-l%e2%80%99orchestra-dolomiti-symphonia-in-concerto\/"},"author":{"name":"redazione","@id":"https:\/\/www.bellunopress.it\/#\/schema\/person\/79bb06722b37ece1c03d3e94beb30d73"},"headline":"Alpe del Nevegal: l\u2019 Orchestra Dolomiti Symphonia in concerto sabato","datePublished":"2009-07-23T16:39:38+00:00","dateModified":"2009-07-23T18:46:36+00:00","mainEntityOfPage":{"@id":"https:\/\/www.bellunopress.it\/2009\/07\/23\/l%e2%80%99alpe-del-nevegal-ospita-l%e2%80%99orchestra-dolomiti-symphonia-in-concerto\/"},"wordCount":302,"publisher":{"@id":"https:\/\/www.bellunopress.it\/#organization"},"image":{"@id":"https:\/\/www.bellunopress.it\/2009\/07\/23\/l%e2%80%99alpe-del-nevegal-ospita-l%e2%80%99orchestra-dolomiti-symphonia-in-concerto\/#primaryimage"},"thumbnailUrl":"http:\/\/www.bellunopress.it\/wp-content\/uploads\/2009\/07\/santuario-in-nevegal.jpg","keywords":["Belluno","Dolomiti"],"articleSection":["Arte, Cultura, Spettacoli, Scienza","Prima Pagina"],"inLanguage":"fr-FR"},{"@type":"WebPage","@id":"https:\/\/www.bellunopress.it\/2009\/07\/23\/l%e2%80%99alpe-del-nevegal-ospita-l%e2%80%99orchestra-dolomiti-symphonia-in-concerto\/","url":"https:\/\/www.bellunopress.it\/2009\/07\/23\/l%e2%80%99alpe-del-nevegal-ospita-l%e2%80%99orchestra-dolomiti-symphonia-in-concerto\/","name":"Alpe del Nevegal: l\u2019 Orchestra Dolomiti Symphonia in concerto sabato - Bellunopress - Dolomiti","isPartOf":{"@id":"https:\/\/www.bellunopress.it\/#website"},"primaryImageOfPage":{"@id":"https:\/\/www.bellunopress.it\/2009\/07\/23\/l%e2%80%99alpe-del-nevegal-ospita-l%e2%80%99orchestra-dolomiti-symphonia-in-concerto\/#primaryimage"},"image":{"@id":"https:\/\/www.bellunopress.it\/2009\/07\/23\/l%e2%80%99alpe-del-nevegal-ospita-l%e2%80%99orchestra-dolomiti-symphonia-in-concerto\/#primaryimage"},"thumbnailUrl":"http:\/\/www.bellunopress.it\/wp-content\/uploads\/2009\/07\/santuario-in-nevegal.jpg","datePublished":"2009-07-23T16:39:38+00:00","dateModified":"2009-07-23T18:46:36+00:00","breadcrumb":{"@id":"https:\/\/www.bellunopress.it\/2009\/07\/23\/l%e2%80%99alpe-del-nevegal-ospita-l%e2%80%99orchestra-dolomiti-symphonia-in-concerto\/#breadcrumb"},"inLanguage":"fr-FR","potentialAction":[{"@type":"ReadAction","target":["https:\/\/www.bellunopress.it\/2009\/07\/23\/l%e2%80%99alpe-del-nevegal-ospita-l%e2%80%99orchestra-dolomiti-symphonia-in-concerto\/"]}]},{"@type":"ImageObject","inLanguage":"fr-FR","@id":"https:\/\/www.bellunopress.it\/2009\/07\/23\/l%e2%80%99alpe-del-nevegal-ospita-l%e2%80%99orchestra-dolomiti-symphonia-in-concerto\/#primaryimage","url":"http:\/\/www.bellunopress.it\/wp-content\/uploads\/2009\/07\/santuario-in-nevegal.jpg","contentUrl":"http:\/\/www.bellunopress.it\/wp-content\/uploads\/2009\/07\/santuario-in-nevegal.jpg"},{"@type":"BreadcrumbList","@id":"https:\/\/www.bellunopress.it\/2009\/07\/23\/l%e2%80%99alpe-del-nevegal-ospita-l%e2%80%99orchestra-dolomiti-symphonia-in-concerto\/#breadcrumb","itemListElement":[{"@type":"ListItem","position":1,"name":"Home","item":"https:\/\/www.bellunopress.it\/"},{"@type":"ListItem","position":2,"name":"Alpe del Nevegal: l\u2019 Orchestra Dolomiti Symphonia in concerto sabato"}]},{"@type":"WebSite","@id":"https:\/\/www.bellunopress.it\/#website","url":"https:\/\/www.bellunopress.it\/","name":"Bellunopress - Dolomiti","description":"e-mail: redazione@bellunopress.it","publisher":{"@id":"https:\/\/www.bellunopress.it\/#organization"},"potentialAction":[{"@type":"SearchAction","target":{"@type":"EntryPoint","urlTemplate":"https:\/\/www.bellunopress.it\/?s={search_term_string}"},"query-input":{"@type":"PropertyValueSpecification","valueRequired":true,"valueName":"search_term_string"}}],"inLanguage":"fr-FR"},{"@type":"Organization","@id":"https:\/\/www.bellunopress.it\/#organization","name":"Bellunopress","url":"https:\/\/www.bellunopress.it\/","logo":{"@type":"ImageObject","inLanguage":"fr-FR","@id":"https:\/\/www.bellunopress.it\/#\/schema\/logo\/image\/","url":"https:\/\/www.bellunopress.it\/wp-content\/uploads\/2011\/05\/cropped-logo-bellunopress-.jpg","contentUrl":"https:\/\/www.bellunopress.it\/wp-content\/uploads\/2011\/05\/cropped-logo-bellunopress-.jpg","width":512,"height":512,"caption":"Bellunopress"},"image":{"@id":"https:\/\/www.bellunopress.it\/#\/schema\/logo\/image\/"},"sameAs":["https:\/\/www.facebook.com\/profile.php?id=100008943462799","https:\/\/x.com\/bellunopress","https:\/\/www.linkedin.com\/hp\/?dnr=JBzUWaJfMUw8vbXJJ2tVW5-I3jZKvC4wsoxE&amp;amp;amp;amp;amp;amp;trk=nav_responsive_tab_home","https:\/\/www.youtube.com\/channel\/UCxL0wu1uN0_3_7hGG0306cw"]},{"@type":"Person","@id":"https:\/\/www.bellunopress.it\/#\/schema\/person\/79bb06722b37ece1c03d3e94beb30d73","name":"r\u00e9daction","image":{"@type":"ImageObject","inLanguage":"fr-FR","@id":"https:\/\/secure.gravatar.com\/avatar\/37d968a2e67a6fd04c169c4bdef102d0bc5d31b2546345219e348575eb80e9a0?s=96&d=mm&r=g","url":"https:\/\/secure.gravatar.com\/avatar\/37d968a2e67a6fd04c169c4bdef102d0bc5d31b2546345219e348575eb80e9a0?s=96&d=mm&r=g","contentUrl":"https:\/\/secure.gravatar.com\/avatar\/37d968a2e67a6fd04c169c4bdef102d0bc5d31b2546345219e348575eb80e9a0?s=96&d=mm&r=g","caption":"redazione"},"sameAs":["http:\/\/www.bellunopress.it","https:\/\/x.com\/bellunopress"],"url":"https:\/\/www.bellunopress.it\/fr\/author\/redazione\/"}]}},"_links":{"self":[{"href":"https:\/\/www.bellunopress.it\/fr\/wp-json\/wp\/v2\/posts\/6302","targetHints":{"allow":["GET"]}}],"collection":[{"href":"https:\/\/www.bellunopress.it\/fr\/wp-json\/wp\/v2\/posts"}],"about":[{"href":"https:\/\/www.bellunopress.it\/fr\/wp-json\/wp\/v2\/types\/post"}],"author":[{"embeddable":true,"href":"https:\/\/www.bellunopress.it\/fr\/wp-json\/wp\/v2\/users\/2"}],"replies":[{"embeddable":true,"href":"https:\/\/www.bellunopress.it\/fr\/wp-json\/wp\/v2\/comments?post=6302"}],"version-history":[{"count":4,"href":"https:\/\/www.bellunopress.it\/fr\/wp-json\/wp\/v2\/posts\/6302\/revisions"}],"predecessor-version":[{"id":6323,"href":"https:\/\/www.bellunopress.it\/fr\/wp-json\/wp\/v2\/posts\/6302\/revisions\/6323"}],"wp:attachment":[{"href":"https:\/\/www.bellunopress.it\/fr\/wp-json\/wp\/v2\/media?parent=6302"}],"wp:term":[{"taxonomy":"category","embeddable":true,"href":"https:\/\/www.bellunopress.it\/fr\/wp-json\/wp\/v2\/categories?post=6302"},{"taxonomy":"post_tag","embeddable":true,"href":"https:\/\/www.bellunopress.it\/fr\/wp-json\/wp\/v2\/tags?post=6302"}],"curies":[{"name":"wp","href":"https:\/\/api.w.org\/{rel}","templated":true}]}}