{"id":6295,"date":"2009-07-23T10:24:13","date_gmt":"2009-07-23T09:24:13","guid":{"rendered":"http:\/\/www.bellunopress.it\/?p=6295"},"modified":"2009-07-23T10:24:13","modified_gmt":"2009-07-23T09:24:13","slug":"valle-imperina-le-misteriose-miniere-dei-dogi-in-un-documentario","status":"publish","type":"post","link":"https:\/\/www.bellunopress.it\/fr\/2009\/07\/23\/valle-imperina-le-misteriose-miniere-dei-dogi-in-un-documentario\/","title":{"rendered":"Valle Imperina: le misteriose miniere dei Dogi in un documentario"},"content":{"rendered":"<figure id=\"attachment_6296\" aria-describedby=\"caption-attachment-6296\" style=\"width: 270px\" class=\"wp-caption alignleft\"><a href=\"http:\/\/www.bellunopress.it\/wp-content\/uploads\/2009\/07\/de-zordo-e-martino-leggera.jpg\"><img loading=\"lazy\" decoding=\"async\" class=\"size-medium wp-image-6296\" title=\"de-zordo-e-martino-leggera\" src=\"http:\/\/www.bellunopress.it\/wp-content\/uploads\/2009\/07\/de-zordo-e-martino-leggera.jpg\" alt=\"da sx De Zordo e Martino\" width=\"270\" height=\"181\" \/><\/a><figcaption id=\"caption-attachment-6296\" class=\"wp-caption-text\">da sx De Zordo e Martino<\/figcaption><\/figure>\n<p>\u201cDentro le miniere di Valle Imperina\u201d, sabato 25 luglio, ad Agordo, \u00e8 uno degli eventi previsti per la XII edizione del premio \u201cPelmo d\u2019oro\u201d. Alle 9.30, presso la sala \u201cTamis\u201d ci sar\u00e0 la presentazione del documentario, che sar\u00e0 proiettato, alle 15, all\u2019interno dei forni fusori, nel cuore dell\u2019antico villaggio minerario. \u201cSi tratta di un\u2019occasione straordinaria \u2013 ha dichiarato il Direttore del Parco, Nino Martino \u2013 per vedere cosa nasconde il sottosuolo di Valle Imperina, nell\u2019attesa di trovare i fondi necessari per il recupero strutturale delle gallerie, che consentir\u00e0 di renderle fruibili al pubblico, almeno parzialmente\u201d. \u201cLa realizzazione di questo documentario \u2013 ha dichiarato il Presidente del Parco, Guido De Zordo \u2013 \u00e8 stata possibile grazie all\u2019impegno e alla passione del gruppo ARCA e degli speleologi del CAI di Feltre, che desidero ringraziare pubblicamente. Si tratta di un esempio di costruttiva collaborazione tra un ente pubblico e l\u2019associazionismo locale, risorsa insostituibile per la valorizzazione dei nostri territori. Con questo spirito stiamo lavorando alla costituzione di una Fondazione per Valle Imperina, che metta in rete la Regione del Veneto, la provincia di Belluno, la Comunit\u00e0 Montana Agordina, i Comuni di Rivamonte, La Valle e Agordo, l\u2019Ente Parco e l\u2019associazionismo culturale e professionale legato al mondo delle miniere\u201d. Le miniere di Valle Imperina, a Rivamonte Agordino, hanno una storia lunga oltre mezzo millennio. Fornirono per secoli alla Serenissima Repubblica di Venezia il rame necessario alla zecca e all\u2019arsenale. Chiuse nel 1962, furono completamente devastate dall\u2019alluvione del 1966. Da 10 anni il Parco Nazionale Dolomiti Bellunesi, con la collaborazione del Comune di Rivamonte (proprietario del sito), della Comunit\u00e0 Montana Agordina, della Regione del Veneto e dell\u2019Unione Europea, ha avviato il recupero dell\u2019ex villaggio minerario. Oggi sono a disposizione dei visitatori un ostello con ristorante e un centro visitatori (ospitato nella vecchia centralina idroelettrica che alimentava le miniere). Sono inoltre visitabili gli antichi forni fusori, straordinario esempio di archeologia industriale, e gli accessi alle vecchie gallerie. La devastazione causata nel sottosuolo dall\u2019alluvione impedisce, al momento, la visita delle strutture sotterranee. Pozzi e gallerie sono per\u00f2 accessibili con tecniche speleologiche. Per consentire a tutti di scoprire cosa si cela nel sottosuolo di Valle Imperina il Parco Nazionale Dolomiti Bellunesi, in collaborazione con il Gruppo Archeologico Agordino ARCA e il gruppo speleologico CAI Feltre, ha realizzato un documentario sulle strutture sotterranee delle miniere. Gli speleologi del CAI di Feltre si sono calati lungo i pozzi, si sono intrufolati nelle gallerie crollate o invase dai detriti, e hanno cos\u00ec potuto riprendere dall\u2019interno la ragnatela di condotti un tempo utilizzati per estrarre la pirite cuprifera dal sottosuolo. A causa del lunghissimo periodo di attivit\u00e0 della miniera gli speleologi hanno potuto percorrere gallerie che risalgono al 1500 e altre scavate il secolo scorso. Anche i pozzi hanno et\u00e0 diverse e questo si riflette, ovviamente, nelle tecniche costruttive. Il viaggio nelle viscere della terra \u00e8 diventato cos\u00ec anche un viaggio nel tempo, alla scoperta della evoluzione del tecniche di scavo e di sostegno delle gallerie.<\/p>","protected":false},"excerpt":{"rendered":"<p>\u201cDentro le miniere di Valle Imperina\u201d, sabato 25 luglio, ad Agordo, \u00e8 uno degli eventi previsti per la XII edizione del premio \u201cPelmo d\u2019oro\u201d. Alle 9.30, presso la sala \u201cTamis\u201d ci sar\u00e0 la presentazione del documentario, che sar\u00e0 proiettato, alle 15, all\u2019interno dei forni fusori, nel cuore dell\u2019antico villaggio minerario. \u201cSi tratta di un\u2019occasione straordinaria [&hellip;]<\/p>\n","protected":false},"author":2,"featured_media":0,"comment_status":"closed","ping_status":"open","sticky":false,"template":"","format":"standard","meta":{"footnotes":""},"categories":[3,38,26],"tags":[139,63,302],"class_list":["post-6295","post","type-post","status-publish","format-standard","category-arte-cultura-spettacoli-scienza-archivi","category-natura-ambiente","category-prima-pagina","tag-belluno","tag-dolomiti","tag-feltre"],"yoast_head":"<!-- This site is optimized with the Yoast SEO plugin v28.4 - https:\/\/yoast.com\/product\/yoast-seo-wordpress\/ -->\n<title>Valle Imperina: le misteriose miniere dei Dogi in un documentario - Bellunopress - Dolomiti<\/title>\n<meta name=\"robots\" content=\"index, follow, max-snippet:-1, max-image-preview:large, max-video-preview:-1\" \/>\n<link rel=\"canonical\" href=\"https:\/\/www.bellunopress.it\/fr\/2009\/07\/23\/valle-imperina-le-misteriose-miniere-dei-dogi-in-un-documentario\/\" \/>\n<meta property=\"og:locale\" content=\"fr_FR\" \/>\n<meta property=\"og:type\" content=\"article\" \/>\n<meta property=\"og:title\" content=\"Valle Imperina: le misteriose miniere dei Dogi in un documentario - Bellunopress - Dolomiti\" \/>\n<meta property=\"og:description\" content=\"\u201cDentro le miniere di Valle Imperina\u201d, sabato 25 luglio, ad Agordo, \u00e8 uno degli eventi previsti per la XII edizione del premio \u201cPelmo d\u2019oro\u201d. Alle 9.30, presso la sala \u201cTamis\u201d ci sar\u00e0 la presentazione del documentario, che sar\u00e0 proiettato, alle 15, all\u2019interno dei forni fusori, nel cuore dell\u2019antico villaggio minerario. \u201cSi tratta di un\u2019occasione straordinaria [&hellip;]\" \/>\n<meta property=\"og:url\" content=\"https:\/\/www.bellunopress.it\/fr\/2009\/07\/23\/valle-imperina-le-misteriose-miniere-dei-dogi-in-un-documentario\/\" \/>\n<meta property=\"og:site_name\" content=\"Bellunopress - Dolomiti\" \/>\n<meta property=\"article:publisher\" content=\"https:\/\/www.facebook.com\/profile.php?id=100008943462799\" \/>\n<meta property=\"article:published_time\" content=\"2009-07-23T09:24:13+00:00\" \/>\n<meta property=\"og:image\" content=\"http:\/\/www.bellunopress.it\/wp-content\/uploads\/2009\/07\/de-zordo-e-martino-leggera.jpg\" \/>\n<meta name=\"author\" content=\"redazione\" \/>\n<meta name=\"twitter:card\" content=\"summary_large_image\" \/>\n<meta name=\"twitter:creator\" content=\"@bellunopress\" \/>\n<meta name=\"twitter:site\" content=\"@bellunopress\" \/>\n<meta name=\"twitter:label1\" content=\"\u00c9crit par\" \/>\n\t<meta name=\"twitter:data1\" content=\"redazione\" \/>\n\t<meta name=\"twitter:label2\" content=\"Dur\u00e9e de lecture estim\u00e9e\" \/>\n\t<meta name=\"twitter:data2\" content=\"3 minutes\" \/>\n<script type=\"application\/ld+json\" class=\"yoast-schema-graph\">{\"@context\":\"https:\\\/\\\/schema.org\",\"@graph\":[{\"@type\":\"Article\",\"@id\":\"https:\\\/\\\/www.bellunopress.it\\\/2009\\\/07\\\/23\\\/valle-imperina-le-misteriose-miniere-dei-dogi-in-un-documentario\\\/#article\",\"isPartOf\":{\"@id\":\"https:\\\/\\\/www.bellunopress.it\\\/2009\\\/07\\\/23\\\/valle-imperina-le-misteriose-miniere-dei-dogi-in-un-documentario\\\/\"},\"author\":{\"name\":\"redazione\",\"@id\":\"https:\\\/\\\/www.bellunopress.it\\\/#\\\/schema\\\/person\\\/79bb06722b37ece1c03d3e94beb30d73\"},\"headline\":\"Valle Imperina: le misteriose miniere dei Dogi in un documentario\",\"datePublished\":\"2009-07-23T09:24:13+00:00\",\"mainEntityOfPage\":{\"@id\":\"https:\\\/\\\/www.bellunopress.it\\\/2009\\\/07\\\/23\\\/valle-imperina-le-misteriose-miniere-dei-dogi-in-un-documentario\\\/\"},\"wordCount\":519,\"publisher\":{\"@id\":\"https:\\\/\\\/www.bellunopress.it\\\/#organization\"},\"image\":{\"@id\":\"https:\\\/\\\/www.bellunopress.it\\\/2009\\\/07\\\/23\\\/valle-imperina-le-misteriose-miniere-dei-dogi-in-un-documentario\\\/#primaryimage\"},\"thumbnailUrl\":\"http:\\\/\\\/www.bellunopress.it\\\/wp-content\\\/uploads\\\/2009\\\/07\\\/de-zordo-e-martino-leggera.jpg\",\"keywords\":[\"Belluno\",\"Dolomiti\",\"Feltre\"],\"articleSection\":[\"Arte, Cultura, Spettacoli, Scienza\",\"Meteo, natura, ambiente, animali\",\"Prima Pagina\"],\"inLanguage\":\"fr-FR\"},{\"@type\":\"WebPage\",\"@id\":\"https:\\\/\\\/www.bellunopress.it\\\/2009\\\/07\\\/23\\\/valle-imperina-le-misteriose-miniere-dei-dogi-in-un-documentario\\\/\",\"url\":\"https:\\\/\\\/www.bellunopress.it\\\/2009\\\/07\\\/23\\\/valle-imperina-le-misteriose-miniere-dei-dogi-in-un-documentario\\\/\",\"name\":\"Valle Imperina: le misteriose miniere dei Dogi in un documentario - Bellunopress - Dolomiti\",\"isPartOf\":{\"@id\":\"https:\\\/\\\/www.bellunopress.it\\\/#website\"},\"primaryImageOfPage\":{\"@id\":\"https:\\\/\\\/www.bellunopress.it\\\/2009\\\/07\\\/23\\\/valle-imperina-le-misteriose-miniere-dei-dogi-in-un-documentario\\\/#primaryimage\"},\"image\":{\"@id\":\"https:\\\/\\\/www.bellunopress.it\\\/2009\\\/07\\\/23\\\/valle-imperina-le-misteriose-miniere-dei-dogi-in-un-documentario\\\/#primaryimage\"},\"thumbnailUrl\":\"http:\\\/\\\/www.bellunopress.it\\\/wp-content\\\/uploads\\\/2009\\\/07\\\/de-zordo-e-martino-leggera.jpg\",\"datePublished\":\"2009-07-23T09:24:13+00:00\",\"breadcrumb\":{\"@id\":\"https:\\\/\\\/www.bellunopress.it\\\/2009\\\/07\\\/23\\\/valle-imperina-le-misteriose-miniere-dei-dogi-in-un-documentario\\\/#breadcrumb\"},\"inLanguage\":\"fr-FR\",\"potentialAction\":[{\"@type\":\"ReadAction\",\"target\":[\"https:\\\/\\\/www.bellunopress.it\\\/2009\\\/07\\\/23\\\/valle-imperina-le-misteriose-miniere-dei-dogi-in-un-documentario\\\/\"]}]},{\"@type\":\"ImageObject\",\"inLanguage\":\"fr-FR\",\"@id\":\"https:\\\/\\\/www.bellunopress.it\\\/2009\\\/07\\\/23\\\/valle-imperina-le-misteriose-miniere-dei-dogi-in-un-documentario\\\/#primaryimage\",\"url\":\"http:\\\/\\\/www.bellunopress.it\\\/wp-content\\\/uploads\\\/2009\\\/07\\\/de-zordo-e-martino-leggera.jpg\",\"contentUrl\":\"http:\\\/\\\/www.bellunopress.it\\\/wp-content\\\/uploads\\\/2009\\\/07\\\/de-zordo-e-martino-leggera.jpg\"},{\"@type\":\"BreadcrumbList\",\"@id\":\"https:\\\/\\\/www.bellunopress.it\\\/2009\\\/07\\\/23\\\/valle-imperina-le-misteriose-miniere-dei-dogi-in-un-documentario\\\/#breadcrumb\",\"itemListElement\":[{\"@type\":\"ListItem\",\"position\":1,\"name\":\"Home\",\"item\":\"https:\\\/\\\/www.bellunopress.it\\\/\"},{\"@type\":\"ListItem\",\"position\":2,\"name\":\"Valle Imperina: le misteriose miniere dei Dogi in un documentario\"}]},{\"@type\":\"WebSite\",\"@id\":\"https:\\\/\\\/www.bellunopress.it\\\/#website\",\"url\":\"https:\\\/\\\/www.bellunopress.it\\\/\",\"name\":\"Bellunopress - Dolomiti\",\"description\":\"e-mail: redazione@bellunopress.it\",\"publisher\":{\"@id\":\"https:\\\/\\\/www.bellunopress.it\\\/#organization\"},\"potentialAction\":[{\"@type\":\"SearchAction\",\"target\":{\"@type\":\"EntryPoint\",\"urlTemplate\":\"https:\\\/\\\/www.bellunopress.it\\\/?s={search_term_string}\"},\"query-input\":{\"@type\":\"PropertyValueSpecification\",\"valueRequired\":true,\"valueName\":\"search_term_string\"}}],\"inLanguage\":\"fr-FR\"},{\"@type\":\"Organization\",\"@id\":\"https:\\\/\\\/www.bellunopress.it\\\/#organization\",\"name\":\"Bellunopress\",\"url\":\"https:\\\/\\\/www.bellunopress.it\\\/\",\"logo\":{\"@type\":\"ImageObject\",\"inLanguage\":\"fr-FR\",\"@id\":\"https:\\\/\\\/www.bellunopress.it\\\/#\\\/schema\\\/logo\\\/image\\\/\",\"url\":\"https:\\\/\\\/www.bellunopress.it\\\/wp-content\\\/uploads\\\/2011\\\/05\\\/cropped-logo-bellunopress-.jpg\",\"contentUrl\":\"https:\\\/\\\/www.bellunopress.it\\\/wp-content\\\/uploads\\\/2011\\\/05\\\/cropped-logo-bellunopress-.jpg\",\"width\":512,\"height\":512,\"caption\":\"Bellunopress\"},\"image\":{\"@id\":\"https:\\\/\\\/www.bellunopress.it\\\/#\\\/schema\\\/logo\\\/image\\\/\"},\"sameAs\":[\"https:\\\/\\\/www.facebook.com\\\/profile.php?id=100008943462799\",\"https:\\\/\\\/x.com\\\/bellunopress\",\"https:\\\/\\\/www.linkedin.com\\\/hp\\\/?dnr=JBzUWaJfMUw8vbXJJ2tVW5-I3jZKvC4wsoxE&amp;amp;amp;amp;amp;amp;trk=nav_responsive_tab_home\",\"https:\\\/\\\/www.youtube.com\\\/channel\\\/UCxL0wu1uN0_3_7hGG0306cw\"]},{\"@type\":\"Person\",\"@id\":\"https:\\\/\\\/www.bellunopress.it\\\/#\\\/schema\\\/person\\\/79bb06722b37ece1c03d3e94beb30d73\",\"name\":\"redazione\",\"image\":{\"@type\":\"ImageObject\",\"inLanguage\":\"fr-FR\",\"@id\":\"https:\\\/\\\/secure.gravatar.com\\\/avatar\\\/37d968a2e67a6fd04c169c4bdef102d0bc5d31b2546345219e348575eb80e9a0?s=96&d=mm&r=g\",\"url\":\"https:\\\/\\\/secure.gravatar.com\\\/avatar\\\/37d968a2e67a6fd04c169c4bdef102d0bc5d31b2546345219e348575eb80e9a0?s=96&d=mm&r=g\",\"contentUrl\":\"https:\\\/\\\/secure.gravatar.com\\\/avatar\\\/37d968a2e67a6fd04c169c4bdef102d0bc5d31b2546345219e348575eb80e9a0?s=96&d=mm&r=g\",\"caption\":\"redazione\"},\"sameAs\":[\"http:\\\/\\\/www.bellunopress.it\",\"https:\\\/\\\/x.com\\\/bellunopress\"],\"url\":\"https:\\\/\\\/www.bellunopress.it\\\/fr\\\/author\\\/redazione\\\/\"}]}<\/script>\n<!-- \/ Yoast SEO plugin. -->","yoast_head_json":{"title":"Valle Imperina: le misteriose miniere dei Dogi in un documentario - Bellunopress - Dolomiti","robots":{"index":"index","follow":"follow","max-snippet":"max-snippet:-1","max-image-preview":"max-image-preview:large","max-video-preview":"max-video-preview:-1"},"canonical":"https:\/\/www.bellunopress.it\/fr\/2009\/07\/23\/valle-imperina-le-misteriose-miniere-dei-dogi-in-un-documentario\/","og_locale":"fr_FR","og_type":"article","og_title":"Valle Imperina: le misteriose miniere dei Dogi in un documentario - Bellunopress - Dolomiti","og_description":"\u201cDentro le miniere di Valle Imperina\u201d, sabato 25 luglio, ad Agordo, \u00e8 uno degli eventi previsti per la XII edizione del premio \u201cPelmo d\u2019oro\u201d. Alle 9.30, presso la sala \u201cTamis\u201d ci sar\u00e0 la presentazione del documentario, che sar\u00e0 proiettato, alle 15, all\u2019interno dei forni fusori, nel cuore dell\u2019antico villaggio minerario. \u201cSi tratta di un\u2019occasione straordinaria [&hellip;]","og_url":"https:\/\/www.bellunopress.it\/fr\/2009\/07\/23\/valle-imperina-le-misteriose-miniere-dei-dogi-in-un-documentario\/","og_site_name":"Bellunopress - Dolomiti","article_publisher":"https:\/\/www.facebook.com\/profile.php?id=100008943462799","article_published_time":"2009-07-23T09:24:13+00:00","og_image":[{"url":"http:\/\/www.bellunopress.it\/wp-content\/uploads\/2009\/07\/de-zordo-e-martino-leggera.jpg","type":"","width":"","height":""}],"author":"redazione","twitter_card":"summary_large_image","twitter_creator":"@bellunopress","twitter_site":"@bellunopress","twitter_misc":{"\u00c9crit par":"redazione","Dur\u00e9e de lecture estim\u00e9e":"3 minutes"},"schema":{"@context":"https:\/\/schema.org","@graph":[{"@type":"Article","@id":"https:\/\/www.bellunopress.it\/2009\/07\/23\/valle-imperina-le-misteriose-miniere-dei-dogi-in-un-documentario\/#article","isPartOf":{"@id":"https:\/\/www.bellunopress.it\/2009\/07\/23\/valle-imperina-le-misteriose-miniere-dei-dogi-in-un-documentario\/"},"author":{"name":"redazione","@id":"https:\/\/www.bellunopress.it\/#\/schema\/person\/79bb06722b37ece1c03d3e94beb30d73"},"headline":"Valle Imperina: le misteriose miniere dei Dogi in un documentario","datePublished":"2009-07-23T09:24:13+00:00","mainEntityOfPage":{"@id":"https:\/\/www.bellunopress.it\/2009\/07\/23\/valle-imperina-le-misteriose-miniere-dei-dogi-in-un-documentario\/"},"wordCount":519,"publisher":{"@id":"https:\/\/www.bellunopress.it\/#organization"},"image":{"@id":"https:\/\/www.bellunopress.it\/2009\/07\/23\/valle-imperina-le-misteriose-miniere-dei-dogi-in-un-documentario\/#primaryimage"},"thumbnailUrl":"http:\/\/www.bellunopress.it\/wp-content\/uploads\/2009\/07\/de-zordo-e-martino-leggera.jpg","keywords":["Belluno","Dolomiti","Feltre"],"articleSection":["Arte, Cultura, Spettacoli, Scienza","Meteo, natura, ambiente, animali","Prima Pagina"],"inLanguage":"fr-FR"},{"@type":"WebPage","@id":"https:\/\/www.bellunopress.it\/2009\/07\/23\/valle-imperina-le-misteriose-miniere-dei-dogi-in-un-documentario\/","url":"https:\/\/www.bellunopress.it\/2009\/07\/23\/valle-imperina-le-misteriose-miniere-dei-dogi-in-un-documentario\/","name":"Valle Imperina: le misteriose miniere dei Dogi in un documentario - Bellunopress - Dolomiti","isPartOf":{"@id":"https:\/\/www.bellunopress.it\/#website"},"primaryImageOfPage":{"@id":"https:\/\/www.bellunopress.it\/2009\/07\/23\/valle-imperina-le-misteriose-miniere-dei-dogi-in-un-documentario\/#primaryimage"},"image":{"@id":"https:\/\/www.bellunopress.it\/2009\/07\/23\/valle-imperina-le-misteriose-miniere-dei-dogi-in-un-documentario\/#primaryimage"},"thumbnailUrl":"http:\/\/www.bellunopress.it\/wp-content\/uploads\/2009\/07\/de-zordo-e-martino-leggera.jpg","datePublished":"2009-07-23T09:24:13+00:00","breadcrumb":{"@id":"https:\/\/www.bellunopress.it\/2009\/07\/23\/valle-imperina-le-misteriose-miniere-dei-dogi-in-un-documentario\/#breadcrumb"},"inLanguage":"fr-FR","potentialAction":[{"@type":"ReadAction","target":["https:\/\/www.bellunopress.it\/2009\/07\/23\/valle-imperina-le-misteriose-miniere-dei-dogi-in-un-documentario\/"]}]},{"@type":"ImageObject","inLanguage":"fr-FR","@id":"https:\/\/www.bellunopress.it\/2009\/07\/23\/valle-imperina-le-misteriose-miniere-dei-dogi-in-un-documentario\/#primaryimage","url":"http:\/\/www.bellunopress.it\/wp-content\/uploads\/2009\/07\/de-zordo-e-martino-leggera.jpg","contentUrl":"http:\/\/www.bellunopress.it\/wp-content\/uploads\/2009\/07\/de-zordo-e-martino-leggera.jpg"},{"@type":"BreadcrumbList","@id":"https:\/\/www.bellunopress.it\/2009\/07\/23\/valle-imperina-le-misteriose-miniere-dei-dogi-in-un-documentario\/#breadcrumb","itemListElement":[{"@type":"ListItem","position":1,"name":"Home","item":"https:\/\/www.bellunopress.it\/"},{"@type":"ListItem","position":2,"name":"Valle Imperina: le misteriose miniere dei Dogi in un documentario"}]},{"@type":"WebSite","@id":"https:\/\/www.bellunopress.it\/#website","url":"https:\/\/www.bellunopress.it\/","name":"Bellunopress - Dolomiti","description":"e-mail: redazione@bellunopress.it","publisher":{"@id":"https:\/\/www.bellunopress.it\/#organization"},"potentialAction":[{"@type":"SearchAction","target":{"@type":"EntryPoint","urlTemplate":"https:\/\/www.bellunopress.it\/?s={search_term_string}"},"query-input":{"@type":"PropertyValueSpecification","valueRequired":true,"valueName":"search_term_string"}}],"inLanguage":"fr-FR"},{"@type":"Organization","@id":"https:\/\/www.bellunopress.it\/#organization","name":"Bellunopress","url":"https:\/\/www.bellunopress.it\/","logo":{"@type":"ImageObject","inLanguage":"fr-FR","@id":"https:\/\/www.bellunopress.it\/#\/schema\/logo\/image\/","url":"https:\/\/www.bellunopress.it\/wp-content\/uploads\/2011\/05\/cropped-logo-bellunopress-.jpg","contentUrl":"https:\/\/www.bellunopress.it\/wp-content\/uploads\/2011\/05\/cropped-logo-bellunopress-.jpg","width":512,"height":512,"caption":"Bellunopress"},"image":{"@id":"https:\/\/www.bellunopress.it\/#\/schema\/logo\/image\/"},"sameAs":["https:\/\/www.facebook.com\/profile.php?id=100008943462799","https:\/\/x.com\/bellunopress","https:\/\/www.linkedin.com\/hp\/?dnr=JBzUWaJfMUw8vbXJJ2tVW5-I3jZKvC4wsoxE&amp;amp;amp;amp;amp;amp;trk=nav_responsive_tab_home","https:\/\/www.youtube.com\/channel\/UCxL0wu1uN0_3_7hGG0306cw"]},{"@type":"Person","@id":"https:\/\/www.bellunopress.it\/#\/schema\/person\/79bb06722b37ece1c03d3e94beb30d73","name":"r\u00e9daction","image":{"@type":"ImageObject","inLanguage":"fr-FR","@id":"https:\/\/secure.gravatar.com\/avatar\/37d968a2e67a6fd04c169c4bdef102d0bc5d31b2546345219e348575eb80e9a0?s=96&d=mm&r=g","url":"https:\/\/secure.gravatar.com\/avatar\/37d968a2e67a6fd04c169c4bdef102d0bc5d31b2546345219e348575eb80e9a0?s=96&d=mm&r=g","contentUrl":"https:\/\/secure.gravatar.com\/avatar\/37d968a2e67a6fd04c169c4bdef102d0bc5d31b2546345219e348575eb80e9a0?s=96&d=mm&r=g","caption":"redazione"},"sameAs":["http:\/\/www.bellunopress.it","https:\/\/x.com\/bellunopress"],"url":"https:\/\/www.bellunopress.it\/fr\/author\/redazione\/"}]}},"_links":{"self":[{"href":"https:\/\/www.bellunopress.it\/fr\/wp-json\/wp\/v2\/posts\/6295","targetHints":{"allow":["GET"]}}],"collection":[{"href":"https:\/\/www.bellunopress.it\/fr\/wp-json\/wp\/v2\/posts"}],"about":[{"href":"https:\/\/www.bellunopress.it\/fr\/wp-json\/wp\/v2\/types\/post"}],"author":[{"embeddable":true,"href":"https:\/\/www.bellunopress.it\/fr\/wp-json\/wp\/v2\/users\/2"}],"replies":[{"embeddable":true,"href":"https:\/\/www.bellunopress.it\/fr\/wp-json\/wp\/v2\/comments?post=6295"}],"version-history":[{"count":1,"href":"https:\/\/www.bellunopress.it\/fr\/wp-json\/wp\/v2\/posts\/6295\/revisions"}],"predecessor-version":[{"id":6298,"href":"https:\/\/www.bellunopress.it\/fr\/wp-json\/wp\/v2\/posts\/6295\/revisions\/6298"}],"wp:attachment":[{"href":"https:\/\/www.bellunopress.it\/fr\/wp-json\/wp\/v2\/media?parent=6295"}],"wp:term":[{"taxonomy":"category","embeddable":true,"href":"https:\/\/www.bellunopress.it\/fr\/wp-json\/wp\/v2\/categories?post=6295"},{"taxonomy":"post_tag","embeddable":true,"href":"https:\/\/www.bellunopress.it\/fr\/wp-json\/wp\/v2\/tags?post=6295"}],"curies":[{"name":"wp","href":"https:\/\/api.w.org\/{rel}","templated":true}]}}