{"id":6290,"date":"2009-07-23T09:54:25","date_gmt":"2009-07-23T08:54:25","guid":{"rendered":"http:\/\/www.bellunopress.it\/?p=6290"},"modified":"2009-07-24T18:37:37","modified_gmt":"2009-07-24T17:37:37","slug":"abolizione-della-tassa-sui-passi-carrai-domani-ce-la-riunione-del-comitato-nella-sede-di-assindustria","status":"publish","type":"post","link":"https:\/\/www.bellunopress.it\/fr\/2009\/07\/23\/abolizione-della-tassa-sui-passi-carrai-domani-ce-la-riunione-del-comitato-nella-sede-di-assindustria\/","title":{"rendered":"Abolizione della tassa sui passi carrai: domani c&#8217;\u00e8 la riunione del Comitato nella sede di Assindustria"},"content":{"rendered":"<p>Domani, venerd\u00ec 24 luglio alle ore 10.45 nella Sala Caldart di Palazzo Doglioni Dalmas (via San Lucano 32 a Belluno), Confindustria Belluno Dolomiti, Ascom, Appia-Cna, Unione Artigiani e Piccola Industria di Belluno e il Comitato Vittime Anas illustreranno le iniziative comuni contro la tassa sui passi carrai nel corso di una conferenza stampa alla quale parteciperanno Marco Melchiori Vice Direttore Confindustria Belluno Dolomiti, Luca Dal Poz Direttore Ascom, Lino Viel in rappresentanza di Appia-Cna, Walter Capraro Direttore Unione Artigiani e Piccola Industria di Belluno e Walter Azzalini responsabile provinciale Comitato Vittime Anas. Abolire la tassa sui passi carrai e rideterminare i canoni pregressi sono i principali obiettivi che il Comitato Vittime Anas, con sede a Ponte nelle Alpi e parte del Comitato Passi Carrai veneto con sede a Padova, sta perseguendo con il sostegno delle Associazioni di categoria. Imprese e cittadini, stretti dalla crisi economica, sono infatti costretti a pagare una tassa, che negli anni \u00e8 fra l\u2019altro aumentata in modo spropositato, solo per poter accedere alla strada statale gestita da Anas. L\u2019esempio virtuoso da seguire c\u2019\u00e8: Veneto Strade ha gi\u00e0 deciso l\u2019abolizione della tassa sugli accessi di sua competenza.<\/p>","protected":false},"excerpt":{"rendered":"<p>Domani, venerd\u00ec 24 luglio alle ore 10.45 nella Sala Caldart di Palazzo Doglioni Dalmas (via San Lucano 32 a Belluno), Confindustria Belluno Dolomiti, Ascom, Appia-Cna, Unione Artigiani e Piccola Industria di Belluno e il Comitato Vittime Anas illustreranno le iniziative comuni contro la tassa sui passi carrai nel corso di una conferenza stampa alla quale [&hellip;]<\/p>\n","protected":false},"author":2,"featured_media":0,"comment_status":"closed","ping_status":"open","sticky":false,"template":"","format":"standard","meta":{"footnotes":""},"categories":[5],"tags":[139,63],"class_list":["post-6290","post","type-post","status-publish","format-standard","category-cronaca","tag-belluno","tag-dolomiti"],"yoast_head":"<!-- This site is optimized with the Yoast SEO plugin v28.4 - https:\/\/yoast.com\/product\/yoast-seo-wordpress\/ -->\n<title>Abolizione della tassa sui passi carrai: domani c&#039;\u00e8 la riunione del Comitato nella sede di Assindustria - Bellunopress - Dolomiti<\/title>\n<meta name=\"robots\" content=\"index, follow, max-snippet:-1, max-image-preview:large, max-video-preview:-1\" \/>\n<link rel=\"canonical\" href=\"https:\/\/www.bellunopress.it\/fr\/2009\/07\/23\/abolizione-della-tassa-sui-passi-carrai-domani-ce-la-riunione-del-comitato-nella-sede-di-assindustria\/\" \/>\n<meta property=\"og:locale\" content=\"fr_FR\" \/>\n<meta property=\"og:type\" content=\"article\" \/>\n<meta property=\"og:title\" content=\"Abolizione della tassa sui passi carrai: domani c&#039;\u00e8 la riunione del Comitato nella sede di Assindustria - Bellunopress - Dolomiti\" \/>\n<meta property=\"og:description\" content=\"Domani, venerd\u00ec 24 luglio alle ore 10.45 nella Sala Caldart di Palazzo Doglioni Dalmas (via San Lucano 32 a Belluno), Confindustria Belluno Dolomiti, Ascom, Appia-Cna, Unione Artigiani e Piccola Industria di Belluno e il Comitato Vittime Anas illustreranno le iniziative comuni contro la tassa sui passi carrai nel corso di una conferenza stampa alla quale [&hellip;]\" \/>\n<meta property=\"og:url\" content=\"https:\/\/www.bellunopress.it\/fr\/2009\/07\/23\/abolizione-della-tassa-sui-passi-carrai-domani-ce-la-riunione-del-comitato-nella-sede-di-assindustria\/\" \/>\n<meta property=\"og:site_name\" content=\"Bellunopress - Dolomiti\" \/>\n<meta property=\"article:publisher\" content=\"https:\/\/www.facebook.com\/profile.php?id=100008943462799\" \/>\n<meta property=\"article:published_time\" content=\"2009-07-23T08:54:25+00:00\" \/>\n<meta property=\"article:modified_time\" content=\"2009-07-24T17:37:37+00:00\" \/>\n<meta property=\"og:image\" content=\"http:\/\/www.bellunopress.it\/wp-content\/uploads\/2012\/07\/logo-bellunopress-250x250-2012.jpg\" \/>\n<meta name=\"author\" content=\"redazione\" \/>\n<meta name=\"twitter:card\" content=\"summary_large_image\" \/>\n<meta name=\"twitter:creator\" content=\"@bellunopress\" \/>\n<meta name=\"twitter:site\" content=\"@bellunopress\" \/>\n<meta name=\"twitter:label1\" content=\"\u00c9crit par\" \/>\n\t<meta name=\"twitter:data1\" content=\"redazione\" \/>\n\t<meta name=\"twitter:label2\" content=\"Dur\u00e9e de lecture estim\u00e9e\" \/>\n\t<meta name=\"twitter:data2\" content=\"1 minute\" \/>\n<script type=\"application\/ld+json\" class=\"yoast-schema-graph\">{\"@context\":\"https:\\\/\\\/schema.org\",\"@graph\":[{\"@type\":\"Article\",\"@id\":\"https:\\\/\\\/www.bellunopress.it\\\/2009\\\/07\\\/23\\\/abolizione-della-tassa-sui-passi-carrai-domani-ce-la-riunione-del-comitato-nella-sede-di-assindustria\\\/#article\",\"isPartOf\":{\"@id\":\"https:\\\/\\\/www.bellunopress.it\\\/2009\\\/07\\\/23\\\/abolizione-della-tassa-sui-passi-carrai-domani-ce-la-riunione-del-comitato-nella-sede-di-assindustria\\\/\"},\"author\":{\"name\":\"redazione\",\"@id\":\"https:\\\/\\\/www.bellunopress.it\\\/#\\\/schema\\\/person\\\/79bb06722b37ece1c03d3e94beb30d73\"},\"headline\":\"Abolizione della tassa sui passi carrai: domani c&#8217;\u00e8 la riunione del Comitato nella sede di Assindustria\",\"datePublished\":\"2009-07-23T08:54:25+00:00\",\"dateModified\":\"2009-07-24T17:37:37+00:00\",\"mainEntityOfPage\":{\"@id\":\"https:\\\/\\\/www.bellunopress.it\\\/2009\\\/07\\\/23\\\/abolizione-della-tassa-sui-passi-carrai-domani-ce-la-riunione-del-comitato-nella-sede-di-assindustria\\\/\"},\"wordCount\":205,\"publisher\":{\"@id\":\"https:\\\/\\\/www.bellunopress.it\\\/#organization\"},\"keywords\":[\"Belluno\",\"Dolomiti\"],\"articleSection\":[\"Cronaca\\\/Politica\"],\"inLanguage\":\"fr-FR\"},{\"@type\":\"WebPage\",\"@id\":\"https:\\\/\\\/www.bellunopress.it\\\/2009\\\/07\\\/23\\\/abolizione-della-tassa-sui-passi-carrai-domani-ce-la-riunione-del-comitato-nella-sede-di-assindustria\\\/\",\"url\":\"https:\\\/\\\/www.bellunopress.it\\\/2009\\\/07\\\/23\\\/abolizione-della-tassa-sui-passi-carrai-domani-ce-la-riunione-del-comitato-nella-sede-di-assindustria\\\/\",\"name\":\"Abolizione della tassa sui passi carrai: domani c'\u00e8 la riunione del Comitato nella sede di Assindustria - Bellunopress - Dolomiti\",\"isPartOf\":{\"@id\":\"https:\\\/\\\/www.bellunopress.it\\\/#website\"},\"datePublished\":\"2009-07-23T08:54:25+00:00\",\"dateModified\":\"2009-07-24T17:37:37+00:00\",\"breadcrumb\":{\"@id\":\"https:\\\/\\\/www.bellunopress.it\\\/2009\\\/07\\\/23\\\/abolizione-della-tassa-sui-passi-carrai-domani-ce-la-riunione-del-comitato-nella-sede-di-assindustria\\\/#breadcrumb\"},\"inLanguage\":\"fr-FR\",\"potentialAction\":[{\"@type\":\"ReadAction\",\"target\":[\"https:\\\/\\\/www.bellunopress.it\\\/2009\\\/07\\\/23\\\/abolizione-della-tassa-sui-passi-carrai-domani-ce-la-riunione-del-comitato-nella-sede-di-assindustria\\\/\"]}]},{\"@type\":\"BreadcrumbList\",\"@id\":\"https:\\\/\\\/www.bellunopress.it\\\/2009\\\/07\\\/23\\\/abolizione-della-tassa-sui-passi-carrai-domani-ce-la-riunione-del-comitato-nella-sede-di-assindustria\\\/#breadcrumb\",\"itemListElement\":[{\"@type\":\"ListItem\",\"position\":1,\"name\":\"Home\",\"item\":\"https:\\\/\\\/www.bellunopress.it\\\/\"},{\"@type\":\"ListItem\",\"position\":2,\"name\":\"Abolizione della tassa sui passi carrai: domani c&#8217;\u00e8 la riunione del Comitato nella sede di Assindustria\"}]},{\"@type\":\"WebSite\",\"@id\":\"https:\\\/\\\/www.bellunopress.it\\\/#website\",\"url\":\"https:\\\/\\\/www.bellunopress.it\\\/\",\"name\":\"Bellunopress - Dolomiti\",\"description\":\"e-mail: redazione@bellunopress.it\",\"publisher\":{\"@id\":\"https:\\\/\\\/www.bellunopress.it\\\/#organization\"},\"potentialAction\":[{\"@type\":\"SearchAction\",\"target\":{\"@type\":\"EntryPoint\",\"urlTemplate\":\"https:\\\/\\\/www.bellunopress.it\\\/?s={search_term_string}\"},\"query-input\":{\"@type\":\"PropertyValueSpecification\",\"valueRequired\":true,\"valueName\":\"search_term_string\"}}],\"inLanguage\":\"fr-FR\"},{\"@type\":\"Organization\",\"@id\":\"https:\\\/\\\/www.bellunopress.it\\\/#organization\",\"name\":\"Bellunopress\",\"url\":\"https:\\\/\\\/www.bellunopress.it\\\/\",\"logo\":{\"@type\":\"ImageObject\",\"inLanguage\":\"fr-FR\",\"@id\":\"https:\\\/\\\/www.bellunopress.it\\\/#\\\/schema\\\/logo\\\/image\\\/\",\"url\":\"https:\\\/\\\/www.bellunopress.it\\\/wp-content\\\/uploads\\\/2011\\\/05\\\/cropped-logo-bellunopress-.jpg\",\"contentUrl\":\"https:\\\/\\\/www.bellunopress.it\\\/wp-content\\\/uploads\\\/2011\\\/05\\\/cropped-logo-bellunopress-.jpg\",\"width\":512,\"height\":512,\"caption\":\"Bellunopress\"},\"image\":{\"@id\":\"https:\\\/\\\/www.bellunopress.it\\\/#\\\/schema\\\/logo\\\/image\\\/\"},\"sameAs\":[\"https:\\\/\\\/www.facebook.com\\\/profile.php?id=100008943462799\",\"https:\\\/\\\/x.com\\\/bellunopress\",\"https:\\\/\\\/www.linkedin.com\\\/hp\\\/?dnr=JBzUWaJfMUw8vbXJJ2tVW5-I3jZKvC4wsoxE&amp;amp;amp;amp;amp;amp;trk=nav_responsive_tab_home\",\"https:\\\/\\\/www.youtube.com\\\/channel\\\/UCxL0wu1uN0_3_7hGG0306cw\"]},{\"@type\":\"Person\",\"@id\":\"https:\\\/\\\/www.bellunopress.it\\\/#\\\/schema\\\/person\\\/79bb06722b37ece1c03d3e94beb30d73\",\"name\":\"redazione\",\"image\":{\"@type\":\"ImageObject\",\"inLanguage\":\"fr-FR\",\"@id\":\"https:\\\/\\\/secure.gravatar.com\\\/avatar\\\/37d968a2e67a6fd04c169c4bdef102d0bc5d31b2546345219e348575eb80e9a0?s=96&d=mm&r=g\",\"url\":\"https:\\\/\\\/secure.gravatar.com\\\/avatar\\\/37d968a2e67a6fd04c169c4bdef102d0bc5d31b2546345219e348575eb80e9a0?s=96&d=mm&r=g\",\"contentUrl\":\"https:\\\/\\\/secure.gravatar.com\\\/avatar\\\/37d968a2e67a6fd04c169c4bdef102d0bc5d31b2546345219e348575eb80e9a0?s=96&d=mm&r=g\",\"caption\":\"redazione\"},\"sameAs\":[\"http:\\\/\\\/www.bellunopress.it\",\"https:\\\/\\\/x.com\\\/bellunopress\"],\"url\":\"https:\\\/\\\/www.bellunopress.it\\\/fr\\\/author\\\/redazione\\\/\"}]}<\/script>\n<!-- \/ Yoast SEO plugin. -->","yoast_head_json":{"title":"Abolizione della tassa sui passi carrai: domani c'\u00e8 la riunione del Comitato nella sede di Assindustria - Bellunopress - Dolomiti","robots":{"index":"index","follow":"follow","max-snippet":"max-snippet:-1","max-image-preview":"max-image-preview:large","max-video-preview":"max-video-preview:-1"},"canonical":"https:\/\/www.bellunopress.it\/fr\/2009\/07\/23\/abolizione-della-tassa-sui-passi-carrai-domani-ce-la-riunione-del-comitato-nella-sede-di-assindustria\/","og_locale":"fr_FR","og_type":"article","og_title":"Abolizione della tassa sui passi carrai: domani c'\u00e8 la riunione del Comitato nella sede di Assindustria - Bellunopress - Dolomiti","og_description":"Domani, venerd\u00ec 24 luglio alle ore 10.45 nella Sala Caldart di Palazzo Doglioni Dalmas (via San Lucano 32 a Belluno), Confindustria Belluno Dolomiti, Ascom, Appia-Cna, Unione Artigiani e Piccola Industria di Belluno e il Comitato Vittime Anas illustreranno le iniziative comuni contro la tassa sui passi carrai nel corso di una conferenza stampa alla quale [&hellip;]","og_url":"https:\/\/www.bellunopress.it\/fr\/2009\/07\/23\/abolizione-della-tassa-sui-passi-carrai-domani-ce-la-riunione-del-comitato-nella-sede-di-assindustria\/","og_site_name":"Bellunopress - Dolomiti","article_publisher":"https:\/\/www.facebook.com\/profile.php?id=100008943462799","article_published_time":"2009-07-23T08:54:25+00:00","article_modified_time":"2009-07-24T17:37:37+00:00","og_image":[{"url":"http:\/\/www.bellunopress.it\/wp-content\/uploads\/2012\/07\/logo-bellunopress-250x250-2012.jpg","type":"","width":"","height":""}],"author":"redazione","twitter_card":"summary_large_image","twitter_creator":"@bellunopress","twitter_site":"@bellunopress","twitter_misc":{"\u00c9crit par":"redazione","Dur\u00e9e de lecture estim\u00e9e":"1 minute"},"schema":{"@context":"https:\/\/schema.org","@graph":[{"@type":"Article","@id":"https:\/\/www.bellunopress.it\/2009\/07\/23\/abolizione-della-tassa-sui-passi-carrai-domani-ce-la-riunione-del-comitato-nella-sede-di-assindustria\/#article","isPartOf":{"@id":"https:\/\/www.bellunopress.it\/2009\/07\/23\/abolizione-della-tassa-sui-passi-carrai-domani-ce-la-riunione-del-comitato-nella-sede-di-assindustria\/"},"author":{"name":"redazione","@id":"https:\/\/www.bellunopress.it\/#\/schema\/person\/79bb06722b37ece1c03d3e94beb30d73"},"headline":"Abolizione della tassa sui passi carrai: domani c&#8217;\u00e8 la riunione del Comitato nella sede di Assindustria","datePublished":"2009-07-23T08:54:25+00:00","dateModified":"2009-07-24T17:37:37+00:00","mainEntityOfPage":{"@id":"https:\/\/www.bellunopress.it\/2009\/07\/23\/abolizione-della-tassa-sui-passi-carrai-domani-ce-la-riunione-del-comitato-nella-sede-di-assindustria\/"},"wordCount":205,"publisher":{"@id":"https:\/\/www.bellunopress.it\/#organization"},"keywords":["Belluno","Dolomiti"],"articleSection":["Cronaca\/Politica"],"inLanguage":"fr-FR"},{"@type":"WebPage","@id":"https:\/\/www.bellunopress.it\/2009\/07\/23\/abolizione-della-tassa-sui-passi-carrai-domani-ce-la-riunione-del-comitato-nella-sede-di-assindustria\/","url":"https:\/\/www.bellunopress.it\/2009\/07\/23\/abolizione-della-tassa-sui-passi-carrai-domani-ce-la-riunione-del-comitato-nella-sede-di-assindustria\/","name":"Abolizione della tassa sui passi carrai: domani c'\u00e8 la riunione del Comitato nella sede di Assindustria - Bellunopress - Dolomiti","isPartOf":{"@id":"https:\/\/www.bellunopress.it\/#website"},"datePublished":"2009-07-23T08:54:25+00:00","dateModified":"2009-07-24T17:37:37+00:00","breadcrumb":{"@id":"https:\/\/www.bellunopress.it\/2009\/07\/23\/abolizione-della-tassa-sui-passi-carrai-domani-ce-la-riunione-del-comitato-nella-sede-di-assindustria\/#breadcrumb"},"inLanguage":"fr-FR","potentialAction":[{"@type":"ReadAction","target":["https:\/\/www.bellunopress.it\/2009\/07\/23\/abolizione-della-tassa-sui-passi-carrai-domani-ce-la-riunione-del-comitato-nella-sede-di-assindustria\/"]}]},{"@type":"BreadcrumbList","@id":"https:\/\/www.bellunopress.it\/2009\/07\/23\/abolizione-della-tassa-sui-passi-carrai-domani-ce-la-riunione-del-comitato-nella-sede-di-assindustria\/#breadcrumb","itemListElement":[{"@type":"ListItem","position":1,"name":"Home","item":"https:\/\/www.bellunopress.it\/"},{"@type":"ListItem","position":2,"name":"Abolizione della tassa sui passi carrai: domani c&#8217;\u00e8 la riunione del Comitato nella sede di Assindustria"}]},{"@type":"WebSite","@id":"https:\/\/www.bellunopress.it\/#website","url":"https:\/\/www.bellunopress.it\/","name":"Bellunopress - Dolomiti","description":"e-mail: redazione@bellunopress.it","publisher":{"@id":"https:\/\/www.bellunopress.it\/#organization"},"potentialAction":[{"@type":"SearchAction","target":{"@type":"EntryPoint","urlTemplate":"https:\/\/www.bellunopress.it\/?s={search_term_string}"},"query-input":{"@type":"PropertyValueSpecification","valueRequired":true,"valueName":"search_term_string"}}],"inLanguage":"fr-FR"},{"@type":"Organization","@id":"https:\/\/www.bellunopress.it\/#organization","name":"Bellunopress","url":"https:\/\/www.bellunopress.it\/","logo":{"@type":"ImageObject","inLanguage":"fr-FR","@id":"https:\/\/www.bellunopress.it\/#\/schema\/logo\/image\/","url":"https:\/\/www.bellunopress.it\/wp-content\/uploads\/2011\/05\/cropped-logo-bellunopress-.jpg","contentUrl":"https:\/\/www.bellunopress.it\/wp-content\/uploads\/2011\/05\/cropped-logo-bellunopress-.jpg","width":512,"height":512,"caption":"Bellunopress"},"image":{"@id":"https:\/\/www.bellunopress.it\/#\/schema\/logo\/image\/"},"sameAs":["https:\/\/www.facebook.com\/profile.php?id=100008943462799","https:\/\/x.com\/bellunopress","https:\/\/www.linkedin.com\/hp\/?dnr=JBzUWaJfMUw8vbXJJ2tVW5-I3jZKvC4wsoxE&amp;amp;amp;amp;amp;amp;trk=nav_responsive_tab_home","https:\/\/www.youtube.com\/channel\/UCxL0wu1uN0_3_7hGG0306cw"]},{"@type":"Person","@id":"https:\/\/www.bellunopress.it\/#\/schema\/person\/79bb06722b37ece1c03d3e94beb30d73","name":"r\u00e9daction","image":{"@type":"ImageObject","inLanguage":"fr-FR","@id":"https:\/\/secure.gravatar.com\/avatar\/37d968a2e67a6fd04c169c4bdef102d0bc5d31b2546345219e348575eb80e9a0?s=96&d=mm&r=g","url":"https:\/\/secure.gravatar.com\/avatar\/37d968a2e67a6fd04c169c4bdef102d0bc5d31b2546345219e348575eb80e9a0?s=96&d=mm&r=g","contentUrl":"https:\/\/secure.gravatar.com\/avatar\/37d968a2e67a6fd04c169c4bdef102d0bc5d31b2546345219e348575eb80e9a0?s=96&d=mm&r=g","caption":"redazione"},"sameAs":["http:\/\/www.bellunopress.it","https:\/\/x.com\/bellunopress"],"url":"https:\/\/www.bellunopress.it\/fr\/author\/redazione\/"}]}},"_links":{"self":[{"href":"https:\/\/www.bellunopress.it\/fr\/wp-json\/wp\/v2\/posts\/6290","targetHints":{"allow":["GET"]}}],"collection":[{"href":"https:\/\/www.bellunopress.it\/fr\/wp-json\/wp\/v2\/posts"}],"about":[{"href":"https:\/\/www.bellunopress.it\/fr\/wp-json\/wp\/v2\/types\/post"}],"author":[{"embeddable":true,"href":"https:\/\/www.bellunopress.it\/fr\/wp-json\/wp\/v2\/users\/2"}],"replies":[{"embeddable":true,"href":"https:\/\/www.bellunopress.it\/fr\/wp-json\/wp\/v2\/comments?post=6290"}],"version-history":[{"count":2,"href":"https:\/\/www.bellunopress.it\/fr\/wp-json\/wp\/v2\/posts\/6290\/revisions"}],"predecessor-version":[{"id":6349,"href":"https:\/\/www.bellunopress.it\/fr\/wp-json\/wp\/v2\/posts\/6290\/revisions\/6349"}],"wp:attachment":[{"href":"https:\/\/www.bellunopress.it\/fr\/wp-json\/wp\/v2\/media?parent=6290"}],"wp:term":[{"taxonomy":"category","embeddable":true,"href":"https:\/\/www.bellunopress.it\/fr\/wp-json\/wp\/v2\/categories?post=6290"},{"taxonomy":"post_tag","embeddable":true,"href":"https:\/\/www.bellunopress.it\/fr\/wp-json\/wp\/v2\/tags?post=6290"}],"curies":[{"name":"wp","href":"https:\/\/api.w.org\/{rel}","templated":true}]}}