{"id":6258,"date":"2009-07-22T12:29:20","date_gmt":"2009-07-22T11:29:20","guid":{"rendered":"http:\/\/www.bellunopress.it\/?p=6258"},"modified":"2009-07-22T12:33:39","modified_gmt":"2009-07-22T11:33:39","slug":"%e2%80%9ccortina-incontra%e2%80%9d-2009-dal-26-luglio-al-30-agosto-l%e2%80%99ottava-edizione-de-%e2%80%9cl%e2%80%99attualita-in-vacanza%e2%80%9d","status":"publish","type":"post","link":"https:\/\/www.bellunopress.it\/fr\/2009\/07\/22\/%e2%80%9ccortina-incontra%e2%80%9d-2009-dal-26-luglio-al-30-agosto-l%e2%80%99ottava-edizione-de-%e2%80%9cl%e2%80%99attualita-in-vacanza%e2%80%9d\/","title":{"rendered":"\u201cCortina InConTra\u201d 2009: Dal 26 luglio al 30 agosto l\u2019ottava edizione de \u201cl\u2019attualit\u00e0 in vacanza\u201d"},"content":{"rendered":"<p>Dal 26 luglio al 30 agosto torna \u201cCortina InConTra\u201d, per l\u2019ottava edizione della manifestazione culturale che sotto il titolo \u201cl\u2019attualit\u00e0 in vacanza\u201d prevede un ricco calendario di eventi nella magnifica cornice delle montagne ampezzane. Presso la tensostruttura di Cortina, ribattezzata quest\u2019anno \u201cPalaInfiniti\u201d, il cartellone prevede oltre cento appuntamenti \u2013 tutti come sempre a ingresso libero \u2013 tra dibattiti, faccia a faccia, presentazioni di libri, momenti di spettacolo per grandi e bambini, degustazioni. Confermati anche quest\u2019anno la serie degli \u201cincontri con l\u2019Autore\u201d<br \/>\npresso il Miramonti Majestic Grand Hotel, e gli eventi di \u201cAuronzo InConTra\u201d, la manifestazione gemella nata lo scorso anno e che grande successo ha riscosso tra il pubblico della conca delle Tre Cime di Lavaredo. \u201cSiamo orgogliosi di presentare un calendario ancora pi\u00f9 ricco del solito\u201d, ha detto Enrico Cisnetto, editorialista e ideatore di \u201cCortina InConTra\u201d. \u201cUn risultato non scontato, visto che tra gli effetti della crisi economica c\u2019\u00e8 sicuramente stato il crollo degli investimenti promo-pubblicitari e delle sponsorizzazioni, e la nostra manifestazione, a differenza di molte altre, si regge solo sul contributo delle aziende\u201d. Tra i pi\u00f9 di 400 ospiti che saliranno sul palco di \u201cCortina InConTra\u201d, si segnalano inomi di protagonisti politici e di governo come Gianni Alemanno, Angelino Alfano,<br \/>\nMagdi Allam, Fausto Bertinotti, Sandro Bondi, Emma Bonino, Renato Brunetta, Lamberto Dini, Gianfranco Fini, Dario Franceschini, Enrico Letta, Alfredo Mantovano, Roberto Maroni, Clemente Mastella, Altero Matteoli, Stefania Prestigiacomo, Andrea Ronchi, Maurizio Sacconi, Adolfo Urso, Walter Veltroni. Tra gli scrittori, Sveva Casati-Modignani, Giordano Bruno Guerri, Margaret<br \/>\nMazzantini e gli altri finalisti del Campiello, Antonio Scurati. E ancora: il grande giornalismo, con Roberto Arditti, Enzo Bettiza, Ferruccio de Bortoli, Antonio Caprarica, Vittorio Feltri, Mario Giordano, Paolo Guzzanti, Maria Latella, Arrigo Levi, Enrico Mentana, Paolo Mieli, Giovanni Minoli, Giampiero Mughini, Gianpaolo Pansa, Antonio Polito, Giovanni Valentini, Bruno Vespa. Anche cultura e scienza<br \/>\nsono ottimamente rappresentate: Fernando Aiuti, Remo Bodei, Edoardo Boncinelli, Luca Cavalli Sforza, Gilberto Corbellini, Giulio Giorello, Margherita Hack, Stefano Rodot\u00e0. Cos\u00ec come non mancheranno personalit\u00e0 dello spettacolo, come Enzo Garinei, Francesca Neri, Enrico Oldoini, Enrico Vaime. Per gli appassionati di musica Antonella Ruggiero, il tango di Diego Moreno e il grande jazz di Franco Cerri, Stefano Bollani e Francesco Cafiso. Per i pi\u00f9 piccoli, ci sar\u00e0 il consueto appuntamento con Geronimo Stilton. Non mancheranno persino i grandi chef a confronto. \u201cMa il focus di questa edizione sar\u00e0 sull\u2019economia\u201d, continua Enrico Cisnetto \u201ce si discuter\u00e0, in particolare, di come uscire dalla recessione, di come gestire i nostri risparmi, delle riforme necessarie, del nucleare e delle energie alternative, della green economy\u201d. Con \u201cbig\u201d come Lorenzo Bini-Smaghi, Giovanni Castellucci, Roberto<br \/>\nColaninno, Luca Cordero di Montezemolo, Francesco Micheli, Cesare Romiti, Paolo Scaroni, Chicco Testa, Federico Vecchioni. Oltre a moltissimi imprenditori di rango, ai presidenti di tre importanti authority \u2013 Antonio Catrical\u00e0, Alessandro Ortis, Francesco Pizzetti \u2013 e al Procuratore nazionale antimafia Pietro Grasso. Infine, spazio alle grandi questioni internazionali: il G8, l\u2019Iran e il terrorismo, il fenomeno Obama, i vent\u2019anni dalla caduta del Muro di Berlino, con \u201cdiscussant\u201d d\u2019eccezione come Toni Capuozzo, Lucio Caracciolo, Vittorio Emanuele Parsi, Sergio Romano. Ma \u201cCortina InConTra\u2019 \u00e8 anche attenzione alla solidariet\u00e0, come sottolinea Iole Cisnetto, presidente della Associazione Amici di Cortina (di cui \u00e8 presidente onorario Francesco Cossiga), che in questi anni ha realizzato importanti progetti nel continente africano. \u201cQuest\u2019anno\u201d, dice Iole Cisnetto, \u201clanciamo il programma \u2018Hub<br \/>\nfor Africa\u2019, per mettere fruttuosamente in rete l\u2019expertise di quattro importanti realt\u00e0 no profit che si occupano del continente nero: la Fondazione Rita Levi Montalcini, la Fondazione Pro Africa fondata dal cardinal Ersilio Tonini, la Fondazione Umberto Veronesi e l\u2019organizzazione non governativa Medici con l\u2019Africa CUAMM\u201d. E per sostenere il programma \u201cHub for Africa\u201d, l\u2019Associazione Amici di Cortina<br \/>\npresenta la mostra fotografica \u201cDonne &amp; lavoro, 1909-2009\u201d. Una personale di Carlo e Maurizio Riccardi, che verr\u00e0 inaugurata a Cortina il 26 luglio e che intende celebrare una serie di anniversari: i cent\u2019anni dell\u20198 Marzo, i cento anni di vita del Premio Nobel Rita Levi-Montalcini, e i 60 anni di Agr Press, storica realt\u00e0 romana della foto-informazione. Tutti i proventi del catalogo andranno alla Associazione Amici di Cortina per realizzare i progetti africani.<\/p>\n<p>\u00a0\u201cCortina InConTra\u201d \u00e8 l\u2019appuntamento fisso della \u201cattualit\u00e0 in vacanza\u201d a Cortina d\u2019Ampezzo. Manifestazione nata nel 2002 da un\u2019idea di Enrico e Iole Cisnetto, ha conosciuto un successo crescente grazie alla sua formula di incontri-dibattiti con i nomi pi\u00f9 importanti della politica, della cultura, della scienza e dell\u2019arte. I numeri testimoniano il successo di pubblico: oltre 900 eventi in otto anni, oltre 3.000 ospiti sul palco, oltre 600.000 spettatori totali, oltre 1.200 ore di diretta televisiva. L\u2019Alto Patronato del Presidente della Repubblica, il Patrocinio del Consiglio dei ministri e del Ministero per i Beni e le Attivit\u00e0 culturali confermano l\u2019importanza di questo appuntamento. \u201cCortina InConTra\u201d \u00e8 anche in diretta su Sky (canale 872), sul sito <a href=\"http:\/\/www.cortinaincontra.it\">www.cortinaincontra.it<\/a>, su Facebook e su Twitter. Grazie a Vodafone, mandando un sms al numero 333.2323888 si verr\u00e0 aggiornati gratuitamente sugli eventi della<br \/>\nmanifestazione.<\/p>","protected":false},"excerpt":{"rendered":"<p>Dal 26 luglio al 30 agosto torna \u201cCortina InConTra\u201d, per l\u2019ottava edizione della manifestazione culturale che sotto il titolo \u201cl\u2019attualit\u00e0 in vacanza\u201d prevede un ricco calendario di eventi nella magnifica cornice delle montagne ampezzane. Presso la tensostruttura di Cortina, ribattezzata quest\u2019anno \u201cPalaInfiniti\u201d, il cartellone prevede oltre cento appuntamenti \u2013 tutti come sempre a ingresso libero [&hellip;]<\/p>\n","protected":false},"author":2,"featured_media":0,"comment_status":"closed","ping_status":"open","sticky":false,"template":"","format":"standard","meta":{"footnotes":""},"categories":[3,5,26],"tags":[],"class_list":["post-6258","post","type-post","status-publish","format-standard","category-arte-cultura-spettacoli-scienza-archivi","category-cronaca","category-prima-pagina"],"yoast_head":"<!-- This site is optimized with the Yoast SEO plugin v28.4 - https:\/\/yoast.com\/product\/yoast-seo-wordpress\/ -->\n<title>\u201cCortina InConTra\u201d 2009: Dal 26 luglio al 30 agosto l\u2019ottava edizione de \u201cl\u2019attualit\u00e0 in vacanza\u201d  - Bellunopress - Dolomiti<\/title>\n<meta name=\"robots\" content=\"index, follow, max-snippet:-1, max-image-preview:large, max-video-preview:-1\" \/>\n<link rel=\"canonical\" href=\"https:\/\/www.bellunopress.it\/fr\/2009\/07\/22\/\u201ccortina-incontra\u201d-2009-dal-26-luglio-al-30-agosto-l\u2019ottava-edizione-de-\u201cl\u2019attualita-in-vacanza\u201d\/\" \/>\n<meta property=\"og:locale\" content=\"fr_FR\" \/>\n<meta property=\"og:type\" content=\"article\" \/>\n<meta property=\"og:title\" content=\"\u201cCortina InConTra\u201d 2009: Dal 26 luglio al 30 agosto l\u2019ottava edizione de \u201cl\u2019attualit\u00e0 in vacanza\u201d  - Bellunopress - Dolomiti\" \/>\n<meta property=\"og:description\" content=\"Dal 26 luglio al 30 agosto torna \u201cCortina InConTra\u201d, per l\u2019ottava edizione della manifestazione culturale che sotto il titolo \u201cl\u2019attualit\u00e0 in vacanza\u201d prevede un ricco calendario di eventi nella magnifica cornice delle montagne ampezzane. Presso la tensostruttura di Cortina, ribattezzata quest\u2019anno \u201cPalaInfiniti\u201d, il cartellone prevede oltre cento appuntamenti \u2013 tutti come sempre a ingresso libero [&hellip;]\" \/>\n<meta property=\"og:url\" content=\"https:\/\/www.bellunopress.it\/fr\/2009\/07\/22\/\u201ccortina-incontra\u201d-2009-dal-26-luglio-al-30-agosto-l\u2019ottava-edizione-de-\u201cl\u2019attualita-in-vacanza\u201d\/\" \/>\n<meta property=\"og:site_name\" content=\"Bellunopress - Dolomiti\" \/>\n<meta property=\"article:publisher\" content=\"https:\/\/www.facebook.com\/profile.php?id=100008943462799\" \/>\n<meta property=\"article:published_time\" content=\"2009-07-22T11:29:20+00:00\" \/>\n<meta property=\"article:modified_time\" content=\"2009-07-22T11:33:39+00:00\" \/>\n<meta property=\"og:image\" content=\"http:\/\/www.bellunopress.it\/wp-content\/uploads\/2012\/07\/logo-bellunopress-250x250-2012.jpg\" \/>\n<meta name=\"author\" content=\"redazione\" \/>\n<meta name=\"twitter:card\" content=\"summary_large_image\" \/>\n<meta name=\"twitter:creator\" content=\"@bellunopress\" \/>\n<meta name=\"twitter:site\" content=\"@bellunopress\" \/>\n<meta name=\"twitter:label1\" content=\"\u00c9crit par\" \/>\n\t<meta name=\"twitter:data1\" content=\"redazione\" \/>\n\t<meta name=\"twitter:label2\" content=\"Dur\u00e9e de lecture estim\u00e9e\" \/>\n\t<meta name=\"twitter:data2\" content=\"4 minutes\" \/>\n<script type=\"application\/ld+json\" class=\"yoast-schema-graph\">{\"@context\":\"https:\\\/\\\/schema.org\",\"@graph\":[{\"@type\":\"Article\",\"@id\":\"https:\\\/\\\/www.bellunopress.it\\\/2009\\\/07\\\/22\\\/%e2%80%9ccortina-incontra%e2%80%9d-2009-dal-26-luglio-al-30-agosto-l%e2%80%99ottava-edizione-de-%e2%80%9cl%e2%80%99attualita-in-vacanza%e2%80%9d\\\/#article\",\"isPartOf\":{\"@id\":\"https:\\\/\\\/www.bellunopress.it\\\/2009\\\/07\\\/22\\\/%e2%80%9ccortina-incontra%e2%80%9d-2009-dal-26-luglio-al-30-agosto-l%e2%80%99ottava-edizione-de-%e2%80%9cl%e2%80%99attualita-in-vacanza%e2%80%9d\\\/\"},\"author\":{\"name\":\"redazione\",\"@id\":\"https:\\\/\\\/www.bellunopress.it\\\/#\\\/schema\\\/person\\\/79bb06722b37ece1c03d3e94beb30d73\"},\"headline\":\"\u201cCortina InConTra\u201d 2009: Dal 26 luglio al 30 agosto l\u2019ottava edizione de \u201cl\u2019attualit\u00e0 in vacanza\u201d\",\"datePublished\":\"2009-07-22T11:29:20+00:00\",\"dateModified\":\"2009-07-22T11:33:39+00:00\",\"mainEntityOfPage\":{\"@id\":\"https:\\\/\\\/www.bellunopress.it\\\/2009\\\/07\\\/22\\\/%e2%80%9ccortina-incontra%e2%80%9d-2009-dal-26-luglio-al-30-agosto-l%e2%80%99ottava-edizione-de-%e2%80%9cl%e2%80%99attualita-in-vacanza%e2%80%9d\\\/\"},\"wordCount\":836,\"publisher\":{\"@id\":\"https:\\\/\\\/www.bellunopress.it\\\/#organization\"},\"articleSection\":[\"Arte, Cultura, Spettacoli, Scienza\",\"Cronaca\\\/Politica\",\"Prima Pagina\"],\"inLanguage\":\"fr-FR\"},{\"@type\":\"WebPage\",\"@id\":\"https:\\\/\\\/www.bellunopress.it\\\/2009\\\/07\\\/22\\\/%e2%80%9ccortina-incontra%e2%80%9d-2009-dal-26-luglio-al-30-agosto-l%e2%80%99ottava-edizione-de-%e2%80%9cl%e2%80%99attualita-in-vacanza%e2%80%9d\\\/\",\"url\":\"https:\\\/\\\/www.bellunopress.it\\\/2009\\\/07\\\/22\\\/%e2%80%9ccortina-incontra%e2%80%9d-2009-dal-26-luglio-al-30-agosto-l%e2%80%99ottava-edizione-de-%e2%80%9cl%e2%80%99attualita-in-vacanza%e2%80%9d\\\/\",\"name\":\"\u201cCortina InConTra\u201d 2009: Dal 26 luglio al 30 agosto l\u2019ottava edizione de \u201cl\u2019attualit\u00e0 in vacanza\u201d - Bellunopress - Dolomiti\",\"isPartOf\":{\"@id\":\"https:\\\/\\\/www.bellunopress.it\\\/#website\"},\"datePublished\":\"2009-07-22T11:29:20+00:00\",\"dateModified\":\"2009-07-22T11:33:39+00:00\",\"breadcrumb\":{\"@id\":\"https:\\\/\\\/www.bellunopress.it\\\/2009\\\/07\\\/22\\\/%e2%80%9ccortina-incontra%e2%80%9d-2009-dal-26-luglio-al-30-agosto-l%e2%80%99ottava-edizione-de-%e2%80%9cl%e2%80%99attualita-in-vacanza%e2%80%9d\\\/#breadcrumb\"},\"inLanguage\":\"fr-FR\",\"potentialAction\":[{\"@type\":\"ReadAction\",\"target\":[\"https:\\\/\\\/www.bellunopress.it\\\/2009\\\/07\\\/22\\\/%e2%80%9ccortina-incontra%e2%80%9d-2009-dal-26-luglio-al-30-agosto-l%e2%80%99ottava-edizione-de-%e2%80%9cl%e2%80%99attualita-in-vacanza%e2%80%9d\\\/\"]}]},{\"@type\":\"BreadcrumbList\",\"@id\":\"https:\\\/\\\/www.bellunopress.it\\\/2009\\\/07\\\/22\\\/%e2%80%9ccortina-incontra%e2%80%9d-2009-dal-26-luglio-al-30-agosto-l%e2%80%99ottava-edizione-de-%e2%80%9cl%e2%80%99attualita-in-vacanza%e2%80%9d\\\/#breadcrumb\",\"itemListElement\":[{\"@type\":\"ListItem\",\"position\":1,\"name\":\"Home\",\"item\":\"https:\\\/\\\/www.bellunopress.it\\\/\"},{\"@type\":\"ListItem\",\"position\":2,\"name\":\"\u201cCortina InConTra\u201d 2009: Dal 26 luglio al 30 agosto l\u2019ottava edizione de \u201cl\u2019attualit\u00e0 in vacanza\u201d\"}]},{\"@type\":\"WebSite\",\"@id\":\"https:\\\/\\\/www.bellunopress.it\\\/#website\",\"url\":\"https:\\\/\\\/www.bellunopress.it\\\/\",\"name\":\"Bellunopress - Dolomiti\",\"description\":\"e-mail: redazione@bellunopress.it\",\"publisher\":{\"@id\":\"https:\\\/\\\/www.bellunopress.it\\\/#organization\"},\"potentialAction\":[{\"@type\":\"SearchAction\",\"target\":{\"@type\":\"EntryPoint\",\"urlTemplate\":\"https:\\\/\\\/www.bellunopress.it\\\/?s={search_term_string}\"},\"query-input\":{\"@type\":\"PropertyValueSpecification\",\"valueRequired\":true,\"valueName\":\"search_term_string\"}}],\"inLanguage\":\"fr-FR\"},{\"@type\":\"Organization\",\"@id\":\"https:\\\/\\\/www.bellunopress.it\\\/#organization\",\"name\":\"Bellunopress\",\"url\":\"https:\\\/\\\/www.bellunopress.it\\\/\",\"logo\":{\"@type\":\"ImageObject\",\"inLanguage\":\"fr-FR\",\"@id\":\"https:\\\/\\\/www.bellunopress.it\\\/#\\\/schema\\\/logo\\\/image\\\/\",\"url\":\"https:\\\/\\\/www.bellunopress.it\\\/wp-content\\\/uploads\\\/2011\\\/05\\\/cropped-logo-bellunopress-.jpg\",\"contentUrl\":\"https:\\\/\\\/www.bellunopress.it\\\/wp-content\\\/uploads\\\/2011\\\/05\\\/cropped-logo-bellunopress-.jpg\",\"width\":512,\"height\":512,\"caption\":\"Bellunopress\"},\"image\":{\"@id\":\"https:\\\/\\\/www.bellunopress.it\\\/#\\\/schema\\\/logo\\\/image\\\/\"},\"sameAs\":[\"https:\\\/\\\/www.facebook.com\\\/profile.php?id=100008943462799\",\"https:\\\/\\\/x.com\\\/bellunopress\",\"https:\\\/\\\/www.linkedin.com\\\/hp\\\/?dnr=JBzUWaJfMUw8vbXJJ2tVW5-I3jZKvC4wsoxE&amp;amp;amp;amp;amp;amp;trk=nav_responsive_tab_home\",\"https:\\\/\\\/www.youtube.com\\\/channel\\\/UCxL0wu1uN0_3_7hGG0306cw\"]},{\"@type\":\"Person\",\"@id\":\"https:\\\/\\\/www.bellunopress.it\\\/#\\\/schema\\\/person\\\/79bb06722b37ece1c03d3e94beb30d73\",\"name\":\"redazione\",\"image\":{\"@type\":\"ImageObject\",\"inLanguage\":\"fr-FR\",\"@id\":\"https:\\\/\\\/secure.gravatar.com\\\/avatar\\\/37d968a2e67a6fd04c169c4bdef102d0bc5d31b2546345219e348575eb80e9a0?s=96&d=mm&r=g\",\"url\":\"https:\\\/\\\/secure.gravatar.com\\\/avatar\\\/37d968a2e67a6fd04c169c4bdef102d0bc5d31b2546345219e348575eb80e9a0?s=96&d=mm&r=g\",\"contentUrl\":\"https:\\\/\\\/secure.gravatar.com\\\/avatar\\\/37d968a2e67a6fd04c169c4bdef102d0bc5d31b2546345219e348575eb80e9a0?s=96&d=mm&r=g\",\"caption\":\"redazione\"},\"sameAs\":[\"http:\\\/\\\/www.bellunopress.it\",\"https:\\\/\\\/x.com\\\/bellunopress\"],\"url\":\"https:\\\/\\\/www.bellunopress.it\\\/fr\\\/author\\\/redazione\\\/\"}]}<\/script>\n<!-- \/ Yoast SEO plugin. -->","yoast_head_json":{"title":"\u201cCortina InConTra\u201d 2009: Dal 26 luglio al 30 agosto l\u2019ottava edizione de \u201cl\u2019attualit\u00e0 in vacanza\u201d  - Bellunopress - Dolomiti","robots":{"index":"index","follow":"follow","max-snippet":"max-snippet:-1","max-image-preview":"max-image-preview:large","max-video-preview":"max-video-preview:-1"},"canonical":"https:\/\/www.bellunopress.it\/fr\/2009\/07\/22\/\u201ccortina-incontra\u201d-2009-dal-26-luglio-al-30-agosto-l\u2019ottava-edizione-de-\u201cl\u2019attualita-in-vacanza\u201d\/","og_locale":"fr_FR","og_type":"article","og_title":"\u201cCortina InConTra\u201d 2009: Dal 26 luglio al 30 agosto l\u2019ottava edizione de \u201cl\u2019attualit\u00e0 in vacanza\u201d  - Bellunopress - Dolomiti","og_description":"Dal 26 luglio al 30 agosto torna \u201cCortina InConTra\u201d, per l\u2019ottava edizione della manifestazione culturale che sotto il titolo \u201cl\u2019attualit\u00e0 in vacanza\u201d prevede un ricco calendario di eventi nella magnifica cornice delle montagne ampezzane. Presso la tensostruttura di Cortina, ribattezzata quest\u2019anno \u201cPalaInfiniti\u201d, il cartellone prevede oltre cento appuntamenti \u2013 tutti come sempre a ingresso libero [&hellip;]","og_url":"https:\/\/www.bellunopress.it\/fr\/2009\/07\/22\/\u201ccortina-incontra\u201d-2009-dal-26-luglio-al-30-agosto-l\u2019ottava-edizione-de-\u201cl\u2019attualita-in-vacanza\u201d\/","og_site_name":"Bellunopress - Dolomiti","article_publisher":"https:\/\/www.facebook.com\/profile.php?id=100008943462799","article_published_time":"2009-07-22T11:29:20+00:00","article_modified_time":"2009-07-22T11:33:39+00:00","og_image":[{"url":"http:\/\/www.bellunopress.it\/wp-content\/uploads\/2012\/07\/logo-bellunopress-250x250-2012.jpg","type":"","width":"","height":""}],"author":"redazione","twitter_card":"summary_large_image","twitter_creator":"@bellunopress","twitter_site":"@bellunopress","twitter_misc":{"\u00c9crit par":"redazione","Dur\u00e9e de lecture estim\u00e9e":"4 minutes"},"schema":{"@context":"https:\/\/schema.org","@graph":[{"@type":"Article","@id":"https:\/\/www.bellunopress.it\/2009\/07\/22\/%e2%80%9ccortina-incontra%e2%80%9d-2009-dal-26-luglio-al-30-agosto-l%e2%80%99ottava-edizione-de-%e2%80%9cl%e2%80%99attualita-in-vacanza%e2%80%9d\/#article","isPartOf":{"@id":"https:\/\/www.bellunopress.it\/2009\/07\/22\/%e2%80%9ccortina-incontra%e2%80%9d-2009-dal-26-luglio-al-30-agosto-l%e2%80%99ottava-edizione-de-%e2%80%9cl%e2%80%99attualita-in-vacanza%e2%80%9d\/"},"author":{"name":"redazione","@id":"https:\/\/www.bellunopress.it\/#\/schema\/person\/79bb06722b37ece1c03d3e94beb30d73"},"headline":"\u201cCortina InConTra\u201d 2009: Dal 26 luglio al 30 agosto l\u2019ottava edizione de \u201cl\u2019attualit\u00e0 in vacanza\u201d","datePublished":"2009-07-22T11:29:20+00:00","dateModified":"2009-07-22T11:33:39+00:00","mainEntityOfPage":{"@id":"https:\/\/www.bellunopress.it\/2009\/07\/22\/%e2%80%9ccortina-incontra%e2%80%9d-2009-dal-26-luglio-al-30-agosto-l%e2%80%99ottava-edizione-de-%e2%80%9cl%e2%80%99attualita-in-vacanza%e2%80%9d\/"},"wordCount":836,"publisher":{"@id":"https:\/\/www.bellunopress.it\/#organization"},"articleSection":["Arte, Cultura, Spettacoli, Scienza","Cronaca\/Politica","Prima Pagina"],"inLanguage":"fr-FR"},{"@type":"WebPage","@id":"https:\/\/www.bellunopress.it\/2009\/07\/22\/%e2%80%9ccortina-incontra%e2%80%9d-2009-dal-26-luglio-al-30-agosto-l%e2%80%99ottava-edizione-de-%e2%80%9cl%e2%80%99attualita-in-vacanza%e2%80%9d\/","url":"https:\/\/www.bellunopress.it\/2009\/07\/22\/%e2%80%9ccortina-incontra%e2%80%9d-2009-dal-26-luglio-al-30-agosto-l%e2%80%99ottava-edizione-de-%e2%80%9cl%e2%80%99attualita-in-vacanza%e2%80%9d\/","name":"\u201cCortina InConTra\u201d 2009: Dal 26 luglio al 30 agosto l\u2019ottava edizione de \u201cl\u2019attualit\u00e0 in vacanza\u201d - Bellunopress - Dolomiti","isPartOf":{"@id":"https:\/\/www.bellunopress.it\/#website"},"datePublished":"2009-07-22T11:29:20+00:00","dateModified":"2009-07-22T11:33:39+00:00","breadcrumb":{"@id":"https:\/\/www.bellunopress.it\/2009\/07\/22\/%e2%80%9ccortina-incontra%e2%80%9d-2009-dal-26-luglio-al-30-agosto-l%e2%80%99ottava-edizione-de-%e2%80%9cl%e2%80%99attualita-in-vacanza%e2%80%9d\/#breadcrumb"},"inLanguage":"fr-FR","potentialAction":[{"@type":"ReadAction","target":["https:\/\/www.bellunopress.it\/2009\/07\/22\/%e2%80%9ccortina-incontra%e2%80%9d-2009-dal-26-luglio-al-30-agosto-l%e2%80%99ottava-edizione-de-%e2%80%9cl%e2%80%99attualita-in-vacanza%e2%80%9d\/"]}]},{"@type":"BreadcrumbList","@id":"https:\/\/www.bellunopress.it\/2009\/07\/22\/%e2%80%9ccortina-incontra%e2%80%9d-2009-dal-26-luglio-al-30-agosto-l%e2%80%99ottava-edizione-de-%e2%80%9cl%e2%80%99attualita-in-vacanza%e2%80%9d\/#breadcrumb","itemListElement":[{"@type":"ListItem","position":1,"name":"Home","item":"https:\/\/www.bellunopress.it\/"},{"@type":"ListItem","position":2,"name":"\u201cCortina InConTra\u201d 2009: Dal 26 luglio al 30 agosto l\u2019ottava edizione de \u201cl\u2019attualit\u00e0 in vacanza\u201d"}]},{"@type":"WebSite","@id":"https:\/\/www.bellunopress.it\/#website","url":"https:\/\/www.bellunopress.it\/","name":"Bellunopress - Dolomiti","description":"e-mail: redazione@bellunopress.it","publisher":{"@id":"https:\/\/www.bellunopress.it\/#organization"},"potentialAction":[{"@type":"SearchAction","target":{"@type":"EntryPoint","urlTemplate":"https:\/\/www.bellunopress.it\/?s={search_term_string}"},"query-input":{"@type":"PropertyValueSpecification","valueRequired":true,"valueName":"search_term_string"}}],"inLanguage":"fr-FR"},{"@type":"Organization","@id":"https:\/\/www.bellunopress.it\/#organization","name":"Bellunopress","url":"https:\/\/www.bellunopress.it\/","logo":{"@type":"ImageObject","inLanguage":"fr-FR","@id":"https:\/\/www.bellunopress.it\/#\/schema\/logo\/image\/","url":"https:\/\/www.bellunopress.it\/wp-content\/uploads\/2011\/05\/cropped-logo-bellunopress-.jpg","contentUrl":"https:\/\/www.bellunopress.it\/wp-content\/uploads\/2011\/05\/cropped-logo-bellunopress-.jpg","width":512,"height":512,"caption":"Bellunopress"},"image":{"@id":"https:\/\/www.bellunopress.it\/#\/schema\/logo\/image\/"},"sameAs":["https:\/\/www.facebook.com\/profile.php?id=100008943462799","https:\/\/x.com\/bellunopress","https:\/\/www.linkedin.com\/hp\/?dnr=JBzUWaJfMUw8vbXJJ2tVW5-I3jZKvC4wsoxE&amp;amp;amp;amp;amp;amp;trk=nav_responsive_tab_home","https:\/\/www.youtube.com\/channel\/UCxL0wu1uN0_3_7hGG0306cw"]},{"@type":"Person","@id":"https:\/\/www.bellunopress.it\/#\/schema\/person\/79bb06722b37ece1c03d3e94beb30d73","name":"r\u00e9daction","image":{"@type":"ImageObject","inLanguage":"fr-FR","@id":"https:\/\/secure.gravatar.com\/avatar\/37d968a2e67a6fd04c169c4bdef102d0bc5d31b2546345219e348575eb80e9a0?s=96&d=mm&r=g","url":"https:\/\/secure.gravatar.com\/avatar\/37d968a2e67a6fd04c169c4bdef102d0bc5d31b2546345219e348575eb80e9a0?s=96&d=mm&r=g","contentUrl":"https:\/\/secure.gravatar.com\/avatar\/37d968a2e67a6fd04c169c4bdef102d0bc5d31b2546345219e348575eb80e9a0?s=96&d=mm&r=g","caption":"redazione"},"sameAs":["http:\/\/www.bellunopress.it","https:\/\/x.com\/bellunopress"],"url":"https:\/\/www.bellunopress.it\/fr\/author\/redazione\/"}]}},"_links":{"self":[{"href":"https:\/\/www.bellunopress.it\/fr\/wp-json\/wp\/v2\/posts\/6258","targetHints":{"allow":["GET"]}}],"collection":[{"href":"https:\/\/www.bellunopress.it\/fr\/wp-json\/wp\/v2\/posts"}],"about":[{"href":"https:\/\/www.bellunopress.it\/fr\/wp-json\/wp\/v2\/types\/post"}],"author":[{"embeddable":true,"href":"https:\/\/www.bellunopress.it\/fr\/wp-json\/wp\/v2\/users\/2"}],"replies":[{"embeddable":true,"href":"https:\/\/www.bellunopress.it\/fr\/wp-json\/wp\/v2\/comments?post=6258"}],"version-history":[{"count":3,"href":"https:\/\/www.bellunopress.it\/fr\/wp-json\/wp\/v2\/posts\/6258\/revisions"}],"predecessor-version":[{"id":6260,"href":"https:\/\/www.bellunopress.it\/fr\/wp-json\/wp\/v2\/posts\/6258\/revisions\/6260"}],"wp:attachment":[{"href":"https:\/\/www.bellunopress.it\/fr\/wp-json\/wp\/v2\/media?parent=6258"}],"wp:term":[{"taxonomy":"category","embeddable":true,"href":"https:\/\/www.bellunopress.it\/fr\/wp-json\/wp\/v2\/categories?post=6258"},{"taxonomy":"post_tag","embeddable":true,"href":"https:\/\/www.bellunopress.it\/fr\/wp-json\/wp\/v2\/tags?post=6258"}],"curies":[{"name":"wp","href":"https:\/\/api.w.org\/{rel}","templated":true}]}}