{"id":6256,"date":"2009-07-22T11:33:11","date_gmt":"2009-07-22T10:33:11","guid":{"rendered":"http:\/\/www.bellunopress.it\/?p=6256"},"modified":"2009-07-22T11:33:11","modified_gmt":"2009-07-22T10:33:11","slug":"caiinform-ad-agordo-le-premiazioni-per-la-dodicesima-edizione-del-pelmo-doro","status":"publish","type":"post","link":"https:\/\/www.bellunopress.it\/fr\/2009\/07\/22\/caiinform-ad-agordo-le-premiazioni-per-la-dodicesima-edizione-del-pelmo-doro\/","title":{"rendered":"CaiInform: ad Agordo le premiazioni per la dodicesima edizione del Pelmo d&#8217;Oro"},"content":{"rendered":"<p>Speciale \u201cPelmo d\u2019oro\u201d ad Agordo. Ecco tutte le iniziative per i festeggiamenti. Nel fine settimana, Agordo si appresta \u2013 con orgoglio \u2013 ad ospitare la dodicesima edizione del prestigioso Premio \u201cPelmo d\u2019Oro\u201d. Oltre all\u2019evento principale ed alle premiazioni ufficiali che si svolgeranno sabato 25 luglio, \u00e8 in programma anche un nutrito carnet di manifestazioni collegate. Qui di seguito un sintetico promemoria di tutta la manifestazione.<br \/>\nRicordiamo inoltre che durante tutta la manifestazione sar\u00e0 aperta la Mostra Fotografica \u201cMEMORIE E MOMENTI DI ALPINISMO AGORDINO\u201d curata dalla Sezione Agordina del CAI, dal Gruppo GIR e dalla Stazione di Agordo del CNSAS.<\/p>\n<p><strong>GIOVEDI\u2019 23 LUGLIO <\/strong><br \/>\nOre 20.30 \u2013 SALA CONVEGNI \u201cDON F.TAMIS\u201d, Via 27 aprile \u2013 AGORDO (BL)<br \/>\nProiezione filmato: EVEREST 2008<br \/>\ndi Cristian Corazza, Marco Sala, Renato Sotsas<\/p>\n<p><strong>VENERDI\u2019 24 LUGLIO<\/strong><br \/>\nOre 17.30 \u2013 SALA CONVEGNI \u201cDON F.TAMIS\u201d, Via 27 aprile \u2013 AGORDO (BL)<br \/>\nPresentazione libro: ESCURSIONI AD AGORDO E NELLA CONCA AGORDINA con videoproiezione e partecipazione del \u201cCoro Agordo\u201d<br \/>\ndi Giorgio Fontanive<\/p>\n<p>Ore 20.30 \u2013 SALA CONVEGNI \u201cDON F.TAMIS\u201d, Via 27 aprile \u2013 AGORDO (BL)<br \/>\nProiezione filmato: FRAMONT PARETE SUD<br \/>\ndel Gruppo Rocciatori \u201cGIR\u201d<\/p>\n<p><strong>SABATO 25 LUGLIO<\/strong><br \/>\nOre 09.30 \u2013 SALA CONVEGNI \u201cDON F.TAMIS\u201d, Via 27 aprile \u2013 AGORDO (BL)<br \/>\nCerimonia di premiazione della XII edizione Premio Pelmo d\u2019oro<br \/>\nPresentazione a cura di Tiziana Bolognani<\/p>\n<p>Annullo Speciale Filatelico, Saluto del Sindaco di Agordo, Saluto del Presidente della Provincia di Belluno<br \/>\nRicordo di Giuliano De Marchi<br \/>\nRicordo di Armando Da Roit \u201cTama\u201d<br \/>\nProiezioni filmati a cura di Italo Zandonella Callegher<br \/>\nProiezione filmato \u201cDolomites\u201d<br \/>\nPresentazione del documentario \u201cDentro le miniere di Val Imperina\u201d<\/p>\n<p><strong>I premiati 2009:<\/strong><\/p>\n<p>Gianni Gianneselli\u00a0\u00a0\u00a0\u00a0\u00a0\u00a0\u00a0\u00a0 \u201cPelmo d\u2019oro\u201d 2009 per l\u2019alpinismo in attivit\u00e0<br \/>\nRichard Goedeke\u00a0\u00a0\u00a0\u00a0\u00a0\u00a0\u00a0\u00a0\u00a0 \u201cPelmo d\u2019oro\u201d 2009 per la carriera alpinistica<br \/>\nMauro Corona\u00a0\u00a0\u00a0\u00a0\u00a0\u00a0\u00a0\u00a0\u00a0\u00a0\u00a0\u00a0\u00a0 \u201cPelmo d\u2019oro\u201d 2009 per la cultura alpina<\/p>\n<p>Sezione Agordina del CAI, Gruppo GIR, Stazione di Agordo del CNSAS\u00a0\u00a0\u00a0\u00a0\u00a0\u00a0\u00a0\u00a0\u00a0\u00a0 Premio speciale Pelmo d\u2019Oro 2009\u00a0\u00a0\u00a0\u00a0\u00a0\u00a0 \u00a0\u00a0\u00a0\u00a0\u00a0\u00a0\u00a0\u00a0\u00a0\u00a0\u00a0\u00a0\u00a0\u00a0\u00a0\u00a0\u00a0\u00a0\u00a0\u00a0\u00a0\u00a0\u00a0\u00a0\u00a0\u00a0\u00a0\u00a0\u00a0\u00a0\u00a0\u00a0\u00a0\u00a0\u00a0\u00a0\u00a0\u00a0\u00a0\u00a0\u00a0\u00a0\u00a0\u00a0\u00a0\u00a0\u00a0\u00a0\u00a0\u00a0\u00a0\u00a0\u00a0\u00a0\u00a0\u00a0\u00a0\u00a0\u00a0\u00a0\u00a0\u00a0\u00a0\u00a0\u00a0\u00a0\u00a0\u00a0\u00a0\u00a0\u00a0\u00a0\u00a0\u00a0\u00a0\u00a0\u00a0\u00a0\u00a0\u00a0\u00a0\u00a0\u00a0\u00a0\u00a0\u00a0\u00a0\u00a0\u00a0\u00a0\u00a0\u00a0\u00a0\u00a0\u00a0\u00a0\u00a0\u00a0\u00a0\u00a0\u00a0\u00a0\u00a0\u00a0\u00a0\u00a0\u00a0\u00a0\u00a0\u00a0\u00a0\u00a0\u00a0\u00a0\u00a0\u00a0\u00a0\u00a0\u00a0\u00a0\u00a0\u00a0\u00a0\u00a0\u00a0\u00a0\u00a0\u00a0\u00a0\u00a0\u00a0\u00a0\u00a0\u00a0\u00a0\u00a0\u00a0\u00a0\u00a0\u00a0\u00a0\u00a0\u00a0\u00a0\u00a0\u00a0\u00a0\u00a0\u00a0\u00a0\u00a0\u00a0\u00a0\u00a0\u00a0\u00a0\u00a0\u00a0\u00a0\u00a0\u00a0\u00a0\u00a0\u00a0 \u00a0\u00a0\u00a0\u00a0\u00a0\u00a0\u00a0\u00a0\u00a0\u00a0\u00a0 Assegnato dalla Giunta della Provincia di Belluno<\/p>\n<p>Famiglia Vascellari \u2013 Rifugio Capanna degli Alpini \u2013 Calalzo di Cadore\u00a0\u00a0\u00a0\u00a0\u00a0\u00a0\u00a0\u00a0\u00a0\u00a0\u00a0\u00a0\u00a0 Menzione speciale Pelmo d\u2019oro 2009<br \/>\nAlle famiglie bellunesi che hanno gestito malghe per oltre 30 anni\u00a0\u00a0\u00a0\u00a0\u00a0\u00a0\u00a0\u00a0\u00a0\u00a0\u00a0\u00a0\u00a0\u00a0\u00a0\u00a0\u00a0\u00a0\u00a0\u00a0 Menzione speciale Pelmo d\u2019oro 2009<\/p>\n<p>Ore 13.00 \u2013 CAMPANILE SUD DELLA CHIESA ARCIDIACONALE IN PIAZZA LIBERTA\u2019 \u2013 AGORDO (BL)<br \/>\nEsercitazione dimostrativa della Stazione di Agordo del Soccorso Alpino C.N.S.A.S.<br \/>\n(recupero e trasferimento di un ferito in parete)<\/p>\n<p>PRANZO SUL BROI di Agordo e nel pomeriggio manifestazione di paracadutismo.<\/p>\n<p>Ore 15.00 \u2013 CENTRO MINERARIO DI VAL IMPERINA \u2013 FORNI FUSORI<br \/>\nPrima visione del documentario \u201cDentro le Miniere di Val Imperina\u201d<br \/>\nrealizzato dal Parco Nazionale Dolomiti Bellunesi, il Gruppo Speleologico CAI Feltre e ARCA Gruppo Archeologico Agordino<\/p>\n<p><strong>Per ulteriori informazioni:<\/strong> Provincia di Belluno \u2013 Dolomiti Turismo\u00a0 tel. 0437-940084\u00a0\u00a0 www.infodolomiti.it;\u00a0 mail@infodolomiti.it. Ufficio informazioni turistiche Agordo\u00a0\u00a0\u00a0\u00a0 tel. 0437-62105\u00a0\u00a0\u00a0\u00a0 agordo@infodolomiti.it<\/p>","protected":false},"excerpt":{"rendered":"<p>Speciale \u201cPelmo d\u2019oro\u201d ad Agordo. Ecco tutte le iniziative per i festeggiamenti. Nel fine settimana, Agordo si appresta \u2013 con orgoglio \u2013 ad ospitare la dodicesima edizione del prestigioso Premio \u201cPelmo d\u2019Oro\u201d. Oltre all\u2019evento principale ed alle premiazioni ufficiali che si svolgeranno sabato 25 luglio, \u00e8 in programma anche un nutrito carnet di manifestazioni collegate. [&hellip;]<\/p>\n","protected":false},"author":2,"featured_media":0,"comment_status":"closed","ping_status":"open","sticky":false,"template":"","format":"standard","meta":{"footnotes":""},"categories":[3,38,25],"tags":[139,151,63,302],"class_list":["post-6256","post","type-post","status-publish","format-standard","category-arte-cultura-spettacoli-scienza-archivi","category-natura-ambiente","category-pausa-caffe","tag-belluno","tag-cadore","tag-dolomiti","tag-feltre"],"yoast_head":"<!-- This site is optimized with the Yoast SEO plugin v28.4 - https:\/\/yoast.com\/product\/yoast-seo-wordpress\/ -->\n<title>CaiInform: ad Agordo le premiazioni per la dodicesima edizione del Pelmo d&#039;Oro - Bellunopress - Dolomiti<\/title>\n<meta name=\"robots\" content=\"index, follow, max-snippet:-1, max-image-preview:large, max-video-preview:-1\" \/>\n<link rel=\"canonical\" href=\"https:\/\/www.bellunopress.it\/fr\/2009\/07\/22\/caiinform-ad-agordo-le-premiazioni-per-la-dodicesima-edizione-del-pelmo-doro\/\" \/>\n<meta property=\"og:locale\" content=\"fr_FR\" \/>\n<meta property=\"og:type\" content=\"article\" \/>\n<meta property=\"og:title\" content=\"CaiInform: ad Agordo le premiazioni per la dodicesima edizione del Pelmo d&#039;Oro - Bellunopress - Dolomiti\" \/>\n<meta property=\"og:description\" content=\"Speciale \u201cPelmo d\u2019oro\u201d ad Agordo. Ecco tutte le iniziative per i festeggiamenti. Nel fine settimana, Agordo si appresta \u2013 con orgoglio \u2013 ad ospitare la dodicesima edizione del prestigioso Premio \u201cPelmo d\u2019Oro\u201d. Oltre all\u2019evento principale ed alle premiazioni ufficiali che si svolgeranno sabato 25 luglio, \u00e8 in programma anche un nutrito carnet di manifestazioni collegate. [&hellip;]\" \/>\n<meta property=\"og:url\" content=\"https:\/\/www.bellunopress.it\/fr\/2009\/07\/22\/caiinform-ad-agordo-le-premiazioni-per-la-dodicesima-edizione-del-pelmo-doro\/\" \/>\n<meta property=\"og:site_name\" content=\"Bellunopress - Dolomiti\" \/>\n<meta property=\"article:publisher\" content=\"https:\/\/www.facebook.com\/profile.php?id=100008943462799\" \/>\n<meta property=\"article:published_time\" content=\"2009-07-22T10:33:11+00:00\" \/>\n<meta property=\"og:image\" content=\"http:\/\/www.bellunopress.it\/wp-content\/uploads\/2012\/07\/logo-bellunopress-250x250-2012.jpg\" \/>\n<meta name=\"author\" content=\"redazione\" \/>\n<meta name=\"twitter:card\" content=\"summary_large_image\" \/>\n<meta name=\"twitter:creator\" content=\"@bellunopress\" \/>\n<meta name=\"twitter:site\" content=\"@bellunopress\" \/>\n<meta name=\"twitter:label1\" content=\"\u00c9crit par\" \/>\n\t<meta name=\"twitter:data1\" content=\"redazione\" \/>\n\t<meta name=\"twitter:label2\" content=\"Dur\u00e9e de lecture estim\u00e9e\" \/>\n\t<meta name=\"twitter:data2\" content=\"2 minutes\" \/>\n<script type=\"application\/ld+json\" class=\"yoast-schema-graph\">{\"@context\":\"https:\\\/\\\/schema.org\",\"@graph\":[{\"@type\":\"Article\",\"@id\":\"https:\\\/\\\/www.bellunopress.it\\\/2009\\\/07\\\/22\\\/caiinform-ad-agordo-le-premiazioni-per-la-dodicesima-edizione-del-pelmo-doro\\\/#article\",\"isPartOf\":{\"@id\":\"https:\\\/\\\/www.bellunopress.it\\\/2009\\\/07\\\/22\\\/caiinform-ad-agordo-le-premiazioni-per-la-dodicesima-edizione-del-pelmo-doro\\\/\"},\"author\":{\"name\":\"redazione\",\"@id\":\"https:\\\/\\\/www.bellunopress.it\\\/#\\\/schema\\\/person\\\/79bb06722b37ece1c03d3e94beb30d73\"},\"headline\":\"CaiInform: ad Agordo le premiazioni per la dodicesima edizione del Pelmo d&#8217;Oro\",\"datePublished\":\"2009-07-22T10:33:11+00:00\",\"mainEntityOfPage\":{\"@id\":\"https:\\\/\\\/www.bellunopress.it\\\/2009\\\/07\\\/22\\\/caiinform-ad-agordo-le-premiazioni-per-la-dodicesima-edizione-del-pelmo-doro\\\/\"},\"wordCount\":442,\"publisher\":{\"@id\":\"https:\\\/\\\/www.bellunopress.it\\\/#organization\"},\"keywords\":[\"Belluno\",\"Cadore\",\"Dolomiti\",\"Feltre\"],\"articleSection\":[\"Arte, Cultura, Spettacoli, Scienza\",\"Meteo, natura, ambiente, animali\",\"Pausa Caff\u00e8\"],\"inLanguage\":\"fr-FR\"},{\"@type\":\"WebPage\",\"@id\":\"https:\\\/\\\/www.bellunopress.it\\\/2009\\\/07\\\/22\\\/caiinform-ad-agordo-le-premiazioni-per-la-dodicesima-edizione-del-pelmo-doro\\\/\",\"url\":\"https:\\\/\\\/www.bellunopress.it\\\/2009\\\/07\\\/22\\\/caiinform-ad-agordo-le-premiazioni-per-la-dodicesima-edizione-del-pelmo-doro\\\/\",\"name\":\"CaiInform: ad Agordo le premiazioni per la dodicesima edizione del Pelmo d'Oro - Bellunopress - Dolomiti\",\"isPartOf\":{\"@id\":\"https:\\\/\\\/www.bellunopress.it\\\/#website\"},\"datePublished\":\"2009-07-22T10:33:11+00:00\",\"breadcrumb\":{\"@id\":\"https:\\\/\\\/www.bellunopress.it\\\/2009\\\/07\\\/22\\\/caiinform-ad-agordo-le-premiazioni-per-la-dodicesima-edizione-del-pelmo-doro\\\/#breadcrumb\"},\"inLanguage\":\"fr-FR\",\"potentialAction\":[{\"@type\":\"ReadAction\",\"target\":[\"https:\\\/\\\/www.bellunopress.it\\\/2009\\\/07\\\/22\\\/caiinform-ad-agordo-le-premiazioni-per-la-dodicesima-edizione-del-pelmo-doro\\\/\"]}]},{\"@type\":\"BreadcrumbList\",\"@id\":\"https:\\\/\\\/www.bellunopress.it\\\/2009\\\/07\\\/22\\\/caiinform-ad-agordo-le-premiazioni-per-la-dodicesima-edizione-del-pelmo-doro\\\/#breadcrumb\",\"itemListElement\":[{\"@type\":\"ListItem\",\"position\":1,\"name\":\"Home\",\"item\":\"https:\\\/\\\/www.bellunopress.it\\\/\"},{\"@type\":\"ListItem\",\"position\":2,\"name\":\"CaiInform: ad Agordo le premiazioni per la dodicesima edizione del Pelmo d&#8217;Oro\"}]},{\"@type\":\"WebSite\",\"@id\":\"https:\\\/\\\/www.bellunopress.it\\\/#website\",\"url\":\"https:\\\/\\\/www.bellunopress.it\\\/\",\"name\":\"Bellunopress - Dolomiti\",\"description\":\"e-mail: redazione@bellunopress.it\",\"publisher\":{\"@id\":\"https:\\\/\\\/www.bellunopress.it\\\/#organization\"},\"potentialAction\":[{\"@type\":\"SearchAction\",\"target\":{\"@type\":\"EntryPoint\",\"urlTemplate\":\"https:\\\/\\\/www.bellunopress.it\\\/?s={search_term_string}\"},\"query-input\":{\"@type\":\"PropertyValueSpecification\",\"valueRequired\":true,\"valueName\":\"search_term_string\"}}],\"inLanguage\":\"fr-FR\"},{\"@type\":\"Organization\",\"@id\":\"https:\\\/\\\/www.bellunopress.it\\\/#organization\",\"name\":\"Bellunopress\",\"url\":\"https:\\\/\\\/www.bellunopress.it\\\/\",\"logo\":{\"@type\":\"ImageObject\",\"inLanguage\":\"fr-FR\",\"@id\":\"https:\\\/\\\/www.bellunopress.it\\\/#\\\/schema\\\/logo\\\/image\\\/\",\"url\":\"https:\\\/\\\/www.bellunopress.it\\\/wp-content\\\/uploads\\\/2011\\\/05\\\/cropped-logo-bellunopress-.jpg\",\"contentUrl\":\"https:\\\/\\\/www.bellunopress.it\\\/wp-content\\\/uploads\\\/2011\\\/05\\\/cropped-logo-bellunopress-.jpg\",\"width\":512,\"height\":512,\"caption\":\"Bellunopress\"},\"image\":{\"@id\":\"https:\\\/\\\/www.bellunopress.it\\\/#\\\/schema\\\/logo\\\/image\\\/\"},\"sameAs\":[\"https:\\\/\\\/www.facebook.com\\\/profile.php?id=100008943462799\",\"https:\\\/\\\/x.com\\\/bellunopress\",\"https:\\\/\\\/www.linkedin.com\\\/hp\\\/?dnr=JBzUWaJfMUw8vbXJJ2tVW5-I3jZKvC4wsoxE&amp;amp;amp;amp;amp;amp;trk=nav_responsive_tab_home\",\"https:\\\/\\\/www.youtube.com\\\/channel\\\/UCxL0wu1uN0_3_7hGG0306cw\"]},{\"@type\":\"Person\",\"@id\":\"https:\\\/\\\/www.bellunopress.it\\\/#\\\/schema\\\/person\\\/79bb06722b37ece1c03d3e94beb30d73\",\"name\":\"redazione\",\"image\":{\"@type\":\"ImageObject\",\"inLanguage\":\"fr-FR\",\"@id\":\"https:\\\/\\\/secure.gravatar.com\\\/avatar\\\/37d968a2e67a6fd04c169c4bdef102d0bc5d31b2546345219e348575eb80e9a0?s=96&d=mm&r=g\",\"url\":\"https:\\\/\\\/secure.gravatar.com\\\/avatar\\\/37d968a2e67a6fd04c169c4bdef102d0bc5d31b2546345219e348575eb80e9a0?s=96&d=mm&r=g\",\"contentUrl\":\"https:\\\/\\\/secure.gravatar.com\\\/avatar\\\/37d968a2e67a6fd04c169c4bdef102d0bc5d31b2546345219e348575eb80e9a0?s=96&d=mm&r=g\",\"caption\":\"redazione\"},\"sameAs\":[\"http:\\\/\\\/www.bellunopress.it\",\"https:\\\/\\\/x.com\\\/bellunopress\"],\"url\":\"https:\\\/\\\/www.bellunopress.it\\\/fr\\\/author\\\/redazione\\\/\"}]}<\/script>\n<!-- \/ Yoast SEO plugin. -->","yoast_head_json":{"title":"CaiInform: ad Agordo le premiazioni per la dodicesima edizione del Pelmo d'Oro - Bellunopress - Dolomiti","robots":{"index":"index","follow":"follow","max-snippet":"max-snippet:-1","max-image-preview":"max-image-preview:large","max-video-preview":"max-video-preview:-1"},"canonical":"https:\/\/www.bellunopress.it\/fr\/2009\/07\/22\/caiinform-ad-agordo-le-premiazioni-per-la-dodicesima-edizione-del-pelmo-doro\/","og_locale":"fr_FR","og_type":"article","og_title":"CaiInform: ad Agordo le premiazioni per la dodicesima edizione del Pelmo d'Oro - Bellunopress - Dolomiti","og_description":"Speciale \u201cPelmo d\u2019oro\u201d ad Agordo. Ecco tutte le iniziative per i festeggiamenti. Nel fine settimana, Agordo si appresta \u2013 con orgoglio \u2013 ad ospitare la dodicesima edizione del prestigioso Premio \u201cPelmo d\u2019Oro\u201d. Oltre all\u2019evento principale ed alle premiazioni ufficiali che si svolgeranno sabato 25 luglio, \u00e8 in programma anche un nutrito carnet di manifestazioni collegate. [&hellip;]","og_url":"https:\/\/www.bellunopress.it\/fr\/2009\/07\/22\/caiinform-ad-agordo-le-premiazioni-per-la-dodicesima-edizione-del-pelmo-doro\/","og_site_name":"Bellunopress - Dolomiti","article_publisher":"https:\/\/www.facebook.com\/profile.php?id=100008943462799","article_published_time":"2009-07-22T10:33:11+00:00","og_image":[{"url":"http:\/\/www.bellunopress.it\/wp-content\/uploads\/2012\/07\/logo-bellunopress-250x250-2012.jpg","type":"","width":"","height":""}],"author":"redazione","twitter_card":"summary_large_image","twitter_creator":"@bellunopress","twitter_site":"@bellunopress","twitter_misc":{"\u00c9crit par":"redazione","Dur\u00e9e de lecture estim\u00e9e":"2 minutes"},"schema":{"@context":"https:\/\/schema.org","@graph":[{"@type":"Article","@id":"https:\/\/www.bellunopress.it\/2009\/07\/22\/caiinform-ad-agordo-le-premiazioni-per-la-dodicesima-edizione-del-pelmo-doro\/#article","isPartOf":{"@id":"https:\/\/www.bellunopress.it\/2009\/07\/22\/caiinform-ad-agordo-le-premiazioni-per-la-dodicesima-edizione-del-pelmo-doro\/"},"author":{"name":"redazione","@id":"https:\/\/www.bellunopress.it\/#\/schema\/person\/79bb06722b37ece1c03d3e94beb30d73"},"headline":"CaiInform: ad Agordo le premiazioni per la dodicesima edizione del Pelmo d&#8217;Oro","datePublished":"2009-07-22T10:33:11+00:00","mainEntityOfPage":{"@id":"https:\/\/www.bellunopress.it\/2009\/07\/22\/caiinform-ad-agordo-le-premiazioni-per-la-dodicesima-edizione-del-pelmo-doro\/"},"wordCount":442,"publisher":{"@id":"https:\/\/www.bellunopress.it\/#organization"},"keywords":["Belluno","Cadore","Dolomiti","Feltre"],"articleSection":["Arte, Cultura, Spettacoli, Scienza","Meteo, natura, ambiente, animali","Pausa Caff\u00e8"],"inLanguage":"fr-FR"},{"@type":"WebPage","@id":"https:\/\/www.bellunopress.it\/2009\/07\/22\/caiinform-ad-agordo-le-premiazioni-per-la-dodicesima-edizione-del-pelmo-doro\/","url":"https:\/\/www.bellunopress.it\/2009\/07\/22\/caiinform-ad-agordo-le-premiazioni-per-la-dodicesima-edizione-del-pelmo-doro\/","name":"CaiInform: ad Agordo le premiazioni per la dodicesima edizione del Pelmo d'Oro - Bellunopress - Dolomiti","isPartOf":{"@id":"https:\/\/www.bellunopress.it\/#website"},"datePublished":"2009-07-22T10:33:11+00:00","breadcrumb":{"@id":"https:\/\/www.bellunopress.it\/2009\/07\/22\/caiinform-ad-agordo-le-premiazioni-per-la-dodicesima-edizione-del-pelmo-doro\/#breadcrumb"},"inLanguage":"fr-FR","potentialAction":[{"@type":"ReadAction","target":["https:\/\/www.bellunopress.it\/2009\/07\/22\/caiinform-ad-agordo-le-premiazioni-per-la-dodicesima-edizione-del-pelmo-doro\/"]}]},{"@type":"BreadcrumbList","@id":"https:\/\/www.bellunopress.it\/2009\/07\/22\/caiinform-ad-agordo-le-premiazioni-per-la-dodicesima-edizione-del-pelmo-doro\/#breadcrumb","itemListElement":[{"@type":"ListItem","position":1,"name":"Home","item":"https:\/\/www.bellunopress.it\/"},{"@type":"ListItem","position":2,"name":"CaiInform: ad Agordo le premiazioni per la dodicesima edizione del Pelmo d&#8217;Oro"}]},{"@type":"WebSite","@id":"https:\/\/www.bellunopress.it\/#website","url":"https:\/\/www.bellunopress.it\/","name":"Bellunopress - Dolomiti","description":"e-mail: redazione@bellunopress.it","publisher":{"@id":"https:\/\/www.bellunopress.it\/#organization"},"potentialAction":[{"@type":"SearchAction","target":{"@type":"EntryPoint","urlTemplate":"https:\/\/www.bellunopress.it\/?s={search_term_string}"},"query-input":{"@type":"PropertyValueSpecification","valueRequired":true,"valueName":"search_term_string"}}],"inLanguage":"fr-FR"},{"@type":"Organization","@id":"https:\/\/www.bellunopress.it\/#organization","name":"Bellunopress","url":"https:\/\/www.bellunopress.it\/","logo":{"@type":"ImageObject","inLanguage":"fr-FR","@id":"https:\/\/www.bellunopress.it\/#\/schema\/logo\/image\/","url":"https:\/\/www.bellunopress.it\/wp-content\/uploads\/2011\/05\/cropped-logo-bellunopress-.jpg","contentUrl":"https:\/\/www.bellunopress.it\/wp-content\/uploads\/2011\/05\/cropped-logo-bellunopress-.jpg","width":512,"height":512,"caption":"Bellunopress"},"image":{"@id":"https:\/\/www.bellunopress.it\/#\/schema\/logo\/image\/"},"sameAs":["https:\/\/www.facebook.com\/profile.php?id=100008943462799","https:\/\/x.com\/bellunopress","https:\/\/www.linkedin.com\/hp\/?dnr=JBzUWaJfMUw8vbXJJ2tVW5-I3jZKvC4wsoxE&amp;amp;amp;amp;amp;amp;trk=nav_responsive_tab_home","https:\/\/www.youtube.com\/channel\/UCxL0wu1uN0_3_7hGG0306cw"]},{"@type":"Person","@id":"https:\/\/www.bellunopress.it\/#\/schema\/person\/79bb06722b37ece1c03d3e94beb30d73","name":"r\u00e9daction","image":{"@type":"ImageObject","inLanguage":"fr-FR","@id":"https:\/\/secure.gravatar.com\/avatar\/37d968a2e67a6fd04c169c4bdef102d0bc5d31b2546345219e348575eb80e9a0?s=96&d=mm&r=g","url":"https:\/\/secure.gravatar.com\/avatar\/37d968a2e67a6fd04c169c4bdef102d0bc5d31b2546345219e348575eb80e9a0?s=96&d=mm&r=g","contentUrl":"https:\/\/secure.gravatar.com\/avatar\/37d968a2e67a6fd04c169c4bdef102d0bc5d31b2546345219e348575eb80e9a0?s=96&d=mm&r=g","caption":"redazione"},"sameAs":["http:\/\/www.bellunopress.it","https:\/\/x.com\/bellunopress"],"url":"https:\/\/www.bellunopress.it\/fr\/author\/redazione\/"}]}},"_links":{"self":[{"href":"https:\/\/www.bellunopress.it\/fr\/wp-json\/wp\/v2\/posts\/6256","targetHints":{"allow":["GET"]}}],"collection":[{"href":"https:\/\/www.bellunopress.it\/fr\/wp-json\/wp\/v2\/posts"}],"about":[{"href":"https:\/\/www.bellunopress.it\/fr\/wp-json\/wp\/v2\/types\/post"}],"author":[{"embeddable":true,"href":"https:\/\/www.bellunopress.it\/fr\/wp-json\/wp\/v2\/users\/2"}],"replies":[{"embeddable":true,"href":"https:\/\/www.bellunopress.it\/fr\/wp-json\/wp\/v2\/comments?post=6256"}],"version-history":[{"count":1,"href":"https:\/\/www.bellunopress.it\/fr\/wp-json\/wp\/v2\/posts\/6256\/revisions"}],"predecessor-version":[{"id":6257,"href":"https:\/\/www.bellunopress.it\/fr\/wp-json\/wp\/v2\/posts\/6256\/revisions\/6257"}],"wp:attachment":[{"href":"https:\/\/www.bellunopress.it\/fr\/wp-json\/wp\/v2\/media?parent=6256"}],"wp:term":[{"taxonomy":"category","embeddable":true,"href":"https:\/\/www.bellunopress.it\/fr\/wp-json\/wp\/v2\/categories?post=6256"},{"taxonomy":"post_tag","embeddable":true,"href":"https:\/\/www.bellunopress.it\/fr\/wp-json\/wp\/v2\/tags?post=6256"}],"curies":[{"name":"wp","href":"https:\/\/api.w.org\/{rel}","templated":true}]}}