{"id":6239,"date":"2009-07-22T00:33:33","date_gmt":"2009-07-21T23:33:33","guid":{"rendered":"http:\/\/www.bellunopress.it\/?p=6239"},"modified":"2009-07-22T09:27:30","modified_gmt":"2009-07-22T08:27:30","slug":"i-collaboratori-del-gazzettino-di-belluno-incrociano-le-braccia-e-chiedono-un-incontro-con-i-vertici-dellazienda","status":"publish","type":"post","link":"https:\/\/www.bellunopress.it\/fr\/2009\/07\/22\/i-collaboratori-del-gazzettino-di-belluno-incrociano-le-braccia-e-chiedono-un-incontro-con-i-vertici-dellazienda\/","title":{"rendered":"I collaboratori del Gazzettino di Belluno incrociano le braccia e chiedono un incontro con i vertici dell&#8217;azienda"},"content":{"rendered":"<p><a href=\"http:\/\/www.bellunopress.it\/wp-content\/uploads\/2009\/07\/pugno-leggera1.jpg\"><img loading=\"lazy\" decoding=\"async\" class=\"alignleft size-medium wp-image-6249\" title=\"pugno-leggera1\" src=\"http:\/\/www.bellunopress.it\/wp-content\/uploads\/2009\/07\/pugno-leggera1.jpg\" alt=\"\" width=\"270\" height=\"217\" \/><\/a>Un contratto ancora pi\u00f9 penalizzante per una categoria gi\u00e0 oltremodo &#8220;flessibile&#8221;. Non invieranno pezzi al giornale fino a domenica prossima 31 collaboratori del Gazzettino di Belluno. Pubblichiamo il loro comunicato nel quale spiegano le ragioni di quello che potrebbe essere registrato come il primo sciopero nella storia dei collaboratori. &#8220;Dopo giorni di inutile attesa, con tristezza e stupore il gruppo di collaboratori de \u201cIl Gazzettino\u201d di Belluno \u00e8 costretto a registrare che da parte dei vertici dell&#8217;azienda cui marted\u00ec 14 luglio era stato chiesto un incontro urgente per discutere dei contenuti del contratto inviato in data 1. luglio 2009,\u00a0 a tutt&#8217;oggi, ore 23 di marted\u00ec 21 luglio, cio\u00e8 a pi\u00f9 di una settimana di distanza, non \u00e8\u00a0 ancora arrivata alcuna risposta n\u00e9 un&#8217;ipotesi di data per un eventuale incontro.\u00a0 In questo periodo, i collaboratori succitati si sono impegnati come al solito per dare dignit\u00e0 e forza al giornale, seguendo con professionalit\u00e0 e dedizione anche i tragici eventi verificatisi a Borca di Cadore garantendo a quanti, dalla redazione, coordinavano il lavoro, di poter firmare un&#8217;edizione eccellente, capace di rendere conto con seriet\u00e0, professionalit\u00e0 e completezza di quanto accaduto. Anche in questa occasione, ma la prossima potrebbe essere dietro l&#8217;angolo, \u00e8 stato possibile toccare con mano quanto la capillarit\u00e0 dei collaboratori sparsi sul territorio sia uno dei punti di forza del nostro giornale. Quel fiore all&#8217;occhiello che, anche nell&#8217; incontro avuto dai collaboratori di Belluno in occasione delle feste natalizie del 2008, il direttore Roberto Papetti ha definito come \u201credazione allargata\u201d. Per il silenzio registrato in questi giorni, dunque, con l&#8217;unico scopo di continuare a cercare di far sentire, questa volta con altri mezzi, la propria voce, per ottenere la revisione del contratto proposto, per vedere riconosciuta dignit\u00e0 al proprio lavoro e per garantire quella qualit\u00e0 dell&#8217;informazione che in questi anni ha sempre cercato di offrire, il gruppo dei collaboratori in calce comunica che da domani, mercoled\u00ec 22 luglio, e sino a domenica 26 luglio, non invier\u00e0 alcun pezzo alla redazione di Belluno.\u00a0 Rimaniamo in attesa, come peraltro gi\u00e0 richiesto, ci venga concesso un incontro&#8221;.<br \/>\nSeguono 31 firme<\/p>","protected":false},"excerpt":{"rendered":"<p>Un contratto ancora pi\u00f9 penalizzante per una categoria gi\u00e0 oltremodo &#8220;flessibile&#8221;. Non invieranno pezzi al giornale fino a domenica prossima 31 collaboratori del Gazzettino di Belluno. Pubblichiamo il loro comunicato nel quale spiegano le ragioni di quello che potrebbe essere registrato come il primo sciopero nella storia dei collaboratori. &#8220;Dopo giorni di inutile attesa, con [&hellip;]<\/p>\n","protected":false},"author":2,"featured_media":0,"comment_status":"closed","ping_status":"closed","sticky":false,"template":"","format":"standard","meta":{"footnotes":""},"categories":[5,36],"tags":[139,151],"class_list":["post-6239","post","type-post","status-publish","format-standard","category-cronaca","category-lavoro-economia","tag-belluno","tag-cadore"],"yoast_head":"<!-- This site is optimized with the Yoast SEO plugin v28.4 - https:\/\/yoast.com\/product\/yoast-seo-wordpress\/ -->\n<title>I collaboratori del Gazzettino di Belluno incrociano le braccia e chiedono un incontro con i vertici dell&#039;azienda - Bellunopress - Dolomiti<\/title>\n<meta name=\"robots\" content=\"index, follow, max-snippet:-1, max-image-preview:large, max-video-preview:-1\" \/>\n<link rel=\"canonical\" href=\"https:\/\/www.bellunopress.it\/fr\/2009\/07\/22\/i-collaboratori-del-gazzettino-di-belluno-incrociano-le-braccia-e-chiedono-un-incontro-con-i-vertici-dellazienda\/\" \/>\n<meta property=\"og:locale\" content=\"fr_FR\" \/>\n<meta property=\"og:type\" content=\"article\" \/>\n<meta property=\"og:title\" content=\"I collaboratori del Gazzettino di Belluno incrociano le braccia e chiedono un incontro con i vertici dell&#039;azienda - Bellunopress - Dolomiti\" \/>\n<meta property=\"og:description\" content=\"Un contratto ancora pi\u00f9 penalizzante per una categoria gi\u00e0 oltremodo &#8220;flessibile&#8221;. Non invieranno pezzi al giornale fino a domenica prossima 31 collaboratori del Gazzettino di Belluno. Pubblichiamo il loro comunicato nel quale spiegano le ragioni di quello che potrebbe essere registrato come il primo sciopero nella storia dei collaboratori. &#8220;Dopo giorni di inutile attesa, con [&hellip;]\" \/>\n<meta property=\"og:url\" content=\"https:\/\/www.bellunopress.it\/fr\/2009\/07\/22\/i-collaboratori-del-gazzettino-di-belluno-incrociano-le-braccia-e-chiedono-un-incontro-con-i-vertici-dellazienda\/\" \/>\n<meta property=\"og:site_name\" content=\"Bellunopress - Dolomiti\" \/>\n<meta property=\"article:publisher\" content=\"https:\/\/www.facebook.com\/profile.php?id=100008943462799\" \/>\n<meta property=\"article:published_time\" content=\"2009-07-21T23:33:33+00:00\" \/>\n<meta property=\"article:modified_time\" content=\"2009-07-22T08:27:30+00:00\" \/>\n<meta property=\"og:image\" content=\"http:\/\/www.bellunopress.it\/wp-content\/uploads\/2009\/07\/pugno-leggera1.jpg\" \/>\n<meta name=\"author\" content=\"redazione\" \/>\n<meta name=\"twitter:card\" content=\"summary_large_image\" \/>\n<meta name=\"twitter:creator\" content=\"@bellunopress\" \/>\n<meta name=\"twitter:site\" content=\"@bellunopress\" \/>\n<meta name=\"twitter:label1\" content=\"\u00c9crit par\" \/>\n\t<meta name=\"twitter:data1\" content=\"redazione\" \/>\n\t<meta name=\"twitter:label2\" content=\"Dur\u00e9e de lecture estim\u00e9e\" \/>\n\t<meta name=\"twitter:data2\" content=\"2 minutes\" \/>\n<script type=\"application\/ld+json\" class=\"yoast-schema-graph\">{\"@context\":\"https:\\\/\\\/schema.org\",\"@graph\":[{\"@type\":\"Article\",\"@id\":\"https:\\\/\\\/www.bellunopress.it\\\/2009\\\/07\\\/22\\\/i-collaboratori-del-gazzettino-di-belluno-incrociano-le-braccia-e-chiedono-un-incontro-con-i-vertici-dellazienda\\\/#article\",\"isPartOf\":{\"@id\":\"https:\\\/\\\/www.bellunopress.it\\\/2009\\\/07\\\/22\\\/i-collaboratori-del-gazzettino-di-belluno-incrociano-le-braccia-e-chiedono-un-incontro-con-i-vertici-dellazienda\\\/\"},\"author\":{\"name\":\"redazione\",\"@id\":\"https:\\\/\\\/www.bellunopress.it\\\/#\\\/schema\\\/person\\\/79bb06722b37ece1c03d3e94beb30d73\"},\"headline\":\"I collaboratori del Gazzettino di Belluno incrociano le braccia e chiedono un incontro con i vertici dell&#8217;azienda\",\"datePublished\":\"2009-07-21T23:33:33+00:00\",\"dateModified\":\"2009-07-22T08:27:30+00:00\",\"mainEntityOfPage\":{\"@id\":\"https:\\\/\\\/www.bellunopress.it\\\/2009\\\/07\\\/22\\\/i-collaboratori-del-gazzettino-di-belluno-incrociano-le-braccia-e-chiedono-un-incontro-con-i-vertici-dellazienda\\\/\"},\"wordCount\":359,\"publisher\":{\"@id\":\"https:\\\/\\\/www.bellunopress.it\\\/#organization\"},\"image\":{\"@id\":\"https:\\\/\\\/www.bellunopress.it\\\/2009\\\/07\\\/22\\\/i-collaboratori-del-gazzettino-di-belluno-incrociano-le-braccia-e-chiedono-un-incontro-con-i-vertici-dellazienda\\\/#primaryimage\"},\"thumbnailUrl\":\"http:\\\/\\\/www.bellunopress.it\\\/wp-content\\\/uploads\\\/2009\\\/07\\\/pugno-leggera1.jpg\",\"keywords\":[\"Belluno\",\"Cadore\"],\"articleSection\":[\"Cronaca\\\/Politica\",\"Lavoro, Economia, Turismo\"],\"inLanguage\":\"fr-FR\"},{\"@type\":\"WebPage\",\"@id\":\"https:\\\/\\\/www.bellunopress.it\\\/2009\\\/07\\\/22\\\/i-collaboratori-del-gazzettino-di-belluno-incrociano-le-braccia-e-chiedono-un-incontro-con-i-vertici-dellazienda\\\/\",\"url\":\"https:\\\/\\\/www.bellunopress.it\\\/2009\\\/07\\\/22\\\/i-collaboratori-del-gazzettino-di-belluno-incrociano-le-braccia-e-chiedono-un-incontro-con-i-vertici-dellazienda\\\/\",\"name\":\"I collaboratori del Gazzettino di Belluno incrociano le braccia e chiedono un incontro con i vertici dell'azienda - Bellunopress - Dolomiti\",\"isPartOf\":{\"@id\":\"https:\\\/\\\/www.bellunopress.it\\\/#website\"},\"primaryImageOfPage\":{\"@id\":\"https:\\\/\\\/www.bellunopress.it\\\/2009\\\/07\\\/22\\\/i-collaboratori-del-gazzettino-di-belluno-incrociano-le-braccia-e-chiedono-un-incontro-con-i-vertici-dellazienda\\\/#primaryimage\"},\"image\":{\"@id\":\"https:\\\/\\\/www.bellunopress.it\\\/2009\\\/07\\\/22\\\/i-collaboratori-del-gazzettino-di-belluno-incrociano-le-braccia-e-chiedono-un-incontro-con-i-vertici-dellazienda\\\/#primaryimage\"},\"thumbnailUrl\":\"http:\\\/\\\/www.bellunopress.it\\\/wp-content\\\/uploads\\\/2009\\\/07\\\/pugno-leggera1.jpg\",\"datePublished\":\"2009-07-21T23:33:33+00:00\",\"dateModified\":\"2009-07-22T08:27:30+00:00\",\"breadcrumb\":{\"@id\":\"https:\\\/\\\/www.bellunopress.it\\\/2009\\\/07\\\/22\\\/i-collaboratori-del-gazzettino-di-belluno-incrociano-le-braccia-e-chiedono-un-incontro-con-i-vertici-dellazienda\\\/#breadcrumb\"},\"inLanguage\":\"fr-FR\",\"potentialAction\":[{\"@type\":\"ReadAction\",\"target\":[\"https:\\\/\\\/www.bellunopress.it\\\/2009\\\/07\\\/22\\\/i-collaboratori-del-gazzettino-di-belluno-incrociano-le-braccia-e-chiedono-un-incontro-con-i-vertici-dellazienda\\\/\"]}]},{\"@type\":\"ImageObject\",\"inLanguage\":\"fr-FR\",\"@id\":\"https:\\\/\\\/www.bellunopress.it\\\/2009\\\/07\\\/22\\\/i-collaboratori-del-gazzettino-di-belluno-incrociano-le-braccia-e-chiedono-un-incontro-con-i-vertici-dellazienda\\\/#primaryimage\",\"url\":\"http:\\\/\\\/www.bellunopress.it\\\/wp-content\\\/uploads\\\/2009\\\/07\\\/pugno-leggera1.jpg\",\"contentUrl\":\"http:\\\/\\\/www.bellunopress.it\\\/wp-content\\\/uploads\\\/2009\\\/07\\\/pugno-leggera1.jpg\"},{\"@type\":\"BreadcrumbList\",\"@id\":\"https:\\\/\\\/www.bellunopress.it\\\/2009\\\/07\\\/22\\\/i-collaboratori-del-gazzettino-di-belluno-incrociano-le-braccia-e-chiedono-un-incontro-con-i-vertici-dellazienda\\\/#breadcrumb\",\"itemListElement\":[{\"@type\":\"ListItem\",\"position\":1,\"name\":\"Home\",\"item\":\"https:\\\/\\\/www.bellunopress.it\\\/\"},{\"@type\":\"ListItem\",\"position\":2,\"name\":\"I collaboratori del Gazzettino di Belluno incrociano le braccia e chiedono un incontro con i vertici dell&#8217;azienda\"}]},{\"@type\":\"WebSite\",\"@id\":\"https:\\\/\\\/www.bellunopress.it\\\/#website\",\"url\":\"https:\\\/\\\/www.bellunopress.it\\\/\",\"name\":\"Bellunopress - Dolomiti\",\"description\":\"e-mail: redazione@bellunopress.it\",\"publisher\":{\"@id\":\"https:\\\/\\\/www.bellunopress.it\\\/#organization\"},\"potentialAction\":[{\"@type\":\"SearchAction\",\"target\":{\"@type\":\"EntryPoint\",\"urlTemplate\":\"https:\\\/\\\/www.bellunopress.it\\\/?s={search_term_string}\"},\"query-input\":{\"@type\":\"PropertyValueSpecification\",\"valueRequired\":true,\"valueName\":\"search_term_string\"}}],\"inLanguage\":\"fr-FR\"},{\"@type\":\"Organization\",\"@id\":\"https:\\\/\\\/www.bellunopress.it\\\/#organization\",\"name\":\"Bellunopress\",\"url\":\"https:\\\/\\\/www.bellunopress.it\\\/\",\"logo\":{\"@type\":\"ImageObject\",\"inLanguage\":\"fr-FR\",\"@id\":\"https:\\\/\\\/www.bellunopress.it\\\/#\\\/schema\\\/logo\\\/image\\\/\",\"url\":\"https:\\\/\\\/www.bellunopress.it\\\/wp-content\\\/uploads\\\/2011\\\/05\\\/cropped-logo-bellunopress-.jpg\",\"contentUrl\":\"https:\\\/\\\/www.bellunopress.it\\\/wp-content\\\/uploads\\\/2011\\\/05\\\/cropped-logo-bellunopress-.jpg\",\"width\":512,\"height\":512,\"caption\":\"Bellunopress\"},\"image\":{\"@id\":\"https:\\\/\\\/www.bellunopress.it\\\/#\\\/schema\\\/logo\\\/image\\\/\"},\"sameAs\":[\"https:\\\/\\\/www.facebook.com\\\/profile.php?id=100008943462799\",\"https:\\\/\\\/x.com\\\/bellunopress\",\"https:\\\/\\\/www.linkedin.com\\\/hp\\\/?dnr=JBzUWaJfMUw8vbXJJ2tVW5-I3jZKvC4wsoxE&amp;amp;amp;amp;amp;amp;trk=nav_responsive_tab_home\",\"https:\\\/\\\/www.youtube.com\\\/channel\\\/UCxL0wu1uN0_3_7hGG0306cw\"]},{\"@type\":\"Person\",\"@id\":\"https:\\\/\\\/www.bellunopress.it\\\/#\\\/schema\\\/person\\\/79bb06722b37ece1c03d3e94beb30d73\",\"name\":\"redazione\",\"image\":{\"@type\":\"ImageObject\",\"inLanguage\":\"fr-FR\",\"@id\":\"https:\\\/\\\/secure.gravatar.com\\\/avatar\\\/37d968a2e67a6fd04c169c4bdef102d0bc5d31b2546345219e348575eb80e9a0?s=96&d=mm&r=g\",\"url\":\"https:\\\/\\\/secure.gravatar.com\\\/avatar\\\/37d968a2e67a6fd04c169c4bdef102d0bc5d31b2546345219e348575eb80e9a0?s=96&d=mm&r=g\",\"contentUrl\":\"https:\\\/\\\/secure.gravatar.com\\\/avatar\\\/37d968a2e67a6fd04c169c4bdef102d0bc5d31b2546345219e348575eb80e9a0?s=96&d=mm&r=g\",\"caption\":\"redazione\"},\"sameAs\":[\"http:\\\/\\\/www.bellunopress.it\",\"https:\\\/\\\/x.com\\\/bellunopress\"],\"url\":\"https:\\\/\\\/www.bellunopress.it\\\/fr\\\/author\\\/redazione\\\/\"}]}<\/script>\n<!-- \/ Yoast SEO plugin. -->","yoast_head_json":{"title":"I collaboratori del Gazzettino di Belluno incrociano le braccia e chiedono un incontro con i vertici dell'azienda - Bellunopress - Dolomiti","robots":{"index":"index","follow":"follow","max-snippet":"max-snippet:-1","max-image-preview":"max-image-preview:large","max-video-preview":"max-video-preview:-1"},"canonical":"https:\/\/www.bellunopress.it\/fr\/2009\/07\/22\/i-collaboratori-del-gazzettino-di-belluno-incrociano-le-braccia-e-chiedono-un-incontro-con-i-vertici-dellazienda\/","og_locale":"fr_FR","og_type":"article","og_title":"I collaboratori del Gazzettino di Belluno incrociano le braccia e chiedono un incontro con i vertici dell'azienda - Bellunopress - Dolomiti","og_description":"Un contratto ancora pi\u00f9 penalizzante per una categoria gi\u00e0 oltremodo &#8220;flessibile&#8221;. Non invieranno pezzi al giornale fino a domenica prossima 31 collaboratori del Gazzettino di Belluno. Pubblichiamo il loro comunicato nel quale spiegano le ragioni di quello che potrebbe essere registrato come il primo sciopero nella storia dei collaboratori. &#8220;Dopo giorni di inutile attesa, con [&hellip;]","og_url":"https:\/\/www.bellunopress.it\/fr\/2009\/07\/22\/i-collaboratori-del-gazzettino-di-belluno-incrociano-le-braccia-e-chiedono-un-incontro-con-i-vertici-dellazienda\/","og_site_name":"Bellunopress - Dolomiti","article_publisher":"https:\/\/www.facebook.com\/profile.php?id=100008943462799","article_published_time":"2009-07-21T23:33:33+00:00","article_modified_time":"2009-07-22T08:27:30+00:00","og_image":[{"url":"http:\/\/www.bellunopress.it\/wp-content\/uploads\/2009\/07\/pugno-leggera1.jpg","type":"","width":"","height":""}],"author":"redazione","twitter_card":"summary_large_image","twitter_creator":"@bellunopress","twitter_site":"@bellunopress","twitter_misc":{"\u00c9crit par":"redazione","Dur\u00e9e de lecture estim\u00e9e":"2 minutes"},"schema":{"@context":"https:\/\/schema.org","@graph":[{"@type":"Article","@id":"https:\/\/www.bellunopress.it\/2009\/07\/22\/i-collaboratori-del-gazzettino-di-belluno-incrociano-le-braccia-e-chiedono-un-incontro-con-i-vertici-dellazienda\/#article","isPartOf":{"@id":"https:\/\/www.bellunopress.it\/2009\/07\/22\/i-collaboratori-del-gazzettino-di-belluno-incrociano-le-braccia-e-chiedono-un-incontro-con-i-vertici-dellazienda\/"},"author":{"name":"redazione","@id":"https:\/\/www.bellunopress.it\/#\/schema\/person\/79bb06722b37ece1c03d3e94beb30d73"},"headline":"I collaboratori del Gazzettino di Belluno incrociano le braccia e chiedono un incontro con i vertici dell&#8217;azienda","datePublished":"2009-07-21T23:33:33+00:00","dateModified":"2009-07-22T08:27:30+00:00","mainEntityOfPage":{"@id":"https:\/\/www.bellunopress.it\/2009\/07\/22\/i-collaboratori-del-gazzettino-di-belluno-incrociano-le-braccia-e-chiedono-un-incontro-con-i-vertici-dellazienda\/"},"wordCount":359,"publisher":{"@id":"https:\/\/www.bellunopress.it\/#organization"},"image":{"@id":"https:\/\/www.bellunopress.it\/2009\/07\/22\/i-collaboratori-del-gazzettino-di-belluno-incrociano-le-braccia-e-chiedono-un-incontro-con-i-vertici-dellazienda\/#primaryimage"},"thumbnailUrl":"http:\/\/www.bellunopress.it\/wp-content\/uploads\/2009\/07\/pugno-leggera1.jpg","keywords":["Belluno","Cadore"],"articleSection":["Cronaca\/Politica","Lavoro, Economia, Turismo"],"inLanguage":"fr-FR"},{"@type":"WebPage","@id":"https:\/\/www.bellunopress.it\/2009\/07\/22\/i-collaboratori-del-gazzettino-di-belluno-incrociano-le-braccia-e-chiedono-un-incontro-con-i-vertici-dellazienda\/","url":"https:\/\/www.bellunopress.it\/2009\/07\/22\/i-collaboratori-del-gazzettino-di-belluno-incrociano-le-braccia-e-chiedono-un-incontro-con-i-vertici-dellazienda\/","name":"I collaboratori del Gazzettino di Belluno incrociano le braccia e chiedono un incontro con i vertici dell'azienda - Bellunopress - Dolomiti","isPartOf":{"@id":"https:\/\/www.bellunopress.it\/#website"},"primaryImageOfPage":{"@id":"https:\/\/www.bellunopress.it\/2009\/07\/22\/i-collaboratori-del-gazzettino-di-belluno-incrociano-le-braccia-e-chiedono-un-incontro-con-i-vertici-dellazienda\/#primaryimage"},"image":{"@id":"https:\/\/www.bellunopress.it\/2009\/07\/22\/i-collaboratori-del-gazzettino-di-belluno-incrociano-le-braccia-e-chiedono-un-incontro-con-i-vertici-dellazienda\/#primaryimage"},"thumbnailUrl":"http:\/\/www.bellunopress.it\/wp-content\/uploads\/2009\/07\/pugno-leggera1.jpg","datePublished":"2009-07-21T23:33:33+00:00","dateModified":"2009-07-22T08:27:30+00:00","breadcrumb":{"@id":"https:\/\/www.bellunopress.it\/2009\/07\/22\/i-collaboratori-del-gazzettino-di-belluno-incrociano-le-braccia-e-chiedono-un-incontro-con-i-vertici-dellazienda\/#breadcrumb"},"inLanguage":"fr-FR","potentialAction":[{"@type":"ReadAction","target":["https:\/\/www.bellunopress.it\/2009\/07\/22\/i-collaboratori-del-gazzettino-di-belluno-incrociano-le-braccia-e-chiedono-un-incontro-con-i-vertici-dellazienda\/"]}]},{"@type":"ImageObject","inLanguage":"fr-FR","@id":"https:\/\/www.bellunopress.it\/2009\/07\/22\/i-collaboratori-del-gazzettino-di-belluno-incrociano-le-braccia-e-chiedono-un-incontro-con-i-vertici-dellazienda\/#primaryimage","url":"http:\/\/www.bellunopress.it\/wp-content\/uploads\/2009\/07\/pugno-leggera1.jpg","contentUrl":"http:\/\/www.bellunopress.it\/wp-content\/uploads\/2009\/07\/pugno-leggera1.jpg"},{"@type":"BreadcrumbList","@id":"https:\/\/www.bellunopress.it\/2009\/07\/22\/i-collaboratori-del-gazzettino-di-belluno-incrociano-le-braccia-e-chiedono-un-incontro-con-i-vertici-dellazienda\/#breadcrumb","itemListElement":[{"@type":"ListItem","position":1,"name":"Home","item":"https:\/\/www.bellunopress.it\/"},{"@type":"ListItem","position":2,"name":"I collaboratori del Gazzettino di Belluno incrociano le braccia e chiedono un incontro con i vertici dell&#8217;azienda"}]},{"@type":"WebSite","@id":"https:\/\/www.bellunopress.it\/#website","url":"https:\/\/www.bellunopress.it\/","name":"Bellunopress - Dolomiti","description":"e-mail: redazione@bellunopress.it","publisher":{"@id":"https:\/\/www.bellunopress.it\/#organization"},"potentialAction":[{"@type":"SearchAction","target":{"@type":"EntryPoint","urlTemplate":"https:\/\/www.bellunopress.it\/?s={search_term_string}"},"query-input":{"@type":"PropertyValueSpecification","valueRequired":true,"valueName":"search_term_string"}}],"inLanguage":"fr-FR"},{"@type":"Organization","@id":"https:\/\/www.bellunopress.it\/#organization","name":"Bellunopress","url":"https:\/\/www.bellunopress.it\/","logo":{"@type":"ImageObject","inLanguage":"fr-FR","@id":"https:\/\/www.bellunopress.it\/#\/schema\/logo\/image\/","url":"https:\/\/www.bellunopress.it\/wp-content\/uploads\/2011\/05\/cropped-logo-bellunopress-.jpg","contentUrl":"https:\/\/www.bellunopress.it\/wp-content\/uploads\/2011\/05\/cropped-logo-bellunopress-.jpg","width":512,"height":512,"caption":"Bellunopress"},"image":{"@id":"https:\/\/www.bellunopress.it\/#\/schema\/logo\/image\/"},"sameAs":["https:\/\/www.facebook.com\/profile.php?id=100008943462799","https:\/\/x.com\/bellunopress","https:\/\/www.linkedin.com\/hp\/?dnr=JBzUWaJfMUw8vbXJJ2tVW5-I3jZKvC4wsoxE&amp;amp;amp;amp;amp;amp;trk=nav_responsive_tab_home","https:\/\/www.youtube.com\/channel\/UCxL0wu1uN0_3_7hGG0306cw"]},{"@type":"Person","@id":"https:\/\/www.bellunopress.it\/#\/schema\/person\/79bb06722b37ece1c03d3e94beb30d73","name":"r\u00e9daction","image":{"@type":"ImageObject","inLanguage":"fr-FR","@id":"https:\/\/secure.gravatar.com\/avatar\/37d968a2e67a6fd04c169c4bdef102d0bc5d31b2546345219e348575eb80e9a0?s=96&d=mm&r=g","url":"https:\/\/secure.gravatar.com\/avatar\/37d968a2e67a6fd04c169c4bdef102d0bc5d31b2546345219e348575eb80e9a0?s=96&d=mm&r=g","contentUrl":"https:\/\/secure.gravatar.com\/avatar\/37d968a2e67a6fd04c169c4bdef102d0bc5d31b2546345219e348575eb80e9a0?s=96&d=mm&r=g","caption":"redazione"},"sameAs":["http:\/\/www.bellunopress.it","https:\/\/x.com\/bellunopress"],"url":"https:\/\/www.bellunopress.it\/fr\/author\/redazione\/"}]}},"_links":{"self":[{"href":"https:\/\/www.bellunopress.it\/fr\/wp-json\/wp\/v2\/posts\/6239","targetHints":{"allow":["GET"]}}],"collection":[{"href":"https:\/\/www.bellunopress.it\/fr\/wp-json\/wp\/v2\/posts"}],"about":[{"href":"https:\/\/www.bellunopress.it\/fr\/wp-json\/wp\/v2\/types\/post"}],"author":[{"embeddable":true,"href":"https:\/\/www.bellunopress.it\/fr\/wp-json\/wp\/v2\/users\/2"}],"replies":[{"embeddable":true,"href":"https:\/\/www.bellunopress.it\/fr\/wp-json\/wp\/v2\/comments?post=6239"}],"version-history":[{"count":8,"href":"https:\/\/www.bellunopress.it\/fr\/wp-json\/wp\/v2\/posts\/6239\/revisions"}],"predecessor-version":[{"id":6242,"href":"https:\/\/www.bellunopress.it\/fr\/wp-json\/wp\/v2\/posts\/6239\/revisions\/6242"}],"wp:attachment":[{"href":"https:\/\/www.bellunopress.it\/fr\/wp-json\/wp\/v2\/media?parent=6239"}],"wp:term":[{"taxonomy":"category","embeddable":true,"href":"https:\/\/www.bellunopress.it\/fr\/wp-json\/wp\/v2\/categories?post=6239"},{"taxonomy":"post_tag","embeddable":true,"href":"https:\/\/www.bellunopress.it\/fr\/wp-json\/wp\/v2\/tags?post=6239"}],"curies":[{"name":"wp","href":"https:\/\/api.w.org\/{rel}","templated":true}]}}