{"id":6236,"date":"2009-07-22T00:05:10","date_gmt":"2009-07-21T23:05:10","guid":{"rendered":"http:\/\/www.bellunopress.it\/?p=6236"},"modified":"2009-07-22T00:05:10","modified_gmt":"2009-07-21T23:05:10","slug":"la-stampa-e-messner-riescono-a-far-ridere-anche-in-circostanze-tragiche","status":"publish","type":"post","link":"https:\/\/www.bellunopress.it\/fr\/2009\/07\/22\/la-stampa-e-messner-riescono-a-far-ridere-anche-in-circostanze-tragiche\/","title":{"rendered":"La stampa e Messner riescono a far ridere anche in circostanze tragiche"},"content":{"rendered":"<p><a href=\"http:\/\/www.bellunopress.it\/wp-content\/uploads\/2009\/07\/messner.jpg\"><img loading=\"lazy\" decoding=\"async\" class=\"alignleft size-medium wp-image-6237\" title=\"messner\" src=\"http:\/\/www.bellunopress.it\/wp-content\/uploads\/2009\/07\/messner.jpg\" alt=\"\" width=\"200\" height=\"162\" \/><\/a>Reinhold Messner mette in guardia tutti gli alpinisti. Accade in seguito all\u2019annuncio della morte della trentunenne Cristina Castagna, precipitata mentre scendeva dalla vetta del Broad Peak, nella catena del Karakorum in Pakistan. Ci pensano i giornali a distillare le gocce di saggezza dell\u2019alpinista-vate in questa tragica occasione. Chi pi\u00f9 di lui pu\u00f2 dare qualche saggio consiglio a chi \u00e8 ancora giovane e pieno di energie? Ma l\u2019effetto, nonostante la circostanza, \u00e8 esilarante. Testuale: \u2026<strong>dice Reinhold Messner, che mette in guardia tutti gli alpinisti da un errore che pu\u00f2 diventare tragico: \u201cabbandonare la sicurezza della terra di pianura\u201d<\/strong>. I giornali locali la riportano cos\u00ec, ben confezionata nella sua astrusit\u00e0 e ci mettono anche del loro. Restiamo in attesa di sapere cosa significa, ma un paio di ipotesi le facciamo ugualmente: \u201cabbandonare la sicurezza della terra di pianura\u201d (impeccabile l\u2019italiano di Messner\u2026 ya) \u00e8 l\u2019 errore, oppure \u00e8 il consiglio (impeccabile l\u2019articolista)? Altissima, purissima\u2026<\/p>","protected":false},"excerpt":{"rendered":"<p>Reinhold Messner mette in guardia tutti gli alpinisti. Accade in seguito all\u2019annuncio della morte della trentunenne Cristina Castagna, precipitata mentre scendeva dalla vetta del Broad Peak, nella catena del Karakorum in Pakistan. Ci pensano i giornali a distillare le gocce di saggezza dell\u2019alpinista-vate in questa tragica occasione. Chi pi\u00f9 di lui pu\u00f2 dare qualche saggio [&hellip;]<\/p>\n","protected":false},"author":2,"featured_media":0,"comment_status":"closed","ping_status":"open","sticky":false,"template":"","format":"standard","meta":{"footnotes":""},"categories":[38,25],"tags":[139],"class_list":["post-6236","post","type-post","status-publish","format-standard","category-natura-ambiente","category-pausa-caffe","tag-belluno"],"yoast_head":"<!-- This site is optimized with the Yoast SEO plugin v28.4 - https:\/\/yoast.com\/product\/yoast-seo-wordpress\/ -->\n<title>La stampa e Messner riescono a far ridere anche in circostanze tragiche - Bellunopress - Dolomiti<\/title>\n<meta name=\"robots\" content=\"index, follow, max-snippet:-1, max-image-preview:large, max-video-preview:-1\" \/>\n<link rel=\"canonical\" href=\"https:\/\/www.bellunopress.it\/fr\/2009\/07\/22\/la-stampa-e-messner-riescono-a-far-ridere-anche-in-circostanze-tragiche\/\" \/>\n<meta property=\"og:locale\" content=\"fr_FR\" \/>\n<meta property=\"og:type\" content=\"article\" \/>\n<meta property=\"og:title\" content=\"La stampa e Messner riescono a far ridere anche in circostanze tragiche - Bellunopress - Dolomiti\" \/>\n<meta property=\"og:description\" content=\"Reinhold Messner mette in guardia tutti gli alpinisti. Accade in seguito all\u2019annuncio della morte della trentunenne Cristina Castagna, precipitata mentre scendeva dalla vetta del Broad Peak, nella catena del Karakorum in Pakistan. Ci pensano i giornali a distillare le gocce di saggezza dell\u2019alpinista-vate in questa tragica occasione. Chi pi\u00f9 di lui pu\u00f2 dare qualche saggio [&hellip;]\" \/>\n<meta property=\"og:url\" content=\"https:\/\/www.bellunopress.it\/fr\/2009\/07\/22\/la-stampa-e-messner-riescono-a-far-ridere-anche-in-circostanze-tragiche\/\" \/>\n<meta property=\"og:site_name\" content=\"Bellunopress - Dolomiti\" \/>\n<meta property=\"article:publisher\" content=\"https:\/\/www.facebook.com\/profile.php?id=100008943462799\" \/>\n<meta property=\"article:published_time\" content=\"2009-07-21T23:05:10+00:00\" \/>\n<meta property=\"og:image\" content=\"http:\/\/www.bellunopress.it\/wp-content\/uploads\/2009\/07\/messner.jpg\" \/>\n<meta name=\"author\" content=\"redazione\" \/>\n<meta name=\"twitter:card\" content=\"summary_large_image\" \/>\n<meta name=\"twitter:creator\" content=\"@bellunopress\" \/>\n<meta name=\"twitter:site\" content=\"@bellunopress\" \/>\n<meta name=\"twitter:label1\" content=\"\u00c9crit par\" \/>\n\t<meta name=\"twitter:data1\" content=\"redazione\" \/>\n\t<meta name=\"twitter:label2\" content=\"Dur\u00e9e de lecture estim\u00e9e\" \/>\n\t<meta name=\"twitter:data2\" content=\"1 minute\" \/>\n<script type=\"application\/ld+json\" class=\"yoast-schema-graph\">{\"@context\":\"https:\\\/\\\/schema.org\",\"@graph\":[{\"@type\":\"Article\",\"@id\":\"https:\\\/\\\/www.bellunopress.it\\\/2009\\\/07\\\/22\\\/la-stampa-e-messner-riescono-a-far-ridere-anche-in-circostanze-tragiche\\\/#article\",\"isPartOf\":{\"@id\":\"https:\\\/\\\/www.bellunopress.it\\\/2009\\\/07\\\/22\\\/la-stampa-e-messner-riescono-a-far-ridere-anche-in-circostanze-tragiche\\\/\"},\"author\":{\"name\":\"redazione\",\"@id\":\"https:\\\/\\\/www.bellunopress.it\\\/#\\\/schema\\\/person\\\/79bb06722b37ece1c03d3e94beb30d73\"},\"headline\":\"La stampa e Messner riescono a far ridere anche in circostanze tragiche\",\"datePublished\":\"2009-07-21T23:05:10+00:00\",\"mainEntityOfPage\":{\"@id\":\"https:\\\/\\\/www.bellunopress.it\\\/2009\\\/07\\\/22\\\/la-stampa-e-messner-riescono-a-far-ridere-anche-in-circostanze-tragiche\\\/\"},\"wordCount\":165,\"publisher\":{\"@id\":\"https:\\\/\\\/www.bellunopress.it\\\/#organization\"},\"image\":{\"@id\":\"https:\\\/\\\/www.bellunopress.it\\\/2009\\\/07\\\/22\\\/la-stampa-e-messner-riescono-a-far-ridere-anche-in-circostanze-tragiche\\\/#primaryimage\"},\"thumbnailUrl\":\"http:\\\/\\\/www.bellunopress.it\\\/wp-content\\\/uploads\\\/2009\\\/07\\\/messner.jpg\",\"keywords\":[\"Belluno\"],\"articleSection\":[\"Meteo, natura, ambiente, animali\",\"Pausa Caff\u00e8\"],\"inLanguage\":\"fr-FR\"},{\"@type\":\"WebPage\",\"@id\":\"https:\\\/\\\/www.bellunopress.it\\\/2009\\\/07\\\/22\\\/la-stampa-e-messner-riescono-a-far-ridere-anche-in-circostanze-tragiche\\\/\",\"url\":\"https:\\\/\\\/www.bellunopress.it\\\/2009\\\/07\\\/22\\\/la-stampa-e-messner-riescono-a-far-ridere-anche-in-circostanze-tragiche\\\/\",\"name\":\"La stampa e Messner riescono a far ridere anche in circostanze tragiche - Bellunopress - Dolomiti\",\"isPartOf\":{\"@id\":\"https:\\\/\\\/www.bellunopress.it\\\/#website\"},\"primaryImageOfPage\":{\"@id\":\"https:\\\/\\\/www.bellunopress.it\\\/2009\\\/07\\\/22\\\/la-stampa-e-messner-riescono-a-far-ridere-anche-in-circostanze-tragiche\\\/#primaryimage\"},\"image\":{\"@id\":\"https:\\\/\\\/www.bellunopress.it\\\/2009\\\/07\\\/22\\\/la-stampa-e-messner-riescono-a-far-ridere-anche-in-circostanze-tragiche\\\/#primaryimage\"},\"thumbnailUrl\":\"http:\\\/\\\/www.bellunopress.it\\\/wp-content\\\/uploads\\\/2009\\\/07\\\/messner.jpg\",\"datePublished\":\"2009-07-21T23:05:10+00:00\",\"breadcrumb\":{\"@id\":\"https:\\\/\\\/www.bellunopress.it\\\/2009\\\/07\\\/22\\\/la-stampa-e-messner-riescono-a-far-ridere-anche-in-circostanze-tragiche\\\/#breadcrumb\"},\"inLanguage\":\"fr-FR\",\"potentialAction\":[{\"@type\":\"ReadAction\",\"target\":[\"https:\\\/\\\/www.bellunopress.it\\\/2009\\\/07\\\/22\\\/la-stampa-e-messner-riescono-a-far-ridere-anche-in-circostanze-tragiche\\\/\"]}]},{\"@type\":\"ImageObject\",\"inLanguage\":\"fr-FR\",\"@id\":\"https:\\\/\\\/www.bellunopress.it\\\/2009\\\/07\\\/22\\\/la-stampa-e-messner-riescono-a-far-ridere-anche-in-circostanze-tragiche\\\/#primaryimage\",\"url\":\"http:\\\/\\\/www.bellunopress.it\\\/wp-content\\\/uploads\\\/2009\\\/07\\\/messner.jpg\",\"contentUrl\":\"http:\\\/\\\/www.bellunopress.it\\\/wp-content\\\/uploads\\\/2009\\\/07\\\/messner.jpg\"},{\"@type\":\"BreadcrumbList\",\"@id\":\"https:\\\/\\\/www.bellunopress.it\\\/2009\\\/07\\\/22\\\/la-stampa-e-messner-riescono-a-far-ridere-anche-in-circostanze-tragiche\\\/#breadcrumb\",\"itemListElement\":[{\"@type\":\"ListItem\",\"position\":1,\"name\":\"Home\",\"item\":\"https:\\\/\\\/www.bellunopress.it\\\/\"},{\"@type\":\"ListItem\",\"position\":2,\"name\":\"La stampa e Messner riescono a far ridere anche in circostanze tragiche\"}]},{\"@type\":\"WebSite\",\"@id\":\"https:\\\/\\\/www.bellunopress.it\\\/#website\",\"url\":\"https:\\\/\\\/www.bellunopress.it\\\/\",\"name\":\"Bellunopress - Dolomiti\",\"description\":\"e-mail: redazione@bellunopress.it\",\"publisher\":{\"@id\":\"https:\\\/\\\/www.bellunopress.it\\\/#organization\"},\"potentialAction\":[{\"@type\":\"SearchAction\",\"target\":{\"@type\":\"EntryPoint\",\"urlTemplate\":\"https:\\\/\\\/www.bellunopress.it\\\/?s={search_term_string}\"},\"query-input\":{\"@type\":\"PropertyValueSpecification\",\"valueRequired\":true,\"valueName\":\"search_term_string\"}}],\"inLanguage\":\"fr-FR\"},{\"@type\":\"Organization\",\"@id\":\"https:\\\/\\\/www.bellunopress.it\\\/#organization\",\"name\":\"Bellunopress\",\"url\":\"https:\\\/\\\/www.bellunopress.it\\\/\",\"logo\":{\"@type\":\"ImageObject\",\"inLanguage\":\"fr-FR\",\"@id\":\"https:\\\/\\\/www.bellunopress.it\\\/#\\\/schema\\\/logo\\\/image\\\/\",\"url\":\"https:\\\/\\\/www.bellunopress.it\\\/wp-content\\\/uploads\\\/2011\\\/05\\\/cropped-logo-bellunopress-.jpg\",\"contentUrl\":\"https:\\\/\\\/www.bellunopress.it\\\/wp-content\\\/uploads\\\/2011\\\/05\\\/cropped-logo-bellunopress-.jpg\",\"width\":512,\"height\":512,\"caption\":\"Bellunopress\"},\"image\":{\"@id\":\"https:\\\/\\\/www.bellunopress.it\\\/#\\\/schema\\\/logo\\\/image\\\/\"},\"sameAs\":[\"https:\\\/\\\/www.facebook.com\\\/profile.php?id=100008943462799\",\"https:\\\/\\\/x.com\\\/bellunopress\",\"https:\\\/\\\/www.linkedin.com\\\/hp\\\/?dnr=JBzUWaJfMUw8vbXJJ2tVW5-I3jZKvC4wsoxE&amp;amp;amp;amp;amp;amp;trk=nav_responsive_tab_home\",\"https:\\\/\\\/www.youtube.com\\\/channel\\\/UCxL0wu1uN0_3_7hGG0306cw\"]},{\"@type\":\"Person\",\"@id\":\"https:\\\/\\\/www.bellunopress.it\\\/#\\\/schema\\\/person\\\/79bb06722b37ece1c03d3e94beb30d73\",\"name\":\"redazione\",\"image\":{\"@type\":\"ImageObject\",\"inLanguage\":\"fr-FR\",\"@id\":\"https:\\\/\\\/secure.gravatar.com\\\/avatar\\\/37d968a2e67a6fd04c169c4bdef102d0bc5d31b2546345219e348575eb80e9a0?s=96&d=mm&r=g\",\"url\":\"https:\\\/\\\/secure.gravatar.com\\\/avatar\\\/37d968a2e67a6fd04c169c4bdef102d0bc5d31b2546345219e348575eb80e9a0?s=96&d=mm&r=g\",\"contentUrl\":\"https:\\\/\\\/secure.gravatar.com\\\/avatar\\\/37d968a2e67a6fd04c169c4bdef102d0bc5d31b2546345219e348575eb80e9a0?s=96&d=mm&r=g\",\"caption\":\"redazione\"},\"sameAs\":[\"http:\\\/\\\/www.bellunopress.it\",\"https:\\\/\\\/x.com\\\/bellunopress\"],\"url\":\"https:\\\/\\\/www.bellunopress.it\\\/fr\\\/author\\\/redazione\\\/\"}]}<\/script>\n<!-- \/ Yoast SEO plugin. -->","yoast_head_json":{"title":"La stampa e Messner riescono a far ridere anche in circostanze tragiche - Bellunopress - Dolomiti","robots":{"index":"index","follow":"follow","max-snippet":"max-snippet:-1","max-image-preview":"max-image-preview:large","max-video-preview":"max-video-preview:-1"},"canonical":"https:\/\/www.bellunopress.it\/fr\/2009\/07\/22\/la-stampa-e-messner-riescono-a-far-ridere-anche-in-circostanze-tragiche\/","og_locale":"fr_FR","og_type":"article","og_title":"La stampa e Messner riescono a far ridere anche in circostanze tragiche - Bellunopress - Dolomiti","og_description":"Reinhold Messner mette in guardia tutti gli alpinisti. Accade in seguito all\u2019annuncio della morte della trentunenne Cristina Castagna, precipitata mentre scendeva dalla vetta del Broad Peak, nella catena del Karakorum in Pakistan. Ci pensano i giornali a distillare le gocce di saggezza dell\u2019alpinista-vate in questa tragica occasione. Chi pi\u00f9 di lui pu\u00f2 dare qualche saggio [&hellip;]","og_url":"https:\/\/www.bellunopress.it\/fr\/2009\/07\/22\/la-stampa-e-messner-riescono-a-far-ridere-anche-in-circostanze-tragiche\/","og_site_name":"Bellunopress - Dolomiti","article_publisher":"https:\/\/www.facebook.com\/profile.php?id=100008943462799","article_published_time":"2009-07-21T23:05:10+00:00","og_image":[{"url":"http:\/\/www.bellunopress.it\/wp-content\/uploads\/2009\/07\/messner.jpg","type":"","width":"","height":""}],"author":"redazione","twitter_card":"summary_large_image","twitter_creator":"@bellunopress","twitter_site":"@bellunopress","twitter_misc":{"\u00c9crit par":"redazione","Dur\u00e9e de lecture estim\u00e9e":"1 minute"},"schema":{"@context":"https:\/\/schema.org","@graph":[{"@type":"Article","@id":"https:\/\/www.bellunopress.it\/2009\/07\/22\/la-stampa-e-messner-riescono-a-far-ridere-anche-in-circostanze-tragiche\/#article","isPartOf":{"@id":"https:\/\/www.bellunopress.it\/2009\/07\/22\/la-stampa-e-messner-riescono-a-far-ridere-anche-in-circostanze-tragiche\/"},"author":{"name":"redazione","@id":"https:\/\/www.bellunopress.it\/#\/schema\/person\/79bb06722b37ece1c03d3e94beb30d73"},"headline":"La stampa e Messner riescono a far ridere anche in circostanze tragiche","datePublished":"2009-07-21T23:05:10+00:00","mainEntityOfPage":{"@id":"https:\/\/www.bellunopress.it\/2009\/07\/22\/la-stampa-e-messner-riescono-a-far-ridere-anche-in-circostanze-tragiche\/"},"wordCount":165,"publisher":{"@id":"https:\/\/www.bellunopress.it\/#organization"},"image":{"@id":"https:\/\/www.bellunopress.it\/2009\/07\/22\/la-stampa-e-messner-riescono-a-far-ridere-anche-in-circostanze-tragiche\/#primaryimage"},"thumbnailUrl":"http:\/\/www.bellunopress.it\/wp-content\/uploads\/2009\/07\/messner.jpg","keywords":["Belluno"],"articleSection":["Meteo, natura, ambiente, animali","Pausa Caff\u00e8"],"inLanguage":"fr-FR"},{"@type":"WebPage","@id":"https:\/\/www.bellunopress.it\/2009\/07\/22\/la-stampa-e-messner-riescono-a-far-ridere-anche-in-circostanze-tragiche\/","url":"https:\/\/www.bellunopress.it\/2009\/07\/22\/la-stampa-e-messner-riescono-a-far-ridere-anche-in-circostanze-tragiche\/","name":"La stampa e Messner riescono a far ridere anche in circostanze tragiche - Bellunopress - Dolomiti","isPartOf":{"@id":"https:\/\/www.bellunopress.it\/#website"},"primaryImageOfPage":{"@id":"https:\/\/www.bellunopress.it\/2009\/07\/22\/la-stampa-e-messner-riescono-a-far-ridere-anche-in-circostanze-tragiche\/#primaryimage"},"image":{"@id":"https:\/\/www.bellunopress.it\/2009\/07\/22\/la-stampa-e-messner-riescono-a-far-ridere-anche-in-circostanze-tragiche\/#primaryimage"},"thumbnailUrl":"http:\/\/www.bellunopress.it\/wp-content\/uploads\/2009\/07\/messner.jpg","datePublished":"2009-07-21T23:05:10+00:00","breadcrumb":{"@id":"https:\/\/www.bellunopress.it\/2009\/07\/22\/la-stampa-e-messner-riescono-a-far-ridere-anche-in-circostanze-tragiche\/#breadcrumb"},"inLanguage":"fr-FR","potentialAction":[{"@type":"ReadAction","target":["https:\/\/www.bellunopress.it\/2009\/07\/22\/la-stampa-e-messner-riescono-a-far-ridere-anche-in-circostanze-tragiche\/"]}]},{"@type":"ImageObject","inLanguage":"fr-FR","@id":"https:\/\/www.bellunopress.it\/2009\/07\/22\/la-stampa-e-messner-riescono-a-far-ridere-anche-in-circostanze-tragiche\/#primaryimage","url":"http:\/\/www.bellunopress.it\/wp-content\/uploads\/2009\/07\/messner.jpg","contentUrl":"http:\/\/www.bellunopress.it\/wp-content\/uploads\/2009\/07\/messner.jpg"},{"@type":"BreadcrumbList","@id":"https:\/\/www.bellunopress.it\/2009\/07\/22\/la-stampa-e-messner-riescono-a-far-ridere-anche-in-circostanze-tragiche\/#breadcrumb","itemListElement":[{"@type":"ListItem","position":1,"name":"Home","item":"https:\/\/www.bellunopress.it\/"},{"@type":"ListItem","position":2,"name":"La stampa e Messner riescono a far ridere anche in circostanze tragiche"}]},{"@type":"WebSite","@id":"https:\/\/www.bellunopress.it\/#website","url":"https:\/\/www.bellunopress.it\/","name":"Bellunopress - Dolomiti","description":"e-mail: redazione@bellunopress.it","publisher":{"@id":"https:\/\/www.bellunopress.it\/#organization"},"potentialAction":[{"@type":"SearchAction","target":{"@type":"EntryPoint","urlTemplate":"https:\/\/www.bellunopress.it\/?s={search_term_string}"},"query-input":{"@type":"PropertyValueSpecification","valueRequired":true,"valueName":"search_term_string"}}],"inLanguage":"fr-FR"},{"@type":"Organization","@id":"https:\/\/www.bellunopress.it\/#organization","name":"Bellunopress","url":"https:\/\/www.bellunopress.it\/","logo":{"@type":"ImageObject","inLanguage":"fr-FR","@id":"https:\/\/www.bellunopress.it\/#\/schema\/logo\/image\/","url":"https:\/\/www.bellunopress.it\/wp-content\/uploads\/2011\/05\/cropped-logo-bellunopress-.jpg","contentUrl":"https:\/\/www.bellunopress.it\/wp-content\/uploads\/2011\/05\/cropped-logo-bellunopress-.jpg","width":512,"height":512,"caption":"Bellunopress"},"image":{"@id":"https:\/\/www.bellunopress.it\/#\/schema\/logo\/image\/"},"sameAs":["https:\/\/www.facebook.com\/profile.php?id=100008943462799","https:\/\/x.com\/bellunopress","https:\/\/www.linkedin.com\/hp\/?dnr=JBzUWaJfMUw8vbXJJ2tVW5-I3jZKvC4wsoxE&amp;amp;amp;amp;amp;amp;trk=nav_responsive_tab_home","https:\/\/www.youtube.com\/channel\/UCxL0wu1uN0_3_7hGG0306cw"]},{"@type":"Person","@id":"https:\/\/www.bellunopress.it\/#\/schema\/person\/79bb06722b37ece1c03d3e94beb30d73","name":"r\u00e9daction","image":{"@type":"ImageObject","inLanguage":"fr-FR","@id":"https:\/\/secure.gravatar.com\/avatar\/37d968a2e67a6fd04c169c4bdef102d0bc5d31b2546345219e348575eb80e9a0?s=96&d=mm&r=g","url":"https:\/\/secure.gravatar.com\/avatar\/37d968a2e67a6fd04c169c4bdef102d0bc5d31b2546345219e348575eb80e9a0?s=96&d=mm&r=g","contentUrl":"https:\/\/secure.gravatar.com\/avatar\/37d968a2e67a6fd04c169c4bdef102d0bc5d31b2546345219e348575eb80e9a0?s=96&d=mm&r=g","caption":"redazione"},"sameAs":["http:\/\/www.bellunopress.it","https:\/\/x.com\/bellunopress"],"url":"https:\/\/www.bellunopress.it\/fr\/author\/redazione\/"}]}},"_links":{"self":[{"href":"https:\/\/www.bellunopress.it\/fr\/wp-json\/wp\/v2\/posts\/6236","targetHints":{"allow":["GET"]}}],"collection":[{"href":"https:\/\/www.bellunopress.it\/fr\/wp-json\/wp\/v2\/posts"}],"about":[{"href":"https:\/\/www.bellunopress.it\/fr\/wp-json\/wp\/v2\/types\/post"}],"author":[{"embeddable":true,"href":"https:\/\/www.bellunopress.it\/fr\/wp-json\/wp\/v2\/users\/2"}],"replies":[{"embeddable":true,"href":"https:\/\/www.bellunopress.it\/fr\/wp-json\/wp\/v2\/comments?post=6236"}],"version-history":[{"count":1,"href":"https:\/\/www.bellunopress.it\/fr\/wp-json\/wp\/v2\/posts\/6236\/revisions"}],"predecessor-version":[{"id":6238,"href":"https:\/\/www.bellunopress.it\/fr\/wp-json\/wp\/v2\/posts\/6236\/revisions\/6238"}],"wp:attachment":[{"href":"https:\/\/www.bellunopress.it\/fr\/wp-json\/wp\/v2\/media?parent=6236"}],"wp:term":[{"taxonomy":"category","embeddable":true,"href":"https:\/\/www.bellunopress.it\/fr\/wp-json\/wp\/v2\/categories?post=6236"},{"taxonomy":"post_tag","embeddable":true,"href":"https:\/\/www.bellunopress.it\/fr\/wp-json\/wp\/v2\/tags?post=6236"}],"curies":[{"name":"wp","href":"https:\/\/api.w.org\/{rel}","templated":true}]}}