{"id":6207,"date":"2009-07-21T16:03:58","date_gmt":"2009-07-21T15:03:58","guid":{"rendered":"http:\/\/www.bellunopress.it\/?p=6207"},"modified":"2009-07-21T16:03:58","modified_gmt":"2009-07-21T15:03:58","slug":"serata-laboratorio-tuttotondo-bestiarium","status":"publish","type":"post","link":"https:\/\/www.bellunopress.it\/fr\/2009\/07\/21\/serata-laboratorio-tuttotondo-bestiarium\/","title":{"rendered":"Serata-laboratorio Tuttotondo Bestiarium"},"content":{"rendered":"<p>La Biblioteca Civica di Belluno per sensibilizzare\u00a0 l\u2019attenzione di tutti sulla creativit\u00e0 dei bambini, in linea con l\u2019anno europeo della Creativit\u00e0 e dell\u2019Innovazione, organizza per i giorni 24 luglio e\u00a0 21 agosto presso l\u2019Auditorim Comunale nell\u2019aula didattica alle ore 20.30 due serate dedicate alla creativit\u00e0 e alla manualit\u00e0 a cura di Dino Maraga denominate: Serata-laboratorio Tuttotondo Bestiarium.<br \/>\nL\u2019iniziativa \u00e8 dedicata ai bambini ma anche ai loro genitori che durante l\u2019incontro costruiranno insieme dei \u201cnuovi\u201d personaggi nati sviluppando un metodo innovativo.<br \/>\nSar\u00e0 anche una serata all\u2019insegna del divertimento e della interazione \u201cfantastica\u201d con i bambini, tipica degli incontri con Maraga.<a href=\"http:\/\/www.bellunopress.it\/wp-content\/uploads\/2009\/07\/bestiario-leggera.jpg\"><img loading=\"lazy\" decoding=\"async\" class=\"aligncenter size-medium wp-image-6209\" title=\"bestiario-leggera\" src=\"http:\/\/www.bellunopress.it\/wp-content\/uploads\/2009\/07\/bestiario-leggera-300x87.jpg\" alt=\"\" width=\"300\" height=\"87\" srcset=\"https:\/\/www.bellunopress.it\/wp-content\/uploads\/2009\/07\/bestiario-leggera-300x87.jpg 300w, https:\/\/www.bellunopress.it\/wp-content\/uploads\/2009\/07\/bestiario-leggera.jpg 350w\" sizes=\"auto, (max-width: 300px) 100vw, 300px\" \/><\/a><br \/>\nL\u2019ingresso \u00e8 libero, sar\u00e0 solo richiesto un contributo di 5.00 \u20ac<br \/>\na partecipante per le spese dei materiali necessari.<br \/>\n<strong>Per informazioni <\/strong><br \/>\nBiblioteca dei Ragazzi<br \/>\nVia Ripa 3 BELLUNO<br \/>\nTEL.043725727<br \/>\nbiblioteca@comune.belluno.i<\/p>","protected":false},"excerpt":{"rendered":"<p>La Biblioteca Civica di Belluno per sensibilizzare\u00a0 l\u2019attenzione di tutti sulla creativit\u00e0 dei bambini, in linea con l\u2019anno europeo della Creativit\u00e0 e dell\u2019Innovazione, organizza per i giorni 24 luglio e\u00a0 21 agosto presso l\u2019Auditorim Comunale nell\u2019aula didattica alle ore 20.30 due serate dedicate alla creativit\u00e0 e alla manualit\u00e0 a cura di Dino Maraga denominate: Serata-laboratorio [&hellip;]<\/p>\n","protected":false},"author":2,"featured_media":0,"comment_status":"closed","ping_status":"open","sticky":false,"template":"","format":"standard","meta":{"footnotes":""},"categories":[3,25],"tags":[139],"class_list":["post-6207","post","type-post","status-publish","format-standard","category-arte-cultura-spettacoli-scienza-archivi","category-pausa-caffe","tag-belluno"],"yoast_head":"<!-- This site is optimized with the Yoast SEO plugin v28.4 - https:\/\/yoast.com\/product\/yoast-seo-wordpress\/ -->\n<title>Serata-laboratorio Tuttotondo Bestiarium - Bellunopress - Dolomiti<\/title>\n<meta name=\"robots\" content=\"index, follow, max-snippet:-1, max-image-preview:large, max-video-preview:-1\" \/>\n<link rel=\"canonical\" href=\"https:\/\/www.bellunopress.it\/fr\/2009\/07\/21\/serata-laboratorio-tuttotondo-bestiarium\/\" \/>\n<meta property=\"og:locale\" content=\"fr_FR\" \/>\n<meta property=\"og:type\" content=\"article\" \/>\n<meta property=\"og:title\" content=\"Serata-laboratorio Tuttotondo Bestiarium - Bellunopress - Dolomiti\" \/>\n<meta property=\"og:description\" content=\"La Biblioteca Civica di Belluno per sensibilizzare\u00a0 l\u2019attenzione di tutti sulla creativit\u00e0 dei bambini, in linea con l\u2019anno europeo della Creativit\u00e0 e dell\u2019Innovazione, organizza per i giorni 24 luglio e\u00a0 21 agosto presso l\u2019Auditorim Comunale nell\u2019aula didattica alle ore 20.30 due serate dedicate alla creativit\u00e0 e alla manualit\u00e0 a cura di Dino Maraga denominate: Serata-laboratorio [&hellip;]\" \/>\n<meta property=\"og:url\" content=\"https:\/\/www.bellunopress.it\/fr\/2009\/07\/21\/serata-laboratorio-tuttotondo-bestiarium\/\" \/>\n<meta property=\"og:site_name\" content=\"Bellunopress - Dolomiti\" \/>\n<meta property=\"article:publisher\" content=\"https:\/\/www.facebook.com\/profile.php?id=100008943462799\" \/>\n<meta property=\"article:published_time\" content=\"2009-07-21T15:03:58+00:00\" \/>\n<meta property=\"og:image\" content=\"http:\/\/www.bellunopress.it\/wp-content\/uploads\/2009\/07\/bestiario-leggera-300x87.jpg\" \/>\n<meta name=\"author\" content=\"redazione\" \/>\n<meta name=\"twitter:card\" content=\"summary_large_image\" \/>\n<meta name=\"twitter:creator\" content=\"@bellunopress\" \/>\n<meta name=\"twitter:site\" content=\"@bellunopress\" \/>\n<meta name=\"twitter:label1\" content=\"\u00c9crit par\" \/>\n\t<meta name=\"twitter:data1\" content=\"redazione\" \/>\n\t<meta name=\"twitter:label2\" content=\"Dur\u00e9e de lecture estim\u00e9e\" \/>\n\t<meta name=\"twitter:data2\" content=\"1 minute\" \/>\n<script type=\"application\/ld+json\" class=\"yoast-schema-graph\">{\"@context\":\"https:\\\/\\\/schema.org\",\"@graph\":[{\"@type\":\"Article\",\"@id\":\"https:\\\/\\\/www.bellunopress.it\\\/2009\\\/07\\\/21\\\/serata-laboratorio-tuttotondo-bestiarium\\\/#article\",\"isPartOf\":{\"@id\":\"https:\\\/\\\/www.bellunopress.it\\\/2009\\\/07\\\/21\\\/serata-laboratorio-tuttotondo-bestiarium\\\/\"},\"author\":{\"name\":\"redazione\",\"@id\":\"https:\\\/\\\/www.bellunopress.it\\\/#\\\/schema\\\/person\\\/79bb06722b37ece1c03d3e94beb30d73\"},\"headline\":\"Serata-laboratorio Tuttotondo Bestiarium\",\"datePublished\":\"2009-07-21T15:03:58+00:00\",\"mainEntityOfPage\":{\"@id\":\"https:\\\/\\\/www.bellunopress.it\\\/2009\\\/07\\\/21\\\/serata-laboratorio-tuttotondo-bestiarium\\\/\"},\"wordCount\":136,\"publisher\":{\"@id\":\"https:\\\/\\\/www.bellunopress.it\\\/#organization\"},\"image\":{\"@id\":\"https:\\\/\\\/www.bellunopress.it\\\/2009\\\/07\\\/21\\\/serata-laboratorio-tuttotondo-bestiarium\\\/#primaryimage\"},\"thumbnailUrl\":\"http:\\\/\\\/www.bellunopress.it\\\/wp-content\\\/uploads\\\/2009\\\/07\\\/bestiario-leggera-300x87.jpg\",\"keywords\":[\"Belluno\"],\"articleSection\":[\"Arte, Cultura, Spettacoli, Scienza\",\"Pausa Caff\u00e8\"],\"inLanguage\":\"fr-FR\"},{\"@type\":\"WebPage\",\"@id\":\"https:\\\/\\\/www.bellunopress.it\\\/2009\\\/07\\\/21\\\/serata-laboratorio-tuttotondo-bestiarium\\\/\",\"url\":\"https:\\\/\\\/www.bellunopress.it\\\/2009\\\/07\\\/21\\\/serata-laboratorio-tuttotondo-bestiarium\\\/\",\"name\":\"Serata-laboratorio Tuttotondo Bestiarium - Bellunopress - Dolomiti\",\"isPartOf\":{\"@id\":\"https:\\\/\\\/www.bellunopress.it\\\/#website\"},\"primaryImageOfPage\":{\"@id\":\"https:\\\/\\\/www.bellunopress.it\\\/2009\\\/07\\\/21\\\/serata-laboratorio-tuttotondo-bestiarium\\\/#primaryimage\"},\"image\":{\"@id\":\"https:\\\/\\\/www.bellunopress.it\\\/2009\\\/07\\\/21\\\/serata-laboratorio-tuttotondo-bestiarium\\\/#primaryimage\"},\"thumbnailUrl\":\"http:\\\/\\\/www.bellunopress.it\\\/wp-content\\\/uploads\\\/2009\\\/07\\\/bestiario-leggera-300x87.jpg\",\"datePublished\":\"2009-07-21T15:03:58+00:00\",\"breadcrumb\":{\"@id\":\"https:\\\/\\\/www.bellunopress.it\\\/2009\\\/07\\\/21\\\/serata-laboratorio-tuttotondo-bestiarium\\\/#breadcrumb\"},\"inLanguage\":\"fr-FR\",\"potentialAction\":[{\"@type\":\"ReadAction\",\"target\":[\"https:\\\/\\\/www.bellunopress.it\\\/2009\\\/07\\\/21\\\/serata-laboratorio-tuttotondo-bestiarium\\\/\"]}]},{\"@type\":\"ImageObject\",\"inLanguage\":\"fr-FR\",\"@id\":\"https:\\\/\\\/www.bellunopress.it\\\/2009\\\/07\\\/21\\\/serata-laboratorio-tuttotondo-bestiarium\\\/#primaryimage\",\"url\":\"http:\\\/\\\/www.bellunopress.it\\\/wp-content\\\/uploads\\\/2009\\\/07\\\/bestiario-leggera-300x87.jpg\",\"contentUrl\":\"http:\\\/\\\/www.bellunopress.it\\\/wp-content\\\/uploads\\\/2009\\\/07\\\/bestiario-leggera-300x87.jpg\"},{\"@type\":\"BreadcrumbList\",\"@id\":\"https:\\\/\\\/www.bellunopress.it\\\/2009\\\/07\\\/21\\\/serata-laboratorio-tuttotondo-bestiarium\\\/#breadcrumb\",\"itemListElement\":[{\"@type\":\"ListItem\",\"position\":1,\"name\":\"Home\",\"item\":\"https:\\\/\\\/www.bellunopress.it\\\/\"},{\"@type\":\"ListItem\",\"position\":2,\"name\":\"Serata-laboratorio Tuttotondo Bestiarium\"}]},{\"@type\":\"WebSite\",\"@id\":\"https:\\\/\\\/www.bellunopress.it\\\/#website\",\"url\":\"https:\\\/\\\/www.bellunopress.it\\\/\",\"name\":\"Bellunopress - Dolomiti\",\"description\":\"e-mail: redazione@bellunopress.it\",\"publisher\":{\"@id\":\"https:\\\/\\\/www.bellunopress.it\\\/#organization\"},\"potentialAction\":[{\"@type\":\"SearchAction\",\"target\":{\"@type\":\"EntryPoint\",\"urlTemplate\":\"https:\\\/\\\/www.bellunopress.it\\\/?s={search_term_string}\"},\"query-input\":{\"@type\":\"PropertyValueSpecification\",\"valueRequired\":true,\"valueName\":\"search_term_string\"}}],\"inLanguage\":\"fr-FR\"},{\"@type\":\"Organization\",\"@id\":\"https:\\\/\\\/www.bellunopress.it\\\/#organization\",\"name\":\"Bellunopress\",\"url\":\"https:\\\/\\\/www.bellunopress.it\\\/\",\"logo\":{\"@type\":\"ImageObject\",\"inLanguage\":\"fr-FR\",\"@id\":\"https:\\\/\\\/www.bellunopress.it\\\/#\\\/schema\\\/logo\\\/image\\\/\",\"url\":\"https:\\\/\\\/www.bellunopress.it\\\/wp-content\\\/uploads\\\/2011\\\/05\\\/cropped-logo-bellunopress-.jpg\",\"contentUrl\":\"https:\\\/\\\/www.bellunopress.it\\\/wp-content\\\/uploads\\\/2011\\\/05\\\/cropped-logo-bellunopress-.jpg\",\"width\":512,\"height\":512,\"caption\":\"Bellunopress\"},\"image\":{\"@id\":\"https:\\\/\\\/www.bellunopress.it\\\/#\\\/schema\\\/logo\\\/image\\\/\"},\"sameAs\":[\"https:\\\/\\\/www.facebook.com\\\/profile.php?id=100008943462799\",\"https:\\\/\\\/x.com\\\/bellunopress\",\"https:\\\/\\\/www.linkedin.com\\\/hp\\\/?dnr=JBzUWaJfMUw8vbXJJ2tVW5-I3jZKvC4wsoxE&amp;amp;amp;amp;amp;amp;trk=nav_responsive_tab_home\",\"https:\\\/\\\/www.youtube.com\\\/channel\\\/UCxL0wu1uN0_3_7hGG0306cw\"]},{\"@type\":\"Person\",\"@id\":\"https:\\\/\\\/www.bellunopress.it\\\/#\\\/schema\\\/person\\\/79bb06722b37ece1c03d3e94beb30d73\",\"name\":\"redazione\",\"image\":{\"@type\":\"ImageObject\",\"inLanguage\":\"fr-FR\",\"@id\":\"https:\\\/\\\/secure.gravatar.com\\\/avatar\\\/37d968a2e67a6fd04c169c4bdef102d0bc5d31b2546345219e348575eb80e9a0?s=96&d=mm&r=g\",\"url\":\"https:\\\/\\\/secure.gravatar.com\\\/avatar\\\/37d968a2e67a6fd04c169c4bdef102d0bc5d31b2546345219e348575eb80e9a0?s=96&d=mm&r=g\",\"contentUrl\":\"https:\\\/\\\/secure.gravatar.com\\\/avatar\\\/37d968a2e67a6fd04c169c4bdef102d0bc5d31b2546345219e348575eb80e9a0?s=96&d=mm&r=g\",\"caption\":\"redazione\"},\"sameAs\":[\"http:\\\/\\\/www.bellunopress.it\",\"https:\\\/\\\/x.com\\\/bellunopress\"],\"url\":\"https:\\\/\\\/www.bellunopress.it\\\/fr\\\/author\\\/redazione\\\/\"}]}<\/script>\n<!-- \/ Yoast SEO plugin. -->","yoast_head_json":{"title":"Serata-laboratorio Tuttotondo Bestiarium - Bellunopress - Dolomiti","robots":{"index":"index","follow":"follow","max-snippet":"max-snippet:-1","max-image-preview":"max-image-preview:large","max-video-preview":"max-video-preview:-1"},"canonical":"https:\/\/www.bellunopress.it\/fr\/2009\/07\/21\/serata-laboratorio-tuttotondo-bestiarium\/","og_locale":"fr_FR","og_type":"article","og_title":"Serata-laboratorio Tuttotondo Bestiarium - Bellunopress - Dolomiti","og_description":"La Biblioteca Civica di Belluno per sensibilizzare\u00a0 l\u2019attenzione di tutti sulla creativit\u00e0 dei bambini, in linea con l\u2019anno europeo della Creativit\u00e0 e dell\u2019Innovazione, organizza per i giorni 24 luglio e\u00a0 21 agosto presso l\u2019Auditorim Comunale nell\u2019aula didattica alle ore 20.30 due serate dedicate alla creativit\u00e0 e alla manualit\u00e0 a cura di Dino Maraga denominate: Serata-laboratorio [&hellip;]","og_url":"https:\/\/www.bellunopress.it\/fr\/2009\/07\/21\/serata-laboratorio-tuttotondo-bestiarium\/","og_site_name":"Bellunopress - Dolomiti","article_publisher":"https:\/\/www.facebook.com\/profile.php?id=100008943462799","article_published_time":"2009-07-21T15:03:58+00:00","og_image":[{"url":"http:\/\/www.bellunopress.it\/wp-content\/uploads\/2009\/07\/bestiario-leggera-300x87.jpg","type":"","width":"","height":""}],"author":"redazione","twitter_card":"summary_large_image","twitter_creator":"@bellunopress","twitter_site":"@bellunopress","twitter_misc":{"\u00c9crit par":"redazione","Dur\u00e9e de lecture estim\u00e9e":"1 minute"},"schema":{"@context":"https:\/\/schema.org","@graph":[{"@type":"Article","@id":"https:\/\/www.bellunopress.it\/2009\/07\/21\/serata-laboratorio-tuttotondo-bestiarium\/#article","isPartOf":{"@id":"https:\/\/www.bellunopress.it\/2009\/07\/21\/serata-laboratorio-tuttotondo-bestiarium\/"},"author":{"name":"redazione","@id":"https:\/\/www.bellunopress.it\/#\/schema\/person\/79bb06722b37ece1c03d3e94beb30d73"},"headline":"Serata-laboratorio Tuttotondo Bestiarium","datePublished":"2009-07-21T15:03:58+00:00","mainEntityOfPage":{"@id":"https:\/\/www.bellunopress.it\/2009\/07\/21\/serata-laboratorio-tuttotondo-bestiarium\/"},"wordCount":136,"publisher":{"@id":"https:\/\/www.bellunopress.it\/#organization"},"image":{"@id":"https:\/\/www.bellunopress.it\/2009\/07\/21\/serata-laboratorio-tuttotondo-bestiarium\/#primaryimage"},"thumbnailUrl":"http:\/\/www.bellunopress.it\/wp-content\/uploads\/2009\/07\/bestiario-leggera-300x87.jpg","keywords":["Belluno"],"articleSection":["Arte, Cultura, Spettacoli, Scienza","Pausa Caff\u00e8"],"inLanguage":"fr-FR"},{"@type":"WebPage","@id":"https:\/\/www.bellunopress.it\/2009\/07\/21\/serata-laboratorio-tuttotondo-bestiarium\/","url":"https:\/\/www.bellunopress.it\/2009\/07\/21\/serata-laboratorio-tuttotondo-bestiarium\/","name":"Serata-laboratorio Tuttotondo Bestiarium - Bellunopress - Dolomiti","isPartOf":{"@id":"https:\/\/www.bellunopress.it\/#website"},"primaryImageOfPage":{"@id":"https:\/\/www.bellunopress.it\/2009\/07\/21\/serata-laboratorio-tuttotondo-bestiarium\/#primaryimage"},"image":{"@id":"https:\/\/www.bellunopress.it\/2009\/07\/21\/serata-laboratorio-tuttotondo-bestiarium\/#primaryimage"},"thumbnailUrl":"http:\/\/www.bellunopress.it\/wp-content\/uploads\/2009\/07\/bestiario-leggera-300x87.jpg","datePublished":"2009-07-21T15:03:58+00:00","breadcrumb":{"@id":"https:\/\/www.bellunopress.it\/2009\/07\/21\/serata-laboratorio-tuttotondo-bestiarium\/#breadcrumb"},"inLanguage":"fr-FR","potentialAction":[{"@type":"ReadAction","target":["https:\/\/www.bellunopress.it\/2009\/07\/21\/serata-laboratorio-tuttotondo-bestiarium\/"]}]},{"@type":"ImageObject","inLanguage":"fr-FR","@id":"https:\/\/www.bellunopress.it\/2009\/07\/21\/serata-laboratorio-tuttotondo-bestiarium\/#primaryimage","url":"http:\/\/www.bellunopress.it\/wp-content\/uploads\/2009\/07\/bestiario-leggera-300x87.jpg","contentUrl":"http:\/\/www.bellunopress.it\/wp-content\/uploads\/2009\/07\/bestiario-leggera-300x87.jpg"},{"@type":"BreadcrumbList","@id":"https:\/\/www.bellunopress.it\/2009\/07\/21\/serata-laboratorio-tuttotondo-bestiarium\/#breadcrumb","itemListElement":[{"@type":"ListItem","position":1,"name":"Home","item":"https:\/\/www.bellunopress.it\/"},{"@type":"ListItem","position":2,"name":"Serata-laboratorio Tuttotondo Bestiarium"}]},{"@type":"WebSite","@id":"https:\/\/www.bellunopress.it\/#website","url":"https:\/\/www.bellunopress.it\/","name":"Bellunopress - Dolomiti","description":"e-mail: redazione@bellunopress.it","publisher":{"@id":"https:\/\/www.bellunopress.it\/#organization"},"potentialAction":[{"@type":"SearchAction","target":{"@type":"EntryPoint","urlTemplate":"https:\/\/www.bellunopress.it\/?s={search_term_string}"},"query-input":{"@type":"PropertyValueSpecification","valueRequired":true,"valueName":"search_term_string"}}],"inLanguage":"fr-FR"},{"@type":"Organization","@id":"https:\/\/www.bellunopress.it\/#organization","name":"Bellunopress","url":"https:\/\/www.bellunopress.it\/","logo":{"@type":"ImageObject","inLanguage":"fr-FR","@id":"https:\/\/www.bellunopress.it\/#\/schema\/logo\/image\/","url":"https:\/\/www.bellunopress.it\/wp-content\/uploads\/2011\/05\/cropped-logo-bellunopress-.jpg","contentUrl":"https:\/\/www.bellunopress.it\/wp-content\/uploads\/2011\/05\/cropped-logo-bellunopress-.jpg","width":512,"height":512,"caption":"Bellunopress"},"image":{"@id":"https:\/\/www.bellunopress.it\/#\/schema\/logo\/image\/"},"sameAs":["https:\/\/www.facebook.com\/profile.php?id=100008943462799","https:\/\/x.com\/bellunopress","https:\/\/www.linkedin.com\/hp\/?dnr=JBzUWaJfMUw8vbXJJ2tVW5-I3jZKvC4wsoxE&amp;amp;amp;amp;amp;amp;trk=nav_responsive_tab_home","https:\/\/www.youtube.com\/channel\/UCxL0wu1uN0_3_7hGG0306cw"]},{"@type":"Person","@id":"https:\/\/www.bellunopress.it\/#\/schema\/person\/79bb06722b37ece1c03d3e94beb30d73","name":"r\u00e9daction","image":{"@type":"ImageObject","inLanguage":"fr-FR","@id":"https:\/\/secure.gravatar.com\/avatar\/37d968a2e67a6fd04c169c4bdef102d0bc5d31b2546345219e348575eb80e9a0?s=96&d=mm&r=g","url":"https:\/\/secure.gravatar.com\/avatar\/37d968a2e67a6fd04c169c4bdef102d0bc5d31b2546345219e348575eb80e9a0?s=96&d=mm&r=g","contentUrl":"https:\/\/secure.gravatar.com\/avatar\/37d968a2e67a6fd04c169c4bdef102d0bc5d31b2546345219e348575eb80e9a0?s=96&d=mm&r=g","caption":"redazione"},"sameAs":["http:\/\/www.bellunopress.it","https:\/\/x.com\/bellunopress"],"url":"https:\/\/www.bellunopress.it\/fr\/author\/redazione\/"}]}},"_links":{"self":[{"href":"https:\/\/www.bellunopress.it\/fr\/wp-json\/wp\/v2\/posts\/6207","targetHints":{"allow":["GET"]}}],"collection":[{"href":"https:\/\/www.bellunopress.it\/fr\/wp-json\/wp\/v2\/posts"}],"about":[{"href":"https:\/\/www.bellunopress.it\/fr\/wp-json\/wp\/v2\/types\/post"}],"author":[{"embeddable":true,"href":"https:\/\/www.bellunopress.it\/fr\/wp-json\/wp\/v2\/users\/2"}],"replies":[{"embeddable":true,"href":"https:\/\/www.bellunopress.it\/fr\/wp-json\/wp\/v2\/comments?post=6207"}],"version-history":[{"count":1,"href":"https:\/\/www.bellunopress.it\/fr\/wp-json\/wp\/v2\/posts\/6207\/revisions"}],"predecessor-version":[{"id":6212,"href":"https:\/\/www.bellunopress.it\/fr\/wp-json\/wp\/v2\/posts\/6207\/revisions\/6212"}],"wp:attachment":[{"href":"https:\/\/www.bellunopress.it\/fr\/wp-json\/wp\/v2\/media?parent=6207"}],"wp:term":[{"taxonomy":"category","embeddable":true,"href":"https:\/\/www.bellunopress.it\/fr\/wp-json\/wp\/v2\/categories?post=6207"},{"taxonomy":"post_tag","embeddable":true,"href":"https:\/\/www.bellunopress.it\/fr\/wp-json\/wp\/v2\/tags?post=6207"}],"curies":[{"name":"wp","href":"https:\/\/api.w.org\/{rel}","templated":true}]}}