{"id":6205,"date":"2009-07-21T16:03:12","date_gmt":"2009-07-21T15:03:12","guid":{"rendered":"http:\/\/www.bellunopress.it\/?p=6205"},"modified":"2014-09-02T07:26:03","modified_gmt":"2014-09-02T06:26:03","slug":"quel-19-luglio-di-66-anni-fa-lo-storico-incontro-a-villa-gaggia-tra-hitler-e-mussolini","status":"publish","type":"post","link":"https:\/\/www.bellunopress.it\/fr\/2009\/07\/21\/quel-19-luglio-di-66-anni-fa-lo-storico-incontro-a-villa-gaggia-tra-hitler-e-mussolini\/","title":{"rendered":"19 luglio 1943: lo storico incontro a Villa Gaggia tra Hitler e Mussolini"},"content":{"rendered":"<p><a href=\"http:\/\/www.bellunopress.it\/wp-content\/uploads\/2009\/07\/hitlermussolini-villagaggia.jpg\"><img loading=\"lazy\" decoding=\"async\" class=\"alignleft size-medium wp-image-6206\" title=\"hitlermussolini-villagaggia\" src=\"http:\/\/www.bellunopress.it\/wp-content\/uploads\/2009\/07\/hitlermussolini-villagaggia.jpg\" alt=\"\" width=\"270\" height=\"166\" \/><\/a><strong>Hitler e Mussolini dovevano morire nel 1943, durante lo storico &#8220;incontro di Feltre\u201d. Il retroscena di un attentato che non ci fu. <\/strong><\/p>\n<p>Nel luglio del \u201943 tutto era pronto per eliminare Hitler e Mussolini. Il bliz avrebbe dovuto compiersi nel corso del cosiddetto \u201cIncontro di Feltre\u201d. Ma un contrordine partito dal Vaticano, in accordo con le forze moderate antifasciste, allarmate da un possibile predominio comunista che ne sarebbe derivato ferm\u00f2 il piano per lasciare agli anglo-americani il compito di liberare l\u2019Italia due anni dopo. Una scelta attendista, dunque, che ricorda quella di Stalin che nell\u2019agosto del \u201944, per ragioni politiche di segno opposto (Stalin non voleva dividere gli onori con componenti che non fossero comuniste), lascer\u00e0 fare a pezzi dai nazisti la capitale polacca pur avendo a disposizione il pi\u00f9 grande esercito del mondo dislocato ad appena 30 chilometri. Doveva essere solo l\u2019Armata rossa, infatti, senza nessun\u2019altra resistenza di matrice non comunista a liberare Varsavia da Hitler (la tesi \u00e8 dello storico Norman Davies, oggi confermata dal dossier inviato dai generali a Stalin, custodito nell\u2019Archivio centrale del Ministero della difesa russo).<br \/>\n<a href=\"http:\/\/www.bellunopress.it\/wp-content\/uploads\/2009\/07\/mussolini-e-hitler-incontro-villa-gaggia.jpg\"><img loading=\"lazy\" decoding=\"async\" class=\"alignleft size-medium wp-image-6208\" title=\"mussolini-e-hitler-incontro-villa-gaggia\" src=\"http:\/\/www.bellunopress.it\/wp-content\/uploads\/2009\/07\/mussolini-e-hitler-incontro-villa-gaggia.jpg\" alt=\"\" width=\"259\" height=\"181\" \/><\/a><\/p>\n<p><strong>L&#8217;incontro dei due dittatori<\/strong><\/p>\n<p>Hitler e Mussolini, nei dieci anni che vanno dal 14 giugno del \u201934 al 19 luglio del \u201944 si incontrarono diciassette volte. Quello del 19 luglio del 1943 passer\u00e0 alla storia come \u201cL\u2019incontro di Feltre\u201d, bench\u00e9 Villa Socchieva (dal latino \u201csub clivo\u201d dalla sua posizione sotto il colle) o Pagani-Gaggia, dimora estiva del senatore del regno Achille Gaggia (che con Volpi e Cini sar\u00e0 interprete del decollo industriale nel dopoguerra della Sade, poi divenuta Enel), si trovi in realt\u00e0 a San Fermo una localit\u00e0 isolata fuori Belluno ad una ventina di chilometri da Feltre. L\u2019errore, poi omologato dalla storiografia ufficiale, \u00e8 dovuto probabilmente ad un banale refuso dello stesso Mussolini, che nelle sue memorie lo ricorda appunto come \u201cincontro di Feltre\u201d. Il convegno inizia alle ore 11. Hitler prende la parola nel salone principale della villa, dinanzi ad un Mussolini apatico, presenti il sottosegretario Bastianini, gli ambasciatori Von Mackenzen e Alfieri, il capo di stato maggiore generale Ambrosio, il feldmaresciallo Keitel, il generale Rintelen, il generale Warlimont, il colonnello Montezemolo, Schmidt ed altri del seguito. Un freddo monologo, con un lungo inventario di cose che l\u2019Italia non aveva fatto, o aveva fatto male. Dopo mezz\u2019ora il Duce interviene per tradurre in tedesco il messaggio del bombardamento su Roma. L\u2019 \u201cOperazione Crosspoint\u201d o \u201cNotte di San Lorenzo\u201d, quando 362 bombardieri pesanti B17 e B24 e 300 bombardieri medi (146 B26 e 154 B25), scortati da 268 caccia Lighting colpiscono la capitale alle 11 del mattino ed in sei ondate successive provocano 3 mila vittime. Alle 3 del pomeriggio, si concludono con un nulla di fatto i \u201cColloqui di Feltre\u201d. E la colonna d\u2019auto riparte con un Mussolini insoddisfatto, nascosto dietro gli occhiali scuri sulla Mercedes scoperta, alla sinistra di Hitler. La mattina seguente, il 20 luglio, Mussolini dalla capitale comunica al generale Ambrosio la sua intenzione di scrivere a Hitler che l\u2019Italia non era pi\u00f9 nelle condizioni di proseguire la guerra. Ma era troppo tardi. Il generale gli fa notare che tale decisione andava presa a Villa Gaggia. Dopo qualche giorno, il 25 luglio del \u201843, il Gran Consiglio far\u00e0 cadere Mussolini. Seguiranno i 90 giorni di Badoglio, l\u2019armistizio dell\u20198 settembre. E la sconcertante fuga di Re Vittorio Emanuele III\u00a0 sul molo di Ortona a mare (Pescara) dove si accalcavano 250 alti ufficiali pronti a svignarsela.<\/p>\n<p><strong><a href=\"http:\/\/www.bellunopress.it\/wp-content\/uploads\/2009\/07\/villa-gaggia.jpg\"><img loading=\"lazy\" decoding=\"async\" class=\"alignleft size-full wp-image-51034\" src=\"http:\/\/www.bellunopress.it\/wp-content\/uploads\/2009\/07\/villa-gaggia.jpg\" alt=\"villa gaggia\" width=\"300\" height=\"200\" \/><\/a>Il progetto dell&#8217;attentatao e il contrordine<\/strong><\/p>\n<p>Un centinaio di Alpini, reduci di Russia, erano pronti ad eliminare Hitler e Mussolini con un blitz kamikaze. Al momento della presentazione delle armi (che erano rigorosamente scariche), gli Alpini del picchetto d\u2019onore avrebbero lanciato le bombe a mano contro i due dittatori, cercando poi di sfuggire alla reazione delle SS. Di motivi per farlo, quei soldati ne avevano da vendere, come spieg\u00f2 una ventina d\u2019anni fa Nino Piazza, sergente degli Alpini (atti del \u201cConvegno Alpenvorland 1943-45\u201d &#8211; Palazzo Crepadona 21-23 aprile 1983). \u201cEravamo partiti in 1800 per la Russia e tornammo in 117 &#8211; dichiar\u00f2 Piazza &#8211;\u00a0 ai quali si devono aggiungere un centinaio di feriti rimpatriati prima della ritirata. Eravamo alloggiati in una caserma di Feltre, dove l\u2019insofferenza per la disciplina era totale. Si sentiva continuamente gridare Viva Lenin, viva Stalin, morte al Duce. Ma non ci potevano fare niente, perch\u00e9 noi eravamo quelli che la retorica ufficiale definiva gli Eroi della Russia\u201d. Un ambiente dov\u2019era facile, insomma, trovare uomini disposti a tutto pur di eliminare chi li aveva mandati al macello nelle distese russe a 40 gradi sotto zero. Dalla fine del 1942, inoltre, esistevano a Belluno due organizzazioni antifasciste. Il Comitato d\u2019azione antifascista che faceva capo al Partito d\u2019Azione PdA. E la rete del Partito Comunista PC .<\/p>\n<figure id=\"attachment_50625\" aria-describedby=\"caption-attachment-50625\" style=\"width: 242px\" class=\"wp-caption alignleft\"><a href=\"http:\/\/www.bellunopress.it\/wp-content\/uploads\/2009\/07\/Armando-Bettiol.jpg\"><img loading=\"lazy\" decoding=\"async\" class=\"size-full wp-image-50625\" src=\"http:\/\/www.bellunopress.it\/wp-content\/uploads\/2009\/07\/Armando-Bettiol.jpg\" alt=\"Armando Bettiol\" width=\"242\" height=\"290\" \/><\/a><figcaption id=\"caption-attachment-50625\" class=\"wp-caption-text\">Armando Bettiol<\/figcaption><\/figure>\n<p>\u201cQualche settimana prima dell\u2019Incontro di Villa Gaggia &#8211; spiega oggi il dottor Armando Bettiol &#8211;\u00a0 fummo contattati dal maggiore Del Vecchio, comandante degli Alpini reduci di Russia temporaneamente dislocati a Longarone. Che ci affid\u00f2 il compito di introdurre una cassa di bombe all\u2019interno della villa. La questione fu portata\u00a0 al Comitato regionale veneto del PdA a Padova, presenti Meneghetti del Partito Socialista, Concetto Marchesi del Partito Comunista, Norberto Bobbio PdA e il conte Papafava, del Partito Liberale. Il Comitato c\u2019incaric\u00f2 di informare Ugo La Malfa, esponente del PdA con il quale ci fu poi un incontro a Milano e successivamente un altro contatto ad Asti, nella villa del maresciallo Badoglio, con una persona da questi delegata. Per verificare l\u2019attendibilit\u00e0 del maggiore Del Vecchio, partecipammo anche ad un incontro in casa dell\u2019onorevole Macrelli a Pesaro, citt\u00e0 di provenienza di Del\u00a0 Vecchio\u201d. Poich\u00e9 i contatti con l\u2019antifascismo bellunese avvennero tramite il comandante Del Vecchio, \u00e8 logico supporre che dietro vi sia la mano dello Stato maggiore dell\u2019Esercito. Ed infatti, come ha testimoniato Bettiol, una delle riunioni organizzative si tenne proprio nella villa di Badoglio. \u201cEra impensabile del resto \u2013 prosegue Bettiol, all\u2019epoca 19enne universitario alla Facolt\u00e0 di Giurisprudenza di Padova insieme a Tattoni\u00a0 \u2013 che un gruppo di giovani potessero progettare da soli l\u2019attentato ai due dittatori\u201d.\u00a0 All\u2019ultimo momento per\u00f2 c\u2019\u00e8 un cambio di programma. Il picchetto d\u2019onore degli Alpini viene cancellato. E dunque, il blitz sarebbe stato pi\u00f9 difficile e dall\u2019esito incerto, perch\u00e9 gli Alpini avrebbero dovuto penetrare dal bosco superandola barriera di fuoco delle mitragliatrici delle SS piazzate nei fossati intorno alla villa. Per questa ragione, ma non solo, l\u2019attentato viene sospeso per ordine delle direzioni nazionali del PCI e del PdA, rappresentate regionalmente da Concetto Marchesi e da Ugo La Malfa. A questo punto possiamo fare due ipotesi.\u00a0 Mancavano pochi giorni alla destituzione di Mussolini, evidentemente qualcosa c\u2019era gi\u00e0 nell\u2019aria ed i tedeschi non si fidavano pi\u00f9 di nessuno. Hitler decide di attorniarsi solo delle fedelissime SS e dispone che sia soppresso il picchetto d\u2019onore italiano. Del resto, anche i mobili della sala nella quale si svolse la riunione vennero sostituiti con altri controllati dai tedeschi. Eugene Dollmann, colonnello delle SS ed interprete dei principali colloqui di Hitler dal \u201933 al \u201945, nel suo libro \u201cRoma nazista\u201d avvalora la sindrome della congiura. Sensazione che oramai si era impadronita dei soldati tedeschi: \u201cRaggiunta la villa &#8211; scrive Dollmann, che per\u00f2 non era presente all\u2019incontro di Villa Gaggia &#8211; il comando della piccola scorta al F\u00fchrer, non ebbe pi\u00f9 alcun dubbio: si trattava di un\u2019imboscata. Tolsero la sicura dalle pistole, armarono i mitra e si disposero intorno alla villa, pronti a difendere la pelle. Ebbene &#8211; commenta ancora Dollmann &#8211; la scelta di quella localit\u00e0 da parte del cerimoniale di Palazzo Chigi, potrebbe essere perdonata qualora risultasse da documenti segreti che intorno a quella remota residenza estiva, nei monti, nelle foreste, lungo i fiumi ed i ruscelli, un audace cervello avesse nascosto truppe fidate, pronte a catturare entrambi i dittatori, facendo cos\u00ec cessare di colpo la guerra su tutti i fronti. Diversamente &#8211; prosegue Dollmann &#8211; non avrebbero avuto giustificazione tutti gli strapazzi patiti, dal volo fino a Treviso, poi il lungo viaggio in ferrovia, con molto fumo fino a Feltre e le successive ore di auto. Quanto non si sarebbe risparmiato all\u2019Europa ed al mondo, se re Vittorio Emanuele, Acquarone (il duca Pietro Acquarone, ministro della real Casa ndr), e gli attori secondari, da Ambrosio all\u2019ultimo tenente dei carabinieri, avessero anticipato di qualche giorno l\u2019andata in scena del loro Sogno di una notte d\u2019estate\u201d &#8211; osserva Dollmann &#8211;\u00a0 ipotizzando il blitz. C\u2019\u00e8 una seconda ipotesi. L\u2019improvviso cambio di programma non \u00e8 dovuto alla diffidenza di Berlino, che cancella il picchetto armato, ma piuttosto a motivi di opportunit\u00e0 politica maturati a Roma. Il Vaticano aveva buoni motivi per fermare il blitz, perch\u00e9 temeva l\u2019avanzata del Comunismo. E preferisce attendere l\u2019intervento degli anglo-americani, piuttosto che correre il rischio di consegnare il Paese nelle mani dell\u2019antifascismo rosso. Che con l\u2019eliminazione dei due dittatori avrebbe rivendicato l\u2019assoluta paternit\u00e0 dell\u2019azione. \u201dA farcelo notare fu Ugo La Malfa &#8211; precisa Armando Bettiol &#8211; ipotizzando che il Vaticano avesse dato l\u2019indicazione di attendere l\u2019intervento degli Alleati, anzich\u00e9 azzardare un sovvertimento interno che conteneva allora troppe incognite\u201d. Le armi per l\u2019attentato erano pronte. C\u2019era una cassa di bombe a mano nascosta in casa di Armando Bettiol, pronta ad essere trasportata all\u2019interno della recinzione di Villa Gaggia.<\/p>\n<p><strong><a href=\"http:\/\/www.bellunopress.it\/wp-content\/uploads\/2009\/07\/villa-gaggia-parco.jpg\"><img loading=\"lazy\" decoding=\"async\" class=\"alignleft size-full wp-image-51036\" src=\"http:\/\/www.bellunopress.it\/wp-content\/uploads\/2009\/07\/villa-gaggia-parco.jpg\" alt=\"villa gaggia parco\" width=\"300\" height=\"200\" \/><\/a>L&#8217;incontro di Villa Gaggia era noto gi\u00e0 dal mese di giugno<\/strong><br \/>\nLa conferma di villa Gaggia, quale sede prestabilita dell&#8217;incontro, viene\u00a0dal rinvenimento dell&#8217;Ordinanza di servizio della Questura di Belluno datata 24 giugno 1943. Il documento, indirizzato al prefetto, ai funzionari di polizia, ai comandi delle stazioni dei carabinieri e alla milizia volontaria, contiene le direttive per i servizi di sicurezza da porre in atto in previsione dell&#8217;incontro tra i due dittatori. Gi\u00e0 dai primi di giugno &#8217;43\u00a0del resto, era stato rafforzato l&#8217;organico della Questura, con l&#8217;autorizzazione al prelievo straordinario di olio e benzina. Inoltre erano stati effettuati dei lavori lungo il percorso interessato e nella villa era stato installato l&#8217;impianto telefonico. Una serie di preparativi e misure di sicurezza che facevano inequivocabilmente pensare a Villa Gaggia come sede imminente di qualche evento. Tant&#8217;\u00e8 che il maggiore Del Vecchio, comandante degli Alpini, evidentemente venuto a conoscenza della circostanza, contatta Tattoni e Bettiol alcune settimane prima del 19 luglio del \u201843. Il luogo dell&#8217;incontro, dunque, era oramai deciso. Rimaneva tutt&#8217;al pi\u00f9 la data\u00a0da fissare, come sostiene Fredrick Deakin, nella sua \u201cStoria della Repubblica di Sal\u00f2\u201d, dove dice che la data fu decisa solo il giorno prima, all\u2019improvviso, da Hitler. Rimane solo\u00a0il dubbio se il piano dell&#8217;attentato fosse nato originariamente\u00a0solo per eliminare Mussolini e poi, in un secondo tempo,\u00a0indirizzato a entrambi i dittatori.<\/p>\n<figure id=\"attachment_51097\" aria-describedby=\"caption-attachment-51097\" style=\"width: 290px\" class=\"wp-caption alignleft\"><a href=\"http:\/\/www.bellunopress.it\/wp-content\/uploads\/2009\/07\/Gazera-Gaggia-Starace-Bonsembiante-Molino-1935-villa-Gaggia.jpg\"><img loading=\"lazy\" decoding=\"async\" class=\"size-full wp-image-51097\" src=\"http:\/\/www.bellunopress.it\/wp-content\/uploads\/2009\/07\/Gazera-Gaggia-Starace-Bonsembiante-Molino-1935-villa-Gaggia.jpg\" alt=\"Gazzera, Gaggia, Starace, Bonsembiante, Molino\" width=\"290\" height=\"234\" \/><\/a><figcaption id=\"caption-attachment-51097\" class=\"wp-caption-text\">Gazzera, Gaggia, Starace, Bonsembiante, Molino<\/figcaption><\/figure>\n<p>Villa Gaggia, del resto, era un \u201cobiettivo strategico\u201d ben noto per le sue frequentazioni eccellenti. Gi\u00e0 il 13 agosto del \u201827, infatti, la villa ospita re Fuad d\u2019Egitto, in visita alla centrale idroelettrica, accompagnato dal ministro delle Finanze Giuseppe Volpi di Misurata (fondatore della Sade nel 1905). Il 28 ottobre del \u201834 \u00e8 la volta del ministro dell\u2019Educazione nazionale Francesco Ercole, recatosi nella vicina frazione di San Fermo (Belluno) per l\u2019inaugurazione della Casa dell\u2019Opera Nazionale del Dopolavoro. E l\u2019anno dopo, l\u201911 agosto del \u201935 tocca a Starace, Segretario generale del Partito fascista, in visita ufficiale a Belluno (nella foto a lato). Episodio che occupa una pagina e mezza di cronaca dell\u2019epoca, senza per\u00f2 fare alcun cenno al passaggio per villa Gaggia. Esisteva, inoltre, un progetto poi abbandonato, di trasformare villa Gaggia in residenza del Duce, in alternativa a Sal\u00f2. La circostanza, sarebbe avvalorata da alcuni interventi, che l\u2019impresa Monti di Auronzo di Cadore (Belluno) fu chiamata a realizzare in previsione della costruzione di un rifugio antiaereo. Non c\u2019\u00e8 dubbio che se Hitler e Mussolini fossero stati spazzati via in un sol colpo, la guerra sarebbe cessata. Ma, evidentemente, pi\u00f9 delle difficolt\u00e0 strettamente operative, cui abbiamo accennato e che comunque appaiono secondarie per un manipolo d\u2019uomini fortemente motivati e pronti al sacrificio, a pesare furono le valutazioni politiche di chi nel \u201943 lavorava gi\u00e0 per il dopo Fascismo e non voleva correre rischi.<\/p>\n<p>Roberto De Nart<\/p>","protected":false},"excerpt":{"rendered":"<p>Hitler e Mussolini dovevano morire nel 1943, durante lo storico &#8220;incontro di Feltre\u201d. Il retroscena di un attentato che non ci fu. Nel luglio del \u201943 tutto era pronto per eliminare Hitler e Mussolini. Il bliz avrebbe dovuto compiersi nel corso del cosiddetto \u201cIncontro di Feltre\u201d. Ma un contrordine partito dal Vaticano, in accordo con [&hellip;]<\/p>\n","protected":false},"author":2,"featured_media":0,"comment_status":"closed","ping_status":"open","sticky":false,"template":"","format":"standard","meta":{"footnotes":""},"categories":[49,26],"tags":[108,107,100],"class_list":["post-6205","post","type-post","status-publish","format-standard","category-speciali","category-prima-pagina","tag-hitler-mussolini","tag-lincontro-di-feltre","tag-roberto-de-nart"],"yoast_head":"<!-- This site is optimized with the Yoast SEO plugin v28.4 - https:\/\/yoast.com\/product\/yoast-seo-wordpress\/ -->\n<title>19 luglio 1943: lo storico incontro a Villa Gaggia tra Hitler e Mussolini - Bellunopress - Dolomiti<\/title>\n<meta name=\"robots\" content=\"index, follow, max-snippet:-1, max-image-preview:large, max-video-preview:-1\" \/>\n<link rel=\"canonical\" href=\"https:\/\/www.bellunopress.it\/fr\/2009\/07\/21\/quel-19-luglio-di-66-anni-fa-lo-storico-incontro-a-villa-gaggia-tra-hitler-e-mussolini\/\" \/>\n<meta property=\"og:locale\" content=\"fr_FR\" \/>\n<meta property=\"og:type\" content=\"article\" \/>\n<meta property=\"og:title\" content=\"19 luglio 1943: lo storico incontro a Villa Gaggia tra Hitler e Mussolini - Bellunopress - Dolomiti\" \/>\n<meta property=\"og:description\" content=\"Hitler e Mussolini dovevano morire nel 1943, durante lo storico &#8220;incontro di Feltre\u201d. Il retroscena di un attentato che non ci fu. Nel luglio del \u201943 tutto era pronto per eliminare Hitler e Mussolini. Il bliz avrebbe dovuto compiersi nel corso del cosiddetto \u201cIncontro di Feltre\u201d. Ma un contrordine partito dal Vaticano, in accordo con [&hellip;]\" \/>\n<meta property=\"og:url\" content=\"https:\/\/www.bellunopress.it\/fr\/2009\/07\/21\/quel-19-luglio-di-66-anni-fa-lo-storico-incontro-a-villa-gaggia-tra-hitler-e-mussolini\/\" \/>\n<meta property=\"og:site_name\" content=\"Bellunopress - Dolomiti\" \/>\n<meta property=\"article:publisher\" content=\"https:\/\/www.facebook.com\/profile.php?id=100008943462799\" \/>\n<meta property=\"article:published_time\" content=\"2009-07-21T15:03:12+00:00\" \/>\n<meta property=\"article:modified_time\" content=\"2014-09-02T06:26:03+00:00\" \/>\n<meta property=\"og:image\" content=\"http:\/\/www.bellunopress.it\/wp-content\/uploads\/2009\/07\/hitlermussolini-villagaggia.jpg\" \/>\n<meta name=\"author\" content=\"redazione\" \/>\n<meta name=\"twitter:card\" content=\"summary_large_image\" \/>\n<meta name=\"twitter:creator\" content=\"@bellunopress\" \/>\n<meta name=\"twitter:site\" content=\"@bellunopress\" \/>\n<meta name=\"twitter:label1\" content=\"Written by\" \/>\n\t<meta name=\"twitter:data1\" content=\"redazione\" \/>\n\t<meta name=\"twitter:label2\" content=\"Est. reading time\" \/>\n\t<meta name=\"twitter:data2\" content=\"10 minutes\" \/>\n<script type=\"application\/ld+json\" class=\"yoast-schema-graph\">{\"@context\":\"https:\\\/\\\/schema.org\",\"@graph\":[{\"@type\":\"Article\",\"@id\":\"https:\\\/\\\/www.bellunopress.it\\\/2009\\\/07\\\/21\\\/quel-19-luglio-di-66-anni-fa-lo-storico-incontro-a-villa-gaggia-tra-hitler-e-mussolini\\\/#article\",\"isPartOf\":{\"@id\":\"https:\\\/\\\/www.bellunopress.it\\\/2009\\\/07\\\/21\\\/quel-19-luglio-di-66-anni-fa-lo-storico-incontro-a-villa-gaggia-tra-hitler-e-mussolini\\\/\"},\"author\":{\"name\":\"redazione\",\"@id\":\"https:\\\/\\\/www.bellunopress.it\\\/#\\\/schema\\\/person\\\/79bb06722b37ece1c03d3e94beb30d73\"},\"headline\":\"19 luglio 1943: lo storico incontro a Villa Gaggia tra Hitler e Mussolini\",\"datePublished\":\"2009-07-21T15:03:12+00:00\",\"dateModified\":\"2014-09-02T06:26:03+00:00\",\"mainEntityOfPage\":{\"@id\":\"https:\\\/\\\/www.bellunopress.it\\\/2009\\\/07\\\/21\\\/quel-19-luglio-di-66-anni-fa-lo-storico-incontro-a-villa-gaggia-tra-hitler-e-mussolini\\\/\"},\"wordCount\":2042,\"publisher\":{\"@id\":\"https:\\\/\\\/www.bellunopress.it\\\/#organization\"},\"image\":{\"@id\":\"https:\\\/\\\/www.bellunopress.it\\\/2009\\\/07\\\/21\\\/quel-19-luglio-di-66-anni-fa-lo-storico-incontro-a-villa-gaggia-tra-hitler-e-mussolini\\\/#primaryimage\"},\"thumbnailUrl\":\"http:\\\/\\\/www.bellunopress.it\\\/wp-content\\\/uploads\\\/2009\\\/07\\\/hitlermussolini-villagaggia.jpg\",\"keywords\":[\"Hitler Mussolini\",\"l'incontro di Feltre\",\"Roberto De Nart\"],\"articleSection\":[\"Gli speciali di Bellunopress\",\"Prima Pagina\"],\"inLanguage\":\"fr-FR\"},{\"@type\":\"WebPage\",\"@id\":\"https:\\\/\\\/www.bellunopress.it\\\/2009\\\/07\\\/21\\\/quel-19-luglio-di-66-anni-fa-lo-storico-incontro-a-villa-gaggia-tra-hitler-e-mussolini\\\/\",\"url\":\"https:\\\/\\\/www.bellunopress.it\\\/2009\\\/07\\\/21\\\/quel-19-luglio-di-66-anni-fa-lo-storico-incontro-a-villa-gaggia-tra-hitler-e-mussolini\\\/\",\"name\":\"19 luglio 1943: lo storico incontro a Villa Gaggia tra Hitler e Mussolini - Bellunopress - Dolomiti\",\"isPartOf\":{\"@id\":\"https:\\\/\\\/www.bellunopress.it\\\/#website\"},\"primaryImageOfPage\":{\"@id\":\"https:\\\/\\\/www.bellunopress.it\\\/2009\\\/07\\\/21\\\/quel-19-luglio-di-66-anni-fa-lo-storico-incontro-a-villa-gaggia-tra-hitler-e-mussolini\\\/#primaryimage\"},\"image\":{\"@id\":\"https:\\\/\\\/www.bellunopress.it\\\/2009\\\/07\\\/21\\\/quel-19-luglio-di-66-anni-fa-lo-storico-incontro-a-villa-gaggia-tra-hitler-e-mussolini\\\/#primaryimage\"},\"thumbnailUrl\":\"http:\\\/\\\/www.bellunopress.it\\\/wp-content\\\/uploads\\\/2009\\\/07\\\/hitlermussolini-villagaggia.jpg\",\"datePublished\":\"2009-07-21T15:03:12+00:00\",\"dateModified\":\"2014-09-02T06:26:03+00:00\",\"breadcrumb\":{\"@id\":\"https:\\\/\\\/www.bellunopress.it\\\/2009\\\/07\\\/21\\\/quel-19-luglio-di-66-anni-fa-lo-storico-incontro-a-villa-gaggia-tra-hitler-e-mussolini\\\/#breadcrumb\"},\"inLanguage\":\"fr-FR\",\"potentialAction\":[{\"@type\":\"ReadAction\",\"target\":[\"https:\\\/\\\/www.bellunopress.it\\\/2009\\\/07\\\/21\\\/quel-19-luglio-di-66-anni-fa-lo-storico-incontro-a-villa-gaggia-tra-hitler-e-mussolini\\\/\"]}]},{\"@type\":\"ImageObject\",\"inLanguage\":\"fr-FR\",\"@id\":\"https:\\\/\\\/www.bellunopress.it\\\/2009\\\/07\\\/21\\\/quel-19-luglio-di-66-anni-fa-lo-storico-incontro-a-villa-gaggia-tra-hitler-e-mussolini\\\/#primaryimage\",\"url\":\"http:\\\/\\\/www.bellunopress.it\\\/wp-content\\\/uploads\\\/2009\\\/07\\\/hitlermussolini-villagaggia.jpg\",\"contentUrl\":\"http:\\\/\\\/www.bellunopress.it\\\/wp-content\\\/uploads\\\/2009\\\/07\\\/hitlermussolini-villagaggia.jpg\"},{\"@type\":\"BreadcrumbList\",\"@id\":\"https:\\\/\\\/www.bellunopress.it\\\/2009\\\/07\\\/21\\\/quel-19-luglio-di-66-anni-fa-lo-storico-incontro-a-villa-gaggia-tra-hitler-e-mussolini\\\/#breadcrumb\",\"itemListElement\":[{\"@type\":\"ListItem\",\"position\":1,\"name\":\"Home\",\"item\":\"https:\\\/\\\/www.bellunopress.it\\\/\"},{\"@type\":\"ListItem\",\"position\":2,\"name\":\"19 luglio 1943: lo storico incontro a Villa Gaggia tra Hitler e Mussolini\"}]},{\"@type\":\"WebSite\",\"@id\":\"https:\\\/\\\/www.bellunopress.it\\\/#website\",\"url\":\"https:\\\/\\\/www.bellunopress.it\\\/\",\"name\":\"Bellunopress - Dolomiti\",\"description\":\"e-mail: redazione@bellunopress.it\",\"publisher\":{\"@id\":\"https:\\\/\\\/www.bellunopress.it\\\/#organization\"},\"potentialAction\":[{\"@type\":\"SearchAction\",\"target\":{\"@type\":\"EntryPoint\",\"urlTemplate\":\"https:\\\/\\\/www.bellunopress.it\\\/?s={search_term_string}\"},\"query-input\":{\"@type\":\"PropertyValueSpecification\",\"valueRequired\":true,\"valueName\":\"search_term_string\"}}],\"inLanguage\":\"fr-FR\"},{\"@type\":\"Organization\",\"@id\":\"https:\\\/\\\/www.bellunopress.it\\\/#organization\",\"name\":\"Bellunopress\",\"url\":\"https:\\\/\\\/www.bellunopress.it\\\/\",\"logo\":{\"@type\":\"ImageObject\",\"inLanguage\":\"fr-FR\",\"@id\":\"https:\\\/\\\/www.bellunopress.it\\\/#\\\/schema\\\/logo\\\/image\\\/\",\"url\":\"https:\\\/\\\/www.bellunopress.it\\\/wp-content\\\/uploads\\\/2011\\\/05\\\/cropped-logo-bellunopress-.jpg\",\"contentUrl\":\"https:\\\/\\\/www.bellunopress.it\\\/wp-content\\\/uploads\\\/2011\\\/05\\\/cropped-logo-bellunopress-.jpg\",\"width\":512,\"height\":512,\"caption\":\"Bellunopress\"},\"image\":{\"@id\":\"https:\\\/\\\/www.bellunopress.it\\\/#\\\/schema\\\/logo\\\/image\\\/\"},\"sameAs\":[\"https:\\\/\\\/www.facebook.com\\\/profile.php?id=100008943462799\",\"https:\\\/\\\/x.com\\\/bellunopress\",\"https:\\\/\\\/www.linkedin.com\\\/hp\\\/?dnr=JBzUWaJfMUw8vbXJJ2tVW5-I3jZKvC4wsoxE&amp;amp;amp;amp;amp;amp;trk=nav_responsive_tab_home\",\"https:\\\/\\\/www.youtube.com\\\/channel\\\/UCxL0wu1uN0_3_7hGG0306cw\"]},{\"@type\":\"Person\",\"@id\":\"https:\\\/\\\/www.bellunopress.it\\\/#\\\/schema\\\/person\\\/79bb06722b37ece1c03d3e94beb30d73\",\"name\":\"redazione\",\"image\":{\"@type\":\"ImageObject\",\"inLanguage\":\"fr-FR\",\"@id\":\"https:\\\/\\\/secure.gravatar.com\\\/avatar\\\/37d968a2e67a6fd04c169c4bdef102d0bc5d31b2546345219e348575eb80e9a0?s=96&d=mm&r=g\",\"url\":\"https:\\\/\\\/secure.gravatar.com\\\/avatar\\\/37d968a2e67a6fd04c169c4bdef102d0bc5d31b2546345219e348575eb80e9a0?s=96&d=mm&r=g\",\"contentUrl\":\"https:\\\/\\\/secure.gravatar.com\\\/avatar\\\/37d968a2e67a6fd04c169c4bdef102d0bc5d31b2546345219e348575eb80e9a0?s=96&d=mm&r=g\",\"caption\":\"redazione\"},\"sameAs\":[\"http:\\\/\\\/www.bellunopress.it\",\"https:\\\/\\\/x.com\\\/bellunopress\"],\"url\":\"https:\\\/\\\/www.bellunopress.it\\\/fr\\\/author\\\/redazione\\\/\"}]}<\/script>\n<!-- \/ Yoast SEO plugin. -->","yoast_head_json":{"title":"19 luglio 1943: lo storico incontro a Villa Gaggia tra Hitler e Mussolini - Bellunopress - Dolomiti","robots":{"index":"index","follow":"follow","max-snippet":"max-snippet:-1","max-image-preview":"max-image-preview:large","max-video-preview":"max-video-preview:-1"},"canonical":"https:\/\/www.bellunopress.it\/fr\/2009\/07\/21\/quel-19-luglio-di-66-anni-fa-lo-storico-incontro-a-villa-gaggia-tra-hitler-e-mussolini\/","og_locale":"fr_FR","og_type":"article","og_title":"19 luglio 1943: lo storico incontro a Villa Gaggia tra Hitler e Mussolini - Bellunopress - Dolomiti","og_description":"Hitler e Mussolini dovevano morire nel 1943, durante lo storico &#8220;incontro di Feltre\u201d. Il retroscena di un attentato che non ci fu. Nel luglio del \u201943 tutto era pronto per eliminare Hitler e Mussolini. Il bliz avrebbe dovuto compiersi nel corso del cosiddetto \u201cIncontro di Feltre\u201d. Ma un contrordine partito dal Vaticano, in accordo con [&hellip;]","og_url":"https:\/\/www.bellunopress.it\/fr\/2009\/07\/21\/quel-19-luglio-di-66-anni-fa-lo-storico-incontro-a-villa-gaggia-tra-hitler-e-mussolini\/","og_site_name":"Bellunopress - Dolomiti","article_publisher":"https:\/\/www.facebook.com\/profile.php?id=100008943462799","article_published_time":"2009-07-21T15:03:12+00:00","article_modified_time":"2014-09-02T06:26:03+00:00","og_image":[{"url":"http:\/\/www.bellunopress.it\/wp-content\/uploads\/2009\/07\/hitlermussolini-villagaggia.jpg","type":"","width":"","height":""}],"author":"redazione","twitter_card":"summary_large_image","twitter_creator":"@bellunopress","twitter_site":"@bellunopress","twitter_misc":{"Written by":"redazione","Est. reading time":"10 minutes"},"schema":{"@context":"https:\/\/schema.org","@graph":[{"@type":"Article","@id":"https:\/\/www.bellunopress.it\/2009\/07\/21\/quel-19-luglio-di-66-anni-fa-lo-storico-incontro-a-villa-gaggia-tra-hitler-e-mussolini\/#article","isPartOf":{"@id":"https:\/\/www.bellunopress.it\/2009\/07\/21\/quel-19-luglio-di-66-anni-fa-lo-storico-incontro-a-villa-gaggia-tra-hitler-e-mussolini\/"},"author":{"name":"redazione","@id":"https:\/\/www.bellunopress.it\/#\/schema\/person\/79bb06722b37ece1c03d3e94beb30d73"},"headline":"19 luglio 1943: lo storico incontro a Villa Gaggia tra Hitler e Mussolini","datePublished":"2009-07-21T15:03:12+00:00","dateModified":"2014-09-02T06:26:03+00:00","mainEntityOfPage":{"@id":"https:\/\/www.bellunopress.it\/2009\/07\/21\/quel-19-luglio-di-66-anni-fa-lo-storico-incontro-a-villa-gaggia-tra-hitler-e-mussolini\/"},"wordCount":2042,"publisher":{"@id":"https:\/\/www.bellunopress.it\/#organization"},"image":{"@id":"https:\/\/www.bellunopress.it\/2009\/07\/21\/quel-19-luglio-di-66-anni-fa-lo-storico-incontro-a-villa-gaggia-tra-hitler-e-mussolini\/#primaryimage"},"thumbnailUrl":"http:\/\/www.bellunopress.it\/wp-content\/uploads\/2009\/07\/hitlermussolini-villagaggia.jpg","keywords":["Hitler Mussolini","l'incontro di Feltre","Roberto De Nart"],"articleSection":["Gli speciali di Bellunopress","Prima Pagina"],"inLanguage":"fr-FR"},{"@type":"WebPage","@id":"https:\/\/www.bellunopress.it\/2009\/07\/21\/quel-19-luglio-di-66-anni-fa-lo-storico-incontro-a-villa-gaggia-tra-hitler-e-mussolini\/","url":"https:\/\/www.bellunopress.it\/2009\/07\/21\/quel-19-luglio-di-66-anni-fa-lo-storico-incontro-a-villa-gaggia-tra-hitler-e-mussolini\/","name":"19 luglio 1943: lo storico incontro a Villa Gaggia tra Hitler e Mussolini - Bellunopress - Dolomiti","isPartOf":{"@id":"https:\/\/www.bellunopress.it\/#website"},"primaryImageOfPage":{"@id":"https:\/\/www.bellunopress.it\/2009\/07\/21\/quel-19-luglio-di-66-anni-fa-lo-storico-incontro-a-villa-gaggia-tra-hitler-e-mussolini\/#primaryimage"},"image":{"@id":"https:\/\/www.bellunopress.it\/2009\/07\/21\/quel-19-luglio-di-66-anni-fa-lo-storico-incontro-a-villa-gaggia-tra-hitler-e-mussolini\/#primaryimage"},"thumbnailUrl":"http:\/\/www.bellunopress.it\/wp-content\/uploads\/2009\/07\/hitlermussolini-villagaggia.jpg","datePublished":"2009-07-21T15:03:12+00:00","dateModified":"2014-09-02T06:26:03+00:00","breadcrumb":{"@id":"https:\/\/www.bellunopress.it\/2009\/07\/21\/quel-19-luglio-di-66-anni-fa-lo-storico-incontro-a-villa-gaggia-tra-hitler-e-mussolini\/#breadcrumb"},"inLanguage":"fr-FR","potentialAction":[{"@type":"ReadAction","target":["https:\/\/www.bellunopress.it\/2009\/07\/21\/quel-19-luglio-di-66-anni-fa-lo-storico-incontro-a-villa-gaggia-tra-hitler-e-mussolini\/"]}]},{"@type":"ImageObject","inLanguage":"fr-FR","@id":"https:\/\/www.bellunopress.it\/2009\/07\/21\/quel-19-luglio-di-66-anni-fa-lo-storico-incontro-a-villa-gaggia-tra-hitler-e-mussolini\/#primaryimage","url":"http:\/\/www.bellunopress.it\/wp-content\/uploads\/2009\/07\/hitlermussolini-villagaggia.jpg","contentUrl":"http:\/\/www.bellunopress.it\/wp-content\/uploads\/2009\/07\/hitlermussolini-villagaggia.jpg"},{"@type":"BreadcrumbList","@id":"https:\/\/www.bellunopress.it\/2009\/07\/21\/quel-19-luglio-di-66-anni-fa-lo-storico-incontro-a-villa-gaggia-tra-hitler-e-mussolini\/#breadcrumb","itemListElement":[{"@type":"ListItem","position":1,"name":"Home","item":"https:\/\/www.bellunopress.it\/"},{"@type":"ListItem","position":2,"name":"19 luglio 1943: lo storico incontro a Villa Gaggia tra Hitler e Mussolini"}]},{"@type":"WebSite","@id":"https:\/\/www.bellunopress.it\/#website","url":"https:\/\/www.bellunopress.it\/","name":"Bellunopress - Dolomiti","description":"e-mail: redazione@bellunopress.it","publisher":{"@id":"https:\/\/www.bellunopress.it\/#organization"},"potentialAction":[{"@type":"SearchAction","target":{"@type":"EntryPoint","urlTemplate":"https:\/\/www.bellunopress.it\/?s={search_term_string}"},"query-input":{"@type":"PropertyValueSpecification","valueRequired":true,"valueName":"search_term_string"}}],"inLanguage":"fr-FR"},{"@type":"Organization","@id":"https:\/\/www.bellunopress.it\/#organization","name":"Bellunopress","url":"https:\/\/www.bellunopress.it\/","logo":{"@type":"ImageObject","inLanguage":"fr-FR","@id":"https:\/\/www.bellunopress.it\/#\/schema\/logo\/image\/","url":"https:\/\/www.bellunopress.it\/wp-content\/uploads\/2011\/05\/cropped-logo-bellunopress-.jpg","contentUrl":"https:\/\/www.bellunopress.it\/wp-content\/uploads\/2011\/05\/cropped-logo-bellunopress-.jpg","width":512,"height":512,"caption":"Bellunopress"},"image":{"@id":"https:\/\/www.bellunopress.it\/#\/schema\/logo\/image\/"},"sameAs":["https:\/\/www.facebook.com\/profile.php?id=100008943462799","https:\/\/x.com\/bellunopress","https:\/\/www.linkedin.com\/hp\/?dnr=JBzUWaJfMUw8vbXJJ2tVW5-I3jZKvC4wsoxE&amp;amp;amp;amp;amp;amp;trk=nav_responsive_tab_home","https:\/\/www.youtube.com\/channel\/UCxL0wu1uN0_3_7hGG0306cw"]},{"@type":"Person","@id":"https:\/\/www.bellunopress.it\/#\/schema\/person\/79bb06722b37ece1c03d3e94beb30d73","name":"r\u00e9daction","image":{"@type":"ImageObject","inLanguage":"fr-FR","@id":"https:\/\/secure.gravatar.com\/avatar\/37d968a2e67a6fd04c169c4bdef102d0bc5d31b2546345219e348575eb80e9a0?s=96&d=mm&r=g","url":"https:\/\/secure.gravatar.com\/avatar\/37d968a2e67a6fd04c169c4bdef102d0bc5d31b2546345219e348575eb80e9a0?s=96&d=mm&r=g","contentUrl":"https:\/\/secure.gravatar.com\/avatar\/37d968a2e67a6fd04c169c4bdef102d0bc5d31b2546345219e348575eb80e9a0?s=96&d=mm&r=g","caption":"redazione"},"sameAs":["http:\/\/www.bellunopress.it","https:\/\/x.com\/bellunopress"],"url":"https:\/\/www.bellunopress.it\/fr\/author\/redazione\/"}]}},"_links":{"self":[{"href":"https:\/\/www.bellunopress.it\/fr\/wp-json\/wp\/v2\/posts\/6205","targetHints":{"allow":["GET"]}}],"collection":[{"href":"https:\/\/www.bellunopress.it\/fr\/wp-json\/wp\/v2\/posts"}],"about":[{"href":"https:\/\/www.bellunopress.it\/fr\/wp-json\/wp\/v2\/types\/post"}],"author":[{"embeddable":true,"href":"https:\/\/www.bellunopress.it\/fr\/wp-json\/wp\/v2\/users\/2"}],"replies":[{"embeddable":true,"href":"https:\/\/www.bellunopress.it\/fr\/wp-json\/wp\/v2\/comments?post=6205"}],"version-history":[{"count":18,"href":"https:\/\/www.bellunopress.it\/fr\/wp-json\/wp\/v2\/posts\/6205\/revisions"}],"predecessor-version":[{"id":62121,"href":"https:\/\/www.bellunopress.it\/fr\/wp-json\/wp\/v2\/posts\/6205\/revisions\/62121"}],"wp:attachment":[{"href":"https:\/\/www.bellunopress.it\/fr\/wp-json\/wp\/v2\/media?parent=6205"}],"wp:term":[{"taxonomy":"category","embeddable":true,"href":"https:\/\/www.bellunopress.it\/fr\/wp-json\/wp\/v2\/categories?post=6205"},{"taxonomy":"post_tag","embeddable":true,"href":"https:\/\/www.bellunopress.it\/fr\/wp-json\/wp\/v2\/tags?post=6205"}],"curies":[{"name":"wp","href":"https:\/\/api.w.org\/{rel}","templated":true}]}}