{"id":6203,"date":"2009-07-21T15:45:07","date_gmt":"2009-07-21T14:45:07","guid":{"rendered":"http:\/\/www.bellunopress.it\/?p=6203"},"modified":"2009-07-21T16:13:36","modified_gmt":"2009-07-21T15:13:36","slug":"gli-ultimi-concorsi-pubblici-segnalati-da-informagiovani","status":"publish","type":"post","link":"https:\/\/www.bellunopress.it\/fr\/2009\/07\/21\/gli-ultimi-concorsi-pubblici-segnalati-da-informagiovani\/","title":{"rendered":"Gli ultimi concorsi pubblici segnalati da InformaGiovani"},"content":{"rendered":"<p><a href=\"http:\/\/www.bellunopress.it\/wp-content\/uploads\/2009\/05\/informagiovani-100x80.jpg\"><img loading=\"lazy\" decoding=\"async\" class=\"alignleft size-medium wp-image-3870\" title=\"informagiovani-100x80\" src=\"http:\/\/www.bellunopress.it\/wp-content\/uploads\/2009\/05\/informagiovani-100x80.jpg\" alt=\"\" width=\"100\" height=\"80\" \/><\/a>In collaborazione con InformaGiovani del Comune di Belluno, pubblichiamo i bandi dei concorsi pubblici pubblicati dagli enti della Provincia e del Veneto. Concorsi in provincia di Belluno.\u00a0 <strong>Comune di Pieve d&#8217;Alpago:<\/strong> Concorso pubblico per esami, per la copertura, con contratto a tempo pieno e indeterminato, di un posto di Operaio professionale, Autista \u2013 categoria B, posizione economica B3 del Ccnl Comparto Reg.-Eell &#8211; presso l\u2019Area Tecnica e dei Servizi Manutentivi.<br \/>\n<strong>Requisiti:<\/strong><br \/>\n&#8211; diploma di scuola media secondaria di primo grado;<br \/>\n&#8211; patente di categoria D e carta di qualificazione del conducente per il trasporto professionale di persone in ambito comunitario (C.Q.C.) di cui al decreto legislativo n. 286 del 2005.<br \/>\nScadenza:\u00a0 entro il 19 agosto 2009<\/p>\n<p><strong>AZIENDA FELTRINA PER I SERVIZI ALLA PERSONA<\/strong><br \/>\nSelezione per la ricerca del profilo di Istruttore Direttivo \u2013 Fisioterapista Coordinatore, categoria D, posizione economica D1, da destinare ai Centri Servizi affidati alla gestione dell&#8217;Azienda Feltrina (Feltre, Cesiomaggiore e Lentiai).<br \/>\nRequisiti: diploma di terapista della riabilitazione conseguito dopo il diploma di scuola media superiore o corso di laurea di primo livello per fisioterapisti.<br \/>\nScadenza: ore 12 del 30 luglio 2009.<\/p>\n<p><strong>AMMINISTRAZIONE PROVINCIALE DI BELLUNO<\/strong><br \/>\nBando per l&#8217;ammissione all&#8217;esame di abilitazione e di estensione linguistica alla professione di accompagnatore turistico per l&#8217;anno 2009.<br \/>\nRequisiti: diploma di stato (nuovo ordinamento) o diploma di istituto di istruzione secondaria di secondo grado che consenta l\u2019accesso all&#8217;Universit\u00e0 (vecchio ordinamento), rilasciato da istituto statale o legalmente riconosciuto o parificato; conoscenza di almeno una lingua straniera.<br \/>\nAi soli fini dell\u2019estensione linguistica dell\u2019abilitazione ad accompagnatore turistico: iscrizione in un elenco provinciale degli accompagnatori turistici.<br \/>\nScadenza: ore 17 del 26 agosto 2009.<br \/>\nBollettino Ufficiale N. 58 del 17\/07\/2009<br \/>\n<strong>Concorsi<\/strong><br \/>\nCONCORSO \/ ANTICA SCUOLA DEI BATTUTI &#8211; MESTRE &#8211; VENEZIA<br \/>\nConcorso pubblico per titoli ed esami, per n. 2 posti di psicologo a tempo pieno ed indeterminato (categoria d3 c.c.n.l del comparto regioni ed autonomie locali)<br \/>\nCONCORSO \/ ANTICA SCUOLA DEI BATTUTI &#8211; MESTRE &#8211; VENEZIA<br \/>\nConcorso pubblico, per titoli ed esami, per n. 1 posto di infermiere professionale, a tempo pieno ed indeterminato (categoria c1 &#8211; c.c.n.l 1998\/2001)<br \/>\nCONCORSO \/ ANTICA SCUOLA DEI BATTUTI &#8211; MESTRE &#8211; VENEZIA<br \/>\nConcorso pubblico, per titoli ed esami, per n. 1 posto di educatore animatore a tempo pieno ed indeterminato (categoria c1 c.c.n.l del comparto regioni ed autonomie locali)<br \/>\nCONCORSO \/ CASA DI RIPOSO &#8211; SAN GIOVANNI BATTISTA &#8211; MONTEBELLO VICENTINO &#8211; VICENZA<br \/>\nConcorso pubblico, per esami, per n. 1 posto di infermiere professionale (categoria contrattuale &#8220;c&#8221; &#8211; posizione economica &#8220;c1&#8221; &#8211; c.c.n.l. comparto enti locali 2006\/2007), a tempo indeterminato in prova.<br \/>\nCONCORSO \/ CASA DI SOGGIORNO &#8220;F.LLI ELISEO E PIETRO MOZZETTI&#8221;, VAZZOLA (TREVISO)<br \/>\nConcorso pubblico, per soli esami per n. 1 posto di &#8220;terapista della riabilitazione&#8221;, a tempo pieno ed a tempo indeterminato &#8211; categoria c1 &#8211; area dei servizi alla persona.<br \/>\nCONCORSO \/ CASA DI SOGGIORNO &#8220;F.LLI ELISEO E PIETRO MOZZETTI&#8221;, VAZZOLA (TREVISO)<br \/>\nConcorso pubblico, per soli esami, per n. 3 posti di &#8220;infermiere professionale&#8221; a tempo pieno ed a tempo indeterminato, Categoria C1 &#8211; area dei servizi alla persona &#8211; aperto ai cittadini di stati non appartenenti all&#8217;unione europea<br \/>\nCONCORSO \/ CENTRO SERVIZI SOCIALI VILLA C. RESEMINI &#8211; STIENTA &#8211; ROVIGO<br \/>\nConcorso pubblico, per titoli ed esami, per n. 1 posto di operaio manutentore, tempo indeterminato parziale (20 ore settimanali).<br \/>\nCONCORSO \/ COMUNE DI NEGRAR<br \/>\nAvviso di revoca &#8220;Selezione pubblica per titoli ed esami per l&#8217;assunzione, a tempo indeterminato con impiego a tempo pieno, di n. 1 Istruttore Direttivo Tecnico Cat. D1 &#8211; presso il Servizio Manutenzioni nell&#8217;ambito del Settore Gestione del Territorio&#8221;.<br \/>\nCONCORSO \/ COMUNE DI PORTO TOLLE<br \/>\nConcorso pubblico, per titoli ed esami a tempo indeterminato, per n. 1 posto di agente di polizia locale, categoria c posizione economica c1.<br \/>\nCONCORSO \/ COMUNE DI SPINEA<br \/>\nSelezione pubblica, per soli esami, a tempo determinato ed orario pieno, per un &#8220;farmacista&#8221; di cat. d del ccnl.<br \/>\nCONCORSO \/ COMUNE DI VICENZA<br \/>\nConcorso pubblico, per titoli ed esami, per il posto di dirigente-direttore biblioteca civica bertoliana a tempo indeterminato.<br \/>\nCONCORSO \/ COMUNE DI ZENSON DI PIAVE<br \/>\nEstratto bando di concorso per il rilascio di n. 1 autorizzazione per il servizio di noleggio con autovettura con conducente.<br \/>\nCONCORSO \/ ISTITUTO RODIGINO DI ASSISTENZA SOCIALE &#8211; ROVIGO<br \/>\nConcorso pubblico per titoli ed esami per la copertura di: &#8211; n. 01 posti di &#8220;assistente sociale&#8221; a tempo indeterminato in prova (cat. d &#8211; posizione economica d1 &#8211; ccnl comparto regioni autonomie locali).<br \/>\nCONCORSO \/ PIO OSPIZIO SAN MICHELE &#8211; NOGARA &#8211; VERONA<br \/>\nConcorso pubblico, per titoli ed esami, per n. 1 posto di coordinatore socio &#8211; assistenziale, a tempo pieno e indeterminato (Cat. D Posizione economica D1 &#8211; CCNL dipendenti Regione e delle Amministrazioni Locali).<br \/>\nCONCORSO \/ ULSS N.01 &#8211; BELLUNO<br \/>\nPubblicazione burv avviso pubblico, per titoli e colloquio, per l&#8217;assunzione a tempo determinato di n. 1 medico dirigente (disciplina di urologia). (deliberazione n. 684 del 16.06.2009).<br \/>\nCONCORSO \/ ULSS N.02 &#8211; FELTRE (BL)<br \/>\nAvviso pubblico per titoli e prova colloquio, a tempo determinato per: n. 1 dirigente medico disciplina di cardiologia (area medica e delle specialit\u00e0 mediche) e n. 1 dirigente medico disciplina di igiene, epidemiologia e sanit\u00e0 pubblica (area di sanit\u00e0 pubblica)<br \/>\nCONCORSO \/ ULSS N.06 &#8211; VICENZA<br \/>\nConcorso pubblico, per titoli ed esami, per l&#8217;assunzione a tempo indeterminato di n. 1 dirigente ingegnere da assegnare al servizio di ingegneria clinica.<br \/>\nCONCORSO \/ ULSS N.06 &#8211; VICENZA<br \/>\nAvviso pubblico per l&#8217;incarico di direttore u.o.c. di anestesia e rianimazione 2^. avviso pubblico n. 137<br \/>\nCONCORSO \/ ULSS N.09 &#8211; TREVISO<br \/>\nGraduatoria pubblico concorso, per titoli ed esami, per l&#8217;assunzione a tempo indeterminato di un dirigente medico di malattie dell&#8217;apparato respiratorio<br \/>\nCONCORSO \/ ULSS N.09 &#8211; TREVISO<br \/>\nRiapertura termini di avviso pubblico per l&#8217;attribuzione dell&#8217;incarico di direzione di struttura complessa per l&#8217;unit\u00e0 operativa di radiologia diagnostica del presidio ospedaliero di oderzo<br \/>\nCONCORSO \/ ULSS N.09 &#8211; TREVISO<br \/>\nGraduatoria di merito del pubblico concorso, per titoli ed esami, per l&#8217;assunzione a tempo indeterminato di un collaboratore professionale sanitario &#8211; infermiere, categoria d.<br \/>\nCONCORSO \/ ULSS N.09 &#8211; TREVISO<br \/>\nAvviso pubblico n. per l&#8217;attribuzione dell&#8217;incarico di direzione di struttura complessa per il servizio veterinario area &#8220;a&#8221;: sanit\u00e0 animale<br \/>\nCONCORSO \/ ULSS N.10 &#8211; SAN DONA DI PIAVE (VE)<br \/>\nAvviso Pubblico di Dirigente Medico di Medicina Interna, presso l&#8217;A.S.S.L. n. 10 &#8220;Veneto Orientale&#8221; di San Don\u00e0 di Piave.<br \/>\nCONCORSO \/ ULSS N.15 &#8211; CITTADELLA (PD)<br \/>\nAvviso pubblico, per soli titoli, per l&#8217;eventuale assunzione di personale, con profilo professionale di Collaboratore Professionale &#8211; Assitente Sociale &#8211; Cat. D, con rapporto di lavoro subordinato a tempo determinato. (deliberazione n. 619 del 26.06.2009).<br \/>\nCONCORSO \/ ULSS N.18 &#8211; ROVIGO<br \/>\nAvviso pubblico, per titoli e colloquio, per l&#8217;assunzione a tempo determinato di n. 1 dirigente medico per la soc pronto soccorso &#8211; disciplina: medicina e chirurgia d&#8217;accettazione e d&#8217;urgenza.<\/p>","protected":false},"excerpt":{"rendered":"<p>In collaborazione con InformaGiovani del Comune di Belluno, pubblichiamo i bandi dei concorsi pubblici pubblicati dagli enti della Provincia e del Veneto. Concorsi in provincia di Belluno.\u00a0 Comune di Pieve d&#8217;Alpago: Concorso pubblico per esami, per la copertura, con contratto a tempo pieno e indeterminato, di un posto di Operaio professionale, Autista \u2013 categoria B, [&hellip;]<\/p>\n","protected":false},"author":2,"featured_media":0,"comment_status":"closed","ping_status":"open","sticky":false,"template":"","format":"standard","meta":{"footnotes":""},"categories":[36,26],"tags":[139,302],"class_list":["post-6203","post","type-post","status-publish","format-standard","category-lavoro-economia","category-prima-pagina","tag-belluno","tag-feltre"],"yoast_head":"<!-- This site is optimized with the Yoast SEO plugin v28.4 - https:\/\/yoast.com\/product\/yoast-seo-wordpress\/ -->\n<title>Gli ultimi concorsi pubblici segnalati da InformaGiovani - Bellunopress - Dolomiti<\/title>\n<meta name=\"robots\" content=\"index, follow, max-snippet:-1, max-image-preview:large, max-video-preview:-1\" \/>\n<link rel=\"canonical\" href=\"https:\/\/www.bellunopress.it\/fr\/2009\/07\/21\/gli-ultimi-concorsi-pubblici-segnalati-da-informagiovani\/\" \/>\n<meta property=\"og:locale\" content=\"fr_FR\" \/>\n<meta property=\"og:type\" content=\"article\" \/>\n<meta property=\"og:title\" content=\"Gli ultimi concorsi pubblici segnalati da InformaGiovani - Bellunopress - Dolomiti\" \/>\n<meta property=\"og:description\" content=\"In collaborazione con InformaGiovani del Comune di Belluno, pubblichiamo i bandi dei concorsi pubblici pubblicati dagli enti della Provincia e del Veneto. Concorsi in provincia di Belluno.\u00a0 Comune di Pieve d&#8217;Alpago: Concorso pubblico per esami, per la copertura, con contratto a tempo pieno e indeterminato, di un posto di Operaio professionale, Autista \u2013 categoria B, [&hellip;]\" \/>\n<meta property=\"og:url\" content=\"https:\/\/www.bellunopress.it\/fr\/2009\/07\/21\/gli-ultimi-concorsi-pubblici-segnalati-da-informagiovani\/\" \/>\n<meta property=\"og:site_name\" content=\"Bellunopress - Dolomiti\" \/>\n<meta property=\"article:publisher\" content=\"https:\/\/www.facebook.com\/profile.php?id=100008943462799\" \/>\n<meta property=\"article:published_time\" content=\"2009-07-21T14:45:07+00:00\" \/>\n<meta property=\"article:modified_time\" content=\"2009-07-21T15:13:36+00:00\" \/>\n<meta property=\"og:image\" content=\"http:\/\/www.bellunopress.it\/wp-content\/uploads\/2009\/05\/informagiovani-100x80.jpg\" \/>\n<meta name=\"author\" content=\"redazione\" \/>\n<meta name=\"twitter:card\" content=\"summary_large_image\" \/>\n<meta name=\"twitter:creator\" content=\"@bellunopress\" \/>\n<meta name=\"twitter:site\" content=\"@bellunopress\" \/>\n<meta name=\"twitter:label1\" content=\"Written by\" \/>\n\t<meta name=\"twitter:data1\" content=\"redazione\" \/>\n\t<meta name=\"twitter:label2\" content=\"Est. reading time\" \/>\n\t<meta name=\"twitter:data2\" content=\"5 minutes\" \/>\n<script type=\"application\/ld+json\" class=\"yoast-schema-graph\">{\"@context\":\"https:\\\/\\\/schema.org\",\"@graph\":[{\"@type\":\"Article\",\"@id\":\"https:\\\/\\\/www.bellunopress.it\\\/2009\\\/07\\\/21\\\/gli-ultimi-concorsi-pubblici-segnalati-da-informagiovani\\\/#article\",\"isPartOf\":{\"@id\":\"https:\\\/\\\/www.bellunopress.it\\\/2009\\\/07\\\/21\\\/gli-ultimi-concorsi-pubblici-segnalati-da-informagiovani\\\/\"},\"author\":{\"name\":\"redazione\",\"@id\":\"https:\\\/\\\/www.bellunopress.it\\\/#\\\/schema\\\/person\\\/79bb06722b37ece1c03d3e94beb30d73\"},\"headline\":\"Gli ultimi concorsi pubblici segnalati da InformaGiovani\",\"datePublished\":\"2009-07-21T14:45:07+00:00\",\"dateModified\":\"2009-07-21T15:13:36+00:00\",\"mainEntityOfPage\":{\"@id\":\"https:\\\/\\\/www.bellunopress.it\\\/2009\\\/07\\\/21\\\/gli-ultimi-concorsi-pubblici-segnalati-da-informagiovani\\\/\"},\"wordCount\":1113,\"publisher\":{\"@id\":\"https:\\\/\\\/www.bellunopress.it\\\/#organization\"},\"image\":{\"@id\":\"https:\\\/\\\/www.bellunopress.it\\\/2009\\\/07\\\/21\\\/gli-ultimi-concorsi-pubblici-segnalati-da-informagiovani\\\/#primaryimage\"},\"thumbnailUrl\":\"http:\\\/\\\/www.bellunopress.it\\\/wp-content\\\/uploads\\\/2009\\\/05\\\/informagiovani-100x80.jpg\",\"keywords\":[\"Belluno\",\"Feltre\"],\"articleSection\":[\"Lavoro, Economia, Turismo\",\"Prima Pagina\"],\"inLanguage\":\"fr-FR\"},{\"@type\":\"WebPage\",\"@id\":\"https:\\\/\\\/www.bellunopress.it\\\/2009\\\/07\\\/21\\\/gli-ultimi-concorsi-pubblici-segnalati-da-informagiovani\\\/\",\"url\":\"https:\\\/\\\/www.bellunopress.it\\\/2009\\\/07\\\/21\\\/gli-ultimi-concorsi-pubblici-segnalati-da-informagiovani\\\/\",\"name\":\"Gli ultimi concorsi pubblici segnalati da InformaGiovani - Bellunopress - Dolomiti\",\"isPartOf\":{\"@id\":\"https:\\\/\\\/www.bellunopress.it\\\/#website\"},\"primaryImageOfPage\":{\"@id\":\"https:\\\/\\\/www.bellunopress.it\\\/2009\\\/07\\\/21\\\/gli-ultimi-concorsi-pubblici-segnalati-da-informagiovani\\\/#primaryimage\"},\"image\":{\"@id\":\"https:\\\/\\\/www.bellunopress.it\\\/2009\\\/07\\\/21\\\/gli-ultimi-concorsi-pubblici-segnalati-da-informagiovani\\\/#primaryimage\"},\"thumbnailUrl\":\"http:\\\/\\\/www.bellunopress.it\\\/wp-content\\\/uploads\\\/2009\\\/05\\\/informagiovani-100x80.jpg\",\"datePublished\":\"2009-07-21T14:45:07+00:00\",\"dateModified\":\"2009-07-21T15:13:36+00:00\",\"breadcrumb\":{\"@id\":\"https:\\\/\\\/www.bellunopress.it\\\/2009\\\/07\\\/21\\\/gli-ultimi-concorsi-pubblici-segnalati-da-informagiovani\\\/#breadcrumb\"},\"inLanguage\":\"fr-FR\",\"potentialAction\":[{\"@type\":\"ReadAction\",\"target\":[\"https:\\\/\\\/www.bellunopress.it\\\/2009\\\/07\\\/21\\\/gli-ultimi-concorsi-pubblici-segnalati-da-informagiovani\\\/\"]}]},{\"@type\":\"ImageObject\",\"inLanguage\":\"fr-FR\",\"@id\":\"https:\\\/\\\/www.bellunopress.it\\\/2009\\\/07\\\/21\\\/gli-ultimi-concorsi-pubblici-segnalati-da-informagiovani\\\/#primaryimage\",\"url\":\"http:\\\/\\\/www.bellunopress.it\\\/wp-content\\\/uploads\\\/2009\\\/05\\\/informagiovani-100x80.jpg\",\"contentUrl\":\"http:\\\/\\\/www.bellunopress.it\\\/wp-content\\\/uploads\\\/2009\\\/05\\\/informagiovani-100x80.jpg\"},{\"@type\":\"BreadcrumbList\",\"@id\":\"https:\\\/\\\/www.bellunopress.it\\\/2009\\\/07\\\/21\\\/gli-ultimi-concorsi-pubblici-segnalati-da-informagiovani\\\/#breadcrumb\",\"itemListElement\":[{\"@type\":\"ListItem\",\"position\":1,\"name\":\"Home\",\"item\":\"https:\\\/\\\/www.bellunopress.it\\\/\"},{\"@type\":\"ListItem\",\"position\":2,\"name\":\"Gli ultimi concorsi pubblici segnalati da InformaGiovani\"}]},{\"@type\":\"WebSite\",\"@id\":\"https:\\\/\\\/www.bellunopress.it\\\/#website\",\"url\":\"https:\\\/\\\/www.bellunopress.it\\\/\",\"name\":\"Bellunopress - Dolomiti\",\"description\":\"e-mail: redazione@bellunopress.it\",\"publisher\":{\"@id\":\"https:\\\/\\\/www.bellunopress.it\\\/#organization\"},\"potentialAction\":[{\"@type\":\"SearchAction\",\"target\":{\"@type\":\"EntryPoint\",\"urlTemplate\":\"https:\\\/\\\/www.bellunopress.it\\\/?s={search_term_string}\"},\"query-input\":{\"@type\":\"PropertyValueSpecification\",\"valueRequired\":true,\"valueName\":\"search_term_string\"}}],\"inLanguage\":\"fr-FR\"},{\"@type\":\"Organization\",\"@id\":\"https:\\\/\\\/www.bellunopress.it\\\/#organization\",\"name\":\"Bellunopress\",\"url\":\"https:\\\/\\\/www.bellunopress.it\\\/\",\"logo\":{\"@type\":\"ImageObject\",\"inLanguage\":\"fr-FR\",\"@id\":\"https:\\\/\\\/www.bellunopress.it\\\/#\\\/schema\\\/logo\\\/image\\\/\",\"url\":\"https:\\\/\\\/www.bellunopress.it\\\/wp-content\\\/uploads\\\/2011\\\/05\\\/cropped-logo-bellunopress-.jpg\",\"contentUrl\":\"https:\\\/\\\/www.bellunopress.it\\\/wp-content\\\/uploads\\\/2011\\\/05\\\/cropped-logo-bellunopress-.jpg\",\"width\":512,\"height\":512,\"caption\":\"Bellunopress\"},\"image\":{\"@id\":\"https:\\\/\\\/www.bellunopress.it\\\/#\\\/schema\\\/logo\\\/image\\\/\"},\"sameAs\":[\"https:\\\/\\\/www.facebook.com\\\/profile.php?id=100008943462799\",\"https:\\\/\\\/x.com\\\/bellunopress\",\"https:\\\/\\\/www.linkedin.com\\\/hp\\\/?dnr=JBzUWaJfMUw8vbXJJ2tVW5-I3jZKvC4wsoxE&amp;amp;amp;amp;amp;amp;trk=nav_responsive_tab_home\",\"https:\\\/\\\/www.youtube.com\\\/channel\\\/UCxL0wu1uN0_3_7hGG0306cw\"]},{\"@type\":\"Person\",\"@id\":\"https:\\\/\\\/www.bellunopress.it\\\/#\\\/schema\\\/person\\\/79bb06722b37ece1c03d3e94beb30d73\",\"name\":\"redazione\",\"image\":{\"@type\":\"ImageObject\",\"inLanguage\":\"fr-FR\",\"@id\":\"https:\\\/\\\/secure.gravatar.com\\\/avatar\\\/37d968a2e67a6fd04c169c4bdef102d0bc5d31b2546345219e348575eb80e9a0?s=96&d=mm&r=g\",\"url\":\"https:\\\/\\\/secure.gravatar.com\\\/avatar\\\/37d968a2e67a6fd04c169c4bdef102d0bc5d31b2546345219e348575eb80e9a0?s=96&d=mm&r=g\",\"contentUrl\":\"https:\\\/\\\/secure.gravatar.com\\\/avatar\\\/37d968a2e67a6fd04c169c4bdef102d0bc5d31b2546345219e348575eb80e9a0?s=96&d=mm&r=g\",\"caption\":\"redazione\"},\"sameAs\":[\"http:\\\/\\\/www.bellunopress.it\",\"https:\\\/\\\/x.com\\\/bellunopress\"],\"url\":\"https:\\\/\\\/www.bellunopress.it\\\/fr\\\/author\\\/redazione\\\/\"}]}<\/script>\n<!-- \/ Yoast SEO plugin. -->","yoast_head_json":{"title":"Gli ultimi concorsi pubblici segnalati da InformaGiovani - Bellunopress - Dolomiti","robots":{"index":"index","follow":"follow","max-snippet":"max-snippet:-1","max-image-preview":"max-image-preview:large","max-video-preview":"max-video-preview:-1"},"canonical":"https:\/\/www.bellunopress.it\/fr\/2009\/07\/21\/gli-ultimi-concorsi-pubblici-segnalati-da-informagiovani\/","og_locale":"fr_FR","og_type":"article","og_title":"Gli ultimi concorsi pubblici segnalati da InformaGiovani - Bellunopress - Dolomiti","og_description":"In collaborazione con InformaGiovani del Comune di Belluno, pubblichiamo i bandi dei concorsi pubblici pubblicati dagli enti della Provincia e del Veneto. Concorsi in provincia di Belluno.\u00a0 Comune di Pieve d&#8217;Alpago: Concorso pubblico per esami, per la copertura, con contratto a tempo pieno e indeterminato, di un posto di Operaio professionale, Autista \u2013 categoria B, [&hellip;]","og_url":"https:\/\/www.bellunopress.it\/fr\/2009\/07\/21\/gli-ultimi-concorsi-pubblici-segnalati-da-informagiovani\/","og_site_name":"Bellunopress - Dolomiti","article_publisher":"https:\/\/www.facebook.com\/profile.php?id=100008943462799","article_published_time":"2009-07-21T14:45:07+00:00","article_modified_time":"2009-07-21T15:13:36+00:00","og_image":[{"url":"http:\/\/www.bellunopress.it\/wp-content\/uploads\/2009\/05\/informagiovani-100x80.jpg","type":"","width":"","height":""}],"author":"redazione","twitter_card":"summary_large_image","twitter_creator":"@bellunopress","twitter_site":"@bellunopress","twitter_misc":{"Written by":"redazione","Est. reading time":"5 minutes"},"schema":{"@context":"https:\/\/schema.org","@graph":[{"@type":"Article","@id":"https:\/\/www.bellunopress.it\/2009\/07\/21\/gli-ultimi-concorsi-pubblici-segnalati-da-informagiovani\/#article","isPartOf":{"@id":"https:\/\/www.bellunopress.it\/2009\/07\/21\/gli-ultimi-concorsi-pubblici-segnalati-da-informagiovani\/"},"author":{"name":"redazione","@id":"https:\/\/www.bellunopress.it\/#\/schema\/person\/79bb06722b37ece1c03d3e94beb30d73"},"headline":"Gli ultimi concorsi pubblici segnalati da InformaGiovani","datePublished":"2009-07-21T14:45:07+00:00","dateModified":"2009-07-21T15:13:36+00:00","mainEntityOfPage":{"@id":"https:\/\/www.bellunopress.it\/2009\/07\/21\/gli-ultimi-concorsi-pubblici-segnalati-da-informagiovani\/"},"wordCount":1113,"publisher":{"@id":"https:\/\/www.bellunopress.it\/#organization"},"image":{"@id":"https:\/\/www.bellunopress.it\/2009\/07\/21\/gli-ultimi-concorsi-pubblici-segnalati-da-informagiovani\/#primaryimage"},"thumbnailUrl":"http:\/\/www.bellunopress.it\/wp-content\/uploads\/2009\/05\/informagiovani-100x80.jpg","keywords":["Belluno","Feltre"],"articleSection":["Lavoro, Economia, Turismo","Prima Pagina"],"inLanguage":"fr-FR"},{"@type":"WebPage","@id":"https:\/\/www.bellunopress.it\/2009\/07\/21\/gli-ultimi-concorsi-pubblici-segnalati-da-informagiovani\/","url":"https:\/\/www.bellunopress.it\/2009\/07\/21\/gli-ultimi-concorsi-pubblici-segnalati-da-informagiovani\/","name":"Gli ultimi concorsi pubblici segnalati da InformaGiovani - Bellunopress - Dolomiti","isPartOf":{"@id":"https:\/\/www.bellunopress.it\/#website"},"primaryImageOfPage":{"@id":"https:\/\/www.bellunopress.it\/2009\/07\/21\/gli-ultimi-concorsi-pubblici-segnalati-da-informagiovani\/#primaryimage"},"image":{"@id":"https:\/\/www.bellunopress.it\/2009\/07\/21\/gli-ultimi-concorsi-pubblici-segnalati-da-informagiovani\/#primaryimage"},"thumbnailUrl":"http:\/\/www.bellunopress.it\/wp-content\/uploads\/2009\/05\/informagiovani-100x80.jpg","datePublished":"2009-07-21T14:45:07+00:00","dateModified":"2009-07-21T15:13:36+00:00","breadcrumb":{"@id":"https:\/\/www.bellunopress.it\/2009\/07\/21\/gli-ultimi-concorsi-pubblici-segnalati-da-informagiovani\/#breadcrumb"},"inLanguage":"fr-FR","potentialAction":[{"@type":"ReadAction","target":["https:\/\/www.bellunopress.it\/2009\/07\/21\/gli-ultimi-concorsi-pubblici-segnalati-da-informagiovani\/"]}]},{"@type":"ImageObject","inLanguage":"fr-FR","@id":"https:\/\/www.bellunopress.it\/2009\/07\/21\/gli-ultimi-concorsi-pubblici-segnalati-da-informagiovani\/#primaryimage","url":"http:\/\/www.bellunopress.it\/wp-content\/uploads\/2009\/05\/informagiovani-100x80.jpg","contentUrl":"http:\/\/www.bellunopress.it\/wp-content\/uploads\/2009\/05\/informagiovani-100x80.jpg"},{"@type":"BreadcrumbList","@id":"https:\/\/www.bellunopress.it\/2009\/07\/21\/gli-ultimi-concorsi-pubblici-segnalati-da-informagiovani\/#breadcrumb","itemListElement":[{"@type":"ListItem","position":1,"name":"Home","item":"https:\/\/www.bellunopress.it\/"},{"@type":"ListItem","position":2,"name":"Gli ultimi concorsi pubblici segnalati da InformaGiovani"}]},{"@type":"WebSite","@id":"https:\/\/www.bellunopress.it\/#website","url":"https:\/\/www.bellunopress.it\/","name":"Bellunopress - Dolomiti","description":"e-mail: redazione@bellunopress.it","publisher":{"@id":"https:\/\/www.bellunopress.it\/#organization"},"potentialAction":[{"@type":"SearchAction","target":{"@type":"EntryPoint","urlTemplate":"https:\/\/www.bellunopress.it\/?s={search_term_string}"},"query-input":{"@type":"PropertyValueSpecification","valueRequired":true,"valueName":"search_term_string"}}],"inLanguage":"fr-FR"},{"@type":"Organization","@id":"https:\/\/www.bellunopress.it\/#organization","name":"Bellunopress","url":"https:\/\/www.bellunopress.it\/","logo":{"@type":"ImageObject","inLanguage":"fr-FR","@id":"https:\/\/www.bellunopress.it\/#\/schema\/logo\/image\/","url":"https:\/\/www.bellunopress.it\/wp-content\/uploads\/2011\/05\/cropped-logo-bellunopress-.jpg","contentUrl":"https:\/\/www.bellunopress.it\/wp-content\/uploads\/2011\/05\/cropped-logo-bellunopress-.jpg","width":512,"height":512,"caption":"Bellunopress"},"image":{"@id":"https:\/\/www.bellunopress.it\/#\/schema\/logo\/image\/"},"sameAs":["https:\/\/www.facebook.com\/profile.php?id=100008943462799","https:\/\/x.com\/bellunopress","https:\/\/www.linkedin.com\/hp\/?dnr=JBzUWaJfMUw8vbXJJ2tVW5-I3jZKvC4wsoxE&amp;amp;amp;amp;amp;amp;trk=nav_responsive_tab_home","https:\/\/www.youtube.com\/channel\/UCxL0wu1uN0_3_7hGG0306cw"]},{"@type":"Person","@id":"https:\/\/www.bellunopress.it\/#\/schema\/person\/79bb06722b37ece1c03d3e94beb30d73","name":"r\u00e9daction","image":{"@type":"ImageObject","inLanguage":"fr-FR","@id":"https:\/\/secure.gravatar.com\/avatar\/37d968a2e67a6fd04c169c4bdef102d0bc5d31b2546345219e348575eb80e9a0?s=96&d=mm&r=g","url":"https:\/\/secure.gravatar.com\/avatar\/37d968a2e67a6fd04c169c4bdef102d0bc5d31b2546345219e348575eb80e9a0?s=96&d=mm&r=g","contentUrl":"https:\/\/secure.gravatar.com\/avatar\/37d968a2e67a6fd04c169c4bdef102d0bc5d31b2546345219e348575eb80e9a0?s=96&d=mm&r=g","caption":"redazione"},"sameAs":["http:\/\/www.bellunopress.it","https:\/\/x.com\/bellunopress"],"url":"https:\/\/www.bellunopress.it\/fr\/author\/redazione\/"}]}},"_links":{"self":[{"href":"https:\/\/www.bellunopress.it\/fr\/wp-json\/wp\/v2\/posts\/6203","targetHints":{"allow":["GET"]}}],"collection":[{"href":"https:\/\/www.bellunopress.it\/fr\/wp-json\/wp\/v2\/posts"}],"about":[{"href":"https:\/\/www.bellunopress.it\/fr\/wp-json\/wp\/v2\/types\/post"}],"author":[{"embeddable":true,"href":"https:\/\/www.bellunopress.it\/fr\/wp-json\/wp\/v2\/users\/2"}],"replies":[{"embeddable":true,"href":"https:\/\/www.bellunopress.it\/fr\/wp-json\/wp\/v2\/comments?post=6203"}],"version-history":[{"count":4,"href":"https:\/\/www.bellunopress.it\/fr\/wp-json\/wp\/v2\/posts\/6203\/revisions"}],"predecessor-version":[{"id":6219,"href":"https:\/\/www.bellunopress.it\/fr\/wp-json\/wp\/v2\/posts\/6203\/revisions\/6219"}],"wp:attachment":[{"href":"https:\/\/www.bellunopress.it\/fr\/wp-json\/wp\/v2\/media?parent=6203"}],"wp:term":[{"taxonomy":"category","embeddable":true,"href":"https:\/\/www.bellunopress.it\/fr\/wp-json\/wp\/v2\/categories?post=6203"},{"taxonomy":"post_tag","embeddable":true,"href":"https:\/\/www.bellunopress.it\/fr\/wp-json\/wp\/v2\/tags?post=6203"}],"curies":[{"name":"wp","href":"https:\/\/api.w.org\/{rel}","templated":true}]}}