{"id":6192,"date":"2009-07-21T15:10:27","date_gmt":"2009-07-21T14:10:27","guid":{"rendered":"http:\/\/www.bellunopress.it\/?p=6192"},"modified":"2009-07-22T12:56:10","modified_gmt":"2009-07-22T11:56:10","slug":"helena-vidal-tra-le-prime-conferme-del-top-team-belluno","status":"publish","type":"post","link":"https:\/\/www.bellunopress.it\/fr\/2009\/07\/21\/helena-vidal-tra-le-prime-conferme-del-top-team-belluno\/","title":{"rendered":"Helena Vidal tra le prime conferme del Top Team Belluno"},"content":{"rendered":"<p>La Spes bellunese torna a concentrarsi sulla programmazione della prossima stagione dopo la parentesi &#8220;azzurra&#8221;, con l&#8217;Italia di Barbolini impegnata prima a Belluno in amichevole e poi a Conegliano nel quadrangolare di qualificazione per i Mondiali 2010. Nei gironi scorsi \u00e8 stata confermata l&#8217;iscrizione del Top Team Belluno alla Serie B2 e alla Coppa Italia di categoria. In cabina di regia confermatissima la ventenne palleggiatrice argentina Helena Vidal (foto Obiettivo)<a href=\"http:\/\/www.bellunopress.it\/wp-content\/uploads\/2009\/07\/vidal-helena.jpg\"><img loading=\"lazy\" decoding=\"async\" class=\"alignleft size-medium wp-image-6193\" title=\"vidal-helena\" src=\"http:\/\/www.bellunopress.it\/wp-content\/uploads\/2009\/07\/vidal-helena.jpg\" alt=\"\" width=\"180\" height=\"271\" \/><\/a>, neodiplomata e pronta a dedicarsi completamente alla pallavolo. &#8220;Sono stata contattata da altre societ\u00e0, ma non ho mai pesato di andarmene da Belluno &#8211; confida dalla sua San Juan, dove si trova per le vacanze con la famiglia &#8211; questo \u00e8 il mio progetto e far\u00f2 di tutto per realizzare il mio sogno&#8221;. La societ\u00e0 nei prossimi giorni, parlando con le atlete, proseguir\u00e0 il lavoro di ridefinizione della rosa gialloblu. Altri punti fermi gi\u00e0 certi sono le diciasettenni Linda Martinuzzo e Alessandra Bardini. Quest&#8217;ultima, finora impiegata come centrale, raccoglier\u00e0 il testimone dell&#8217;opposto Marcela Nielsen, l&#8217;altra argentina che sar\u00e0 aggregata almeno per qualche mese con la prima squadra della Spes Conegliano, impegnata nella sua seconda stagione di A1 come Zoppas Industries Conegliano. Alta 192 centimetri, potente, ma non molto veloce, Bardini \u00e8 naturalmente pi\u00f9 adatta ad attaccare da posto 2 e il suo passaggio dal centro al ruolo di opposto era da tempo nei piani tecnici del club bellunese. La prossima scelta riguarder\u00e0 la guida tecnica. Al centro della valutazione c&#8217;\u00e8 la posizione di Roberto Woelflin, da sei anni allenatore del gruppo del Top Team.\u00a0 Nel giro di un paio di giorni maturer\u00e0 la decisione. Se non dovesse essere riconfermato l&#8217;argentino, la Spes potrebbe trovare un&#8217;alternativa al proprio interno, avendo a disposizione tecnici di livello in grado di ricoprire il ruolo. Per quanto riguarda campo e orario di gioco nella prossima stagione non ci saranno variazioni: l&#8217;appuntamento rimane per il sabato alle 18.00, alla Spes Arena, palasport del Centro Sportivo Spes Belluno.<\/p>","protected":false},"excerpt":{"rendered":"<p>La Spes bellunese torna a concentrarsi sulla programmazione della prossima stagione dopo la parentesi &#8220;azzurra&#8221;, con l&#8217;Italia di Barbolini impegnata prima a Belluno in amichevole e poi a Conegliano nel quadrangolare di qualificazione per i Mondiali 2010. Nei gironi scorsi \u00e8 stata confermata l&#8217;iscrizione del Top Team Belluno alla Serie B2 e alla Coppa Italia [&hellip;]<\/p>\n","protected":false},"author":2,"featured_media":0,"comment_status":"closed","ping_status":"open","sticky":false,"template":"","format":"standard","meta":{"footnotes":""},"categories":[4],"tags":[139],"class_list":["post-6192","post","type-post","status-publish","format-standard","category-sport","tag-belluno"],"yoast_head":"<!-- This site is optimized with the Yoast SEO plugin v28.4 - https:\/\/yoast.com\/product\/yoast-seo-wordpress\/ -->\n<title>Helena Vidal tra le prime conferme del Top Team Belluno - Bellunopress - Dolomiti<\/title>\n<meta name=\"robots\" content=\"index, follow, max-snippet:-1, max-image-preview:large, max-video-preview:-1\" \/>\n<link rel=\"canonical\" href=\"https:\/\/www.bellunopress.it\/fr\/2009\/07\/21\/helena-vidal-tra-le-prime-conferme-del-top-team-belluno\/\" \/>\n<meta property=\"og:locale\" content=\"fr_FR\" \/>\n<meta property=\"og:type\" content=\"article\" \/>\n<meta property=\"og:title\" content=\"Helena Vidal tra le prime conferme del Top Team Belluno - Bellunopress - Dolomiti\" \/>\n<meta property=\"og:description\" content=\"La Spes bellunese torna a concentrarsi sulla programmazione della prossima stagione dopo la parentesi &#8220;azzurra&#8221;, con l&#8217;Italia di Barbolini impegnata prima a Belluno in amichevole e poi a Conegliano nel quadrangolare di qualificazione per i Mondiali 2010. Nei gironi scorsi \u00e8 stata confermata l&#8217;iscrizione del Top Team Belluno alla Serie B2 e alla Coppa Italia [&hellip;]\" \/>\n<meta property=\"og:url\" content=\"https:\/\/www.bellunopress.it\/fr\/2009\/07\/21\/helena-vidal-tra-le-prime-conferme-del-top-team-belluno\/\" \/>\n<meta property=\"og:site_name\" content=\"Bellunopress - Dolomiti\" \/>\n<meta property=\"article:publisher\" content=\"https:\/\/www.facebook.com\/profile.php?id=100008943462799\" \/>\n<meta property=\"article:published_time\" content=\"2009-07-21T14:10:27+00:00\" \/>\n<meta property=\"article:modified_time\" content=\"2009-07-22T11:56:10+00:00\" \/>\n<meta property=\"og:image\" content=\"http:\/\/www.bellunopress.it\/wp-content\/uploads\/2009\/07\/vidal-helena.jpg\" \/>\n<meta name=\"author\" content=\"redazione\" \/>\n<meta name=\"twitter:card\" content=\"summary_large_image\" \/>\n<meta name=\"twitter:creator\" content=\"@bellunopress\" \/>\n<meta name=\"twitter:site\" content=\"@bellunopress\" \/>\n<meta name=\"twitter:label1\" content=\"\u00c9crit par\" \/>\n\t<meta name=\"twitter:data1\" content=\"redazione\" \/>\n\t<meta name=\"twitter:label2\" content=\"Dur\u00e9e de lecture estim\u00e9e\" \/>\n\t<meta name=\"twitter:data2\" content=\"2 minutes\" \/>\n<script type=\"application\/ld+json\" class=\"yoast-schema-graph\">{\"@context\":\"https:\\\/\\\/schema.org\",\"@graph\":[{\"@type\":\"Article\",\"@id\":\"https:\\\/\\\/www.bellunopress.it\\\/2009\\\/07\\\/21\\\/helena-vidal-tra-le-prime-conferme-del-top-team-belluno\\\/#article\",\"isPartOf\":{\"@id\":\"https:\\\/\\\/www.bellunopress.it\\\/2009\\\/07\\\/21\\\/helena-vidal-tra-le-prime-conferme-del-top-team-belluno\\\/\"},\"author\":{\"name\":\"redazione\",\"@id\":\"https:\\\/\\\/www.bellunopress.it\\\/#\\\/schema\\\/person\\\/79bb06722b37ece1c03d3e94beb30d73\"},\"headline\":\"Helena Vidal tra le prime conferme del Top Team Belluno\",\"datePublished\":\"2009-07-21T14:10:27+00:00\",\"dateModified\":\"2009-07-22T11:56:10+00:00\",\"mainEntityOfPage\":{\"@id\":\"https:\\\/\\\/www.bellunopress.it\\\/2009\\\/07\\\/21\\\/helena-vidal-tra-le-prime-conferme-del-top-team-belluno\\\/\"},\"wordCount\":332,\"publisher\":{\"@id\":\"https:\\\/\\\/www.bellunopress.it\\\/#organization\"},\"image\":{\"@id\":\"https:\\\/\\\/www.bellunopress.it\\\/2009\\\/07\\\/21\\\/helena-vidal-tra-le-prime-conferme-del-top-team-belluno\\\/#primaryimage\"},\"thumbnailUrl\":\"http:\\\/\\\/www.bellunopress.it\\\/wp-content\\\/uploads\\\/2009\\\/07\\\/vidal-helena.jpg\",\"keywords\":[\"Belluno\"],\"articleSection\":[\"Sport, tempo libero\"],\"inLanguage\":\"fr-FR\"},{\"@type\":\"WebPage\",\"@id\":\"https:\\\/\\\/www.bellunopress.it\\\/2009\\\/07\\\/21\\\/helena-vidal-tra-le-prime-conferme-del-top-team-belluno\\\/\",\"url\":\"https:\\\/\\\/www.bellunopress.it\\\/2009\\\/07\\\/21\\\/helena-vidal-tra-le-prime-conferme-del-top-team-belluno\\\/\",\"name\":\"Helena Vidal tra le prime conferme del Top Team Belluno - Bellunopress - Dolomiti\",\"isPartOf\":{\"@id\":\"https:\\\/\\\/www.bellunopress.it\\\/#website\"},\"primaryImageOfPage\":{\"@id\":\"https:\\\/\\\/www.bellunopress.it\\\/2009\\\/07\\\/21\\\/helena-vidal-tra-le-prime-conferme-del-top-team-belluno\\\/#primaryimage\"},\"image\":{\"@id\":\"https:\\\/\\\/www.bellunopress.it\\\/2009\\\/07\\\/21\\\/helena-vidal-tra-le-prime-conferme-del-top-team-belluno\\\/#primaryimage\"},\"thumbnailUrl\":\"http:\\\/\\\/www.bellunopress.it\\\/wp-content\\\/uploads\\\/2009\\\/07\\\/vidal-helena.jpg\",\"datePublished\":\"2009-07-21T14:10:27+00:00\",\"dateModified\":\"2009-07-22T11:56:10+00:00\",\"breadcrumb\":{\"@id\":\"https:\\\/\\\/www.bellunopress.it\\\/2009\\\/07\\\/21\\\/helena-vidal-tra-le-prime-conferme-del-top-team-belluno\\\/#breadcrumb\"},\"inLanguage\":\"fr-FR\",\"potentialAction\":[{\"@type\":\"ReadAction\",\"target\":[\"https:\\\/\\\/www.bellunopress.it\\\/2009\\\/07\\\/21\\\/helena-vidal-tra-le-prime-conferme-del-top-team-belluno\\\/\"]}]},{\"@type\":\"ImageObject\",\"inLanguage\":\"fr-FR\",\"@id\":\"https:\\\/\\\/www.bellunopress.it\\\/2009\\\/07\\\/21\\\/helena-vidal-tra-le-prime-conferme-del-top-team-belluno\\\/#primaryimage\",\"url\":\"http:\\\/\\\/www.bellunopress.it\\\/wp-content\\\/uploads\\\/2009\\\/07\\\/vidal-helena.jpg\",\"contentUrl\":\"http:\\\/\\\/www.bellunopress.it\\\/wp-content\\\/uploads\\\/2009\\\/07\\\/vidal-helena.jpg\"},{\"@type\":\"BreadcrumbList\",\"@id\":\"https:\\\/\\\/www.bellunopress.it\\\/2009\\\/07\\\/21\\\/helena-vidal-tra-le-prime-conferme-del-top-team-belluno\\\/#breadcrumb\",\"itemListElement\":[{\"@type\":\"ListItem\",\"position\":1,\"name\":\"Home\",\"item\":\"https:\\\/\\\/www.bellunopress.it\\\/\"},{\"@type\":\"ListItem\",\"position\":2,\"name\":\"Helena Vidal tra le prime conferme del Top Team Belluno\"}]},{\"@type\":\"WebSite\",\"@id\":\"https:\\\/\\\/www.bellunopress.it\\\/#website\",\"url\":\"https:\\\/\\\/www.bellunopress.it\\\/\",\"name\":\"Bellunopress - Dolomiti\",\"description\":\"e-mail: redazione@bellunopress.it\",\"publisher\":{\"@id\":\"https:\\\/\\\/www.bellunopress.it\\\/#organization\"},\"potentialAction\":[{\"@type\":\"SearchAction\",\"target\":{\"@type\":\"EntryPoint\",\"urlTemplate\":\"https:\\\/\\\/www.bellunopress.it\\\/?s={search_term_string}\"},\"query-input\":{\"@type\":\"PropertyValueSpecification\",\"valueRequired\":true,\"valueName\":\"search_term_string\"}}],\"inLanguage\":\"fr-FR\"},{\"@type\":\"Organization\",\"@id\":\"https:\\\/\\\/www.bellunopress.it\\\/#organization\",\"name\":\"Bellunopress\",\"url\":\"https:\\\/\\\/www.bellunopress.it\\\/\",\"logo\":{\"@type\":\"ImageObject\",\"inLanguage\":\"fr-FR\",\"@id\":\"https:\\\/\\\/www.bellunopress.it\\\/#\\\/schema\\\/logo\\\/image\\\/\",\"url\":\"https:\\\/\\\/www.bellunopress.it\\\/wp-content\\\/uploads\\\/2011\\\/05\\\/cropped-logo-bellunopress-.jpg\",\"contentUrl\":\"https:\\\/\\\/www.bellunopress.it\\\/wp-content\\\/uploads\\\/2011\\\/05\\\/cropped-logo-bellunopress-.jpg\",\"width\":512,\"height\":512,\"caption\":\"Bellunopress\"},\"image\":{\"@id\":\"https:\\\/\\\/www.bellunopress.it\\\/#\\\/schema\\\/logo\\\/image\\\/\"},\"sameAs\":[\"https:\\\/\\\/www.facebook.com\\\/profile.php?id=100008943462799\",\"https:\\\/\\\/x.com\\\/bellunopress\",\"https:\\\/\\\/www.linkedin.com\\\/hp\\\/?dnr=JBzUWaJfMUw8vbXJJ2tVW5-I3jZKvC4wsoxE&amp;amp;amp;amp;amp;amp;trk=nav_responsive_tab_home\",\"https:\\\/\\\/www.youtube.com\\\/channel\\\/UCxL0wu1uN0_3_7hGG0306cw\"]},{\"@type\":\"Person\",\"@id\":\"https:\\\/\\\/www.bellunopress.it\\\/#\\\/schema\\\/person\\\/79bb06722b37ece1c03d3e94beb30d73\",\"name\":\"redazione\",\"image\":{\"@type\":\"ImageObject\",\"inLanguage\":\"fr-FR\",\"@id\":\"https:\\\/\\\/secure.gravatar.com\\\/avatar\\\/37d968a2e67a6fd04c169c4bdef102d0bc5d31b2546345219e348575eb80e9a0?s=96&d=mm&r=g\",\"url\":\"https:\\\/\\\/secure.gravatar.com\\\/avatar\\\/37d968a2e67a6fd04c169c4bdef102d0bc5d31b2546345219e348575eb80e9a0?s=96&d=mm&r=g\",\"contentUrl\":\"https:\\\/\\\/secure.gravatar.com\\\/avatar\\\/37d968a2e67a6fd04c169c4bdef102d0bc5d31b2546345219e348575eb80e9a0?s=96&d=mm&r=g\",\"caption\":\"redazione\"},\"sameAs\":[\"http:\\\/\\\/www.bellunopress.it\",\"https:\\\/\\\/x.com\\\/bellunopress\"],\"url\":\"https:\\\/\\\/www.bellunopress.it\\\/fr\\\/author\\\/redazione\\\/\"}]}<\/script>\n<!-- \/ Yoast SEO plugin. -->","yoast_head_json":{"title":"Helena Vidal tra le prime conferme del Top Team Belluno - Bellunopress - Dolomiti","robots":{"index":"index","follow":"follow","max-snippet":"max-snippet:-1","max-image-preview":"max-image-preview:large","max-video-preview":"max-video-preview:-1"},"canonical":"https:\/\/www.bellunopress.it\/fr\/2009\/07\/21\/helena-vidal-tra-le-prime-conferme-del-top-team-belluno\/","og_locale":"fr_FR","og_type":"article","og_title":"Helena Vidal tra le prime conferme del Top Team Belluno - Bellunopress - Dolomiti","og_description":"La Spes bellunese torna a concentrarsi sulla programmazione della prossima stagione dopo la parentesi &#8220;azzurra&#8221;, con l&#8217;Italia di Barbolini impegnata prima a Belluno in amichevole e poi a Conegliano nel quadrangolare di qualificazione per i Mondiali 2010. Nei gironi scorsi \u00e8 stata confermata l&#8217;iscrizione del Top Team Belluno alla Serie B2 e alla Coppa Italia [&hellip;]","og_url":"https:\/\/www.bellunopress.it\/fr\/2009\/07\/21\/helena-vidal-tra-le-prime-conferme-del-top-team-belluno\/","og_site_name":"Bellunopress - Dolomiti","article_publisher":"https:\/\/www.facebook.com\/profile.php?id=100008943462799","article_published_time":"2009-07-21T14:10:27+00:00","article_modified_time":"2009-07-22T11:56:10+00:00","og_image":[{"url":"http:\/\/www.bellunopress.it\/wp-content\/uploads\/2009\/07\/vidal-helena.jpg","type":"","width":"","height":""}],"author":"redazione","twitter_card":"summary_large_image","twitter_creator":"@bellunopress","twitter_site":"@bellunopress","twitter_misc":{"\u00c9crit par":"redazione","Dur\u00e9e de lecture estim\u00e9e":"2 minutes"},"schema":{"@context":"https:\/\/schema.org","@graph":[{"@type":"Article","@id":"https:\/\/www.bellunopress.it\/2009\/07\/21\/helena-vidal-tra-le-prime-conferme-del-top-team-belluno\/#article","isPartOf":{"@id":"https:\/\/www.bellunopress.it\/2009\/07\/21\/helena-vidal-tra-le-prime-conferme-del-top-team-belluno\/"},"author":{"name":"redazione","@id":"https:\/\/www.bellunopress.it\/#\/schema\/person\/79bb06722b37ece1c03d3e94beb30d73"},"headline":"Helena Vidal tra le prime conferme del Top Team Belluno","datePublished":"2009-07-21T14:10:27+00:00","dateModified":"2009-07-22T11:56:10+00:00","mainEntityOfPage":{"@id":"https:\/\/www.bellunopress.it\/2009\/07\/21\/helena-vidal-tra-le-prime-conferme-del-top-team-belluno\/"},"wordCount":332,"publisher":{"@id":"https:\/\/www.bellunopress.it\/#organization"},"image":{"@id":"https:\/\/www.bellunopress.it\/2009\/07\/21\/helena-vidal-tra-le-prime-conferme-del-top-team-belluno\/#primaryimage"},"thumbnailUrl":"http:\/\/www.bellunopress.it\/wp-content\/uploads\/2009\/07\/vidal-helena.jpg","keywords":["Belluno"],"articleSection":["Sport, tempo libero"],"inLanguage":"fr-FR"},{"@type":"WebPage","@id":"https:\/\/www.bellunopress.it\/2009\/07\/21\/helena-vidal-tra-le-prime-conferme-del-top-team-belluno\/","url":"https:\/\/www.bellunopress.it\/2009\/07\/21\/helena-vidal-tra-le-prime-conferme-del-top-team-belluno\/","name":"Helena Vidal tra le prime conferme del Top Team Belluno - Bellunopress - Dolomiti","isPartOf":{"@id":"https:\/\/www.bellunopress.it\/#website"},"primaryImageOfPage":{"@id":"https:\/\/www.bellunopress.it\/2009\/07\/21\/helena-vidal-tra-le-prime-conferme-del-top-team-belluno\/#primaryimage"},"image":{"@id":"https:\/\/www.bellunopress.it\/2009\/07\/21\/helena-vidal-tra-le-prime-conferme-del-top-team-belluno\/#primaryimage"},"thumbnailUrl":"http:\/\/www.bellunopress.it\/wp-content\/uploads\/2009\/07\/vidal-helena.jpg","datePublished":"2009-07-21T14:10:27+00:00","dateModified":"2009-07-22T11:56:10+00:00","breadcrumb":{"@id":"https:\/\/www.bellunopress.it\/2009\/07\/21\/helena-vidal-tra-le-prime-conferme-del-top-team-belluno\/#breadcrumb"},"inLanguage":"fr-FR","potentialAction":[{"@type":"ReadAction","target":["https:\/\/www.bellunopress.it\/2009\/07\/21\/helena-vidal-tra-le-prime-conferme-del-top-team-belluno\/"]}]},{"@type":"ImageObject","inLanguage":"fr-FR","@id":"https:\/\/www.bellunopress.it\/2009\/07\/21\/helena-vidal-tra-le-prime-conferme-del-top-team-belluno\/#primaryimage","url":"http:\/\/www.bellunopress.it\/wp-content\/uploads\/2009\/07\/vidal-helena.jpg","contentUrl":"http:\/\/www.bellunopress.it\/wp-content\/uploads\/2009\/07\/vidal-helena.jpg"},{"@type":"BreadcrumbList","@id":"https:\/\/www.bellunopress.it\/2009\/07\/21\/helena-vidal-tra-le-prime-conferme-del-top-team-belluno\/#breadcrumb","itemListElement":[{"@type":"ListItem","position":1,"name":"Home","item":"https:\/\/www.bellunopress.it\/"},{"@type":"ListItem","position":2,"name":"Helena Vidal tra le prime conferme del Top Team Belluno"}]},{"@type":"WebSite","@id":"https:\/\/www.bellunopress.it\/#website","url":"https:\/\/www.bellunopress.it\/","name":"Bellunopress - Dolomiti","description":"e-mail: redazione@bellunopress.it","publisher":{"@id":"https:\/\/www.bellunopress.it\/#organization"},"potentialAction":[{"@type":"SearchAction","target":{"@type":"EntryPoint","urlTemplate":"https:\/\/www.bellunopress.it\/?s={search_term_string}"},"query-input":{"@type":"PropertyValueSpecification","valueRequired":true,"valueName":"search_term_string"}}],"inLanguage":"fr-FR"},{"@type":"Organization","@id":"https:\/\/www.bellunopress.it\/#organization","name":"Bellunopress","url":"https:\/\/www.bellunopress.it\/","logo":{"@type":"ImageObject","inLanguage":"fr-FR","@id":"https:\/\/www.bellunopress.it\/#\/schema\/logo\/image\/","url":"https:\/\/www.bellunopress.it\/wp-content\/uploads\/2011\/05\/cropped-logo-bellunopress-.jpg","contentUrl":"https:\/\/www.bellunopress.it\/wp-content\/uploads\/2011\/05\/cropped-logo-bellunopress-.jpg","width":512,"height":512,"caption":"Bellunopress"},"image":{"@id":"https:\/\/www.bellunopress.it\/#\/schema\/logo\/image\/"},"sameAs":["https:\/\/www.facebook.com\/profile.php?id=100008943462799","https:\/\/x.com\/bellunopress","https:\/\/www.linkedin.com\/hp\/?dnr=JBzUWaJfMUw8vbXJJ2tVW5-I3jZKvC4wsoxE&amp;amp;amp;amp;amp;amp;trk=nav_responsive_tab_home","https:\/\/www.youtube.com\/channel\/UCxL0wu1uN0_3_7hGG0306cw"]},{"@type":"Person","@id":"https:\/\/www.bellunopress.it\/#\/schema\/person\/79bb06722b37ece1c03d3e94beb30d73","name":"r\u00e9daction","image":{"@type":"ImageObject","inLanguage":"fr-FR","@id":"https:\/\/secure.gravatar.com\/avatar\/37d968a2e67a6fd04c169c4bdef102d0bc5d31b2546345219e348575eb80e9a0?s=96&d=mm&r=g","url":"https:\/\/secure.gravatar.com\/avatar\/37d968a2e67a6fd04c169c4bdef102d0bc5d31b2546345219e348575eb80e9a0?s=96&d=mm&r=g","contentUrl":"https:\/\/secure.gravatar.com\/avatar\/37d968a2e67a6fd04c169c4bdef102d0bc5d31b2546345219e348575eb80e9a0?s=96&d=mm&r=g","caption":"redazione"},"sameAs":["http:\/\/www.bellunopress.it","https:\/\/x.com\/bellunopress"],"url":"https:\/\/www.bellunopress.it\/fr\/author\/redazione\/"}]}},"_links":{"self":[{"href":"https:\/\/www.bellunopress.it\/fr\/wp-json\/wp\/v2\/posts\/6192","targetHints":{"allow":["GET"]}}],"collection":[{"href":"https:\/\/www.bellunopress.it\/fr\/wp-json\/wp\/v2\/posts"}],"about":[{"href":"https:\/\/www.bellunopress.it\/fr\/wp-json\/wp\/v2\/types\/post"}],"author":[{"embeddable":true,"href":"https:\/\/www.bellunopress.it\/fr\/wp-json\/wp\/v2\/users\/2"}],"replies":[{"embeddable":true,"href":"https:\/\/www.bellunopress.it\/fr\/wp-json\/wp\/v2\/comments?post=6192"}],"version-history":[{"count":2,"href":"https:\/\/www.bellunopress.it\/fr\/wp-json\/wp\/v2\/posts\/6192\/revisions"}],"predecessor-version":[{"id":6265,"href":"https:\/\/www.bellunopress.it\/fr\/wp-json\/wp\/v2\/posts\/6192\/revisions\/6265"}],"wp:attachment":[{"href":"https:\/\/www.bellunopress.it\/fr\/wp-json\/wp\/v2\/media?parent=6192"}],"wp:term":[{"taxonomy":"category","embeddable":true,"href":"https:\/\/www.bellunopress.it\/fr\/wp-json\/wp\/v2\/categories?post=6192"},{"taxonomy":"post_tag","embeddable":true,"href":"https:\/\/www.bellunopress.it\/fr\/wp-json\/wp\/v2\/tags?post=6192"}],"curies":[{"name":"wp","href":"https:\/\/api.w.org\/{rel}","templated":true}]}}