{"id":6190,"date":"2009-07-21T15:04:22","date_gmt":"2009-07-21T14:04:22","guid":{"rendered":"http:\/\/www.bellunopress.it\/?p=6190"},"modified":"2009-07-21T15:19:27","modified_gmt":"2009-07-21T14:19:27","slug":"a-villa-di-villa-il-campionato-provinciale-giovanile-fidal-2009-di-corsa-su-strada","status":"publish","type":"post","link":"https:\/\/www.bellunopress.it\/fr\/2009\/07\/21\/a-villa-di-villa-il-campionato-provinciale-giovanile-fidal-2009-di-corsa-su-strada\/","title":{"rendered":"A Villa di Villa il Campionato provinciale giovanile Fidal 2009 di corsa su strada"},"content":{"rendered":"<p>Si svolger\u00e0 a Villa di Villa di Mel (Belluno) mercoled\u00ec 29 luglio, la prima edizione della Villa di Villa in corsa, manifestazione proposta da Gs La Piave 2000 e Gs Villa di Villa, in collaborazione con Comitato provinciale bellunese Fidal, Csi Belluno e Comune di Mel. L&#8221;evento sar\u00e0 valido anche quale Campionato provinciale individuale Fidal Belluno 2009 di corsa su strada per le categorie giovanili: Esordienti A, B e C, Ragazzi e Cadetti. Il via alle gare \u00e8 previsto per le 18.30. Al termine, con inizio alle 19.30, si svolger\u00e0 la prima edizione della Staffetta 2&#215;1800 non competitiva, riservata agli atleti nati dopo il 1993. In quest&#8217;ultima gara sono previsti premi, per un valore complessivo di 1000 euro, alle prime 5 coppie maschili e alle prime 3 femminili e miste. La prima edizione della Villa di Villa in corsa costituir\u00e0 anche il secondo appuntamento del Trofeo Kiwi Sport, manifestazione dedicata alle categorie Esordienti (nati negli anni compresi tra il 1998 e il 2003), Ragazzi (96-\u009297), Cadetti (94-\u009295) e Allievi (92-\u009293) che ha preso il via lo scorso 2 maggio allo stadio polisportivo di Belluno. Dopo la prima prova, questa \u00e8 la classifica: 1. Gs La Piave punti 35; 2. Atletica Longarone 30; 3. Athletic club Belluno e Ana Feltre 13; 5. Belluno Atletica 12; 6. Us Cesio 11; 7. Astra Quero 5; 8. Lasen Tortellini Rana 3; 9. Atletica Vedelago 1. La terza e conclusiva giornata del Trofeo Kiwi Sport \u00e8 fissata invece per sabato 17 ottobre, ancora allo stadio di Belluno. Per informazioni ulteriori sulla prima edizione della Villa di Villa in corsa: Edi Beninc\u00e0 340.3943923.<\/p>","protected":false},"excerpt":{"rendered":"<p>Si svolger\u00e0 a Villa di Villa di Mel (Belluno) mercoled\u00ec 29 luglio, la prima edizione della Villa di Villa in corsa, manifestazione proposta da Gs La Piave 2000 e Gs Villa di Villa, in collaborazione con Comitato provinciale bellunese Fidal, Csi Belluno e Comune di Mel. L&#8221;evento sar\u00e0 valido anche quale Campionato provinciale individuale Fidal [&hellip;]<\/p>\n","protected":false},"author":2,"featured_media":0,"comment_status":"closed","ping_status":"open","sticky":false,"template":"","format":"standard","meta":{"footnotes":""},"categories":[25,4],"tags":[139,302],"class_list":["post-6190","post","type-post","status-publish","format-standard","category-pausa-caffe","category-sport","tag-belluno","tag-feltre"],"yoast_head":"<!-- This site is optimized with the Yoast SEO plugin v28.4 - https:\/\/yoast.com\/product\/yoast-seo-wordpress\/ -->\n<title>A Villa di Villa il Campionato provinciale giovanile Fidal 2009 di corsa su strada - Bellunopress - Dolomiti<\/title>\n<meta name=\"robots\" content=\"index, follow, max-snippet:-1, max-image-preview:large, max-video-preview:-1\" \/>\n<link rel=\"canonical\" href=\"https:\/\/www.bellunopress.it\/fr\/2009\/07\/21\/a-villa-di-villa-il-campionato-provinciale-giovanile-fidal-2009-di-corsa-su-strada\/\" \/>\n<meta property=\"og:locale\" content=\"fr_FR\" \/>\n<meta property=\"og:type\" content=\"article\" \/>\n<meta property=\"og:title\" content=\"A Villa di Villa il Campionato provinciale giovanile Fidal 2009 di corsa su strada - Bellunopress - Dolomiti\" \/>\n<meta property=\"og:description\" content=\"Si svolger\u00e0 a Villa di Villa di Mel (Belluno) mercoled\u00ec 29 luglio, la prima edizione della Villa di Villa in corsa, manifestazione proposta da Gs La Piave 2000 e Gs Villa di Villa, in collaborazione con Comitato provinciale bellunese Fidal, Csi Belluno e Comune di Mel. L&#8221;evento sar\u00e0 valido anche quale Campionato provinciale individuale Fidal [&hellip;]\" \/>\n<meta property=\"og:url\" content=\"https:\/\/www.bellunopress.it\/fr\/2009\/07\/21\/a-villa-di-villa-il-campionato-provinciale-giovanile-fidal-2009-di-corsa-su-strada\/\" \/>\n<meta property=\"og:site_name\" content=\"Bellunopress - Dolomiti\" \/>\n<meta property=\"article:publisher\" content=\"https:\/\/www.facebook.com\/profile.php?id=100008943462799\" \/>\n<meta property=\"article:published_time\" content=\"2009-07-21T14:04:22+00:00\" \/>\n<meta property=\"article:modified_time\" content=\"2009-07-21T14:19:27+00:00\" \/>\n<meta property=\"og:image\" content=\"http:\/\/www.bellunopress.it\/wp-content\/uploads\/2012\/07\/logo-bellunopress-250x250-2012.jpg\" \/>\n<meta name=\"author\" content=\"redazione\" \/>\n<meta name=\"twitter:card\" content=\"summary_large_image\" \/>\n<meta name=\"twitter:creator\" content=\"@bellunopress\" \/>\n<meta name=\"twitter:site\" content=\"@bellunopress\" \/>\n<meta name=\"twitter:label1\" content=\"\u00c9crit par\" \/>\n\t<meta name=\"twitter:data1\" content=\"redazione\" \/>\n\t<meta name=\"twitter:label2\" content=\"Dur\u00e9e de lecture estim\u00e9e\" \/>\n\t<meta name=\"twitter:data2\" content=\"1 minute\" \/>\n<script type=\"application\/ld+json\" class=\"yoast-schema-graph\">{\"@context\":\"https:\\\/\\\/schema.org\",\"@graph\":[{\"@type\":\"Article\",\"@id\":\"https:\\\/\\\/www.bellunopress.it\\\/2009\\\/07\\\/21\\\/a-villa-di-villa-il-campionato-provinciale-giovanile-fidal-2009-di-corsa-su-strada\\\/#article\",\"isPartOf\":{\"@id\":\"https:\\\/\\\/www.bellunopress.it\\\/2009\\\/07\\\/21\\\/a-villa-di-villa-il-campionato-provinciale-giovanile-fidal-2009-di-corsa-su-strada\\\/\"},\"author\":{\"name\":\"redazione\",\"@id\":\"https:\\\/\\\/www.bellunopress.it\\\/#\\\/schema\\\/person\\\/79bb06722b37ece1c03d3e94beb30d73\"},\"headline\":\"A Villa di Villa il Campionato provinciale giovanile Fidal 2009 di corsa su strada\",\"datePublished\":\"2009-07-21T14:04:22+00:00\",\"dateModified\":\"2009-07-21T14:19:27+00:00\",\"mainEntityOfPage\":{\"@id\":\"https:\\\/\\\/www.bellunopress.it\\\/2009\\\/07\\\/21\\\/a-villa-di-villa-il-campionato-provinciale-giovanile-fidal-2009-di-corsa-su-strada\\\/\"},\"wordCount\":249,\"publisher\":{\"@id\":\"https:\\\/\\\/www.bellunopress.it\\\/#organization\"},\"keywords\":[\"Belluno\",\"Feltre\"],\"articleSection\":[\"Pausa Caff\u00e8\",\"Sport, tempo libero\"],\"inLanguage\":\"fr-FR\"},{\"@type\":\"WebPage\",\"@id\":\"https:\\\/\\\/www.bellunopress.it\\\/2009\\\/07\\\/21\\\/a-villa-di-villa-il-campionato-provinciale-giovanile-fidal-2009-di-corsa-su-strada\\\/\",\"url\":\"https:\\\/\\\/www.bellunopress.it\\\/2009\\\/07\\\/21\\\/a-villa-di-villa-il-campionato-provinciale-giovanile-fidal-2009-di-corsa-su-strada\\\/\",\"name\":\"A Villa di Villa il Campionato provinciale giovanile Fidal 2009 di corsa su strada - Bellunopress - Dolomiti\",\"isPartOf\":{\"@id\":\"https:\\\/\\\/www.bellunopress.it\\\/#website\"},\"datePublished\":\"2009-07-21T14:04:22+00:00\",\"dateModified\":\"2009-07-21T14:19:27+00:00\",\"breadcrumb\":{\"@id\":\"https:\\\/\\\/www.bellunopress.it\\\/2009\\\/07\\\/21\\\/a-villa-di-villa-il-campionato-provinciale-giovanile-fidal-2009-di-corsa-su-strada\\\/#breadcrumb\"},\"inLanguage\":\"fr-FR\",\"potentialAction\":[{\"@type\":\"ReadAction\",\"target\":[\"https:\\\/\\\/www.bellunopress.it\\\/2009\\\/07\\\/21\\\/a-villa-di-villa-il-campionato-provinciale-giovanile-fidal-2009-di-corsa-su-strada\\\/\"]}]},{\"@type\":\"BreadcrumbList\",\"@id\":\"https:\\\/\\\/www.bellunopress.it\\\/2009\\\/07\\\/21\\\/a-villa-di-villa-il-campionato-provinciale-giovanile-fidal-2009-di-corsa-su-strada\\\/#breadcrumb\",\"itemListElement\":[{\"@type\":\"ListItem\",\"position\":1,\"name\":\"Home\",\"item\":\"https:\\\/\\\/www.bellunopress.it\\\/\"},{\"@type\":\"ListItem\",\"position\":2,\"name\":\"A Villa di Villa il Campionato provinciale giovanile Fidal 2009 di corsa su strada\"}]},{\"@type\":\"WebSite\",\"@id\":\"https:\\\/\\\/www.bellunopress.it\\\/#website\",\"url\":\"https:\\\/\\\/www.bellunopress.it\\\/\",\"name\":\"Bellunopress - Dolomiti\",\"description\":\"e-mail: redazione@bellunopress.it\",\"publisher\":{\"@id\":\"https:\\\/\\\/www.bellunopress.it\\\/#organization\"},\"potentialAction\":[{\"@type\":\"SearchAction\",\"target\":{\"@type\":\"EntryPoint\",\"urlTemplate\":\"https:\\\/\\\/www.bellunopress.it\\\/?s={search_term_string}\"},\"query-input\":{\"@type\":\"PropertyValueSpecification\",\"valueRequired\":true,\"valueName\":\"search_term_string\"}}],\"inLanguage\":\"fr-FR\"},{\"@type\":\"Organization\",\"@id\":\"https:\\\/\\\/www.bellunopress.it\\\/#organization\",\"name\":\"Bellunopress\",\"url\":\"https:\\\/\\\/www.bellunopress.it\\\/\",\"logo\":{\"@type\":\"ImageObject\",\"inLanguage\":\"fr-FR\",\"@id\":\"https:\\\/\\\/www.bellunopress.it\\\/#\\\/schema\\\/logo\\\/image\\\/\",\"url\":\"https:\\\/\\\/www.bellunopress.it\\\/wp-content\\\/uploads\\\/2011\\\/05\\\/cropped-logo-bellunopress-.jpg\",\"contentUrl\":\"https:\\\/\\\/www.bellunopress.it\\\/wp-content\\\/uploads\\\/2011\\\/05\\\/cropped-logo-bellunopress-.jpg\",\"width\":512,\"height\":512,\"caption\":\"Bellunopress\"},\"image\":{\"@id\":\"https:\\\/\\\/www.bellunopress.it\\\/#\\\/schema\\\/logo\\\/image\\\/\"},\"sameAs\":[\"https:\\\/\\\/www.facebook.com\\\/profile.php?id=100008943462799\",\"https:\\\/\\\/x.com\\\/bellunopress\",\"https:\\\/\\\/www.linkedin.com\\\/hp\\\/?dnr=JBzUWaJfMUw8vbXJJ2tVW5-I3jZKvC4wsoxE&amp;amp;amp;amp;amp;amp;trk=nav_responsive_tab_home\",\"https:\\\/\\\/www.youtube.com\\\/channel\\\/UCxL0wu1uN0_3_7hGG0306cw\"]},{\"@type\":\"Person\",\"@id\":\"https:\\\/\\\/www.bellunopress.it\\\/#\\\/schema\\\/person\\\/79bb06722b37ece1c03d3e94beb30d73\",\"name\":\"redazione\",\"image\":{\"@type\":\"ImageObject\",\"inLanguage\":\"fr-FR\",\"@id\":\"https:\\\/\\\/secure.gravatar.com\\\/avatar\\\/37d968a2e67a6fd04c169c4bdef102d0bc5d31b2546345219e348575eb80e9a0?s=96&d=mm&r=g\",\"url\":\"https:\\\/\\\/secure.gravatar.com\\\/avatar\\\/37d968a2e67a6fd04c169c4bdef102d0bc5d31b2546345219e348575eb80e9a0?s=96&d=mm&r=g\",\"contentUrl\":\"https:\\\/\\\/secure.gravatar.com\\\/avatar\\\/37d968a2e67a6fd04c169c4bdef102d0bc5d31b2546345219e348575eb80e9a0?s=96&d=mm&r=g\",\"caption\":\"redazione\"},\"sameAs\":[\"http:\\\/\\\/www.bellunopress.it\",\"https:\\\/\\\/x.com\\\/bellunopress\"],\"url\":\"https:\\\/\\\/www.bellunopress.it\\\/fr\\\/author\\\/redazione\\\/\"}]}<\/script>\n<!-- \/ Yoast SEO plugin. -->","yoast_head_json":{"title":"A Villa di Villa il Campionato provinciale giovanile Fidal 2009 di corsa su strada - Bellunopress - Dolomiti","robots":{"index":"index","follow":"follow","max-snippet":"max-snippet:-1","max-image-preview":"max-image-preview:large","max-video-preview":"max-video-preview:-1"},"canonical":"https:\/\/www.bellunopress.it\/fr\/2009\/07\/21\/a-villa-di-villa-il-campionato-provinciale-giovanile-fidal-2009-di-corsa-su-strada\/","og_locale":"fr_FR","og_type":"article","og_title":"A Villa di Villa il Campionato provinciale giovanile Fidal 2009 di corsa su strada - Bellunopress - Dolomiti","og_description":"Si svolger\u00e0 a Villa di Villa di Mel (Belluno) mercoled\u00ec 29 luglio, la prima edizione della Villa di Villa in corsa, manifestazione proposta da Gs La Piave 2000 e Gs Villa di Villa, in collaborazione con Comitato provinciale bellunese Fidal, Csi Belluno e Comune di Mel. L&#8221;evento sar\u00e0 valido anche quale Campionato provinciale individuale Fidal [&hellip;]","og_url":"https:\/\/www.bellunopress.it\/fr\/2009\/07\/21\/a-villa-di-villa-il-campionato-provinciale-giovanile-fidal-2009-di-corsa-su-strada\/","og_site_name":"Bellunopress - Dolomiti","article_publisher":"https:\/\/www.facebook.com\/profile.php?id=100008943462799","article_published_time":"2009-07-21T14:04:22+00:00","article_modified_time":"2009-07-21T14:19:27+00:00","og_image":[{"url":"http:\/\/www.bellunopress.it\/wp-content\/uploads\/2012\/07\/logo-bellunopress-250x250-2012.jpg","type":"","width":"","height":""}],"author":"redazione","twitter_card":"summary_large_image","twitter_creator":"@bellunopress","twitter_site":"@bellunopress","twitter_misc":{"\u00c9crit par":"redazione","Dur\u00e9e de lecture estim\u00e9e":"1 minute"},"schema":{"@context":"https:\/\/schema.org","@graph":[{"@type":"Article","@id":"https:\/\/www.bellunopress.it\/2009\/07\/21\/a-villa-di-villa-il-campionato-provinciale-giovanile-fidal-2009-di-corsa-su-strada\/#article","isPartOf":{"@id":"https:\/\/www.bellunopress.it\/2009\/07\/21\/a-villa-di-villa-il-campionato-provinciale-giovanile-fidal-2009-di-corsa-su-strada\/"},"author":{"name":"redazione","@id":"https:\/\/www.bellunopress.it\/#\/schema\/person\/79bb06722b37ece1c03d3e94beb30d73"},"headline":"A Villa di Villa il Campionato provinciale giovanile Fidal 2009 di corsa su strada","datePublished":"2009-07-21T14:04:22+00:00","dateModified":"2009-07-21T14:19:27+00:00","mainEntityOfPage":{"@id":"https:\/\/www.bellunopress.it\/2009\/07\/21\/a-villa-di-villa-il-campionato-provinciale-giovanile-fidal-2009-di-corsa-su-strada\/"},"wordCount":249,"publisher":{"@id":"https:\/\/www.bellunopress.it\/#organization"},"keywords":["Belluno","Feltre"],"articleSection":["Pausa Caff\u00e8","Sport, tempo libero"],"inLanguage":"fr-FR"},{"@type":"WebPage","@id":"https:\/\/www.bellunopress.it\/2009\/07\/21\/a-villa-di-villa-il-campionato-provinciale-giovanile-fidal-2009-di-corsa-su-strada\/","url":"https:\/\/www.bellunopress.it\/2009\/07\/21\/a-villa-di-villa-il-campionato-provinciale-giovanile-fidal-2009-di-corsa-su-strada\/","name":"A Villa di Villa il Campionato provinciale giovanile Fidal 2009 di corsa su strada - Bellunopress - Dolomiti","isPartOf":{"@id":"https:\/\/www.bellunopress.it\/#website"},"datePublished":"2009-07-21T14:04:22+00:00","dateModified":"2009-07-21T14:19:27+00:00","breadcrumb":{"@id":"https:\/\/www.bellunopress.it\/2009\/07\/21\/a-villa-di-villa-il-campionato-provinciale-giovanile-fidal-2009-di-corsa-su-strada\/#breadcrumb"},"inLanguage":"fr-FR","potentialAction":[{"@type":"ReadAction","target":["https:\/\/www.bellunopress.it\/2009\/07\/21\/a-villa-di-villa-il-campionato-provinciale-giovanile-fidal-2009-di-corsa-su-strada\/"]}]},{"@type":"BreadcrumbList","@id":"https:\/\/www.bellunopress.it\/2009\/07\/21\/a-villa-di-villa-il-campionato-provinciale-giovanile-fidal-2009-di-corsa-su-strada\/#breadcrumb","itemListElement":[{"@type":"ListItem","position":1,"name":"Home","item":"https:\/\/www.bellunopress.it\/"},{"@type":"ListItem","position":2,"name":"A Villa di Villa il Campionato provinciale giovanile Fidal 2009 di corsa su strada"}]},{"@type":"WebSite","@id":"https:\/\/www.bellunopress.it\/#website","url":"https:\/\/www.bellunopress.it\/","name":"Bellunopress - Dolomiti","description":"e-mail: redazione@bellunopress.it","publisher":{"@id":"https:\/\/www.bellunopress.it\/#organization"},"potentialAction":[{"@type":"SearchAction","target":{"@type":"EntryPoint","urlTemplate":"https:\/\/www.bellunopress.it\/?s={search_term_string}"},"query-input":{"@type":"PropertyValueSpecification","valueRequired":true,"valueName":"search_term_string"}}],"inLanguage":"fr-FR"},{"@type":"Organization","@id":"https:\/\/www.bellunopress.it\/#organization","name":"Bellunopress","url":"https:\/\/www.bellunopress.it\/","logo":{"@type":"ImageObject","inLanguage":"fr-FR","@id":"https:\/\/www.bellunopress.it\/#\/schema\/logo\/image\/","url":"https:\/\/www.bellunopress.it\/wp-content\/uploads\/2011\/05\/cropped-logo-bellunopress-.jpg","contentUrl":"https:\/\/www.bellunopress.it\/wp-content\/uploads\/2011\/05\/cropped-logo-bellunopress-.jpg","width":512,"height":512,"caption":"Bellunopress"},"image":{"@id":"https:\/\/www.bellunopress.it\/#\/schema\/logo\/image\/"},"sameAs":["https:\/\/www.facebook.com\/profile.php?id=100008943462799","https:\/\/x.com\/bellunopress","https:\/\/www.linkedin.com\/hp\/?dnr=JBzUWaJfMUw8vbXJJ2tVW5-I3jZKvC4wsoxE&amp;amp;amp;amp;amp;amp;trk=nav_responsive_tab_home","https:\/\/www.youtube.com\/channel\/UCxL0wu1uN0_3_7hGG0306cw"]},{"@type":"Person","@id":"https:\/\/www.bellunopress.it\/#\/schema\/person\/79bb06722b37ece1c03d3e94beb30d73","name":"r\u00e9daction","image":{"@type":"ImageObject","inLanguage":"fr-FR","@id":"https:\/\/secure.gravatar.com\/avatar\/37d968a2e67a6fd04c169c4bdef102d0bc5d31b2546345219e348575eb80e9a0?s=96&d=mm&r=g","url":"https:\/\/secure.gravatar.com\/avatar\/37d968a2e67a6fd04c169c4bdef102d0bc5d31b2546345219e348575eb80e9a0?s=96&d=mm&r=g","contentUrl":"https:\/\/secure.gravatar.com\/avatar\/37d968a2e67a6fd04c169c4bdef102d0bc5d31b2546345219e348575eb80e9a0?s=96&d=mm&r=g","caption":"redazione"},"sameAs":["http:\/\/www.bellunopress.it","https:\/\/x.com\/bellunopress"],"url":"https:\/\/www.bellunopress.it\/fr\/author\/redazione\/"}]}},"_links":{"self":[{"href":"https:\/\/www.bellunopress.it\/fr\/wp-json\/wp\/v2\/posts\/6190","targetHints":{"allow":["GET"]}}],"collection":[{"href":"https:\/\/www.bellunopress.it\/fr\/wp-json\/wp\/v2\/posts"}],"about":[{"href":"https:\/\/www.bellunopress.it\/fr\/wp-json\/wp\/v2\/types\/post"}],"author":[{"embeddable":true,"href":"https:\/\/www.bellunopress.it\/fr\/wp-json\/wp\/v2\/users\/2"}],"replies":[{"embeddable":true,"href":"https:\/\/www.bellunopress.it\/fr\/wp-json\/wp\/v2\/comments?post=6190"}],"version-history":[{"count":3,"href":"https:\/\/www.bellunopress.it\/fr\/wp-json\/wp\/v2\/posts\/6190\/revisions"}],"predecessor-version":[{"id":6196,"href":"https:\/\/www.bellunopress.it\/fr\/wp-json\/wp\/v2\/posts\/6190\/revisions\/6196"}],"wp:attachment":[{"href":"https:\/\/www.bellunopress.it\/fr\/wp-json\/wp\/v2\/media?parent=6190"}],"wp:term":[{"taxonomy":"category","embeddable":true,"href":"https:\/\/www.bellunopress.it\/fr\/wp-json\/wp\/v2\/categories?post=6190"},{"taxonomy":"post_tag","embeddable":true,"href":"https:\/\/www.bellunopress.it\/fr\/wp-json\/wp\/v2\/tags?post=6190"}],"curies":[{"name":"wp","href":"https:\/\/api.w.org\/{rel}","templated":true}]}}