{"id":6185,"date":"2009-07-21T14:54:34","date_gmt":"2009-07-21T13:54:34","guid":{"rendered":"http:\/\/www.bellunopress.it\/?p=6185"},"modified":"2009-07-21T14:54:34","modified_gmt":"2009-07-21T13:54:34","slug":"successo-del-concerto-peace-and-love-di-domenica-a-farra-dalpago","status":"publish","type":"post","link":"https:\/\/www.bellunopress.it\/fr\/2009\/07\/21\/successo-del-concerto-peace-and-love-di-domenica-a-farra-dalpago\/","title":{"rendered":"Successo del concerto Peace and love di domenica a Farra d&#8217;Alpago"},"content":{"rendered":"<p>Esito pi\u00f9 che positivo per il concerto Peace and Love,\u00a0 che si \u00e8 tenuto a Farra d\u2019Alpago durante la serata di domenica 19 luglio. L\u2019evento, organizzato dalla Biblioteca Comunale, ha portato in piazza Cesare Battisti alcuni tra i pi\u00f9 significativi brani del repertorio della musica dei mitici anni 60. Piazza gremita di gente, alle ore 21.00 si \u00e8 dato il via alla performance, che \u00e8 stata suddivisa in due momenti musicali: una prima parte dedicata a brani traditional a cappella voce e coro (tra cui Kumbaja, No nos Moveran, Swing low sweet chariot, Freedom)\u00a0 presentati dalla cantante solista Jessica Da Re, accompagnata da Martino Cargnel alla chitarra, Ermanno Fagherazzi alla fisarmonica ed dai coristi Luca Bortoletto, Carlo Berto, Anna Cecere e Simone Colman. La seconda parte dell\u2019esibizione \u00e8 stata riservata ai pezzi di Bob Dylan e Joan Baez (tra i pi\u00f9 famosi: Blowing in the wind, Oh Sister, The time they are a changing, Diamond and Rust). \u201cSono davvero contenta del risultato ottenuto\u201d \u2013 spiega la cantante Jessica Da Re \u2013 \u201c\u00e8 stato un concerto sicuramente molto emozionante, ma anche impegnativo per il pubblico. I brani che abbiamo proposto sono il grido che ha accompagnato le grandi manifestazioni del \u201868 e le accese contestazioni giovanili per la rivendicazione di valori inalienabili quali la libert\u00e0 e identit\u00e0 sociale. Un\u2019occasione importante, dunque, per far rivivere la bellezza della musica dal vivo, ma anche per veicolare messaggi sociali rilevanti e spunto di possibili riflessioni. Desidero, a questo punto, ringraziare la Biblioteca Comunale e l\u2019Amministrazione, che mi hanno coinvolto nella manifestazione: un grande appuntamento, sicuramente apprezzato di tanti presenti\u201d. Anche l\u2019Assessore Luca Padovan si dimostra entusiasta dell\u2019esito della serata: \u201c Sono molto soddisfatto, per il grande consenso a livello di pubblico; sicuramente un momento di buona musica a livello qualitativo e di significato. L\u2019Amministrazione comunale crede fermamente nell\u2019organizzazione di questi eventi, unici nell\u2019animare le serate del paese e soprattutto utili alla condivisione di tematiche di rilievo sociale e culturale. Colgo, infine, l\u2019occasione per ringraziare Jessica Da Re, per la gentilezza dimostrata e la disponibilit\u00e0 a partecipare all\u2019evento organizzato, e naturalmente anche gli altri artisti componenti del gruppo\u201d.<\/p>","protected":false},"excerpt":{"rendered":"<p>Esito pi\u00f9 che positivo per il concerto Peace and Love,\u00a0 che si \u00e8 tenuto a Farra d\u2019Alpago durante la serata di domenica 19 luglio. L\u2019evento, organizzato dalla Biblioteca Comunale, ha portato in piazza Cesare Battisti alcuni tra i pi\u00f9 significativi brani del repertorio della musica dei mitici anni 60. Piazza gremita di gente, alle ore [&hellip;]<\/p>\n","protected":false},"author":2,"featured_media":0,"comment_status":"closed","ping_status":"open","sticky":false,"template":"","format":"standard","meta":{"footnotes":""},"categories":[3,26],"tags":[],"class_list":["post-6185","post","type-post","status-publish","format-standard","category-arte-cultura-spettacoli-scienza-archivi","category-prima-pagina"],"yoast_head":"<!-- This site is optimized with the Yoast SEO plugin v28.4 - https:\/\/yoast.com\/product\/yoast-seo-wordpress\/ -->\n<title>Successo del concerto Peace and love di domenica a Farra d&#039;Alpago - Bellunopress - Dolomiti<\/title>\n<meta name=\"robots\" content=\"index, follow, max-snippet:-1, max-image-preview:large, max-video-preview:-1\" \/>\n<link rel=\"canonical\" href=\"https:\/\/www.bellunopress.it\/fr\/2009\/07\/21\/successo-del-concerto-peace-and-love-di-domenica-a-farra-dalpago\/\" \/>\n<meta property=\"og:locale\" content=\"fr_FR\" \/>\n<meta property=\"og:type\" content=\"article\" \/>\n<meta property=\"og:title\" content=\"Successo del concerto Peace and love di domenica a Farra d&#039;Alpago - Bellunopress - Dolomiti\" \/>\n<meta property=\"og:description\" content=\"Esito pi\u00f9 che positivo per il concerto Peace and Love,\u00a0 che si \u00e8 tenuto a Farra d\u2019Alpago durante la serata di domenica 19 luglio. L\u2019evento, organizzato dalla Biblioteca Comunale, ha portato in piazza Cesare Battisti alcuni tra i pi\u00f9 significativi brani del repertorio della musica dei mitici anni 60. Piazza gremita di gente, alle ore [&hellip;]\" \/>\n<meta property=\"og:url\" content=\"https:\/\/www.bellunopress.it\/fr\/2009\/07\/21\/successo-del-concerto-peace-and-love-di-domenica-a-farra-dalpago\/\" \/>\n<meta property=\"og:site_name\" content=\"Bellunopress - Dolomiti\" \/>\n<meta property=\"article:publisher\" content=\"https:\/\/www.facebook.com\/profile.php?id=100008943462799\" \/>\n<meta property=\"article:published_time\" content=\"2009-07-21T13:54:34+00:00\" \/>\n<meta property=\"og:image\" content=\"http:\/\/www.bellunopress.it\/wp-content\/uploads\/2012\/07\/logo-bellunopress-250x250-2012.jpg\" \/>\n<meta name=\"author\" content=\"redazione\" \/>\n<meta name=\"twitter:card\" content=\"summary_large_image\" \/>\n<meta name=\"twitter:creator\" content=\"@bellunopress\" \/>\n<meta name=\"twitter:site\" content=\"@bellunopress\" \/>\n<meta name=\"twitter:label1\" content=\"\u00c9crit par\" \/>\n\t<meta name=\"twitter:data1\" content=\"redazione\" \/>\n\t<meta name=\"twitter:label2\" content=\"Dur\u00e9e de lecture estim\u00e9e\" \/>\n\t<meta name=\"twitter:data2\" content=\"2 minutes\" \/>\n<script type=\"application\/ld+json\" class=\"yoast-schema-graph\">{\"@context\":\"https:\\\/\\\/schema.org\",\"@graph\":[{\"@type\":\"Article\",\"@id\":\"https:\\\/\\\/www.bellunopress.it\\\/2009\\\/07\\\/21\\\/successo-del-concerto-peace-and-love-di-domenica-a-farra-dalpago\\\/#article\",\"isPartOf\":{\"@id\":\"https:\\\/\\\/www.bellunopress.it\\\/2009\\\/07\\\/21\\\/successo-del-concerto-peace-and-love-di-domenica-a-farra-dalpago\\\/\"},\"author\":{\"name\":\"redazione\",\"@id\":\"https:\\\/\\\/www.bellunopress.it\\\/#\\\/schema\\\/person\\\/79bb06722b37ece1c03d3e94beb30d73\"},\"headline\":\"Successo del concerto Peace and love di domenica a Farra d&#8217;Alpago\",\"datePublished\":\"2009-07-21T13:54:34+00:00\",\"mainEntityOfPage\":{\"@id\":\"https:\\\/\\\/www.bellunopress.it\\\/2009\\\/07\\\/21\\\/successo-del-concerto-peace-and-love-di-domenica-a-farra-dalpago\\\/\"},\"wordCount\":365,\"publisher\":{\"@id\":\"https:\\\/\\\/www.bellunopress.it\\\/#organization\"},\"articleSection\":[\"Arte, Cultura, Spettacoli, Scienza\",\"Prima Pagina\"],\"inLanguage\":\"fr-FR\"},{\"@type\":\"WebPage\",\"@id\":\"https:\\\/\\\/www.bellunopress.it\\\/2009\\\/07\\\/21\\\/successo-del-concerto-peace-and-love-di-domenica-a-farra-dalpago\\\/\",\"url\":\"https:\\\/\\\/www.bellunopress.it\\\/2009\\\/07\\\/21\\\/successo-del-concerto-peace-and-love-di-domenica-a-farra-dalpago\\\/\",\"name\":\"Successo del concerto Peace and love di domenica a Farra d'Alpago - Bellunopress - Dolomiti\",\"isPartOf\":{\"@id\":\"https:\\\/\\\/www.bellunopress.it\\\/#website\"},\"datePublished\":\"2009-07-21T13:54:34+00:00\",\"breadcrumb\":{\"@id\":\"https:\\\/\\\/www.bellunopress.it\\\/2009\\\/07\\\/21\\\/successo-del-concerto-peace-and-love-di-domenica-a-farra-dalpago\\\/#breadcrumb\"},\"inLanguage\":\"fr-FR\",\"potentialAction\":[{\"@type\":\"ReadAction\",\"target\":[\"https:\\\/\\\/www.bellunopress.it\\\/2009\\\/07\\\/21\\\/successo-del-concerto-peace-and-love-di-domenica-a-farra-dalpago\\\/\"]}]},{\"@type\":\"BreadcrumbList\",\"@id\":\"https:\\\/\\\/www.bellunopress.it\\\/2009\\\/07\\\/21\\\/successo-del-concerto-peace-and-love-di-domenica-a-farra-dalpago\\\/#breadcrumb\",\"itemListElement\":[{\"@type\":\"ListItem\",\"position\":1,\"name\":\"Home\",\"item\":\"https:\\\/\\\/www.bellunopress.it\\\/\"},{\"@type\":\"ListItem\",\"position\":2,\"name\":\"Successo del concerto Peace and love di domenica a Farra d&#8217;Alpago\"}]},{\"@type\":\"WebSite\",\"@id\":\"https:\\\/\\\/www.bellunopress.it\\\/#website\",\"url\":\"https:\\\/\\\/www.bellunopress.it\\\/\",\"name\":\"Bellunopress - Dolomiti\",\"description\":\"e-mail: redazione@bellunopress.it\",\"publisher\":{\"@id\":\"https:\\\/\\\/www.bellunopress.it\\\/#organization\"},\"potentialAction\":[{\"@type\":\"SearchAction\",\"target\":{\"@type\":\"EntryPoint\",\"urlTemplate\":\"https:\\\/\\\/www.bellunopress.it\\\/?s={search_term_string}\"},\"query-input\":{\"@type\":\"PropertyValueSpecification\",\"valueRequired\":true,\"valueName\":\"search_term_string\"}}],\"inLanguage\":\"fr-FR\"},{\"@type\":\"Organization\",\"@id\":\"https:\\\/\\\/www.bellunopress.it\\\/#organization\",\"name\":\"Bellunopress\",\"url\":\"https:\\\/\\\/www.bellunopress.it\\\/\",\"logo\":{\"@type\":\"ImageObject\",\"inLanguage\":\"fr-FR\",\"@id\":\"https:\\\/\\\/www.bellunopress.it\\\/#\\\/schema\\\/logo\\\/image\\\/\",\"url\":\"https:\\\/\\\/www.bellunopress.it\\\/wp-content\\\/uploads\\\/2011\\\/05\\\/cropped-logo-bellunopress-.jpg\",\"contentUrl\":\"https:\\\/\\\/www.bellunopress.it\\\/wp-content\\\/uploads\\\/2011\\\/05\\\/cropped-logo-bellunopress-.jpg\",\"width\":512,\"height\":512,\"caption\":\"Bellunopress\"},\"image\":{\"@id\":\"https:\\\/\\\/www.bellunopress.it\\\/#\\\/schema\\\/logo\\\/image\\\/\"},\"sameAs\":[\"https:\\\/\\\/www.facebook.com\\\/profile.php?id=100008943462799\",\"https:\\\/\\\/x.com\\\/bellunopress\",\"https:\\\/\\\/www.linkedin.com\\\/hp\\\/?dnr=JBzUWaJfMUw8vbXJJ2tVW5-I3jZKvC4wsoxE&amp;amp;amp;amp;amp;amp;trk=nav_responsive_tab_home\",\"https:\\\/\\\/www.youtube.com\\\/channel\\\/UCxL0wu1uN0_3_7hGG0306cw\"]},{\"@type\":\"Person\",\"@id\":\"https:\\\/\\\/www.bellunopress.it\\\/#\\\/schema\\\/person\\\/79bb06722b37ece1c03d3e94beb30d73\",\"name\":\"redazione\",\"image\":{\"@type\":\"ImageObject\",\"inLanguage\":\"fr-FR\",\"@id\":\"https:\\\/\\\/secure.gravatar.com\\\/avatar\\\/37d968a2e67a6fd04c169c4bdef102d0bc5d31b2546345219e348575eb80e9a0?s=96&d=mm&r=g\",\"url\":\"https:\\\/\\\/secure.gravatar.com\\\/avatar\\\/37d968a2e67a6fd04c169c4bdef102d0bc5d31b2546345219e348575eb80e9a0?s=96&d=mm&r=g\",\"contentUrl\":\"https:\\\/\\\/secure.gravatar.com\\\/avatar\\\/37d968a2e67a6fd04c169c4bdef102d0bc5d31b2546345219e348575eb80e9a0?s=96&d=mm&r=g\",\"caption\":\"redazione\"},\"sameAs\":[\"http:\\\/\\\/www.bellunopress.it\",\"https:\\\/\\\/x.com\\\/bellunopress\"],\"url\":\"https:\\\/\\\/www.bellunopress.it\\\/fr\\\/author\\\/redazione\\\/\"}]}<\/script>\n<!-- \/ Yoast SEO plugin. -->","yoast_head_json":{"title":"Successo del concerto Peace and love di domenica a Farra d'Alpago - Bellunopress - Dolomiti","robots":{"index":"index","follow":"follow","max-snippet":"max-snippet:-1","max-image-preview":"max-image-preview:large","max-video-preview":"max-video-preview:-1"},"canonical":"https:\/\/www.bellunopress.it\/fr\/2009\/07\/21\/successo-del-concerto-peace-and-love-di-domenica-a-farra-dalpago\/","og_locale":"fr_FR","og_type":"article","og_title":"Successo del concerto Peace and love di domenica a Farra d'Alpago - Bellunopress - Dolomiti","og_description":"Esito pi\u00f9 che positivo per il concerto Peace and Love,\u00a0 che si \u00e8 tenuto a Farra d\u2019Alpago durante la serata di domenica 19 luglio. L\u2019evento, organizzato dalla Biblioteca Comunale, ha portato in piazza Cesare Battisti alcuni tra i pi\u00f9 significativi brani del repertorio della musica dei mitici anni 60. Piazza gremita di gente, alle ore [&hellip;]","og_url":"https:\/\/www.bellunopress.it\/fr\/2009\/07\/21\/successo-del-concerto-peace-and-love-di-domenica-a-farra-dalpago\/","og_site_name":"Bellunopress - Dolomiti","article_publisher":"https:\/\/www.facebook.com\/profile.php?id=100008943462799","article_published_time":"2009-07-21T13:54:34+00:00","og_image":[{"url":"http:\/\/www.bellunopress.it\/wp-content\/uploads\/2012\/07\/logo-bellunopress-250x250-2012.jpg","type":"","width":"","height":""}],"author":"redazione","twitter_card":"summary_large_image","twitter_creator":"@bellunopress","twitter_site":"@bellunopress","twitter_misc":{"\u00c9crit par":"redazione","Dur\u00e9e de lecture estim\u00e9e":"2 minutes"},"schema":{"@context":"https:\/\/schema.org","@graph":[{"@type":"Article","@id":"https:\/\/www.bellunopress.it\/2009\/07\/21\/successo-del-concerto-peace-and-love-di-domenica-a-farra-dalpago\/#article","isPartOf":{"@id":"https:\/\/www.bellunopress.it\/2009\/07\/21\/successo-del-concerto-peace-and-love-di-domenica-a-farra-dalpago\/"},"author":{"name":"redazione","@id":"https:\/\/www.bellunopress.it\/#\/schema\/person\/79bb06722b37ece1c03d3e94beb30d73"},"headline":"Successo del concerto Peace and love di domenica a Farra d&#8217;Alpago","datePublished":"2009-07-21T13:54:34+00:00","mainEntityOfPage":{"@id":"https:\/\/www.bellunopress.it\/2009\/07\/21\/successo-del-concerto-peace-and-love-di-domenica-a-farra-dalpago\/"},"wordCount":365,"publisher":{"@id":"https:\/\/www.bellunopress.it\/#organization"},"articleSection":["Arte, Cultura, Spettacoli, Scienza","Prima Pagina"],"inLanguage":"fr-FR"},{"@type":"WebPage","@id":"https:\/\/www.bellunopress.it\/2009\/07\/21\/successo-del-concerto-peace-and-love-di-domenica-a-farra-dalpago\/","url":"https:\/\/www.bellunopress.it\/2009\/07\/21\/successo-del-concerto-peace-and-love-di-domenica-a-farra-dalpago\/","name":"Successo del concerto Peace and love di domenica a Farra d'Alpago - Bellunopress - Dolomiti","isPartOf":{"@id":"https:\/\/www.bellunopress.it\/#website"},"datePublished":"2009-07-21T13:54:34+00:00","breadcrumb":{"@id":"https:\/\/www.bellunopress.it\/2009\/07\/21\/successo-del-concerto-peace-and-love-di-domenica-a-farra-dalpago\/#breadcrumb"},"inLanguage":"fr-FR","potentialAction":[{"@type":"ReadAction","target":["https:\/\/www.bellunopress.it\/2009\/07\/21\/successo-del-concerto-peace-and-love-di-domenica-a-farra-dalpago\/"]}]},{"@type":"BreadcrumbList","@id":"https:\/\/www.bellunopress.it\/2009\/07\/21\/successo-del-concerto-peace-and-love-di-domenica-a-farra-dalpago\/#breadcrumb","itemListElement":[{"@type":"ListItem","position":1,"name":"Home","item":"https:\/\/www.bellunopress.it\/"},{"@type":"ListItem","position":2,"name":"Successo del concerto Peace and love di domenica a Farra d&#8217;Alpago"}]},{"@type":"WebSite","@id":"https:\/\/www.bellunopress.it\/#website","url":"https:\/\/www.bellunopress.it\/","name":"Bellunopress - Dolomiti","description":"e-mail: redazione@bellunopress.it","publisher":{"@id":"https:\/\/www.bellunopress.it\/#organization"},"potentialAction":[{"@type":"SearchAction","target":{"@type":"EntryPoint","urlTemplate":"https:\/\/www.bellunopress.it\/?s={search_term_string}"},"query-input":{"@type":"PropertyValueSpecification","valueRequired":true,"valueName":"search_term_string"}}],"inLanguage":"fr-FR"},{"@type":"Organization","@id":"https:\/\/www.bellunopress.it\/#organization","name":"Bellunopress","url":"https:\/\/www.bellunopress.it\/","logo":{"@type":"ImageObject","inLanguage":"fr-FR","@id":"https:\/\/www.bellunopress.it\/#\/schema\/logo\/image\/","url":"https:\/\/www.bellunopress.it\/wp-content\/uploads\/2011\/05\/cropped-logo-bellunopress-.jpg","contentUrl":"https:\/\/www.bellunopress.it\/wp-content\/uploads\/2011\/05\/cropped-logo-bellunopress-.jpg","width":512,"height":512,"caption":"Bellunopress"},"image":{"@id":"https:\/\/www.bellunopress.it\/#\/schema\/logo\/image\/"},"sameAs":["https:\/\/www.facebook.com\/profile.php?id=100008943462799","https:\/\/x.com\/bellunopress","https:\/\/www.linkedin.com\/hp\/?dnr=JBzUWaJfMUw8vbXJJ2tVW5-I3jZKvC4wsoxE&amp;amp;amp;amp;amp;amp;trk=nav_responsive_tab_home","https:\/\/www.youtube.com\/channel\/UCxL0wu1uN0_3_7hGG0306cw"]},{"@type":"Person","@id":"https:\/\/www.bellunopress.it\/#\/schema\/person\/79bb06722b37ece1c03d3e94beb30d73","name":"r\u00e9daction","image":{"@type":"ImageObject","inLanguage":"fr-FR","@id":"https:\/\/secure.gravatar.com\/avatar\/37d968a2e67a6fd04c169c4bdef102d0bc5d31b2546345219e348575eb80e9a0?s=96&d=mm&r=g","url":"https:\/\/secure.gravatar.com\/avatar\/37d968a2e67a6fd04c169c4bdef102d0bc5d31b2546345219e348575eb80e9a0?s=96&d=mm&r=g","contentUrl":"https:\/\/secure.gravatar.com\/avatar\/37d968a2e67a6fd04c169c4bdef102d0bc5d31b2546345219e348575eb80e9a0?s=96&d=mm&r=g","caption":"redazione"},"sameAs":["http:\/\/www.bellunopress.it","https:\/\/x.com\/bellunopress"],"url":"https:\/\/www.bellunopress.it\/fr\/author\/redazione\/"}]}},"_links":{"self":[{"href":"https:\/\/www.bellunopress.it\/fr\/wp-json\/wp\/v2\/posts\/6185","targetHints":{"allow":["GET"]}}],"collection":[{"href":"https:\/\/www.bellunopress.it\/fr\/wp-json\/wp\/v2\/posts"}],"about":[{"href":"https:\/\/www.bellunopress.it\/fr\/wp-json\/wp\/v2\/types\/post"}],"author":[{"embeddable":true,"href":"https:\/\/www.bellunopress.it\/fr\/wp-json\/wp\/v2\/users\/2"}],"replies":[{"embeddable":true,"href":"https:\/\/www.bellunopress.it\/fr\/wp-json\/wp\/v2\/comments?post=6185"}],"version-history":[{"count":1,"href":"https:\/\/www.bellunopress.it\/fr\/wp-json\/wp\/v2\/posts\/6185\/revisions"}],"predecessor-version":[{"id":6187,"href":"https:\/\/www.bellunopress.it\/fr\/wp-json\/wp\/v2\/posts\/6185\/revisions\/6187"}],"wp:attachment":[{"href":"https:\/\/www.bellunopress.it\/fr\/wp-json\/wp\/v2\/media?parent=6185"}],"wp:term":[{"taxonomy":"category","embeddable":true,"href":"https:\/\/www.bellunopress.it\/fr\/wp-json\/wp\/v2\/categories?post=6185"},{"taxonomy":"post_tag","embeddable":true,"href":"https:\/\/www.bellunopress.it\/fr\/wp-json\/wp\/v2\/tags?post=6185"}],"curies":[{"name":"wp","href":"https:\/\/api.w.org\/{rel}","templated":true}]}}